{"id":3109,"date":"2020-06-09T10:25:55","date_gmt":"2020-06-09T08:25:55","guid":{"rendered":"https:\/\/www.umweltperspektiven.ch\/?p=3109"},"modified":"2020-06-09T10:25:55","modified_gmt":"2020-06-09T08:25:55","slug":"coronakrise-rueckt-un-entwicklungsziele-in-weite-ferne","status":"publish","type":"post","link":"https:\/\/www.organisator.ch\/fr\/allgemein\/2020-06-09\/coronakrise-rueckt-un-entwicklungsziele-in-weite-ferne\/","title":{"rendered":"La crise de la Corona \u00e9loigne les objectifs de d\u00e9veloppement de l'ONU"},"content":{"rendered":"<figure id=\"attachment_3110\" aria-describedby=\"caption-attachment-3110\" style=\"width: 680px\" class=\"wp-caption alignnone\"><img loading=\"lazy\" decoding=\"async\" class=\"size-medium wp-image-3110\" src=\"\/\/www.umweltperspektiven.ch\/wp-content\/uploads\/2020\/06\/UN-Entwicklungsziele_UP_Umwelt-Perspektiven.jpg\" alt=\"\" width=\"680\" height=\"458\" \/><figcaption id=\"caption-attachment-3110\" class=\"wp-caption-text\">Lorsque des familles nombreuses vivent ensemble dans un espace restreint, sont confront\u00e9es au ch\u00f4mage et \u00e0 la peur de l'existence, les femmes et les enfants en souffrent tout particuli\u00e8rement. (Image : Unsplash)<\/figcaption><\/figure>\n<p>\"Sans mesures imm\u00e9diates pour att\u00e9nuer la crise de Corona pour les familles et les enfants, nous n'atteindrons pas les objectifs de d\u00e9veloppement de l'ONU d'ici 2030\", d\u00e9clare Erika Dittli, directrice de programme chez SOS Villages d'Enfants Suisse. \"Les familles qui ont tout juste r\u00e9ussi \u00e0 briser le cercle vicieux de la pauvret\u00e9 et du manque d'\u00e9ducation risquent de subir un revers cuisant\".<\/p>\n<p>Dittli part du principe que la pauvret\u00e9 et la faim augmenteront drastiquement suite \u00e0 la crise de la Corona. La violence \u00e0 l'encontre des enfants ne cesse \u00e9galement d'augmenter dans la r\u00e9gion de la Corogne, tandis que les possibilit\u00e9s d'acc\u00e8s \u00e0 l'\u00e9ducation et aux soins m\u00e9dicaux continuent de diminuer. Une \u00e9valuation momentan\u00e9e des objectifs de d\u00e9veloppement de l'ONU :<\/p>\n<p><strong>Pauvret\u00e9<\/strong><br \/>\nDepuis 1990, le nombre de personnes vivant dans l'extr\u00eame pauvret\u00e9 \u00e9tait pass\u00e9 de 36 \u00e0 10 pour cent. \"En raison de la crise \u00e9conomique mondiale, des millions de familles perdent actuellement leur seul revenu et ne peuvent plus s'occuper correctement de leurs enfants\", souligne Erika Dittli. Selon les estimations de l''Universit\u00e9 des Nations Unies', le nombre de personnes en situation d'extr\u00eame pauvret\u00e9 augmentera - en fonction du d\u00e9veloppement \u00e9conomique - de 80 \u00e0 420 millions. Cette ann\u00e9e encore, la barre du milliard pourrait ainsi \u00eatre franchie - pour la premi\u00e8re fois depuis 2010.<\/p>\n<p><strong>Faim<\/strong><br \/>\nM\u00eame avant la Corona, le nombre de personnes souffrant de la faim avait de nouveau augment\u00e9 pendant trois ann\u00e9es cons\u00e9cutives. \"Cette tendance est encore aliment\u00e9e par la crise de la Corona. Car celui qui perd son emploi aujourd'hui \u00e0 cause de la crise de la Corona souffrira de la faim d\u00e8s demain dans de nombreux pays\", explique Dittli. De plus, de nombreux pays sont d\u00e9j\u00e0 fortement touch\u00e9s par le changement climatique, les guerres ou d'autres catastrophes, comme par exemple l'invasion de criquets en Afrique du Nord. Le Programme alimentaire mondial des Nations unies (PAM) craint que dix millions d'enfants suppl\u00e9mentaires ne soient touch\u00e9s par la malnutrition, soit une augmentation de 20 pour cent. Si les jeunes enfants ne mangent pas assez, cela entra\u00eene souvent des dommages irr\u00e9versibles, voire la mort, en peu de temps.<\/p>\n<p><strong>\u00c9ducation<\/strong><br \/>\nLes mesures Corona prises dans le monde entier ont eu pour cons\u00e9quence que, par moments, plus de 90 pour cent de tous les \u00e9l\u00e8ves ont d\u00fb rester \u00e0 la maison. \"Au lieu d'\u00e9tudier \u00e0 la maison, beaucoup de ces enfants doivent retourner travailler dans les champs ou dans l'entreprise familiale\", explique Dittli. Plus cette situation se prolonge, plus il est probable qu'un enfant ne reprenne jamais ses \u00e9tudes. Avant la crise, neuf pour cent des enfants dans le monde n'allaient pas \u00e0 l'\u00e9cole. \"Nous craignons que ce chiffre n'augmente \u00e0 nouveau. Les filles sont particuli\u00e8rement menac\u00e9es, car elles sont g\u00e9n\u00e9ralement les premi\u00e8res touch\u00e9es lorsque leur famille n'a plus les moyens de les scolariser\", explique Dittli.<\/p>\n<p><strong>Mortalit\u00e9 infantile<\/strong><br \/>\n\"Lorsque les parents n'ont plus d'argent pour acheter des m\u00e9dicaments et des produits d'hygi\u00e8ne et que, parall\u00e8lement, les syst\u00e8mes de sant\u00e9 sont surcharg\u00e9s, une augmentation de la mortalit\u00e9 infantile est pr\u00e9visible\", explique Dittli. Si le nombre de d\u00e9c\u00e8s annuels chez les enfants de moins de cinq ans a pu \u00eatre r\u00e9duit de plus de moiti\u00e9 depuis 1990, passant de 12,7 millions \u00e0 environ 5,3 millions, les pr\u00e9visions actuelles des Nations unies indiquent qu'il pourrait \u00e0 nouveau augmenter. Avant la crise de la Corona, 15.000 enfants de moins de cinq ans mouraient en moyenne chaque jour dans le monde. D\u00e9sormais, ce chiffre pourrait augmenter d'environ 6.000 par jour. \"Ces d\u00e9c\u00e8s seront en grande partie dus \u00e0 des maladies \u00e9vitables comme la diarrh\u00e9e. C'est inimaginable dans notre pays\", explique Dittli.<\/p>\n<p><strong>Violence, abus, exploitation<\/strong><br \/>\nL'objectif d\u00e9clar\u00e9 des Nations Unies de prot\u00e9ger tous les enfants de la violence, des abus et de l'exploitation d'ici 2030 ne pourra pas non plus \u00eatre atteint, selon les craintes de SOS Villages d'Enfants - au contraire : \"L\u00e0 o\u00f9 les familles nombreuses vivent ensemble dans un espace restreint, sont confront\u00e9es au ch\u00f4mage et \u00e0 la peur de l'existence, nous observons depuis le d\u00e9but de la crise une augmentation de la violence domestique\", rapporte Erika Dittli. Le travail abusif des enfants ou les mariages forc\u00e9s seraient \u00e9galement en augmentation. \"Devant le choix de laisser leur fille mourir de faim ou de la marier, de nombreux parents optent pour la seconde solution\", explique Dittli.<\/p>\n<p>La conclusion de la directrice du programme SOS : \"Si nous voulons, en tant qu'humanit\u00e9, faire un pas en avant d'ici 2030 et nous remettre durablement de cette crise, nous devons investir dans la prochaine g\u00e9n\u00e9ration - dans l'\u00e9ducation et le soutien aux familles. Car ce sont les enfants d'aujourd'hui qui d\u00e9cideront \u00e0 quel point notre avenir sera durable et r\u00e9sistant \u00e0 la crise\".<\/p>\n<p><a href=\"\/\/www.sos-kinderdorf.ch\">www.sos-kinderdorf.ch<\/a><\/p>\n<p>&nbsp;<\/p>","protected":false},"excerpt":{"rendered":"<p>\u201eOhne umgehende Massnahmen zur Abfederung der Coronakrise f\u00fcr Familien und Kinder werden wir die UN-Entwicklungsziele bis 2030 nicht erreichen\u201c, sagt Erika Dittli, Programmleiterin bei SOS-Kinderdorf Schweiz. \u201eFamilien, die es erst gerade geschafft haben den Teufelskreis von Armut und mangelnder Bildung zu durchbrechen, droht ein herber R\u00fcckschlag.\u201c Dittli geht davon aus, dass Armut und Hunger im [&hellip;]<\/p>\n","protected":false},"author":5,"featured_media":3110,"comment_status":"closed","ping_status":"closed","sticky":false,"template":"","format":"standard","meta":{"_acf_changed":false,"_yoast_wpseo_focuskw":"UN-Entwicklungsziele","_yoast_wpseo_metadesc":"UN-Entwicklungsziele im Abseits: Mehr Armut und Gewalt, weniger Bildung und medizinische Versorgung \u2013 ebenso die Coronapandemie schaden den UN Zielen.","articlekey":"","footnotes":""},"categories":[1],"tags":[726,814,131,1104,1380,1491,2401],"class_list":["post-3109","post","type-post","status-publish","format-standard","has-post-thumbnail","hentry","category-allgemein","tag-armut","tag-bildung","tag-corona-krise","tag-entwicklungsziele","tag-hunger","tag-kindersterblichkeit","tag-un-ziele"],"acf":[],"yoast_head":"<!-- This site is optimized with the Yoast SEO plugin v27.4 - https:\/\/yoast.com\/product\/yoast-seo-wordpress\/ -->\n<title>Coronakrise r\u00fcckt UN-Entwicklungsziele in weite Ferne - Organisator<\/title>\n<meta name=\"description\" content=\"UN-Entwicklungsziele im Abseits: Mehr Armut und Gewalt, weniger Bildung und medizinische Versorgung \u2013 ebenso die Coronapandemie schaden den UN Zielen.\" \/>\n<meta name=\"robots\" content=\"index, follow, max-snippet:-1, max-image-preview:large, max-video-preview:-1\" \/>\n<link rel=\"canonical\" href=\"https:\/\/www.organisator.ch\/fr\/general\/2020-06-09\/coronakrise-rueckt-un-entwicklungsziele-in-weite-ferne\/\" \/>\n<meta property=\"og:locale\" content=\"fr_FR\" \/>\n<meta property=\"og:type\" content=\"article\" \/>\n<meta property=\"og:title\" content=\"Coronakrise r\u00fcckt UN-Entwicklungsziele in weite Ferne - Organisator\" \/>\n<meta property=\"og:description\" content=\"UN-Entwicklungsziele im Abseits: Mehr Armut und Gewalt, weniger Bildung und medizinische Versorgung \u2013 ebenso die Coronapandemie schaden den UN Zielen.\" \/>\n<meta property=\"og:url\" content=\"https:\/\/www.organisator.ch\/fr\/general\/2020-06-09\/coronakrise-rueckt-un-entwicklungsziele-in-weite-ferne\/\" \/>\n<meta property=\"og:site_name\" content=\"Organisator\" \/>\n<meta property=\"article:publisher\" content=\"https:\/\/www.facebook.com\/OrganisatorFachmagazin\" \/>\n<meta property=\"article:published_time\" content=\"2020-06-09T08:25:55+00:00\" \/>\n<meta property=\"og:image\" content=\"https:\/\/www.organisator.ch\/wp-content\/uploads\/2020\/06\/UN-Entwicklungsziele_UP_Umwelt-Perspektiven-scaled.jpg\" \/>\n\t<meta property=\"og:image:width\" content=\"2560\" \/>\n\t<meta property=\"og:image:height\" content=\"1726\" \/>\n\t<meta property=\"og:image:type\" content=\"image\/jpeg\" \/>\n<meta name=\"author\" content=\"michael.merz\" \/>\n<meta name=\"twitter:card\" content=\"summary_large_image\" \/>\n<script type=\"application\/ld+json\" class=\"yoast-schema-graph\">{\"@context\":\"https:\\\/\\\/schema.org\",\"@graph\":[{\"@type\":\"Article\",\"@id\":\"https:\\\/\\\/www.organisator.ch\\\/it\\\/generale\\\/2020-06-09\\\/coronakrise-rueckt-un-entwicklungsziele-in-weite-ferne\\\/#article\",\"isPartOf\":{\"@id\":\"https:\\\/\\\/www.organisator.ch\\\/it\\\/generale\\\/2020-06-09\\\/coronakrise-rueckt-un-entwicklungsziele-in-weite-ferne\\\/\"},\"author\":{\"name\":\"michael.merz\",\"@id\":\"https:\\\/\\\/www.organisator.ch\\\/#\\\/schema\\\/person\\\/134708ca9321c57b0362cceb7948ffbd\"},\"headline\":\"Coronakrise r\u00fcckt UN-Entwicklungsziele in weite Ferne\",\"datePublished\":\"2020-06-09T08:25:55+00:00\",\"mainEntityOfPage\":{\"@id\":\"https:\\\/\\\/www.organisator.ch\\\/it\\\/generale\\\/2020-06-09\\\/coronakrise-rueckt-un-entwicklungsziele-in-weite-ferne\\\/\"},\"wordCount\":683,\"publisher\":{\"@id\":\"https:\\\/\\\/www.organisator.ch\\\/#organization\"},\"image\":{\"@id\":\"https:\\\/\\\/www.organisator.ch\\\/it\\\/generale\\\/2020-06-09\\\/coronakrise-rueckt-un-entwicklungsziele-in-weite-ferne\\\/#primaryimage\"},\"thumbnailUrl\":\"https:\\\/\\\/www.organisator.ch\\\/wp-content\\\/uploads\\\/2020\\\/06\\\/UN-Entwicklungsziele_UP_Umwelt-Perspektiven-scaled.jpg\",\"keywords\":[\"Armut\",\"Bildung\",\"Corona-Krise\",\"Entwicklungsziele\",\"Hunger\",\"Kindersterblichkeit\",\"UN-Ziele\"],\"articleSection\":[\"Allgemein\"],\"inLanguage\":\"fr-FR\"},{\"@type\":\"WebPage\",\"@id\":\"https:\\\/\\\/www.organisator.ch\\\/it\\\/generale\\\/2020-06-09\\\/coronakrise-rueckt-un-entwicklungsziele-in-weite-ferne\\\/\",\"url\":\"https:\\\/\\\/www.organisator.ch\\\/it\\\/generale\\\/2020-06-09\\\/coronakrise-rueckt-un-entwicklungsziele-in-weite-ferne\\\/\",\"name\":\"Coronakrise r\u00fcckt UN-Entwicklungsziele in weite Ferne - Organisator\",\"isPartOf\":{\"@id\":\"https:\\\/\\\/www.organisator.ch\\\/#website\"},\"primaryImageOfPage\":{\"@id\":\"https:\\\/\\\/www.organisator.ch\\\/it\\\/generale\\\/2020-06-09\\\/coronakrise-rueckt-un-entwicklungsziele-in-weite-ferne\\\/#primaryimage\"},\"image\":{\"@id\":\"https:\\\/\\\/www.organisator.ch\\\/it\\\/generale\\\/2020-06-09\\\/coronakrise-rueckt-un-entwicklungsziele-in-weite-ferne\\\/#primaryimage\"},\"thumbnailUrl\":\"https:\\\/\\\/www.organisator.ch\\\/wp-content\\\/uploads\\\/2020\\\/06\\\/UN-Entwicklungsziele_UP_Umwelt-Perspektiven-scaled.jpg\",\"datePublished\":\"2020-06-09T08:25:55+00:00\",\"description\":\"UN-Entwicklungsziele im Abseits: Mehr Armut und Gewalt, weniger Bildung und medizinische Versorgung \u2013 ebenso die Coronapandemie schaden den UN Zielen.\",\"breadcrumb\":{\"@id\":\"https:\\\/\\\/www.organisator.ch\\\/it\\\/generale\\\/2020-06-09\\\/coronakrise-rueckt-un-entwicklungsziele-in-weite-ferne\\\/#breadcrumb\"},\"inLanguage\":\"fr-FR\",\"potentialAction\":[{\"@type\":\"ReadAction\",\"target\":[\"https:\\\/\\\/www.organisator.ch\\\/it\\\/generale\\\/2020-06-09\\\/coronakrise-rueckt-un-entwicklungsziele-in-weite-ferne\\\/\"]}]},{\"@type\":\"ImageObject\",\"inLanguage\":\"fr-FR\",\"@id\":\"https:\\\/\\\/www.organisator.ch\\\/it\\\/generale\\\/2020-06-09\\\/coronakrise-rueckt-un-entwicklungsziele-in-weite-ferne\\\/#primaryimage\",\"url\":\"https:\\\/\\\/www.organisator.ch\\\/wp-content\\\/uploads\\\/2020\\\/06\\\/UN-Entwicklungsziele_UP_Umwelt-Perspektiven-scaled.jpg\",\"contentUrl\":\"https:\\\/\\\/www.organisator.ch\\\/wp-content\\\/uploads\\\/2020\\\/06\\\/UN-Entwicklungsziele_UP_Umwelt-Perspektiven-scaled.jpg\",\"width\":2560,\"height\":1726,\"caption\":\"Wo Grossfamilien, auf engstem Raum zusammen wohnen, mit Arbeitslosigkeit und Existenz\u00e4ngsten konfrontiert sind, leiden besonders auch Frauen und Kinder darunter. (Bild: Unsplash)\"},{\"@type\":\"BreadcrumbList\",\"@id\":\"https:\\\/\\\/www.organisator.ch\\\/it\\\/generale\\\/2020-06-09\\\/coronakrise-rueckt-un-entwicklungsziele-in-weite-ferne\\\/#breadcrumb\",\"itemListElement\":[{\"@type\":\"ListItem\",\"position\":1,\"name\":\"Home\",\"item\":\"https:\\\/\\\/www.organisator.ch\\\/\"},{\"@type\":\"ListItem\",\"position\":2,\"name\":\"Coronakrise r\u00fcckt UN-Entwicklungsziele in weite Ferne\"}]},{\"@type\":\"WebSite\",\"@id\":\"https:\\\/\\\/www.organisator.ch\\\/#website\",\"url\":\"https:\\\/\\\/www.organisator.ch\\\/\",\"name\":\"Organisator\",\"description\":\"Kompetent. Praxisnah. Der ORGANISATOR bereitet in 10 Ausgaben pro Jahr die wesentlichen Themen f\u00fcr F\u00fchrungskr\u00e4fte von KMU auf.\",\"publisher\":{\"@id\":\"https:\\\/\\\/www.organisator.ch\\\/#organization\"},\"potentialAction\":[{\"@type\":\"SearchAction\",\"target\":{\"@type\":\"EntryPoint\",\"urlTemplate\":\"https:\\\/\\\/www.organisator.ch\\\/?s={search_term_string}\"},\"query-input\":{\"@type\":\"PropertyValueSpecification\",\"valueRequired\":true,\"valueName\":\"search_term_string\"}}],\"inLanguage\":\"fr-FR\"},{\"@type\":\"Organization\",\"@id\":\"https:\\\/\\\/www.organisator.ch\\\/#organization\",\"name\":\"Organisator\",\"url\":\"https:\\\/\\\/www.organisator.ch\\\/\",\"logo\":{\"@type\":\"ImageObject\",\"inLanguage\":\"fr-FR\",\"@id\":\"https:\\\/\\\/www.organisator.ch\\\/#\\\/schema\\\/logo\\\/image\\\/\",\"url\":\"https:\\\/\\\/www.organisator.ch\\\/wp-content\\\/uploads\\\/2022\\\/01\\\/Logo_Organisator_Website.png\",\"contentUrl\":\"https:\\\/\\\/www.organisator.ch\\\/wp-content\\\/uploads\\\/2022\\\/01\\\/Logo_Organisator_Website.png\",\"width\":800,\"height\":77,\"caption\":\"Organisator\"},\"image\":{\"@id\":\"https:\\\/\\\/www.organisator.ch\\\/#\\\/schema\\\/logo\\\/image\\\/\"},\"sameAs\":[\"https:\\\/\\\/www.facebook.com\\\/OrganisatorFachmagazin\",\"https:\\\/\\\/www.linkedin.com\\\/showcase\\\/organisator-das-magazin-fr-kmu\",\"https:\\\/\\\/www.xing.com\\\/news\\\/pages\\\/organisator-ch-695\",\"https:\\\/\\\/www.youtube.com\\\/channel\\\/UCGP2Sq0iWaZwT3BdIAQFYpw\"]},{\"@type\":\"Person\",\"@id\":\"https:\\\/\\\/www.organisator.ch\\\/#\\\/schema\\\/person\\\/134708ca9321c57b0362cceb7948ffbd\",\"name\":\"michael.merz\",\"image\":{\"@type\":\"ImageObject\",\"inLanguage\":\"fr-FR\",\"@id\":\"https:\\\/\\\/secure.gravatar.com\\\/avatar\\\/?s=96&d=mm&r=g\",\"url\":\"https:\\\/\\\/secure.gravatar.com\\\/avatar\\\/?s=96&d=mm&r=g\",\"contentUrl\":\"https:\\\/\\\/secure.gravatar.com\\\/avatar\\\/?s=96&d=mm&r=g\",\"caption\":\"michael.merz\"},\"url\":\"https:\\\/\\\/www.organisator.ch\\\/fr\\\/author\\\/michael-merz\\\/\"}]}<\/script>\n<!-- \/ Yoast SEO plugin. -->","yoast_head_json":{"title":"La crise de la Corona \u00e9loigne les objectifs de d\u00e9veloppement de l'ONU - Organisateur","description":"Les objectifs de d\u00e9veloppement de l'ONU mis \u00e0 l'\u00e9cart : plus de pauvret\u00e9 et de violence, moins d'\u00e9ducation et de soins m\u00e9dicaux - tout comme la pand\u00e9mie de coronavirus - nuisent aux objectifs de l'ONU.","robots":{"index":"index","follow":"follow","max-snippet":"max-snippet:-1","max-image-preview":"max-image-preview:large","max-video-preview":"max-video-preview:-1"},"canonical":"https:\/\/www.organisator.ch\/fr\/general\/2020-06-09\/coronakrise-rueckt-un-entwicklungsziele-in-weite-ferne\/","og_locale":"fr_FR","og_type":"article","og_title":"Coronakrise r\u00fcckt UN-Entwicklungsziele in weite Ferne - Organisator","og_description":"UN-Entwicklungsziele im Abseits: Mehr Armut und Gewalt, weniger Bildung und medizinische Versorgung \u2013 ebenso die Coronapandemie schaden den UN Zielen.","og_url":"https:\/\/www.organisator.ch\/fr\/general\/2020-06-09\/coronakrise-rueckt-un-entwicklungsziele-in-weite-ferne\/","og_site_name":"Organisator","article_publisher":"https:\/\/www.facebook.com\/OrganisatorFachmagazin","article_published_time":"2020-06-09T08:25:55+00:00","og_image":[{"width":2560,"height":1726,"url":"https:\/\/www.organisator.ch\/wp-content\/uploads\/2020\/06\/UN-Entwicklungsziele_UP_Umwelt-Perspektiven-scaled.jpg","type":"image\/jpeg"}],"author":"michael.merz","twitter_card":"summary_large_image","schema":{"@context":"https:\/\/schema.org","@graph":[{"@type":"Article","@id":"https:\/\/www.organisator.ch\/it\/generale\/2020-06-09\/coronakrise-rueckt-un-entwicklungsziele-in-weite-ferne\/#article","isPartOf":{"@id":"https:\/\/www.organisator.ch\/it\/generale\/2020-06-09\/coronakrise-rueckt-un-entwicklungsziele-in-weite-ferne\/"},"author":{"name":"michael.merz","@id":"https:\/\/www.organisator.ch\/#\/schema\/person\/134708ca9321c57b0362cceb7948ffbd"},"headline":"Coronakrise r\u00fcckt UN-Entwicklungsziele in weite Ferne","datePublished":"2020-06-09T08:25:55+00:00","mainEntityOfPage":{"@id":"https:\/\/www.organisator.ch\/it\/generale\/2020-06-09\/coronakrise-rueckt-un-entwicklungsziele-in-weite-ferne\/"},"wordCount":683,"publisher":{"@id":"https:\/\/www.organisator.ch\/#organization"},"image":{"@id":"https:\/\/www.organisator.ch\/it\/generale\/2020-06-09\/coronakrise-rueckt-un-entwicklungsziele-in-weite-ferne\/#primaryimage"},"thumbnailUrl":"https:\/\/www.organisator.ch\/wp-content\/uploads\/2020\/06\/UN-Entwicklungsziele_UP_Umwelt-Perspektiven-scaled.jpg","keywords":["Armut","Bildung","Corona-Krise","Entwicklungsziele","Hunger","Kindersterblichkeit","UN-Ziele"],"articleSection":["Allgemein"],"inLanguage":"fr-FR"},{"@type":"WebPage","@id":"https:\/\/www.organisator.ch\/it\/generale\/2020-06-09\/coronakrise-rueckt-un-entwicklungsziele-in-weite-ferne\/","url":"https:\/\/www.organisator.ch\/it\/generale\/2020-06-09\/coronakrise-rueckt-un-entwicklungsziele-in-weite-ferne\/","name":"La crise de la Corona \u00e9loigne les objectifs de d\u00e9veloppement de l'ONU - Organisateur","isPartOf":{"@id":"https:\/\/www.organisator.ch\/#website"},"primaryImageOfPage":{"@id":"https:\/\/www.organisator.ch\/it\/generale\/2020-06-09\/coronakrise-rueckt-un-entwicklungsziele-in-weite-ferne\/#primaryimage"},"image":{"@id":"https:\/\/www.organisator.ch\/it\/generale\/2020-06-09\/coronakrise-rueckt-un-entwicklungsziele-in-weite-ferne\/#primaryimage"},"thumbnailUrl":"https:\/\/www.organisator.ch\/wp-content\/uploads\/2020\/06\/UN-Entwicklungsziele_UP_Umwelt-Perspektiven-scaled.jpg","datePublished":"2020-06-09T08:25:55+00:00","description":"Les objectifs de d\u00e9veloppement de l'ONU mis \u00e0 l'\u00e9cart : plus de pauvret\u00e9 et de violence, moins d'\u00e9ducation et de soins m\u00e9dicaux - tout comme la pand\u00e9mie de coronavirus - nuisent aux objectifs de l'ONU.","breadcrumb":{"@id":"https:\/\/www.organisator.ch\/it\/generale\/2020-06-09\/coronakrise-rueckt-un-entwicklungsziele-in-weite-ferne\/#breadcrumb"},"inLanguage":"fr-FR","potentialAction":[{"@type":"ReadAction","target":["https:\/\/www.organisator.ch\/it\/generale\/2020-06-09\/coronakrise-rueckt-un-entwicklungsziele-in-weite-ferne\/"]}]},{"@type":"ImageObject","inLanguage":"fr-FR","@id":"https:\/\/www.organisator.ch\/it\/generale\/2020-06-09\/coronakrise-rueckt-un-entwicklungsziele-in-weite-ferne\/#primaryimage","url":"https:\/\/www.organisator.ch\/wp-content\/uploads\/2020\/06\/UN-Entwicklungsziele_UP_Umwelt-Perspektiven-scaled.jpg","contentUrl":"https:\/\/www.organisator.ch\/wp-content\/uploads\/2020\/06\/UN-Entwicklungsziele_UP_Umwelt-Perspektiven-scaled.jpg","width":2560,"height":1726,"caption":"Wo Grossfamilien, auf engstem Raum zusammen wohnen, mit Arbeitslosigkeit und Existenz\u00e4ngsten konfrontiert sind, leiden besonders auch Frauen und Kinder darunter. (Bild: Unsplash)"},{"@type":"BreadcrumbList","@id":"https:\/\/www.organisator.ch\/it\/generale\/2020-06-09\/coronakrise-rueckt-un-entwicklungsziele-in-weite-ferne\/#breadcrumb","itemListElement":[{"@type":"ListItem","position":1,"name":"Home","item":"https:\/\/www.organisator.ch\/"},{"@type":"ListItem","position":2,"name":"Coronakrise r\u00fcckt UN-Entwicklungsziele in weite Ferne"}]},{"@type":"WebSite","@id":"https:\/\/www.organisator.ch\/#website","url":"https:\/\/www.organisator.ch\/","name":"Organisateur","description":"Comp\u00e9tence et comp\u00e9tence. Proches de la pratique. L'ORGANISATEUR pr\u00e9pare 10 num\u00e9ros par an sur les th\u00e8mes essentiels pour les dirigeants de PME.","publisher":{"@id":"https:\/\/www.organisator.ch\/#organization"},"potentialAction":[{"@type":"SearchAction","target":{"@type":"EntryPoint","urlTemplate":"https:\/\/www.organisator.ch\/?s={search_term_string}"},"query-input":{"@type":"PropertyValueSpecification","valueRequired":true,"valueName":"search_term_string"}}],"inLanguage":"fr-FR"},{"@type":"Organization","@id":"https:\/\/www.organisator.ch\/#organization","name":"Organisateur","url":"https:\/\/www.organisator.ch\/","logo":{"@type":"ImageObject","inLanguage":"fr-FR","@id":"https:\/\/www.organisator.ch\/#\/schema\/logo\/image\/","url":"https:\/\/www.organisator.ch\/wp-content\/uploads\/2022\/01\/Logo_Organisator_Website.png","contentUrl":"https:\/\/www.organisator.ch\/wp-content\/uploads\/2022\/01\/Logo_Organisator_Website.png","width":800,"height":77,"caption":"Organisator"},"image":{"@id":"https:\/\/www.organisator.ch\/#\/schema\/logo\/image\/"},"sameAs":["https:\/\/www.facebook.com\/OrganisatorFachmagazin","https:\/\/www.linkedin.com\/showcase\/organisator-das-magazin-fr-kmu","https:\/\/www.xing.com\/news\/pages\/organisator-ch-695","https:\/\/www.youtube.com\/channel\/UCGP2Sq0iWaZwT3BdIAQFYpw"]},{"@type":"Person","@id":"https:\/\/www.organisator.ch\/#\/schema\/person\/134708ca9321c57b0362cceb7948ffbd","name":"michael.merz","image":{"@type":"ImageObject","inLanguage":"fr-FR","@id":"https:\/\/secure.gravatar.com\/avatar\/?s=96&d=mm&r=g","url":"https:\/\/secure.gravatar.com\/avatar\/?s=96&d=mm&r=g","contentUrl":"https:\/\/secure.gravatar.com\/avatar\/?s=96&d=mm&r=g","caption":"michael.merz"},"url":"https:\/\/www.organisator.ch\/fr\/author\/michael-merz\/"}]}},"_links":{"self":[{"href":"https:\/\/www.organisator.ch\/fr\/wp-json\/wp\/v2\/posts\/3109","targetHints":{"allow":["GET"]}}],"collection":[{"href":"https:\/\/www.organisator.ch\/fr\/wp-json\/wp\/v2\/posts"}],"about":[{"href":"https:\/\/www.organisator.ch\/fr\/wp-json\/wp\/v2\/types\/post"}],"author":[{"embeddable":true,"href":"https:\/\/www.organisator.ch\/fr\/wp-json\/wp\/v2\/users\/5"}],"replies":[{"embeddable":true,"href":"https:\/\/www.organisator.ch\/fr\/wp-json\/wp\/v2\/comments?post=3109"}],"version-history":[{"count":0,"href":"https:\/\/www.organisator.ch\/fr\/wp-json\/wp\/v2\/posts\/3109\/revisions"}],"wp:featuredmedia":[{"embeddable":true,"href":"https:\/\/www.organisator.ch\/fr\/wp-json\/wp\/v2\/media\/3110"}],"wp:attachment":[{"href":"https:\/\/www.organisator.ch\/fr\/wp-json\/wp\/v2\/media?parent=3109"}],"wp:term":[{"taxonomy":"category","embeddable":true,"href":"https:\/\/www.organisator.ch\/fr\/wp-json\/wp\/v2\/categories?post=3109"},{"taxonomy":"post_tag","embeddable":true,"href":"https:\/\/www.organisator.ch\/fr\/wp-json\/wp\/v2\/tags?post=3109"}],"curies":[{"name":"wp","href":"https:\/\/api.w.org\/{rel}","templated":true}]}}