{"id":31095,"date":"2024-10-22T08:21:48","date_gmt":"2024-10-22T06:21:48","guid":{"rendered":"https:\/\/www.m-q.ch\/?p=20589"},"modified":"2024-11-07T12:09:06","modified_gmt":"2024-11-07T11:09:06","slug":"helvetia-stellt-vertriebsorganisation-neu-auf-und-regelt-nachfolge-der-vertriebsleitung-fruehzeitig-per-2026","status":"publish","type":"post","link":"https:\/\/www.organisator.ch\/fr\/operational-excellence\/2024-10-22\/helvetia-stellt-vertriebsorganisation-neu-auf-und-regelt-nachfolge-der-vertriebsleitung-fruehzeitig-per-2026\/","title":{"rendered":"L'Helvetia restructure son organisation de distribution et r\u00e8gle la succession de la direction de distribution en temps utile pour 2026"},"content":{"rendered":"<figure id=\"attachment_20590\" class=\"wp-caption alignnone\" style=\"width: 680px\" aria-describedby=\"caption-attachment-20590\"><img class=\"alignnone wp-image-20590 size-full\" src=\"https:\/\/www.m-q.ch\/wp-content\/uploads\/2024\/10\/Helvetia_Bild1_ps.jpg\" alt=\"Direction des ventes de l&#039;Helvetia\" width=\"680\" height=\"473\" \/>\r\n<figcaption id=\"caption-attachment-20590\" class=\"wp-caption-text\">Ralph Jeitziner, responsable de la distribution chez Helvetia Suisse (\u00e0 gauche), transmettra sa fonction \u00e0 son successeur Simon Weiner le 1er janvier 2026. (Image : www.helvetia.ch, Remo Stalder)<\/figcaption>\r\n<\/figure>\r\n<p>L'Helvetia restructure son organisation de distribution au 1er janvier 2025 et nomme Simon Weiner (45 ans), sp\u00e9cialiste exp\u00e9riment\u00e9 de la distribution, au poste de responsable du r\u00e9seau de distribution suisse. Cette fonction regroupe les canaux de distribution avec acc\u00e8s direct aux clients sur le march\u00e9 national suisse et assure leur interaction optimale pour les clientes et clients.<\/p>\r\n<p>Parall\u00e8lement, l'entreprise r\u00e8gle de bonne heure la succession de Ralph Jeitziner au poste de responsable de la distribution. Ralph Jeitziner a dirig\u00e9 la distribution pendant 29 ans, d'abord chez Coop Vie, puis chez Nationale Suisse et ensuite chez Helvetia. Il a d\u00e9cid\u00e9 de prendre sa retraite le 30 avril 2026. D\u00e9but 2026, Simon Weiner reprendra sa fonction et si\u00e8gera donc \u00e9galement au comit\u00e9 de direction d'Helvetia Suisse.<\/p>\r\n<h3><strong>Sp\u00e9cialiste de la vente exp\u00e9riment\u00e9 <\/strong><\/h3>\r\n<p>Simon Weiner, qui a la double nationalit\u00e9 suisse et autrichienne, conna\u00eet l'Helvetia et le secteur de l'assurance en Suisse pour y avoir travaill\u00e9 pendant de nombreuses ann\u00e9es. En tant que responsable de la r\u00e9gion de distribution Centre, il a notamment \u00e9t\u00e9 charg\u00e9 pendant cinq ans de la mise en \u0153uvre de la strat\u00e9gie de distribution 2025 dans la r\u00e9gion au chiffre d'affaires le plus \u00e9lev\u00e9 de Suisse. Il a en outre accompagn\u00e9 des \u00e9tapes importantes comme l'int\u00e9gration partielle de distribution de MoneyPark, la plateforme de produits et de services leader pour les conseils ind\u00e9pendants en mati\u00e8re d'hypoth\u00e8que et d'immobilier.<\/p>\r\n<p>Auparavant, Simon Weiner a \u00e9t\u00e9 CEO d'Orion Assurance de Protection Juridique SA de 2017 \u00e0 2019 et a occup\u00e9 diverses fonctions au sein de la distribution de Zurich Financial Services (Zurich Suisse) de 2009 \u00e0 2016. Simon Weiner est titulaire d'un International Executive MBA de la Haute \u00e9cole de St-Gall HSG.<\/p>\r\n<p>Martin Jara, CEO d'Helvetia Assurances Suisse, se r\u00e9jouit de cette nomination : \"Ralph Jeitziner a marqu\u00e9 l'Helvetia de son empreinte pendant de nombreuses ann\u00e9es et a contribu\u00e9 de mani\u00e8re d\u00e9terminante au succ\u00e8s de l'entreprise gr\u00e2ce \u00e0 sa forte distribution. Il \u00e9tait donc d'autant plus important pour nous de trouver suffisamment t\u00f4t une solution \u00e0 long terme pour sa succession. Avec Simon Weiner, c'est un sp\u00e9cialiste absolu issu de nos propres rangs qui prend la rel\u00e8ve. Je lui souhaite beaucoup de succ\u00e8s pour la fusion organisationnelle du r\u00e9seau de distribution qui aura lieu l'ann\u00e9e prochaine et pour sa future t\u00e2che de responsable de la distribution et de membre du Comit\u00e9 de direction Suisse, et je me r\u00e9jouis de poursuivre notre collaboration\".<\/p>\r\n<p><em>Source : <a href=\"http:\/\/www.helvetia.ch\/\">www.helvetia.ch<\/a><\/em><\/p>\n<p class=\"syndicated-attribution\">Cet article est paru initialement sur m-q.ch - <a href=\"https:\/\/www.m-q.ch\/de\/helvetia-stellt-vertriebsorganisation-neu-auf-und-regelt-nachfolge-der-vertriebsleitung-fruehzeitig-per-2026\/\" target=\"_blank\">https:\/\/www.m-q.ch\/de\/helvetia-stellt-vertriebsorganisation-neu-auf-und-regelt-nachfolge-der-vertriebsleitung-fruehzeitig-per-2026\/<\/a><\/p>","protected":false},"excerpt":{"rendered":"<p>Simon Weiner, actuel responsable de la r\u00e9gion de distribution Centre, assumera la nouvelle fonction de responsable du r\u00e9seau de distribution Suisse \u00e0 partir du 1er janvier 2025. \u00c0 partir de 2026, il succ\u00e9dera \u00e0 Ralph Jeitziner, qui part \u00e0 la retraite, en tant que responsable de la distribution et membre du Comit\u00e9 de direction de l'Helvetia Suisse.<\/p>","protected":false},"author":80,"featured_media":0,"comment_status":"closed","ping_status":"closed","sticky":false,"template":"","format":"standard","meta":{"_acf_changed":false,"_yoast_wpseo_focuskw":"Helvetia Vertriebsleitung","_yoast_wpseo_metadesc":"Helvetia ernennt Simon Weiner zum neuen Vertriebsleiter ab 2025 und regelt die Nachfolge von Ralph Jeitziner fr\u00fchzeitig.","articlekey":"","footnotes":""},"categories":[582],"tags":[103,4390,357,424,492,4664],"class_list":["post-31095","post","type-post","status-publish","format-standard","hentry","category-operational-excellence","tag-business-excellence","tag-helvetia","tag-nachfolgeregelung","tag-schweiz","tag-unternehmen","tag-vertriebsorganisation"],"acf":[],"yoast_head":"<!-- This site is optimized with the Yoast SEO plugin v27.5 - https:\/\/yoast.com\/product\/yoast-seo-wordpress\/ -->\n<title>Helvetia stellt Vertriebsorganisation neu auf und regelt Nachfolge der Vertriebsleitung fr\u00fchzeitig per 2026 - Organisator<\/title>\n<meta name=\"description\" content=\"Helvetia ernennt Simon Weiner zum neuen Vertriebsleiter ab 2025 und regelt die Nachfolge von Ralph Jeitziner fr\u00fchzeitig.\" \/>\n<meta name=\"robots\" content=\"index, follow, max-snippet:-1, max-image-preview:large, max-video-preview:-1\" \/>\n<link rel=\"canonical\" href=\"https:\/\/www.organisator.ch\/fr\/excellence-operationnelle\/2024-10-22\/helvetia-stellt-vertriebsorganisation-neu-auf-und-regelt-nachfolge-der-vertriebsleitung-fruehzeitig-per-2026\/\" \/>\n<meta property=\"og:locale\" content=\"fr_FR\" \/>\n<meta property=\"og:type\" content=\"article\" \/>\n<meta property=\"og:title\" content=\"Helvetia stellt Vertriebsorganisation neu auf und regelt Nachfolge der Vertriebsleitung fr\u00fchzeitig per 2026 - Organisator\" \/>\n<meta property=\"og:description\" content=\"Helvetia ernennt Simon Weiner zum neuen Vertriebsleiter ab 2025 und regelt die Nachfolge von Ralph Jeitziner fr\u00fchzeitig.\" \/>\n<meta property=\"og:url\" content=\"https:\/\/www.organisator.ch\/fr\/excellence-operationnelle\/2024-10-22\/helvetia-stellt-vertriebsorganisation-neu-auf-und-regelt-nachfolge-der-vertriebsleitung-fruehzeitig-per-2026\/\" \/>\n<meta property=\"og:site_name\" content=\"Organisator\" \/>\n<meta property=\"article:publisher\" content=\"https:\/\/www.facebook.com\/OrganisatorFachmagazin\" \/>\n<meta property=\"article:published_time\" content=\"2024-10-22T06:21:48+00:00\" \/>\n<meta property=\"article:modified_time\" content=\"2024-11-07T11:09:06+00:00\" \/>\n<meta property=\"og:image\" content=\"https:\/\/www.m-q.ch\/wp-content\/uploads\/2024\/10\/Helvetia_Bild1_ps.jpg\" \/>\n<meta name=\"author\" content=\"Dzana Muminovic\" \/>\n<meta name=\"twitter:card\" content=\"summary_large_image\" \/>\n<script type=\"application\/ld+json\" class=\"yoast-schema-graph\">{\"@context\":\"https:\\\/\\\/schema.org\",\"@graph\":[{\"@type\":\"Article\",\"@id\":\"https:\\\/\\\/www.organisator.ch\\\/operational-excellence\\\/2024-10-22\\\/helvetia-stellt-vertriebsorganisation-neu-auf-und-regelt-nachfolge-der-vertriebsleitung-fruehzeitig-per-2026\\\/#article\",\"isPartOf\":{\"@id\":\"https:\\\/\\\/www.organisator.ch\\\/operational-excellence\\\/2024-10-22\\\/helvetia-stellt-vertriebsorganisation-neu-auf-und-regelt-nachfolge-der-vertriebsleitung-fruehzeitig-per-2026\\\/\"},\"author\":{\"name\":\"Dzana Muminovic\",\"@id\":\"https:\\\/\\\/www.organisator.ch\\\/#\\\/schema\\\/person\\\/afccda3a71c06d4be2ed9100dd163db7\"},\"headline\":\"Helvetia stellt Vertriebsorganisation neu auf und regelt Nachfolge der Vertriebsleitung fr\u00fchzeitig per 2026\",\"datePublished\":\"2024-10-22T06:21:48+00:00\",\"dateModified\":\"2024-11-07T11:09:06+00:00\",\"mainEntityOfPage\":{\"@id\":\"https:\\\/\\\/www.organisator.ch\\\/operational-excellence\\\/2024-10-22\\\/helvetia-stellt-vertriebsorganisation-neu-auf-und-regelt-nachfolge-der-vertriebsleitung-fruehzeitig-per-2026\\\/\"},\"wordCount\":363,\"publisher\":{\"@id\":\"https:\\\/\\\/www.organisator.ch\\\/#organization\"},\"image\":{\"@id\":\"https:\\\/\\\/www.organisator.ch\\\/operational-excellence\\\/2024-10-22\\\/helvetia-stellt-vertriebsorganisation-neu-auf-und-regelt-nachfolge-der-vertriebsleitung-fruehzeitig-per-2026\\\/#primaryimage\"},\"thumbnailUrl\":\"https:\\\/\\\/www.m-q.ch\\\/wp-content\\\/uploads\\\/2024\\\/10\\\/Helvetia_Bild1_ps.jpg\",\"keywords\":[\"Business Excellence\",\"Helvetia\",\"Nachfolgeregelung\",\"Schweiz\",\"Unternehmen\",\"Vertriebsorganisation\"],\"articleSection\":[\"OPERATIONAL EXCELLENCE\"],\"inLanguage\":\"fr-FR\"},{\"@type\":\"WebPage\",\"@id\":\"https:\\\/\\\/www.organisator.ch\\\/operational-excellence\\\/2024-10-22\\\/helvetia-stellt-vertriebsorganisation-neu-auf-und-regelt-nachfolge-der-vertriebsleitung-fruehzeitig-per-2026\\\/\",\"url\":\"https:\\\/\\\/www.organisator.ch\\\/operational-excellence\\\/2024-10-22\\\/helvetia-stellt-vertriebsorganisation-neu-auf-und-regelt-nachfolge-der-vertriebsleitung-fruehzeitig-per-2026\\\/\",\"name\":\"Helvetia stellt Vertriebsorganisation neu auf und regelt Nachfolge der Vertriebsleitung fr\u00fchzeitig per 2026 - Organisator\",\"isPartOf\":{\"@id\":\"https:\\\/\\\/www.organisator.ch\\\/#website\"},\"primaryImageOfPage\":{\"@id\":\"https:\\\/\\\/www.organisator.ch\\\/operational-excellence\\\/2024-10-22\\\/helvetia-stellt-vertriebsorganisation-neu-auf-und-regelt-nachfolge-der-vertriebsleitung-fruehzeitig-per-2026\\\/#primaryimage\"},\"image\":{\"@id\":\"https:\\\/\\\/www.organisator.ch\\\/operational-excellence\\\/2024-10-22\\\/helvetia-stellt-vertriebsorganisation-neu-auf-und-regelt-nachfolge-der-vertriebsleitung-fruehzeitig-per-2026\\\/#primaryimage\"},\"thumbnailUrl\":\"https:\\\/\\\/www.m-q.ch\\\/wp-content\\\/uploads\\\/2024\\\/10\\\/Helvetia_Bild1_ps.jpg\",\"datePublished\":\"2024-10-22T06:21:48+00:00\",\"dateModified\":\"2024-11-07T11:09:06+00:00\",\"description\":\"Helvetia ernennt Simon Weiner zum neuen Vertriebsleiter ab 2025 und regelt die Nachfolge von Ralph Jeitziner fr\u00fchzeitig.\",\"breadcrumb\":{\"@id\":\"https:\\\/\\\/www.organisator.ch\\\/operational-excellence\\\/2024-10-22\\\/helvetia-stellt-vertriebsorganisation-neu-auf-und-regelt-nachfolge-der-vertriebsleitung-fruehzeitig-per-2026\\\/#breadcrumb\"},\"inLanguage\":\"fr-FR\",\"potentialAction\":[{\"@type\":\"ReadAction\",\"target\":[\"https:\\\/\\\/www.organisator.ch\\\/operational-excellence\\\/2024-10-22\\\/helvetia-stellt-vertriebsorganisation-neu-auf-und-regelt-nachfolge-der-vertriebsleitung-fruehzeitig-per-2026\\\/\"]}]},{\"@type\":\"ImageObject\",\"inLanguage\":\"fr-FR\",\"@id\":\"https:\\\/\\\/www.organisator.ch\\\/operational-excellence\\\/2024-10-22\\\/helvetia-stellt-vertriebsorganisation-neu-auf-und-regelt-nachfolge-der-vertriebsleitung-fruehzeitig-per-2026\\\/#primaryimage\",\"url\":\"https:\\\/\\\/www.m-q.ch\\\/wp-content\\\/uploads\\\/2024\\\/10\\\/Helvetia_Bild1_ps.jpg\",\"contentUrl\":\"https:\\\/\\\/www.m-q.ch\\\/wp-content\\\/uploads\\\/2024\\\/10\\\/Helvetia_Bild1_ps.jpg\"},{\"@type\":\"BreadcrumbList\",\"@id\":\"https:\\\/\\\/www.organisator.ch\\\/operational-excellence\\\/2024-10-22\\\/helvetia-stellt-vertriebsorganisation-neu-auf-und-regelt-nachfolge-der-vertriebsleitung-fruehzeitig-per-2026\\\/#breadcrumb\",\"itemListElement\":[{\"@type\":\"ListItem\",\"position\":1,\"name\":\"Home\",\"item\":\"https:\\\/\\\/www.organisator.ch\\\/\"},{\"@type\":\"ListItem\",\"position\":2,\"name\":\"Helvetia stellt Vertriebsorganisation neu auf und regelt Nachfolge der Vertriebsleitung fr\u00fchzeitig per 2026\"}]},{\"@type\":\"WebSite\",\"@id\":\"https:\\\/\\\/www.organisator.ch\\\/#website\",\"url\":\"https:\\\/\\\/www.organisator.ch\\\/\",\"name\":\"Organisator\",\"description\":\"Kompetent. Praxisnah. Der ORGANISATOR bereitet in 10 Ausgaben pro Jahr die wesentlichen Themen f\u00fcr F\u00fchrungskr\u00e4fte von KMU auf.\",\"publisher\":{\"@id\":\"https:\\\/\\\/www.organisator.ch\\\/#organization\"},\"potentialAction\":[{\"@type\":\"SearchAction\",\"target\":{\"@type\":\"EntryPoint\",\"urlTemplate\":\"https:\\\/\\\/www.organisator.ch\\\/?s={search_term_string}\"},\"query-input\":{\"@type\":\"PropertyValueSpecification\",\"valueRequired\":true,\"valueName\":\"search_term_string\"}}],\"inLanguage\":\"fr-FR\"},{\"@type\":\"Organization\",\"@id\":\"https:\\\/\\\/www.organisator.ch\\\/#organization\",\"name\":\"Organisator\",\"url\":\"https:\\\/\\\/www.organisator.ch\\\/\",\"logo\":{\"@type\":\"ImageObject\",\"inLanguage\":\"fr-FR\",\"@id\":\"https:\\\/\\\/www.organisator.ch\\\/#\\\/schema\\\/logo\\\/image\\\/\",\"url\":\"https:\\\/\\\/www.organisator.ch\\\/wp-content\\\/uploads\\\/2022\\\/01\\\/Logo_Organisator_Website.png\",\"contentUrl\":\"https:\\\/\\\/www.organisator.ch\\\/wp-content\\\/uploads\\\/2022\\\/01\\\/Logo_Organisator_Website.png\",\"width\":800,\"height\":77,\"caption\":\"Organisator\"},\"image\":{\"@id\":\"https:\\\/\\\/www.organisator.ch\\\/#\\\/schema\\\/logo\\\/image\\\/\"},\"sameAs\":[\"https:\\\/\\\/www.facebook.com\\\/OrganisatorFachmagazin\",\"https:\\\/\\\/www.linkedin.com\\\/showcase\\\/organisator-das-magazin-fr-kmu\",\"https:\\\/\\\/www.xing.com\\\/news\\\/pages\\\/organisator-ch-695\",\"https:\\\/\\\/www.youtube.com\\\/channel\\\/UCGP2Sq0iWaZwT3BdIAQFYpw\"]},{\"@type\":\"Person\",\"@id\":\"https:\\\/\\\/www.organisator.ch\\\/#\\\/schema\\\/person\\\/afccda3a71c06d4be2ed9100dd163db7\",\"name\":\"Dzana Muminovic\",\"image\":{\"@type\":\"ImageObject\",\"inLanguage\":\"fr-FR\",\"@id\":\"https:\\\/\\\/secure.gravatar.com\\\/avatar\\\/909c5c71aff4b38e88686f2ab2f1ba152571f394f41ed8bae431ea56ced93050?s=96&d=mm&r=g\",\"url\":\"https:\\\/\\\/secure.gravatar.com\\\/avatar\\\/909c5c71aff4b38e88686f2ab2f1ba152571f394f41ed8bae431ea56ced93050?s=96&d=mm&r=g\",\"contentUrl\":\"https:\\\/\\\/secure.gravatar.com\\\/avatar\\\/909c5c71aff4b38e88686f2ab2f1ba152571f394f41ed8bae431ea56ced93050?s=96&d=mm&r=g\",\"caption\":\"Dzana Muminovic\"},\"url\":\"https:\\\/\\\/www.organisator.ch\\\/fr\\\/author\\\/dzana-muminovic\\\/\"}]}<\/script>\n<!-- \/ Yoast SEO plugin. -->","yoast_head_json":{"title":"L'Helvetia restructure son organisation de distribution et r\u00e8gle la succession de la direction de distribution en temps utile pour 2026 - Organisateur","description":"L'Helvetia nomme Simon Weiner nouveau responsable de la distribution \u00e0 partir de 2025 et r\u00e8gle de mani\u00e8re anticip\u00e9e la succession de Ralph Jeitziner.","robots":{"index":"index","follow":"follow","max-snippet":"max-snippet:-1","max-image-preview":"max-image-preview:large","max-video-preview":"max-video-preview:-1"},"canonical":"https:\/\/www.organisator.ch\/fr\/excellence-operationnelle\/2024-10-22\/helvetia-stellt-vertriebsorganisation-neu-auf-und-regelt-nachfolge-der-vertriebsleitung-fruehzeitig-per-2026\/","og_locale":"fr_FR","og_type":"article","og_title":"Helvetia stellt Vertriebsorganisation neu auf und regelt Nachfolge der Vertriebsleitung fr\u00fchzeitig per 2026 - Organisator","og_description":"Helvetia ernennt Simon Weiner zum neuen Vertriebsleiter ab 2025 und regelt die Nachfolge von Ralph Jeitziner fr\u00fchzeitig.","og_url":"https:\/\/www.organisator.ch\/fr\/excellence-operationnelle\/2024-10-22\/helvetia-stellt-vertriebsorganisation-neu-auf-und-regelt-nachfolge-der-vertriebsleitung-fruehzeitig-per-2026\/","og_site_name":"Organisator","article_publisher":"https:\/\/www.facebook.com\/OrganisatorFachmagazin","article_published_time":"2024-10-22T06:21:48+00:00","article_modified_time":"2024-11-07T11:09:06+00:00","og_image":[{"url":"https:\/\/www.m-q.ch\/wp-content\/uploads\/2024\/10\/Helvetia_Bild1_ps.jpg","type":"","width":"","height":""}],"author":"Dzana Muminovic","twitter_card":"summary_large_image","schema":{"@context":"https:\/\/schema.org","@graph":[{"@type":"Article","@id":"https:\/\/www.organisator.ch\/operational-excellence\/2024-10-22\/helvetia-stellt-vertriebsorganisation-neu-auf-und-regelt-nachfolge-der-vertriebsleitung-fruehzeitig-per-2026\/#article","isPartOf":{"@id":"https:\/\/www.organisator.ch\/operational-excellence\/2024-10-22\/helvetia-stellt-vertriebsorganisation-neu-auf-und-regelt-nachfolge-der-vertriebsleitung-fruehzeitig-per-2026\/"},"author":{"name":"Dzana Muminovic","@id":"https:\/\/www.organisator.ch\/#\/schema\/person\/afccda3a71c06d4be2ed9100dd163db7"},"headline":"Helvetia stellt Vertriebsorganisation neu auf und regelt Nachfolge der Vertriebsleitung fr\u00fchzeitig per 2026","datePublished":"2024-10-22T06:21:48+00:00","dateModified":"2024-11-07T11:09:06+00:00","mainEntityOfPage":{"@id":"https:\/\/www.organisator.ch\/operational-excellence\/2024-10-22\/helvetia-stellt-vertriebsorganisation-neu-auf-und-regelt-nachfolge-der-vertriebsleitung-fruehzeitig-per-2026\/"},"wordCount":363,"publisher":{"@id":"https:\/\/www.organisator.ch\/#organization"},"image":{"@id":"https:\/\/www.organisator.ch\/operational-excellence\/2024-10-22\/helvetia-stellt-vertriebsorganisation-neu-auf-und-regelt-nachfolge-der-vertriebsleitung-fruehzeitig-per-2026\/#primaryimage"},"thumbnailUrl":"https:\/\/www.m-q.ch\/wp-content\/uploads\/2024\/10\/Helvetia_Bild1_ps.jpg","keywords":["Business Excellence","Helvetia","Nachfolgeregelung","Schweiz","Unternehmen","Vertriebsorganisation"],"articleSection":["OPERATIONAL EXCELLENCE"],"inLanguage":"fr-FR"},{"@type":"WebPage","@id":"https:\/\/www.organisator.ch\/operational-excellence\/2024-10-22\/helvetia-stellt-vertriebsorganisation-neu-auf-und-regelt-nachfolge-der-vertriebsleitung-fruehzeitig-per-2026\/","url":"https:\/\/www.organisator.ch\/operational-excellence\/2024-10-22\/helvetia-stellt-vertriebsorganisation-neu-auf-und-regelt-nachfolge-der-vertriebsleitung-fruehzeitig-per-2026\/","name":"L'Helvetia restructure son organisation de distribution et r\u00e8gle la succession de la direction de distribution en temps utile pour 2026 - Organisateur","isPartOf":{"@id":"https:\/\/www.organisator.ch\/#website"},"primaryImageOfPage":{"@id":"https:\/\/www.organisator.ch\/operational-excellence\/2024-10-22\/helvetia-stellt-vertriebsorganisation-neu-auf-und-regelt-nachfolge-der-vertriebsleitung-fruehzeitig-per-2026\/#primaryimage"},"image":{"@id":"https:\/\/www.organisator.ch\/operational-excellence\/2024-10-22\/helvetia-stellt-vertriebsorganisation-neu-auf-und-regelt-nachfolge-der-vertriebsleitung-fruehzeitig-per-2026\/#primaryimage"},"thumbnailUrl":"https:\/\/www.m-q.ch\/wp-content\/uploads\/2024\/10\/Helvetia_Bild1_ps.jpg","datePublished":"2024-10-22T06:21:48+00:00","dateModified":"2024-11-07T11:09:06+00:00","description":"L'Helvetia nomme Simon Weiner nouveau responsable de la distribution \u00e0 partir de 2025 et r\u00e8gle de mani\u00e8re anticip\u00e9e la succession de Ralph Jeitziner.","breadcrumb":{"@id":"https:\/\/www.organisator.ch\/operational-excellence\/2024-10-22\/helvetia-stellt-vertriebsorganisation-neu-auf-und-regelt-nachfolge-der-vertriebsleitung-fruehzeitig-per-2026\/#breadcrumb"},"inLanguage":"fr-FR","potentialAction":[{"@type":"ReadAction","target":["https:\/\/www.organisator.ch\/operational-excellence\/2024-10-22\/helvetia-stellt-vertriebsorganisation-neu-auf-und-regelt-nachfolge-der-vertriebsleitung-fruehzeitig-per-2026\/"]}]},{"@type":"ImageObject","inLanguage":"fr-FR","@id":"https:\/\/www.organisator.ch\/operational-excellence\/2024-10-22\/helvetia-stellt-vertriebsorganisation-neu-auf-und-regelt-nachfolge-der-vertriebsleitung-fruehzeitig-per-2026\/#primaryimage","url":"https:\/\/www.m-q.ch\/wp-content\/uploads\/2024\/10\/Helvetia_Bild1_ps.jpg","contentUrl":"https:\/\/www.m-q.ch\/wp-content\/uploads\/2024\/10\/Helvetia_Bild1_ps.jpg"},{"@type":"BreadcrumbList","@id":"https:\/\/www.organisator.ch\/operational-excellence\/2024-10-22\/helvetia-stellt-vertriebsorganisation-neu-auf-und-regelt-nachfolge-der-vertriebsleitung-fruehzeitig-per-2026\/#breadcrumb","itemListElement":[{"@type":"ListItem","position":1,"name":"Home","item":"https:\/\/www.organisator.ch\/"},{"@type":"ListItem","position":2,"name":"Helvetia stellt Vertriebsorganisation neu auf und regelt Nachfolge der Vertriebsleitung fr\u00fchzeitig per 2026"}]},{"@type":"WebSite","@id":"https:\/\/www.organisator.ch\/#website","url":"https:\/\/www.organisator.ch\/","name":"Organisateur","description":"Comp\u00e9tence et comp\u00e9tence. Proches de la pratique. L'ORGANISATEUR pr\u00e9pare 10 num\u00e9ros par an sur les th\u00e8mes essentiels pour les dirigeants de PME.","publisher":{"@id":"https:\/\/www.organisator.ch\/#organization"},"potentialAction":[{"@type":"SearchAction","target":{"@type":"EntryPoint","urlTemplate":"https:\/\/www.organisator.ch\/?s={search_term_string}"},"query-input":{"@type":"PropertyValueSpecification","valueRequired":true,"valueName":"search_term_string"}}],"inLanguage":"fr-FR"},{"@type":"Organization","@id":"https:\/\/www.organisator.ch\/#organization","name":"Organisateur","url":"https:\/\/www.organisator.ch\/","logo":{"@type":"ImageObject","inLanguage":"fr-FR","@id":"https:\/\/www.organisator.ch\/#\/schema\/logo\/image\/","url":"https:\/\/www.organisator.ch\/wp-content\/uploads\/2022\/01\/Logo_Organisator_Website.png","contentUrl":"https:\/\/www.organisator.ch\/wp-content\/uploads\/2022\/01\/Logo_Organisator_Website.png","width":800,"height":77,"caption":"Organisator"},"image":{"@id":"https:\/\/www.organisator.ch\/#\/schema\/logo\/image\/"},"sameAs":["https:\/\/www.facebook.com\/OrganisatorFachmagazin","https:\/\/www.linkedin.com\/showcase\/organisator-das-magazin-fr-kmu","https:\/\/www.xing.com\/news\/pages\/organisator-ch-695","https:\/\/www.youtube.com\/channel\/UCGP2Sq0iWaZwT3BdIAQFYpw"]},{"@type":"Person","@id":"https:\/\/www.organisator.ch\/#\/schema\/person\/afccda3a71c06d4be2ed9100dd163db7","name":"Dzana Muminovic","image":{"@type":"ImageObject","inLanguage":"fr-FR","@id":"https:\/\/secure.gravatar.com\/avatar\/909c5c71aff4b38e88686f2ab2f1ba152571f394f41ed8bae431ea56ced93050?s=96&d=mm&r=g","url":"https:\/\/secure.gravatar.com\/avatar\/909c5c71aff4b38e88686f2ab2f1ba152571f394f41ed8bae431ea56ced93050?s=96&d=mm&r=g","contentUrl":"https:\/\/secure.gravatar.com\/avatar\/909c5c71aff4b38e88686f2ab2f1ba152571f394f41ed8bae431ea56ced93050?s=96&d=mm&r=g","caption":"Dzana Muminovic"},"url":"https:\/\/www.organisator.ch\/fr\/author\/dzana-muminovic\/"}]}},"_links":{"self":[{"href":"https:\/\/www.organisator.ch\/fr\/wp-json\/wp\/v2\/posts\/31095","targetHints":{"allow":["GET"]}}],"collection":[{"href":"https:\/\/www.organisator.ch\/fr\/wp-json\/wp\/v2\/posts"}],"about":[{"href":"https:\/\/www.organisator.ch\/fr\/wp-json\/wp\/v2\/types\/post"}],"author":[{"embeddable":true,"href":"https:\/\/www.organisator.ch\/fr\/wp-json\/wp\/v2\/users\/80"}],"replies":[{"embeddable":true,"href":"https:\/\/www.organisator.ch\/fr\/wp-json\/wp\/v2\/comments?post=31095"}],"version-history":[{"count":5,"href":"https:\/\/www.organisator.ch\/fr\/wp-json\/wp\/v2\/posts\/31095\/revisions"}],"predecessor-version":[{"id":31739,"href":"https:\/\/www.organisator.ch\/fr\/wp-json\/wp\/v2\/posts\/31095\/revisions\/31739"}],"wp:attachment":[{"href":"https:\/\/www.organisator.ch\/fr\/wp-json\/wp\/v2\/media?parent=31095"}],"wp:term":[{"taxonomy":"category","embeddable":true,"href":"https:\/\/www.organisator.ch\/fr\/wp-json\/wp\/v2\/categories?post=31095"},{"taxonomy":"post_tag","embeddable":true,"href":"https:\/\/www.organisator.ch\/fr\/wp-json\/wp\/v2\/tags?post=31095"}],"curies":[{"name":"wp","href":"https:\/\/api.w.org\/{rel}","templated":true}]}}