{"id":31153,"date":"2024-10-23T14:38:02","date_gmt":"2024-10-23T12:38:02","guid":{"rendered":"https:\/\/www.organisator.ch\/?p=31153"},"modified":"2024-10-25T07:17:01","modified_gmt":"2024-10-25T05:17:01","slug":"kuenzli-bleibt-in-schweizer-besitz-und-setzt-die-geschaeftstaetigkeit-fort","status":"publish","type":"post","link":"https:\/\/www.organisator.ch\/fr\/management\/2024-10-23\/kuenzli-bleibt-in-schweizer-besitz-und-setzt-die-geschaeftstaetigkeit-fort\/","title":{"rendered":"K\u00fcnzli reste en mains suisses et poursuit ses activit\u00e9s commerciales"},"content":{"rendered":"<figure id=\"attachment_31155\" aria-describedby=\"caption-attachment-31155\" style=\"width: 680px\" class=\"wp-caption alignnone\"><img loading=\"lazy\" decoding=\"async\" class=\"wp-image-31155 size-full\" src=\"https:\/\/www.organisator.ch\/wp-content\/uploads\/2024\/10\/Kuenzli_Bild1_ps.jpg\" alt=\"\" width=\"680\" height=\"680\" srcset=\"https:\/\/www.organisator.ch\/wp-content\/uploads\/2024\/10\/Kuenzli_Bild1_ps.jpg 680w, https:\/\/www.organisator.ch\/wp-content\/uploads\/2024\/10\/Kuenzli_Bild1_ps-150x150.jpg 150w, https:\/\/www.organisator.ch\/wp-content\/uploads\/2024\/10\/Kuenzli_Bild1_ps-12x12.jpg 12w, https:\/\/www.organisator.ch\/wp-content\/uploads\/2024\/10\/Kuenzli_Bild1_ps-300x300.jpg 300w, https:\/\/www.organisator.ch\/wp-content\/uploads\/2024\/10\/Kuenzli_Bild1_ps-350x350.jpg 350w, https:\/\/www.organisator.ch\/wp-content\/uploads\/2024\/10\/Kuenzli_Bild1_ps-250x250.jpg 250w\" sizes=\"auto, (max-width: 680px) 100vw, 680px\" \/><figcaption id=\"caption-attachment-31155\" class=\"wp-caption-text\">La fabrique de chaussures K\u00fcnzli est pour l'instant sauv\u00e9e : Roberto Martullo reprend l'entreprise en janvier 2025. (Image : www.kuenzli-schuhe.ch)<\/figcaption><\/figure>\n<p>\"Une telle entreprise de tradition suisse ne doit pas se perdre. K\u00fcnzli a accompagn\u00e9 ma jeunesse. Mes baskets et mes chaussures de football \u00e9taient de K\u00fcnzli et \u00e9taient mes pr\u00e9f\u00e9r\u00e9es. Je ne pouvais pas assister \u00e0 la disparition de cette ic\u00f4ne suisse. Je veillerai \u00e0 ce que l'entreprise soit pr\u00e9serv\u00e9e pour les clients, les partenaires et surtout les collaborateurs. Faire avancer K\u00fcnzli avec une \u00e9quipe engag\u00e9e me remplit d'impatience\". La propri\u00e9taire Barbara Artmann est satisfaite et reconnaissante : \"K\u00fcnzli et les acquis de pr\u00e8s de 100 ans d'histoire de la chaussure suisse continuent \u00e0 vivre, l'\u00e9quipe peut rester et poursuivre cette t\u00e2che passionnante. K\u00fcnzli a maintenant la chance de faire des pas vers un avenir couronn\u00e9 de succ\u00e8s. La continuit\u00e9 et le progr\u00e8s sont assur\u00e9s. Je suis convaincu qu'avec Monsieur Martullo, on a trouv\u00e9 le meilleur successeur qui soit\".<\/p>\n<h3><strong>Bient\u00f4t 100 ans de tradition et d'innovation <\/strong><\/h3>\n<p>La soci\u00e9t\u00e9 K\u00fcnzli SwissSchuh AG a une longue tradition : en 1927, Werner K\u00fcnzli fonde une entreprise de fabrication de chaussures de sport. En 1955, son fils Kurt K\u00fcnzli reprend l'entreprise et fait de K\u00fcnzli l'incarnation de la chaussure de sport suisse. Parmi ses principales inventions, on trouve le la\u00e7age brevet\u00e9 \u00e0 5 bandes dans les ann\u00e9es 50, qui non seulement offre un maintien particulier au pied, mais qui devient \u00e9galement rapidement la marque de fabrique des chaussures K\u00fcnzli avec ses 5 bandes marquantes. Dans les ann\u00e9es 70, la chaussure stable avec ses stabilisateurs lat\u00e9raux a vu le jour.<\/p>\n<p>A partir de 2005, la ligne de baskets K\u00fcnzli a \u00e9t\u00e9 cr\u00e9\u00e9e, des baskets en cuir cultes avec les c\u00e9l\u00e8bres 5 bandes K\u00fcnzli - n\u00e9es de l'\u00e9quipement de l'\u00e9quipe olympique suisse de 2004 \u00e0 2012. En 2012, K\u00fcnzli a perdu sa propre marque suite \u00e0 une attaque du groupe am\u00e9ricain K-Swiss, issu de K\u00fcnzli. En 2020, les fameuses cinq bandes sont revenues sur les sneakers et la ligne a de nouveau du succ\u00e8s.<\/p>\n<figure id=\"attachment_31156\" aria-describedby=\"caption-attachment-31156\" style=\"width: 680px\" class=\"wp-caption alignnone\"><img loading=\"lazy\" decoding=\"async\" class=\"size-full wp-image-31156\" src=\"https:\/\/www.organisator.ch\/wp-content\/uploads\/2024\/10\/Kuenzli_Bild2_ps.jpg\" alt=\"\" width=\"680\" height=\"547\" srcset=\"https:\/\/www.organisator.ch\/wp-content\/uploads\/2024\/10\/Kuenzli_Bild2_ps.jpg 680w, https:\/\/www.organisator.ch\/wp-content\/uploads\/2024\/10\/Kuenzli_Bild2_ps-15x12.jpg 15w, https:\/\/www.organisator.ch\/wp-content\/uploads\/2024\/10\/Kuenzli_Bild2_ps-373x300.jpg 373w, https:\/\/www.organisator.ch\/wp-content\/uploads\/2024\/10\/Kuenzli_Bild2_ps-435x350.jpg 435w\" sizes=\"auto, (max-width: 680px) 100vw, 680px\" \/><figcaption id=\"caption-attachment-31156\" class=\"wp-caption-text\">La chaussure Fortitudo de K\u00fcnzli. (Image : www.kuenzli-schuhe.ch)<\/figcaption><\/figure>\n<h3><strong>La structure est pr\u00e9serv\u00e9e <\/strong><\/h3>\n<p>Les chaussures K\u00fcnzli Ortho sont devenues incontournables dans la th\u00e9rapie moderne, en particulier pour les talons d'Achille et les blessures de la cheville et des ligaments. Les chaussures K\u00fcnzli Protect sont utilis\u00e9es pour divers probl\u00e8mes de pied et de marche, pr\u00e9viennent les torsions et conf\u00e8rent de la s\u00e9curit\u00e9 en cas de d\u00e9marche instable. Les deux lignes sont reconnues comme aides m\u00e9dicales. Les sneakers \u00e9l\u00e9gantes et cultes, en couleur et en cuir de qualit\u00e9 sup\u00e9rieure avec les 5 bandes typiques de K\u00fcnzli, sont de plus en plus appr\u00e9ci\u00e9es, que ce soit en ligne, dans les magasins d'usine ou dans des magasins sp\u00e9cialis\u00e9s s\u00e9lectionn\u00e9s.<\/p>\n<p>Au si\u00e8ge de Windisch, une \u00e9quipe motiv\u00e9e s'occupe du d\u00e9veloppement, de l'achat des mati\u00e8res premi\u00e8res, de la commercialisation et de la vente. Un propre site de production en Albanie fabrique les chaussures sp\u00e9ciales et exigeantes.<\/p>\n<h3><strong>K\u00fcnzli se tourne vers l'avenir <\/strong><\/h3>\n<p>Roberto Martullo reprendra K\u00fcnzli en tant que propri\u00e9taire au 1er janvier 2025 et le dirigera d'abord personnellement sur le plan op\u00e9rationnel. Le transfert de savoir-faire est garanti, Barbara Artmann l'accompagnera jusqu'au milieu de l'ann\u00e9e 2025 ou aussi longtemps qu'elle le souhaitera. Il est ainsi assur\u00e9 que la production et le traitement des commandes se poursuivront.<\/p>\n<p>Les collaborateurs du si\u00e8ge ont d\u00e9j\u00e0 re\u00e7u une proposition d'annulation des licenciements \u00e0 l'amiable. La propre usine en Albanie, avec son \u00e9quipe bien rod\u00e9e sous la direction d'un directeur exp\u00e9riment\u00e9, poursuit la production sans interruption.\u00a0<\/p>\n<h3><strong>Un r\u00eave devenu r\u00e9alit\u00e9 <\/strong><\/h3>\n<p>La propri\u00e9taire Barbara Artmann remercie tous les partenaires, les fans et les personnes int\u00e9ress\u00e9es. Sa d\u00e9cision de se retirer du commerce apr\u00e8s presque 21 ans \u00e9tait prise. Cette d\u00e9marche \u00e9tait \u00e9galement li\u00e9e \u00e0 un r\u00eave secret, celui de trouver un moyen de conserver ce joyau suisse pour lequel elle s'est engag\u00e9e corps et \u00e2me pendant toutes ces ann\u00e9es. C'est chose faite. D\u00e9sormais, K\u00fcnzli continuera \u00e0 relever les d\u00e9fis de ses clients et \u00e0 r\u00e9aliser leurs souhaits avec des chaussures particuli\u00e8res.<\/p>\n<p><em>Source : <a href=\"http:\/\/www.kuenzli-schuhe.ch\">www.kuenzli-schuhe.ch<\/a><\/em><\/p>","protected":false},"excerpt":{"rendered":"<p>Le fabricant suisse de chaussures K\u00fcnzli, riche en traditions, peut poursuivre son activit\u00e9. L'annonce de la fermeture imminente de l'entreprise en raison de l'absence de solution de succession a eu un grand retentissement et a ouvert un cercle d'int\u00e9r\u00eats, m\u00eame en dehors du secteur de l'orthop\u00e9die et de la chaussure. Cela a conduit \u00e0 une solution id\u00e9ale. Roberto Martullo reprendra K\u00fcnzli en janvier 2025. <\/p>","protected":false},"author":58,"featured_media":31155,"comment_status":"closed","ping_status":"closed","sticky":false,"template":"","format":"standard","meta":{"_acf_changed":false,"_yoast_wpseo_focuskw":"Traditionsfirma","_yoast_wpseo_metadesc":"Der traditionsreiche Schweizer Schuhhersteller K\u00fcnzli kann seine Gesch\u00e4ftst\u00e4tigkeit fortsetzen.","articlekey":"","footnotes":""},"categories":[28],"tags":[4670,335,424,3693,492],"class_list":["post-31153","post","type-post","status-publish","format-standard","has-post-thumbnail","hentry","category-management","tag-besitz","tag-management-und-unternehmensfuehrung","tag-schweiz","tag-tradition","tag-unternehmen"],"acf":[],"yoast_head":"<!-- This site is optimized with the Yoast SEO plugin v27.5 - https:\/\/yoast.com\/product\/yoast-seo-wordpress\/ -->\n<title>K\u00fcnzli bleibt in Schweizer Besitz und setzt die Gesch\u00e4ftst\u00e4tigkeit fort - Organisator<\/title>\n<meta name=\"description\" content=\"Der traditionsreiche Schweizer Schuhhersteller K\u00fcnzli kann seine Gesch\u00e4ftst\u00e4tigkeit fortsetzen.\" \/>\n<meta name=\"robots\" content=\"index, follow, max-snippet:-1, max-image-preview:large, max-video-preview:-1\" \/>\n<link rel=\"canonical\" href=\"https:\/\/www.organisator.ch\/fr\/gestion-2\/2024-10-23\/kuenzli-bleibt-in-schweizer-besitz-und-setzt-die-geschaeftstaetigkeit-fort\/\" \/>\n<meta property=\"og:locale\" content=\"fr_FR\" \/>\n<meta property=\"og:type\" content=\"article\" \/>\n<meta property=\"og:title\" content=\"K\u00fcnzli bleibt in Schweizer Besitz und setzt die Gesch\u00e4ftst\u00e4tigkeit fort\" \/>\n<meta property=\"og:description\" content=\"Der traditionsreiche Schweizer Schuhhersteller K\u00fcnzli kann seine Gesch\u00e4ftst\u00e4tigkeit fortsetzen.\" \/>\n<meta property=\"og:url\" content=\"https:\/\/www.organisator.ch\/fr\/gestion-2\/2024-10-23\/kuenzli-bleibt-in-schweizer-besitz-und-setzt-die-geschaeftstaetigkeit-fort\/\" \/>\n<meta property=\"og:site_name\" content=\"Organisator\" \/>\n<meta property=\"article:publisher\" content=\"https:\/\/www.facebook.com\/OrganisatorFachmagazin\" \/>\n<meta property=\"article:published_time\" content=\"2024-10-23T12:38:02+00:00\" \/>\n<meta property=\"article:modified_time\" content=\"2024-10-25T05:17:01+00:00\" \/>\n<meta property=\"og:image\" content=\"https:\/\/www.organisator.ch\/wp-content\/uploads\/2024\/10\/Kuenzli_Bild1_ps.jpg\" \/>\n\t<meta property=\"og:image:width\" content=\"680\" \/>\n\t<meta property=\"og:image:height\" content=\"680\" \/>\n\t<meta property=\"og:image:type\" content=\"image\/jpeg\" \/>\n<meta name=\"author\" content=\"Adelisa Kalajdzini\" \/>\n<meta name=\"twitter:card\" content=\"summary_large_image\" \/>\n<meta name=\"twitter:title\" content=\"K\u00fcnzli bleibt in Schweizer Besitz und setzt die Gesch\u00e4ftst\u00e4tigkeit fort\" \/>\n<meta name=\"twitter:description\" content=\"Der traditionsreiche #Schweizer #Schuhhersteller #K\u00fcnzli kann seine #Gesch\u00e4ftst\u00e4tigkeit #fortsetzen.\" \/>\n<meta name=\"twitter:image\" content=\"https:\/\/www.organisator.ch\/wp-content\/uploads\/2024\/10\/Kuenzli_Bild1_ps.jpg\" \/>\n<script type=\"application\/ld+json\" class=\"yoast-schema-graph\">{\"@context\":\"https:\\\/\\\/schema.org\",\"@graph\":[{\"@type\":\"Article\",\"@id\":\"https:\\\/\\\/www.organisator.ch\\\/management\\\/2024-10-23\\\/kuenzli-bleibt-in-schweizer-besitz-und-setzt-die-geschaeftstaetigkeit-fort\\\/#article\",\"isPartOf\":{\"@id\":\"https:\\\/\\\/www.organisator.ch\\\/management\\\/2024-10-23\\\/kuenzli-bleibt-in-schweizer-besitz-und-setzt-die-geschaeftstaetigkeit-fort\\\/\"},\"author\":{\"name\":\"Adelisa Kalajdzini\",\"@id\":\"https:\\\/\\\/www.organisator.ch\\\/#\\\/schema\\\/person\\\/2e1314a2172123f874db408d8911d3f3\"},\"headline\":\"K\u00fcnzli bleibt in Schweizer Besitz und setzt die Gesch\u00e4ftst\u00e4tigkeit fort\",\"datePublished\":\"2024-10-23T12:38:02+00:00\",\"dateModified\":\"2024-10-25T05:17:01+00:00\",\"mainEntityOfPage\":{\"@id\":\"https:\\\/\\\/www.organisator.ch\\\/management\\\/2024-10-23\\\/kuenzli-bleibt-in-schweizer-besitz-und-setzt-die-geschaeftstaetigkeit-fort\\\/\"},\"wordCount\":632,\"publisher\":{\"@id\":\"https:\\\/\\\/www.organisator.ch\\\/#organization\"},\"image\":{\"@id\":\"https:\\\/\\\/www.organisator.ch\\\/management\\\/2024-10-23\\\/kuenzli-bleibt-in-schweizer-besitz-und-setzt-die-geschaeftstaetigkeit-fort\\\/#primaryimage\"},\"thumbnailUrl\":\"https:\\\/\\\/www.organisator.ch\\\/wp-content\\\/uploads\\\/2024\\\/10\\\/Kuenzli_Bild1_ps.jpg\",\"keywords\":[\"Besitz\",\"Management und Unternehmensf\u00fchrung\",\"Schweiz\",\"Tradition\",\"Unternehmen\"],\"articleSection\":[\"MANAGEMENT\"],\"inLanguage\":\"fr-FR\"},{\"@type\":\"WebPage\",\"@id\":\"https:\\\/\\\/www.organisator.ch\\\/management\\\/2024-10-23\\\/kuenzli-bleibt-in-schweizer-besitz-und-setzt-die-geschaeftstaetigkeit-fort\\\/\",\"url\":\"https:\\\/\\\/www.organisator.ch\\\/management\\\/2024-10-23\\\/kuenzli-bleibt-in-schweizer-besitz-und-setzt-die-geschaeftstaetigkeit-fort\\\/\",\"name\":\"K\u00fcnzli bleibt in Schweizer Besitz und setzt die Gesch\u00e4ftst\u00e4tigkeit fort - Organisator\",\"isPartOf\":{\"@id\":\"https:\\\/\\\/www.organisator.ch\\\/#website\"},\"primaryImageOfPage\":{\"@id\":\"https:\\\/\\\/www.organisator.ch\\\/management\\\/2024-10-23\\\/kuenzli-bleibt-in-schweizer-besitz-und-setzt-die-geschaeftstaetigkeit-fort\\\/#primaryimage\"},\"image\":{\"@id\":\"https:\\\/\\\/www.organisator.ch\\\/management\\\/2024-10-23\\\/kuenzli-bleibt-in-schweizer-besitz-und-setzt-die-geschaeftstaetigkeit-fort\\\/#primaryimage\"},\"thumbnailUrl\":\"https:\\\/\\\/www.organisator.ch\\\/wp-content\\\/uploads\\\/2024\\\/10\\\/Kuenzli_Bild1_ps.jpg\",\"datePublished\":\"2024-10-23T12:38:02+00:00\",\"dateModified\":\"2024-10-25T05:17:01+00:00\",\"description\":\"Der traditionsreiche Schweizer Schuhhersteller K\u00fcnzli kann seine Gesch\u00e4ftst\u00e4tigkeit fortsetzen.\",\"breadcrumb\":{\"@id\":\"https:\\\/\\\/www.organisator.ch\\\/management\\\/2024-10-23\\\/kuenzli-bleibt-in-schweizer-besitz-und-setzt-die-geschaeftstaetigkeit-fort\\\/#breadcrumb\"},\"inLanguage\":\"fr-FR\",\"potentialAction\":[{\"@type\":\"ReadAction\",\"target\":[\"https:\\\/\\\/www.organisator.ch\\\/management\\\/2024-10-23\\\/kuenzli-bleibt-in-schweizer-besitz-und-setzt-die-geschaeftstaetigkeit-fort\\\/\"]}]},{\"@type\":\"ImageObject\",\"inLanguage\":\"fr-FR\",\"@id\":\"https:\\\/\\\/www.organisator.ch\\\/management\\\/2024-10-23\\\/kuenzli-bleibt-in-schweizer-besitz-und-setzt-die-geschaeftstaetigkeit-fort\\\/#primaryimage\",\"url\":\"https:\\\/\\\/www.organisator.ch\\\/wp-content\\\/uploads\\\/2024\\\/10\\\/Kuenzli_Bild1_ps.jpg\",\"contentUrl\":\"https:\\\/\\\/www.organisator.ch\\\/wp-content\\\/uploads\\\/2024\\\/10\\\/Kuenzli_Bild1_ps.jpg\",\"width\":680,\"height\":680,\"caption\":\"Roberto Martullo \u00fcbernimmt K\u00fcnzli per Januar 2025. (Bild: www.kuenzli-schuhe.ch)\"},{\"@type\":\"BreadcrumbList\",\"@id\":\"https:\\\/\\\/www.organisator.ch\\\/management\\\/2024-10-23\\\/kuenzli-bleibt-in-schweizer-besitz-und-setzt-die-geschaeftstaetigkeit-fort\\\/#breadcrumb\",\"itemListElement\":[{\"@type\":\"ListItem\",\"position\":1,\"name\":\"Home\",\"item\":\"https:\\\/\\\/www.organisator.ch\\\/\"},{\"@type\":\"ListItem\",\"position\":2,\"name\":\"K\u00fcnzli bleibt in Schweizer Besitz und setzt die Gesch\u00e4ftst\u00e4tigkeit fort\"}]},{\"@type\":\"WebSite\",\"@id\":\"https:\\\/\\\/www.organisator.ch\\\/#website\",\"url\":\"https:\\\/\\\/www.organisator.ch\\\/\",\"name\":\"Organisator\",\"description\":\"Kompetent. Praxisnah. Der ORGANISATOR bereitet in 10 Ausgaben pro Jahr die wesentlichen Themen f\u00fcr F\u00fchrungskr\u00e4fte von KMU auf.\",\"publisher\":{\"@id\":\"https:\\\/\\\/www.organisator.ch\\\/#organization\"},\"potentialAction\":[{\"@type\":\"SearchAction\",\"target\":{\"@type\":\"EntryPoint\",\"urlTemplate\":\"https:\\\/\\\/www.organisator.ch\\\/?s={search_term_string}\"},\"query-input\":{\"@type\":\"PropertyValueSpecification\",\"valueRequired\":true,\"valueName\":\"search_term_string\"}}],\"inLanguage\":\"fr-FR\"},{\"@type\":\"Organization\",\"@id\":\"https:\\\/\\\/www.organisator.ch\\\/#organization\",\"name\":\"Organisator\",\"url\":\"https:\\\/\\\/www.organisator.ch\\\/\",\"logo\":{\"@type\":\"ImageObject\",\"inLanguage\":\"fr-FR\",\"@id\":\"https:\\\/\\\/www.organisator.ch\\\/#\\\/schema\\\/logo\\\/image\\\/\",\"url\":\"https:\\\/\\\/www.organisator.ch\\\/wp-content\\\/uploads\\\/2022\\\/01\\\/Logo_Organisator_Website.png\",\"contentUrl\":\"https:\\\/\\\/www.organisator.ch\\\/wp-content\\\/uploads\\\/2022\\\/01\\\/Logo_Organisator_Website.png\",\"width\":800,\"height\":77,\"caption\":\"Organisator\"},\"image\":{\"@id\":\"https:\\\/\\\/www.organisator.ch\\\/#\\\/schema\\\/logo\\\/image\\\/\"},\"sameAs\":[\"https:\\\/\\\/www.facebook.com\\\/OrganisatorFachmagazin\",\"https:\\\/\\\/www.linkedin.com\\\/showcase\\\/organisator-das-magazin-fr-kmu\",\"https:\\\/\\\/www.xing.com\\\/news\\\/pages\\\/organisator-ch-695\",\"https:\\\/\\\/www.youtube.com\\\/channel\\\/UCGP2Sq0iWaZwT3BdIAQFYpw\"]},{\"@type\":\"Person\",\"@id\":\"https:\\\/\\\/www.organisator.ch\\\/#\\\/schema\\\/person\\\/2e1314a2172123f874db408d8911d3f3\",\"name\":\"Adelisa Kalajdzini\",\"image\":{\"@type\":\"ImageObject\",\"inLanguage\":\"fr-FR\",\"@id\":\"https:\\\/\\\/secure.gravatar.com\\\/avatar\\\/09a397c22ac58cad6f160ee8306348599df9df58a8ede73696226897b9fa4b24?s=96&d=mm&r=g\",\"url\":\"https:\\\/\\\/secure.gravatar.com\\\/avatar\\\/09a397c22ac58cad6f160ee8306348599df9df58a8ede73696226897b9fa4b24?s=96&d=mm&r=g\",\"contentUrl\":\"https:\\\/\\\/secure.gravatar.com\\\/avatar\\\/09a397c22ac58cad6f160ee8306348599df9df58a8ede73696226897b9fa4b24?s=96&d=mm&r=g\",\"caption\":\"Adelisa Kalajdzini\"},\"url\":\"https:\\\/\\\/www.organisator.ch\\\/fr\\\/author\\\/adelisa-kalajdzini\\\/\"}]}<\/script>\n<!-- \/ Yoast SEO plugin. -->","yoast_head_json":{"title":"K\u00fcnzli reste en mains suisses et poursuit ses activit\u00e9s - Organisateur","description":"Le fabricant suisse de chaussures K\u00fcnzli, riche en traditions, peut poursuivre ses activit\u00e9s.","robots":{"index":"index","follow":"follow","max-snippet":"max-snippet:-1","max-image-preview":"max-image-preview:large","max-video-preview":"max-video-preview:-1"},"canonical":"https:\/\/www.organisator.ch\/fr\/gestion-2\/2024-10-23\/kuenzli-bleibt-in-schweizer-besitz-und-setzt-die-geschaeftstaetigkeit-fort\/","og_locale":"fr_FR","og_type":"article","og_title":"K\u00fcnzli bleibt in Schweizer Besitz und setzt die Gesch\u00e4ftst\u00e4tigkeit fort","og_description":"Der traditionsreiche Schweizer Schuhhersteller K\u00fcnzli kann seine Gesch\u00e4ftst\u00e4tigkeit fortsetzen.","og_url":"https:\/\/www.organisator.ch\/fr\/gestion-2\/2024-10-23\/kuenzli-bleibt-in-schweizer-besitz-und-setzt-die-geschaeftstaetigkeit-fort\/","og_site_name":"Organisator","article_publisher":"https:\/\/www.facebook.com\/OrganisatorFachmagazin","article_published_time":"2024-10-23T12:38:02+00:00","article_modified_time":"2024-10-25T05:17:01+00:00","og_image":[{"width":680,"height":680,"url":"https:\/\/www.organisator.ch\/wp-content\/uploads\/2024\/10\/Kuenzli_Bild1_ps.jpg","type":"image\/jpeg"}],"author":"Adelisa Kalajdzini","twitter_card":"summary_large_image","twitter_title":"K\u00fcnzli bleibt in Schweizer Besitz und setzt die Gesch\u00e4ftst\u00e4tigkeit fort","twitter_description":"Der traditionsreiche #Schweizer #Schuhhersteller #K\u00fcnzli kann seine #Gesch\u00e4ftst\u00e4tigkeit #fortsetzen.","twitter_image":"https:\/\/www.organisator.ch\/wp-content\/uploads\/2024\/10\/Kuenzli_Bild1_ps.jpg","schema":{"@context":"https:\/\/schema.org","@graph":[{"@type":"Article","@id":"https:\/\/www.organisator.ch\/management\/2024-10-23\/kuenzli-bleibt-in-schweizer-besitz-und-setzt-die-geschaeftstaetigkeit-fort\/#article","isPartOf":{"@id":"https:\/\/www.organisator.ch\/management\/2024-10-23\/kuenzli-bleibt-in-schweizer-besitz-und-setzt-die-geschaeftstaetigkeit-fort\/"},"author":{"name":"Adelisa Kalajdzini","@id":"https:\/\/www.organisator.ch\/#\/schema\/person\/2e1314a2172123f874db408d8911d3f3"},"headline":"K\u00fcnzli bleibt in Schweizer Besitz und setzt die Gesch\u00e4ftst\u00e4tigkeit fort","datePublished":"2024-10-23T12:38:02+00:00","dateModified":"2024-10-25T05:17:01+00:00","mainEntityOfPage":{"@id":"https:\/\/www.organisator.ch\/management\/2024-10-23\/kuenzli-bleibt-in-schweizer-besitz-und-setzt-die-geschaeftstaetigkeit-fort\/"},"wordCount":632,"publisher":{"@id":"https:\/\/www.organisator.ch\/#organization"},"image":{"@id":"https:\/\/www.organisator.ch\/management\/2024-10-23\/kuenzli-bleibt-in-schweizer-besitz-und-setzt-die-geschaeftstaetigkeit-fort\/#primaryimage"},"thumbnailUrl":"https:\/\/www.organisator.ch\/wp-content\/uploads\/2024\/10\/Kuenzli_Bild1_ps.jpg","keywords":["Besitz","Management und Unternehmensf\u00fchrung","Schweiz","Tradition","Unternehmen"],"articleSection":["MANAGEMENT"],"inLanguage":"fr-FR"},{"@type":"WebPage","@id":"https:\/\/www.organisator.ch\/management\/2024-10-23\/kuenzli-bleibt-in-schweizer-besitz-und-setzt-die-geschaeftstaetigkeit-fort\/","url":"https:\/\/www.organisator.ch\/management\/2024-10-23\/kuenzli-bleibt-in-schweizer-besitz-und-setzt-die-geschaeftstaetigkeit-fort\/","name":"K\u00fcnzli reste en mains suisses et poursuit ses activit\u00e9s - Organisateur","isPartOf":{"@id":"https:\/\/www.organisator.ch\/#website"},"primaryImageOfPage":{"@id":"https:\/\/www.organisator.ch\/management\/2024-10-23\/kuenzli-bleibt-in-schweizer-besitz-und-setzt-die-geschaeftstaetigkeit-fort\/#primaryimage"},"image":{"@id":"https:\/\/www.organisator.ch\/management\/2024-10-23\/kuenzli-bleibt-in-schweizer-besitz-und-setzt-die-geschaeftstaetigkeit-fort\/#primaryimage"},"thumbnailUrl":"https:\/\/www.organisator.ch\/wp-content\/uploads\/2024\/10\/Kuenzli_Bild1_ps.jpg","datePublished":"2024-10-23T12:38:02+00:00","dateModified":"2024-10-25T05:17:01+00:00","description":"Le fabricant suisse de chaussures K\u00fcnzli, riche en traditions, peut poursuivre ses activit\u00e9s.","breadcrumb":{"@id":"https:\/\/www.organisator.ch\/management\/2024-10-23\/kuenzli-bleibt-in-schweizer-besitz-und-setzt-die-geschaeftstaetigkeit-fort\/#breadcrumb"},"inLanguage":"fr-FR","potentialAction":[{"@type":"ReadAction","target":["https:\/\/www.organisator.ch\/management\/2024-10-23\/kuenzli-bleibt-in-schweizer-besitz-und-setzt-die-geschaeftstaetigkeit-fort\/"]}]},{"@type":"ImageObject","inLanguage":"fr-FR","@id":"https:\/\/www.organisator.ch\/management\/2024-10-23\/kuenzli-bleibt-in-schweizer-besitz-und-setzt-die-geschaeftstaetigkeit-fort\/#primaryimage","url":"https:\/\/www.organisator.ch\/wp-content\/uploads\/2024\/10\/Kuenzli_Bild1_ps.jpg","contentUrl":"https:\/\/www.organisator.ch\/wp-content\/uploads\/2024\/10\/Kuenzli_Bild1_ps.jpg","width":680,"height":680,"caption":"Roberto Martullo \u00fcbernimmt K\u00fcnzli per Januar 2025. (Bild: www.kuenzli-schuhe.ch)"},{"@type":"BreadcrumbList","@id":"https:\/\/www.organisator.ch\/management\/2024-10-23\/kuenzli-bleibt-in-schweizer-besitz-und-setzt-die-geschaeftstaetigkeit-fort\/#breadcrumb","itemListElement":[{"@type":"ListItem","position":1,"name":"Home","item":"https:\/\/www.organisator.ch\/"},{"@type":"ListItem","position":2,"name":"K\u00fcnzli bleibt in Schweizer Besitz und setzt die Gesch\u00e4ftst\u00e4tigkeit fort"}]},{"@type":"WebSite","@id":"https:\/\/www.organisator.ch\/#website","url":"https:\/\/www.organisator.ch\/","name":"Organisateur","description":"Comp\u00e9tence et comp\u00e9tence. Proches de la pratique. L'ORGANISATEUR pr\u00e9pare 10 num\u00e9ros par an sur les th\u00e8mes essentiels pour les dirigeants de PME.","publisher":{"@id":"https:\/\/www.organisator.ch\/#organization"},"potentialAction":[{"@type":"SearchAction","target":{"@type":"EntryPoint","urlTemplate":"https:\/\/www.organisator.ch\/?s={search_term_string}"},"query-input":{"@type":"PropertyValueSpecification","valueRequired":true,"valueName":"search_term_string"}}],"inLanguage":"fr-FR"},{"@type":"Organization","@id":"https:\/\/www.organisator.ch\/#organization","name":"Organisateur","url":"https:\/\/www.organisator.ch\/","logo":{"@type":"ImageObject","inLanguage":"fr-FR","@id":"https:\/\/www.organisator.ch\/#\/schema\/logo\/image\/","url":"https:\/\/www.organisator.ch\/wp-content\/uploads\/2022\/01\/Logo_Organisator_Website.png","contentUrl":"https:\/\/www.organisator.ch\/wp-content\/uploads\/2022\/01\/Logo_Organisator_Website.png","width":800,"height":77,"caption":"Organisator"},"image":{"@id":"https:\/\/www.organisator.ch\/#\/schema\/logo\/image\/"},"sameAs":["https:\/\/www.facebook.com\/OrganisatorFachmagazin","https:\/\/www.linkedin.com\/showcase\/organisator-das-magazin-fr-kmu","https:\/\/www.xing.com\/news\/pages\/organisator-ch-695","https:\/\/www.youtube.com\/channel\/UCGP2Sq0iWaZwT3BdIAQFYpw"]},{"@type":"Person","@id":"https:\/\/www.organisator.ch\/#\/schema\/person\/2e1314a2172123f874db408d8911d3f3","name":"Adelisa Kalajdzini","image":{"@type":"ImageObject","inLanguage":"fr-FR","@id":"https:\/\/secure.gravatar.com\/avatar\/09a397c22ac58cad6f160ee8306348599df9df58a8ede73696226897b9fa4b24?s=96&d=mm&r=g","url":"https:\/\/secure.gravatar.com\/avatar\/09a397c22ac58cad6f160ee8306348599df9df58a8ede73696226897b9fa4b24?s=96&d=mm&r=g","contentUrl":"https:\/\/secure.gravatar.com\/avatar\/09a397c22ac58cad6f160ee8306348599df9df58a8ede73696226897b9fa4b24?s=96&d=mm&r=g","caption":"Adelisa Kalajdzini"},"url":"https:\/\/www.organisator.ch\/fr\/author\/adelisa-kalajdzini\/"}]}},"_links":{"self":[{"href":"https:\/\/www.organisator.ch\/fr\/wp-json\/wp\/v2\/posts\/31153","targetHints":{"allow":["GET"]}}],"collection":[{"href":"https:\/\/www.organisator.ch\/fr\/wp-json\/wp\/v2\/posts"}],"about":[{"href":"https:\/\/www.organisator.ch\/fr\/wp-json\/wp\/v2\/types\/post"}],"author":[{"embeddable":true,"href":"https:\/\/www.organisator.ch\/fr\/wp-json\/wp\/v2\/users\/58"}],"replies":[{"embeddable":true,"href":"https:\/\/www.organisator.ch\/fr\/wp-json\/wp\/v2\/comments?post=31153"}],"version-history":[{"count":6,"href":"https:\/\/www.organisator.ch\/fr\/wp-json\/wp\/v2\/posts\/31153\/revisions"}],"predecessor-version":[{"id":31220,"href":"https:\/\/www.organisator.ch\/fr\/wp-json\/wp\/v2\/posts\/31153\/revisions\/31220"}],"wp:featuredmedia":[{"embeddable":true,"href":"https:\/\/www.organisator.ch\/fr\/wp-json\/wp\/v2\/media\/31155"}],"wp:attachment":[{"href":"https:\/\/www.organisator.ch\/fr\/wp-json\/wp\/v2\/media?parent=31153"}],"wp:term":[{"taxonomy":"category","embeddable":true,"href":"https:\/\/www.organisator.ch\/fr\/wp-json\/wp\/v2\/categories?post=31153"},{"taxonomy":"post_tag","embeddable":true,"href":"https:\/\/www.organisator.ch\/fr\/wp-json\/wp\/v2\/tags?post=31153"}],"curies":[{"name":"wp","href":"https:\/\/api.w.org\/{rel}","templated":true}]}}