{"id":31158,"date":"2024-10-23T10:04:46","date_gmt":"2024-10-23T08:04:46","guid":{"rendered":"https:\/\/www.markt-kom.com\/?p=225393"},"modified":"2024-11-07T11:58:33","modified_gmt":"2024-11-07T10:58:33","slug":"pr-trendmonitor-nennt-die-gefaehrlichsten-ausloeser-fuer-kommunikationskrisen","status":"publish","type":"post","link":"https:\/\/www.organisator.ch\/fr\/marketing\/2024-10-23\/pr-trendmonitor-nennt-die-gefaehrlichsten-ausloeser-fuer-kommunikationskrisen\/","title":{"rendered":"PR-Trendmonitor nomme les d\u00e9clencheurs les plus dangereux de crises de communication"},"content":{"rendered":"<figure id=\"attachment_225394\" class=\"wp-caption aligncenter\" style=\"width: 1200px\" aria-describedby=\"caption-attachment-225394\"><img class=\"aligncenter wp-image-225394 size-full\" src=\"https:\/\/www.markt-kom.com\/wp-content\/uploads\/2024\/10\/newsaktuell-Infografik-Ausloeser-Kommunikationskrisen-CH.jpg\" alt=\"D\u00e9clencheurs de crises de communication\" width=\"1200\" height=\"962\" \/>\r\n<figcaption id=\"caption-attachment-225394\" class=\"wp-caption-text\">(Graphique : News Aktuell\/Per)<\/figcaption>\r\n<\/figure>\r\n<p>Interrog\u00e9s sur les d\u00e9clencheurs les plus dangereux des crises de communication, une personne interrog\u00e9e sur trois cite la d\u00e9sinformation comme le facteur de risque le plus \u00e9lev\u00e9 (33 %). Presque autant de professionnels des RP sont d'avis que la dissimulation d'erreurs est le plus grand acc\u00e9l\u00e9rateur de crise (32 %). Pour les personnes interrog\u00e9es, la troisi\u00e8me cause cit\u00e9e est le comportement personnel fautif des cadres sup\u00e9rieurs (28 %).<\/p>\r\n<p>Les shitstorms dans les m\u00e9dias sociaux sont pour une personne sur quatre le d\u00e9clencheur de crise le plus dangereux (25 %), les d\u00e9lits criminels contre l'entreprise, comme par exemple une cyberattaque, augmentent consid\u00e9rablement le potentiel de crise pour une personne interrog\u00e9e sur cinq (23 %).<\/p>\r\n<p>Environ une personne sur dix estime qu'il y a un risque accru de crise si l'entreprise fait l'objet d'une enqu\u00eate du minist\u00e8re public (13 %), si les produits sont d\u00e9fectueux (12 %), si les propres collaborateurs font preuve d'un comportement personnel fautif (12 %) ou si la protection des donn\u00e9es est viol\u00e9e (10 %).<\/p>\r\n<p>En revanche, la plupart des personnes interrog\u00e9es consid\u00e8rent les ph\u00e9nom\u00e8nes naturels comme moins dangereux : Seuls 6 % craignent les tremblements de terre ou les raz-de-mar\u00e9e comme d\u00e9clencheurs les plus dangereux de crises de communication. Les personnes interrog\u00e9es sont les moins pr\u00e9occup\u00e9es par une \u00e9ventuelle diffamation de la part de concurrents (3 %).<\/p>\r\n<h3>Les d\u00e9clencheurs les plus dangereux de crises de communication, selon l'enqu\u00eate<\/h3>\r\n<ol>\r\n\t<li>Fausses informations &amp; informations trompeuses 33%<\/li>\r\n\t<li>Dissimulation d'erreurs 32%<\/li>\r\n\t<li>Faute personnelle de la direction 28%<\/li>\r\n\t<li>Shitstorm sur les m\u00e9dias sociaux 25%<\/li>\r\n\t<li>Criminalit\u00e9 (par exemple, cyberattaques) 23%<\/li>\r\n\t<li>Manque de transparence 22%<\/li>\r\n\t<li>\u00c9chec du top management 22%<\/li>\r\n\t<li>Probl\u00e8mes de conformit\u00e9 20%<\/li>\r\n\t<li>Enqu\u00eates du minist\u00e8re public 13%<\/li>\r\n\t<li>Produits d\u00e9fectueux 12%<\/li>\r\n\t<li>Comportement personnel fautif de collaborateurs 12%<\/li>\r\n\t<li>Atteintes \u00e0 la protection des donn\u00e9es 10%<\/li>\r\n\t<li>Probl\u00e8mes \u00e9conomiques 9%<\/li>\r\n\t<li>Mauvaises conditions de travail 8%<\/li>\r\n\t<li>Mauvais service 8%<\/li>\r\n\t<li>\u00c9v\u00e9nements naturels (p. ex. raz-de-mar\u00e9e, tremblement de terre) 6%<\/li>\r\n\t<li>Diffamation par un concurrent 3%<\/li>\r\n<\/ol>\r\n<hr \/>\r\n<p><em>Dans le cadre du <strong><a href=\"https:\/\/www.newsaktuell.de\/blog\/search\/?s=PR-Trendmonitor\">PR-Trendmonitor de News Aktuell et Per<\/a><\/strong> une enqu\u00eate en ligne a \u00e9t\u00e9 men\u00e9e en f\u00e9vrier 2024 aupr\u00e8s de 327 professionnels de la communication issus d'entreprises, d'organisations et d'agences de RP en Suisse et en Allemagne. Trois mentions au maximum \u00e9taient possibles.<\/em><\/p>","protected":false},"excerpt":{"rendered":"<p>Les fausses informations et les informations trompeuses sont les plus grands facteurs de crise dans la communication. La dissimulation d'erreurs et les fautes personnelles du management conduisent \u00e9galement souvent \u00e0 une crise d'entreprise. C'est \u00e0 ces conclusions que parvient le PR-Trendmonitor de news aktuell et PER. 327 professionnels et cadres des RP de Suisse et d'Allemagne ont particip\u00e9 \u00e0 l'enqu\u00eate.<\/p>","protected":false},"author":8,"featured_media":0,"comment_status":"closed","ping_status":"closed","sticky":false,"template":"","format":"standard","meta":{"_acf_changed":false,"_yoast_wpseo_focuskw":"Ausl\u00f6ser f\u00fcr Kommunikationskrisen","_yoast_wpseo_metadesc":"Desinformation und Fehlerverdeckung sind laut Umfrage die gr\u00f6\u00dften Ausl\u00f6ser f\u00fcr Kommunikationskrisen.","articlekey":"","footnotes":""},"categories":[29],"tags":[4343,4497,4671,459],"class_list":["post-31158","post","type-post","status-publish","format-standard","hentry","category-marketing","tag-markom","tag-news-aktuell","tag-pr-trendmonitor","tag-studie"],"acf":[],"yoast_head":"<!-- This site is optimized with the Yoast SEO plugin v27.5 - https:\/\/yoast.com\/product\/yoast-seo-wordpress\/ -->\n<title>PR-Trendmonitor nennt die gef\u00e4hrlichsten Ausl\u00f6ser f\u00fcr Kommunikationskrisen - Organisator<\/title>\n<meta name=\"description\" content=\"Desinformation und Fehlerverdeckung sind laut Umfrage die gr\u00f6\u00dften Ausl\u00f6ser f\u00fcr Kommunikationskrisen.\" \/>\n<meta name=\"robots\" content=\"index, follow, max-snippet:-1, max-image-preview:large, max-video-preview:-1\" \/>\n<link rel=\"canonical\" href=\"https:\/\/www.organisator.ch\/fr\/marketing\/2024-10-23\/pr-trendmonitor-nennt-die-gefaehrlichsten-ausloeser-fuer-kommunikationskrisen\/\" \/>\n<meta property=\"og:locale\" content=\"fr_FR\" \/>\n<meta property=\"og:type\" content=\"article\" \/>\n<meta property=\"og:title\" content=\"PR-Trendmonitor nennt die gef\u00e4hrlichsten Ausl\u00f6ser f\u00fcr Kommunikationskrisen - Organisator\" \/>\n<meta property=\"og:description\" content=\"Desinformation und Fehlerverdeckung sind laut Umfrage die gr\u00f6\u00dften Ausl\u00f6ser f\u00fcr Kommunikationskrisen.\" \/>\n<meta property=\"og:url\" content=\"https:\/\/www.organisator.ch\/fr\/marketing\/2024-10-23\/pr-trendmonitor-nennt-die-gefaehrlichsten-ausloeser-fuer-kommunikationskrisen\/\" \/>\n<meta property=\"og:site_name\" content=\"Organisator\" \/>\n<meta property=\"article:publisher\" content=\"https:\/\/www.facebook.com\/OrganisatorFachmagazin\" \/>\n<meta property=\"article:published_time\" content=\"2024-10-23T08:04:46+00:00\" \/>\n<meta property=\"article:modified_time\" content=\"2024-11-07T10:58:33+00:00\" \/>\n<meta property=\"og:image\" content=\"https:\/\/www.markt-kom.com\/wp-content\/uploads\/2024\/10\/newsaktuell-Infografik-Ausloeser-Kommunikationskrisen-CH.jpg\" \/>\n<meta name=\"author\" content=\"galledia\" \/>\n<meta name=\"twitter:card\" content=\"summary_large_image\" \/>\n<meta name=\"twitter:creator\" content=\"@admin\" \/>\n<script type=\"application\/ld+json\" class=\"yoast-schema-graph\">{\"@context\":\"https:\\\/\\\/schema.org\",\"@graph\":[{\"@type\":\"Article\",\"@id\":\"https:\\\/\\\/www.organisator.ch\\\/marketing\\\/2024-10-23\\\/pr-trendmonitor-nennt-die-gefaehrlichsten-ausloeser-fuer-kommunikationskrisen\\\/#article\",\"isPartOf\":{\"@id\":\"https:\\\/\\\/www.organisator.ch\\\/marketing\\\/2024-10-23\\\/pr-trendmonitor-nennt-die-gefaehrlichsten-ausloeser-fuer-kommunikationskrisen\\\/\"},\"author\":{\"name\":\"galledia\",\"@id\":\"https:\\\/\\\/www.organisator.ch\\\/#\\\/schema\\\/person\\\/4e51799071cd2dd1232ac003643ef5f0\"},\"headline\":\"PR-Trendmonitor nennt die gef\u00e4hrlichsten Ausl\u00f6ser f\u00fcr Kommunikationskrisen\",\"datePublished\":\"2024-10-23T08:04:46+00:00\",\"dateModified\":\"2024-11-07T10:58:33+00:00\",\"mainEntityOfPage\":{\"@id\":\"https:\\\/\\\/www.organisator.ch\\\/marketing\\\/2024-10-23\\\/pr-trendmonitor-nennt-die-gefaehrlichsten-ausloeser-fuer-kommunikationskrisen\\\/\"},\"wordCount\":292,\"publisher\":{\"@id\":\"https:\\\/\\\/www.organisator.ch\\\/#organization\"},\"image\":{\"@id\":\"https:\\\/\\\/www.organisator.ch\\\/marketing\\\/2024-10-23\\\/pr-trendmonitor-nennt-die-gefaehrlichsten-ausloeser-fuer-kommunikationskrisen\\\/#primaryimage\"},\"thumbnailUrl\":\"https:\\\/\\\/www.markt-kom.com\\\/wp-content\\\/uploads\\\/2024\\\/10\\\/newsaktuell-Infografik-Ausloeser-Kommunikationskrisen-CH.jpg\",\"keywords\":[\"MarKom\",\"News Aktuell\",\"PR-Trendmonitor\",\"Studie\"],\"articleSection\":[\"MARKETING\"],\"inLanguage\":\"fr-FR\"},{\"@type\":\"WebPage\",\"@id\":\"https:\\\/\\\/www.organisator.ch\\\/marketing\\\/2024-10-23\\\/pr-trendmonitor-nennt-die-gefaehrlichsten-ausloeser-fuer-kommunikationskrisen\\\/\",\"url\":\"https:\\\/\\\/www.organisator.ch\\\/marketing\\\/2024-10-23\\\/pr-trendmonitor-nennt-die-gefaehrlichsten-ausloeser-fuer-kommunikationskrisen\\\/\",\"name\":\"PR-Trendmonitor nennt die gef\u00e4hrlichsten Ausl\u00f6ser f\u00fcr Kommunikationskrisen - Organisator\",\"isPartOf\":{\"@id\":\"https:\\\/\\\/www.organisator.ch\\\/#website\"},\"primaryImageOfPage\":{\"@id\":\"https:\\\/\\\/www.organisator.ch\\\/marketing\\\/2024-10-23\\\/pr-trendmonitor-nennt-die-gefaehrlichsten-ausloeser-fuer-kommunikationskrisen\\\/#primaryimage\"},\"image\":{\"@id\":\"https:\\\/\\\/www.organisator.ch\\\/marketing\\\/2024-10-23\\\/pr-trendmonitor-nennt-die-gefaehrlichsten-ausloeser-fuer-kommunikationskrisen\\\/#primaryimage\"},\"thumbnailUrl\":\"https:\\\/\\\/www.markt-kom.com\\\/wp-content\\\/uploads\\\/2024\\\/10\\\/newsaktuell-Infografik-Ausloeser-Kommunikationskrisen-CH.jpg\",\"datePublished\":\"2024-10-23T08:04:46+00:00\",\"dateModified\":\"2024-11-07T10:58:33+00:00\",\"description\":\"Desinformation und Fehlerverdeckung sind laut Umfrage die gr\u00f6\u00dften Ausl\u00f6ser f\u00fcr Kommunikationskrisen.\",\"breadcrumb\":{\"@id\":\"https:\\\/\\\/www.organisator.ch\\\/marketing\\\/2024-10-23\\\/pr-trendmonitor-nennt-die-gefaehrlichsten-ausloeser-fuer-kommunikationskrisen\\\/#breadcrumb\"},\"inLanguage\":\"fr-FR\",\"potentialAction\":[{\"@type\":\"ReadAction\",\"target\":[\"https:\\\/\\\/www.organisator.ch\\\/marketing\\\/2024-10-23\\\/pr-trendmonitor-nennt-die-gefaehrlichsten-ausloeser-fuer-kommunikationskrisen\\\/\"]}]},{\"@type\":\"ImageObject\",\"inLanguage\":\"fr-FR\",\"@id\":\"https:\\\/\\\/www.organisator.ch\\\/marketing\\\/2024-10-23\\\/pr-trendmonitor-nennt-die-gefaehrlichsten-ausloeser-fuer-kommunikationskrisen\\\/#primaryimage\",\"url\":\"https:\\\/\\\/www.markt-kom.com\\\/wp-content\\\/uploads\\\/2024\\\/10\\\/newsaktuell-Infografik-Ausloeser-Kommunikationskrisen-CH.jpg\",\"contentUrl\":\"https:\\\/\\\/www.markt-kom.com\\\/wp-content\\\/uploads\\\/2024\\\/10\\\/newsaktuell-Infografik-Ausloeser-Kommunikationskrisen-CH.jpg\"},{\"@type\":\"BreadcrumbList\",\"@id\":\"https:\\\/\\\/www.organisator.ch\\\/marketing\\\/2024-10-23\\\/pr-trendmonitor-nennt-die-gefaehrlichsten-ausloeser-fuer-kommunikationskrisen\\\/#breadcrumb\",\"itemListElement\":[{\"@type\":\"ListItem\",\"position\":1,\"name\":\"Home\",\"item\":\"https:\\\/\\\/www.organisator.ch\\\/\"},{\"@type\":\"ListItem\",\"position\":2,\"name\":\"PR-Trendmonitor nennt die gef\u00e4hrlichsten Ausl\u00f6ser f\u00fcr Kommunikationskrisen\"}]},{\"@type\":\"WebSite\",\"@id\":\"https:\\\/\\\/www.organisator.ch\\\/#website\",\"url\":\"https:\\\/\\\/www.organisator.ch\\\/\",\"name\":\"Organisator\",\"description\":\"Kompetent. Praxisnah. Der ORGANISATOR bereitet in 10 Ausgaben pro Jahr die wesentlichen Themen f\u00fcr F\u00fchrungskr\u00e4fte von KMU auf.\",\"publisher\":{\"@id\":\"https:\\\/\\\/www.organisator.ch\\\/#organization\"},\"potentialAction\":[{\"@type\":\"SearchAction\",\"target\":{\"@type\":\"EntryPoint\",\"urlTemplate\":\"https:\\\/\\\/www.organisator.ch\\\/?s={search_term_string}\"},\"query-input\":{\"@type\":\"PropertyValueSpecification\",\"valueRequired\":true,\"valueName\":\"search_term_string\"}}],\"inLanguage\":\"fr-FR\"},{\"@type\":\"Organization\",\"@id\":\"https:\\\/\\\/www.organisator.ch\\\/#organization\",\"name\":\"Organisator\",\"url\":\"https:\\\/\\\/www.organisator.ch\\\/\",\"logo\":{\"@type\":\"ImageObject\",\"inLanguage\":\"fr-FR\",\"@id\":\"https:\\\/\\\/www.organisator.ch\\\/#\\\/schema\\\/logo\\\/image\\\/\",\"url\":\"https:\\\/\\\/www.organisator.ch\\\/wp-content\\\/uploads\\\/2022\\\/01\\\/Logo_Organisator_Website.png\",\"contentUrl\":\"https:\\\/\\\/www.organisator.ch\\\/wp-content\\\/uploads\\\/2022\\\/01\\\/Logo_Organisator_Website.png\",\"width\":800,\"height\":77,\"caption\":\"Organisator\"},\"image\":{\"@id\":\"https:\\\/\\\/www.organisator.ch\\\/#\\\/schema\\\/logo\\\/image\\\/\"},\"sameAs\":[\"https:\\\/\\\/www.facebook.com\\\/OrganisatorFachmagazin\",\"https:\\\/\\\/www.linkedin.com\\\/showcase\\\/organisator-das-magazin-fr-kmu\",\"https:\\\/\\\/www.xing.com\\\/news\\\/pages\\\/organisator-ch-695\",\"https:\\\/\\\/www.youtube.com\\\/channel\\\/UCGP2Sq0iWaZwT3BdIAQFYpw\"]},{\"@type\":\"Person\",\"@id\":\"https:\\\/\\\/www.organisator.ch\\\/#\\\/schema\\\/person\\\/4e51799071cd2dd1232ac003643ef5f0\",\"name\":\"galledia\",\"image\":{\"@type\":\"ImageObject\",\"inLanguage\":\"fr-FR\",\"@id\":\"https:\\\/\\\/secure.gravatar.com\\\/avatar\\\/78a7f90c01fc2bfc875782a0d4922b37cde2cf184ce347b91316d23cd7f69a36?s=96&d=mm&r=g\",\"url\":\"https:\\\/\\\/secure.gravatar.com\\\/avatar\\\/78a7f90c01fc2bfc875782a0d4922b37cde2cf184ce347b91316d23cd7f69a36?s=96&d=mm&r=g\",\"contentUrl\":\"https:\\\/\\\/secure.gravatar.com\\\/avatar\\\/78a7f90c01fc2bfc875782a0d4922b37cde2cf184ce347b91316d23cd7f69a36?s=96&d=mm&r=g\",\"caption\":\"galledia\"},\"sameAs\":[\"https:\\\/\\\/x.com\\\/admin\"],\"url\":\"https:\\\/\\\/www.organisator.ch\\\/fr\\\/author\\\/galledia\\\/\"}]}<\/script>\n<!-- \/ Yoast SEO plugin. -->","yoast_head_json":{"title":"PR-Trendmonitor nomme les d\u00e9clencheurs de crises de communication les plus dangereux - Organisator","description":"La d\u00e9sinformation et la dissimulation d'erreurs sont, selon l'enqu\u00eate, les principaux d\u00e9clencheurs de crises de communication.","robots":{"index":"index","follow":"follow","max-snippet":"max-snippet:-1","max-image-preview":"max-image-preview:large","max-video-preview":"max-video-preview:-1"},"canonical":"https:\/\/www.organisator.ch\/fr\/marketing\/2024-10-23\/pr-trendmonitor-nennt-die-gefaehrlichsten-ausloeser-fuer-kommunikationskrisen\/","og_locale":"fr_FR","og_type":"article","og_title":"PR-Trendmonitor nennt die gef\u00e4hrlichsten Ausl\u00f6ser f\u00fcr Kommunikationskrisen - Organisator","og_description":"Desinformation und Fehlerverdeckung sind laut Umfrage die gr\u00f6\u00dften Ausl\u00f6ser f\u00fcr Kommunikationskrisen.","og_url":"https:\/\/www.organisator.ch\/fr\/marketing\/2024-10-23\/pr-trendmonitor-nennt-die-gefaehrlichsten-ausloeser-fuer-kommunikationskrisen\/","og_site_name":"Organisator","article_publisher":"https:\/\/www.facebook.com\/OrganisatorFachmagazin","article_published_time":"2024-10-23T08:04:46+00:00","article_modified_time":"2024-11-07T10:58:33+00:00","og_image":[{"url":"https:\/\/www.markt-kom.com\/wp-content\/uploads\/2024\/10\/newsaktuell-Infografik-Ausloeser-Kommunikationskrisen-CH.jpg","type":"","width":"","height":""}],"author":"galledia","twitter_card":"summary_large_image","twitter_creator":"@admin","schema":{"@context":"https:\/\/schema.org","@graph":[{"@type":"Article","@id":"https:\/\/www.organisator.ch\/marketing\/2024-10-23\/pr-trendmonitor-nennt-die-gefaehrlichsten-ausloeser-fuer-kommunikationskrisen\/#article","isPartOf":{"@id":"https:\/\/www.organisator.ch\/marketing\/2024-10-23\/pr-trendmonitor-nennt-die-gefaehrlichsten-ausloeser-fuer-kommunikationskrisen\/"},"author":{"name":"galledia","@id":"https:\/\/www.organisator.ch\/#\/schema\/person\/4e51799071cd2dd1232ac003643ef5f0"},"headline":"PR-Trendmonitor nennt die gef\u00e4hrlichsten Ausl\u00f6ser f\u00fcr Kommunikationskrisen","datePublished":"2024-10-23T08:04:46+00:00","dateModified":"2024-11-07T10:58:33+00:00","mainEntityOfPage":{"@id":"https:\/\/www.organisator.ch\/marketing\/2024-10-23\/pr-trendmonitor-nennt-die-gefaehrlichsten-ausloeser-fuer-kommunikationskrisen\/"},"wordCount":292,"publisher":{"@id":"https:\/\/www.organisator.ch\/#organization"},"image":{"@id":"https:\/\/www.organisator.ch\/marketing\/2024-10-23\/pr-trendmonitor-nennt-die-gefaehrlichsten-ausloeser-fuer-kommunikationskrisen\/#primaryimage"},"thumbnailUrl":"https:\/\/www.markt-kom.com\/wp-content\/uploads\/2024\/10\/newsaktuell-Infografik-Ausloeser-Kommunikationskrisen-CH.jpg","keywords":["MarKom","News Aktuell","PR-Trendmonitor","Studie"],"articleSection":["MARKETING"],"inLanguage":"fr-FR"},{"@type":"WebPage","@id":"https:\/\/www.organisator.ch\/marketing\/2024-10-23\/pr-trendmonitor-nennt-die-gefaehrlichsten-ausloeser-fuer-kommunikationskrisen\/","url":"https:\/\/www.organisator.ch\/marketing\/2024-10-23\/pr-trendmonitor-nennt-die-gefaehrlichsten-ausloeser-fuer-kommunikationskrisen\/","name":"PR-Trendmonitor nomme les d\u00e9clencheurs de crises de communication les plus dangereux - Organisator","isPartOf":{"@id":"https:\/\/www.organisator.ch\/#website"},"primaryImageOfPage":{"@id":"https:\/\/www.organisator.ch\/marketing\/2024-10-23\/pr-trendmonitor-nennt-die-gefaehrlichsten-ausloeser-fuer-kommunikationskrisen\/#primaryimage"},"image":{"@id":"https:\/\/www.organisator.ch\/marketing\/2024-10-23\/pr-trendmonitor-nennt-die-gefaehrlichsten-ausloeser-fuer-kommunikationskrisen\/#primaryimage"},"thumbnailUrl":"https:\/\/www.markt-kom.com\/wp-content\/uploads\/2024\/10\/newsaktuell-Infografik-Ausloeser-Kommunikationskrisen-CH.jpg","datePublished":"2024-10-23T08:04:46+00:00","dateModified":"2024-11-07T10:58:33+00:00","description":"La d\u00e9sinformation et la dissimulation d'erreurs sont, selon l'enqu\u00eate, les principaux d\u00e9clencheurs de crises de communication.","breadcrumb":{"@id":"https:\/\/www.organisator.ch\/marketing\/2024-10-23\/pr-trendmonitor-nennt-die-gefaehrlichsten-ausloeser-fuer-kommunikationskrisen\/#breadcrumb"},"inLanguage":"fr-FR","potentialAction":[{"@type":"ReadAction","target":["https:\/\/www.organisator.ch\/marketing\/2024-10-23\/pr-trendmonitor-nennt-die-gefaehrlichsten-ausloeser-fuer-kommunikationskrisen\/"]}]},{"@type":"ImageObject","inLanguage":"fr-FR","@id":"https:\/\/www.organisator.ch\/marketing\/2024-10-23\/pr-trendmonitor-nennt-die-gefaehrlichsten-ausloeser-fuer-kommunikationskrisen\/#primaryimage","url":"https:\/\/www.markt-kom.com\/wp-content\/uploads\/2024\/10\/newsaktuell-Infografik-Ausloeser-Kommunikationskrisen-CH.jpg","contentUrl":"https:\/\/www.markt-kom.com\/wp-content\/uploads\/2024\/10\/newsaktuell-Infografik-Ausloeser-Kommunikationskrisen-CH.jpg"},{"@type":"BreadcrumbList","@id":"https:\/\/www.organisator.ch\/marketing\/2024-10-23\/pr-trendmonitor-nennt-die-gefaehrlichsten-ausloeser-fuer-kommunikationskrisen\/#breadcrumb","itemListElement":[{"@type":"ListItem","position":1,"name":"Home","item":"https:\/\/www.organisator.ch\/"},{"@type":"ListItem","position":2,"name":"PR-Trendmonitor nennt die gef\u00e4hrlichsten Ausl\u00f6ser f\u00fcr Kommunikationskrisen"}]},{"@type":"WebSite","@id":"https:\/\/www.organisator.ch\/#website","url":"https:\/\/www.organisator.ch\/","name":"Organisateur","description":"Comp\u00e9tence et comp\u00e9tence. Proches de la pratique. L'ORGANISATEUR pr\u00e9pare 10 num\u00e9ros par an sur les th\u00e8mes essentiels pour les dirigeants de PME.","publisher":{"@id":"https:\/\/www.organisator.ch\/#organization"},"potentialAction":[{"@type":"SearchAction","target":{"@type":"EntryPoint","urlTemplate":"https:\/\/www.organisator.ch\/?s={search_term_string}"},"query-input":{"@type":"PropertyValueSpecification","valueRequired":true,"valueName":"search_term_string"}}],"inLanguage":"fr-FR"},{"@type":"Organization","@id":"https:\/\/www.organisator.ch\/#organization","name":"Organisateur","url":"https:\/\/www.organisator.ch\/","logo":{"@type":"ImageObject","inLanguage":"fr-FR","@id":"https:\/\/www.organisator.ch\/#\/schema\/logo\/image\/","url":"https:\/\/www.organisator.ch\/wp-content\/uploads\/2022\/01\/Logo_Organisator_Website.png","contentUrl":"https:\/\/www.organisator.ch\/wp-content\/uploads\/2022\/01\/Logo_Organisator_Website.png","width":800,"height":77,"caption":"Organisator"},"image":{"@id":"https:\/\/www.organisator.ch\/#\/schema\/logo\/image\/"},"sameAs":["https:\/\/www.facebook.com\/OrganisatorFachmagazin","https:\/\/www.linkedin.com\/showcase\/organisator-das-magazin-fr-kmu","https:\/\/www.xing.com\/news\/pages\/organisator-ch-695","https:\/\/www.youtube.com\/channel\/UCGP2Sq0iWaZwT3BdIAQFYpw"]},{"@type":"Person","@id":"https:\/\/www.organisator.ch\/#\/schema\/person\/4e51799071cd2dd1232ac003643ef5f0","name":"galledia","image":{"@type":"ImageObject","inLanguage":"fr-FR","@id":"https:\/\/secure.gravatar.com\/avatar\/78a7f90c01fc2bfc875782a0d4922b37cde2cf184ce347b91316d23cd7f69a36?s=96&d=mm&r=g","url":"https:\/\/secure.gravatar.com\/avatar\/78a7f90c01fc2bfc875782a0d4922b37cde2cf184ce347b91316d23cd7f69a36?s=96&d=mm&r=g","contentUrl":"https:\/\/secure.gravatar.com\/avatar\/78a7f90c01fc2bfc875782a0d4922b37cde2cf184ce347b91316d23cd7f69a36?s=96&d=mm&r=g","caption":"galledia"},"sameAs":["https:\/\/x.com\/admin"],"url":"https:\/\/www.organisator.ch\/fr\/author\/galledia\/"}]}},"_links":{"self":[{"href":"https:\/\/www.organisator.ch\/fr\/wp-json\/wp\/v2\/posts\/31158","targetHints":{"allow":["GET"]}}],"collection":[{"href":"https:\/\/www.organisator.ch\/fr\/wp-json\/wp\/v2\/posts"}],"about":[{"href":"https:\/\/www.organisator.ch\/fr\/wp-json\/wp\/v2\/types\/post"}],"author":[{"embeddable":true,"href":"https:\/\/www.organisator.ch\/fr\/wp-json\/wp\/v2\/users\/8"}],"replies":[{"embeddable":true,"href":"https:\/\/www.organisator.ch\/fr\/wp-json\/wp\/v2\/comments?post=31158"}],"version-history":[{"count":6,"href":"https:\/\/www.organisator.ch\/fr\/wp-json\/wp\/v2\/posts\/31158\/revisions"}],"predecessor-version":[{"id":31730,"href":"https:\/\/www.organisator.ch\/fr\/wp-json\/wp\/v2\/posts\/31158\/revisions\/31730"}],"wp:attachment":[{"href":"https:\/\/www.organisator.ch\/fr\/wp-json\/wp\/v2\/media?parent=31158"}],"wp:term":[{"taxonomy":"category","embeddable":true,"href":"https:\/\/www.organisator.ch\/fr\/wp-json\/wp\/v2\/categories?post=31158"},{"taxonomy":"post_tag","embeddable":true,"href":"https:\/\/www.organisator.ch\/fr\/wp-json\/wp\/v2\/tags?post=31158"}],"curies":[{"name":"wp","href":"https:\/\/api.w.org\/{rel}","templated":true}]}}