{"id":3120,"date":"2018-02-06T15:31:01","date_gmt":"2018-02-06T14:31:01","guid":{"rendered":"https:\/\/www.organisator.ch\/?p=3120"},"modified":"2018-02-06T15:31:01","modified_gmt":"2018-02-06T14:31:01","slug":"es-gaebe-viel-mehr-arbeitsplaetze-fuer-menschen-mit-handicap","status":"publish","type":"post","link":"https:\/\/www.organisator.ch\/fr\/human-resources\/hrm\/2018-02-06\/es-gaebe-viel-mehr-arbeitsplaetze-fuer-menschen-mit-handicap\/","title":{"rendered":"\"Il y aurait beaucoup plus d'emplois pour les personnes handicap\u00e9es\"."},"content":{"rendered":"<figure id=\"attachment_3124\" aria-describedby=\"caption-attachment-3124\" style=\"width: 640px\" class=\"wp-caption alignnone\"><img loading=\"lazy\" decoding=\"async\" class=\"size-full wp-image-3124\" src=\"https:\/\/www.organisator.ch\/wp-content\/uploads\/2018\/02\/Es-gaebe-viel-mehr-Arbeitsplaetze-fuer-Menschen-mit-Handicap_Organisator.jpg\" alt=\"\" width=\"640\" height=\"360\" srcset=\"https:\/\/www.organisator.ch\/wp-content\/uploads\/2018\/02\/Es-gaebe-viel-mehr-Arbeitsplaetze-fuer-Menschen-mit-Handicap_Organisator.jpg 640w, https:\/\/www.organisator.ch\/wp-content\/uploads\/2018\/02\/Es-gaebe-viel-mehr-Arbeitsplaetze-fuer-Menschen-mit-Handicap_Organisator-16x9.jpg 16w, https:\/\/www.organisator.ch\/wp-content\/uploads\/2018\/02\/Es-gaebe-viel-mehr-Arbeitsplaetze-fuer-Menschen-mit-Handicap_Organisator-311x175.jpg 311w, https:\/\/www.organisator.ch\/wp-content\/uploads\/2018\/02\/Es-gaebe-viel-mehr-Arbeitsplaetze-fuer-Menschen-mit-Handicap_Organisator-622x350.jpg 622w, https:\/\/www.organisator.ch\/wp-content\/uploads\/2018\/02\/Es-gaebe-viel-mehr-Arbeitsplaetze-fuer-Menschen-mit-Handicap_Organisator-300x169.jpg 300w\" sizes=\"auto, (max-width: 640px) 100vw, 640px\" \/><figcaption id=\"caption-attachment-3124\" class=\"wp-caption-text\">Emploie une personne handicap\u00e9e depuis 2016. Son entreprise de consulting assure des remplacements dans les services sociaux : Reto Gn\u00e4gi, copropri\u00e9taire de RGB Consulting, Degersheim. (Photo : zVg \/ mw)<\/figcaption><\/figure>\n<p>La soci\u00e9t\u00e9 RGB Consulting \u00e0 Degersheim et Gossau propose, en plus de l'activit\u00e9 fiduciaire classique, des prestations dans le domaine du conseil et du social, comme par exemple des missions de sauteur en cas de postes vacants dans tous les services communaux. Reto Gn\u00e4gi, copropri\u00e9taire de l'entreprise (voir l'interview ci-dessous), participera \u00e0 la table ronde du Forum.Integration au Pfalzkeller le 12 mars 2018, organis\u00e9 pour la dixi\u00e8me fois par Dreischiibe, Procap, Profil - Arbeit &amp; Handicap et Obvita ainsi que la Suva. Le forum vise \u00e0 sensibiliser les employeurs \u00e0 l'int\u00e9gration des personnes handicap\u00e9es et \u00e0 pr\u00e9senter des exemples de bonnes pratiques sur la mani\u00e8re de cr\u00e9er et de maintenir des emplois pour les collaborateurs souffrant d'un handicap physique ou psychique. Le forum est soutenu par le Pour-cent culturel Migros, La Poste, SVA St. Gallen, Gewerbe St.Gallen, Wirtschaft Region St.Gallen, B\u00fchler Group, Raiffeisen, l'Union patronale suisse et IHK St.Gallen-Appenzell.<\/p>\n<p><em>Reto Gn\u00e4gi, comment en est-on arriv\u00e9 \u00e0 engager votre collaborateur handicap\u00e9 ?<\/em><\/p>\n<p><strong>Reto Gn\u00e4gi :<\/strong> Obvita, l'organisation de l'Ostschweizerischer Blindenf\u00fcrsorgeverein, nous a contact\u00e9s. Michael Binkert y avait effectu\u00e9 un apprentissage de commerce. Le jeune homme, qui avait initialement \u00e9tudi\u00e9 l'ing\u00e9nierie m\u00e9canique, a \u00e9t\u00e9 op\u00e9r\u00e9 d'une tumeur au cerveau et a d\u00fb suivre des chimioth\u00e9rapies. Apr\u00e8s l'op\u00e9ration, il ne dispose plus que d'un test de vision de 10 %. Apr\u00e8s sa reconversion, il s'agissait d'\u00e9valuer ses capacit\u00e9s sur le premier march\u00e9 du travail.<\/p>\n<p><em>Pourquoi l'avez-vous finalement engag\u00e9 d\u00e9finitivement ?<\/em><\/p>\n<p>Apr\u00e8s son stage chez nous, il a postul\u00e9 sans succ\u00e8s. Nous avons alors pens\u00e9 qu'il serait bon d'essayer de l'int\u00e9grer \u00e0 notre tour. Nous sommes nous-m\u00eames actifs dans le domaine social, par exemple en effectuant des missions dans les services sociaux et en y suivant des cas individuels (voir ci-dessous). Il est r\u00e9mun\u00e9r\u00e9 dans le cadre de ses prestations. L'AI le finance.<\/p>\n<p><em>Sinon, l'AI clarifie la capacit\u00e9 de prestation.<\/em><\/p>\n<p>C'est vrai. Mais nous sommes plus proches de la r\u00e9alit\u00e9 du march\u00e9 du travail primaire et nous avons pu mieux objectiver la prestation. L'AI souhaite institutionnaliser cette d\u00e9marche. Une nouvelle proc\u00e9dure, ax\u00e9e sur la pratique, a vu le jour.<\/p>\n<p><em>Ils ont \u00e9t\u00e9 coach\u00e9s par Obvita. <\/em><\/p>\n<p>Oui, Obvita a fourni les outils, comme l'appareil qui lit les documents \u00e0 notre collaborateur. Nous avons re\u00e7u des lunettes qui nous permettent d'imaginer comment notre collaborateur per\u00e7oit l'environnement. Ce qui est important, c'est le soutien dans l'accompagnement - comment g\u00e9rer une personne handicap\u00e9e lorsque les choses ne vont pas bien. Des entretiens ont eu lieu \u00e0 ce sujet.<\/p>\n<p><em>Il y avait des pierres d'achoppement ? <\/em><\/p>\n<p>Notre collaborateur a d\u00fb subir une nouvelle op\u00e9ration et de nouvelles radioth\u00e9rapies qui l'ont fait r\u00e9gresser. Il est parfois tr\u00e8s fatigu\u00e9 et souffre de migraines, ce qui l'emp\u00eache de travailler. L'\u00e9quipe a besoin d'empathie, d'un peu de patience et de comp\u00e9tences sociales. Ce sont des choses que j'exige des collaborateurs en temps normal.<\/p>\n<p><em>Pouvez-vous d\u00e9crire le domaine d'activit\u00e9 de votre collaborateur ?<\/em><\/p>\n<p>Il s'occupe de tout le courrier, est charg\u00e9 de la comptabilit\u00e9, r\u00e9dige des rapports de travail et de la correspondance. Son portefeuille correspond \u00e0 celui d'un employ\u00e9 de commerce normal. Les diff\u00e9rences se situent uniquement au niveau de la performance.<\/p>\n<p><em>Des domaines o\u00f9 il est particuli\u00e8rement dou\u00e9 sont-ils apparus ?<\/em><\/p>\n<p>Nous nous attendions \u00e0 ce que le passage \u00e0 la poste soit beaucoup plus difficile. Il ma\u00eetrise \u00e9galement tr\u00e8s bien l'utilisation des appareils num\u00e9riques, comme la photocopieuse, bien qu'il soit presque aveugle. Et il se d\u00e9brouille tr\u00e8s bien dans nos bureaux, bien qu'ils soient r\u00e9partis sur trois \u00e9tages.<\/p>\n<p><em>Comment jugez-vous la situation aujourd'hui ?<\/em><\/p>\n<p>Michael Binkert est tr\u00e8s satisfait. Jusqu'\u00e0 ce que l'AI ait pris sa d\u00e9cision, notre collaborateur ne savait pas quelle \u00e9tait sa situation financi\u00e8re. C'\u00e9tait tr\u00e8s pesant. Le fait qu'il ait d'abord \u00e9t\u00e9 ramen\u00e9 \u00e0 ses objectifs professionnels et qu'ensuite, lors de sa recherche d'emploi, il ait constat\u00e9 que personne n'avait besoin de lui, nous avons pu le rattraper en le valorisant. Il s'est \u00e9panoui et a repris confiance en lui. Aujourd'hui, notre collaborateur est pleinement int\u00e9gr\u00e9 dans l'\u00e9quipe et il est per\u00e7u comme tel.<\/p>\n<p><em>Qu'en est-il de votre satisfaction ?<\/em><\/p>\n<p>Nous pouvons travailler avec une personne qui a v\u00e9cu cela \u00e0 l'\u00e9chelle 1:1. Dans le domaine social, nous sommes toujours confront\u00e9s \u00e0 des personnes ayant connu de tels destins. Nous pouvons d\u00e9sormais y transmettre notre exp\u00e9rience. Nous sommes plus authentiques.<\/p>\n<p><em>Il faut de la bonne volont\u00e9 pour une int\u00e9gration professionnelle.<\/em><\/p>\n<p>Notre attitude ne requiert pas d'admiration particuli\u00e8re. D'autres organisent des formations d'\u00e9quipe pour de telles exp\u00e9riences. Ce sont des choses qui ne se mesurent pas mat\u00e9riellement. Nous avons le sentiment de remplir aussi une mission sociale.<\/p>\n<p><em>Pourtant, l'int\u00e9gration professionnelle est encore trop faible. <\/em><\/p>\n<p>Les besoins sont plus importants que les offres. On renonce parfois \u00e0 l'int\u00e9gration en raison de pr\u00e9jug\u00e9s. On craint de devoir licencier quelqu'un si cela ne fonctionne pas. Nous voyons les choses diff\u00e9remment. Si l'on int\u00e8gre davantage de personnes handicap\u00e9es, on leur donne beaucoup en retour, mais elles nous donnent aussi beaucoup. C'est vraiment une situation gagnant-gagnant.<\/p>\n<p><em>Comment motiver davantage les employeurs \u00e0 l'int\u00e9gration professionnelle ?<\/em><\/p>\n<p>Au d\u00e9but, il faut le coaching et l'encadrement d'une organisation sp\u00e9cialis\u00e9e pour discuter et aplanir les questions ouvertes et les difficult\u00e9s. Il y aurait alors beaucoup plus de postes de travail de ce type disponibles et r\u00e9alisables qu'on ne le pense.<\/p>\n<p><em>Sans distinction de secteur ?<\/em><\/p>\n<p>Le lieu o\u00f9 une personne peut travailler d\u00e9pend de son handicap. Tous les secteurs ne sont pas \u00e9gaux, et tous ne conviennent pas aux personnes pr\u00e9sentant tous les handicaps. Mais dans chaque branche, il y a des possibilit\u00e9s - simplement pas pour les m\u00eames personnes concern\u00e9es.<\/p>\n<p><em><strong>Plus d'informations :<\/strong><\/em><\/p>\n<p><em>Forum.Integration au Pfalzkeller, \"Entr\u00e9e dans la vie professionnelle - des exemples pratiques montrent les obstacles et les facteurs de r\u00e9ussite pour les personnes handicap\u00e9es\", lundi 12 mars 2018, de 18 \u00e0 20 heures. Inscription : <\/em><a href=\"http:\/\/www.forumimpfalzkeller.ch\/\"><em>www.forumimpfalzkeller.ch<\/em><\/a><em> ou <\/em><a href=\"mailto:info@forumimpfalzkeller.ch\"><em>info@forumimpfalzkeller.ch<\/em><\/a><\/p>\n<p><em>Lors du forum, quatre portraits film\u00e9s r\u00e9cents donneront un aper\u00e7u de la situation des personnes handicap\u00e9es sur leur lieu de travail. Le prix de l'int\u00e9gration de Suisse orientale sera \u00e9galement d\u00e9cern\u00e9 pour la deuxi\u00e8me fois. Les nomin\u00e9s sont la cit\u00e9 pour personnes \u00e2g\u00e9es Kantengut, Coire, le centre pour personnes \u00e2g\u00e9es Am Sch\u00e4flisberg, Saint-Gall, la boulangerie-p\u00e2tisserie Beck Beck, Wittenbach, la commune de Herisau (services techniques, pompiers), la coop\u00e9rative Migros Suisse orientale, l'h\u00f4tel Wolfensberg, Degersheim, les cliniques Valens, Valens, la Reha Seewis, Seewis Dorf, ainsi que la Werkhalle Schmid, AG, Schwellbrunn, dont le laudateur est le conseiller d'Etat Martin Kl\u00f6ti. La manifestation sera anim\u00e9e par Hanspeter Tr\u00fctsch, r\u00e9dacteur de longue date de la SRF au Palais f\u00e9d\u00e9ral. mw.<\/em><\/p>\n<p><em><strong>Vers l'auteur :<\/strong> <\/em><\/p>\n<p><em>Michael Walther est journaliste \u00e0 Wattwil SG.<\/em><\/p>","protected":false},"excerpt":{"rendered":"<p>Die Firma RGB Consulting in Degersheim und Gossau bietet neben der klassischen Treuh\u00e4ndert\u00e4tigkeit Dienstleistungen im Beratungs- und Sozialbereich, so zum Beispiel Springereins\u00e4tze bei Vakanzen auf allen Gemeindeabteilungen. Mitinhaber Reto Gn\u00e4gi (siehe\u00a0nachfolgendes Interview)\u00a0ist Podiumsteilnehmer am Forum.Integration im Pfalzkeller vom 12. M\u00e4rz 2018.\u00a0Dieser\u00a0Anlass\u00a0wird von Dreischiibe, Procap, Profil \u2013 Arbeit &amp; Handicap und Obvita sowie Suva bereits zehnten [&hellip;]<\/p>\n","protected":false},"author":4,"featured_media":3124,"comment_status":"open","ping_status":"open","sticky":false,"template":"","format":"standard","meta":{"_acf_changed":false,"_yoast_wpseo_focuskw":"Menschen mit Handicap","_yoast_wpseo_metadesc":"Das Forum.Integration im Pfalzkeller vom 12. M\u00e4rz 2018 will die H\u00fcrden und Erfolgsfaktoren f\u00fcr Menschen mit Handicap auf dem Weg ins Berufsleben aufzeigen. Auf dem Podium: Reto Gn\u00e4gi. Sein Consultingunternehmen besch\u00e4ftigt einen kaufm\u00e4nnischen Angestellten mit Handicap.","articlekey":"","footnotes":""},"categories":[26],"tags":[51,208,254,335,502],"class_list":["post-3120","post","type-post","status-publish","format-standard","has-post-thumbnail","hentry","category-hrm","tag-arbeitsplatzgestaltung","tag-fit-im-job","tag-hrm","tag-management-und-unternehmensfuehrung","tag-veranstaltungen"],"acf":[],"yoast_head":"<!-- This site is optimized with the Yoast SEO plugin v27.5 - https:\/\/yoast.com\/product\/yoast-seo-wordpress\/ -->\n<title>&quot;Es g\u00e4be viel mehr Arbeitspl\u00e4tze f\u00fcr Menschen mit Handicap&quot; - Organisator<\/title>\n<meta name=\"description\" content=\"Das Forum.Integration im Pfalzkeller vom 12. M\u00e4rz 2018 will die H\u00fcrden und Erfolgsfaktoren f\u00fcr Menschen mit Handicap auf dem Weg ins Berufsleben aufzeigen. Auf dem Podium: Reto Gn\u00e4gi. Sein Consultingunternehmen besch\u00e4ftigt einen kaufm\u00e4nnischen Angestellten mit Handicap.\" \/>\n<meta name=\"robots\" content=\"index, follow, max-snippet:-1, max-image-preview:large, max-video-preview:-1\" \/>\n<link rel=\"canonical\" href=\"https:\/\/www.organisator.ch\/fr\/ressources-humaines\/hrm\/2018-02-06\/es-gaebe-viel-mehr-arbeitsplaetze-fuer-menschen-mit-handicap\/\" \/>\n<meta property=\"og:locale\" content=\"fr_FR\" \/>\n<meta property=\"og:type\" content=\"article\" \/>\n<meta property=\"og:title\" content=\"Es g\u00e4be viel mehr Arbeitspl\u00e4tze f\u00fcr Menschen mit Handicap\" \/>\n<meta property=\"og:description\" content=\"Das #Forum.Integration im Pfalzkeller vom 12. M\u00e4rz 2018 will die H\u00fcrden und Erfolgsfaktoren f\u00fcr Menschen mit #Handicap auf dem Weg ins Berufsleben aufzeigen. Auf dem Podium: Reto Gn\u00e4gi. Sein Consultingunternehmen besch\u00e4ftigt einen kaufm\u00e4nnischen Angestellten mit Handicap.\" \/>\n<meta property=\"og:url\" content=\"https:\/\/www.organisator.ch\/fr\/ressources-humaines\/hrm\/2018-02-06\/es-gaebe-viel-mehr-arbeitsplaetze-fuer-menschen-mit-handicap\/\" \/>\n<meta property=\"og:site_name\" content=\"Organisator\" \/>\n<meta property=\"article:publisher\" content=\"https:\/\/www.facebook.com\/OrganisatorFachmagazin\" \/>\n<meta property=\"article:published_time\" content=\"2018-02-06T14:31:01+00:00\" \/>\n<meta property=\"og:image\" content=\"https:\/\/www.organisator.ch\/wp-content\/uploads\/2018\/02\/Es-gaebe-viel-mehr-Arbeitsplaetze-fuer-Menschen-mit-Handicap_Organisator.jpg\" \/>\n\t<meta property=\"og:image:width\" content=\"640\" \/>\n\t<meta property=\"og:image:height\" content=\"360\" \/>\n\t<meta property=\"og:image:type\" content=\"image\/jpeg\" \/>\n<meta name=\"author\" content=\"thomas.berner\" \/>\n<meta name=\"twitter:card\" content=\"summary_large_image\" \/>\n<meta name=\"twitter:title\" content=\"Es g\u00e4be viel mehr #Arbeitspl\u00e4tze f\u00fcr #MenschenmitHandicap\" \/>\n<meta name=\"twitter:description\" content=\"Das #Forum.Integration im #Pfalzkeller vom 12. M\u00e4rz 2018 will die H\u00fcrden und Erfolgsfaktoren f\u00fcr Menschen mit #Handicap auf dem Weg ins Berufsleben aufzeigen. Auf dem Podium: Reto Gn\u00e4gi. Sein Consultingunternehmen besch\u00e4ftigt einen kaufm\u00e4nnischen Angestellten mit Handicap.\" \/>\n<meta name=\"twitter:image\" content=\"https:\/\/www.organisator.ch\/wp-content\/uploads\/2018\/02\/Es-g\u00e4be-viel-mehr-Arbeitspl\u00e4tze-f\u00fcr-Menschen-mit-Handicap_Organisator.jpg\" \/>\n<script type=\"application\/ld+json\" class=\"yoast-schema-graph\">{\"@context\":\"https:\\\/\\\/schema.org\",\"@graph\":[{\"@type\":\"Article\",\"@id\":\"https:\\\/\\\/www.organisator.ch\\\/human-resources\\\/hrm\\\/2018-02-06\\\/es-gaebe-viel-mehr-arbeitsplaetze-fuer-menschen-mit-handicap\\\/#article\",\"isPartOf\":{\"@id\":\"https:\\\/\\\/www.organisator.ch\\\/human-resources\\\/hrm\\\/2018-02-06\\\/es-gaebe-viel-mehr-arbeitsplaetze-fuer-menschen-mit-handicap\\\/\"},\"author\":{\"name\":\"thomas.berner\",\"@id\":\"https:\\\/\\\/www.organisator.ch\\\/#\\\/schema\\\/person\\\/6f650f90b2842cd4c0cc334b4e36f67e\"},\"headline\":\"&#8222;Es g\u00e4be viel mehr Arbeitspl\u00e4tze f\u00fcr Menschen mit Handicap&#8220;\",\"datePublished\":\"2018-02-06T14:31:01+00:00\",\"mainEntityOfPage\":{\"@id\":\"https:\\\/\\\/www.organisator.ch\\\/human-resources\\\/hrm\\\/2018-02-06\\\/es-gaebe-viel-mehr-arbeitsplaetze-fuer-menschen-mit-handicap\\\/\"},\"wordCount\":1041,\"commentCount\":0,\"publisher\":{\"@id\":\"https:\\\/\\\/www.organisator.ch\\\/#organization\"},\"image\":{\"@id\":\"https:\\\/\\\/www.organisator.ch\\\/human-resources\\\/hrm\\\/2018-02-06\\\/es-gaebe-viel-mehr-arbeitsplaetze-fuer-menschen-mit-handicap\\\/#primaryimage\"},\"thumbnailUrl\":\"https:\\\/\\\/www.organisator.ch\\\/wp-content\\\/uploads\\\/2018\\\/02\\\/Es-gaebe-viel-mehr-Arbeitsplaetze-fuer-Menschen-mit-Handicap_Organisator.jpg\",\"keywords\":[\"Arbeitsplatzgestaltung\",\"Fit im Job\",\"HRM\",\"Management und Unternehmensf\u00fchrung\",\"Veranstaltungen\"],\"articleSection\":[\"HRM\"],\"inLanguage\":\"fr-FR\"},{\"@type\":\"WebPage\",\"@id\":\"https:\\\/\\\/www.organisator.ch\\\/human-resources\\\/hrm\\\/2018-02-06\\\/es-gaebe-viel-mehr-arbeitsplaetze-fuer-menschen-mit-handicap\\\/\",\"url\":\"https:\\\/\\\/www.organisator.ch\\\/human-resources\\\/hrm\\\/2018-02-06\\\/es-gaebe-viel-mehr-arbeitsplaetze-fuer-menschen-mit-handicap\\\/\",\"name\":\"\\\"Es g\u00e4be viel mehr Arbeitspl\u00e4tze f\u00fcr Menschen mit Handicap\\\" - Organisator\",\"isPartOf\":{\"@id\":\"https:\\\/\\\/www.organisator.ch\\\/#website\"},\"primaryImageOfPage\":{\"@id\":\"https:\\\/\\\/www.organisator.ch\\\/human-resources\\\/hrm\\\/2018-02-06\\\/es-gaebe-viel-mehr-arbeitsplaetze-fuer-menschen-mit-handicap\\\/#primaryimage\"},\"image\":{\"@id\":\"https:\\\/\\\/www.organisator.ch\\\/human-resources\\\/hrm\\\/2018-02-06\\\/es-gaebe-viel-mehr-arbeitsplaetze-fuer-menschen-mit-handicap\\\/#primaryimage\"},\"thumbnailUrl\":\"https:\\\/\\\/www.organisator.ch\\\/wp-content\\\/uploads\\\/2018\\\/02\\\/Es-gaebe-viel-mehr-Arbeitsplaetze-fuer-Menschen-mit-Handicap_Organisator.jpg\",\"datePublished\":\"2018-02-06T14:31:01+00:00\",\"description\":\"Das Forum.Integration im Pfalzkeller vom 12. M\u00e4rz 2018 will die H\u00fcrden und Erfolgsfaktoren f\u00fcr Menschen mit Handicap auf dem Weg ins Berufsleben aufzeigen. Auf dem Podium: Reto Gn\u00e4gi. Sein Consultingunternehmen besch\u00e4ftigt einen kaufm\u00e4nnischen Angestellten mit Handicap.\",\"breadcrumb\":{\"@id\":\"https:\\\/\\\/www.organisator.ch\\\/human-resources\\\/hrm\\\/2018-02-06\\\/es-gaebe-viel-mehr-arbeitsplaetze-fuer-menschen-mit-handicap\\\/#breadcrumb\"},\"inLanguage\":\"fr-FR\",\"potentialAction\":[{\"@type\":\"ReadAction\",\"target\":[\"https:\\\/\\\/www.organisator.ch\\\/human-resources\\\/hrm\\\/2018-02-06\\\/es-gaebe-viel-mehr-arbeitsplaetze-fuer-menschen-mit-handicap\\\/\"]}]},{\"@type\":\"ImageObject\",\"inLanguage\":\"fr-FR\",\"@id\":\"https:\\\/\\\/www.organisator.ch\\\/human-resources\\\/hrm\\\/2018-02-06\\\/es-gaebe-viel-mehr-arbeitsplaetze-fuer-menschen-mit-handicap\\\/#primaryimage\",\"url\":\"https:\\\/\\\/www.organisator.ch\\\/wp-content\\\/uploads\\\/2018\\\/02\\\/Es-gaebe-viel-mehr-Arbeitsplaetze-fuer-Menschen-mit-Handicap_Organisator.jpg\",\"contentUrl\":\"https:\\\/\\\/www.organisator.ch\\\/wp-content\\\/uploads\\\/2018\\\/02\\\/Es-gaebe-viel-mehr-Arbeitsplaetze-fuer-Menschen-mit-Handicap_Organisator.jpg\",\"width\":640,\"height\":360,\"caption\":\"Besch\u00e4ftigt seit 2016 einen Menschen mit Handicap. Sein Consultingunternehmen \u00fcbernimmt Stellvertretungen auf Sozial\u00e4mtern: Reto Gn\u00e4gi, Mitinhaber RGB Consulting, Degersheim. (Foto: zVg \\\/ mw)\"},{\"@type\":\"BreadcrumbList\",\"@id\":\"https:\\\/\\\/www.organisator.ch\\\/human-resources\\\/hrm\\\/2018-02-06\\\/es-gaebe-viel-mehr-arbeitsplaetze-fuer-menschen-mit-handicap\\\/#breadcrumb\",\"itemListElement\":[{\"@type\":\"ListItem\",\"position\":1,\"name\":\"Home\",\"item\":\"https:\\\/\\\/www.organisator.ch\\\/\"},{\"@type\":\"ListItem\",\"position\":2,\"name\":\"&#8222;Es g\u00e4be viel mehr Arbeitspl\u00e4tze f\u00fcr Menschen mit Handicap&#8220;\"}]},{\"@type\":\"WebSite\",\"@id\":\"https:\\\/\\\/www.organisator.ch\\\/#website\",\"url\":\"https:\\\/\\\/www.organisator.ch\\\/\",\"name\":\"Organisator\",\"description\":\"Kompetent. Praxisnah. Der ORGANISATOR bereitet in 10 Ausgaben pro Jahr die wesentlichen Themen f\u00fcr F\u00fchrungskr\u00e4fte von KMU auf.\",\"publisher\":{\"@id\":\"https:\\\/\\\/www.organisator.ch\\\/#organization\"},\"potentialAction\":[{\"@type\":\"SearchAction\",\"target\":{\"@type\":\"EntryPoint\",\"urlTemplate\":\"https:\\\/\\\/www.organisator.ch\\\/?s={search_term_string}\"},\"query-input\":{\"@type\":\"PropertyValueSpecification\",\"valueRequired\":true,\"valueName\":\"search_term_string\"}}],\"inLanguage\":\"fr-FR\"},{\"@type\":\"Organization\",\"@id\":\"https:\\\/\\\/www.organisator.ch\\\/#organization\",\"name\":\"Organisator\",\"url\":\"https:\\\/\\\/www.organisator.ch\\\/\",\"logo\":{\"@type\":\"ImageObject\",\"inLanguage\":\"fr-FR\",\"@id\":\"https:\\\/\\\/www.organisator.ch\\\/#\\\/schema\\\/logo\\\/image\\\/\",\"url\":\"https:\\\/\\\/www.organisator.ch\\\/wp-content\\\/uploads\\\/2022\\\/01\\\/Logo_Organisator_Website.png\",\"contentUrl\":\"https:\\\/\\\/www.organisator.ch\\\/wp-content\\\/uploads\\\/2022\\\/01\\\/Logo_Organisator_Website.png\",\"width\":800,\"height\":77,\"caption\":\"Organisator\"},\"image\":{\"@id\":\"https:\\\/\\\/www.organisator.ch\\\/#\\\/schema\\\/logo\\\/image\\\/\"},\"sameAs\":[\"https:\\\/\\\/www.facebook.com\\\/OrganisatorFachmagazin\",\"https:\\\/\\\/www.linkedin.com\\\/showcase\\\/organisator-das-magazin-fr-kmu\",\"https:\\\/\\\/www.xing.com\\\/news\\\/pages\\\/organisator-ch-695\",\"https:\\\/\\\/www.youtube.com\\\/channel\\\/UCGP2Sq0iWaZwT3BdIAQFYpw\"]},{\"@type\":\"Person\",\"@id\":\"https:\\\/\\\/www.organisator.ch\\\/#\\\/schema\\\/person\\\/6f650f90b2842cd4c0cc334b4e36f67e\",\"name\":\"thomas.berner\",\"image\":{\"@type\":\"ImageObject\",\"inLanguage\":\"fr-FR\",\"@id\":\"https:\\\/\\\/secure.gravatar.com\\\/avatar\\\/ac5001d2a36cb6c6cd3e50789007ffca834b477b74a2144564522e944eabff61?s=96&d=mm&r=g\",\"url\":\"https:\\\/\\\/secure.gravatar.com\\\/avatar\\\/ac5001d2a36cb6c6cd3e50789007ffca834b477b74a2144564522e944eabff61?s=96&d=mm&r=g\",\"contentUrl\":\"https:\\\/\\\/secure.gravatar.com\\\/avatar\\\/ac5001d2a36cb6c6cd3e50789007ffca834b477b74a2144564522e944eabff61?s=96&d=mm&r=g\",\"caption\":\"thomas.berner\"},\"url\":\"https:\\\/\\\/www.organisator.ch\\\/fr\\\/author\\\/thomas-berner\\\/\"}]}<\/script>\n<!-- \/ Yoast SEO plugin. -->","yoast_head_json":{"title":"\"Il y aurait beaucoup plus d'emplois pour les personnes handicap\u00e9es\" - Organisateur","description":"Le Forum.Int\u00e9gration au Pfalzkeller du 12 mars 2018 veut mettre en \u00e9vidence les obstacles et les facteurs de r\u00e9ussite pour les personnes handicap\u00e9es sur le chemin de la vie professionnelle. Sur le podium : Reto Gn\u00e4gi. Son entreprise de consulting emploie un employ\u00e9 de commerce avec un handicap.","robots":{"index":"index","follow":"follow","max-snippet":"max-snippet:-1","max-image-preview":"max-image-preview:large","max-video-preview":"max-video-preview:-1"},"canonical":"https:\/\/www.organisator.ch\/fr\/ressources-humaines\/hrm\/2018-02-06\/es-gaebe-viel-mehr-arbeitsplaetze-fuer-menschen-mit-handicap\/","og_locale":"fr_FR","og_type":"article","og_title":"Es g\u00e4be viel mehr Arbeitspl\u00e4tze f\u00fcr Menschen mit Handicap","og_description":"Das #Forum.Integration im Pfalzkeller vom 12. M\u00e4rz 2018 will die H\u00fcrden und Erfolgsfaktoren f\u00fcr Menschen mit #Handicap auf dem Weg ins Berufsleben aufzeigen. Auf dem Podium: Reto Gn\u00e4gi. Sein Consultingunternehmen besch\u00e4ftigt einen kaufm\u00e4nnischen Angestellten mit Handicap.","og_url":"https:\/\/www.organisator.ch\/fr\/ressources-humaines\/hrm\/2018-02-06\/es-gaebe-viel-mehr-arbeitsplaetze-fuer-menschen-mit-handicap\/","og_site_name":"Organisator","article_publisher":"https:\/\/www.facebook.com\/OrganisatorFachmagazin","article_published_time":"2018-02-06T14:31:01+00:00","og_image":[{"width":640,"height":360,"url":"https:\/\/www.organisator.ch\/wp-content\/uploads\/2018\/02\/Es-gaebe-viel-mehr-Arbeitsplaetze-fuer-Menschen-mit-Handicap_Organisator.jpg","type":"image\/jpeg"}],"author":"thomas.berner","twitter_card":"summary_large_image","twitter_title":"Es g\u00e4be viel mehr #Arbeitspl\u00e4tze f\u00fcr #MenschenmitHandicap","twitter_description":"Das #Forum.Integration im #Pfalzkeller vom 12. M\u00e4rz 2018 will die H\u00fcrden und Erfolgsfaktoren f\u00fcr Menschen mit #Handicap auf dem Weg ins Berufsleben aufzeigen. Auf dem Podium: Reto Gn\u00e4gi. Sein Consultingunternehmen besch\u00e4ftigt einen kaufm\u00e4nnischen Angestellten mit Handicap.","twitter_image":"https:\/\/www.organisator.ch\/wp-content\/uploads\/2018\/02\/Es-g\u00e4be-viel-mehr-Arbeitspl\u00e4tze-f\u00fcr-Menschen-mit-Handicap_Organisator.jpg","schema":{"@context":"https:\/\/schema.org","@graph":[{"@type":"Article","@id":"https:\/\/www.organisator.ch\/human-resources\/hrm\/2018-02-06\/es-gaebe-viel-mehr-arbeitsplaetze-fuer-menschen-mit-handicap\/#article","isPartOf":{"@id":"https:\/\/www.organisator.ch\/human-resources\/hrm\/2018-02-06\/es-gaebe-viel-mehr-arbeitsplaetze-fuer-menschen-mit-handicap\/"},"author":{"name":"thomas.berner","@id":"https:\/\/www.organisator.ch\/#\/schema\/person\/6f650f90b2842cd4c0cc334b4e36f67e"},"headline":"&#8222;Es g\u00e4be viel mehr Arbeitspl\u00e4tze f\u00fcr Menschen mit Handicap&#8220;","datePublished":"2018-02-06T14:31:01+00:00","mainEntityOfPage":{"@id":"https:\/\/www.organisator.ch\/human-resources\/hrm\/2018-02-06\/es-gaebe-viel-mehr-arbeitsplaetze-fuer-menschen-mit-handicap\/"},"wordCount":1041,"commentCount":0,"publisher":{"@id":"https:\/\/www.organisator.ch\/#organization"},"image":{"@id":"https:\/\/www.organisator.ch\/human-resources\/hrm\/2018-02-06\/es-gaebe-viel-mehr-arbeitsplaetze-fuer-menschen-mit-handicap\/#primaryimage"},"thumbnailUrl":"https:\/\/www.organisator.ch\/wp-content\/uploads\/2018\/02\/Es-gaebe-viel-mehr-Arbeitsplaetze-fuer-Menschen-mit-Handicap_Organisator.jpg","keywords":["Arbeitsplatzgestaltung","Fit im Job","HRM","Management und Unternehmensf\u00fchrung","Veranstaltungen"],"articleSection":["HRM"],"inLanguage":"fr-FR"},{"@type":"WebPage","@id":"https:\/\/www.organisator.ch\/human-resources\/hrm\/2018-02-06\/es-gaebe-viel-mehr-arbeitsplaetze-fuer-menschen-mit-handicap\/","url":"https:\/\/www.organisator.ch\/human-resources\/hrm\/2018-02-06\/es-gaebe-viel-mehr-arbeitsplaetze-fuer-menschen-mit-handicap\/","name":"\"Il y aurait beaucoup plus d'emplois pour les personnes handicap\u00e9es\" - Organisateur","isPartOf":{"@id":"https:\/\/www.organisator.ch\/#website"},"primaryImageOfPage":{"@id":"https:\/\/www.organisator.ch\/human-resources\/hrm\/2018-02-06\/es-gaebe-viel-mehr-arbeitsplaetze-fuer-menschen-mit-handicap\/#primaryimage"},"image":{"@id":"https:\/\/www.organisator.ch\/human-resources\/hrm\/2018-02-06\/es-gaebe-viel-mehr-arbeitsplaetze-fuer-menschen-mit-handicap\/#primaryimage"},"thumbnailUrl":"https:\/\/www.organisator.ch\/wp-content\/uploads\/2018\/02\/Es-gaebe-viel-mehr-Arbeitsplaetze-fuer-Menschen-mit-Handicap_Organisator.jpg","datePublished":"2018-02-06T14:31:01+00:00","description":"Le Forum.Int\u00e9gration au Pfalzkeller du 12 mars 2018 veut mettre en \u00e9vidence les obstacles et les facteurs de r\u00e9ussite pour les personnes handicap\u00e9es sur le chemin de la vie professionnelle. Sur le podium : Reto Gn\u00e4gi. Son entreprise de consulting emploie un employ\u00e9 de commerce avec un handicap.","breadcrumb":{"@id":"https:\/\/www.organisator.ch\/human-resources\/hrm\/2018-02-06\/es-gaebe-viel-mehr-arbeitsplaetze-fuer-menschen-mit-handicap\/#breadcrumb"},"inLanguage":"fr-FR","potentialAction":[{"@type":"ReadAction","target":["https:\/\/www.organisator.ch\/human-resources\/hrm\/2018-02-06\/es-gaebe-viel-mehr-arbeitsplaetze-fuer-menschen-mit-handicap\/"]}]},{"@type":"ImageObject","inLanguage":"fr-FR","@id":"https:\/\/www.organisator.ch\/human-resources\/hrm\/2018-02-06\/es-gaebe-viel-mehr-arbeitsplaetze-fuer-menschen-mit-handicap\/#primaryimage","url":"https:\/\/www.organisator.ch\/wp-content\/uploads\/2018\/02\/Es-gaebe-viel-mehr-Arbeitsplaetze-fuer-Menschen-mit-Handicap_Organisator.jpg","contentUrl":"https:\/\/www.organisator.ch\/wp-content\/uploads\/2018\/02\/Es-gaebe-viel-mehr-Arbeitsplaetze-fuer-Menschen-mit-Handicap_Organisator.jpg","width":640,"height":360,"caption":"Besch\u00e4ftigt seit 2016 einen Menschen mit Handicap. Sein Consultingunternehmen \u00fcbernimmt Stellvertretungen auf Sozial\u00e4mtern: Reto Gn\u00e4gi, Mitinhaber RGB Consulting, Degersheim. (Foto: zVg \/ mw)"},{"@type":"BreadcrumbList","@id":"https:\/\/www.organisator.ch\/human-resources\/hrm\/2018-02-06\/es-gaebe-viel-mehr-arbeitsplaetze-fuer-menschen-mit-handicap\/#breadcrumb","itemListElement":[{"@type":"ListItem","position":1,"name":"Home","item":"https:\/\/www.organisator.ch\/"},{"@type":"ListItem","position":2,"name":"&#8222;Es g\u00e4be viel mehr Arbeitspl\u00e4tze f\u00fcr Menschen mit Handicap&#8220;"}]},{"@type":"WebSite","@id":"https:\/\/www.organisator.ch\/#website","url":"https:\/\/www.organisator.ch\/","name":"Organisateur","description":"Comp\u00e9tence et comp\u00e9tence. Proches de la pratique. L'ORGANISATEUR pr\u00e9pare 10 num\u00e9ros par an sur les th\u00e8mes essentiels pour les dirigeants de PME.","publisher":{"@id":"https:\/\/www.organisator.ch\/#organization"},"potentialAction":[{"@type":"SearchAction","target":{"@type":"EntryPoint","urlTemplate":"https:\/\/www.organisator.ch\/?s={search_term_string}"},"query-input":{"@type":"PropertyValueSpecification","valueRequired":true,"valueName":"search_term_string"}}],"inLanguage":"fr-FR"},{"@type":"Organization","@id":"https:\/\/www.organisator.ch\/#organization","name":"Organisateur","url":"https:\/\/www.organisator.ch\/","logo":{"@type":"ImageObject","inLanguage":"fr-FR","@id":"https:\/\/www.organisator.ch\/#\/schema\/logo\/image\/","url":"https:\/\/www.organisator.ch\/wp-content\/uploads\/2022\/01\/Logo_Organisator_Website.png","contentUrl":"https:\/\/www.organisator.ch\/wp-content\/uploads\/2022\/01\/Logo_Organisator_Website.png","width":800,"height":77,"caption":"Organisator"},"image":{"@id":"https:\/\/www.organisator.ch\/#\/schema\/logo\/image\/"},"sameAs":["https:\/\/www.facebook.com\/OrganisatorFachmagazin","https:\/\/www.linkedin.com\/showcase\/organisator-das-magazin-fr-kmu","https:\/\/www.xing.com\/news\/pages\/organisator-ch-695","https:\/\/www.youtube.com\/channel\/UCGP2Sq0iWaZwT3BdIAQFYpw"]},{"@type":"Person","@id":"https:\/\/www.organisator.ch\/#\/schema\/person\/6f650f90b2842cd4c0cc334b4e36f67e","name":"thomas.berner","image":{"@type":"ImageObject","inLanguage":"fr-FR","@id":"https:\/\/secure.gravatar.com\/avatar\/ac5001d2a36cb6c6cd3e50789007ffca834b477b74a2144564522e944eabff61?s=96&d=mm&r=g","url":"https:\/\/secure.gravatar.com\/avatar\/ac5001d2a36cb6c6cd3e50789007ffca834b477b74a2144564522e944eabff61?s=96&d=mm&r=g","contentUrl":"https:\/\/secure.gravatar.com\/avatar\/ac5001d2a36cb6c6cd3e50789007ffca834b477b74a2144564522e944eabff61?s=96&d=mm&r=g","caption":"thomas.berner"},"url":"https:\/\/www.organisator.ch\/fr\/author\/thomas-berner\/"}]}},"_links":{"self":[{"href":"https:\/\/www.organisator.ch\/fr\/wp-json\/wp\/v2\/posts\/3120","targetHints":{"allow":["GET"]}}],"collection":[{"href":"https:\/\/www.organisator.ch\/fr\/wp-json\/wp\/v2\/posts"}],"about":[{"href":"https:\/\/www.organisator.ch\/fr\/wp-json\/wp\/v2\/types\/post"}],"author":[{"embeddable":true,"href":"https:\/\/www.organisator.ch\/fr\/wp-json\/wp\/v2\/users\/4"}],"replies":[{"embeddable":true,"href":"https:\/\/www.organisator.ch\/fr\/wp-json\/wp\/v2\/comments?post=3120"}],"version-history":[{"count":0,"href":"https:\/\/www.organisator.ch\/fr\/wp-json\/wp\/v2\/posts\/3120\/revisions"}],"wp:featuredmedia":[{"embeddable":true,"href":"https:\/\/www.organisator.ch\/fr\/wp-json\/wp\/v2\/media\/3124"}],"wp:attachment":[{"href":"https:\/\/www.organisator.ch\/fr\/wp-json\/wp\/v2\/media?parent=3120"}],"wp:term":[{"taxonomy":"category","embeddable":true,"href":"https:\/\/www.organisator.ch\/fr\/wp-json\/wp\/v2\/categories?post=3120"},{"taxonomy":"post_tag","embeddable":true,"href":"https:\/\/www.organisator.ch\/fr\/wp-json\/wp\/v2\/tags?post=3120"}],"curies":[{"name":"wp","href":"https:\/\/api.w.org\/{rel}","templated":true}]}}