{"id":3121,"date":"2020-06-15T17:04:05","date_gmt":"2020-06-15T15:04:05","guid":{"rendered":"https:\/\/www.umweltperspektiven.ch\/?p=3121"},"modified":"2022-02-09T11:09:57","modified_gmt":"2022-02-09T10:09:57","slug":"im-namen-der-nachhaltigkeit-nach-dem-lockdown-zu-schnell-hoch","status":"publish","type":"post","link":"https:\/\/www.organisator.ch\/fr\/sustainability\/2020-06-15\/im-namen-der-nachhaltigkeit-nach-dem-lockdown-zu-schnell-hoch\/","title":{"rendered":"Au nom de la durabilit\u00e9 : trop vite apr\u00e8s le lockdown ?"},"content":{"rendered":"<p>&nbsp;<\/p>\n<figure id=\"attachment_3122\" aria-describedby=\"caption-attachment-3122\" style=\"width: 680px\" class=\"wp-caption alignnone\"><img loading=\"lazy\" decoding=\"async\" class=\"wp-image-3122 size-medium\" src=\"\/\/www.umweltperspektiven.ch\/wp-content\/uploads\/2020\/06\/nachhaltigkeit-prognose-covid-19-UP-Umwelt-Perspektiven.jpg\" alt=\"\" width=\"680\" height=\"510\" \/><figcaption id=\"caption-attachment-3122\" class=\"wp-caption-text\">Il existe un d\u00e9calage entre les attentes optimistes des march\u00e9s et la situation \u00e9conomique r\u00e9elle, qui est actuellement cruciale. (Image : Unsplash)<\/figcaption><\/figure>\n<p>\"Et pourtant\" (comme le dit la c\u00e9l\u00e8bre chanson de Charles Aznavour \"Et pourtant\"), certains pays pourraient voter au nom de la durabilit\u00e9, l'Union europ\u00e9enne pourrait relancer son int\u00e9gration avec un nouvel \u00e9lan, aborder les th\u00e8mes de la solidarit\u00e9 et de la coordination ou oser davantage de f\u00e9d\u00e9ralisme. Un argument pour une relance : \"Apr\u00e8s presque vingt ans o\u00f9 l'Europe s'est principalement occup\u00e9e d'elle-m\u00eame, le plan franco-allemand pourrait redonner vie \u00e0 la vieille Europe dans la course \u00e0 la comp\u00e9titivit\u00e9 et \u00e0 l'attractivit\u00e9\", \u00e9crit Laurent Denize, Global co-CIO chez ODDO BHF Assset Management. L'expert sait toutefois qu'il pourrait y avoir un long chemin \u00e0 parcourir entre les paroles et les actes.<\/p>\n<p><strong>Un ch\u00f4mage \u00e9lev\u00e9 et persistant<\/strong><\/p>\n<p>L'\u00e9cart entre les attentes optimistes des march\u00e9s et la situation \u00e9conomique r\u00e9elle, o\u00f9 il est actuellement essentiel d'endiguer le ch\u00f4mage, en particulier aux \u00c9tats-Unis, se creuse. Malheureusement, le march\u00e9 du travail risque de se r\u00e9tablir beaucoup plus lentement que la production, car les secteurs les plus touch\u00e9s par les restrictions de contact sont aussi ceux qui emploient le plus de personnes. Aux \u00c9tats-Unis, le secteur des loisirs et de la restauration ne contribue qu'\u00e0 hauteur de 4 % \u00e0 la croissance, mais emploie 11 % de la population en \u00e2ge de travailler. Le commerce de d\u00e9tail am\u00e9ricain atteint quant \u00e0 lui 5 et 10 pour cent. Si les deux secteurs tournent \u00e0 moiti\u00e9 de leur capacit\u00e9 (par rapport au niveau d'avant le d\u00e9but de la pand\u00e9mie), la production baisse de 4,5 pour cent, mais l'emploi de 10,5 pour cent.<\/p>\n<p>Inversement, les secteurs peu touch\u00e9s contribuent peu \u00e0 l'emploi, mais beaucoup plus \u00e0 la croissance : Le secteur financier, par exemple, ne repr\u00e9sente que 6 pour cent des emplois, mais 19 pour cent de la croissance. Le secteur IT emploie 2 pour cent de la population active et g\u00e9n\u00e8re 5 pour cent de la croissance, peut-on lire dans le Market Flash d'ODDO.<\/p>\n<p><strong>Les banques centrales pourraient \u00e9viter une d\u00e9pression<\/strong><\/p>\n<p>Si l'\u00e9conomie red\u00e9marre malgr\u00e9 les restrictions de contact - parce que la politique ou les gens eux-m\u00eames le souhaitent - la croissance pourrait se r\u00e9tablir sans que le march\u00e9 du travail ne suive. Dans ce cas, les banques centrales n'auraient d'autre choix que de poursuivre, voire de renforcer, leur politique mon\u00e9taire extr\u00eamement expansive. Est-ce une mauvaise nouvelle ? Pas n\u00e9cessairement, car l'afflux croissant de \"monnaie de banque centrale\" a pouss\u00e9 les valorisations sur les march\u00e9s financiers \u00e0 de nouveaux sommets.<\/p>\n<p><strong>Risques de pertes \u00e0 court terme<\/strong><\/p>\n<p>\"A court terme, nous voyons quelques risques de baisse pour les march\u00e9s des capitaux. Cela pourrait notamment \u00eatre d\u00fb \u00e0 de nouvelles tensions entre la Chine et les Etats-Unis, \u00e0 une escalade \u00e0 Hong Kong ou encore \u00e0 une deuxi\u00e8me vague de pand\u00e9mie d\u00e9clench\u00e9e par les mesures d'assouplissement. Actuellement, les \u00c9tats-Unis connaissent en outre des troubles et des turbulences politiques consid\u00e9rables. Mais tous ces risques ne doivent en aucun cas faire obstacle \u00e0 une normalisation des march\u00e9s des actifs \u00e0 risque. Il y a quatre raisons \u00e0 cela, selon nous\", r\u00e9sume Laurent Denize :<\/p>\n<ul>\n<li>Une grande rotation des actions qui n'a pas encore pris son envol<\/li>\n<li>Intervention rapide et flexible des banques centrales pour rem\u00e9dier aux probl\u00e8mes de financement des entreprises<\/li>\n<li>Changements structurels dans l'environnement des liquidit\u00e9s et des taux d'int\u00e9r\u00eat<\/li>\n<li>L'assouplissement progressif des mesures d'endiguement, qui devrait \u00e9galement entra\u00eener une reprise \u00e9conomique.<\/li>\n<\/ul>\n<p>Dans ce contexte, ce n'est pas tant la pond\u00e9ration des actifs \u00e0 risque qui importe dans les prochains mois que leur s\u00e9lection (secteur, style, r\u00e9gion).<\/p>\n<p><a href=\"\/\/www.oddo-bhf.com\/de\">www.oddo-bhf.com\/de<\/a><\/p>","protected":false},"excerpt":{"rendered":"<p>&nbsp; \u201eUnd trotzdem\u201c (wie es in Charles Aznavours ber\u00fchmten Lied &#8222;Et pourtant&#8220; heisst) k\u00f6nnten einzelne L\u00e4nder im Namen der Nachhaltigkeit Abstimmungen treffen, die Europ\u00e4ische Union ihre Integration mit neuem Elan vorantreiben, die Themen Solidarit\u00e4t und Koordination in Angriff nehmen oder mehr F\u00f6deralismus wagen. Ein Argument f\u00fcr einen Aufschwung: &#8222;Nachdem sich Europa fast zwanzig Jahre \u00fcberwiegend [&hellip;]<\/p>\n","protected":false},"author":5,"featured_media":3122,"comment_status":"closed","ping_status":"closed","sticky":false,"template":"","format":"standard","meta":{"_acf_changed":false,"_yoast_wpseo_focuskw":"Nachhaltigkeit","_yoast_wpseo_metadesc":"Vertragen sich Nachhaltigkeit und die aktuellen Wirtschaftsziele? Die weltweite Produktivit\u00e4t und Arbeitslosigkeit verheissen eine eher negative Prognose.","articlekey":"","footnotes":""},"categories":[580],"tags":[953,1787,2579],"class_list":["post-3121","post","type-post","status-publish","format-standard","has-post-thumbnail","hentry","category-sustainability","tag-covid-19","tag-nachhaltigkeit","tag-wirtschaftsprognose"],"acf":[],"yoast_head":"<!-- This site is optimized with the Yoast SEO plugin v27.5 - https:\/\/yoast.com\/product\/yoast-seo-wordpress\/ -->\n<title>Im Namen der Nachhaltigkeit: nach dem Lockdown zu schnell hoch? - Organisator<\/title>\n<meta name=\"description\" content=\"Vertragen sich Nachhaltigkeit und die aktuellen Wirtschaftsziele? Die weltweite Produktivit\u00e4t und Arbeitslosigkeit verheissen eine eher negative Prognose.\" \/>\n<meta name=\"robots\" content=\"index, follow, max-snippet:-1, max-image-preview:large, max-video-preview:-1\" \/>\n<link rel=\"canonical\" href=\"https:\/\/www.organisator.ch\/fr\/sustainability\/2020-06-15\/im-namen-der-nachhaltigkeit-nach-dem-lockdown-zu-schnell-hoch\/\" \/>\n<meta property=\"og:locale\" content=\"fr_FR\" \/>\n<meta property=\"og:type\" content=\"article\" \/>\n<meta property=\"og:title\" content=\"Im Namen der Nachhaltigkeit: nach dem Lockdown zu schnell hoch? - Organisator\" \/>\n<meta property=\"og:description\" content=\"Vertragen sich Nachhaltigkeit und die aktuellen Wirtschaftsziele? Die weltweite Produktivit\u00e4t und Arbeitslosigkeit verheissen eine eher negative Prognose.\" \/>\n<meta property=\"og:url\" content=\"https:\/\/www.organisator.ch\/fr\/sustainability\/2020-06-15\/im-namen-der-nachhaltigkeit-nach-dem-lockdown-zu-schnell-hoch\/\" \/>\n<meta property=\"og:site_name\" content=\"Organisator\" \/>\n<meta property=\"article:publisher\" content=\"https:\/\/www.facebook.com\/OrganisatorFachmagazin\" \/>\n<meta property=\"article:published_time\" content=\"2020-06-15T15:04:05+00:00\" \/>\n<meta property=\"article:modified_time\" content=\"2022-02-09T10:09:57+00:00\" \/>\n<meta property=\"og:image\" content=\"https:\/\/www.organisator.ch\/wp-content\/uploads\/2020\/06\/nachhaltigkeit-prognose-covid-19-UP-Umwelt-Perspektiven-scaled.jpg\" \/>\n\t<meta property=\"og:image:width\" content=\"2560\" \/>\n\t<meta property=\"og:image:height\" content=\"1920\" \/>\n\t<meta property=\"og:image:type\" content=\"image\/jpeg\" \/>\n<meta name=\"author\" content=\"michael.merz\" \/>\n<meta name=\"twitter:card\" content=\"summary_large_image\" \/>\n<script type=\"application\/ld+json\" class=\"yoast-schema-graph\">{\"@context\":\"https:\\\/\\\/schema.org\",\"@graph\":[{\"@type\":\"Article\",\"@id\":\"https:\\\/\\\/www.organisator.ch\\\/sustainability\\\/2020-06-15\\\/im-namen-der-nachhaltigkeit-nach-dem-lockdown-zu-schnell-hoch\\\/#article\",\"isPartOf\":{\"@id\":\"https:\\\/\\\/www.organisator.ch\\\/sustainability\\\/2020-06-15\\\/im-namen-der-nachhaltigkeit-nach-dem-lockdown-zu-schnell-hoch\\\/\"},\"author\":{\"name\":\"michael.merz\",\"@id\":\"https:\\\/\\\/www.organisator.ch\\\/#\\\/schema\\\/person\\\/134708ca9321c57b0362cceb7948ffbd\"},\"headline\":\"Im Namen der Nachhaltigkeit: nach dem Lockdown zu schnell hoch?\",\"datePublished\":\"2020-06-15T15:04:05+00:00\",\"dateModified\":\"2022-02-09T10:09:57+00:00\",\"mainEntityOfPage\":{\"@id\":\"https:\\\/\\\/www.organisator.ch\\\/sustainability\\\/2020-06-15\\\/im-namen-der-nachhaltigkeit-nach-dem-lockdown-zu-schnell-hoch\\\/\"},\"wordCount\":560,\"publisher\":{\"@id\":\"https:\\\/\\\/www.organisator.ch\\\/#organization\"},\"image\":{\"@id\":\"https:\\\/\\\/www.organisator.ch\\\/sustainability\\\/2020-06-15\\\/im-namen-der-nachhaltigkeit-nach-dem-lockdown-zu-schnell-hoch\\\/#primaryimage\"},\"thumbnailUrl\":\"https:\\\/\\\/www.organisator.ch\\\/wp-content\\\/uploads\\\/2020\\\/06\\\/nachhaltigkeit-prognose-covid-19-UP-Umwelt-Perspektiven-scaled.jpg\",\"keywords\":[\"Covid-19\",\"Nachhaltigkeit\",\"Wirtschaftsprognose\"],\"articleSection\":[\"SUSTAINABILITY\"],\"inLanguage\":\"fr-FR\"},{\"@type\":\"WebPage\",\"@id\":\"https:\\\/\\\/www.organisator.ch\\\/sustainability\\\/2020-06-15\\\/im-namen-der-nachhaltigkeit-nach-dem-lockdown-zu-schnell-hoch\\\/\",\"url\":\"https:\\\/\\\/www.organisator.ch\\\/sustainability\\\/2020-06-15\\\/im-namen-der-nachhaltigkeit-nach-dem-lockdown-zu-schnell-hoch\\\/\",\"name\":\"Im Namen der Nachhaltigkeit: nach dem Lockdown zu schnell hoch? - Organisator\",\"isPartOf\":{\"@id\":\"https:\\\/\\\/www.organisator.ch\\\/#website\"},\"primaryImageOfPage\":{\"@id\":\"https:\\\/\\\/www.organisator.ch\\\/sustainability\\\/2020-06-15\\\/im-namen-der-nachhaltigkeit-nach-dem-lockdown-zu-schnell-hoch\\\/#primaryimage\"},\"image\":{\"@id\":\"https:\\\/\\\/www.organisator.ch\\\/sustainability\\\/2020-06-15\\\/im-namen-der-nachhaltigkeit-nach-dem-lockdown-zu-schnell-hoch\\\/#primaryimage\"},\"thumbnailUrl\":\"https:\\\/\\\/www.organisator.ch\\\/wp-content\\\/uploads\\\/2020\\\/06\\\/nachhaltigkeit-prognose-covid-19-UP-Umwelt-Perspektiven-scaled.jpg\",\"datePublished\":\"2020-06-15T15:04:05+00:00\",\"dateModified\":\"2022-02-09T10:09:57+00:00\",\"description\":\"Vertragen sich Nachhaltigkeit und die aktuellen Wirtschaftsziele? Die weltweite Produktivit\u00e4t und Arbeitslosigkeit verheissen eine eher negative Prognose.\",\"breadcrumb\":{\"@id\":\"https:\\\/\\\/www.organisator.ch\\\/sustainability\\\/2020-06-15\\\/im-namen-der-nachhaltigkeit-nach-dem-lockdown-zu-schnell-hoch\\\/#breadcrumb\"},\"inLanguage\":\"fr-FR\",\"potentialAction\":[{\"@type\":\"ReadAction\",\"target\":[\"https:\\\/\\\/www.organisator.ch\\\/sustainability\\\/2020-06-15\\\/im-namen-der-nachhaltigkeit-nach-dem-lockdown-zu-schnell-hoch\\\/\"]}]},{\"@type\":\"ImageObject\",\"inLanguage\":\"fr-FR\",\"@id\":\"https:\\\/\\\/www.organisator.ch\\\/sustainability\\\/2020-06-15\\\/im-namen-der-nachhaltigkeit-nach-dem-lockdown-zu-schnell-hoch\\\/#primaryimage\",\"url\":\"https:\\\/\\\/www.organisator.ch\\\/wp-content\\\/uploads\\\/2020\\\/06\\\/nachhaltigkeit-prognose-covid-19-UP-Umwelt-Perspektiven-scaled.jpg\",\"contentUrl\":\"https:\\\/\\\/www.organisator.ch\\\/wp-content\\\/uploads\\\/2020\\\/06\\\/nachhaltigkeit-prognose-covid-19-UP-Umwelt-Perspektiven-scaled.jpg\",\"width\":2560,\"height\":1920},{\"@type\":\"BreadcrumbList\",\"@id\":\"https:\\\/\\\/www.organisator.ch\\\/sustainability\\\/2020-06-15\\\/im-namen-der-nachhaltigkeit-nach-dem-lockdown-zu-schnell-hoch\\\/#breadcrumb\",\"itemListElement\":[{\"@type\":\"ListItem\",\"position\":1,\"name\":\"Home\",\"item\":\"https:\\\/\\\/www.organisator.ch\\\/\"},{\"@type\":\"ListItem\",\"position\":2,\"name\":\"Im Namen der Nachhaltigkeit: nach dem Lockdown zu schnell hoch?\"}]},{\"@type\":\"WebSite\",\"@id\":\"https:\\\/\\\/www.organisator.ch\\\/#website\",\"url\":\"https:\\\/\\\/www.organisator.ch\\\/\",\"name\":\"Organisator\",\"description\":\"Kompetent. Praxisnah. Der ORGANISATOR bereitet in 10 Ausgaben pro Jahr die wesentlichen Themen f\u00fcr F\u00fchrungskr\u00e4fte von KMU auf.\",\"publisher\":{\"@id\":\"https:\\\/\\\/www.organisator.ch\\\/#organization\"},\"potentialAction\":[{\"@type\":\"SearchAction\",\"target\":{\"@type\":\"EntryPoint\",\"urlTemplate\":\"https:\\\/\\\/www.organisator.ch\\\/?s={search_term_string}\"},\"query-input\":{\"@type\":\"PropertyValueSpecification\",\"valueRequired\":true,\"valueName\":\"search_term_string\"}}],\"inLanguage\":\"fr-FR\"},{\"@type\":\"Organization\",\"@id\":\"https:\\\/\\\/www.organisator.ch\\\/#organization\",\"name\":\"Organisator\",\"url\":\"https:\\\/\\\/www.organisator.ch\\\/\",\"logo\":{\"@type\":\"ImageObject\",\"inLanguage\":\"fr-FR\",\"@id\":\"https:\\\/\\\/www.organisator.ch\\\/#\\\/schema\\\/logo\\\/image\\\/\",\"url\":\"https:\\\/\\\/www.organisator.ch\\\/wp-content\\\/uploads\\\/2022\\\/01\\\/Logo_Organisator_Website.png\",\"contentUrl\":\"https:\\\/\\\/www.organisator.ch\\\/wp-content\\\/uploads\\\/2022\\\/01\\\/Logo_Organisator_Website.png\",\"width\":800,\"height\":77,\"caption\":\"Organisator\"},\"image\":{\"@id\":\"https:\\\/\\\/www.organisator.ch\\\/#\\\/schema\\\/logo\\\/image\\\/\"},\"sameAs\":[\"https:\\\/\\\/www.facebook.com\\\/OrganisatorFachmagazin\",\"https:\\\/\\\/www.linkedin.com\\\/showcase\\\/organisator-das-magazin-fr-kmu\",\"https:\\\/\\\/www.xing.com\\\/news\\\/pages\\\/organisator-ch-695\",\"https:\\\/\\\/www.youtube.com\\\/channel\\\/UCGP2Sq0iWaZwT3BdIAQFYpw\"]},{\"@type\":\"Person\",\"@id\":\"https:\\\/\\\/www.organisator.ch\\\/#\\\/schema\\\/person\\\/134708ca9321c57b0362cceb7948ffbd\",\"name\":\"michael.merz\",\"image\":{\"@type\":\"ImageObject\",\"inLanguage\":\"fr-FR\",\"@id\":\"https:\\\/\\\/secure.gravatar.com\\\/avatar\\\/?s=96&d=mm&r=g\",\"url\":\"https:\\\/\\\/secure.gravatar.com\\\/avatar\\\/?s=96&d=mm&r=g\",\"contentUrl\":\"https:\\\/\\\/secure.gravatar.com\\\/avatar\\\/?s=96&d=mm&r=g\",\"caption\":\"michael.merz\"},\"url\":\"https:\\\/\\\/www.organisator.ch\\\/fr\\\/author\\\/michael-merz\\\/\"}]}<\/script>\n<!-- \/ Yoast SEO plugin. -->","yoast_head_json":{"title":"Au nom de la durabilit\u00e9 : trop vite apr\u00e8s le lockdown ? - Organisateur","description":"La durabilit\u00e9 et les objectifs \u00e9conomiques actuels sont-ils compatibles ? La productivit\u00e9 et le ch\u00f4mage mondiaux laissent pr\u00e9sager des pr\u00e9visions plut\u00f4t n\u00e9gatives.","robots":{"index":"index","follow":"follow","max-snippet":"max-snippet:-1","max-image-preview":"max-image-preview:large","max-video-preview":"max-video-preview:-1"},"canonical":"https:\/\/www.organisator.ch\/fr\/sustainability\/2020-06-15\/im-namen-der-nachhaltigkeit-nach-dem-lockdown-zu-schnell-hoch\/","og_locale":"fr_FR","og_type":"article","og_title":"Im Namen der Nachhaltigkeit: nach dem Lockdown zu schnell hoch? - Organisator","og_description":"Vertragen sich Nachhaltigkeit und die aktuellen Wirtschaftsziele? Die weltweite Produktivit\u00e4t und Arbeitslosigkeit verheissen eine eher negative Prognose.","og_url":"https:\/\/www.organisator.ch\/fr\/sustainability\/2020-06-15\/im-namen-der-nachhaltigkeit-nach-dem-lockdown-zu-schnell-hoch\/","og_site_name":"Organisator","article_publisher":"https:\/\/www.facebook.com\/OrganisatorFachmagazin","article_published_time":"2020-06-15T15:04:05+00:00","article_modified_time":"2022-02-09T10:09:57+00:00","og_image":[{"width":2560,"height":1920,"url":"https:\/\/www.organisator.ch\/wp-content\/uploads\/2020\/06\/nachhaltigkeit-prognose-covid-19-UP-Umwelt-Perspektiven-scaled.jpg","type":"image\/jpeg"}],"author":"michael.merz","twitter_card":"summary_large_image","schema":{"@context":"https:\/\/schema.org","@graph":[{"@type":"Article","@id":"https:\/\/www.organisator.ch\/sustainability\/2020-06-15\/im-namen-der-nachhaltigkeit-nach-dem-lockdown-zu-schnell-hoch\/#article","isPartOf":{"@id":"https:\/\/www.organisator.ch\/sustainability\/2020-06-15\/im-namen-der-nachhaltigkeit-nach-dem-lockdown-zu-schnell-hoch\/"},"author":{"name":"michael.merz","@id":"https:\/\/www.organisator.ch\/#\/schema\/person\/134708ca9321c57b0362cceb7948ffbd"},"headline":"Im Namen der Nachhaltigkeit: nach dem Lockdown zu schnell hoch?","datePublished":"2020-06-15T15:04:05+00:00","dateModified":"2022-02-09T10:09:57+00:00","mainEntityOfPage":{"@id":"https:\/\/www.organisator.ch\/sustainability\/2020-06-15\/im-namen-der-nachhaltigkeit-nach-dem-lockdown-zu-schnell-hoch\/"},"wordCount":560,"publisher":{"@id":"https:\/\/www.organisator.ch\/#organization"},"image":{"@id":"https:\/\/www.organisator.ch\/sustainability\/2020-06-15\/im-namen-der-nachhaltigkeit-nach-dem-lockdown-zu-schnell-hoch\/#primaryimage"},"thumbnailUrl":"https:\/\/www.organisator.ch\/wp-content\/uploads\/2020\/06\/nachhaltigkeit-prognose-covid-19-UP-Umwelt-Perspektiven-scaled.jpg","keywords":["Covid-19","Nachhaltigkeit","Wirtschaftsprognose"],"articleSection":["SUSTAINABILITY"],"inLanguage":"fr-FR"},{"@type":"WebPage","@id":"https:\/\/www.organisator.ch\/sustainability\/2020-06-15\/im-namen-der-nachhaltigkeit-nach-dem-lockdown-zu-schnell-hoch\/","url":"https:\/\/www.organisator.ch\/sustainability\/2020-06-15\/im-namen-der-nachhaltigkeit-nach-dem-lockdown-zu-schnell-hoch\/","name":"Au nom de la durabilit\u00e9 : trop vite apr\u00e8s le lockdown ? - Organisateur","isPartOf":{"@id":"https:\/\/www.organisator.ch\/#website"},"primaryImageOfPage":{"@id":"https:\/\/www.organisator.ch\/sustainability\/2020-06-15\/im-namen-der-nachhaltigkeit-nach-dem-lockdown-zu-schnell-hoch\/#primaryimage"},"image":{"@id":"https:\/\/www.organisator.ch\/sustainability\/2020-06-15\/im-namen-der-nachhaltigkeit-nach-dem-lockdown-zu-schnell-hoch\/#primaryimage"},"thumbnailUrl":"https:\/\/www.organisator.ch\/wp-content\/uploads\/2020\/06\/nachhaltigkeit-prognose-covid-19-UP-Umwelt-Perspektiven-scaled.jpg","datePublished":"2020-06-15T15:04:05+00:00","dateModified":"2022-02-09T10:09:57+00:00","description":"La durabilit\u00e9 et les objectifs \u00e9conomiques actuels sont-ils compatibles ? La productivit\u00e9 et le ch\u00f4mage mondiaux laissent pr\u00e9sager des pr\u00e9visions plut\u00f4t n\u00e9gatives.","breadcrumb":{"@id":"https:\/\/www.organisator.ch\/sustainability\/2020-06-15\/im-namen-der-nachhaltigkeit-nach-dem-lockdown-zu-schnell-hoch\/#breadcrumb"},"inLanguage":"fr-FR","potentialAction":[{"@type":"ReadAction","target":["https:\/\/www.organisator.ch\/sustainability\/2020-06-15\/im-namen-der-nachhaltigkeit-nach-dem-lockdown-zu-schnell-hoch\/"]}]},{"@type":"ImageObject","inLanguage":"fr-FR","@id":"https:\/\/www.organisator.ch\/sustainability\/2020-06-15\/im-namen-der-nachhaltigkeit-nach-dem-lockdown-zu-schnell-hoch\/#primaryimage","url":"https:\/\/www.organisator.ch\/wp-content\/uploads\/2020\/06\/nachhaltigkeit-prognose-covid-19-UP-Umwelt-Perspektiven-scaled.jpg","contentUrl":"https:\/\/www.organisator.ch\/wp-content\/uploads\/2020\/06\/nachhaltigkeit-prognose-covid-19-UP-Umwelt-Perspektiven-scaled.jpg","width":2560,"height":1920},{"@type":"BreadcrumbList","@id":"https:\/\/www.organisator.ch\/sustainability\/2020-06-15\/im-namen-der-nachhaltigkeit-nach-dem-lockdown-zu-schnell-hoch\/#breadcrumb","itemListElement":[{"@type":"ListItem","position":1,"name":"Home","item":"https:\/\/www.organisator.ch\/"},{"@type":"ListItem","position":2,"name":"Im Namen der Nachhaltigkeit: nach dem Lockdown zu schnell hoch?"}]},{"@type":"WebSite","@id":"https:\/\/www.organisator.ch\/#website","url":"https:\/\/www.organisator.ch\/","name":"Organisateur","description":"Comp\u00e9tence et comp\u00e9tence. Proches de la pratique. L'ORGANISATEUR pr\u00e9pare 10 num\u00e9ros par an sur les th\u00e8mes essentiels pour les dirigeants de PME.","publisher":{"@id":"https:\/\/www.organisator.ch\/#organization"},"potentialAction":[{"@type":"SearchAction","target":{"@type":"EntryPoint","urlTemplate":"https:\/\/www.organisator.ch\/?s={search_term_string}"},"query-input":{"@type":"PropertyValueSpecification","valueRequired":true,"valueName":"search_term_string"}}],"inLanguage":"fr-FR"},{"@type":"Organization","@id":"https:\/\/www.organisator.ch\/#organization","name":"Organisateur","url":"https:\/\/www.organisator.ch\/","logo":{"@type":"ImageObject","inLanguage":"fr-FR","@id":"https:\/\/www.organisator.ch\/#\/schema\/logo\/image\/","url":"https:\/\/www.organisator.ch\/wp-content\/uploads\/2022\/01\/Logo_Organisator_Website.png","contentUrl":"https:\/\/www.organisator.ch\/wp-content\/uploads\/2022\/01\/Logo_Organisator_Website.png","width":800,"height":77,"caption":"Organisator"},"image":{"@id":"https:\/\/www.organisator.ch\/#\/schema\/logo\/image\/"},"sameAs":["https:\/\/www.facebook.com\/OrganisatorFachmagazin","https:\/\/www.linkedin.com\/showcase\/organisator-das-magazin-fr-kmu","https:\/\/www.xing.com\/news\/pages\/organisator-ch-695","https:\/\/www.youtube.com\/channel\/UCGP2Sq0iWaZwT3BdIAQFYpw"]},{"@type":"Person","@id":"https:\/\/www.organisator.ch\/#\/schema\/person\/134708ca9321c57b0362cceb7948ffbd","name":"michael.merz","image":{"@type":"ImageObject","inLanguage":"fr-FR","@id":"https:\/\/secure.gravatar.com\/avatar\/?s=96&d=mm&r=g","url":"https:\/\/secure.gravatar.com\/avatar\/?s=96&d=mm&r=g","contentUrl":"https:\/\/secure.gravatar.com\/avatar\/?s=96&d=mm&r=g","caption":"michael.merz"},"url":"https:\/\/www.organisator.ch\/fr\/author\/michael-merz\/"}]}},"_links":{"self":[{"href":"https:\/\/www.organisator.ch\/fr\/wp-json\/wp\/v2\/posts\/3121","targetHints":{"allow":["GET"]}}],"collection":[{"href":"https:\/\/www.organisator.ch\/fr\/wp-json\/wp\/v2\/posts"}],"about":[{"href":"https:\/\/www.organisator.ch\/fr\/wp-json\/wp\/v2\/types\/post"}],"author":[{"embeddable":true,"href":"https:\/\/www.organisator.ch\/fr\/wp-json\/wp\/v2\/users\/5"}],"replies":[{"embeddable":true,"href":"https:\/\/www.organisator.ch\/fr\/wp-json\/wp\/v2\/comments?post=3121"}],"version-history":[{"count":1,"href":"https:\/\/www.organisator.ch\/fr\/wp-json\/wp\/v2\/posts\/3121\/revisions"}],"predecessor-version":[{"id":10829,"href":"https:\/\/www.organisator.ch\/fr\/wp-json\/wp\/v2\/posts\/3121\/revisions\/10829"}],"wp:featuredmedia":[{"embeddable":true,"href":"https:\/\/www.organisator.ch\/fr\/wp-json\/wp\/v2\/media\/3122"}],"wp:attachment":[{"href":"https:\/\/www.organisator.ch\/fr\/wp-json\/wp\/v2\/media?parent=3121"}],"wp:term":[{"taxonomy":"category","embeddable":true,"href":"https:\/\/www.organisator.ch\/fr\/wp-json\/wp\/v2\/categories?post=3121"},{"taxonomy":"post_tag","embeddable":true,"href":"https:\/\/www.organisator.ch\/fr\/wp-json\/wp\/v2\/tags?post=3121"}],"curies":[{"name":"wp","href":"https:\/\/api.w.org\/{rel}","templated":true}]}}