{"id":31233,"date":"2024-10-25T13:32:45","date_gmt":"2024-10-25T11:32:45","guid":{"rendered":"https:\/\/www.organisator.ch\/?p=31233"},"modified":"2024-10-25T13:32:45","modified_gmt":"2024-10-25T11:32:45","slug":"prix-svc-espace-mittelland-2025-expertenjury-hat-fuenf-finalisten-nominiert","status":"publish","type":"post","link":"https:\/\/www.organisator.ch\/fr\/management\/2024-10-25\/prix-svc-espace-mittelland-2025-expertenjury-hat-fuenf-finalisten-nominiert\/","title":{"rendered":"Prix SVC Espace Mittelland 2025 : le jury d'experts a nomm\u00e9 cinq finalistes"},"content":{"rendered":"<figure id=\"attachment_31236\" aria-describedby=\"caption-attachment-31236\" style=\"width: 680px\" class=\"wp-caption alignnone\"><img loading=\"lazy\" decoding=\"async\" class=\"size-full wp-image-31236\" src=\"https:\/\/www.organisator.ch\/wp-content\/uploads\/2024\/10\/Prix-SVC_Espace-Mittelland_Bild1_ps.jpg\" alt=\"\" width=\"680\" height=\"403\" srcset=\"https:\/\/www.organisator.ch\/wp-content\/uploads\/2024\/10\/Prix-SVC_Espace-Mittelland_Bild1_ps.jpg 680w, https:\/\/www.organisator.ch\/wp-content\/uploads\/2024\/10\/Prix-SVC_Espace-Mittelland_Bild1_ps-18x12.jpg 18w, https:\/\/www.organisator.ch\/wp-content\/uploads\/2024\/10\/Prix-SVC_Espace-Mittelland_Bild1_ps-375x222.jpg 375w, https:\/\/www.organisator.ch\/wp-content\/uploads\/2024\/10\/Prix-SVC_Espace-Mittelland_Bild1_ps-591x350.jpg 591w\" sizes=\"auto, (max-width: 680px) 100vw, 680px\" \/><figcaption id=\"caption-attachment-31236\" class=\"wp-caption-text\">Le Prix SVC Espace Mittelland a \u00e9t\u00e9 d\u00e9cern\u00e9 pour la premi\u00e8re fois en 2003 et la quinzi\u00e8me \u00e9dition est d\u00e9j\u00e0 pr\u00e9vue en 2025. (Image : www.svc.swiss)<\/figcaption><\/figure>\n<p>Le SVC, une association ind\u00e9pendante de promotion et de soutien des PME en Suisse, est l'initiateur et le promoteur des Prix SVC. Avec le Prix SVC Espace Mittelland, elle distingue des entreprises exemplaires qui convainquent par leurs produits et services innovants, leur culture d'entreprise, la qualit\u00e9 de leurs collaborateurs et de leur management ainsi que par leurs r\u00e9sultats durables.<\/p>\n<p>Les PME elles-m\u00eames n'ont pas la possibilit\u00e9 de postuler pour une nomination au Prix SVC. La s\u00e9lection des entreprises et les nominations pour le Prix SVC sont exclusivement effectu\u00e9es par un jury d'experts ind\u00e9pendant et fortement ancr\u00e9 dans la r\u00e9gion. Son pr\u00e9sident, J\u00fcrg Schwarzenbach, fondateur et propri\u00e9taire de Marcaro AG et connu du grand public en tant qu'investisseur dans l'\u00e9mission t\u00e9l\u00e9vis\u00e9e \"Die H\u00f6hle der L\u00f6wen\", se montre enthousiaste quant \u00e0 la qualit\u00e9 des finalistes 2025 : \"Durant le processus de nomination, nous avons une fois de plus fait la connaissance de cinq entreprises exceptionnelles et inspirantes, qui font toutes partie des 'phares' de la r\u00e9gion \u00e9conomique de l'Espace Mittelland. Chacune des cinq entreprises finalistes est un digne laur\u00e9at et je me r\u00e9jouis beaucoup de la finale passionnante du Prix SVC au printemps prochain\".<\/p>\n<p>La remise des prix aura lieu le mercredi 12 mars 2025 au Kursaal de Berne. Pr\u00e8s de 1'300 invit\u00e9s issus des milieux \u00e9conomiques, scientifiques, politiques et culturels sont attendus. Le Prix SVC Espace Mittelland a \u00e9t\u00e9 d\u00e9cern\u00e9 pour la premi\u00e8re fois en 2003 et l'\u00e9dition 2025 en est d\u00e9j\u00e0 \u00e0 sa quinzi\u00e8me \u00e9dition.<\/p>\n<h3><strong>Les finalistes 2025 : cinq success stories convaincantes de l'Espace Mittelland<\/strong><\/h3>\n<h3><strong>Gasser Ceramic - Briqueterie Rapperswil Louis Gasser AG, Rapperswil BE<\/strong><\/h3>\n<p>Le groupe d'entreprises Gasser Ceramic est un fournisseur sp\u00e9cialis\u00e9 dans les produits de construction en c\u00e9ramique, tels que les briques et les tuiles. Cette entreprise familiale riche en traditions est \u00e0 la pointe des d\u00e9veloppements visant \u00e0 perfectionner l'enveloppe des b\u00e2timents. Ses tuiles, briques et produits photovolta\u00efques garantissent un climat int\u00e9rieur sain, un habitat agr\u00e9able et une efficacit\u00e9 \u00e9nerg\u00e9tique optimale. Avec pr\u00e8s de 200 collaborateurs, 10 lignes de production et six fours r\u00e9partis sur quatre sites, Gasser Ceramic est l'un des principaux fabricants suisses dans ce domaine. L'entreprise allie l'artisanat traditionnel aux techniques les plus modernes et pr\u00e9sente sans cesse de nouvelles solutions innovantes pour une construction durable. \/ <a href=\"http:\/\/www.gasserceramic.ch\">www.gasserceramic.ch<\/a><\/p>\n<h3><strong>Megasol Energie AG, Deitingen SO<\/strong><\/h3>\n<p>Megasol Energie AG est l'un des leaders mondiaux de la fabrication de syst\u00e8mes photovolta\u00efques int\u00e9gr\u00e9s aux b\u00e2timents (BIPV). Depuis Deitingen, l'entreprise fournit \u00e0 une client\u00e8le internationale des modules solaires et des syst\u00e8mes photovolta\u00efques pour chaque application. Elle d\u00e9veloppe des syst\u00e8mes de montage intelligents et fabrique, outre les modules standard, des solutions sp\u00e9ciales aux designs personnalis\u00e9s et aux couleurs vari\u00e9es. Dans le segment en forte croissance du photovolta\u00efque int\u00e9gr\u00e9 au b\u00e2timent, Megasol conna\u00eet ainsi un succ\u00e8s particulier. Le d\u00e9partement de recherche de l'entreprise travaille avec des partenaires renomm\u00e9s sur les technologies de demain, dans le but de faire passer le design, l'esth\u00e9tique, la production et l'efficacit\u00e9 de la production d'\u00e9lectricit\u00e9 int\u00e9gr\u00e9e au b\u00e2timent au niveau sup\u00e9rieur. \/ <a href=\"http:\/\/www.megasol.ch\">www.megasol.ch<\/a><\/p>\n<h3><strong>Olwo AG, Worb BE<\/strong><\/h3>\n<p>Depuis 1926, Olwo est devenue une entreprise centrale de production, de commerce et de services de la branche suisse du bois et constitue une plaque tournante de l'\u00e9conomie bernoise du bois. Les usines de production d'Olwo comprennent deux scieries \u00e0 Worb et \u00e0 Erlenbach ainsi qu'une raboterie \u00e0 Stalden. Par ailleurs, l'entreprise est \u00e9galement active dans le commerce de mat\u00e9riaux en bois. Les clients cibles de l'entreprise sont des charpentiers, des menuisiers, des couvreurs, des entreprises de construction, des architectes et des ma\u00eetres d'ouvrage. Olwo AG fait partie d'une holding familiale ind\u00e9pendante et est d\u00e9sormais dirig\u00e9e par la troisi\u00e8me et la quatri\u00e8me g\u00e9n\u00e9ration. Ces derni\u00e8res ann\u00e9es, l'entreprise a largement modernis\u00e9 son infrastructure et investi dans des solutions logistiques num\u00e9riques, ce qui permet \u00e0 Olwo d'\u00e9tablir de nouvelles r\u00e9f\u00e9rences dans son secteur. \/ <a href=\"http:\/\/www.olwo.ch\">www.olwo.ch<\/a><\/p>\n<h3><strong>Platit AG, Selzach SO<\/strong><\/h3>\n<p>Platit AG est une entreprise innovante qui s'est sp\u00e9cialis\u00e9e dans le d\u00e9veloppement et la production d'installations de rev\u00eatement PVD (Physical Vapor Deposition) de haute qualit\u00e9, qui augmentent \u00e9norm\u00e9ment la dur\u00e9e de vie, la productivit\u00e9 et l'efficacit\u00e9 des outils et des composants. L'entreprise est aujourd'hui un leader mondial dans le domaine des rev\u00eatements \u00e0 l'\u00e9chelle micro et nanom\u00e9trique et a enti\u00e8rement d\u00e9velopp\u00e9 elle-m\u00eame la technologie correspondante. L'entreprise familiale suisse ind\u00e9pendante Platit AG mise sur des concepts d'installations tr\u00e8s flexibles avec une philosophie open source, ce qui permet \u00e0 ses clients d'adapter les solutions de rev\u00eatement \u00e0 leurs exigences sp\u00e9cifiques et \u00e0 leurs besoins individuels. \/ <a href=\"http:\/\/www.platit.com\">www.platit.com<\/a><\/p>\n<h3><strong>Schwob AG, Burgdorf BE<\/strong><\/h3>\n<p>Depuis 1872, l'entreprise de tissage de lin high-tech Schwob SA fabrique des textiles exclusifs pour l'h\u00f4tellerie et la gastronomie ainsi que pour les cliniques et les r\u00e9sidences. L'entreprise emploie environ 240 personnes. Une grande tradition associ\u00e9e \u00e0 une grande innovation permet d'obtenir une qualit\u00e9 qui enthousiasme les clients en Suisse, mais aussi dans le monde entier. Schwob exporte du linge de lit et de table - made in Burgdorf - \u00e0 de nombreuses adresses renomm\u00e9es dans le monde entier. De plus, l'entreprise poss\u00e8de depuis plusieurs ann\u00e9es cinq blanchisseries. Ainsi, en plus de la conception et de la production de textiles, Schwob propose \u00e9galement l'entretien complet des textiles dans sa propre comp\u00e9tence et offre \u00e0 ses clients un service complet dans toute la Suisse. \/ <a href=\"http:\/\/www.schwob.swiss\">www.schwob.swiss<\/a><\/p>\n<p><em>Source : <a href=\"http:\/\/www.svc.swiss\">www.svc.swiss<\/a><\/em><\/p>","protected":false},"excerpt":{"rendered":"<p>Le 12 mars 2025, le r\u00e9seau de PME SVC (Swiss Venture Club) d\u00e9cernera pour la quinzi\u00e8me fois le Prix SVC Espace Mittelland. Cinq entreprises prosp\u00e8res de la r\u00e9gion ont \u00e9t\u00e9 nomin\u00e9es par le jury d'experts SVC pour la grande finale et peuvent toujours esp\u00e9rer remporter ce prix prestigieux : Gasser Ceramic - Ziegelei Rapperswil Louis Gasser AG de Rapperswil BE, Megasol Energie AG de Deitingen SO, Olwo AG de Worb BE, Platit AG de Selzach SO et Schwob AG de Burgdorf BE.<\/p>","protected":false},"author":58,"featured_media":31236,"comment_status":"closed","ping_status":"closed","sticky":false,"template":"","format":"standard","meta":{"_acf_changed":false,"_yoast_wpseo_focuskw":"Prix SVC","_yoast_wpseo_metadesc":"Das KMU-Netzwerk SVC (Swiss Venture Club) vergibt am 12. M\u00e4rz 2025 zum f\u00fcnfzehnten Mal den Prix SVC Espace Mittelland.","articlekey":"","footnotes":""},"categories":[28],"tags":[65,334,391,492],"class_list":["post-31233","post","type-post","status-publish","format-standard","has-post-thumbnail","hentry","category-management","tag-award","tag-management","tag-prix-svc-espace-mittelland","tag-unternehmen"],"acf":[],"yoast_head":"<!-- This site is optimized with the Yoast SEO plugin v27.5 - https:\/\/yoast.com\/product\/yoast-seo-wordpress\/ -->\n<title>Prix SVC Espace Mittelland 2025: Expertenjury hat f\u00fcnf Finalisten nominiert - Organisator<\/title>\n<meta name=\"description\" content=\"Das KMU-Netzwerk SVC (Swiss Venture Club) vergibt am 12. M\u00e4rz 2025 zum f\u00fcnfzehnten Mal den Prix SVC Espace Mittelland.\" \/>\n<meta name=\"robots\" content=\"index, follow, max-snippet:-1, max-image-preview:large, max-video-preview:-1\" \/>\n<link rel=\"canonical\" href=\"https:\/\/www.organisator.ch\/fr\/gestion-2\/2024-10-25\/prix-svc-espace-mittelland-2025-expertenjury-hat-fuenf-finalisten-nominiert\/\" \/>\n<meta property=\"og:locale\" content=\"fr_FR\" \/>\n<meta property=\"og:type\" content=\"article\" \/>\n<meta property=\"og:title\" content=\"Prix SVC Espace Mittelland 2025: Expertenjury hat f\u00fcnf Finalisten nominiert\" \/>\n<meta property=\"og:description\" content=\"Das KMU-Netzwerk SVC (Swiss Venture Club) vergibt am 12. M\u00e4rz 2025 zum f\u00fcnfzehnten Mal den Prix SVC Espace Mittelland.\" \/>\n<meta property=\"og:url\" content=\"https:\/\/www.organisator.ch\/fr\/gestion-2\/2024-10-25\/prix-svc-espace-mittelland-2025-expertenjury-hat-fuenf-finalisten-nominiert\/\" \/>\n<meta property=\"og:site_name\" content=\"Organisator\" \/>\n<meta property=\"article:publisher\" content=\"https:\/\/www.facebook.com\/OrganisatorFachmagazin\" \/>\n<meta property=\"article:published_time\" content=\"2024-10-25T11:32:45+00:00\" \/>\n<meta property=\"og:image\" content=\"https:\/\/www.organisator.ch\/wp-content\/uploads\/2024\/10\/Prix-SVC_Espace-Mittelland_Bild1_ps.jpg\" \/>\n\t<meta property=\"og:image:width\" content=\"680\" \/>\n\t<meta property=\"og:image:height\" content=\"403\" \/>\n\t<meta property=\"og:image:type\" content=\"image\/jpeg\" \/>\n<meta name=\"author\" content=\"Adelisa Kalajdzini\" \/>\n<meta name=\"twitter:card\" content=\"summary_large_image\" \/>\n<meta name=\"twitter:title\" content=\"Prix SVC Espace Mittelland 2025: Expertenjury hat f\u00fcnf Finalisten nominiert\" \/>\n<meta name=\"twitter:description\" content=\"Das #KMU-Netzwerk SVC (Swiss Venture Club) vergibt am 12. M\u00e4rz 2025 zum f\u00fcnfzehnten Mal den #Prix #SVC #Espace #Mittelland.\" \/>\n<meta name=\"twitter:image\" content=\"https:\/\/www.organisator.ch\/wp-content\/uploads\/2024\/10\/Prix-SVC_Espace-Mittelland_Bild1_ps.jpg\" \/>\n<script type=\"application\/ld+json\" class=\"yoast-schema-graph\">{\"@context\":\"https:\\\/\\\/schema.org\",\"@graph\":[{\"@type\":\"Article\",\"@id\":\"https:\\\/\\\/www.organisator.ch\\\/management\\\/2024-10-25\\\/prix-svc-espace-mittelland-2025-expertenjury-hat-fuenf-finalisten-nominiert\\\/#article\",\"isPartOf\":{\"@id\":\"https:\\\/\\\/www.organisator.ch\\\/management\\\/2024-10-25\\\/prix-svc-espace-mittelland-2025-expertenjury-hat-fuenf-finalisten-nominiert\\\/\"},\"author\":{\"name\":\"Adelisa Kalajdzini\",\"@id\":\"https:\\\/\\\/www.organisator.ch\\\/#\\\/schema\\\/person\\\/2e1314a2172123f874db408d8911d3f3\"},\"headline\":\"Prix SVC Espace Mittelland 2025: Expertenjury hat f\u00fcnf Finalisten nominiert\",\"datePublished\":\"2024-10-25T11:32:45+00:00\",\"mainEntityOfPage\":{\"@id\":\"https:\\\/\\\/www.organisator.ch\\\/management\\\/2024-10-25\\\/prix-svc-espace-mittelland-2025-expertenjury-hat-fuenf-finalisten-nominiert\\\/\"},\"wordCount\":820,\"publisher\":{\"@id\":\"https:\\\/\\\/www.organisator.ch\\\/#organization\"},\"image\":{\"@id\":\"https:\\\/\\\/www.organisator.ch\\\/management\\\/2024-10-25\\\/prix-svc-espace-mittelland-2025-expertenjury-hat-fuenf-finalisten-nominiert\\\/#primaryimage\"},\"thumbnailUrl\":\"https:\\\/\\\/www.organisator.ch\\\/wp-content\\\/uploads\\\/2024\\\/10\\\/Prix-SVC_Espace-Mittelland_Bild1_ps.jpg\",\"keywords\":[\"Award\",\"Management\",\"Prix SVC Espace Mittelland\",\"Unternehmen\"],\"articleSection\":[\"MANAGEMENT\"],\"inLanguage\":\"fr-FR\"},{\"@type\":\"WebPage\",\"@id\":\"https:\\\/\\\/www.organisator.ch\\\/management\\\/2024-10-25\\\/prix-svc-espace-mittelland-2025-expertenjury-hat-fuenf-finalisten-nominiert\\\/\",\"url\":\"https:\\\/\\\/www.organisator.ch\\\/management\\\/2024-10-25\\\/prix-svc-espace-mittelland-2025-expertenjury-hat-fuenf-finalisten-nominiert\\\/\",\"name\":\"Prix SVC Espace Mittelland 2025: Expertenjury hat f\u00fcnf Finalisten nominiert - Organisator\",\"isPartOf\":{\"@id\":\"https:\\\/\\\/www.organisator.ch\\\/#website\"},\"primaryImageOfPage\":{\"@id\":\"https:\\\/\\\/www.organisator.ch\\\/management\\\/2024-10-25\\\/prix-svc-espace-mittelland-2025-expertenjury-hat-fuenf-finalisten-nominiert\\\/#primaryimage\"},\"image\":{\"@id\":\"https:\\\/\\\/www.organisator.ch\\\/management\\\/2024-10-25\\\/prix-svc-espace-mittelland-2025-expertenjury-hat-fuenf-finalisten-nominiert\\\/#primaryimage\"},\"thumbnailUrl\":\"https:\\\/\\\/www.organisator.ch\\\/wp-content\\\/uploads\\\/2024\\\/10\\\/Prix-SVC_Espace-Mittelland_Bild1_ps.jpg\",\"datePublished\":\"2024-10-25T11:32:45+00:00\",\"description\":\"Das KMU-Netzwerk SVC (Swiss Venture Club) vergibt am 12. M\u00e4rz 2025 zum f\u00fcnfzehnten Mal den Prix SVC Espace Mittelland.\",\"breadcrumb\":{\"@id\":\"https:\\\/\\\/www.organisator.ch\\\/management\\\/2024-10-25\\\/prix-svc-espace-mittelland-2025-expertenjury-hat-fuenf-finalisten-nominiert\\\/#breadcrumb\"},\"inLanguage\":\"fr-FR\",\"potentialAction\":[{\"@type\":\"ReadAction\",\"target\":[\"https:\\\/\\\/www.organisator.ch\\\/management\\\/2024-10-25\\\/prix-svc-espace-mittelland-2025-expertenjury-hat-fuenf-finalisten-nominiert\\\/\"]}]},{\"@type\":\"ImageObject\",\"inLanguage\":\"fr-FR\",\"@id\":\"https:\\\/\\\/www.organisator.ch\\\/management\\\/2024-10-25\\\/prix-svc-espace-mittelland-2025-expertenjury-hat-fuenf-finalisten-nominiert\\\/#primaryimage\",\"url\":\"https:\\\/\\\/www.organisator.ch\\\/wp-content\\\/uploads\\\/2024\\\/10\\\/Prix-SVC_Espace-Mittelland_Bild1_ps.jpg\",\"contentUrl\":\"https:\\\/\\\/www.organisator.ch\\\/wp-content\\\/uploads\\\/2024\\\/10\\\/Prix-SVC_Espace-Mittelland_Bild1_ps.jpg\",\"width\":680,\"height\":403,\"caption\":\"Der Prix SVC Espace Mittelland wurde erstmals 2003 verliehen und 2025 steht bereits die f\u00fcnfzehnte Durchf\u00fchrung an. (Bild: www.svc.swiss)\"},{\"@type\":\"BreadcrumbList\",\"@id\":\"https:\\\/\\\/www.organisator.ch\\\/management\\\/2024-10-25\\\/prix-svc-espace-mittelland-2025-expertenjury-hat-fuenf-finalisten-nominiert\\\/#breadcrumb\",\"itemListElement\":[{\"@type\":\"ListItem\",\"position\":1,\"name\":\"Home\",\"item\":\"https:\\\/\\\/www.organisator.ch\\\/\"},{\"@type\":\"ListItem\",\"position\":2,\"name\":\"Prix SVC Espace Mittelland 2025: Expertenjury hat f\u00fcnf Finalisten nominiert\"}]},{\"@type\":\"WebSite\",\"@id\":\"https:\\\/\\\/www.organisator.ch\\\/#website\",\"url\":\"https:\\\/\\\/www.organisator.ch\\\/\",\"name\":\"Organisator\",\"description\":\"Kompetent. Praxisnah. Der ORGANISATOR bereitet in 10 Ausgaben pro Jahr die wesentlichen Themen f\u00fcr F\u00fchrungskr\u00e4fte von KMU auf.\",\"publisher\":{\"@id\":\"https:\\\/\\\/www.organisator.ch\\\/#organization\"},\"potentialAction\":[{\"@type\":\"SearchAction\",\"target\":{\"@type\":\"EntryPoint\",\"urlTemplate\":\"https:\\\/\\\/www.organisator.ch\\\/?s={search_term_string}\"},\"query-input\":{\"@type\":\"PropertyValueSpecification\",\"valueRequired\":true,\"valueName\":\"search_term_string\"}}],\"inLanguage\":\"fr-FR\"},{\"@type\":\"Organization\",\"@id\":\"https:\\\/\\\/www.organisator.ch\\\/#organization\",\"name\":\"Organisator\",\"url\":\"https:\\\/\\\/www.organisator.ch\\\/\",\"logo\":{\"@type\":\"ImageObject\",\"inLanguage\":\"fr-FR\",\"@id\":\"https:\\\/\\\/www.organisator.ch\\\/#\\\/schema\\\/logo\\\/image\\\/\",\"url\":\"https:\\\/\\\/www.organisator.ch\\\/wp-content\\\/uploads\\\/2022\\\/01\\\/Logo_Organisator_Website.png\",\"contentUrl\":\"https:\\\/\\\/www.organisator.ch\\\/wp-content\\\/uploads\\\/2022\\\/01\\\/Logo_Organisator_Website.png\",\"width\":800,\"height\":77,\"caption\":\"Organisator\"},\"image\":{\"@id\":\"https:\\\/\\\/www.organisator.ch\\\/#\\\/schema\\\/logo\\\/image\\\/\"},\"sameAs\":[\"https:\\\/\\\/www.facebook.com\\\/OrganisatorFachmagazin\",\"https:\\\/\\\/www.linkedin.com\\\/showcase\\\/organisator-das-magazin-fr-kmu\",\"https:\\\/\\\/www.xing.com\\\/news\\\/pages\\\/organisator-ch-695\",\"https:\\\/\\\/www.youtube.com\\\/channel\\\/UCGP2Sq0iWaZwT3BdIAQFYpw\"]},{\"@type\":\"Person\",\"@id\":\"https:\\\/\\\/www.organisator.ch\\\/#\\\/schema\\\/person\\\/2e1314a2172123f874db408d8911d3f3\",\"name\":\"Adelisa Kalajdzini\",\"image\":{\"@type\":\"ImageObject\",\"inLanguage\":\"fr-FR\",\"@id\":\"https:\\\/\\\/secure.gravatar.com\\\/avatar\\\/09a397c22ac58cad6f160ee8306348599df9df58a8ede73696226897b9fa4b24?s=96&d=mm&r=g\",\"url\":\"https:\\\/\\\/secure.gravatar.com\\\/avatar\\\/09a397c22ac58cad6f160ee8306348599df9df58a8ede73696226897b9fa4b24?s=96&d=mm&r=g\",\"contentUrl\":\"https:\\\/\\\/secure.gravatar.com\\\/avatar\\\/09a397c22ac58cad6f160ee8306348599df9df58a8ede73696226897b9fa4b24?s=96&d=mm&r=g\",\"caption\":\"Adelisa Kalajdzini\"},\"url\":\"https:\\\/\\\/www.organisator.ch\\\/fr\\\/author\\\/adelisa-kalajdzini\\\/\"}]}<\/script>\n<!-- \/ Yoast SEO plugin. -->","yoast_head_json":{"title":"Prix SVC Espace Mittelland 2025 : le jury d'experts a nomm\u00e9 cinq finalistes - Organisateur","description":"Le 12 mars 2025, le r\u00e9seau de PME SVC (Swiss Venture Club) d\u00e9cernera pour la quinzi\u00e8me fois le Prix SVC Espace Mittelland.","robots":{"index":"index","follow":"follow","max-snippet":"max-snippet:-1","max-image-preview":"max-image-preview:large","max-video-preview":"max-video-preview:-1"},"canonical":"https:\/\/www.organisator.ch\/fr\/gestion-2\/2024-10-25\/prix-svc-espace-mittelland-2025-expertenjury-hat-fuenf-finalisten-nominiert\/","og_locale":"fr_FR","og_type":"article","og_title":"Prix SVC Espace Mittelland 2025: Expertenjury hat f\u00fcnf Finalisten nominiert","og_description":"Das KMU-Netzwerk SVC (Swiss Venture Club) vergibt am 12. M\u00e4rz 2025 zum f\u00fcnfzehnten Mal den Prix SVC Espace Mittelland.","og_url":"https:\/\/www.organisator.ch\/fr\/gestion-2\/2024-10-25\/prix-svc-espace-mittelland-2025-expertenjury-hat-fuenf-finalisten-nominiert\/","og_site_name":"Organisator","article_publisher":"https:\/\/www.facebook.com\/OrganisatorFachmagazin","article_published_time":"2024-10-25T11:32:45+00:00","og_image":[{"width":680,"height":403,"url":"https:\/\/www.organisator.ch\/wp-content\/uploads\/2024\/10\/Prix-SVC_Espace-Mittelland_Bild1_ps.jpg","type":"image\/jpeg"}],"author":"Adelisa Kalajdzini","twitter_card":"summary_large_image","twitter_title":"Prix SVC Espace Mittelland 2025: Expertenjury hat f\u00fcnf Finalisten nominiert","twitter_description":"Das #KMU-Netzwerk SVC (Swiss Venture Club) vergibt am 12. M\u00e4rz 2025 zum f\u00fcnfzehnten Mal den #Prix #SVC #Espace #Mittelland.","twitter_image":"https:\/\/www.organisator.ch\/wp-content\/uploads\/2024\/10\/Prix-SVC_Espace-Mittelland_Bild1_ps.jpg","schema":{"@context":"https:\/\/schema.org","@graph":[{"@type":"Article","@id":"https:\/\/www.organisator.ch\/management\/2024-10-25\/prix-svc-espace-mittelland-2025-expertenjury-hat-fuenf-finalisten-nominiert\/#article","isPartOf":{"@id":"https:\/\/www.organisator.ch\/management\/2024-10-25\/prix-svc-espace-mittelland-2025-expertenjury-hat-fuenf-finalisten-nominiert\/"},"author":{"name":"Adelisa Kalajdzini","@id":"https:\/\/www.organisator.ch\/#\/schema\/person\/2e1314a2172123f874db408d8911d3f3"},"headline":"Prix SVC Espace Mittelland 2025: Expertenjury hat f\u00fcnf Finalisten nominiert","datePublished":"2024-10-25T11:32:45+00:00","mainEntityOfPage":{"@id":"https:\/\/www.organisator.ch\/management\/2024-10-25\/prix-svc-espace-mittelland-2025-expertenjury-hat-fuenf-finalisten-nominiert\/"},"wordCount":820,"publisher":{"@id":"https:\/\/www.organisator.ch\/#organization"},"image":{"@id":"https:\/\/www.organisator.ch\/management\/2024-10-25\/prix-svc-espace-mittelland-2025-expertenjury-hat-fuenf-finalisten-nominiert\/#primaryimage"},"thumbnailUrl":"https:\/\/www.organisator.ch\/wp-content\/uploads\/2024\/10\/Prix-SVC_Espace-Mittelland_Bild1_ps.jpg","keywords":["Award","Management","Prix SVC Espace Mittelland","Unternehmen"],"articleSection":["MANAGEMENT"],"inLanguage":"fr-FR"},{"@type":"WebPage","@id":"https:\/\/www.organisator.ch\/management\/2024-10-25\/prix-svc-espace-mittelland-2025-expertenjury-hat-fuenf-finalisten-nominiert\/","url":"https:\/\/www.organisator.ch\/management\/2024-10-25\/prix-svc-espace-mittelland-2025-expertenjury-hat-fuenf-finalisten-nominiert\/","name":"Prix SVC Espace Mittelland 2025 : le jury d'experts a nomm\u00e9 cinq finalistes - Organisateur","isPartOf":{"@id":"https:\/\/www.organisator.ch\/#website"},"primaryImageOfPage":{"@id":"https:\/\/www.organisator.ch\/management\/2024-10-25\/prix-svc-espace-mittelland-2025-expertenjury-hat-fuenf-finalisten-nominiert\/#primaryimage"},"image":{"@id":"https:\/\/www.organisator.ch\/management\/2024-10-25\/prix-svc-espace-mittelland-2025-expertenjury-hat-fuenf-finalisten-nominiert\/#primaryimage"},"thumbnailUrl":"https:\/\/www.organisator.ch\/wp-content\/uploads\/2024\/10\/Prix-SVC_Espace-Mittelland_Bild1_ps.jpg","datePublished":"2024-10-25T11:32:45+00:00","description":"Le 12 mars 2025, le r\u00e9seau de PME SVC (Swiss Venture Club) d\u00e9cernera pour la quinzi\u00e8me fois le Prix SVC Espace Mittelland.","breadcrumb":{"@id":"https:\/\/www.organisator.ch\/management\/2024-10-25\/prix-svc-espace-mittelland-2025-expertenjury-hat-fuenf-finalisten-nominiert\/#breadcrumb"},"inLanguage":"fr-FR","potentialAction":[{"@type":"ReadAction","target":["https:\/\/www.organisator.ch\/management\/2024-10-25\/prix-svc-espace-mittelland-2025-expertenjury-hat-fuenf-finalisten-nominiert\/"]}]},{"@type":"ImageObject","inLanguage":"fr-FR","@id":"https:\/\/www.organisator.ch\/management\/2024-10-25\/prix-svc-espace-mittelland-2025-expertenjury-hat-fuenf-finalisten-nominiert\/#primaryimage","url":"https:\/\/www.organisator.ch\/wp-content\/uploads\/2024\/10\/Prix-SVC_Espace-Mittelland_Bild1_ps.jpg","contentUrl":"https:\/\/www.organisator.ch\/wp-content\/uploads\/2024\/10\/Prix-SVC_Espace-Mittelland_Bild1_ps.jpg","width":680,"height":403,"caption":"Der Prix SVC Espace Mittelland wurde erstmals 2003 verliehen und 2025 steht bereits die f\u00fcnfzehnte Durchf\u00fchrung an. (Bild: www.svc.swiss)"},{"@type":"BreadcrumbList","@id":"https:\/\/www.organisator.ch\/management\/2024-10-25\/prix-svc-espace-mittelland-2025-expertenjury-hat-fuenf-finalisten-nominiert\/#breadcrumb","itemListElement":[{"@type":"ListItem","position":1,"name":"Home","item":"https:\/\/www.organisator.ch\/"},{"@type":"ListItem","position":2,"name":"Prix SVC Espace Mittelland 2025: Expertenjury hat f\u00fcnf Finalisten nominiert"}]},{"@type":"WebSite","@id":"https:\/\/www.organisator.ch\/#website","url":"https:\/\/www.organisator.ch\/","name":"Organisateur","description":"Comp\u00e9tence et comp\u00e9tence. Proches de la pratique. L'ORGANISATEUR pr\u00e9pare 10 num\u00e9ros par an sur les th\u00e8mes essentiels pour les dirigeants de PME.","publisher":{"@id":"https:\/\/www.organisator.ch\/#organization"},"potentialAction":[{"@type":"SearchAction","target":{"@type":"EntryPoint","urlTemplate":"https:\/\/www.organisator.ch\/?s={search_term_string}"},"query-input":{"@type":"PropertyValueSpecification","valueRequired":true,"valueName":"search_term_string"}}],"inLanguage":"fr-FR"},{"@type":"Organization","@id":"https:\/\/www.organisator.ch\/#organization","name":"Organisateur","url":"https:\/\/www.organisator.ch\/","logo":{"@type":"ImageObject","inLanguage":"fr-FR","@id":"https:\/\/www.organisator.ch\/#\/schema\/logo\/image\/","url":"https:\/\/www.organisator.ch\/wp-content\/uploads\/2022\/01\/Logo_Organisator_Website.png","contentUrl":"https:\/\/www.organisator.ch\/wp-content\/uploads\/2022\/01\/Logo_Organisator_Website.png","width":800,"height":77,"caption":"Organisator"},"image":{"@id":"https:\/\/www.organisator.ch\/#\/schema\/logo\/image\/"},"sameAs":["https:\/\/www.facebook.com\/OrganisatorFachmagazin","https:\/\/www.linkedin.com\/showcase\/organisator-das-magazin-fr-kmu","https:\/\/www.xing.com\/news\/pages\/organisator-ch-695","https:\/\/www.youtube.com\/channel\/UCGP2Sq0iWaZwT3BdIAQFYpw"]},{"@type":"Person","@id":"https:\/\/www.organisator.ch\/#\/schema\/person\/2e1314a2172123f874db408d8911d3f3","name":"Adelisa Kalajdzini","image":{"@type":"ImageObject","inLanguage":"fr-FR","@id":"https:\/\/secure.gravatar.com\/avatar\/09a397c22ac58cad6f160ee8306348599df9df58a8ede73696226897b9fa4b24?s=96&d=mm&r=g","url":"https:\/\/secure.gravatar.com\/avatar\/09a397c22ac58cad6f160ee8306348599df9df58a8ede73696226897b9fa4b24?s=96&d=mm&r=g","contentUrl":"https:\/\/secure.gravatar.com\/avatar\/09a397c22ac58cad6f160ee8306348599df9df58a8ede73696226897b9fa4b24?s=96&d=mm&r=g","caption":"Adelisa Kalajdzini"},"url":"https:\/\/www.organisator.ch\/fr\/author\/adelisa-kalajdzini\/"}]}},"_links":{"self":[{"href":"https:\/\/www.organisator.ch\/fr\/wp-json\/wp\/v2\/posts\/31233","targetHints":{"allow":["GET"]}}],"collection":[{"href":"https:\/\/www.organisator.ch\/fr\/wp-json\/wp\/v2\/posts"}],"about":[{"href":"https:\/\/www.organisator.ch\/fr\/wp-json\/wp\/v2\/types\/post"}],"author":[{"embeddable":true,"href":"https:\/\/www.organisator.ch\/fr\/wp-json\/wp\/v2\/users\/58"}],"replies":[{"embeddable":true,"href":"https:\/\/www.organisator.ch\/fr\/wp-json\/wp\/v2\/comments?post=31233"}],"version-history":[{"count":6,"href":"https:\/\/www.organisator.ch\/fr\/wp-json\/wp\/v2\/posts\/31233\/revisions"}],"predecessor-version":[{"id":31246,"href":"https:\/\/www.organisator.ch\/fr\/wp-json\/wp\/v2\/posts\/31233\/revisions\/31246"}],"wp:featuredmedia":[{"embeddable":true,"href":"https:\/\/www.organisator.ch\/fr\/wp-json\/wp\/v2\/media\/31236"}],"wp:attachment":[{"href":"https:\/\/www.organisator.ch\/fr\/wp-json\/wp\/v2\/media?parent=31233"}],"wp:term":[{"taxonomy":"category","embeddable":true,"href":"https:\/\/www.organisator.ch\/fr\/wp-json\/wp\/v2\/categories?post=31233"},{"taxonomy":"post_tag","embeddable":true,"href":"https:\/\/www.organisator.ch\/fr\/wp-json\/wp\/v2\/tags?post=31233"}],"curies":[{"name":"wp","href":"https:\/\/api.w.org\/{rel}","templated":true}]}}