{"id":31271,"date":"2024-10-28T10:27:24","date_gmt":"2024-10-28T09:27:24","guid":{"rendered":"https:\/\/www.markt-kom.com\/?p=225604"},"modified":"2024-11-07T11:16:36","modified_gmt":"2024-11-07T10:16:36","slug":"coop-meldet-lohnplus","status":"publish","type":"post","link":"https:\/\/www.organisator.ch\/fr\/marketing\/2024-10-28\/coop-meldet-lohnplus\/","title":{"rendered":"Coop annonce une hausse des salaires"},"content":{"rendered":"<figure id=\"attachment_225605\" class=\"wp-caption alignnone\" style=\"width: 1254px\" aria-describedby=\"caption-attachment-225605\"><a href=\"https:\/\/www.markt-kom.com\/wp-content\/uploads\/2024\/10\/Bildschirmfoto-2024-10-28-um-10.24.03.png\"><img class=\"alignnone wp-image-225605 size-full\" src=\"https:\/\/www.markt-kom.com\/wp-content\/uploads\/2024\/10\/Bildschirmfoto-2024-10-28-um-10.24.03.png\" alt=\"Augmentation des salaires chez Coop\" width=\"1254\" height=\"837\" \/><\/a>\r\n<figcaption id=\"caption-attachment-225605\" class=\"wp-caption-text\">Si\u00e8ge principal de Coop \u00e0 B\u00e2le<\/figcaption>\r\n<\/figure>\r\n<p>A une \u00e9poque o\u00f9, selon les sondages, les craintes inflationnistes pr\u00e9occupent de plus en plus de personnes, Coop mise sur un message clair : les salaires de ses collaborateurs continueront d'augmenter l'ann\u00e9e prochaine. Une augmentation g\u00e9n\u00e9rale des salaires d'au moins 1 % a \u00e9t\u00e9 convenue pour les collaborateurs ayant sign\u00e9 une convention collective de travail, tandis que des adaptations individuelles de m\u00eame ampleur sont pr\u00e9vues pour les cadres. Coop et le partenaire social VdAC se sont mis d'accord sur cette mesure, comme Coop l'annonce dans son communiqu\u00e9 de presse.<\/p>\r\n<p>Au cours des dix derni\u00e8res ann\u00e9es, Coop a augment\u00e9 les salaires de 10,7 % au total, ce qui correspond \u00e0 une augmentation r\u00e9elle de 4,4 % - un engagement fort en faveur d'une r\u00e9mun\u00e9ration \u00e9quitable et de l'attractivit\u00e9 en tant qu'employeur dans le commerce de d\u00e9tail suisse. Cette annonce co\u00efncide avec les investissements de plusieurs milliards de Migros, qui r\u00e9agit \u00e0 la situation \u00e9conomique actuelle par des baisses de prix. Coop compl\u00e8te le signe par l'augmentation des salaires, ce qui, en ces temps d'incertitudes croissantes sur le march\u00e9 du travail, a un \u00e9cho positif.<\/p>\r\n<p>En plus d'une r\u00e9mun\u00e9ration \u00e9quitable, les collaborateurs de Coop b\u00e9n\u00e9ficient d'autres avantages, comme l'indique le communiqu\u00e9 de presse, notamment des participations \u00e9lev\u00e9es de l'employeur aux cotisations de la caisse de pension, des primes de fid\u00e9lit\u00e9 et de nombreux avantages. Depuis 2020, le certificat \"Fair Compensation\" de la SQS confirme que Coop remplit les crit\u00e8res d'\u00e9quit\u00e9 salariale.<\/p>","protected":false},"excerpt":{"rendered":"<p>Apr\u00e8s l'annonce par Migros d'investissements de plusieurs milliards dans des produits moins chers, Coop donne elle aussi un signal : Les salaires de ses collaborateurs augmenteront en 2025 - un signal positif \u00e0 une \u00e9poque o\u00f9 les pr\u00e9occupations inflationnistes ne cessent de cro\u00eetre.<\/p>","protected":false},"author":8,"featured_media":0,"comment_status":"closed","ping_status":"closed","sticky":false,"template":"","format":"standard","meta":{"_acf_changed":false,"_yoast_wpseo_focuskw":"Coop Lohnerh\u00f6hung","_yoast_wpseo_metadesc":"Coop erh\u00f6ht 2025 die L\u00f6hne um mindestens 1 % und betont faire Entlohnung und Attraktivit\u00e4t als Arbeitgeberin.","articlekey":"","footnotes":""},"categories":[29],"tags":[4345,944],"class_list":["post-31271","post","type-post","status-publish","format-standard","hentry","category-marketing","tag-business","tag-coop"],"acf":[],"yoast_head":"<!-- This site is optimized with the Yoast SEO plugin v27.4 - https:\/\/yoast.com\/product\/yoast-seo-wordpress\/ -->\n<title>Coop meldet Lohnplus - Organisator<\/title>\n<meta name=\"description\" content=\"Coop erh\u00f6ht 2025 die L\u00f6hne um mindestens 1 % und betont faire Entlohnung und Attraktivit\u00e4t als Arbeitgeberin.\" \/>\n<meta name=\"robots\" content=\"index, follow, max-snippet:-1, max-image-preview:large, max-video-preview:-1\" \/>\n<link rel=\"canonical\" href=\"https:\/\/www.organisator.ch\/fr\/marketing\/2024-10-28\/coop-meldet-lohnplus\/\" \/>\n<meta property=\"og:locale\" content=\"fr_FR\" \/>\n<meta property=\"og:type\" content=\"article\" \/>\n<meta property=\"og:title\" content=\"Coop meldet Lohnplus - Organisator\" \/>\n<meta property=\"og:description\" content=\"Coop erh\u00f6ht 2025 die L\u00f6hne um mindestens 1 % und betont faire Entlohnung und Attraktivit\u00e4t als Arbeitgeberin.\" \/>\n<meta property=\"og:url\" content=\"https:\/\/www.organisator.ch\/fr\/marketing\/2024-10-28\/coop-meldet-lohnplus\/\" \/>\n<meta property=\"og:site_name\" content=\"Organisator\" \/>\n<meta property=\"article:publisher\" content=\"https:\/\/www.facebook.com\/OrganisatorFachmagazin\" \/>\n<meta property=\"article:published_time\" content=\"2024-10-28T09:27:24+00:00\" \/>\n<meta property=\"article:modified_time\" content=\"2024-11-07T10:16:36+00:00\" \/>\n<meta property=\"og:image\" content=\"https:\/\/www.markt-kom.com\/wp-content\/uploads\/2024\/10\/Bildschirmfoto-2024-10-28-um-10.24.03.png\" \/>\n<meta name=\"author\" content=\"galledia\" \/>\n<meta name=\"twitter:card\" content=\"summary_large_image\" \/>\n<meta name=\"twitter:creator\" content=\"@admin\" \/>\n<script type=\"application\/ld+json\" class=\"yoast-schema-graph\">{\"@context\":\"https:\\\/\\\/schema.org\",\"@graph\":[{\"@type\":\"Article\",\"@id\":\"https:\\\/\\\/www.organisator.ch\\\/marketing\\\/2024-10-28\\\/coop-meldet-lohnplus\\\/#article\",\"isPartOf\":{\"@id\":\"https:\\\/\\\/www.organisator.ch\\\/marketing\\\/2024-10-28\\\/coop-meldet-lohnplus\\\/\"},\"author\":{\"name\":\"galledia\",\"@id\":\"https:\\\/\\\/www.organisator.ch\\\/#\\\/schema\\\/person\\\/4e51799071cd2dd1232ac003643ef5f0\"},\"headline\":\"Coop meldet Lohnplus\",\"datePublished\":\"2024-10-28T09:27:24+00:00\",\"dateModified\":\"2024-11-07T10:16:36+00:00\",\"mainEntityOfPage\":{\"@id\":\"https:\\\/\\\/www.organisator.ch\\\/marketing\\\/2024-10-28\\\/coop-meldet-lohnplus\\\/\"},\"wordCount\":206,\"publisher\":{\"@id\":\"https:\\\/\\\/www.organisator.ch\\\/#organization\"},\"image\":{\"@id\":\"https:\\\/\\\/www.organisator.ch\\\/marketing\\\/2024-10-28\\\/coop-meldet-lohnplus\\\/#primaryimage\"},\"thumbnailUrl\":\"https:\\\/\\\/www.markt-kom.com\\\/wp-content\\\/uploads\\\/2024\\\/10\\\/Bildschirmfoto-2024-10-28-um-10.24.03.png\",\"keywords\":[\"Business\",\"Coop\"],\"articleSection\":[\"MARKETING\"],\"inLanguage\":\"fr-FR\"},{\"@type\":\"WebPage\",\"@id\":\"https:\\\/\\\/www.organisator.ch\\\/marketing\\\/2024-10-28\\\/coop-meldet-lohnplus\\\/\",\"url\":\"https:\\\/\\\/www.organisator.ch\\\/marketing\\\/2024-10-28\\\/coop-meldet-lohnplus\\\/\",\"name\":\"Coop meldet Lohnplus - Organisator\",\"isPartOf\":{\"@id\":\"https:\\\/\\\/www.organisator.ch\\\/#website\"},\"primaryImageOfPage\":{\"@id\":\"https:\\\/\\\/www.organisator.ch\\\/marketing\\\/2024-10-28\\\/coop-meldet-lohnplus\\\/#primaryimage\"},\"image\":{\"@id\":\"https:\\\/\\\/www.organisator.ch\\\/marketing\\\/2024-10-28\\\/coop-meldet-lohnplus\\\/#primaryimage\"},\"thumbnailUrl\":\"https:\\\/\\\/www.markt-kom.com\\\/wp-content\\\/uploads\\\/2024\\\/10\\\/Bildschirmfoto-2024-10-28-um-10.24.03.png\",\"datePublished\":\"2024-10-28T09:27:24+00:00\",\"dateModified\":\"2024-11-07T10:16:36+00:00\",\"description\":\"Coop erh\u00f6ht 2025 die L\u00f6hne um mindestens 1 % und betont faire Entlohnung und Attraktivit\u00e4t als Arbeitgeberin.\",\"breadcrumb\":{\"@id\":\"https:\\\/\\\/www.organisator.ch\\\/marketing\\\/2024-10-28\\\/coop-meldet-lohnplus\\\/#breadcrumb\"},\"inLanguage\":\"fr-FR\",\"potentialAction\":[{\"@type\":\"ReadAction\",\"target\":[\"https:\\\/\\\/www.organisator.ch\\\/marketing\\\/2024-10-28\\\/coop-meldet-lohnplus\\\/\"]}]},{\"@type\":\"ImageObject\",\"inLanguage\":\"fr-FR\",\"@id\":\"https:\\\/\\\/www.organisator.ch\\\/marketing\\\/2024-10-28\\\/coop-meldet-lohnplus\\\/#primaryimage\",\"url\":\"https:\\\/\\\/www.markt-kom.com\\\/wp-content\\\/uploads\\\/2024\\\/10\\\/Bildschirmfoto-2024-10-28-um-10.24.03.png\",\"contentUrl\":\"https:\\\/\\\/www.markt-kom.com\\\/wp-content\\\/uploads\\\/2024\\\/10\\\/Bildschirmfoto-2024-10-28-um-10.24.03.png\"},{\"@type\":\"BreadcrumbList\",\"@id\":\"https:\\\/\\\/www.organisator.ch\\\/marketing\\\/2024-10-28\\\/coop-meldet-lohnplus\\\/#breadcrumb\",\"itemListElement\":[{\"@type\":\"ListItem\",\"position\":1,\"name\":\"Home\",\"item\":\"https:\\\/\\\/www.organisator.ch\\\/\"},{\"@type\":\"ListItem\",\"position\":2,\"name\":\"Coop meldet Lohnplus\"}]},{\"@type\":\"WebSite\",\"@id\":\"https:\\\/\\\/www.organisator.ch\\\/#website\",\"url\":\"https:\\\/\\\/www.organisator.ch\\\/\",\"name\":\"Organisator\",\"description\":\"Kompetent. Praxisnah. Der ORGANISATOR bereitet in 10 Ausgaben pro Jahr die wesentlichen Themen f\u00fcr F\u00fchrungskr\u00e4fte von KMU auf.\",\"publisher\":{\"@id\":\"https:\\\/\\\/www.organisator.ch\\\/#organization\"},\"potentialAction\":[{\"@type\":\"SearchAction\",\"target\":{\"@type\":\"EntryPoint\",\"urlTemplate\":\"https:\\\/\\\/www.organisator.ch\\\/?s={search_term_string}\"},\"query-input\":{\"@type\":\"PropertyValueSpecification\",\"valueRequired\":true,\"valueName\":\"search_term_string\"}}],\"inLanguage\":\"fr-FR\"},{\"@type\":\"Organization\",\"@id\":\"https:\\\/\\\/www.organisator.ch\\\/#organization\",\"name\":\"Organisator\",\"url\":\"https:\\\/\\\/www.organisator.ch\\\/\",\"logo\":{\"@type\":\"ImageObject\",\"inLanguage\":\"fr-FR\",\"@id\":\"https:\\\/\\\/www.organisator.ch\\\/#\\\/schema\\\/logo\\\/image\\\/\",\"url\":\"https:\\\/\\\/www.organisator.ch\\\/wp-content\\\/uploads\\\/2022\\\/01\\\/Logo_Organisator_Website.png\",\"contentUrl\":\"https:\\\/\\\/www.organisator.ch\\\/wp-content\\\/uploads\\\/2022\\\/01\\\/Logo_Organisator_Website.png\",\"width\":800,\"height\":77,\"caption\":\"Organisator\"},\"image\":{\"@id\":\"https:\\\/\\\/www.organisator.ch\\\/#\\\/schema\\\/logo\\\/image\\\/\"},\"sameAs\":[\"https:\\\/\\\/www.facebook.com\\\/OrganisatorFachmagazin\",\"https:\\\/\\\/www.linkedin.com\\\/showcase\\\/organisator-das-magazin-fr-kmu\",\"https:\\\/\\\/www.xing.com\\\/news\\\/pages\\\/organisator-ch-695\",\"https:\\\/\\\/www.youtube.com\\\/channel\\\/UCGP2Sq0iWaZwT3BdIAQFYpw\"]},{\"@type\":\"Person\",\"@id\":\"https:\\\/\\\/www.organisator.ch\\\/#\\\/schema\\\/person\\\/4e51799071cd2dd1232ac003643ef5f0\",\"name\":\"galledia\",\"image\":{\"@type\":\"ImageObject\",\"inLanguage\":\"fr-FR\",\"@id\":\"https:\\\/\\\/secure.gravatar.com\\\/avatar\\\/78a7f90c01fc2bfc875782a0d4922b37cde2cf184ce347b91316d23cd7f69a36?s=96&d=mm&r=g\",\"url\":\"https:\\\/\\\/secure.gravatar.com\\\/avatar\\\/78a7f90c01fc2bfc875782a0d4922b37cde2cf184ce347b91316d23cd7f69a36?s=96&d=mm&r=g\",\"contentUrl\":\"https:\\\/\\\/secure.gravatar.com\\\/avatar\\\/78a7f90c01fc2bfc875782a0d4922b37cde2cf184ce347b91316d23cd7f69a36?s=96&d=mm&r=g\",\"caption\":\"galledia\"},\"sameAs\":[\"https:\\\/\\\/x.com\\\/admin\"],\"url\":\"https:\\\/\\\/www.organisator.ch\\\/fr\\\/author\\\/galledia\\\/\"}]}<\/script>\n<!-- \/ Yoast SEO plugin. -->","yoast_head_json":{"title":"Coop annonce une hausse des salaires - Organisateur","description":"Coop augmente les salaires d'au moins 1 % en 2025 et met l'accent sur une r\u00e9mun\u00e9ration \u00e9quitable et l'attractivit\u00e9 en tant qu'employeur.","robots":{"index":"index","follow":"follow","max-snippet":"max-snippet:-1","max-image-preview":"max-image-preview:large","max-video-preview":"max-video-preview:-1"},"canonical":"https:\/\/www.organisator.ch\/fr\/marketing\/2024-10-28\/coop-meldet-lohnplus\/","og_locale":"fr_FR","og_type":"article","og_title":"Coop meldet Lohnplus - Organisator","og_description":"Coop erh\u00f6ht 2025 die L\u00f6hne um mindestens 1 % und betont faire Entlohnung und Attraktivit\u00e4t als Arbeitgeberin.","og_url":"https:\/\/www.organisator.ch\/fr\/marketing\/2024-10-28\/coop-meldet-lohnplus\/","og_site_name":"Organisator","article_publisher":"https:\/\/www.facebook.com\/OrganisatorFachmagazin","article_published_time":"2024-10-28T09:27:24+00:00","article_modified_time":"2024-11-07T10:16:36+00:00","og_image":[{"url":"https:\/\/www.markt-kom.com\/wp-content\/uploads\/2024\/10\/Bildschirmfoto-2024-10-28-um-10.24.03.png","type":"","width":"","height":""}],"author":"galledia","twitter_card":"summary_large_image","twitter_creator":"@admin","schema":{"@context":"https:\/\/schema.org","@graph":[{"@type":"Article","@id":"https:\/\/www.organisator.ch\/marketing\/2024-10-28\/coop-meldet-lohnplus\/#article","isPartOf":{"@id":"https:\/\/www.organisator.ch\/marketing\/2024-10-28\/coop-meldet-lohnplus\/"},"author":{"name":"galledia","@id":"https:\/\/www.organisator.ch\/#\/schema\/person\/4e51799071cd2dd1232ac003643ef5f0"},"headline":"Coop meldet Lohnplus","datePublished":"2024-10-28T09:27:24+00:00","dateModified":"2024-11-07T10:16:36+00:00","mainEntityOfPage":{"@id":"https:\/\/www.organisator.ch\/marketing\/2024-10-28\/coop-meldet-lohnplus\/"},"wordCount":206,"publisher":{"@id":"https:\/\/www.organisator.ch\/#organization"},"image":{"@id":"https:\/\/www.organisator.ch\/marketing\/2024-10-28\/coop-meldet-lohnplus\/#primaryimage"},"thumbnailUrl":"https:\/\/www.markt-kom.com\/wp-content\/uploads\/2024\/10\/Bildschirmfoto-2024-10-28-um-10.24.03.png","keywords":["Business","Coop"],"articleSection":["MARKETING"],"inLanguage":"fr-FR"},{"@type":"WebPage","@id":"https:\/\/www.organisator.ch\/marketing\/2024-10-28\/coop-meldet-lohnplus\/","url":"https:\/\/www.organisator.ch\/marketing\/2024-10-28\/coop-meldet-lohnplus\/","name":"Coop annonce une hausse des salaires - Organisateur","isPartOf":{"@id":"https:\/\/www.organisator.ch\/#website"},"primaryImageOfPage":{"@id":"https:\/\/www.organisator.ch\/marketing\/2024-10-28\/coop-meldet-lohnplus\/#primaryimage"},"image":{"@id":"https:\/\/www.organisator.ch\/marketing\/2024-10-28\/coop-meldet-lohnplus\/#primaryimage"},"thumbnailUrl":"https:\/\/www.markt-kom.com\/wp-content\/uploads\/2024\/10\/Bildschirmfoto-2024-10-28-um-10.24.03.png","datePublished":"2024-10-28T09:27:24+00:00","dateModified":"2024-11-07T10:16:36+00:00","description":"Coop augmente les salaires d'au moins 1 % en 2025 et met l'accent sur une r\u00e9mun\u00e9ration \u00e9quitable et l'attractivit\u00e9 en tant qu'employeur.","breadcrumb":{"@id":"https:\/\/www.organisator.ch\/marketing\/2024-10-28\/coop-meldet-lohnplus\/#breadcrumb"},"inLanguage":"fr-FR","potentialAction":[{"@type":"ReadAction","target":["https:\/\/www.organisator.ch\/marketing\/2024-10-28\/coop-meldet-lohnplus\/"]}]},{"@type":"ImageObject","inLanguage":"fr-FR","@id":"https:\/\/www.organisator.ch\/marketing\/2024-10-28\/coop-meldet-lohnplus\/#primaryimage","url":"https:\/\/www.markt-kom.com\/wp-content\/uploads\/2024\/10\/Bildschirmfoto-2024-10-28-um-10.24.03.png","contentUrl":"https:\/\/www.markt-kom.com\/wp-content\/uploads\/2024\/10\/Bildschirmfoto-2024-10-28-um-10.24.03.png"},{"@type":"BreadcrumbList","@id":"https:\/\/www.organisator.ch\/marketing\/2024-10-28\/coop-meldet-lohnplus\/#breadcrumb","itemListElement":[{"@type":"ListItem","position":1,"name":"Home","item":"https:\/\/www.organisator.ch\/"},{"@type":"ListItem","position":2,"name":"Coop meldet Lohnplus"}]},{"@type":"WebSite","@id":"https:\/\/www.organisator.ch\/#website","url":"https:\/\/www.organisator.ch\/","name":"Organisateur","description":"Comp\u00e9tence et comp\u00e9tence. Proches de la pratique. L'ORGANISATEUR pr\u00e9pare 10 num\u00e9ros par an sur les th\u00e8mes essentiels pour les dirigeants de PME.","publisher":{"@id":"https:\/\/www.organisator.ch\/#organization"},"potentialAction":[{"@type":"SearchAction","target":{"@type":"EntryPoint","urlTemplate":"https:\/\/www.organisator.ch\/?s={search_term_string}"},"query-input":{"@type":"PropertyValueSpecification","valueRequired":true,"valueName":"search_term_string"}}],"inLanguage":"fr-FR"},{"@type":"Organization","@id":"https:\/\/www.organisator.ch\/#organization","name":"Organisateur","url":"https:\/\/www.organisator.ch\/","logo":{"@type":"ImageObject","inLanguage":"fr-FR","@id":"https:\/\/www.organisator.ch\/#\/schema\/logo\/image\/","url":"https:\/\/www.organisator.ch\/wp-content\/uploads\/2022\/01\/Logo_Organisator_Website.png","contentUrl":"https:\/\/www.organisator.ch\/wp-content\/uploads\/2022\/01\/Logo_Organisator_Website.png","width":800,"height":77,"caption":"Organisator"},"image":{"@id":"https:\/\/www.organisator.ch\/#\/schema\/logo\/image\/"},"sameAs":["https:\/\/www.facebook.com\/OrganisatorFachmagazin","https:\/\/www.linkedin.com\/showcase\/organisator-das-magazin-fr-kmu","https:\/\/www.xing.com\/news\/pages\/organisator-ch-695","https:\/\/www.youtube.com\/channel\/UCGP2Sq0iWaZwT3BdIAQFYpw"]},{"@type":"Person","@id":"https:\/\/www.organisator.ch\/#\/schema\/person\/4e51799071cd2dd1232ac003643ef5f0","name":"galledia","image":{"@type":"ImageObject","inLanguage":"fr-FR","@id":"https:\/\/secure.gravatar.com\/avatar\/78a7f90c01fc2bfc875782a0d4922b37cde2cf184ce347b91316d23cd7f69a36?s=96&d=mm&r=g","url":"https:\/\/secure.gravatar.com\/avatar\/78a7f90c01fc2bfc875782a0d4922b37cde2cf184ce347b91316d23cd7f69a36?s=96&d=mm&r=g","contentUrl":"https:\/\/secure.gravatar.com\/avatar\/78a7f90c01fc2bfc875782a0d4922b37cde2cf184ce347b91316d23cd7f69a36?s=96&d=mm&r=g","caption":"galledia"},"sameAs":["https:\/\/x.com\/admin"],"url":"https:\/\/www.organisator.ch\/fr\/author\/galledia\/"}]}},"_links":{"self":[{"href":"https:\/\/www.organisator.ch\/fr\/wp-json\/wp\/v2\/posts\/31271","targetHints":{"allow":["GET"]}}],"collection":[{"href":"https:\/\/www.organisator.ch\/fr\/wp-json\/wp\/v2\/posts"}],"about":[{"href":"https:\/\/www.organisator.ch\/fr\/wp-json\/wp\/v2\/types\/post"}],"author":[{"embeddable":true,"href":"https:\/\/www.organisator.ch\/fr\/wp-json\/wp\/v2\/users\/8"}],"replies":[{"embeddable":true,"href":"https:\/\/www.organisator.ch\/fr\/wp-json\/wp\/v2\/comments?post=31271"}],"version-history":[{"count":5,"href":"https:\/\/www.organisator.ch\/fr\/wp-json\/wp\/v2\/posts\/31271\/revisions"}],"predecessor-version":[{"id":31710,"href":"https:\/\/www.organisator.ch\/fr\/wp-json\/wp\/v2\/posts\/31271\/revisions\/31710"}],"wp:attachment":[{"href":"https:\/\/www.organisator.ch\/fr\/wp-json\/wp\/v2\/media?parent=31271"}],"wp:term":[{"taxonomy":"category","embeddable":true,"href":"https:\/\/www.organisator.ch\/fr\/wp-json\/wp\/v2\/categories?post=31271"},{"taxonomy":"post_tag","embeddable":true,"href":"https:\/\/www.organisator.ch\/fr\/wp-json\/wp\/v2\/tags?post=31271"}],"curies":[{"name":"wp","href":"https:\/\/api.w.org\/{rel}","templated":true}]}}