{"id":31284,"date":"2024-10-29T03:48:52","date_gmt":"2024-10-29T02:48:52","guid":{"rendered":"https:\/\/www.organisator.ch\/?p=31284"},"modified":"2024-11-27T09:48:59","modified_gmt":"2024-11-27T08:48:59","slug":"von-sepp-blatter-bis-zur-ki-macht-und-machtlosigkeit-beim-schweizer-kmu-tag-2024","status":"publish","type":"post","link":"https:\/\/www.organisator.ch\/fr\/management\/2024-10-29\/von-sepp-blatter-bis-zur-ki-macht-und-machtlosigkeit-beim-schweizer-kmu-tag-2024\/","title":{"rendered":"De Sepp Blatter \u00e0 l'IA : pouvoir et impuissance lors de la Journ\u00e9e suisse des PME 2024"},"content":{"rendered":"<figure id=\"attachment_31285\" aria-describedby=\"caption-attachment-31285\" style=\"width: 680px\" class=\"wp-caption alignnone\"><img loading=\"lazy\" decoding=\"async\" class=\"size-full wp-image-31285\" src=\"https:\/\/www.organisator.ch\/wp-content\/uploads\/2024\/10\/Von-Sepp-Blatter-bis-zur-KI-Macht-und-Machtlosigkeit-beim-Schweizer-KMU-Tag-2024-1_Organisator.jpg\" alt=\"\" width=\"680\" height=\"419\" srcset=\"https:\/\/www.organisator.ch\/wp-content\/uploads\/2024\/10\/Von-Sepp-Blatter-bis-zur-KI-Macht-und-Machtlosigkeit-beim-Schweizer-KMU-Tag-2024-1_Organisator.jpg 680w, https:\/\/www.organisator.ch\/wp-content\/uploads\/2024\/10\/Von-Sepp-Blatter-bis-zur-KI-Macht-und-Machtlosigkeit-beim-Schweizer-KMU-Tag-2024-1_Organisator-18x12.jpg 18w, https:\/\/www.organisator.ch\/wp-content\/uploads\/2024\/10\/Von-Sepp-Blatter-bis-zur-KI-Macht-und-Machtlosigkeit-beim-Schweizer-KMU-Tag-2024-1_Organisator-375x231.jpg 375w, https:\/\/www.organisator.ch\/wp-content\/uploads\/2024\/10\/Von-Sepp-Blatter-bis-zur-KI-Macht-und-Machtlosigkeit-beim-Schweizer-KMU-Tag-2024-1_Organisator-568x350.jpg 568w\" sizes=\"auto, (max-width: 680px) 100vw, 680px\" \/><figcaption id=\"caption-attachment-31285\" class=\"wp-caption-text\">Apprendre \u00e0 bien g\u00e9rer l'IA : Le message de L\u00e9a Steinacker et Miriam Meckel au public de la Journ\u00e9e suisse des PME 2024. (Photo : Thomas Berner)<\/figcaption><\/figure>\n<p>Le vendredi suivant l'OLMA, des dirigeants de petites et moyennes entreprises (PME) se sont r\u00e9unis pour la 21e fois pour \"leur\" journ\u00e9e, la Journ\u00e9e suisse des PME. Dans la halle 9 \u00e0 nouveau bien remplie, Tobi Wolf a ouvert la journ\u00e9e avec ses r\u00e9flexions et ses associations humoristiques sur le th\u00e8me de la journ\u00e9e, qu'il a reprises en multim\u00e9dia. Tobi Wolf a expliqu\u00e9 que l'on se sent souvent impuissant dans la vie de tous les jours, par exemple lorsqu'un nouveau papa se retrouve face \u00e0 un nourrisson qui pleure et que rien ne peut calmer. Il existe cependant diff\u00e9rents facteurs de pouvoir : la port\u00e9e dans les m\u00e9dias sociaux, beaucoup d'argent ou, plus r\u00e9cemment, des donn\u00e9es. Tobi Wolf a \u00e9galement pr\u00e9sent\u00e9 plusieurs r\u00e9sultats de l'\u00e9tude annuelle de la Journ\u00e9e des PME : selon cette \u00e9tude, 6% des entrepreneurs interrog\u00e9s se sentent tr\u00e8s souvent impuissants dans le contexte professionnel et 40% se sentent au moins parfois impuissants. Les trois principaux th\u00e8mes, situations et facteurs qui conduisent \u00e0 l'impuissance sont le manque de personnel qualifi\u00e9, les changements technologiques et l'\u00e9volution des besoins des collaborateurs. En outre, 44 pour cent des PME interrog\u00e9es pensent que l'\u00e9quilibre des pouvoirs s'est modifi\u00e9 en leur d\u00e9faveur. En r\u00e9sum\u00e9, Tobi Wolf a toutefois relev\u00e9 que se sentir impuissant ne doit pas \u00eatre synonyme d'\"\u00eatre impuissant\". \u00a0<\/p>\n<h3><strong>De la puissance naturelle (du football) \u00e0 l'intelligence artificielle<\/strong><\/h3>\n<p>C'est alors qu'une personnalit\u00e9 qui figurait d\u00e9j\u00e0 dans les listes Forbes des plus puissants du monde a fait son entr\u00e9e : Josef \"Sepp\" Blatter, ancien pr\u00e9sident de la Fifa. Visiblement vieilli, il a n\u00e9anmoins racont\u00e9 avec un brin de malice son parcours, comment il a transform\u00e9 la Fifa d'une PME en une organisation multimilliardaire et mondiale. Lorsque Blatter a rejoint l'organisation en 1974, la Fifa ne comptait que 11 collaborateurs. Il est arriv\u00e9 en tant que douzi\u00e8me homme. Et c'est l\u00e0 que l'homme de pouvoir Sepp Blatter a bri\u00e8vement transparu : Il a soulign\u00e9 qu'il ne voulait pas se consid\u00e9rer comme un \"rempla\u00e7ant\" qui n'interviendrait que vers la fin du match. Au d\u00e9but du succ\u00e8s, il faut croire en soi et en ses propres capacit\u00e9s, a d\u00e9clar\u00e9 Blatter. Il d\u00e9crit la mani\u00e8re dont il a g\u00e9r\u00e9 la perte de son poste en 2015 par ces mots : \"Je n'ai jamais d\u00e9missionn\u00e9, j'ai mis mon mandat \u00e0 disposition\". Et il s'appuie sur une citation de Nelson Mandela qui aurait dit : \"Pardonner, mais ne pas oublier\".<\/p>\n<figure id=\"attachment_31286\" aria-describedby=\"caption-attachment-31286\" style=\"width: 680px\" class=\"wp-caption alignnone\"><img loading=\"lazy\" decoding=\"async\" class=\"size-full wp-image-31286\" src=\"https:\/\/www.organisator.ch\/wp-content\/uploads\/2024\/10\/Von-Sepp-Blatter-bis-zur-KI-Macht-und-Machtlosigkeit-beim-Schweizer-KMU-Tag-2024-2_Organisator.jpg\" alt=\"\" width=\"680\" height=\"409\" srcset=\"https:\/\/www.organisator.ch\/wp-content\/uploads\/2024\/10\/Von-Sepp-Blatter-bis-zur-KI-Macht-und-Machtlosigkeit-beim-Schweizer-KMU-Tag-2024-2_Organisator.jpg 680w, https:\/\/www.organisator.ch\/wp-content\/uploads\/2024\/10\/Von-Sepp-Blatter-bis-zur-KI-Macht-und-Machtlosigkeit-beim-Schweizer-KMU-Tag-2024-2_Organisator-18x12.jpg 18w, https:\/\/www.organisator.ch\/wp-content\/uploads\/2024\/10\/Von-Sepp-Blatter-bis-zur-KI-Macht-und-Machtlosigkeit-beim-Schweizer-KMU-Tag-2024-2_Organisator-375x226.jpg 375w, https:\/\/www.organisator.ch\/wp-content\/uploads\/2024\/10\/Von-Sepp-Blatter-bis-zur-KI-Macht-und-Machtlosigkeit-beim-Schweizer-KMU-Tag-2024-2_Organisator-582x350.jpg 582w\" sizes=\"auto, (max-width: 680px) 100vw, 680px\" \/><figcaption id=\"caption-attachment-31286\" class=\"wp-caption-text\">Sepp Blatter : a laiss\u00e9 transpara\u00eetre de temps \u00e0 autre son rapport tr\u00e8s personnel au pouvoir. (Image : Thomas Berner)<\/figcaption><\/figure>\n<p>Miriam Meckel et L\u00e9a Steinacker, chercheuses et auteures \u00e0 succ\u00e8s, se sont ensuite pench\u00e9es sur la question de savoir \"comment l'intelligence artificielle change le monde et ce que nous pouvons y gagner\". Elles ont plaid\u00e9 pour que l'intelligence artificielle soit consid\u00e9r\u00e9e comme une technologie fondamentale, au m\u00eame titre que l'\u00e9lectricit\u00e9 par exemple, et moins comme une menace pour les personnes ou les emplois. Il faut apprendre et pratiquer quand faire confiance aux humains et quand faire confiance \u00e0 l'IA, et ils ont soulign\u00e9 : \"C'est nous qui d\u00e9cidons de la mani\u00e8re dont nous utilisons la technologie, et nous l'avons invent\u00e9e\". Il reste important de continuer \u00e0 faire preuve de cr\u00e9ativit\u00e9, ont conclu les deux intervenantes. Car sans suffisamment de nouvelles donn\u00e9es r\u00e9elles, les mod\u00e8les g\u00e9n\u00e9ratifs entreraient dans une \"boucle autophagique\" et leur qualit\u00e9 et leur diversit\u00e9 se d\u00e9graderaient de plus en plus.<\/p>\n<h3><strong>Lire le marc de caf\u00e9 de la politique mondiale et apprendre d'un profileur<\/strong><\/h3>\n<p>Claudia Br\u00fchwiler, sp\u00e9cialiste de la politique am\u00e9ricaine, et le professeur Ulrich Schmid, expert de la Russie, se sont entretenus de la situation politique actuelle dans le monde. L'accent a \u00e9t\u00e9 mis sur les \u00e9lections pr\u00e9sidentielles du 5 novembre 2024 aux \u00c9tats-Unis et sur la situation en Ukraine. Dans quelles directions les rapports de force vont-ils se d\u00e9placer ? Tant le sp\u00e9cialiste que l'expert n'ont pas trouv\u00e9 de r\u00e9ponse concluante \u00e0 cette question. Il n'est pas possible de faire des pronostics pour les \u00e9lections am\u00e9ricaines. Claudia Br\u00fchwiler a toutefois d\u00e9clar\u00e9 que l'euphorie initiale autour de la candidate Kamala Harris s'\u00e9tait dissip\u00e9e. Ulrich Schmid a quant \u00e0 lui d\u00e9clar\u00e9 que nous serions encore longtemps confront\u00e9s \u00e0 une guerre d'usure en Ukraine - m\u00eame si le Kremlin devrait avoir plus de souffle. On aurait peut-\u00eatre pu souhaiter des r\u00e9ponses plus pr\u00e9cises sur ce que le r\u00e9sultat des \u00e9lections am\u00e9ricaines, mais aussi les conflits arm\u00e9s en Europe de l'Est, signifient en fin de compte pour les entrepreneurs en Suisse.<\/p>\n<p>En tant que profileur et psychologue criminel exp\u00e9riment\u00e9, Thomas M\u00fcller a donn\u00e9 des indications sur la mani\u00e8re d'\u00e9valuer les autres personnes ou leur comportement et sur les situations qui permettent de conna\u00eetre au mieux les autres. Il a mis en \u00e9vidence les plus grandes contradictions de l'\u00e9poque actuelle et s'est consacr\u00e9 en particulier au th\u00e8me de la \"r\u00e9silience\". Selon son exp\u00e9rience, celle-ci repose sur quatre piliers : la volont\u00e9 de se d\u00e9velopper soi-m\u00eame, la volont\u00e9 d'oser un changement de perspective, la connaissance de la r\u00e9partition de sa propre estime de soi et la mani\u00e8re ouverte, honn\u00eate et juste de communiquer. Selon M\u00fcller, le plus grand ennemi de chaque \u00eatre humain est son propre ego.<\/p>\n<h3><strong>Kitro remporte un pitch de d\u00e9marrage<\/strong><\/h3>\n<p>Pour la cinqui\u00e8me fois d\u00e9j\u00e0, trois start-ups se sont pr\u00e9sent\u00e9es au vote du public lors de la \"session d'inspiration\" apr\u00e8s la pause de midi, dans des pitchs de 10 minutes chacun. Cette ann\u00e9e, il s'agissait de Nicholas H\u00e4nny et Robin Gnehm de Nikin, qui depuis 8 ans plantent un arbre pour chaque produit (textile) vendu et veulent maintenant cr\u00e9er 100 produits circulaires %, de Christian Naef de RY3T ONE, qui utilise la chaleur r\u00e9siduelle de la puissance de calcul pour chauffer des maisons, et d'Anastasia Hofmann de Kitro, qui tente de r\u00e9soudre le probl\u00e8me du gaspillage alimentaire dans la restauration gr\u00e2ce \u00e0 l'intelligence artificielle et aux donn\u00e9es. C'est l'id\u00e9e commerciale de Kitro qui a le plus convaincu les invit\u00e9s de la Journ\u00e9e des PME, comme l'a montr\u00e9 le vote en direct dans la salle.<\/p>\n<figure id=\"attachment_31287\" aria-describedby=\"caption-attachment-31287\" style=\"width: 680px\" class=\"wp-caption alignnone\"><img loading=\"lazy\" decoding=\"async\" class=\"size-full wp-image-31287\" src=\"https:\/\/www.organisator.ch\/wp-content\/uploads\/2024\/10\/Von-Sepp-Blatter-bis-zur-KI-Macht-und-Machtlosigkeit-beim-Schweizer-KMU-Tag-2024-3_Organisator.jpg\" alt=\"\" width=\"680\" height=\"449\" srcset=\"https:\/\/www.organisator.ch\/wp-content\/uploads\/2024\/10\/Von-Sepp-Blatter-bis-zur-KI-Macht-und-Machtlosigkeit-beim-Schweizer-KMU-Tag-2024-3_Organisator.jpg 680w, https:\/\/www.organisator.ch\/wp-content\/uploads\/2024\/10\/Von-Sepp-Blatter-bis-zur-KI-Macht-und-Machtlosigkeit-beim-Schweizer-KMU-Tag-2024-3_Organisator-18x12.jpg 18w, https:\/\/www.organisator.ch\/wp-content\/uploads\/2024\/10\/Von-Sepp-Blatter-bis-zur-KI-Macht-und-Machtlosigkeit-beim-Schweizer-KMU-Tag-2024-3_Organisator-375x248.jpg 375w, https:\/\/www.organisator.ch\/wp-content\/uploads\/2024\/10\/Von-Sepp-Blatter-bis-zur-KI-Macht-und-Machtlosigkeit-beim-Schweizer-KMU-Tag-2024-3_Organisator-530x350.jpg 530w\" sizes=\"auto, (max-width: 680px) 100vw, 680px\" \/><figcaption id=\"caption-attachment-31287\" class=\"wp-caption-text\">L'animateur Fabian Unteregger s'entretient avec les repr\u00e9sentants des start-ups apr\u00e8s leur pitch. Tout \u00e0 gauche, la future gagnante Anastasia Hofmann de Kitro. (Photo Journ\u00e9e suisse des PME\/Roger Sieber).<\/figcaption><\/figure>\n<h3><strong>Des nuances humoristiques et un \"talk PME\" passionnant <\/strong><\/h3>\n<p>Timo Wopp de Berlin a propos\u00e9 un m\u00e9lange de keynote et de cabaret, associant la jonglerie \u00e0 un feu d'artifice de contenus humoristiques, ce qui lui a valu de nombreux applaudissements. Il a notamment d\u00e9masqu\u00e9 de nombreuses sagesses en mati\u00e8re de coaching comme \u00e9tant des mots vides de sens et en a m\u00eame cr\u00e9\u00e9 lui-m\u00eame, car \"un petit trompettiste ne craint pas le brouillard autour de la licorne\".<\/p>\n<p>Fabian Unteregger a interrog\u00e9 Martin Kelterborn et Lea von Bidder (ancienne CEO d'Ava) sur leurs exp\u00e9riences tr\u00e8s concr\u00e8tes en mati\u00e8re de pouvoir, d'impuissance et d'entrepreneuriat : tous deux ont racont\u00e9 de mani\u00e8re authentique comment ils ont abandonn\u00e9 le pouvoir dans leurs (anciennes) entreprises et dans quelles situations ils se sont sentis impuissants, par exemple lors d'un incident de cybercriminalit\u00e9, comme Martin Kelterborn l'a v\u00e9cu. Quant \u00e0 Lea von Bidder, dont l'entreprise tr\u00e8s appr\u00e9ci\u00e9e (et tout \u00e0 fait r\u00e9ussie) Ava a finalement atterri dans les mains d'une soci\u00e9t\u00e9 d'investissement insolvable, elle a d\u00e9crit comme son plus grand pouvoir le fait de savoir que l'on peut toujours faire quelque chose de nouveau. C'est ce qu'elle fait aujourd'hui avec sa nouvelle entreprise Expeerly.<\/p>\n<figure id=\"attachment_31288\" aria-describedby=\"caption-attachment-31288\" style=\"width: 680px\" class=\"wp-caption alignnone\"><img loading=\"lazy\" decoding=\"async\" class=\"size-full wp-image-31288\" src=\"https:\/\/www.organisator.ch\/wp-content\/uploads\/2024\/10\/Von-Sepp-Blatter-bis-zur-KI-Macht-und-Machtlosigkeit-beim-Schweizer-KMU-Tag-2024-4_Organisator.jpg\" alt=\"\" width=\"680\" height=\"452\" srcset=\"https:\/\/www.organisator.ch\/wp-content\/uploads\/2024\/10\/Von-Sepp-Blatter-bis-zur-KI-Macht-und-Machtlosigkeit-beim-Schweizer-KMU-Tag-2024-4_Organisator.jpg 680w, https:\/\/www.organisator.ch\/wp-content\/uploads\/2024\/10\/Von-Sepp-Blatter-bis-zur-KI-Macht-und-Machtlosigkeit-beim-Schweizer-KMU-Tag-2024-4_Organisator-18x12.jpg 18w, https:\/\/www.organisator.ch\/wp-content\/uploads\/2024\/10\/Von-Sepp-Blatter-bis-zur-KI-Macht-und-Machtlosigkeit-beim-Schweizer-KMU-Tag-2024-4_Organisator-375x249.jpg 375w, https:\/\/www.organisator.ch\/wp-content\/uploads\/2024\/10\/Von-Sepp-Blatter-bis-zur-KI-Macht-und-Machtlosigkeit-beim-Schweizer-KMU-Tag-2024-4_Organisator-527x350.jpg 527w\" sizes=\"auto, (max-width: 680px) 100vw, 680px\" \/><figcaption id=\"caption-attachment-31288\" class=\"wp-caption-text\">Lea von Bidder et Martin Kelterborn ont \u00e9galement jet\u00e9 un regard sur la face cach\u00e9e de l'entrepreneuriat. (Photo : Thomas Berner)<\/figcaption><\/figure>\n<p><em>Plus d'informations : <a href=\"http:\/\/www.kmu-tag.ch\">www.kmu-tag.ch<\/a><\/em><\/p>\n<blockquote>\n<h3>\u00a0<\/h3>\n<h3><strong>\"Les PME suisses ne sont jamais aussi proches les unes des autres lors d'un congr\u00e8s\".<\/strong>\u2028<\/h3>\n<p>La prochaine Journ\u00e9e suisse des PME aura lieu le vendredi 24 octobre 2025. Elle est organis\u00e9e depuis 2003 par l'Institut suisse pour les PME et l'entrepreneuriat de l'Universit\u00e9 de Saint-Gall (KMU-HSG) et par l'agence de communication alea iacta ag. La Journ\u00e9e suisse des PME est plac\u00e9e sous le patronage de l'Union suisse des arts et m\u00e9tiers (USAM), d'economiesuisse, de la Chambre de commerce et d'industrie de Saint-Gall-Appenzell et de l'Union cantonale des arts et m\u00e9tiers de Saint-Gall. La manifestation est soutenue par des sponsors principaux de longue date pour lesquels les pr\u00e9occupations des PME sont tr\u00e8s importantes : Helvetia, Raiffeisen, OBT, ABACUS et Swisscom.<\/p>\n<\/blockquote>","protected":false},"excerpt":{"rendered":"<p>\"PME et (absence de) pouvoir - l'intelligence naturelle au service du succ\u00e8s\", tel \u00e9tait le th\u00e8me de la 21e Journ\u00e9e suisse des PME de cette ann\u00e9e, \u00e0 laquelle 1200 invit\u00e9s ont assist\u00e9. Quatre keynote speakers - Sepp Blatter, Miriam Meckel, L\u00e9a Steinacker et Thomas M\u00fcller - et deux entrepreneurs de PME ont parl\u00e9 de leurs exp\u00e9riences avec le pouvoir et l'impuissance. Cette ann\u00e9e, c'est Anastasia Hofmann de Kitro qui a remport\u00e9 le Startup Pitch pour sa solution visant \u00e0 r\u00e9duire le gaspillage alimentaire dans la restauration. <\/p>","protected":false},"author":4,"featured_media":31285,"comment_status":"closed","ping_status":"closed","sticky":false,"template":"","format":"standard","meta":{"_acf_changed":false,"_yoast_wpseo_focuskw":"Macht und Machtlosigkeit","_yoast_wpseo_metadesc":"Beim Schweizer KMU-Tag 2024 ging es um Macht und Machtlosigkeit. Sepp Blatter, Miriam Meckel und innovative Start-ups boten Einblicke.","articlekey":"","footnotes":""},"categories":[28],"tags":[305,4687,335,451,531],"class_list":["post-31284","post","type-post","status-publish","format-standard","has-post-thumbnail","hentry","category-management","tag-kmu-tag","tag-macht","tag-management-und-unternehmensfuehrung","tag-startups","tag-wirtschaftspolitik"],"acf":[],"yoast_head":"<!-- This site is optimized with the Yoast SEO plugin v27.5 - https:\/\/yoast.com\/product\/yoast-seo-wordpress\/ -->\n<title>Von Sepp Blatter bis zur KI: Macht und Machtlosigkeit beim Schweizer KMU-Tag 2024 - Organisator<\/title>\n<meta name=\"description\" content=\"Beim Schweizer KMU-Tag 2024 ging es um Macht und Machtlosigkeit. Sepp Blatter, Miriam Meckel und innovative Start-ups boten Einblicke.\" \/>\n<meta name=\"robots\" content=\"index, follow, max-snippet:-1, max-image-preview:large, max-video-preview:-1\" \/>\n<link rel=\"canonical\" href=\"https:\/\/www.organisator.ch\/fr\/gestion-2\/2024-10-29\/von-sepp-blatter-bis-zur-ki-macht-und-machtlosigkeit-beim-schweizer-kmu-tag-2024\/\" \/>\n<meta property=\"og:locale\" content=\"fr_FR\" \/>\n<meta property=\"og:type\" content=\"article\" \/>\n<meta property=\"og:title\" content=\"Von Sepp Blatter bis zur KI: Macht und Machtlosigkeit beim Schweizer KMU-Tag 2024\" \/>\n<meta property=\"og:description\" content=\"Beim Schweizer KMU-Tag 2024 ging es um Macht und Machtlosigkeit. Sepp Blatter, Miriam Meckel und innovative Start-ups boten Einblicke.\" \/>\n<meta property=\"og:url\" content=\"https:\/\/www.organisator.ch\/fr\/gestion-2\/2024-10-29\/von-sepp-blatter-bis-zur-ki-macht-und-machtlosigkeit-beim-schweizer-kmu-tag-2024\/\" \/>\n<meta property=\"og:site_name\" content=\"Organisator\" \/>\n<meta property=\"article:publisher\" content=\"https:\/\/www.facebook.com\/OrganisatorFachmagazin\" \/>\n<meta property=\"article:published_time\" content=\"2024-10-29T02:48:52+00:00\" \/>\n<meta property=\"article:modified_time\" content=\"2024-11-27T08:48:59+00:00\" \/>\n<meta property=\"og:image\" content=\"https:\/\/www.organisator.ch\/wp-content\/uploads\/2024\/10\/Von-Sepp-Blatter-bis-zur-KI-Macht-und-Machtlosigkeit-beim-Schweizer-KMU-Tag-2024-1_Organisator.jpg\" \/>\n\t<meta property=\"og:image:width\" content=\"680\" \/>\n\t<meta property=\"og:image:height\" content=\"419\" \/>\n\t<meta property=\"og:image:type\" content=\"image\/jpeg\" \/>\n<meta name=\"author\" content=\"thomas.berner\" \/>\n<meta name=\"twitter:card\" content=\"summary_large_image\" \/>\n<meta name=\"twitter:title\" content=\"Von Sepp Blatter bis zur #KI: #Macht und #Machtlosigkeit beim Schweizer #KMU-Tag 2024\" \/>\n<meta name=\"twitter:description\" content=\"Beim Schweizer #KMU-Tag 2024 ging es um #Macht und #Machtlosigkeit. Sepp Blatter, Miriam Meckel und innovative #Start-ups boten Einblicke.\" \/>\n<meta name=\"twitter:image\" content=\"https:\/\/www.organisator.ch\/wp-content\/uploads\/2024\/10\/Von-Sepp-Blatter-bis-zur-KI-Macht-und-Machtlosigkeit-beim-Schweizer-KMU-Tag-2024-1_Organisator.jpg\" \/>\n<script type=\"application\/ld+json\" class=\"yoast-schema-graph\">{\"@context\":\"https:\\\/\\\/schema.org\",\"@graph\":[{\"@type\":\"Article\",\"@id\":\"https:\\\/\\\/www.organisator.ch\\\/management\\\/2024-10-29\\\/von-sepp-blatter-bis-zur-ki-macht-und-machtlosigkeit-beim-schweizer-kmu-tag-2024\\\/#article\",\"isPartOf\":{\"@id\":\"https:\\\/\\\/www.organisator.ch\\\/management\\\/2024-10-29\\\/von-sepp-blatter-bis-zur-ki-macht-und-machtlosigkeit-beim-schweizer-kmu-tag-2024\\\/\"},\"author\":{\"name\":\"thomas.berner\",\"@id\":\"https:\\\/\\\/www.organisator.ch\\\/#\\\/schema\\\/person\\\/6f650f90b2842cd4c0cc334b4e36f67e\"},\"headline\":\"Von Sepp Blatter bis zur KI: Macht und Machtlosigkeit beim Schweizer KMU-Tag 2024\",\"datePublished\":\"2024-10-29T02:48:52+00:00\",\"dateModified\":\"2024-11-27T08:48:59+00:00\",\"mainEntityOfPage\":{\"@id\":\"https:\\\/\\\/www.organisator.ch\\\/management\\\/2024-10-29\\\/von-sepp-blatter-bis-zur-ki-macht-und-machtlosigkeit-beim-schweizer-kmu-tag-2024\\\/\"},\"wordCount\":1280,\"publisher\":{\"@id\":\"https:\\\/\\\/www.organisator.ch\\\/#organization\"},\"image\":{\"@id\":\"https:\\\/\\\/www.organisator.ch\\\/management\\\/2024-10-29\\\/von-sepp-blatter-bis-zur-ki-macht-und-machtlosigkeit-beim-schweizer-kmu-tag-2024\\\/#primaryimage\"},\"thumbnailUrl\":\"https:\\\/\\\/www.organisator.ch\\\/wp-content\\\/uploads\\\/2024\\\/10\\\/Von-Sepp-Blatter-bis-zur-KI-Macht-und-Machtlosigkeit-beim-Schweizer-KMU-Tag-2024-1_Organisator.jpg\",\"keywords\":[\"KMU-Tag\",\"Macht\",\"Management und Unternehmensf\u00fchrung\",\"Startups\",\"Wirtschaftspolitik\"],\"articleSection\":[\"MANAGEMENT\"],\"inLanguage\":\"fr-FR\"},{\"@type\":\"WebPage\",\"@id\":\"https:\\\/\\\/www.organisator.ch\\\/management\\\/2024-10-29\\\/von-sepp-blatter-bis-zur-ki-macht-und-machtlosigkeit-beim-schweizer-kmu-tag-2024\\\/\",\"url\":\"https:\\\/\\\/www.organisator.ch\\\/management\\\/2024-10-29\\\/von-sepp-blatter-bis-zur-ki-macht-und-machtlosigkeit-beim-schweizer-kmu-tag-2024\\\/\",\"name\":\"Von Sepp Blatter bis zur KI: Macht und Machtlosigkeit beim Schweizer KMU-Tag 2024 - Organisator\",\"isPartOf\":{\"@id\":\"https:\\\/\\\/www.organisator.ch\\\/#website\"},\"primaryImageOfPage\":{\"@id\":\"https:\\\/\\\/www.organisator.ch\\\/management\\\/2024-10-29\\\/von-sepp-blatter-bis-zur-ki-macht-und-machtlosigkeit-beim-schweizer-kmu-tag-2024\\\/#primaryimage\"},\"image\":{\"@id\":\"https:\\\/\\\/www.organisator.ch\\\/management\\\/2024-10-29\\\/von-sepp-blatter-bis-zur-ki-macht-und-machtlosigkeit-beim-schweizer-kmu-tag-2024\\\/#primaryimage\"},\"thumbnailUrl\":\"https:\\\/\\\/www.organisator.ch\\\/wp-content\\\/uploads\\\/2024\\\/10\\\/Von-Sepp-Blatter-bis-zur-KI-Macht-und-Machtlosigkeit-beim-Schweizer-KMU-Tag-2024-1_Organisator.jpg\",\"datePublished\":\"2024-10-29T02:48:52+00:00\",\"dateModified\":\"2024-11-27T08:48:59+00:00\",\"description\":\"Beim Schweizer KMU-Tag 2024 ging es um Macht und Machtlosigkeit. Sepp Blatter, Miriam Meckel und innovative Start-ups boten Einblicke.\",\"breadcrumb\":{\"@id\":\"https:\\\/\\\/www.organisator.ch\\\/management\\\/2024-10-29\\\/von-sepp-blatter-bis-zur-ki-macht-und-machtlosigkeit-beim-schweizer-kmu-tag-2024\\\/#breadcrumb\"},\"inLanguage\":\"fr-FR\",\"potentialAction\":[{\"@type\":\"ReadAction\",\"target\":[\"https:\\\/\\\/www.organisator.ch\\\/management\\\/2024-10-29\\\/von-sepp-blatter-bis-zur-ki-macht-und-machtlosigkeit-beim-schweizer-kmu-tag-2024\\\/\"]}]},{\"@type\":\"ImageObject\",\"inLanguage\":\"fr-FR\",\"@id\":\"https:\\\/\\\/www.organisator.ch\\\/management\\\/2024-10-29\\\/von-sepp-blatter-bis-zur-ki-macht-und-machtlosigkeit-beim-schweizer-kmu-tag-2024\\\/#primaryimage\",\"url\":\"https:\\\/\\\/www.organisator.ch\\\/wp-content\\\/uploads\\\/2024\\\/10\\\/Von-Sepp-Blatter-bis-zur-KI-Macht-und-Machtlosigkeit-beim-Schweizer-KMU-Tag-2024-1_Organisator.jpg\",\"contentUrl\":\"https:\\\/\\\/www.organisator.ch\\\/wp-content\\\/uploads\\\/2024\\\/10\\\/Von-Sepp-Blatter-bis-zur-KI-Macht-und-Machtlosigkeit-beim-Schweizer-KMU-Tag-2024-1_Organisator.jpg\",\"width\":680,\"height\":419,\"caption\":\"Lernen, mit KI richtig umzugehen: Die Botschaft von L\u00e9a Steinacker und Miriam Meckel ans Publikum des Schweizer KMU-Tag 2024. (Bild: Thomas Berner)\"},{\"@type\":\"BreadcrumbList\",\"@id\":\"https:\\\/\\\/www.organisator.ch\\\/management\\\/2024-10-29\\\/von-sepp-blatter-bis-zur-ki-macht-und-machtlosigkeit-beim-schweizer-kmu-tag-2024\\\/#breadcrumb\",\"itemListElement\":[{\"@type\":\"ListItem\",\"position\":1,\"name\":\"Home\",\"item\":\"https:\\\/\\\/www.organisator.ch\\\/\"},{\"@type\":\"ListItem\",\"position\":2,\"name\":\"Von Sepp Blatter bis zur KI: Macht und Machtlosigkeit beim Schweizer KMU-Tag 2024\"}]},{\"@type\":\"WebSite\",\"@id\":\"https:\\\/\\\/www.organisator.ch\\\/#website\",\"url\":\"https:\\\/\\\/www.organisator.ch\\\/\",\"name\":\"Organisator\",\"description\":\"Kompetent. Praxisnah. Der ORGANISATOR bereitet in 10 Ausgaben pro Jahr die wesentlichen Themen f\u00fcr F\u00fchrungskr\u00e4fte von KMU auf.\",\"publisher\":{\"@id\":\"https:\\\/\\\/www.organisator.ch\\\/#organization\"},\"potentialAction\":[{\"@type\":\"SearchAction\",\"target\":{\"@type\":\"EntryPoint\",\"urlTemplate\":\"https:\\\/\\\/www.organisator.ch\\\/?s={search_term_string}\"},\"query-input\":{\"@type\":\"PropertyValueSpecification\",\"valueRequired\":true,\"valueName\":\"search_term_string\"}}],\"inLanguage\":\"fr-FR\"},{\"@type\":\"Organization\",\"@id\":\"https:\\\/\\\/www.organisator.ch\\\/#organization\",\"name\":\"Organisator\",\"url\":\"https:\\\/\\\/www.organisator.ch\\\/\",\"logo\":{\"@type\":\"ImageObject\",\"inLanguage\":\"fr-FR\",\"@id\":\"https:\\\/\\\/www.organisator.ch\\\/#\\\/schema\\\/logo\\\/image\\\/\",\"url\":\"https:\\\/\\\/www.organisator.ch\\\/wp-content\\\/uploads\\\/2022\\\/01\\\/Logo_Organisator_Website.png\",\"contentUrl\":\"https:\\\/\\\/www.organisator.ch\\\/wp-content\\\/uploads\\\/2022\\\/01\\\/Logo_Organisator_Website.png\",\"width\":800,\"height\":77,\"caption\":\"Organisator\"},\"image\":{\"@id\":\"https:\\\/\\\/www.organisator.ch\\\/#\\\/schema\\\/logo\\\/image\\\/\"},\"sameAs\":[\"https:\\\/\\\/www.facebook.com\\\/OrganisatorFachmagazin\",\"https:\\\/\\\/www.linkedin.com\\\/showcase\\\/organisator-das-magazin-fr-kmu\",\"https:\\\/\\\/www.xing.com\\\/news\\\/pages\\\/organisator-ch-695\",\"https:\\\/\\\/www.youtube.com\\\/channel\\\/UCGP2Sq0iWaZwT3BdIAQFYpw\"]},{\"@type\":\"Person\",\"@id\":\"https:\\\/\\\/www.organisator.ch\\\/#\\\/schema\\\/person\\\/6f650f90b2842cd4c0cc334b4e36f67e\",\"name\":\"thomas.berner\",\"image\":{\"@type\":\"ImageObject\",\"inLanguage\":\"fr-FR\",\"@id\":\"https:\\\/\\\/secure.gravatar.com\\\/avatar\\\/ac5001d2a36cb6c6cd3e50789007ffca834b477b74a2144564522e944eabff61?s=96&d=mm&r=g\",\"url\":\"https:\\\/\\\/secure.gravatar.com\\\/avatar\\\/ac5001d2a36cb6c6cd3e50789007ffca834b477b74a2144564522e944eabff61?s=96&d=mm&r=g\",\"contentUrl\":\"https:\\\/\\\/secure.gravatar.com\\\/avatar\\\/ac5001d2a36cb6c6cd3e50789007ffca834b477b74a2144564522e944eabff61?s=96&d=mm&r=g\",\"caption\":\"thomas.berner\"},\"url\":\"https:\\\/\\\/www.organisator.ch\\\/fr\\\/author\\\/thomas-berner\\\/\"}]}<\/script>\n<!-- \/ Yoast SEO plugin. -->","yoast_head_json":{"title":"De Sepp Blatter \u00e0 l'IA : pouvoir et impuissance lors de la Journ\u00e9e suisse des PME 2024 - Organisateur","description":"Lors de la Journ\u00e9e suisse des PME 2024, il a \u00e9t\u00e9 question de pouvoir et d'impuissance. Sepp Blatter, Miriam Meckel et des start-ups innovantes ont offert un aper\u00e7u de la situation.","robots":{"index":"index","follow":"follow","max-snippet":"max-snippet:-1","max-image-preview":"max-image-preview:large","max-video-preview":"max-video-preview:-1"},"canonical":"https:\/\/www.organisator.ch\/fr\/gestion-2\/2024-10-29\/von-sepp-blatter-bis-zur-ki-macht-und-machtlosigkeit-beim-schweizer-kmu-tag-2024\/","og_locale":"fr_FR","og_type":"article","og_title":"Von Sepp Blatter bis zur KI: Macht und Machtlosigkeit beim Schweizer KMU-Tag 2024","og_description":"Beim Schweizer KMU-Tag 2024 ging es um Macht und Machtlosigkeit. Sepp Blatter, Miriam Meckel und innovative Start-ups boten Einblicke.","og_url":"https:\/\/www.organisator.ch\/fr\/gestion-2\/2024-10-29\/von-sepp-blatter-bis-zur-ki-macht-und-machtlosigkeit-beim-schweizer-kmu-tag-2024\/","og_site_name":"Organisator","article_publisher":"https:\/\/www.facebook.com\/OrganisatorFachmagazin","article_published_time":"2024-10-29T02:48:52+00:00","article_modified_time":"2024-11-27T08:48:59+00:00","og_image":[{"width":680,"height":419,"url":"https:\/\/www.organisator.ch\/wp-content\/uploads\/2024\/10\/Von-Sepp-Blatter-bis-zur-KI-Macht-und-Machtlosigkeit-beim-Schweizer-KMU-Tag-2024-1_Organisator.jpg","type":"image\/jpeg"}],"author":"thomas.berner","twitter_card":"summary_large_image","twitter_title":"Von Sepp Blatter bis zur #KI: #Macht und #Machtlosigkeit beim Schweizer #KMU-Tag 2024","twitter_description":"Beim Schweizer #KMU-Tag 2024 ging es um #Macht und #Machtlosigkeit. Sepp Blatter, Miriam Meckel und innovative #Start-ups boten Einblicke.","twitter_image":"https:\/\/www.organisator.ch\/wp-content\/uploads\/2024\/10\/Von-Sepp-Blatter-bis-zur-KI-Macht-und-Machtlosigkeit-beim-Schweizer-KMU-Tag-2024-1_Organisator.jpg","schema":{"@context":"https:\/\/schema.org","@graph":[{"@type":"Article","@id":"https:\/\/www.organisator.ch\/management\/2024-10-29\/von-sepp-blatter-bis-zur-ki-macht-und-machtlosigkeit-beim-schweizer-kmu-tag-2024\/#article","isPartOf":{"@id":"https:\/\/www.organisator.ch\/management\/2024-10-29\/von-sepp-blatter-bis-zur-ki-macht-und-machtlosigkeit-beim-schweizer-kmu-tag-2024\/"},"author":{"name":"thomas.berner","@id":"https:\/\/www.organisator.ch\/#\/schema\/person\/6f650f90b2842cd4c0cc334b4e36f67e"},"headline":"Von Sepp Blatter bis zur KI: Macht und Machtlosigkeit beim Schweizer KMU-Tag 2024","datePublished":"2024-10-29T02:48:52+00:00","dateModified":"2024-11-27T08:48:59+00:00","mainEntityOfPage":{"@id":"https:\/\/www.organisator.ch\/management\/2024-10-29\/von-sepp-blatter-bis-zur-ki-macht-und-machtlosigkeit-beim-schweizer-kmu-tag-2024\/"},"wordCount":1280,"publisher":{"@id":"https:\/\/www.organisator.ch\/#organization"},"image":{"@id":"https:\/\/www.organisator.ch\/management\/2024-10-29\/von-sepp-blatter-bis-zur-ki-macht-und-machtlosigkeit-beim-schweizer-kmu-tag-2024\/#primaryimage"},"thumbnailUrl":"https:\/\/www.organisator.ch\/wp-content\/uploads\/2024\/10\/Von-Sepp-Blatter-bis-zur-KI-Macht-und-Machtlosigkeit-beim-Schweizer-KMU-Tag-2024-1_Organisator.jpg","keywords":["KMU-Tag","Macht","Management und Unternehmensf\u00fchrung","Startups","Wirtschaftspolitik"],"articleSection":["MANAGEMENT"],"inLanguage":"fr-FR"},{"@type":"WebPage","@id":"https:\/\/www.organisator.ch\/management\/2024-10-29\/von-sepp-blatter-bis-zur-ki-macht-und-machtlosigkeit-beim-schweizer-kmu-tag-2024\/","url":"https:\/\/www.organisator.ch\/management\/2024-10-29\/von-sepp-blatter-bis-zur-ki-macht-und-machtlosigkeit-beim-schweizer-kmu-tag-2024\/","name":"De Sepp Blatter \u00e0 l'IA : pouvoir et impuissance lors de la Journ\u00e9e suisse des PME 2024 - Organisateur","isPartOf":{"@id":"https:\/\/www.organisator.ch\/#website"},"primaryImageOfPage":{"@id":"https:\/\/www.organisator.ch\/management\/2024-10-29\/von-sepp-blatter-bis-zur-ki-macht-und-machtlosigkeit-beim-schweizer-kmu-tag-2024\/#primaryimage"},"image":{"@id":"https:\/\/www.organisator.ch\/management\/2024-10-29\/von-sepp-blatter-bis-zur-ki-macht-und-machtlosigkeit-beim-schweizer-kmu-tag-2024\/#primaryimage"},"thumbnailUrl":"https:\/\/www.organisator.ch\/wp-content\/uploads\/2024\/10\/Von-Sepp-Blatter-bis-zur-KI-Macht-und-Machtlosigkeit-beim-Schweizer-KMU-Tag-2024-1_Organisator.jpg","datePublished":"2024-10-29T02:48:52+00:00","dateModified":"2024-11-27T08:48:59+00:00","description":"Lors de la Journ\u00e9e suisse des PME 2024, il a \u00e9t\u00e9 question de pouvoir et d'impuissance. Sepp Blatter, Miriam Meckel et des start-ups innovantes ont offert un aper\u00e7u de la situation.","breadcrumb":{"@id":"https:\/\/www.organisator.ch\/management\/2024-10-29\/von-sepp-blatter-bis-zur-ki-macht-und-machtlosigkeit-beim-schweizer-kmu-tag-2024\/#breadcrumb"},"inLanguage":"fr-FR","potentialAction":[{"@type":"ReadAction","target":["https:\/\/www.organisator.ch\/management\/2024-10-29\/von-sepp-blatter-bis-zur-ki-macht-und-machtlosigkeit-beim-schweizer-kmu-tag-2024\/"]}]},{"@type":"ImageObject","inLanguage":"fr-FR","@id":"https:\/\/www.organisator.ch\/management\/2024-10-29\/von-sepp-blatter-bis-zur-ki-macht-und-machtlosigkeit-beim-schweizer-kmu-tag-2024\/#primaryimage","url":"https:\/\/www.organisator.ch\/wp-content\/uploads\/2024\/10\/Von-Sepp-Blatter-bis-zur-KI-Macht-und-Machtlosigkeit-beim-Schweizer-KMU-Tag-2024-1_Organisator.jpg","contentUrl":"https:\/\/www.organisator.ch\/wp-content\/uploads\/2024\/10\/Von-Sepp-Blatter-bis-zur-KI-Macht-und-Machtlosigkeit-beim-Schweizer-KMU-Tag-2024-1_Organisator.jpg","width":680,"height":419,"caption":"Lernen, mit KI richtig umzugehen: Die Botschaft von L\u00e9a Steinacker und Miriam Meckel ans Publikum des Schweizer KMU-Tag 2024. (Bild: Thomas Berner)"},{"@type":"BreadcrumbList","@id":"https:\/\/www.organisator.ch\/management\/2024-10-29\/von-sepp-blatter-bis-zur-ki-macht-und-machtlosigkeit-beim-schweizer-kmu-tag-2024\/#breadcrumb","itemListElement":[{"@type":"ListItem","position":1,"name":"Home","item":"https:\/\/www.organisator.ch\/"},{"@type":"ListItem","position":2,"name":"Von Sepp Blatter bis zur KI: Macht und Machtlosigkeit beim Schweizer KMU-Tag 2024"}]},{"@type":"WebSite","@id":"https:\/\/www.organisator.ch\/#website","url":"https:\/\/www.organisator.ch\/","name":"Organisateur","description":"Comp\u00e9tence et comp\u00e9tence. Proches de la pratique. L'ORGANISATEUR pr\u00e9pare 10 num\u00e9ros par an sur les th\u00e8mes essentiels pour les dirigeants de PME.","publisher":{"@id":"https:\/\/www.organisator.ch\/#organization"},"potentialAction":[{"@type":"SearchAction","target":{"@type":"EntryPoint","urlTemplate":"https:\/\/www.organisator.ch\/?s={search_term_string}"},"query-input":{"@type":"PropertyValueSpecification","valueRequired":true,"valueName":"search_term_string"}}],"inLanguage":"fr-FR"},{"@type":"Organization","@id":"https:\/\/www.organisator.ch\/#organization","name":"Organisateur","url":"https:\/\/www.organisator.ch\/","logo":{"@type":"ImageObject","inLanguage":"fr-FR","@id":"https:\/\/www.organisator.ch\/#\/schema\/logo\/image\/","url":"https:\/\/www.organisator.ch\/wp-content\/uploads\/2022\/01\/Logo_Organisator_Website.png","contentUrl":"https:\/\/www.organisator.ch\/wp-content\/uploads\/2022\/01\/Logo_Organisator_Website.png","width":800,"height":77,"caption":"Organisator"},"image":{"@id":"https:\/\/www.organisator.ch\/#\/schema\/logo\/image\/"},"sameAs":["https:\/\/www.facebook.com\/OrganisatorFachmagazin","https:\/\/www.linkedin.com\/showcase\/organisator-das-magazin-fr-kmu","https:\/\/www.xing.com\/news\/pages\/organisator-ch-695","https:\/\/www.youtube.com\/channel\/UCGP2Sq0iWaZwT3BdIAQFYpw"]},{"@type":"Person","@id":"https:\/\/www.organisator.ch\/#\/schema\/person\/6f650f90b2842cd4c0cc334b4e36f67e","name":"thomas.berner","image":{"@type":"ImageObject","inLanguage":"fr-FR","@id":"https:\/\/secure.gravatar.com\/avatar\/ac5001d2a36cb6c6cd3e50789007ffca834b477b74a2144564522e944eabff61?s=96&d=mm&r=g","url":"https:\/\/secure.gravatar.com\/avatar\/ac5001d2a36cb6c6cd3e50789007ffca834b477b74a2144564522e944eabff61?s=96&d=mm&r=g","contentUrl":"https:\/\/secure.gravatar.com\/avatar\/ac5001d2a36cb6c6cd3e50789007ffca834b477b74a2144564522e944eabff61?s=96&d=mm&r=g","caption":"thomas.berner"},"url":"https:\/\/www.organisator.ch\/fr\/author\/thomas-berner\/"}]}},"_links":{"self":[{"href":"https:\/\/www.organisator.ch\/fr\/wp-json\/wp\/v2\/posts\/31284","targetHints":{"allow":["GET"]}}],"collection":[{"href":"https:\/\/www.organisator.ch\/fr\/wp-json\/wp\/v2\/posts"}],"about":[{"href":"https:\/\/www.organisator.ch\/fr\/wp-json\/wp\/v2\/types\/post"}],"author":[{"embeddable":true,"href":"https:\/\/www.organisator.ch\/fr\/wp-json\/wp\/v2\/users\/4"}],"replies":[{"embeddable":true,"href":"https:\/\/www.organisator.ch\/fr\/wp-json\/wp\/v2\/comments?post=31284"}],"version-history":[{"count":4,"href":"https:\/\/www.organisator.ch\/fr\/wp-json\/wp\/v2\/posts\/31284\/revisions"}],"predecessor-version":[{"id":34072,"href":"https:\/\/www.organisator.ch\/fr\/wp-json\/wp\/v2\/posts\/31284\/revisions\/34072"}],"wp:featuredmedia":[{"embeddable":true,"href":"https:\/\/www.organisator.ch\/fr\/wp-json\/wp\/v2\/media\/31285"}],"wp:attachment":[{"href":"https:\/\/www.organisator.ch\/fr\/wp-json\/wp\/v2\/media?parent=31284"}],"wp:term":[{"taxonomy":"category","embeddable":true,"href":"https:\/\/www.organisator.ch\/fr\/wp-json\/wp\/v2\/categories?post=31284"},{"taxonomy":"post_tag","embeddable":true,"href":"https:\/\/www.organisator.ch\/fr\/wp-json\/wp\/v2\/tags?post=31284"}],"curies":[{"name":"wp","href":"https:\/\/api.w.org\/{rel}","templated":true}]}}