{"id":31315,"date":"2024-10-29T06:58:08","date_gmt":"2024-10-29T05:58:08","guid":{"rendered":"https:\/\/www.m-q.ch\/?p=20620"},"modified":"2024-11-07T11:08:43","modified_gmt":"2024-11-07T10:08:43","slug":"wie-wetterextreme-die-aktienmaerkte-beeinflussen","status":"publish","type":"post","link":"https:\/\/www.organisator.ch\/fr\/operational-excellence\/2024-10-29\/wie-wetterextreme-die-aktienmaerkte-beeinflussen\/","title":{"rendered":"Comment les ph\u00e9nom\u00e8nes m\u00e9t\u00e9orologiques extr\u00eames influencent les march\u00e9s boursiers"},"content":{"rendered":"<figure id=\"attachment_20621\" class=\"wp-caption alignnone\" style=\"width: 680px\" aria-describedby=\"caption-attachment-20621\"><img class=\"alignnone wp-image-20621 size-full\" src=\"https:\/\/www.m-q.ch\/wp-content\/uploads\/2024\/10\/Freedom24_Bild1_ps.jpg\" alt=\"Catastrophes naturelles\" width=\"680\" height=\"454\" \/>\r\n<figcaption id=\"caption-attachment-20621\" class=\"wp-caption-text\">Alors que personne ne souhaite les intemp\u00e9ries et qu'elles causent beaucoup de souffrances, la probabilit\u00e9 statistiquement plus \u00e9lev\u00e9e qu'elles se produisent par rapport aux ann\u00e9es pr\u00e9c\u00e9dentes est d\u00e9sormais un fait. (Image : www.depositphotos.com)<\/figcaption>\r\n<\/figure>\r\n<p>Mais ceux qui pensent que les compagnies d'assurance sont dans le p\u00e9trin \u00e0 cause de cela se trompent, sait Hans Selleslagh, porte-parole pour la Suisse du courtier en ligne Freedom24 : \"Des \u00e9tudes montrent que ces entreprises enregistrent certes des rendements l\u00e9g\u00e8rement n\u00e9gatifs apr\u00e8s de grandes catastrophes, mais que les cons\u00e9quences sont globalement moins graves que ce que certains pourraient attendre\". Apr\u00e8s des ouragans par exemple, les pertes seraient g\u00e9n\u00e9ralement inf\u00e9rieures \u00e0 un pour cent, mais cela d\u00e9pendrait de la gravit\u00e9 de la catastrophe naturelle. Lors de la saison des ouragans 2017, les ouragans Harvey, Irma et Maria ont caus\u00e9 des dommages \u00e0 hauteur de 125 milliards de dollars US. Alors que les actions des compagnies d'assurance ont d'abord chut\u00e9 en raison du paiement des dommages, les cours de soci\u00e9t\u00e9s comme Home Depot et Lowe's, qui fournissent des mat\u00e9riaux pour la reconstruction, ont nettement augment\u00e9.<\/p>\r\n<h3><strong>Intemp\u00e9ries \u00e0 l'horizon : quels sont les secteurs les plus volatils ?<\/strong><\/h3>\r\n<p>Pour les investisseurs, il est int\u00e9ressant de savoir quel comportement les march\u00e9s ont tendance \u00e0 adopter lorsque des conditions m\u00e9t\u00e9orologiques extr\u00eames sont annonc\u00e9es. Selleslagh r\u00e9pond : \"Sur les march\u00e9s boursiers, les effets se font g\u00e9n\u00e9ralement sentir rapidement. Les secteurs \u00e9troitement li\u00e9s \u00e0 l'infrastructure physique, comme l'\u00e9nergie, l'agriculture et les assurances, sont g\u00e9n\u00e9ralement les premiers \u00e0 \u00eatre touch\u00e9s par la volatilit\u00e9. Par exemple, si un ouragan est pr\u00e9vu dans le Golfe du Mexique, les prix du p\u00e9trole peuvent s'envoler, car les installations de production se pr\u00e9parent aux d\u00e9g\u00e2ts. De la m\u00eame mani\u00e8re, les actions agricoles peuvent conna\u00eetre un mouvement s'il y a un risque de dommages aux r\u00e9coltes\".<\/p>\r\n<p>Par exemple, pendant les ouragans Harvey et Irma, qui ont consid\u00e9rablement affect\u00e9 la production p\u00e9troli\u00e8re am\u00e9ricaine, l'indice de volatilit\u00e9 a fortement augment\u00e9, ce qui indique une augmentation des craintes des investisseurs \u00e0 court terme. Toutefois, lorsque les estimations des dommages ont commenc\u00e9 \u00e0 se stabiliser et \u00e0 \u00eatre moins \u00e9lev\u00e9es que pr\u00e9vu, l'indice S&amp;P 500 s'est rapidement redress\u00e9, ce qui illustre l'interaction complexe entre la peur d'une part et le soulagement de la reprise d'autre part dans le sentiment du march\u00e9. Mais comme les dommages et les perturbations ne se terminent g\u00e9n\u00e9ralement pas en quelques jours, mais qu'au contraire ils r\u00e9sonnent souvent longtemps, ils ont \u00e9galement des r\u00e9percussions \u00e0 long terme sur les bourses. \"Les investisseurs ont tendance \u00e0 consid\u00e9rer les \u00e9v\u00e9nements climatiques extr\u00eames avec beaucoup d'inqui\u00e9tude, car ils ont un impact direct sur les biens mat\u00e9riels et causent des probl\u00e8mes \u00e0 long terme\", explique l'expert de Freedom24.\u00a0\u00a0\u00a0<\/p>\r\n<h3><strong>Mal\u00e9diction et b\u00e9n\u00e9diction : Quels secteurs offrent des opportunit\u00e9s<\/strong><\/h3>\r\n<p>Alors que personne ne souhaite les intemp\u00e9ries et qu'elles causent beaucoup de souffrances, la probabilit\u00e9 statistiquement plus \u00e9lev\u00e9e qu'elles se produisent par rapport aux ann\u00e9es pr\u00e9c\u00e9dentes est d\u00e9sormais un fait. Certains secteurs sont particuli\u00e8rement pertinents dans le contexte des catastrophes naturelles, ce qui cr\u00e9e des opportunit\u00e9s pour les investisseurs, par exemple dans le domaine de la construction et des infrastructures. \"Les entreprises sp\u00e9cialis\u00e9es dans la reconstruction apr\u00e8s une catastrophe enregistrent souvent une demande accrue. Par exemple, l'entreprise d'engins de construction Caterpillar peut g\u00e9n\u00e9ralement enregistrer une augmentation des commandes apr\u00e8s de fortes intemp\u00e9ries\", explique Selleslagh. Il cite \u00e9galement le secteur des \u00e9nergies renouvelables, ainsi que les entreprises qui travaillent sur des solutions technologiques pour une infrastructure intelligente et des syst\u00e8mes d'alerte pr\u00e9coce en cas d'inondations et de temp\u00eates. Et les compagnies d'assurance, malgr\u00e9 des obligations de paiement massives \u00e0 court terme, offrent elles aussi des opportunit\u00e9s et connaissent une demande croissante, par exemple lorsqu'elles \u00e9largissent leur offre \u00e0 des assurances sp\u00e9ciales contre les catastrophes naturelles, qu'il s'agisse d'inondations ou de pertes de r\u00e9coltes suite \u00e0 une s\u00e9cheresse.<\/p>\r\n<h3><strong>La durabilit\u00e9 et l'orientation ESG ont la cote aupr\u00e8s des investisseurs<\/strong><\/h3>\r\n<p>Compte tenu de la fr\u00e9quence des ph\u00e9nom\u00e8nes m\u00e9t\u00e9orologiques extr\u00eames, les investisseurs prennent de plus en plus en compte ces ph\u00e9nom\u00e8nes, ou les risques qui en d\u00e9coulent, dans leurs d\u00e9cisions. \"Les investisseurs recherchent de plus en plus des entreprises pour lesquelles la durabilit\u00e9 joue un r\u00f4le important\", estime Selleslagh, qui ajoute : \"Les entreprises qui r\u00e9pondent \u00e0 des normes \u00e9lev\u00e9es dans les domaines ESG sont souvent consid\u00e9r\u00e9es comme plus r\u00e9sistantes aux risques du changement climatique\". Les fonds bas\u00e9s sur des crit\u00e8res ESG, comme l'indice MSCI ESG Leaders, ont obtenu ces derni\u00e8res ann\u00e9es de meilleurs rendements que les indices de march\u00e9 traditionnels, conclut Selleslagh.<\/p>\r\n<p><em>Source : <a href=\"http:\/\/www.freedom24.com\/\">www.freedom24.com<\/a><\/em><\/p>\n<p class=\"syndicated-attribution\">Cet article est paru initialement sur m-q.ch - <a href=\"https:\/\/www.m-q.ch\/de\/wie-wetterextreme-die-aktienmaerkte-beeinflussen\/\" target=\"_blank\">https:\/\/www.m-q.ch\/de\/wie-wetterextreme-die-aktienmaerkte-beeinflussen\/<\/a><\/p>","protected":false},"excerpt":{"rendered":"<p>De plus en plus de personnes ressentent douloureusement l'ampleur des ph\u00e9nom\u00e8nes m\u00e9t\u00e9orologiques extr\u00eames tels que les fortes pluies, les cyclones ou les inondations. Apr\u00e8s le premier grand choc et les travaux de nettoyage, il s'agit souvent de savoir combien d'argent est disponible pour l'aide et qui prend en charge les dommages. Les assurances jouent ici un r\u00f4le d\u00e9cisif, car elles sont confront\u00e9es au d\u00e9fi d'effectuer des versements importants.<\/p>","protected":false},"author":58,"featured_media":0,"comment_status":"closed","ping_status":"closed","sticky":false,"template":"","format":"standard","meta":{"_acf_changed":false,"_yoast_wpseo_focuskw":"Naturkatastrophen","_yoast_wpseo_metadesc":"Naturkatastrophen haben weniger gravierende Auswirkungen auf Versicherungsgesellschaften als oft erwartet.","articlekey":"","footnotes":""},"categories":[582],"tags":[4689,418,492,4238],"class_list":["post-31315","post","type-post","status-publish","format-standard","hentry","category-operational-excellence","tag-aktienmaerkte","tag-risikomanagement","tag-unternehmen","tag-wetterextreme"],"acf":[],"yoast_head":"<!-- This site is optimized with the Yoast SEO plugin v27.5 - https:\/\/yoast.com\/product\/yoast-seo-wordpress\/ -->\n<title>Wie Wetterextreme die Aktienm\u00e4rkte beeinflussen - Organisator<\/title>\n<meta name=\"description\" content=\"Naturkatastrophen haben weniger gravierende Auswirkungen auf Versicherungsgesellschaften als oft erwartet.\" \/>\n<meta name=\"robots\" content=\"index, follow, max-snippet:-1, max-image-preview:large, max-video-preview:-1\" \/>\n<link rel=\"canonical\" href=\"https:\/\/www.organisator.ch\/fr\/excellence-operationnelle\/2024-10-29\/wie-wetterextreme-die-aktienmaerkte-beeinflussen\/\" \/>\n<meta property=\"og:locale\" content=\"fr_FR\" \/>\n<meta property=\"og:type\" content=\"article\" \/>\n<meta property=\"og:title\" content=\"Wie Wetterextreme die Aktienm\u00e4rkte beeinflussen - Organisator\" \/>\n<meta property=\"og:description\" content=\"Naturkatastrophen haben weniger gravierende Auswirkungen auf Versicherungsgesellschaften als oft erwartet.\" \/>\n<meta property=\"og:url\" content=\"https:\/\/www.organisator.ch\/fr\/excellence-operationnelle\/2024-10-29\/wie-wetterextreme-die-aktienmaerkte-beeinflussen\/\" \/>\n<meta property=\"og:site_name\" content=\"Organisator\" \/>\n<meta property=\"article:publisher\" content=\"https:\/\/www.facebook.com\/OrganisatorFachmagazin\" \/>\n<meta property=\"article:published_time\" content=\"2024-10-29T05:58:08+00:00\" \/>\n<meta property=\"article:modified_time\" content=\"2024-11-07T10:08:43+00:00\" \/>\n<meta property=\"og:image\" content=\"https:\/\/www.m-q.ch\/wp-content\/uploads\/2024\/10\/Freedom24_Bild1_ps.jpg\" \/>\n<meta name=\"author\" content=\"Adelisa Kalajdzini\" \/>\n<meta name=\"twitter:card\" content=\"summary_large_image\" \/>\n<script type=\"application\/ld+json\" class=\"yoast-schema-graph\">{\"@context\":\"https:\\\/\\\/schema.org\",\"@graph\":[{\"@type\":\"Article\",\"@id\":\"https:\\\/\\\/www.organisator.ch\\\/operational-excellence\\\/2024-10-29\\\/wie-wetterextreme-die-aktienmaerkte-beeinflussen\\\/#article\",\"isPartOf\":{\"@id\":\"https:\\\/\\\/www.organisator.ch\\\/operational-excellence\\\/2024-10-29\\\/wie-wetterextreme-die-aktienmaerkte-beeinflussen\\\/\"},\"author\":{\"name\":\"Adelisa Kalajdzini\",\"@id\":\"https:\\\/\\\/www.organisator.ch\\\/#\\\/schema\\\/person\\\/2e1314a2172123f874db408d8911d3f3\"},\"headline\":\"Wie Wetterextreme die Aktienm\u00e4rkte beeinflussen\",\"datePublished\":\"2024-10-29T05:58:08+00:00\",\"dateModified\":\"2024-11-07T10:08:43+00:00\",\"mainEntityOfPage\":{\"@id\":\"https:\\\/\\\/www.organisator.ch\\\/operational-excellence\\\/2024-10-29\\\/wie-wetterextreme-die-aktienmaerkte-beeinflussen\\\/\"},\"wordCount\":650,\"publisher\":{\"@id\":\"https:\\\/\\\/www.organisator.ch\\\/#organization\"},\"image\":{\"@id\":\"https:\\\/\\\/www.organisator.ch\\\/operational-excellence\\\/2024-10-29\\\/wie-wetterextreme-die-aktienmaerkte-beeinflussen\\\/#primaryimage\"},\"thumbnailUrl\":\"https:\\\/\\\/www.m-q.ch\\\/wp-content\\\/uploads\\\/2024\\\/10\\\/Freedom24_Bild1_ps.jpg\",\"keywords\":[\"Aktienm\u00e4rkte\",\"Risikomanagement\",\"Unternehmen\",\"Wetterextreme\"],\"articleSection\":[\"OPERATIONAL EXCELLENCE\"],\"inLanguage\":\"fr-FR\"},{\"@type\":\"WebPage\",\"@id\":\"https:\\\/\\\/www.organisator.ch\\\/operational-excellence\\\/2024-10-29\\\/wie-wetterextreme-die-aktienmaerkte-beeinflussen\\\/\",\"url\":\"https:\\\/\\\/www.organisator.ch\\\/operational-excellence\\\/2024-10-29\\\/wie-wetterextreme-die-aktienmaerkte-beeinflussen\\\/\",\"name\":\"Wie Wetterextreme die Aktienm\u00e4rkte beeinflussen - Organisator\",\"isPartOf\":{\"@id\":\"https:\\\/\\\/www.organisator.ch\\\/#website\"},\"primaryImageOfPage\":{\"@id\":\"https:\\\/\\\/www.organisator.ch\\\/operational-excellence\\\/2024-10-29\\\/wie-wetterextreme-die-aktienmaerkte-beeinflussen\\\/#primaryimage\"},\"image\":{\"@id\":\"https:\\\/\\\/www.organisator.ch\\\/operational-excellence\\\/2024-10-29\\\/wie-wetterextreme-die-aktienmaerkte-beeinflussen\\\/#primaryimage\"},\"thumbnailUrl\":\"https:\\\/\\\/www.m-q.ch\\\/wp-content\\\/uploads\\\/2024\\\/10\\\/Freedom24_Bild1_ps.jpg\",\"datePublished\":\"2024-10-29T05:58:08+00:00\",\"dateModified\":\"2024-11-07T10:08:43+00:00\",\"description\":\"Naturkatastrophen haben weniger gravierende Auswirkungen auf Versicherungsgesellschaften als oft erwartet.\",\"breadcrumb\":{\"@id\":\"https:\\\/\\\/www.organisator.ch\\\/operational-excellence\\\/2024-10-29\\\/wie-wetterextreme-die-aktienmaerkte-beeinflussen\\\/#breadcrumb\"},\"inLanguage\":\"fr-FR\",\"potentialAction\":[{\"@type\":\"ReadAction\",\"target\":[\"https:\\\/\\\/www.organisator.ch\\\/operational-excellence\\\/2024-10-29\\\/wie-wetterextreme-die-aktienmaerkte-beeinflussen\\\/\"]}]},{\"@type\":\"ImageObject\",\"inLanguage\":\"fr-FR\",\"@id\":\"https:\\\/\\\/www.organisator.ch\\\/operational-excellence\\\/2024-10-29\\\/wie-wetterextreme-die-aktienmaerkte-beeinflussen\\\/#primaryimage\",\"url\":\"https:\\\/\\\/www.m-q.ch\\\/wp-content\\\/uploads\\\/2024\\\/10\\\/Freedom24_Bild1_ps.jpg\",\"contentUrl\":\"https:\\\/\\\/www.m-q.ch\\\/wp-content\\\/uploads\\\/2024\\\/10\\\/Freedom24_Bild1_ps.jpg\"},{\"@type\":\"BreadcrumbList\",\"@id\":\"https:\\\/\\\/www.organisator.ch\\\/operational-excellence\\\/2024-10-29\\\/wie-wetterextreme-die-aktienmaerkte-beeinflussen\\\/#breadcrumb\",\"itemListElement\":[{\"@type\":\"ListItem\",\"position\":1,\"name\":\"Home\",\"item\":\"https:\\\/\\\/www.organisator.ch\\\/\"},{\"@type\":\"ListItem\",\"position\":2,\"name\":\"Wie Wetterextreme die Aktienm\u00e4rkte beeinflussen\"}]},{\"@type\":\"WebSite\",\"@id\":\"https:\\\/\\\/www.organisator.ch\\\/#website\",\"url\":\"https:\\\/\\\/www.organisator.ch\\\/\",\"name\":\"Organisator\",\"description\":\"Kompetent. Praxisnah. Der ORGANISATOR bereitet in 10 Ausgaben pro Jahr die wesentlichen Themen f\u00fcr F\u00fchrungskr\u00e4fte von KMU auf.\",\"publisher\":{\"@id\":\"https:\\\/\\\/www.organisator.ch\\\/#organization\"},\"potentialAction\":[{\"@type\":\"SearchAction\",\"target\":{\"@type\":\"EntryPoint\",\"urlTemplate\":\"https:\\\/\\\/www.organisator.ch\\\/?s={search_term_string}\"},\"query-input\":{\"@type\":\"PropertyValueSpecification\",\"valueRequired\":true,\"valueName\":\"search_term_string\"}}],\"inLanguage\":\"fr-FR\"},{\"@type\":\"Organization\",\"@id\":\"https:\\\/\\\/www.organisator.ch\\\/#organization\",\"name\":\"Organisator\",\"url\":\"https:\\\/\\\/www.organisator.ch\\\/\",\"logo\":{\"@type\":\"ImageObject\",\"inLanguage\":\"fr-FR\",\"@id\":\"https:\\\/\\\/www.organisator.ch\\\/#\\\/schema\\\/logo\\\/image\\\/\",\"url\":\"https:\\\/\\\/www.organisator.ch\\\/wp-content\\\/uploads\\\/2022\\\/01\\\/Logo_Organisator_Website.png\",\"contentUrl\":\"https:\\\/\\\/www.organisator.ch\\\/wp-content\\\/uploads\\\/2022\\\/01\\\/Logo_Organisator_Website.png\",\"width\":800,\"height\":77,\"caption\":\"Organisator\"},\"image\":{\"@id\":\"https:\\\/\\\/www.organisator.ch\\\/#\\\/schema\\\/logo\\\/image\\\/\"},\"sameAs\":[\"https:\\\/\\\/www.facebook.com\\\/OrganisatorFachmagazin\",\"https:\\\/\\\/www.linkedin.com\\\/showcase\\\/organisator-das-magazin-fr-kmu\",\"https:\\\/\\\/www.xing.com\\\/news\\\/pages\\\/organisator-ch-695\",\"https:\\\/\\\/www.youtube.com\\\/channel\\\/UCGP2Sq0iWaZwT3BdIAQFYpw\"]},{\"@type\":\"Person\",\"@id\":\"https:\\\/\\\/www.organisator.ch\\\/#\\\/schema\\\/person\\\/2e1314a2172123f874db408d8911d3f3\",\"name\":\"Adelisa Kalajdzini\",\"image\":{\"@type\":\"ImageObject\",\"inLanguage\":\"fr-FR\",\"@id\":\"https:\\\/\\\/secure.gravatar.com\\\/avatar\\\/09a397c22ac58cad6f160ee8306348599df9df58a8ede73696226897b9fa4b24?s=96&d=mm&r=g\",\"url\":\"https:\\\/\\\/secure.gravatar.com\\\/avatar\\\/09a397c22ac58cad6f160ee8306348599df9df58a8ede73696226897b9fa4b24?s=96&d=mm&r=g\",\"contentUrl\":\"https:\\\/\\\/secure.gravatar.com\\\/avatar\\\/09a397c22ac58cad6f160ee8306348599df9df58a8ede73696226897b9fa4b24?s=96&d=mm&r=g\",\"caption\":\"Adelisa Kalajdzini\"},\"url\":\"https:\\\/\\\/www.organisator.ch\\\/fr\\\/author\\\/adelisa-kalajdzini\\\/\"}]}<\/script>\n<!-- \/ Yoast SEO plugin. -->","yoast_head_json":{"title":"Comment les ph\u00e9nom\u00e8nes m\u00e9t\u00e9orologiques extr\u00eames influencent les march\u00e9s boursiers - Organisateur","description":"Les catastrophes naturelles ont un impact moins grave sur les compagnies d'assurance que ce que l'on pense souvent.","robots":{"index":"index","follow":"follow","max-snippet":"max-snippet:-1","max-image-preview":"max-image-preview:large","max-video-preview":"max-video-preview:-1"},"canonical":"https:\/\/www.organisator.ch\/fr\/excellence-operationnelle\/2024-10-29\/wie-wetterextreme-die-aktienmaerkte-beeinflussen\/","og_locale":"fr_FR","og_type":"article","og_title":"Wie Wetterextreme die Aktienm\u00e4rkte beeinflussen - Organisator","og_description":"Naturkatastrophen haben weniger gravierende Auswirkungen auf Versicherungsgesellschaften als oft erwartet.","og_url":"https:\/\/www.organisator.ch\/fr\/excellence-operationnelle\/2024-10-29\/wie-wetterextreme-die-aktienmaerkte-beeinflussen\/","og_site_name":"Organisator","article_publisher":"https:\/\/www.facebook.com\/OrganisatorFachmagazin","article_published_time":"2024-10-29T05:58:08+00:00","article_modified_time":"2024-11-07T10:08:43+00:00","og_image":[{"url":"https:\/\/www.m-q.ch\/wp-content\/uploads\/2024\/10\/Freedom24_Bild1_ps.jpg","type":"","width":"","height":""}],"author":"Adelisa Kalajdzini","twitter_card":"summary_large_image","schema":{"@context":"https:\/\/schema.org","@graph":[{"@type":"Article","@id":"https:\/\/www.organisator.ch\/operational-excellence\/2024-10-29\/wie-wetterextreme-die-aktienmaerkte-beeinflussen\/#article","isPartOf":{"@id":"https:\/\/www.organisator.ch\/operational-excellence\/2024-10-29\/wie-wetterextreme-die-aktienmaerkte-beeinflussen\/"},"author":{"name":"Adelisa Kalajdzini","@id":"https:\/\/www.organisator.ch\/#\/schema\/person\/2e1314a2172123f874db408d8911d3f3"},"headline":"Wie Wetterextreme die Aktienm\u00e4rkte beeinflussen","datePublished":"2024-10-29T05:58:08+00:00","dateModified":"2024-11-07T10:08:43+00:00","mainEntityOfPage":{"@id":"https:\/\/www.organisator.ch\/operational-excellence\/2024-10-29\/wie-wetterextreme-die-aktienmaerkte-beeinflussen\/"},"wordCount":650,"publisher":{"@id":"https:\/\/www.organisator.ch\/#organization"},"image":{"@id":"https:\/\/www.organisator.ch\/operational-excellence\/2024-10-29\/wie-wetterextreme-die-aktienmaerkte-beeinflussen\/#primaryimage"},"thumbnailUrl":"https:\/\/www.m-q.ch\/wp-content\/uploads\/2024\/10\/Freedom24_Bild1_ps.jpg","keywords":["Aktienm\u00e4rkte","Risikomanagement","Unternehmen","Wetterextreme"],"articleSection":["OPERATIONAL EXCELLENCE"],"inLanguage":"fr-FR"},{"@type":"WebPage","@id":"https:\/\/www.organisator.ch\/operational-excellence\/2024-10-29\/wie-wetterextreme-die-aktienmaerkte-beeinflussen\/","url":"https:\/\/www.organisator.ch\/operational-excellence\/2024-10-29\/wie-wetterextreme-die-aktienmaerkte-beeinflussen\/","name":"Comment les ph\u00e9nom\u00e8nes m\u00e9t\u00e9orologiques extr\u00eames influencent les march\u00e9s boursiers - Organisateur","isPartOf":{"@id":"https:\/\/www.organisator.ch\/#website"},"primaryImageOfPage":{"@id":"https:\/\/www.organisator.ch\/operational-excellence\/2024-10-29\/wie-wetterextreme-die-aktienmaerkte-beeinflussen\/#primaryimage"},"image":{"@id":"https:\/\/www.organisator.ch\/operational-excellence\/2024-10-29\/wie-wetterextreme-die-aktienmaerkte-beeinflussen\/#primaryimage"},"thumbnailUrl":"https:\/\/www.m-q.ch\/wp-content\/uploads\/2024\/10\/Freedom24_Bild1_ps.jpg","datePublished":"2024-10-29T05:58:08+00:00","dateModified":"2024-11-07T10:08:43+00:00","description":"Les catastrophes naturelles ont un impact moins grave sur les compagnies d'assurance que ce que l'on pense souvent.","breadcrumb":{"@id":"https:\/\/www.organisator.ch\/operational-excellence\/2024-10-29\/wie-wetterextreme-die-aktienmaerkte-beeinflussen\/#breadcrumb"},"inLanguage":"fr-FR","potentialAction":[{"@type":"ReadAction","target":["https:\/\/www.organisator.ch\/operational-excellence\/2024-10-29\/wie-wetterextreme-die-aktienmaerkte-beeinflussen\/"]}]},{"@type":"ImageObject","inLanguage":"fr-FR","@id":"https:\/\/www.organisator.ch\/operational-excellence\/2024-10-29\/wie-wetterextreme-die-aktienmaerkte-beeinflussen\/#primaryimage","url":"https:\/\/www.m-q.ch\/wp-content\/uploads\/2024\/10\/Freedom24_Bild1_ps.jpg","contentUrl":"https:\/\/www.m-q.ch\/wp-content\/uploads\/2024\/10\/Freedom24_Bild1_ps.jpg"},{"@type":"BreadcrumbList","@id":"https:\/\/www.organisator.ch\/operational-excellence\/2024-10-29\/wie-wetterextreme-die-aktienmaerkte-beeinflussen\/#breadcrumb","itemListElement":[{"@type":"ListItem","position":1,"name":"Home","item":"https:\/\/www.organisator.ch\/"},{"@type":"ListItem","position":2,"name":"Wie Wetterextreme die Aktienm\u00e4rkte beeinflussen"}]},{"@type":"WebSite","@id":"https:\/\/www.organisator.ch\/#website","url":"https:\/\/www.organisator.ch\/","name":"Organisateur","description":"Comp\u00e9tence et comp\u00e9tence. Proches de la pratique. L'ORGANISATEUR pr\u00e9pare 10 num\u00e9ros par an sur les th\u00e8mes essentiels pour les dirigeants de PME.","publisher":{"@id":"https:\/\/www.organisator.ch\/#organization"},"potentialAction":[{"@type":"SearchAction","target":{"@type":"EntryPoint","urlTemplate":"https:\/\/www.organisator.ch\/?s={search_term_string}"},"query-input":{"@type":"PropertyValueSpecification","valueRequired":true,"valueName":"search_term_string"}}],"inLanguage":"fr-FR"},{"@type":"Organization","@id":"https:\/\/www.organisator.ch\/#organization","name":"Organisateur","url":"https:\/\/www.organisator.ch\/","logo":{"@type":"ImageObject","inLanguage":"fr-FR","@id":"https:\/\/www.organisator.ch\/#\/schema\/logo\/image\/","url":"https:\/\/www.organisator.ch\/wp-content\/uploads\/2022\/01\/Logo_Organisator_Website.png","contentUrl":"https:\/\/www.organisator.ch\/wp-content\/uploads\/2022\/01\/Logo_Organisator_Website.png","width":800,"height":77,"caption":"Organisator"},"image":{"@id":"https:\/\/www.organisator.ch\/#\/schema\/logo\/image\/"},"sameAs":["https:\/\/www.facebook.com\/OrganisatorFachmagazin","https:\/\/www.linkedin.com\/showcase\/organisator-das-magazin-fr-kmu","https:\/\/www.xing.com\/news\/pages\/organisator-ch-695","https:\/\/www.youtube.com\/channel\/UCGP2Sq0iWaZwT3BdIAQFYpw"]},{"@type":"Person","@id":"https:\/\/www.organisator.ch\/#\/schema\/person\/2e1314a2172123f874db408d8911d3f3","name":"Adelisa Kalajdzini","image":{"@type":"ImageObject","inLanguage":"fr-FR","@id":"https:\/\/secure.gravatar.com\/avatar\/09a397c22ac58cad6f160ee8306348599df9df58a8ede73696226897b9fa4b24?s=96&d=mm&r=g","url":"https:\/\/secure.gravatar.com\/avatar\/09a397c22ac58cad6f160ee8306348599df9df58a8ede73696226897b9fa4b24?s=96&d=mm&r=g","contentUrl":"https:\/\/secure.gravatar.com\/avatar\/09a397c22ac58cad6f160ee8306348599df9df58a8ede73696226897b9fa4b24?s=96&d=mm&r=g","caption":"Adelisa Kalajdzini"},"url":"https:\/\/www.organisator.ch\/fr\/author\/adelisa-kalajdzini\/"}]}},"_links":{"self":[{"href":"https:\/\/www.organisator.ch\/fr\/wp-json\/wp\/v2\/posts\/31315","targetHints":{"allow":["GET"]}}],"collection":[{"href":"https:\/\/www.organisator.ch\/fr\/wp-json\/wp\/v2\/posts"}],"about":[{"href":"https:\/\/www.organisator.ch\/fr\/wp-json\/wp\/v2\/types\/post"}],"author":[{"embeddable":true,"href":"https:\/\/www.organisator.ch\/fr\/wp-json\/wp\/v2\/users\/58"}],"replies":[{"embeddable":true,"href":"https:\/\/www.organisator.ch\/fr\/wp-json\/wp\/v2\/comments?post=31315"}],"version-history":[{"count":5,"href":"https:\/\/www.organisator.ch\/fr\/wp-json\/wp\/v2\/posts\/31315\/revisions"}],"predecessor-version":[{"id":31704,"href":"https:\/\/www.organisator.ch\/fr\/wp-json\/wp\/v2\/posts\/31315\/revisions\/31704"}],"wp:attachment":[{"href":"https:\/\/www.organisator.ch\/fr\/wp-json\/wp\/v2\/media?parent=31315"}],"wp:term":[{"taxonomy":"category","embeddable":true,"href":"https:\/\/www.organisator.ch\/fr\/wp-json\/wp\/v2\/categories?post=31315"},{"taxonomy":"post_tag","embeddable":true,"href":"https:\/\/www.organisator.ch\/fr\/wp-json\/wp\/v2\/tags?post=31315"}],"curies":[{"name":"wp","href":"https:\/\/api.w.org\/{rel}","templated":true}]}}