{"id":31321,"date":"2024-10-29T09:20:07","date_gmt":"2024-10-29T08:20:07","guid":{"rendered":"https:\/\/www.organisator.ch\/?p=31321"},"modified":"2024-10-29T09:20:07","modified_gmt":"2024-10-29T08:20:07","slug":"85-delegiertenversammlung-von-swissmechanic-schweiz","status":"publish","type":"post","link":"https:\/\/www.organisator.ch\/fr\/management\/2024-10-29\/85-delegiertenversammlung-von-swissmechanic-schweiz\/","title":{"rendered":"85e assembl\u00e9e des d\u00e9l\u00e9gu\u00e9s de Swissmechanic Suisse"},"content":{"rendered":"<figure id=\"attachment_31322\" aria-describedby=\"caption-attachment-31322\" style=\"width: 680px\" class=\"wp-caption alignnone\"><img loading=\"lazy\" decoding=\"async\" class=\"size-full wp-image-31322\" src=\"https:\/\/www.organisator.ch\/wp-content\/uploads\/2024\/10\/Swissmehcanic_Bild1_ps.jpg\" alt=\"\" width=\"680\" height=\"382\" srcset=\"https:\/\/www.organisator.ch\/wp-content\/uploads\/2024\/10\/Swissmehcanic_Bild1_ps.jpg 680w, https:\/\/www.organisator.ch\/wp-content\/uploads\/2024\/10\/Swissmehcanic_Bild1_ps-18x10.jpg 18w, https:\/\/www.organisator.ch\/wp-content\/uploads\/2024\/10\/Swissmehcanic_Bild1_ps-375x211.jpg 375w, https:\/\/www.organisator.ch\/wp-content\/uploads\/2024\/10\/Swissmehcanic_Bild1_ps-623x350.jpg 623w\" sizes=\"auto, (max-width: 680px) 100vw, 680px\" \/><figcaption id=\"caption-attachment-31322\" class=\"wp-caption-text\">La 85e assembl\u00e9e des d\u00e9l\u00e9gu\u00e9s de Swissmechanic Suisse a eu lieu le 26 octobre 2024. (Image : www.swissmechanic.ch)<\/figcaption><\/figure>\n<p>Le 26 octobre 2024, la 85e assembl\u00e9e des d\u00e9l\u00e9gu\u00e9s de Swissmechanic Suisse, l'association agile des PME de l'industrie MEM, s'est tenue \u00e0 la Kartause Ittingen (TG). Au cours de ses 85 ans d'existence, l'association a connu une forte croissance et a \u00e9volu\u00e9 au rythme de la technique. Mais les valeurs fondamentales sont rest\u00e9es les m\u00eames.<\/p>\n<p>Depuis 2022, le pr\u00e9sident Nicola Roberto Tettamanti dirige Swissmechanic avec agilit\u00e9 et en r\u00e9seau vers l'avenir. Face aux nombreux d\u00e9fis, notamment la p\u00e9nurie de main-d'\u0153uvre qualifi\u00e9e et la succession des entreprises, le pr\u00e9sident a soulign\u00e9 : \"Nous avons tous le m\u00eame objectif : assurer notre place industrielle en Suisse\".<\/p>\n<p>Un th\u00e8me central a \u00e9t\u00e9 et reste la formation professionnelle et son d\u00e9veloppement dans le cadre de la r\u00e9vision des professions en cours, dont la phase de pr\u00e9paration op\u00e9rationnelle s'ach\u00e8ve cette ann\u00e9e. Elle garantira que la formation de base des huit professions MEM soit attrayante pour les jeunes, qu'elle soit orient\u00e9e vers l'avenir et qu'elle suive l'\u00e9volution technique rapide et r\u00e9ponde aux exigences des entreprises MEM.<\/p>\n<p>J\u00fcrg Marti, directeur de Swissmechanic Suisse, a expliqu\u00e9 : \"L'ann\u00e9e prochaine, il s'agira, dans le cadre de la r\u00e9vision de la profession, de pr\u00e9parer la mise en \u0153uvre pour le roll-out de 2026 - et il est important \u00e0 cet \u00e9gard que la mise en \u0153uvre soit adapt\u00e9e aux PME et que nos PME puissent continuer \u00e0 former des apprentis de grande qualit\u00e9. Nous pourrons ainsi garantir que notre place industrielle reste comp\u00e9titive et que les r\u00e9gions \u00e9conomiques moins centrales disposent elles aussi d'une main-d'\u0153uvre qualifi\u00e9e et de PME fortes\".<\/p>\n<h3><strong>\u00c9lections <\/strong><\/h3>\n<p>Ueli Meyer et Hansruedi Graf, qui ont quitt\u00e9 le comit\u00e9 directeur de Swissmechanic, ont \u00e9t\u00e9 remerci\u00e9s pour leur grand engagement. Pascal Degen, pr\u00e9sident de la section des deux B\u00e2le et propri\u00e9taire et CEO de Dero AG, a \u00e9t\u00e9 nouvellement \u00e9lu au comit\u00e9 directeur.<\/p>\n<p>Jan Sutter, responsable de la formation chez Swissmechanic Soleure, et Patrick Schlenker, responsable de l'atelier m\u00e9canique central du Biocentre de l'Universit\u00e9 de B\u00e2le, ont \u00e9t\u00e9 \u00e9lus nouveaux membres de la commission de formation initiale.<\/p>\n<p>Les d\u00e9l\u00e9gu\u00e9s ont confirm\u00e9 Daniel Arn, Christoph N\u00e4geli, Christian Gerlach et Matthias Zurbuchen comme membres de la commission de formation continue. Roger Portmann, responsable de la fili\u00e8re de formation au centre de formation continue (wbz) de Lenzbourg et Fr\u00e9d\u00e9ric Grand ont \u00e9t\u00e9 nouvellement \u00e9lus dans cette commission,<\/p>\n<p>Enseignant au Centre Valaisan de Perfectionnement Continu (CVPC). Dominik Spycher, responsable de la formation professionnelle continue au Bildungszentrum f\u00fcr Technik (BZT) de Frauenfeld, s'engage d\u00e9sormais en tant qu'invit\u00e9 dans la commission de formation continue.<\/p>\n<h3><strong>Salutations et expos\u00e9 introductif <\/strong><\/h3>\n<p>Cette ann\u00e9e, Swissmechanic a eu le plaisir de recevoir les salutations de Peter B\u00fchler, pr\u00e9sident du Grand Conseil de Thurgovie, de Walter Sch\u00f6nholzer, pr\u00e9sident du gouvernement thurgovien, de Martin Hirzel, pr\u00e9sident de Swissmem, et d'Urs Furrer, directeur de l'Union suisse des arts et m\u00e9tiers. Christoph Schaltegger, directeur de l'Institut de politique \u00e9conomique suisse (IWP) \u00e0 l'Universit\u00e9 de Lucerne, a tenu un expos\u00e9 instructif sur le th\u00e8me des \u00e9conomies dans la politique f\u00e9d\u00e9rale.<\/p>\n<p><em>Source : <a href=\"http:\/\/www.swissmechanic.ch\">www.swissmechanic.ch<\/a><\/em><\/p>","protected":false},"excerpt":{"rendered":"<p>Lors de l'assembl\u00e9e des d\u00e9l\u00e9gu\u00e9s, Swissmechanic Suisse a r\u00e9affirm\u00e9 son engagement en faveur des pr\u00e9occupations des PME MEM suisses, notamment en ce qui concerne la formation initiale et la formation des adultes des professions MEM. Le comit\u00e9 ainsi que les commissions de formation de base et de formation continue ont accueilli de nouveaux membres.<\/p>","protected":false},"author":58,"featured_media":31322,"comment_status":"closed","ping_status":"closed","sticky":false,"template":"","format":"standard","meta":{"_acf_changed":false,"_yoast_wpseo_focuskw":"Delegiertenversammlung","_yoast_wpseo_metadesc":"An der Delegiertenversammlung bekr\u00e4ftigte Swissmechanic Schweiz sein Engagement f\u00fcr die Anliegen der Schweizer KMU-MEM.","articlekey":"","footnotes":""},"categories":[28],"tags":[4690,4406,334,3414,492],"class_list":["post-31321","post","type-post","status-publish","format-standard","has-post-thumbnail","hentry","category-management","tag-delegiertenversammlung","tag-kmu-mem","tag-management","tag-swissmechanic","tag-unternehmen"],"acf":[],"yoast_head":"<!-- This site is optimized with the Yoast SEO plugin v27.4 - https:\/\/yoast.com\/product\/yoast-seo-wordpress\/ -->\n<title>85. Delegiertenversammlung von Swissmechanic Schweiz - Organisator<\/title>\n<meta name=\"description\" content=\"An der Delegiertenversammlung bekr\u00e4ftigte Swissmechanic Schweiz sein Engagement f\u00fcr die Anliegen der Schweizer KMU-MEM.\" \/>\n<meta name=\"robots\" content=\"index, follow, max-snippet:-1, max-image-preview:large, max-video-preview:-1\" \/>\n<link rel=\"canonical\" href=\"https:\/\/www.organisator.ch\/fr\/gestion-2\/2024-10-29\/85-delegiertenversammlung-von-swissmechanic-schweiz\/\" \/>\n<meta property=\"og:locale\" content=\"fr_FR\" \/>\n<meta property=\"og:type\" content=\"article\" \/>\n<meta property=\"og:title\" content=\"85. Delegiertenversammlung von Swissmechanic Schweiz\" \/>\n<meta property=\"og:description\" content=\"An der Delegiertenversammlung bekr\u00e4ftigte Swissmechanic Schweiz sein Engagement f\u00fcr die Anliegen der Schweizer KMU-MEM.\" \/>\n<meta property=\"og:url\" content=\"https:\/\/www.organisator.ch\/fr\/gestion-2\/2024-10-29\/85-delegiertenversammlung-von-swissmechanic-schweiz\/\" \/>\n<meta property=\"og:site_name\" content=\"Organisator\" \/>\n<meta property=\"article:publisher\" content=\"https:\/\/www.facebook.com\/OrganisatorFachmagazin\" \/>\n<meta property=\"article:published_time\" content=\"2024-10-29T08:20:07+00:00\" \/>\n<meta property=\"og:image\" content=\"https:\/\/www.organisator.ch\/wp-content\/uploads\/2024\/10\/Swissmehcanic_Bild1_ps.jpg\" \/>\n\t<meta property=\"og:image:width\" content=\"680\" \/>\n\t<meta property=\"og:image:height\" content=\"382\" \/>\n\t<meta property=\"og:image:type\" content=\"image\/jpeg\" \/>\n<meta name=\"author\" content=\"Adelisa Kalajdzini\" \/>\n<meta name=\"twitter:card\" content=\"summary_large_image\" \/>\n<meta name=\"twitter:title\" content=\"85. Delegiertenversammlung von Swissmechanic Schweiz\" \/>\n<meta name=\"twitter:description\" content=\"An der #Delegiertenversammlung bekr\u00e4ftigte #Swissmechanic #Schweiz sein #Engagement f\u00fcr die #Anliegen der Schweizer #KMU-MEM.\" \/>\n<meta name=\"twitter:image\" content=\"https:\/\/www.organisator.ch\/wp-content\/uploads\/2024\/10\/Swissmehcanic_Bild1_ps.jpg\" \/>\n<script type=\"application\/ld+json\" class=\"yoast-schema-graph\">{\"@context\":\"https:\\\/\\\/schema.org\",\"@graph\":[{\"@type\":\"Article\",\"@id\":\"https:\\\/\\\/www.organisator.ch\\\/management\\\/2024-10-29\\\/85-delegiertenversammlung-von-swissmechanic-schweiz\\\/#article\",\"isPartOf\":{\"@id\":\"https:\\\/\\\/www.organisator.ch\\\/management\\\/2024-10-29\\\/85-delegiertenversammlung-von-swissmechanic-schweiz\\\/\"},\"author\":{\"name\":\"Adelisa Kalajdzini\",\"@id\":\"https:\\\/\\\/www.organisator.ch\\\/#\\\/schema\\\/person\\\/2e1314a2172123f874db408d8911d3f3\"},\"headline\":\"85. Delegiertenversammlung von Swissmechanic Schweiz\",\"datePublished\":\"2024-10-29T08:20:07+00:00\",\"mainEntityOfPage\":{\"@id\":\"https:\\\/\\\/www.organisator.ch\\\/management\\\/2024-10-29\\\/85-delegiertenversammlung-von-swissmechanic-schweiz\\\/\"},\"wordCount\":441,\"publisher\":{\"@id\":\"https:\\\/\\\/www.organisator.ch\\\/#organization\"},\"image\":{\"@id\":\"https:\\\/\\\/www.organisator.ch\\\/management\\\/2024-10-29\\\/85-delegiertenversammlung-von-swissmechanic-schweiz\\\/#primaryimage\"},\"thumbnailUrl\":\"https:\\\/\\\/www.organisator.ch\\\/wp-content\\\/uploads\\\/2024\\\/10\\\/Swissmehcanic_Bild1_ps.jpg\",\"keywords\":[\"Delegiertenversammlung\",\"KMU-MEM\",\"Management\",\"Swissmechanic\",\"Unternehmen\"],\"articleSection\":[\"MANAGEMENT\"],\"inLanguage\":\"fr-FR\"},{\"@type\":\"WebPage\",\"@id\":\"https:\\\/\\\/www.organisator.ch\\\/management\\\/2024-10-29\\\/85-delegiertenversammlung-von-swissmechanic-schweiz\\\/\",\"url\":\"https:\\\/\\\/www.organisator.ch\\\/management\\\/2024-10-29\\\/85-delegiertenversammlung-von-swissmechanic-schweiz\\\/\",\"name\":\"85. Delegiertenversammlung von Swissmechanic Schweiz - Organisator\",\"isPartOf\":{\"@id\":\"https:\\\/\\\/www.organisator.ch\\\/#website\"},\"primaryImageOfPage\":{\"@id\":\"https:\\\/\\\/www.organisator.ch\\\/management\\\/2024-10-29\\\/85-delegiertenversammlung-von-swissmechanic-schweiz\\\/#primaryimage\"},\"image\":{\"@id\":\"https:\\\/\\\/www.organisator.ch\\\/management\\\/2024-10-29\\\/85-delegiertenversammlung-von-swissmechanic-schweiz\\\/#primaryimage\"},\"thumbnailUrl\":\"https:\\\/\\\/www.organisator.ch\\\/wp-content\\\/uploads\\\/2024\\\/10\\\/Swissmehcanic_Bild1_ps.jpg\",\"datePublished\":\"2024-10-29T08:20:07+00:00\",\"description\":\"An der Delegiertenversammlung bekr\u00e4ftigte Swissmechanic Schweiz sein Engagement f\u00fcr die Anliegen der Schweizer KMU-MEM.\",\"breadcrumb\":{\"@id\":\"https:\\\/\\\/www.organisator.ch\\\/management\\\/2024-10-29\\\/85-delegiertenversammlung-von-swissmechanic-schweiz\\\/#breadcrumb\"},\"inLanguage\":\"fr-FR\",\"potentialAction\":[{\"@type\":\"ReadAction\",\"target\":[\"https:\\\/\\\/www.organisator.ch\\\/management\\\/2024-10-29\\\/85-delegiertenversammlung-von-swissmechanic-schweiz\\\/\"]}]},{\"@type\":\"ImageObject\",\"inLanguage\":\"fr-FR\",\"@id\":\"https:\\\/\\\/www.organisator.ch\\\/management\\\/2024-10-29\\\/85-delegiertenversammlung-von-swissmechanic-schweiz\\\/#primaryimage\",\"url\":\"https:\\\/\\\/www.organisator.ch\\\/wp-content\\\/uploads\\\/2024\\\/10\\\/Swissmehcanic_Bild1_ps.jpg\",\"contentUrl\":\"https:\\\/\\\/www.organisator.ch\\\/wp-content\\\/uploads\\\/2024\\\/10\\\/Swissmehcanic_Bild1_ps.jpg\",\"width\":680,\"height\":382,\"caption\":\"Am 26. Oktober 2024 fand die 85. Delegiertenversammlung von Swissmechanic Schweiz statt. (Bild: www.swissmechanic.ch)\"},{\"@type\":\"BreadcrumbList\",\"@id\":\"https:\\\/\\\/www.organisator.ch\\\/management\\\/2024-10-29\\\/85-delegiertenversammlung-von-swissmechanic-schweiz\\\/#breadcrumb\",\"itemListElement\":[{\"@type\":\"ListItem\",\"position\":1,\"name\":\"Home\",\"item\":\"https:\\\/\\\/www.organisator.ch\\\/\"},{\"@type\":\"ListItem\",\"position\":2,\"name\":\"85. Delegiertenversammlung von Swissmechanic Schweiz\"}]},{\"@type\":\"WebSite\",\"@id\":\"https:\\\/\\\/www.organisator.ch\\\/#website\",\"url\":\"https:\\\/\\\/www.organisator.ch\\\/\",\"name\":\"Organisator\",\"description\":\"Kompetent. Praxisnah. Der ORGANISATOR bereitet in 10 Ausgaben pro Jahr die wesentlichen Themen f\u00fcr F\u00fchrungskr\u00e4fte von KMU auf.\",\"publisher\":{\"@id\":\"https:\\\/\\\/www.organisator.ch\\\/#organization\"},\"potentialAction\":[{\"@type\":\"SearchAction\",\"target\":{\"@type\":\"EntryPoint\",\"urlTemplate\":\"https:\\\/\\\/www.organisator.ch\\\/?s={search_term_string}\"},\"query-input\":{\"@type\":\"PropertyValueSpecification\",\"valueRequired\":true,\"valueName\":\"search_term_string\"}}],\"inLanguage\":\"fr-FR\"},{\"@type\":\"Organization\",\"@id\":\"https:\\\/\\\/www.organisator.ch\\\/#organization\",\"name\":\"Organisator\",\"url\":\"https:\\\/\\\/www.organisator.ch\\\/\",\"logo\":{\"@type\":\"ImageObject\",\"inLanguage\":\"fr-FR\",\"@id\":\"https:\\\/\\\/www.organisator.ch\\\/#\\\/schema\\\/logo\\\/image\\\/\",\"url\":\"https:\\\/\\\/www.organisator.ch\\\/wp-content\\\/uploads\\\/2022\\\/01\\\/Logo_Organisator_Website.png\",\"contentUrl\":\"https:\\\/\\\/www.organisator.ch\\\/wp-content\\\/uploads\\\/2022\\\/01\\\/Logo_Organisator_Website.png\",\"width\":800,\"height\":77,\"caption\":\"Organisator\"},\"image\":{\"@id\":\"https:\\\/\\\/www.organisator.ch\\\/#\\\/schema\\\/logo\\\/image\\\/\"},\"sameAs\":[\"https:\\\/\\\/www.facebook.com\\\/OrganisatorFachmagazin\",\"https:\\\/\\\/www.linkedin.com\\\/showcase\\\/organisator-das-magazin-fr-kmu\",\"https:\\\/\\\/www.xing.com\\\/news\\\/pages\\\/organisator-ch-695\",\"https:\\\/\\\/www.youtube.com\\\/channel\\\/UCGP2Sq0iWaZwT3BdIAQFYpw\"]},{\"@type\":\"Person\",\"@id\":\"https:\\\/\\\/www.organisator.ch\\\/#\\\/schema\\\/person\\\/2e1314a2172123f874db408d8911d3f3\",\"name\":\"Adelisa Kalajdzini\",\"image\":{\"@type\":\"ImageObject\",\"inLanguage\":\"fr-FR\",\"@id\":\"https:\\\/\\\/secure.gravatar.com\\\/avatar\\\/09a397c22ac58cad6f160ee8306348599df9df58a8ede73696226897b9fa4b24?s=96&d=mm&r=g\",\"url\":\"https:\\\/\\\/secure.gravatar.com\\\/avatar\\\/09a397c22ac58cad6f160ee8306348599df9df58a8ede73696226897b9fa4b24?s=96&d=mm&r=g\",\"contentUrl\":\"https:\\\/\\\/secure.gravatar.com\\\/avatar\\\/09a397c22ac58cad6f160ee8306348599df9df58a8ede73696226897b9fa4b24?s=96&d=mm&r=g\",\"caption\":\"Adelisa Kalajdzini\"},\"url\":\"https:\\\/\\\/www.organisator.ch\\\/fr\\\/author\\\/adelisa-kalajdzini\\\/\"}]}<\/script>\n<!-- \/ Yoast SEO plugin. -->","yoast_head_json":{"title":"85e assembl\u00e9e des d\u00e9l\u00e9gu\u00e9s de Swissmechanic Suisse - Organisateur","description":"Lors de l'assembl\u00e9e des d\u00e9l\u00e9gu\u00e9s, Swissmechanic Suisse a r\u00e9affirm\u00e9 son engagement en faveur des pr\u00e9occupations des PME-MEM suisses.","robots":{"index":"index","follow":"follow","max-snippet":"max-snippet:-1","max-image-preview":"max-image-preview:large","max-video-preview":"max-video-preview:-1"},"canonical":"https:\/\/www.organisator.ch\/fr\/gestion-2\/2024-10-29\/85-delegiertenversammlung-von-swissmechanic-schweiz\/","og_locale":"fr_FR","og_type":"article","og_title":"85. Delegiertenversammlung von Swissmechanic Schweiz","og_description":"An der Delegiertenversammlung bekr\u00e4ftigte Swissmechanic Schweiz sein Engagement f\u00fcr die Anliegen der Schweizer KMU-MEM.","og_url":"https:\/\/www.organisator.ch\/fr\/gestion-2\/2024-10-29\/85-delegiertenversammlung-von-swissmechanic-schweiz\/","og_site_name":"Organisator","article_publisher":"https:\/\/www.facebook.com\/OrganisatorFachmagazin","article_published_time":"2024-10-29T08:20:07+00:00","og_image":[{"width":680,"height":382,"url":"https:\/\/www.organisator.ch\/wp-content\/uploads\/2024\/10\/Swissmehcanic_Bild1_ps.jpg","type":"image\/jpeg"}],"author":"Adelisa Kalajdzini","twitter_card":"summary_large_image","twitter_title":"85. Delegiertenversammlung von Swissmechanic Schweiz","twitter_description":"An der #Delegiertenversammlung bekr\u00e4ftigte #Swissmechanic #Schweiz sein #Engagement f\u00fcr die #Anliegen der Schweizer #KMU-MEM.","twitter_image":"https:\/\/www.organisator.ch\/wp-content\/uploads\/2024\/10\/Swissmehcanic_Bild1_ps.jpg","schema":{"@context":"https:\/\/schema.org","@graph":[{"@type":"Article","@id":"https:\/\/www.organisator.ch\/management\/2024-10-29\/85-delegiertenversammlung-von-swissmechanic-schweiz\/#article","isPartOf":{"@id":"https:\/\/www.organisator.ch\/management\/2024-10-29\/85-delegiertenversammlung-von-swissmechanic-schweiz\/"},"author":{"name":"Adelisa Kalajdzini","@id":"https:\/\/www.organisator.ch\/#\/schema\/person\/2e1314a2172123f874db408d8911d3f3"},"headline":"85. Delegiertenversammlung von Swissmechanic Schweiz","datePublished":"2024-10-29T08:20:07+00:00","mainEntityOfPage":{"@id":"https:\/\/www.organisator.ch\/management\/2024-10-29\/85-delegiertenversammlung-von-swissmechanic-schweiz\/"},"wordCount":441,"publisher":{"@id":"https:\/\/www.organisator.ch\/#organization"},"image":{"@id":"https:\/\/www.organisator.ch\/management\/2024-10-29\/85-delegiertenversammlung-von-swissmechanic-schweiz\/#primaryimage"},"thumbnailUrl":"https:\/\/www.organisator.ch\/wp-content\/uploads\/2024\/10\/Swissmehcanic_Bild1_ps.jpg","keywords":["Delegiertenversammlung","KMU-MEM","Management","Swissmechanic","Unternehmen"],"articleSection":["MANAGEMENT"],"inLanguage":"fr-FR"},{"@type":"WebPage","@id":"https:\/\/www.organisator.ch\/management\/2024-10-29\/85-delegiertenversammlung-von-swissmechanic-schweiz\/","url":"https:\/\/www.organisator.ch\/management\/2024-10-29\/85-delegiertenversammlung-von-swissmechanic-schweiz\/","name":"85e assembl\u00e9e des d\u00e9l\u00e9gu\u00e9s de Swissmechanic Suisse - Organisateur","isPartOf":{"@id":"https:\/\/www.organisator.ch\/#website"},"primaryImageOfPage":{"@id":"https:\/\/www.organisator.ch\/management\/2024-10-29\/85-delegiertenversammlung-von-swissmechanic-schweiz\/#primaryimage"},"image":{"@id":"https:\/\/www.organisator.ch\/management\/2024-10-29\/85-delegiertenversammlung-von-swissmechanic-schweiz\/#primaryimage"},"thumbnailUrl":"https:\/\/www.organisator.ch\/wp-content\/uploads\/2024\/10\/Swissmehcanic_Bild1_ps.jpg","datePublished":"2024-10-29T08:20:07+00:00","description":"Lors de l'assembl\u00e9e des d\u00e9l\u00e9gu\u00e9s, Swissmechanic Suisse a r\u00e9affirm\u00e9 son engagement en faveur des pr\u00e9occupations des PME-MEM suisses.","breadcrumb":{"@id":"https:\/\/www.organisator.ch\/management\/2024-10-29\/85-delegiertenversammlung-von-swissmechanic-schweiz\/#breadcrumb"},"inLanguage":"fr-FR","potentialAction":[{"@type":"ReadAction","target":["https:\/\/www.organisator.ch\/management\/2024-10-29\/85-delegiertenversammlung-von-swissmechanic-schweiz\/"]}]},{"@type":"ImageObject","inLanguage":"fr-FR","@id":"https:\/\/www.organisator.ch\/management\/2024-10-29\/85-delegiertenversammlung-von-swissmechanic-schweiz\/#primaryimage","url":"https:\/\/www.organisator.ch\/wp-content\/uploads\/2024\/10\/Swissmehcanic_Bild1_ps.jpg","contentUrl":"https:\/\/www.organisator.ch\/wp-content\/uploads\/2024\/10\/Swissmehcanic_Bild1_ps.jpg","width":680,"height":382,"caption":"Am 26. Oktober 2024 fand die 85. Delegiertenversammlung von Swissmechanic Schweiz statt. (Bild: www.swissmechanic.ch)"},{"@type":"BreadcrumbList","@id":"https:\/\/www.organisator.ch\/management\/2024-10-29\/85-delegiertenversammlung-von-swissmechanic-schweiz\/#breadcrumb","itemListElement":[{"@type":"ListItem","position":1,"name":"Home","item":"https:\/\/www.organisator.ch\/"},{"@type":"ListItem","position":2,"name":"85. Delegiertenversammlung von Swissmechanic Schweiz"}]},{"@type":"WebSite","@id":"https:\/\/www.organisator.ch\/#website","url":"https:\/\/www.organisator.ch\/","name":"Organisateur","description":"Comp\u00e9tence et comp\u00e9tence. Proches de la pratique. L'ORGANISATEUR pr\u00e9pare 10 num\u00e9ros par an sur les th\u00e8mes essentiels pour les dirigeants de PME.","publisher":{"@id":"https:\/\/www.organisator.ch\/#organization"},"potentialAction":[{"@type":"SearchAction","target":{"@type":"EntryPoint","urlTemplate":"https:\/\/www.organisator.ch\/?s={search_term_string}"},"query-input":{"@type":"PropertyValueSpecification","valueRequired":true,"valueName":"search_term_string"}}],"inLanguage":"fr-FR"},{"@type":"Organization","@id":"https:\/\/www.organisator.ch\/#organization","name":"Organisateur","url":"https:\/\/www.organisator.ch\/","logo":{"@type":"ImageObject","inLanguage":"fr-FR","@id":"https:\/\/www.organisator.ch\/#\/schema\/logo\/image\/","url":"https:\/\/www.organisator.ch\/wp-content\/uploads\/2022\/01\/Logo_Organisator_Website.png","contentUrl":"https:\/\/www.organisator.ch\/wp-content\/uploads\/2022\/01\/Logo_Organisator_Website.png","width":800,"height":77,"caption":"Organisator"},"image":{"@id":"https:\/\/www.organisator.ch\/#\/schema\/logo\/image\/"},"sameAs":["https:\/\/www.facebook.com\/OrganisatorFachmagazin","https:\/\/www.linkedin.com\/showcase\/organisator-das-magazin-fr-kmu","https:\/\/www.xing.com\/news\/pages\/organisator-ch-695","https:\/\/www.youtube.com\/channel\/UCGP2Sq0iWaZwT3BdIAQFYpw"]},{"@type":"Person","@id":"https:\/\/www.organisator.ch\/#\/schema\/person\/2e1314a2172123f874db408d8911d3f3","name":"Adelisa Kalajdzini","image":{"@type":"ImageObject","inLanguage":"fr-FR","@id":"https:\/\/secure.gravatar.com\/avatar\/09a397c22ac58cad6f160ee8306348599df9df58a8ede73696226897b9fa4b24?s=96&d=mm&r=g","url":"https:\/\/secure.gravatar.com\/avatar\/09a397c22ac58cad6f160ee8306348599df9df58a8ede73696226897b9fa4b24?s=96&d=mm&r=g","contentUrl":"https:\/\/secure.gravatar.com\/avatar\/09a397c22ac58cad6f160ee8306348599df9df58a8ede73696226897b9fa4b24?s=96&d=mm&r=g","caption":"Adelisa Kalajdzini"},"url":"https:\/\/www.organisator.ch\/fr\/author\/adelisa-kalajdzini\/"}]}},"_links":{"self":[{"href":"https:\/\/www.organisator.ch\/fr\/wp-json\/wp\/v2\/posts\/31321","targetHints":{"allow":["GET"]}}],"collection":[{"href":"https:\/\/www.organisator.ch\/fr\/wp-json\/wp\/v2\/posts"}],"about":[{"href":"https:\/\/www.organisator.ch\/fr\/wp-json\/wp\/v2\/types\/post"}],"author":[{"embeddable":true,"href":"https:\/\/www.organisator.ch\/fr\/wp-json\/wp\/v2\/users\/58"}],"replies":[{"embeddable":true,"href":"https:\/\/www.organisator.ch\/fr\/wp-json\/wp\/v2\/comments?post=31321"}],"version-history":[{"count":2,"href":"https:\/\/www.organisator.ch\/fr\/wp-json\/wp\/v2\/posts\/31321\/revisions"}],"predecessor-version":[{"id":31354,"href":"https:\/\/www.organisator.ch\/fr\/wp-json\/wp\/v2\/posts\/31321\/revisions\/31354"}],"wp:featuredmedia":[{"embeddable":true,"href":"https:\/\/www.organisator.ch\/fr\/wp-json\/wp\/v2\/media\/31322"}],"wp:attachment":[{"href":"https:\/\/www.organisator.ch\/fr\/wp-json\/wp\/v2\/media?parent=31321"}],"wp:term":[{"taxonomy":"category","embeddable":true,"href":"https:\/\/www.organisator.ch\/fr\/wp-json\/wp\/v2\/categories?post=31321"},{"taxonomy":"post_tag","embeddable":true,"href":"https:\/\/www.organisator.ch\/fr\/wp-json\/wp\/v2\/tags?post=31321"}],"curies":[{"name":"wp","href":"https:\/\/api.w.org\/{rel}","templated":true}]}}