{"id":31324,"date":"2024-10-29T08:55:18","date_gmt":"2024-10-29T07:55:18","guid":{"rendered":"https:\/\/www.markt-kom.com\/?p=225690"},"modified":"2024-11-07T11:06:29","modified_gmt":"2024-11-07T10:06:29","slug":"neue-karrierechancen-hwz-bietet-ab-herbst-2025-major-vertiefungen-fuer-bachelor-studierende","status":"publish","type":"post","link":"https:\/\/www.organisator.ch\/fr\/marketing\/2024-10-29\/neue-karrierechancen-hwz-bietet-ab-herbst-2025-major-vertiefungen-fuer-bachelor-studierende\/","title":{"rendered":"Nouvelles opportunit\u00e9s de carri\u00e8re : la HWZ propose des sp\u00e9cialisations majeures pour les \u00e9tudiants en bachelor \u00e0 partir de l'automne 2025"},"content":{"rendered":"<figure id=\"attachment_225692\" class=\"wp-caption alignnone\" style=\"width: 978px\" aria-describedby=\"caption-attachment-225692\"><a href=\"https:\/\/www.markt-kom.com\/wp-content\/uploads\/2024\/10\/Bildschirmfoto-2024-10-29-um-08.53.25.png\"><img class=\"alignnone wp-image-225692 size-full\" src=\"https:\/\/www.markt-kom.com\/wp-content\/uploads\/2024\/10\/Bildschirmfoto-2024-10-29-um-08.53.25.png\" alt=\"HWZ\" width=\"978\" height=\"652\" \/><\/a>\r\n<figcaption id=\"caption-attachment-225692\" class=\"wp-caption-text\">Helen Irniger, responsable de la fili\u00e8re Major-Programme Bachelor HWZ, et Urs J\u00e4ckli, responsable du d\u00e9partement Formation HWZ<\/figcaption>\r\n<\/figure>\r\n<p>Avec l'introduction de sp\u00e9cialisations major suppl\u00e9mentaires, la <a href=\"https:\/\/fh-hwz.ch\/\" rel=\"noopener\">HWZ<\/a> offre \u00e0 ses \u00e9tudiants de bachelor la possibilit\u00e9 d'adapter l'orientation de leurs \u00e9tudes aux exigences actuelles du march\u00e9 du travail et \u00e0 leurs objectifs de carri\u00e8re personnels. \u00c0 partir de l'automne 2025, sept sp\u00e9cialisations orient\u00e9es vers la pratique, d\u00e9velopp\u00e9es en collaboration avec des sp\u00e9cialistes de l'\u00e9conomie et de la science, seront disponibles au choix. Les \u00e9tudiants des programmes de bachelor en \u00e9conomie d'entreprise, en communication d'entreprise et en Digital Business &amp; AI pourront ainsi mettre l'accent de mani\u00e8re cibl\u00e9e en derni\u00e8re ann\u00e9e d'\u00e9tudes et approfondir leurs qualifications dans des domaines tels que le marketing AI, le Sustainable Business Development ou les UX &amp; Data-Driven Organizations.<\/p>\r\n<p>Helen Irniger, qui dirige le programme Major de la HWZ, souligne l'importance de ces possibilit\u00e9s de choix : \"La quatri\u00e8me ann\u00e9e d'\u00e9tudes offre aux \u00e9tudiants la possibilit\u00e9 de se sp\u00e9cialiser dans la pratique en choisissant un Major et en r\u00e9digeant leur th\u00e8se de bachelor sur environ un tiers de leurs \u00e9tudes\". Urs J\u00e4ckli, directeur du d\u00e9partement Formation de la HWZ, ajoute : \"Notre objectif est de pr\u00e9parer de mani\u00e8re optimale les \u00e9tudiants en bachelor aux exigences dynamiques du march\u00e9 du travail\". Avec ce mod\u00e8le Major, la HWZ offre aux \u00e9tudiants une formation flexible et orient\u00e9e vers l'avenir, qui comprend \u00e0 la fois de larges bases de connaissances et des connaissances sp\u00e9cialis\u00e9es.<\/p>\r\n<h3 class=\"x_MsoNormal\"><b>L'offre r\u00e9vis\u00e9e de Major - th\u00e8mes et sp\u00e9cialisations<\/b><\/h3>\r\n<p class=\"x_MsoNormal\">Au cours de la derni\u00e8re ann\u00e9e d'\u00e9tudes du bachelor HWZ de huit semestres, les \u00e9tudiantes et \u00e9tudiants peuvent choisir parmi un large \u00e9ventail de sept sp\u00e9cialisations majeures :<\/p>\r\n<ul type=\"square\">\r\n\t<li class=\"x_MsoNormal\">Major AI Marketing, Sales \/ Psychologie \u00e9conomique<\/li>\r\n\t<li class=\"x_MsoNormal\"><span lang=\"EN-US\">Major Integrated Digital Business &amp; AI Management<\/span><\/li>\r\n\t<li class=\"x_MsoNormal\"><span lang=\"EN-US\">Major Consulting, Coaching, Leadership \/ Psychologie \u00e9conomique<\/span><\/li>\r\n\t<li class=\"x_MsoNormal\"><span lang=\"EN-US\">Major Sustainable Business Development &amp; Entrepreneurship (d\u00e9veloppement durable et entrepreneuriat)<\/span><\/li>\r\n\t<li class=\"x_MsoNormal\"><span lang=\"EN-US\">Major droit des affaires &amp; compliance<\/span><\/li>\r\n\t<li class=\"x_MsoNormal\"><span lang=\"EN-US\">Major Banking &amp; Finance<\/span><\/li>\r\n\t<li class=\"x_MsoNormal\"><span lang=\"EN-US\">Major UX &amp; Data-Driven Organizations (organisations ax\u00e9es sur les donn\u00e9es)<\/span><\/li>\r\n<\/ul>","protected":false},"excerpt":{"rendered":"<p>La HWZ \u00e9largit son offre d'\u00e9tudes : \u00e0 partir de l'automne 2025, les \u00e9tudiants en bachelor des fili\u00e8res \u00c9conomie d'entreprise, Business Communications et Digital Business &amp; AI pourront choisir parmi sept sp\u00e9cialisations majeures. Cette nouvelle offre permet une sp\u00e9cialisation cibl\u00e9e sur des secteurs d'avenir et des objectifs de carri\u00e8re individuels.<\/p>","protected":false},"author":8,"featured_media":0,"comment_status":"closed","ping_status":"closed","sticky":false,"template":"","format":"standard","meta":{"_acf_changed":false,"_yoast_wpseo_focuskw":"HWZ","_yoast_wpseo_metadesc":"Die HWZ bietet ab Herbst 2025 neue Major-Vertiefungen in praxisorientierten Bereichen f\u00fcr Bachelor-Studierende an.","articlekey":"","footnotes":""},"categories":[29],"tags":[4345,1382,4691],"class_list":["post-31324","post","type-post","status-publish","format-standard","hentry","category-marketing","tag-business","tag-hwz","tag-nachwuchstalente"],"acf":[],"yoast_head":"<!-- This site is optimized with the Yoast SEO plugin v27.4 - https:\/\/yoast.com\/product\/yoast-seo-wordpress\/ -->\n<title>Neue Karrierechancen: HWZ bietet ab Herbst 2025 Major-Vertiefungen f\u00fcr Bachelor-Studierende - Organisator<\/title>\n<meta name=\"description\" content=\"Die HWZ bietet ab Herbst 2025 neue Major-Vertiefungen in praxisorientierten Bereichen f\u00fcr Bachelor-Studierende an.\" \/>\n<meta name=\"robots\" content=\"index, follow, max-snippet:-1, max-image-preview:large, max-video-preview:-1\" \/>\n<link rel=\"canonical\" href=\"https:\/\/www.organisator.ch\/fr\/marketing\/2024-10-29\/neue-karrierechancen-hwz-bietet-ab-herbst-2025-major-vertiefungen-fuer-bachelor-studierende\/\" \/>\n<meta property=\"og:locale\" content=\"fr_FR\" \/>\n<meta property=\"og:type\" content=\"article\" \/>\n<meta property=\"og:title\" content=\"Neue Karrierechancen: HWZ bietet ab Herbst 2025 Major-Vertiefungen f\u00fcr Bachelor-Studierende - Organisator\" \/>\n<meta property=\"og:description\" content=\"Die HWZ bietet ab Herbst 2025 neue Major-Vertiefungen in praxisorientierten Bereichen f\u00fcr Bachelor-Studierende an.\" \/>\n<meta property=\"og:url\" content=\"https:\/\/www.organisator.ch\/fr\/marketing\/2024-10-29\/neue-karrierechancen-hwz-bietet-ab-herbst-2025-major-vertiefungen-fuer-bachelor-studierende\/\" \/>\n<meta property=\"og:site_name\" content=\"Organisator\" \/>\n<meta property=\"article:publisher\" content=\"https:\/\/www.facebook.com\/OrganisatorFachmagazin\" \/>\n<meta property=\"article:published_time\" content=\"2024-10-29T07:55:18+00:00\" \/>\n<meta property=\"article:modified_time\" content=\"2024-11-07T10:06:29+00:00\" \/>\n<meta property=\"og:image\" content=\"https:\/\/www.markt-kom.com\/wp-content\/uploads\/2024\/10\/Bildschirmfoto-2024-10-29-um-08.53.25.png\" \/>\n<meta name=\"author\" content=\"galledia\" \/>\n<meta name=\"twitter:card\" content=\"summary_large_image\" \/>\n<meta name=\"twitter:creator\" content=\"@admin\" \/>\n<script type=\"application\/ld+json\" class=\"yoast-schema-graph\">{\"@context\":\"https:\\\/\\\/schema.org\",\"@graph\":[{\"@type\":\"Article\",\"@id\":\"https:\\\/\\\/www.organisator.ch\\\/marketing\\\/2024-10-29\\\/neue-karrierechancen-hwz-bietet-ab-herbst-2025-major-vertiefungen-fuer-bachelor-studierende\\\/#article\",\"isPartOf\":{\"@id\":\"https:\\\/\\\/www.organisator.ch\\\/marketing\\\/2024-10-29\\\/neue-karrierechancen-hwz-bietet-ab-herbst-2025-major-vertiefungen-fuer-bachelor-studierende\\\/\"},\"author\":{\"name\":\"galledia\",\"@id\":\"https:\\\/\\\/www.organisator.ch\\\/#\\\/schema\\\/person\\\/4e51799071cd2dd1232ac003643ef5f0\"},\"headline\":\"Neue Karrierechancen: HWZ bietet ab Herbst 2025 Major-Vertiefungen f\u00fcr Bachelor-Studierende\",\"datePublished\":\"2024-10-29T07:55:18+00:00\",\"dateModified\":\"2024-11-07T10:06:29+00:00\",\"mainEntityOfPage\":{\"@id\":\"https:\\\/\\\/www.organisator.ch\\\/marketing\\\/2024-10-29\\\/neue-karrierechancen-hwz-bietet-ab-herbst-2025-major-vertiefungen-fuer-bachelor-studierende\\\/\"},\"wordCount\":256,\"publisher\":{\"@id\":\"https:\\\/\\\/www.organisator.ch\\\/#organization\"},\"image\":{\"@id\":\"https:\\\/\\\/www.organisator.ch\\\/marketing\\\/2024-10-29\\\/neue-karrierechancen-hwz-bietet-ab-herbst-2025-major-vertiefungen-fuer-bachelor-studierende\\\/#primaryimage\"},\"thumbnailUrl\":\"https:\\\/\\\/www.markt-kom.com\\\/wp-content\\\/uploads\\\/2024\\\/10\\\/Bildschirmfoto-2024-10-29-um-08.53.25.png\",\"keywords\":[\"Business\",\"HWZ\",\"Nachwuchstalente\"],\"articleSection\":[\"MARKETING\"],\"inLanguage\":\"fr-FR\"},{\"@type\":\"WebPage\",\"@id\":\"https:\\\/\\\/www.organisator.ch\\\/marketing\\\/2024-10-29\\\/neue-karrierechancen-hwz-bietet-ab-herbst-2025-major-vertiefungen-fuer-bachelor-studierende\\\/\",\"url\":\"https:\\\/\\\/www.organisator.ch\\\/marketing\\\/2024-10-29\\\/neue-karrierechancen-hwz-bietet-ab-herbst-2025-major-vertiefungen-fuer-bachelor-studierende\\\/\",\"name\":\"Neue Karrierechancen: HWZ bietet ab Herbst 2025 Major-Vertiefungen f\u00fcr Bachelor-Studierende - Organisator\",\"isPartOf\":{\"@id\":\"https:\\\/\\\/www.organisator.ch\\\/#website\"},\"primaryImageOfPage\":{\"@id\":\"https:\\\/\\\/www.organisator.ch\\\/marketing\\\/2024-10-29\\\/neue-karrierechancen-hwz-bietet-ab-herbst-2025-major-vertiefungen-fuer-bachelor-studierende\\\/#primaryimage\"},\"image\":{\"@id\":\"https:\\\/\\\/www.organisator.ch\\\/marketing\\\/2024-10-29\\\/neue-karrierechancen-hwz-bietet-ab-herbst-2025-major-vertiefungen-fuer-bachelor-studierende\\\/#primaryimage\"},\"thumbnailUrl\":\"https:\\\/\\\/www.markt-kom.com\\\/wp-content\\\/uploads\\\/2024\\\/10\\\/Bildschirmfoto-2024-10-29-um-08.53.25.png\",\"datePublished\":\"2024-10-29T07:55:18+00:00\",\"dateModified\":\"2024-11-07T10:06:29+00:00\",\"description\":\"Die HWZ bietet ab Herbst 2025 neue Major-Vertiefungen in praxisorientierten Bereichen f\u00fcr Bachelor-Studierende an.\",\"breadcrumb\":{\"@id\":\"https:\\\/\\\/www.organisator.ch\\\/marketing\\\/2024-10-29\\\/neue-karrierechancen-hwz-bietet-ab-herbst-2025-major-vertiefungen-fuer-bachelor-studierende\\\/#breadcrumb\"},\"inLanguage\":\"fr-FR\",\"potentialAction\":[{\"@type\":\"ReadAction\",\"target\":[\"https:\\\/\\\/www.organisator.ch\\\/marketing\\\/2024-10-29\\\/neue-karrierechancen-hwz-bietet-ab-herbst-2025-major-vertiefungen-fuer-bachelor-studierende\\\/\"]}]},{\"@type\":\"ImageObject\",\"inLanguage\":\"fr-FR\",\"@id\":\"https:\\\/\\\/www.organisator.ch\\\/marketing\\\/2024-10-29\\\/neue-karrierechancen-hwz-bietet-ab-herbst-2025-major-vertiefungen-fuer-bachelor-studierende\\\/#primaryimage\",\"url\":\"https:\\\/\\\/www.markt-kom.com\\\/wp-content\\\/uploads\\\/2024\\\/10\\\/Bildschirmfoto-2024-10-29-um-08.53.25.png\",\"contentUrl\":\"https:\\\/\\\/www.markt-kom.com\\\/wp-content\\\/uploads\\\/2024\\\/10\\\/Bildschirmfoto-2024-10-29-um-08.53.25.png\"},{\"@type\":\"BreadcrumbList\",\"@id\":\"https:\\\/\\\/www.organisator.ch\\\/marketing\\\/2024-10-29\\\/neue-karrierechancen-hwz-bietet-ab-herbst-2025-major-vertiefungen-fuer-bachelor-studierende\\\/#breadcrumb\",\"itemListElement\":[{\"@type\":\"ListItem\",\"position\":1,\"name\":\"Home\",\"item\":\"https:\\\/\\\/www.organisator.ch\\\/\"},{\"@type\":\"ListItem\",\"position\":2,\"name\":\"Neue Karrierechancen: HWZ bietet ab Herbst 2025 Major-Vertiefungen f\u00fcr Bachelor-Studierende\"}]},{\"@type\":\"WebSite\",\"@id\":\"https:\\\/\\\/www.organisator.ch\\\/#website\",\"url\":\"https:\\\/\\\/www.organisator.ch\\\/\",\"name\":\"Organisator\",\"description\":\"Kompetent. Praxisnah. Der ORGANISATOR bereitet in 10 Ausgaben pro Jahr die wesentlichen Themen f\u00fcr F\u00fchrungskr\u00e4fte von KMU auf.\",\"publisher\":{\"@id\":\"https:\\\/\\\/www.organisator.ch\\\/#organization\"},\"potentialAction\":[{\"@type\":\"SearchAction\",\"target\":{\"@type\":\"EntryPoint\",\"urlTemplate\":\"https:\\\/\\\/www.organisator.ch\\\/?s={search_term_string}\"},\"query-input\":{\"@type\":\"PropertyValueSpecification\",\"valueRequired\":true,\"valueName\":\"search_term_string\"}}],\"inLanguage\":\"fr-FR\"},{\"@type\":\"Organization\",\"@id\":\"https:\\\/\\\/www.organisator.ch\\\/#organization\",\"name\":\"Organisator\",\"url\":\"https:\\\/\\\/www.organisator.ch\\\/\",\"logo\":{\"@type\":\"ImageObject\",\"inLanguage\":\"fr-FR\",\"@id\":\"https:\\\/\\\/www.organisator.ch\\\/#\\\/schema\\\/logo\\\/image\\\/\",\"url\":\"https:\\\/\\\/www.organisator.ch\\\/wp-content\\\/uploads\\\/2022\\\/01\\\/Logo_Organisator_Website.png\",\"contentUrl\":\"https:\\\/\\\/www.organisator.ch\\\/wp-content\\\/uploads\\\/2022\\\/01\\\/Logo_Organisator_Website.png\",\"width\":800,\"height\":77,\"caption\":\"Organisator\"},\"image\":{\"@id\":\"https:\\\/\\\/www.organisator.ch\\\/#\\\/schema\\\/logo\\\/image\\\/\"},\"sameAs\":[\"https:\\\/\\\/www.facebook.com\\\/OrganisatorFachmagazin\",\"https:\\\/\\\/www.linkedin.com\\\/showcase\\\/organisator-das-magazin-fr-kmu\",\"https:\\\/\\\/www.xing.com\\\/news\\\/pages\\\/organisator-ch-695\",\"https:\\\/\\\/www.youtube.com\\\/channel\\\/UCGP2Sq0iWaZwT3BdIAQFYpw\"]},{\"@type\":\"Person\",\"@id\":\"https:\\\/\\\/www.organisator.ch\\\/#\\\/schema\\\/person\\\/4e51799071cd2dd1232ac003643ef5f0\",\"name\":\"galledia\",\"image\":{\"@type\":\"ImageObject\",\"inLanguage\":\"fr-FR\",\"@id\":\"https:\\\/\\\/secure.gravatar.com\\\/avatar\\\/78a7f90c01fc2bfc875782a0d4922b37cde2cf184ce347b91316d23cd7f69a36?s=96&d=mm&r=g\",\"url\":\"https:\\\/\\\/secure.gravatar.com\\\/avatar\\\/78a7f90c01fc2bfc875782a0d4922b37cde2cf184ce347b91316d23cd7f69a36?s=96&d=mm&r=g\",\"contentUrl\":\"https:\\\/\\\/secure.gravatar.com\\\/avatar\\\/78a7f90c01fc2bfc875782a0d4922b37cde2cf184ce347b91316d23cd7f69a36?s=96&d=mm&r=g\",\"caption\":\"galledia\"},\"sameAs\":[\"https:\\\/\\\/x.com\\\/admin\"],\"url\":\"https:\\\/\\\/www.organisator.ch\\\/fr\\\/author\\\/galledia\\\/\"}]}<\/script>\n<!-- \/ Yoast SEO plugin. -->","yoast_head_json":{"title":"Nouvelles opportunit\u00e9s de carri\u00e8re : la HWZ propose d\u00e8s l'automne 2025 des sp\u00e9cialisations majeures pour les \u00e9tudiants en bachelor - Organisateur","description":"\u00c0 partir de l'automne 2025, la HWZ proposera de nouvelles sp\u00e9cialisations majeures dans des domaines ax\u00e9s sur la pratique pour les \u00e9tudiants en bachelor.","robots":{"index":"index","follow":"follow","max-snippet":"max-snippet:-1","max-image-preview":"max-image-preview:large","max-video-preview":"max-video-preview:-1"},"canonical":"https:\/\/www.organisator.ch\/fr\/marketing\/2024-10-29\/neue-karrierechancen-hwz-bietet-ab-herbst-2025-major-vertiefungen-fuer-bachelor-studierende\/","og_locale":"fr_FR","og_type":"article","og_title":"Neue Karrierechancen: HWZ bietet ab Herbst 2025 Major-Vertiefungen f\u00fcr Bachelor-Studierende - Organisator","og_description":"Die HWZ bietet ab Herbst 2025 neue Major-Vertiefungen in praxisorientierten Bereichen f\u00fcr Bachelor-Studierende an.","og_url":"https:\/\/www.organisator.ch\/fr\/marketing\/2024-10-29\/neue-karrierechancen-hwz-bietet-ab-herbst-2025-major-vertiefungen-fuer-bachelor-studierende\/","og_site_name":"Organisator","article_publisher":"https:\/\/www.facebook.com\/OrganisatorFachmagazin","article_published_time":"2024-10-29T07:55:18+00:00","article_modified_time":"2024-11-07T10:06:29+00:00","og_image":[{"url":"https:\/\/www.markt-kom.com\/wp-content\/uploads\/2024\/10\/Bildschirmfoto-2024-10-29-um-08.53.25.png","type":"","width":"","height":""}],"author":"galledia","twitter_card":"summary_large_image","twitter_creator":"@admin","schema":{"@context":"https:\/\/schema.org","@graph":[{"@type":"Article","@id":"https:\/\/www.organisator.ch\/marketing\/2024-10-29\/neue-karrierechancen-hwz-bietet-ab-herbst-2025-major-vertiefungen-fuer-bachelor-studierende\/#article","isPartOf":{"@id":"https:\/\/www.organisator.ch\/marketing\/2024-10-29\/neue-karrierechancen-hwz-bietet-ab-herbst-2025-major-vertiefungen-fuer-bachelor-studierende\/"},"author":{"name":"galledia","@id":"https:\/\/www.organisator.ch\/#\/schema\/person\/4e51799071cd2dd1232ac003643ef5f0"},"headline":"Neue Karrierechancen: HWZ bietet ab Herbst 2025 Major-Vertiefungen f\u00fcr Bachelor-Studierende","datePublished":"2024-10-29T07:55:18+00:00","dateModified":"2024-11-07T10:06:29+00:00","mainEntityOfPage":{"@id":"https:\/\/www.organisator.ch\/marketing\/2024-10-29\/neue-karrierechancen-hwz-bietet-ab-herbst-2025-major-vertiefungen-fuer-bachelor-studierende\/"},"wordCount":256,"publisher":{"@id":"https:\/\/www.organisator.ch\/#organization"},"image":{"@id":"https:\/\/www.organisator.ch\/marketing\/2024-10-29\/neue-karrierechancen-hwz-bietet-ab-herbst-2025-major-vertiefungen-fuer-bachelor-studierende\/#primaryimage"},"thumbnailUrl":"https:\/\/www.markt-kom.com\/wp-content\/uploads\/2024\/10\/Bildschirmfoto-2024-10-29-um-08.53.25.png","keywords":["Business","HWZ","Nachwuchstalente"],"articleSection":["MARKETING"],"inLanguage":"fr-FR"},{"@type":"WebPage","@id":"https:\/\/www.organisator.ch\/marketing\/2024-10-29\/neue-karrierechancen-hwz-bietet-ab-herbst-2025-major-vertiefungen-fuer-bachelor-studierende\/","url":"https:\/\/www.organisator.ch\/marketing\/2024-10-29\/neue-karrierechancen-hwz-bietet-ab-herbst-2025-major-vertiefungen-fuer-bachelor-studierende\/","name":"Nouvelles opportunit\u00e9s de carri\u00e8re : la HWZ propose d\u00e8s l'automne 2025 des sp\u00e9cialisations majeures pour les \u00e9tudiants en bachelor - Organisateur","isPartOf":{"@id":"https:\/\/www.organisator.ch\/#website"},"primaryImageOfPage":{"@id":"https:\/\/www.organisator.ch\/marketing\/2024-10-29\/neue-karrierechancen-hwz-bietet-ab-herbst-2025-major-vertiefungen-fuer-bachelor-studierende\/#primaryimage"},"image":{"@id":"https:\/\/www.organisator.ch\/marketing\/2024-10-29\/neue-karrierechancen-hwz-bietet-ab-herbst-2025-major-vertiefungen-fuer-bachelor-studierende\/#primaryimage"},"thumbnailUrl":"https:\/\/www.markt-kom.com\/wp-content\/uploads\/2024\/10\/Bildschirmfoto-2024-10-29-um-08.53.25.png","datePublished":"2024-10-29T07:55:18+00:00","dateModified":"2024-11-07T10:06:29+00:00","description":"\u00c0 partir de l'automne 2025, la HWZ proposera de nouvelles sp\u00e9cialisations majeures dans des domaines ax\u00e9s sur la pratique pour les \u00e9tudiants en bachelor.","breadcrumb":{"@id":"https:\/\/www.organisator.ch\/marketing\/2024-10-29\/neue-karrierechancen-hwz-bietet-ab-herbst-2025-major-vertiefungen-fuer-bachelor-studierende\/#breadcrumb"},"inLanguage":"fr-FR","potentialAction":[{"@type":"ReadAction","target":["https:\/\/www.organisator.ch\/marketing\/2024-10-29\/neue-karrierechancen-hwz-bietet-ab-herbst-2025-major-vertiefungen-fuer-bachelor-studierende\/"]}]},{"@type":"ImageObject","inLanguage":"fr-FR","@id":"https:\/\/www.organisator.ch\/marketing\/2024-10-29\/neue-karrierechancen-hwz-bietet-ab-herbst-2025-major-vertiefungen-fuer-bachelor-studierende\/#primaryimage","url":"https:\/\/www.markt-kom.com\/wp-content\/uploads\/2024\/10\/Bildschirmfoto-2024-10-29-um-08.53.25.png","contentUrl":"https:\/\/www.markt-kom.com\/wp-content\/uploads\/2024\/10\/Bildschirmfoto-2024-10-29-um-08.53.25.png"},{"@type":"BreadcrumbList","@id":"https:\/\/www.organisator.ch\/marketing\/2024-10-29\/neue-karrierechancen-hwz-bietet-ab-herbst-2025-major-vertiefungen-fuer-bachelor-studierende\/#breadcrumb","itemListElement":[{"@type":"ListItem","position":1,"name":"Home","item":"https:\/\/www.organisator.ch\/"},{"@type":"ListItem","position":2,"name":"Neue Karrierechancen: HWZ bietet ab Herbst 2025 Major-Vertiefungen f\u00fcr Bachelor-Studierende"}]},{"@type":"WebSite","@id":"https:\/\/www.organisator.ch\/#website","url":"https:\/\/www.organisator.ch\/","name":"Organisateur","description":"Comp\u00e9tence et comp\u00e9tence. Proches de la pratique. L'ORGANISATEUR pr\u00e9pare 10 num\u00e9ros par an sur les th\u00e8mes essentiels pour les dirigeants de PME.","publisher":{"@id":"https:\/\/www.organisator.ch\/#organization"},"potentialAction":[{"@type":"SearchAction","target":{"@type":"EntryPoint","urlTemplate":"https:\/\/www.organisator.ch\/?s={search_term_string}"},"query-input":{"@type":"PropertyValueSpecification","valueRequired":true,"valueName":"search_term_string"}}],"inLanguage":"fr-FR"},{"@type":"Organization","@id":"https:\/\/www.organisator.ch\/#organization","name":"Organisateur","url":"https:\/\/www.organisator.ch\/","logo":{"@type":"ImageObject","inLanguage":"fr-FR","@id":"https:\/\/www.organisator.ch\/#\/schema\/logo\/image\/","url":"https:\/\/www.organisator.ch\/wp-content\/uploads\/2022\/01\/Logo_Organisator_Website.png","contentUrl":"https:\/\/www.organisator.ch\/wp-content\/uploads\/2022\/01\/Logo_Organisator_Website.png","width":800,"height":77,"caption":"Organisator"},"image":{"@id":"https:\/\/www.organisator.ch\/#\/schema\/logo\/image\/"},"sameAs":["https:\/\/www.facebook.com\/OrganisatorFachmagazin","https:\/\/www.linkedin.com\/showcase\/organisator-das-magazin-fr-kmu","https:\/\/www.xing.com\/news\/pages\/organisator-ch-695","https:\/\/www.youtube.com\/channel\/UCGP2Sq0iWaZwT3BdIAQFYpw"]},{"@type":"Person","@id":"https:\/\/www.organisator.ch\/#\/schema\/person\/4e51799071cd2dd1232ac003643ef5f0","name":"galledia","image":{"@type":"ImageObject","inLanguage":"fr-FR","@id":"https:\/\/secure.gravatar.com\/avatar\/78a7f90c01fc2bfc875782a0d4922b37cde2cf184ce347b91316d23cd7f69a36?s=96&d=mm&r=g","url":"https:\/\/secure.gravatar.com\/avatar\/78a7f90c01fc2bfc875782a0d4922b37cde2cf184ce347b91316d23cd7f69a36?s=96&d=mm&r=g","contentUrl":"https:\/\/secure.gravatar.com\/avatar\/78a7f90c01fc2bfc875782a0d4922b37cde2cf184ce347b91316d23cd7f69a36?s=96&d=mm&r=g","caption":"galledia"},"sameAs":["https:\/\/x.com\/admin"],"url":"https:\/\/www.organisator.ch\/fr\/author\/galledia\/"}]}},"_links":{"self":[{"href":"https:\/\/www.organisator.ch\/fr\/wp-json\/wp\/v2\/posts\/31324","targetHints":{"allow":["GET"]}}],"collection":[{"href":"https:\/\/www.organisator.ch\/fr\/wp-json\/wp\/v2\/posts"}],"about":[{"href":"https:\/\/www.organisator.ch\/fr\/wp-json\/wp\/v2\/types\/post"}],"author":[{"embeddable":true,"href":"https:\/\/www.organisator.ch\/fr\/wp-json\/wp\/v2\/users\/8"}],"replies":[{"embeddable":true,"href":"https:\/\/www.organisator.ch\/fr\/wp-json\/wp\/v2\/comments?post=31324"}],"version-history":[{"count":5,"href":"https:\/\/www.organisator.ch\/fr\/wp-json\/wp\/v2\/posts\/31324\/revisions"}],"predecessor-version":[{"id":31703,"href":"https:\/\/www.organisator.ch\/fr\/wp-json\/wp\/v2\/posts\/31324\/revisions\/31703"}],"wp:attachment":[{"href":"https:\/\/www.organisator.ch\/fr\/wp-json\/wp\/v2\/media?parent=31324"}],"wp:term":[{"taxonomy":"category","embeddable":true,"href":"https:\/\/www.organisator.ch\/fr\/wp-json\/wp\/v2\/categories?post=31324"},{"taxonomy":"post_tag","embeddable":true,"href":"https:\/\/www.organisator.ch\/fr\/wp-json\/wp\/v2\/tags?post=31324"}],"curies":[{"name":"wp","href":"https:\/\/api.w.org\/{rel}","templated":true}]}}