{"id":31338,"date":"2024-10-29T15:12:16","date_gmt":"2024-10-29T14:12:16","guid":{"rendered":"https:\/\/www.markt-kom.com\/?p=225722"},"modified":"2024-11-07T10:58:39","modified_gmt":"2024-11-07T09:58:39","slug":"zuerich-tourismus-fuehrungswechsel-und-strategische-neuausrichtung","status":"publish","type":"post","link":"https:\/\/www.organisator.ch\/fr\/marketing\/2024-10-29\/zuerich-tourismus-fuehrungswechsel-und-strategische-neuausrichtung\/","title":{"rendered":"Zurich Tourisme : changement de direction et r\u00e9orientation strat\u00e9gique"},"content":{"rendered":"<figure id=\"attachment_225723\" class=\"wp-caption alignnone\" style=\"width: 1024px\" aria-describedby=\"caption-attachment-225723\"><a href=\"https:\/\/www.markt-kom.com\/wp-content\/uploads\/2024\/10\/Beitragscover-43-10.png\"><img class=\"alignnone wp-image-225723 size-full\" src=\"https:\/\/www.markt-kom.com\/wp-content\/uploads\/2024\/10\/Beitragscover-43-10.png\" alt=\"Zurich Tourisme \" width=\"1024\" height=\"768\" \/><\/a>\r\n<figcaption id=\"caption-attachment-225723\" class=\"wp-caption-text\">Renforcent la direction : de g. \u00e0 d. Marina Bollhalder, Nora Brumm, Marc Scheurer<\/figcaption>\r\n<\/figure>\r\n<p>Zurich Tourisme se r\u00e9oriente strat\u00e9giquement : Avec Janine Rupf, Marina Bollhalder et Marc Scheurer, la direction est renforc\u00e9e et r\u00e9organis\u00e9e. Ces adaptations structurelles pr\u00e9parent le terrain pour que l'entreprise soit orient\u00e9e vers l'avenir et adapt\u00e9e au march\u00e9. La cr\u00e9ation du nouveau d\u00e9partement Destination Development constitue \u00e0 cet \u00e9gard une \u00e9tape d\u00e9cisive qui fait progresser le passage de la commercialisation des destinations au d\u00e9veloppement global des destinations.<\/p>\r\n<p>La vision derri\u00e8re cette nouvelle orientation est de promouvoir le tourisme en tant qu'\u00e9l\u00e9ment essentiel de la vie urbaine, ce qui profite \u00e0 la fois aux visiteurs et \u00e0 la population locale. L'accent mis sur la mobilit\u00e9 durable, le d\u00e9veloppement de l'offre touristique et la collaboration plus \u00e9troite avec les partenaires politiques et \u00e9conomiques soulignent l'objectif d'augmenter durablement la valeur sociale et \u00e9conomique du tourisme zurichois.<\/p>\r\n<p>Marc Scheurer, expert en tourisme exp\u00e9riment\u00e9 et nouveau responsable du secteur Destination Development, dirigera le d\u00e9veloppement strat\u00e9gique \u00e0 partir de d\u00e9cembre. Les initiatives pr\u00e9vues comprennent la promotion des liaisons ferroviaires de nuit et la cr\u00e9ation de nouvelles exp\u00e9riences pour les habitants comme pour les visiteurs. Avec cette nouvelle orientation, Zurich Tourisme pose des jalons clairs pour l'avenir de la ville.<\/p>\r\n<p>De plus, Janine Rupf, en tant que Head of Marketing, et Marina Bollhalder, en tant que Head of Operations, enrichissent la direction. Avec ce renforcement strat\u00e9gique et une adaptation cibl\u00e9e du domaine d'activit\u00e9, Zurich Tourisme se positionne de mani\u00e8re proactive sur le march\u00e9 et renforce l'attractivit\u00e9 touristique de la r\u00e9gion.<\/p>","protected":false},"excerpt":{"rendered":"<p>Avec la nouvelle occupation de postes centraux \u00e0 la direction et l'introduction du secteur \"Destination Development\", Zurich Tourisme franchit des \u00e9tapes d\u00e9cisives en direction d'une organisation globale de d\u00e9veloppement et de gestion des destinations. L'objectif est de transformer durablement le tourisme et de d\u00e9velopper de mani\u00e8re cibl\u00e9e l'exp\u00e9rience touristique.<\/p>","protected":false},"author":8,"featured_media":0,"comment_status":"closed","ping_status":"closed","sticky":false,"template":"","format":"standard","meta":{"_acf_changed":false,"_yoast_wpseo_focuskw":"Z\u00fcrich Tourismus","_yoast_wpseo_metadesc":"Z\u00fcrich Tourismus verst\u00e4rkt seine Gesch\u00e4ftsleitung und gr\u00fcndet den Bereich Destination Development f\u00fcr nachhaltigen Tourismus.","articlekey":"","footnotes":""},"categories":[29],"tags":[4345,4695],"class_list":["post-31338","post","type-post","status-publish","format-standard","hentry","category-marketing","tag-business","tag-zuerich-tourismus"],"acf":[],"yoast_head":"<!-- This site is optimized with the Yoast SEO plugin v27.4 - https:\/\/yoast.com\/product\/yoast-seo-wordpress\/ -->\n<title>Z\u00fcrich Tourismus: F\u00fchrungswechsel und strategische Neuausrichtung - Organisator<\/title>\n<meta name=\"description\" content=\"Z\u00fcrich Tourismus verst\u00e4rkt seine Gesch\u00e4ftsleitung und gr\u00fcndet den Bereich Destination Development f\u00fcr nachhaltigen Tourismus.\" \/>\n<meta name=\"robots\" content=\"index, follow, max-snippet:-1, max-image-preview:large, max-video-preview:-1\" \/>\n<link rel=\"canonical\" href=\"https:\/\/www.organisator.ch\/fr\/marketing\/2024-10-29\/zuerich-tourismus-fuehrungswechsel-und-strategische-neuausrichtung\/\" \/>\n<meta property=\"og:locale\" content=\"fr_FR\" \/>\n<meta property=\"og:type\" content=\"article\" \/>\n<meta property=\"og:title\" content=\"Z\u00fcrich Tourismus: F\u00fchrungswechsel und strategische Neuausrichtung - Organisator\" \/>\n<meta property=\"og:description\" content=\"Z\u00fcrich Tourismus verst\u00e4rkt seine Gesch\u00e4ftsleitung und gr\u00fcndet den Bereich Destination Development f\u00fcr nachhaltigen Tourismus.\" \/>\n<meta property=\"og:url\" content=\"https:\/\/www.organisator.ch\/fr\/marketing\/2024-10-29\/zuerich-tourismus-fuehrungswechsel-und-strategische-neuausrichtung\/\" \/>\n<meta property=\"og:site_name\" content=\"Organisator\" \/>\n<meta property=\"article:publisher\" content=\"https:\/\/www.facebook.com\/OrganisatorFachmagazin\" \/>\n<meta property=\"article:published_time\" content=\"2024-10-29T14:12:16+00:00\" \/>\n<meta property=\"article:modified_time\" content=\"2024-11-07T09:58:39+00:00\" \/>\n<meta property=\"og:image\" content=\"https:\/\/www.markt-kom.com\/wp-content\/uploads\/2024\/10\/Beitragscover-43-10.png\" \/>\n<meta name=\"author\" content=\"galledia\" \/>\n<meta name=\"twitter:card\" content=\"summary_large_image\" \/>\n<meta name=\"twitter:creator\" content=\"@admin\" \/>\n<script type=\"application\/ld+json\" class=\"yoast-schema-graph\">{\"@context\":\"https:\\\/\\\/schema.org\",\"@graph\":[{\"@type\":\"Article\",\"@id\":\"https:\\\/\\\/www.organisator.ch\\\/marketing\\\/2024-10-29\\\/zuerich-tourismus-fuehrungswechsel-und-strategische-neuausrichtung\\\/#article\",\"isPartOf\":{\"@id\":\"https:\\\/\\\/www.organisator.ch\\\/marketing\\\/2024-10-29\\\/zuerich-tourismus-fuehrungswechsel-und-strategische-neuausrichtung\\\/\"},\"author\":{\"name\":\"galledia\",\"@id\":\"https:\\\/\\\/www.organisator.ch\\\/#\\\/schema\\\/person\\\/4e51799071cd2dd1232ac003643ef5f0\"},\"headline\":\"Z\u00fcrich Tourismus: F\u00fchrungswechsel und strategische Neuausrichtung\",\"datePublished\":\"2024-10-29T14:12:16+00:00\",\"dateModified\":\"2024-11-07T09:58:39+00:00\",\"mainEntityOfPage\":{\"@id\":\"https:\\\/\\\/www.organisator.ch\\\/marketing\\\/2024-10-29\\\/zuerich-tourismus-fuehrungswechsel-und-strategische-neuausrichtung\\\/\"},\"wordCount\":251,\"publisher\":{\"@id\":\"https:\\\/\\\/www.organisator.ch\\\/#organization\"},\"image\":{\"@id\":\"https:\\\/\\\/www.organisator.ch\\\/marketing\\\/2024-10-29\\\/zuerich-tourismus-fuehrungswechsel-und-strategische-neuausrichtung\\\/#primaryimage\"},\"thumbnailUrl\":\"https:\\\/\\\/www.markt-kom.com\\\/wp-content\\\/uploads\\\/2024\\\/10\\\/Beitragscover-43-10.png\",\"keywords\":[\"Business\",\"Z\u00fcrich Tourismus\"],\"articleSection\":[\"MARKETING\"],\"inLanguage\":\"fr-FR\"},{\"@type\":\"WebPage\",\"@id\":\"https:\\\/\\\/www.organisator.ch\\\/marketing\\\/2024-10-29\\\/zuerich-tourismus-fuehrungswechsel-und-strategische-neuausrichtung\\\/\",\"url\":\"https:\\\/\\\/www.organisator.ch\\\/marketing\\\/2024-10-29\\\/zuerich-tourismus-fuehrungswechsel-und-strategische-neuausrichtung\\\/\",\"name\":\"Z\u00fcrich Tourismus: F\u00fchrungswechsel und strategische Neuausrichtung - Organisator\",\"isPartOf\":{\"@id\":\"https:\\\/\\\/www.organisator.ch\\\/#website\"},\"primaryImageOfPage\":{\"@id\":\"https:\\\/\\\/www.organisator.ch\\\/marketing\\\/2024-10-29\\\/zuerich-tourismus-fuehrungswechsel-und-strategische-neuausrichtung\\\/#primaryimage\"},\"image\":{\"@id\":\"https:\\\/\\\/www.organisator.ch\\\/marketing\\\/2024-10-29\\\/zuerich-tourismus-fuehrungswechsel-und-strategische-neuausrichtung\\\/#primaryimage\"},\"thumbnailUrl\":\"https:\\\/\\\/www.markt-kom.com\\\/wp-content\\\/uploads\\\/2024\\\/10\\\/Beitragscover-43-10.png\",\"datePublished\":\"2024-10-29T14:12:16+00:00\",\"dateModified\":\"2024-11-07T09:58:39+00:00\",\"description\":\"Z\u00fcrich Tourismus verst\u00e4rkt seine Gesch\u00e4ftsleitung und gr\u00fcndet den Bereich Destination Development f\u00fcr nachhaltigen Tourismus.\",\"breadcrumb\":{\"@id\":\"https:\\\/\\\/www.organisator.ch\\\/marketing\\\/2024-10-29\\\/zuerich-tourismus-fuehrungswechsel-und-strategische-neuausrichtung\\\/#breadcrumb\"},\"inLanguage\":\"fr-FR\",\"potentialAction\":[{\"@type\":\"ReadAction\",\"target\":[\"https:\\\/\\\/www.organisator.ch\\\/marketing\\\/2024-10-29\\\/zuerich-tourismus-fuehrungswechsel-und-strategische-neuausrichtung\\\/\"]}]},{\"@type\":\"ImageObject\",\"inLanguage\":\"fr-FR\",\"@id\":\"https:\\\/\\\/www.organisator.ch\\\/marketing\\\/2024-10-29\\\/zuerich-tourismus-fuehrungswechsel-und-strategische-neuausrichtung\\\/#primaryimage\",\"url\":\"https:\\\/\\\/www.markt-kom.com\\\/wp-content\\\/uploads\\\/2024\\\/10\\\/Beitragscover-43-10.png\",\"contentUrl\":\"https:\\\/\\\/www.markt-kom.com\\\/wp-content\\\/uploads\\\/2024\\\/10\\\/Beitragscover-43-10.png\"},{\"@type\":\"BreadcrumbList\",\"@id\":\"https:\\\/\\\/www.organisator.ch\\\/marketing\\\/2024-10-29\\\/zuerich-tourismus-fuehrungswechsel-und-strategische-neuausrichtung\\\/#breadcrumb\",\"itemListElement\":[{\"@type\":\"ListItem\",\"position\":1,\"name\":\"Home\",\"item\":\"https:\\\/\\\/www.organisator.ch\\\/\"},{\"@type\":\"ListItem\",\"position\":2,\"name\":\"Z\u00fcrich Tourismus: F\u00fchrungswechsel und strategische Neuausrichtung\"}]},{\"@type\":\"WebSite\",\"@id\":\"https:\\\/\\\/www.organisator.ch\\\/#website\",\"url\":\"https:\\\/\\\/www.organisator.ch\\\/\",\"name\":\"Organisator\",\"description\":\"Kompetent. Praxisnah. Der ORGANISATOR bereitet in 10 Ausgaben pro Jahr die wesentlichen Themen f\u00fcr F\u00fchrungskr\u00e4fte von KMU auf.\",\"publisher\":{\"@id\":\"https:\\\/\\\/www.organisator.ch\\\/#organization\"},\"potentialAction\":[{\"@type\":\"SearchAction\",\"target\":{\"@type\":\"EntryPoint\",\"urlTemplate\":\"https:\\\/\\\/www.organisator.ch\\\/?s={search_term_string}\"},\"query-input\":{\"@type\":\"PropertyValueSpecification\",\"valueRequired\":true,\"valueName\":\"search_term_string\"}}],\"inLanguage\":\"fr-FR\"},{\"@type\":\"Organization\",\"@id\":\"https:\\\/\\\/www.organisator.ch\\\/#organization\",\"name\":\"Organisator\",\"url\":\"https:\\\/\\\/www.organisator.ch\\\/\",\"logo\":{\"@type\":\"ImageObject\",\"inLanguage\":\"fr-FR\",\"@id\":\"https:\\\/\\\/www.organisator.ch\\\/#\\\/schema\\\/logo\\\/image\\\/\",\"url\":\"https:\\\/\\\/www.organisator.ch\\\/wp-content\\\/uploads\\\/2022\\\/01\\\/Logo_Organisator_Website.png\",\"contentUrl\":\"https:\\\/\\\/www.organisator.ch\\\/wp-content\\\/uploads\\\/2022\\\/01\\\/Logo_Organisator_Website.png\",\"width\":800,\"height\":77,\"caption\":\"Organisator\"},\"image\":{\"@id\":\"https:\\\/\\\/www.organisator.ch\\\/#\\\/schema\\\/logo\\\/image\\\/\"},\"sameAs\":[\"https:\\\/\\\/www.facebook.com\\\/OrganisatorFachmagazin\",\"https:\\\/\\\/www.linkedin.com\\\/showcase\\\/organisator-das-magazin-fr-kmu\",\"https:\\\/\\\/www.xing.com\\\/news\\\/pages\\\/organisator-ch-695\",\"https:\\\/\\\/www.youtube.com\\\/channel\\\/UCGP2Sq0iWaZwT3BdIAQFYpw\"]},{\"@type\":\"Person\",\"@id\":\"https:\\\/\\\/www.organisator.ch\\\/#\\\/schema\\\/person\\\/4e51799071cd2dd1232ac003643ef5f0\",\"name\":\"galledia\",\"image\":{\"@type\":\"ImageObject\",\"inLanguage\":\"fr-FR\",\"@id\":\"https:\\\/\\\/secure.gravatar.com\\\/avatar\\\/78a7f90c01fc2bfc875782a0d4922b37cde2cf184ce347b91316d23cd7f69a36?s=96&d=mm&r=g\",\"url\":\"https:\\\/\\\/secure.gravatar.com\\\/avatar\\\/78a7f90c01fc2bfc875782a0d4922b37cde2cf184ce347b91316d23cd7f69a36?s=96&d=mm&r=g\",\"contentUrl\":\"https:\\\/\\\/secure.gravatar.com\\\/avatar\\\/78a7f90c01fc2bfc875782a0d4922b37cde2cf184ce347b91316d23cd7f69a36?s=96&d=mm&r=g\",\"caption\":\"galledia\"},\"sameAs\":[\"https:\\\/\\\/x.com\\\/admin\"],\"url\":\"https:\\\/\\\/www.organisator.ch\\\/fr\\\/author\\\/galledia\\\/\"}]}<\/script>\n<!-- \/ Yoast SEO plugin. -->","yoast_head_json":{"title":"Zurich Tourisme : changement de direction et r\u00e9orientation strat\u00e9gique - Organisateur","description":"Zurich Tourisme renforce sa direction et cr\u00e9e le secteur Destination Development pour le tourisme durable.","robots":{"index":"index","follow":"follow","max-snippet":"max-snippet:-1","max-image-preview":"max-image-preview:large","max-video-preview":"max-video-preview:-1"},"canonical":"https:\/\/www.organisator.ch\/fr\/marketing\/2024-10-29\/zuerich-tourismus-fuehrungswechsel-und-strategische-neuausrichtung\/","og_locale":"fr_FR","og_type":"article","og_title":"Z\u00fcrich Tourismus: F\u00fchrungswechsel und strategische Neuausrichtung - Organisator","og_description":"Z\u00fcrich Tourismus verst\u00e4rkt seine Gesch\u00e4ftsleitung und gr\u00fcndet den Bereich Destination Development f\u00fcr nachhaltigen Tourismus.","og_url":"https:\/\/www.organisator.ch\/fr\/marketing\/2024-10-29\/zuerich-tourismus-fuehrungswechsel-und-strategische-neuausrichtung\/","og_site_name":"Organisator","article_publisher":"https:\/\/www.facebook.com\/OrganisatorFachmagazin","article_published_time":"2024-10-29T14:12:16+00:00","article_modified_time":"2024-11-07T09:58:39+00:00","og_image":[{"url":"https:\/\/www.markt-kom.com\/wp-content\/uploads\/2024\/10\/Beitragscover-43-10.png","type":"","width":"","height":""}],"author":"galledia","twitter_card":"summary_large_image","twitter_creator":"@admin","schema":{"@context":"https:\/\/schema.org","@graph":[{"@type":"Article","@id":"https:\/\/www.organisator.ch\/marketing\/2024-10-29\/zuerich-tourismus-fuehrungswechsel-und-strategische-neuausrichtung\/#article","isPartOf":{"@id":"https:\/\/www.organisator.ch\/marketing\/2024-10-29\/zuerich-tourismus-fuehrungswechsel-und-strategische-neuausrichtung\/"},"author":{"name":"galledia","@id":"https:\/\/www.organisator.ch\/#\/schema\/person\/4e51799071cd2dd1232ac003643ef5f0"},"headline":"Z\u00fcrich Tourismus: F\u00fchrungswechsel und strategische Neuausrichtung","datePublished":"2024-10-29T14:12:16+00:00","dateModified":"2024-11-07T09:58:39+00:00","mainEntityOfPage":{"@id":"https:\/\/www.organisator.ch\/marketing\/2024-10-29\/zuerich-tourismus-fuehrungswechsel-und-strategische-neuausrichtung\/"},"wordCount":251,"publisher":{"@id":"https:\/\/www.organisator.ch\/#organization"},"image":{"@id":"https:\/\/www.organisator.ch\/marketing\/2024-10-29\/zuerich-tourismus-fuehrungswechsel-und-strategische-neuausrichtung\/#primaryimage"},"thumbnailUrl":"https:\/\/www.markt-kom.com\/wp-content\/uploads\/2024\/10\/Beitragscover-43-10.png","keywords":["Business","Z\u00fcrich Tourismus"],"articleSection":["MARKETING"],"inLanguage":"fr-FR"},{"@type":"WebPage","@id":"https:\/\/www.organisator.ch\/marketing\/2024-10-29\/zuerich-tourismus-fuehrungswechsel-und-strategische-neuausrichtung\/","url":"https:\/\/www.organisator.ch\/marketing\/2024-10-29\/zuerich-tourismus-fuehrungswechsel-und-strategische-neuausrichtung\/","name":"Zurich Tourisme : changement de direction et r\u00e9orientation strat\u00e9gique - Organisateur","isPartOf":{"@id":"https:\/\/www.organisator.ch\/#website"},"primaryImageOfPage":{"@id":"https:\/\/www.organisator.ch\/marketing\/2024-10-29\/zuerich-tourismus-fuehrungswechsel-und-strategische-neuausrichtung\/#primaryimage"},"image":{"@id":"https:\/\/www.organisator.ch\/marketing\/2024-10-29\/zuerich-tourismus-fuehrungswechsel-und-strategische-neuausrichtung\/#primaryimage"},"thumbnailUrl":"https:\/\/www.markt-kom.com\/wp-content\/uploads\/2024\/10\/Beitragscover-43-10.png","datePublished":"2024-10-29T14:12:16+00:00","dateModified":"2024-11-07T09:58:39+00:00","description":"Zurich Tourisme renforce sa direction et cr\u00e9e le secteur Destination Development pour le tourisme durable.","breadcrumb":{"@id":"https:\/\/www.organisator.ch\/marketing\/2024-10-29\/zuerich-tourismus-fuehrungswechsel-und-strategische-neuausrichtung\/#breadcrumb"},"inLanguage":"fr-FR","potentialAction":[{"@type":"ReadAction","target":["https:\/\/www.organisator.ch\/marketing\/2024-10-29\/zuerich-tourismus-fuehrungswechsel-und-strategische-neuausrichtung\/"]}]},{"@type":"ImageObject","inLanguage":"fr-FR","@id":"https:\/\/www.organisator.ch\/marketing\/2024-10-29\/zuerich-tourismus-fuehrungswechsel-und-strategische-neuausrichtung\/#primaryimage","url":"https:\/\/www.markt-kom.com\/wp-content\/uploads\/2024\/10\/Beitragscover-43-10.png","contentUrl":"https:\/\/www.markt-kom.com\/wp-content\/uploads\/2024\/10\/Beitragscover-43-10.png"},{"@type":"BreadcrumbList","@id":"https:\/\/www.organisator.ch\/marketing\/2024-10-29\/zuerich-tourismus-fuehrungswechsel-und-strategische-neuausrichtung\/#breadcrumb","itemListElement":[{"@type":"ListItem","position":1,"name":"Home","item":"https:\/\/www.organisator.ch\/"},{"@type":"ListItem","position":2,"name":"Z\u00fcrich Tourismus: F\u00fchrungswechsel und strategische Neuausrichtung"}]},{"@type":"WebSite","@id":"https:\/\/www.organisator.ch\/#website","url":"https:\/\/www.organisator.ch\/","name":"Organisateur","description":"Comp\u00e9tence et comp\u00e9tence. Proches de la pratique. L'ORGANISATEUR pr\u00e9pare 10 num\u00e9ros par an sur les th\u00e8mes essentiels pour les dirigeants de PME.","publisher":{"@id":"https:\/\/www.organisator.ch\/#organization"},"potentialAction":[{"@type":"SearchAction","target":{"@type":"EntryPoint","urlTemplate":"https:\/\/www.organisator.ch\/?s={search_term_string}"},"query-input":{"@type":"PropertyValueSpecification","valueRequired":true,"valueName":"search_term_string"}}],"inLanguage":"fr-FR"},{"@type":"Organization","@id":"https:\/\/www.organisator.ch\/#organization","name":"Organisateur","url":"https:\/\/www.organisator.ch\/","logo":{"@type":"ImageObject","inLanguage":"fr-FR","@id":"https:\/\/www.organisator.ch\/#\/schema\/logo\/image\/","url":"https:\/\/www.organisator.ch\/wp-content\/uploads\/2022\/01\/Logo_Organisator_Website.png","contentUrl":"https:\/\/www.organisator.ch\/wp-content\/uploads\/2022\/01\/Logo_Organisator_Website.png","width":800,"height":77,"caption":"Organisator"},"image":{"@id":"https:\/\/www.organisator.ch\/#\/schema\/logo\/image\/"},"sameAs":["https:\/\/www.facebook.com\/OrganisatorFachmagazin","https:\/\/www.linkedin.com\/showcase\/organisator-das-magazin-fr-kmu","https:\/\/www.xing.com\/news\/pages\/organisator-ch-695","https:\/\/www.youtube.com\/channel\/UCGP2Sq0iWaZwT3BdIAQFYpw"]},{"@type":"Person","@id":"https:\/\/www.organisator.ch\/#\/schema\/person\/4e51799071cd2dd1232ac003643ef5f0","name":"galledia","image":{"@type":"ImageObject","inLanguage":"fr-FR","@id":"https:\/\/secure.gravatar.com\/avatar\/78a7f90c01fc2bfc875782a0d4922b37cde2cf184ce347b91316d23cd7f69a36?s=96&d=mm&r=g","url":"https:\/\/secure.gravatar.com\/avatar\/78a7f90c01fc2bfc875782a0d4922b37cde2cf184ce347b91316d23cd7f69a36?s=96&d=mm&r=g","contentUrl":"https:\/\/secure.gravatar.com\/avatar\/78a7f90c01fc2bfc875782a0d4922b37cde2cf184ce347b91316d23cd7f69a36?s=96&d=mm&r=g","caption":"galledia"},"sameAs":["https:\/\/x.com\/admin"],"url":"https:\/\/www.organisator.ch\/fr\/author\/galledia\/"}]}},"_links":{"self":[{"href":"https:\/\/www.organisator.ch\/fr\/wp-json\/wp\/v2\/posts\/31338","targetHints":{"allow":["GET"]}}],"collection":[{"href":"https:\/\/www.organisator.ch\/fr\/wp-json\/wp\/v2\/posts"}],"about":[{"href":"https:\/\/www.organisator.ch\/fr\/wp-json\/wp\/v2\/types\/post"}],"author":[{"embeddable":true,"href":"https:\/\/www.organisator.ch\/fr\/wp-json\/wp\/v2\/users\/8"}],"replies":[{"embeddable":true,"href":"https:\/\/www.organisator.ch\/fr\/wp-json\/wp\/v2\/comments?post=31338"}],"version-history":[{"count":6,"href":"https:\/\/www.organisator.ch\/fr\/wp-json\/wp\/v2\/posts\/31338\/revisions"}],"predecessor-version":[{"id":31698,"href":"https:\/\/www.organisator.ch\/fr\/wp-json\/wp\/v2\/posts\/31338\/revisions\/31698"}],"wp:attachment":[{"href":"https:\/\/www.organisator.ch\/fr\/wp-json\/wp\/v2\/media?parent=31338"}],"wp:term":[{"taxonomy":"category","embeddable":true,"href":"https:\/\/www.organisator.ch\/fr\/wp-json\/wp\/v2\/categories?post=31338"},{"taxonomy":"post_tag","embeddable":true,"href":"https:\/\/www.organisator.ch\/fr\/wp-json\/wp\/v2\/tags?post=31338"}],"curies":[{"name":"wp","href":"https:\/\/api.w.org\/{rel}","templated":true}]}}