{"id":31375,"date":"2024-10-30T10:07:12","date_gmt":"2024-10-30T09:07:12","guid":{"rendered":"https:\/\/www.markt-kom.com\/?p=225774"},"modified":"2024-11-07T10:03:52","modified_gmt":"2024-11-07T09:03:52","slug":"schweizer-detailhandel-leicht-im-minus-nonfood-bereich-bleibt-zurueckhaltend","status":"publish","type":"post","link":"https:\/\/www.organisator.ch\/fr\/marketing\/2024-10-30\/schweizer-detailhandel-leicht-im-minus-nonfood-bereich-bleibt-zurueckhaltend\/","title":{"rendered":"Le commerce de d\u00e9tail suisse l\u00e9g\u00e8rement en baisse : le secteur non alimentaire reste prudent"},"content":{"rendered":"<p><a href=\"https:\/\/www.markt-kom.com\/wp-content\/uploads\/2024\/10\/Bildschirmfoto-2024-10-30-um-10.04.21.png\"><img class=\"alignnone wp-image-225775 size-full\" src=\"https:\/\/www.markt-kom.com\/wp-content\/uploads\/2024\/10\/Bildschirmfoto-2024-10-30-um-10.04.21.png\" alt=\"GfK \" width=\"2720\" height=\"1672\" \/><\/a><\/p>\r\n<p>Le GfK Markt Monitor Schweiz, publi\u00e9 par GfK Switzerland AG en collaboration avec plus de 40 leaders du commerce de d\u00e9tail, fait \u00e9tat d'une situation globalement mitig\u00e9e dans le commerce de d\u00e9tail suisse pour les trois premiers trimestres 2024. Avec un l\u00e9ger recul de 0,2%, l'ensemble du march\u00e9 reste l\u00e9g\u00e8rement en de\u00e7\u00e0 de la valeur de l'ann\u00e9e pr\u00e9c\u00e9dente. De mani\u00e8re diff\u00e9renci\u00e9e, le secteur alimentaire\/nearfood se d\u00e9veloppe de mani\u00e8re robuste avec une hausse de 1,3%, tandis que le secteur non alimentaire accuse un recul de 2,8%.<\/p>\r\n<p>L'humeur des consommateurs reste mitig\u00e9e et ces derniers privil\u00e9gient de plus en plus les d\u00e9cisions d'achat lors de journ\u00e9es promotionnelles comme le Black Friday. Malgr\u00e9 la popularit\u00e9 des produits haut de gamme, la retenue et le recours aux offres \u00e0 prix r\u00e9duit semblent continuer \u00e0 dominer. Dans ce contexte, le secteur de l'\u00e9lectronique grand public en particulier se montre satur\u00e9, ce qui explique le recul dans ce segment. Seuls les produits de niche comme les appareils de coiffure et les brosses \u00e0 dents \u00e9lectriques enregistrent des tendances positives.<\/p>\r\n<p>Seul le secteur des loisirs enregistre une l\u00e9g\u00e8re hausse. Les produits sportifs tels que les v\u00e9los \u00e9lectriques, les tapis de course et les aliments pour sportifs sont particuli\u00e8rement demand\u00e9s et soutiennent ce segment. Le secteur de la mode profite \u00e9galement d'un automne pr\u00e9coce et d'une demande croissante de v\u00eatements plus chauds, ce qui n'a toutefois pas suffi \u00e0 compenser les pertes de l'\u00e9t\u00e9.<\/p>\r\n<p>En revanche, le commerce en ligne enregistre une solide croissance de 4 % et continue de faire preuve de stabilit\u00e9 sur le march\u00e9. Malgr\u00e9 des pr\u00e9visions conjoncturelles mod\u00e9r\u00e9es, le potentiel de croissance du segment en ligne reste intact.<\/p>\r\n<p>Les pr\u00e9visions du groupe d'experts pour le PIB suisse corrig\u00e9 des \u00e9v\u00e9nements sportifs en 2024 sont une croissance attendue de 1,2 %, suivie de 1,6 % en 2025.<\/p>\r\n<hr \/>\r\n<p>Le GfK Markt Monitor Schweiz est un service de GfK Switzerland AG en collaboration avec plus de 40 grands d\u00e9taillants suisses. Ceux-ci r\u00e9alisent environ 40-50% du chiffre d'affaires total du commerce de d\u00e9tail. Le commerce sp\u00e9cialis\u00e9 n'est pas int\u00e9gr\u00e9. Le GfK Markt Monitor ne pr\u00e9tend pas \u00eatre repr\u00e9sentatif de l'ensemble du march\u00e9. GfK r\u00e9alise \u00e0 cet effet diverses estimations du march\u00e9 global.<\/p>","protected":false},"excerpt":{"rendered":"<p>Le GfK Markt Monitor Suisse pr\u00e9sente une image mitig\u00e9e pour les trois premiers trimestres 2024 : le secteur alimentaire\/nearfood progresse, tandis que le secteur non alimentaire recule. Les tendances importantes dans le domaine des loisirs et du commerce en ligne soutiennent le march\u00e9.<\/p>","protected":false},"author":8,"featured_media":0,"comment_status":"closed","ping_status":"closed","sticky":false,"template":"","format":"standard","meta":{"_acf_changed":false,"_yoast_wpseo_focuskw":"GfK","_yoast_wpseo_metadesc":"Der GfK Markt Monitor Schweiz 2024 zeigt eine ged\u00e4mpfte Konsumlaune und Entwicklungen im Detailhandel.","articlekey":"","footnotes":""},"categories":[29],"tags":[4345],"class_list":["post-31375","post","type-post","status-publish","format-standard","hentry","category-marketing","tag-business"],"acf":[],"yoast_head":"<!-- This site is optimized with the Yoast SEO plugin v27.5 - https:\/\/yoast.com\/product\/yoast-seo-wordpress\/ -->\n<title>Schweizer Detailhandel leicht im Minus: Nonfood-Bereich bleibt zur\u00fcckhaltend - Organisator<\/title>\n<meta name=\"description\" content=\"Der GfK Markt Monitor Schweiz 2024 zeigt eine ged\u00e4mpfte Konsumlaune und Entwicklungen im Detailhandel.\" \/>\n<meta name=\"robots\" content=\"index, follow, max-snippet:-1, max-image-preview:large, max-video-preview:-1\" \/>\n<link rel=\"canonical\" href=\"https:\/\/www.organisator.ch\/fr\/marketing\/2024-10-30\/schweizer-detailhandel-leicht-im-minus-nonfood-bereich-bleibt-zurueckhaltend\/\" \/>\n<meta property=\"og:locale\" content=\"fr_FR\" \/>\n<meta property=\"og:type\" content=\"article\" \/>\n<meta property=\"og:title\" content=\"Schweizer Detailhandel leicht im Minus: Nonfood-Bereich bleibt zur\u00fcckhaltend - Organisator\" \/>\n<meta property=\"og:description\" content=\"Der GfK Markt Monitor Schweiz 2024 zeigt eine ged\u00e4mpfte Konsumlaune und Entwicklungen im Detailhandel.\" \/>\n<meta property=\"og:url\" content=\"https:\/\/www.organisator.ch\/fr\/marketing\/2024-10-30\/schweizer-detailhandel-leicht-im-minus-nonfood-bereich-bleibt-zurueckhaltend\/\" \/>\n<meta property=\"og:site_name\" content=\"Organisator\" \/>\n<meta property=\"article:publisher\" content=\"https:\/\/www.facebook.com\/OrganisatorFachmagazin\" \/>\n<meta property=\"article:published_time\" content=\"2024-10-30T09:07:12+00:00\" \/>\n<meta property=\"article:modified_time\" content=\"2024-11-07T09:03:52+00:00\" \/>\n<meta property=\"og:image\" content=\"https:\/\/www.markt-kom.com\/wp-content\/uploads\/2024\/10\/Bildschirmfoto-2024-10-30-um-10.04.21.png\" \/>\n<meta name=\"author\" content=\"galledia\" \/>\n<meta name=\"twitter:card\" content=\"summary_large_image\" \/>\n<meta name=\"twitter:creator\" content=\"@admin\" \/>\n<script type=\"application\/ld+json\" class=\"yoast-schema-graph\">{\"@context\":\"https:\\\/\\\/schema.org\",\"@graph\":[{\"@type\":\"Article\",\"@id\":\"https:\\\/\\\/www.organisator.ch\\\/marketing\\\/2024-10-30\\\/schweizer-detailhandel-leicht-im-minus-nonfood-bereich-bleibt-zurueckhaltend\\\/#article\",\"isPartOf\":{\"@id\":\"https:\\\/\\\/www.organisator.ch\\\/marketing\\\/2024-10-30\\\/schweizer-detailhandel-leicht-im-minus-nonfood-bereich-bleibt-zurueckhaltend\\\/\"},\"author\":{\"name\":\"galledia\",\"@id\":\"https:\\\/\\\/www.organisator.ch\\\/#\\\/schema\\\/person\\\/4e51799071cd2dd1232ac003643ef5f0\"},\"headline\":\"Schweizer Detailhandel leicht im Minus: Nonfood-Bereich bleibt zur\u00fcckhaltend\",\"datePublished\":\"2024-10-30T09:07:12+00:00\",\"dateModified\":\"2024-11-07T09:03:52+00:00\",\"mainEntityOfPage\":{\"@id\":\"https:\\\/\\\/www.organisator.ch\\\/marketing\\\/2024-10-30\\\/schweizer-detailhandel-leicht-im-minus-nonfood-bereich-bleibt-zurueckhaltend\\\/\"},\"wordCount\":298,\"publisher\":{\"@id\":\"https:\\\/\\\/www.organisator.ch\\\/#organization\"},\"image\":{\"@id\":\"https:\\\/\\\/www.organisator.ch\\\/marketing\\\/2024-10-30\\\/schweizer-detailhandel-leicht-im-minus-nonfood-bereich-bleibt-zurueckhaltend\\\/#primaryimage\"},\"thumbnailUrl\":\"https:\\\/\\\/www.markt-kom.com\\\/wp-content\\\/uploads\\\/2024\\\/10\\\/Bildschirmfoto-2024-10-30-um-10.04.21.png\",\"keywords\":[\"Business\"],\"articleSection\":[\"MARKETING\"],\"inLanguage\":\"fr-FR\"},{\"@type\":\"WebPage\",\"@id\":\"https:\\\/\\\/www.organisator.ch\\\/marketing\\\/2024-10-30\\\/schweizer-detailhandel-leicht-im-minus-nonfood-bereich-bleibt-zurueckhaltend\\\/\",\"url\":\"https:\\\/\\\/www.organisator.ch\\\/marketing\\\/2024-10-30\\\/schweizer-detailhandel-leicht-im-minus-nonfood-bereich-bleibt-zurueckhaltend\\\/\",\"name\":\"Schweizer Detailhandel leicht im Minus: Nonfood-Bereich bleibt zur\u00fcckhaltend - Organisator\",\"isPartOf\":{\"@id\":\"https:\\\/\\\/www.organisator.ch\\\/#website\"},\"primaryImageOfPage\":{\"@id\":\"https:\\\/\\\/www.organisator.ch\\\/marketing\\\/2024-10-30\\\/schweizer-detailhandel-leicht-im-minus-nonfood-bereich-bleibt-zurueckhaltend\\\/#primaryimage\"},\"image\":{\"@id\":\"https:\\\/\\\/www.organisator.ch\\\/marketing\\\/2024-10-30\\\/schweizer-detailhandel-leicht-im-minus-nonfood-bereich-bleibt-zurueckhaltend\\\/#primaryimage\"},\"thumbnailUrl\":\"https:\\\/\\\/www.markt-kom.com\\\/wp-content\\\/uploads\\\/2024\\\/10\\\/Bildschirmfoto-2024-10-30-um-10.04.21.png\",\"datePublished\":\"2024-10-30T09:07:12+00:00\",\"dateModified\":\"2024-11-07T09:03:52+00:00\",\"description\":\"Der GfK Markt Monitor Schweiz 2024 zeigt eine ged\u00e4mpfte Konsumlaune und Entwicklungen im Detailhandel.\",\"breadcrumb\":{\"@id\":\"https:\\\/\\\/www.organisator.ch\\\/marketing\\\/2024-10-30\\\/schweizer-detailhandel-leicht-im-minus-nonfood-bereich-bleibt-zurueckhaltend\\\/#breadcrumb\"},\"inLanguage\":\"fr-FR\",\"potentialAction\":[{\"@type\":\"ReadAction\",\"target\":[\"https:\\\/\\\/www.organisator.ch\\\/marketing\\\/2024-10-30\\\/schweizer-detailhandel-leicht-im-minus-nonfood-bereich-bleibt-zurueckhaltend\\\/\"]}]},{\"@type\":\"ImageObject\",\"inLanguage\":\"fr-FR\",\"@id\":\"https:\\\/\\\/www.organisator.ch\\\/marketing\\\/2024-10-30\\\/schweizer-detailhandel-leicht-im-minus-nonfood-bereich-bleibt-zurueckhaltend\\\/#primaryimage\",\"url\":\"https:\\\/\\\/www.markt-kom.com\\\/wp-content\\\/uploads\\\/2024\\\/10\\\/Bildschirmfoto-2024-10-30-um-10.04.21.png\",\"contentUrl\":\"https:\\\/\\\/www.markt-kom.com\\\/wp-content\\\/uploads\\\/2024\\\/10\\\/Bildschirmfoto-2024-10-30-um-10.04.21.png\"},{\"@type\":\"BreadcrumbList\",\"@id\":\"https:\\\/\\\/www.organisator.ch\\\/marketing\\\/2024-10-30\\\/schweizer-detailhandel-leicht-im-minus-nonfood-bereich-bleibt-zurueckhaltend\\\/#breadcrumb\",\"itemListElement\":[{\"@type\":\"ListItem\",\"position\":1,\"name\":\"Home\",\"item\":\"https:\\\/\\\/www.organisator.ch\\\/\"},{\"@type\":\"ListItem\",\"position\":2,\"name\":\"Schweizer Detailhandel leicht im Minus: Nonfood-Bereich bleibt zur\u00fcckhaltend\"}]},{\"@type\":\"WebSite\",\"@id\":\"https:\\\/\\\/www.organisator.ch\\\/#website\",\"url\":\"https:\\\/\\\/www.organisator.ch\\\/\",\"name\":\"Organisator\",\"description\":\"Kompetent. Praxisnah. Der ORGANISATOR bereitet in 10 Ausgaben pro Jahr die wesentlichen Themen f\u00fcr F\u00fchrungskr\u00e4fte von KMU auf.\",\"publisher\":{\"@id\":\"https:\\\/\\\/www.organisator.ch\\\/#organization\"},\"potentialAction\":[{\"@type\":\"SearchAction\",\"target\":{\"@type\":\"EntryPoint\",\"urlTemplate\":\"https:\\\/\\\/www.organisator.ch\\\/?s={search_term_string}\"},\"query-input\":{\"@type\":\"PropertyValueSpecification\",\"valueRequired\":true,\"valueName\":\"search_term_string\"}}],\"inLanguage\":\"fr-FR\"},{\"@type\":\"Organization\",\"@id\":\"https:\\\/\\\/www.organisator.ch\\\/#organization\",\"name\":\"Organisator\",\"url\":\"https:\\\/\\\/www.organisator.ch\\\/\",\"logo\":{\"@type\":\"ImageObject\",\"inLanguage\":\"fr-FR\",\"@id\":\"https:\\\/\\\/www.organisator.ch\\\/#\\\/schema\\\/logo\\\/image\\\/\",\"url\":\"https:\\\/\\\/www.organisator.ch\\\/wp-content\\\/uploads\\\/2022\\\/01\\\/Logo_Organisator_Website.png\",\"contentUrl\":\"https:\\\/\\\/www.organisator.ch\\\/wp-content\\\/uploads\\\/2022\\\/01\\\/Logo_Organisator_Website.png\",\"width\":800,\"height\":77,\"caption\":\"Organisator\"},\"image\":{\"@id\":\"https:\\\/\\\/www.organisator.ch\\\/#\\\/schema\\\/logo\\\/image\\\/\"},\"sameAs\":[\"https:\\\/\\\/www.facebook.com\\\/OrganisatorFachmagazin\",\"https:\\\/\\\/www.linkedin.com\\\/showcase\\\/organisator-das-magazin-fr-kmu\",\"https:\\\/\\\/www.xing.com\\\/news\\\/pages\\\/organisator-ch-695\",\"https:\\\/\\\/www.youtube.com\\\/channel\\\/UCGP2Sq0iWaZwT3BdIAQFYpw\"]},{\"@type\":\"Person\",\"@id\":\"https:\\\/\\\/www.organisator.ch\\\/#\\\/schema\\\/person\\\/4e51799071cd2dd1232ac003643ef5f0\",\"name\":\"galledia\",\"image\":{\"@type\":\"ImageObject\",\"inLanguage\":\"fr-FR\",\"@id\":\"https:\\\/\\\/secure.gravatar.com\\\/avatar\\\/78a7f90c01fc2bfc875782a0d4922b37cde2cf184ce347b91316d23cd7f69a36?s=96&d=mm&r=g\",\"url\":\"https:\\\/\\\/secure.gravatar.com\\\/avatar\\\/78a7f90c01fc2bfc875782a0d4922b37cde2cf184ce347b91316d23cd7f69a36?s=96&d=mm&r=g\",\"contentUrl\":\"https:\\\/\\\/secure.gravatar.com\\\/avatar\\\/78a7f90c01fc2bfc875782a0d4922b37cde2cf184ce347b91316d23cd7f69a36?s=96&d=mm&r=g\",\"caption\":\"galledia\"},\"sameAs\":[\"https:\\\/\\\/x.com\\\/admin\"],\"url\":\"https:\\\/\\\/www.organisator.ch\\\/fr\\\/author\\\/galledia\\\/\"}]}<\/script>\n<!-- \/ Yoast SEO plugin. -->","yoast_head_json":{"title":"Le commerce de d\u00e9tail suisse l\u00e9g\u00e8rement dans le rouge : le secteur non alimentaire reste r\u00e9serv\u00e9 - Organisateur","description":"L'\u00e9tude GfK Markt Monitor Schweiz 2024 r\u00e9v\u00e8le un moral des consommateurs en berne et des \u00e9volutions dans le commerce de d\u00e9tail.","robots":{"index":"index","follow":"follow","max-snippet":"max-snippet:-1","max-image-preview":"max-image-preview:large","max-video-preview":"max-video-preview:-1"},"canonical":"https:\/\/www.organisator.ch\/fr\/marketing\/2024-10-30\/schweizer-detailhandel-leicht-im-minus-nonfood-bereich-bleibt-zurueckhaltend\/","og_locale":"fr_FR","og_type":"article","og_title":"Schweizer Detailhandel leicht im Minus: Nonfood-Bereich bleibt zur\u00fcckhaltend - Organisator","og_description":"Der GfK Markt Monitor Schweiz 2024 zeigt eine ged\u00e4mpfte Konsumlaune und Entwicklungen im Detailhandel.","og_url":"https:\/\/www.organisator.ch\/fr\/marketing\/2024-10-30\/schweizer-detailhandel-leicht-im-minus-nonfood-bereich-bleibt-zurueckhaltend\/","og_site_name":"Organisator","article_publisher":"https:\/\/www.facebook.com\/OrganisatorFachmagazin","article_published_time":"2024-10-30T09:07:12+00:00","article_modified_time":"2024-11-07T09:03:52+00:00","og_image":[{"url":"https:\/\/www.markt-kom.com\/wp-content\/uploads\/2024\/10\/Bildschirmfoto-2024-10-30-um-10.04.21.png","type":"","width":"","height":""}],"author":"galledia","twitter_card":"summary_large_image","twitter_creator":"@admin","schema":{"@context":"https:\/\/schema.org","@graph":[{"@type":"Article","@id":"https:\/\/www.organisator.ch\/marketing\/2024-10-30\/schweizer-detailhandel-leicht-im-minus-nonfood-bereich-bleibt-zurueckhaltend\/#article","isPartOf":{"@id":"https:\/\/www.organisator.ch\/marketing\/2024-10-30\/schweizer-detailhandel-leicht-im-minus-nonfood-bereich-bleibt-zurueckhaltend\/"},"author":{"name":"galledia","@id":"https:\/\/www.organisator.ch\/#\/schema\/person\/4e51799071cd2dd1232ac003643ef5f0"},"headline":"Schweizer Detailhandel leicht im Minus: Nonfood-Bereich bleibt zur\u00fcckhaltend","datePublished":"2024-10-30T09:07:12+00:00","dateModified":"2024-11-07T09:03:52+00:00","mainEntityOfPage":{"@id":"https:\/\/www.organisator.ch\/marketing\/2024-10-30\/schweizer-detailhandel-leicht-im-minus-nonfood-bereich-bleibt-zurueckhaltend\/"},"wordCount":298,"publisher":{"@id":"https:\/\/www.organisator.ch\/#organization"},"image":{"@id":"https:\/\/www.organisator.ch\/marketing\/2024-10-30\/schweizer-detailhandel-leicht-im-minus-nonfood-bereich-bleibt-zurueckhaltend\/#primaryimage"},"thumbnailUrl":"https:\/\/www.markt-kom.com\/wp-content\/uploads\/2024\/10\/Bildschirmfoto-2024-10-30-um-10.04.21.png","keywords":["Business"],"articleSection":["MARKETING"],"inLanguage":"fr-FR"},{"@type":"WebPage","@id":"https:\/\/www.organisator.ch\/marketing\/2024-10-30\/schweizer-detailhandel-leicht-im-minus-nonfood-bereich-bleibt-zurueckhaltend\/","url":"https:\/\/www.organisator.ch\/marketing\/2024-10-30\/schweizer-detailhandel-leicht-im-minus-nonfood-bereich-bleibt-zurueckhaltend\/","name":"Le commerce de d\u00e9tail suisse l\u00e9g\u00e8rement dans le rouge : le secteur non alimentaire reste r\u00e9serv\u00e9 - Organisateur","isPartOf":{"@id":"https:\/\/www.organisator.ch\/#website"},"primaryImageOfPage":{"@id":"https:\/\/www.organisator.ch\/marketing\/2024-10-30\/schweizer-detailhandel-leicht-im-minus-nonfood-bereich-bleibt-zurueckhaltend\/#primaryimage"},"image":{"@id":"https:\/\/www.organisator.ch\/marketing\/2024-10-30\/schweizer-detailhandel-leicht-im-minus-nonfood-bereich-bleibt-zurueckhaltend\/#primaryimage"},"thumbnailUrl":"https:\/\/www.markt-kom.com\/wp-content\/uploads\/2024\/10\/Bildschirmfoto-2024-10-30-um-10.04.21.png","datePublished":"2024-10-30T09:07:12+00:00","dateModified":"2024-11-07T09:03:52+00:00","description":"L'\u00e9tude GfK Markt Monitor Schweiz 2024 r\u00e9v\u00e8le un moral des consommateurs en berne et des \u00e9volutions dans le commerce de d\u00e9tail.","breadcrumb":{"@id":"https:\/\/www.organisator.ch\/marketing\/2024-10-30\/schweizer-detailhandel-leicht-im-minus-nonfood-bereich-bleibt-zurueckhaltend\/#breadcrumb"},"inLanguage":"fr-FR","potentialAction":[{"@type":"ReadAction","target":["https:\/\/www.organisator.ch\/marketing\/2024-10-30\/schweizer-detailhandel-leicht-im-minus-nonfood-bereich-bleibt-zurueckhaltend\/"]}]},{"@type":"ImageObject","inLanguage":"fr-FR","@id":"https:\/\/www.organisator.ch\/marketing\/2024-10-30\/schweizer-detailhandel-leicht-im-minus-nonfood-bereich-bleibt-zurueckhaltend\/#primaryimage","url":"https:\/\/www.markt-kom.com\/wp-content\/uploads\/2024\/10\/Bildschirmfoto-2024-10-30-um-10.04.21.png","contentUrl":"https:\/\/www.markt-kom.com\/wp-content\/uploads\/2024\/10\/Bildschirmfoto-2024-10-30-um-10.04.21.png"},{"@type":"BreadcrumbList","@id":"https:\/\/www.organisator.ch\/marketing\/2024-10-30\/schweizer-detailhandel-leicht-im-minus-nonfood-bereich-bleibt-zurueckhaltend\/#breadcrumb","itemListElement":[{"@type":"ListItem","position":1,"name":"Home","item":"https:\/\/www.organisator.ch\/"},{"@type":"ListItem","position":2,"name":"Schweizer Detailhandel leicht im Minus: Nonfood-Bereich bleibt zur\u00fcckhaltend"}]},{"@type":"WebSite","@id":"https:\/\/www.organisator.ch\/#website","url":"https:\/\/www.organisator.ch\/","name":"Organisateur","description":"Comp\u00e9tence et comp\u00e9tence. Proches de la pratique. L'ORGANISATEUR pr\u00e9pare 10 num\u00e9ros par an sur les th\u00e8mes essentiels pour les dirigeants de PME.","publisher":{"@id":"https:\/\/www.organisator.ch\/#organization"},"potentialAction":[{"@type":"SearchAction","target":{"@type":"EntryPoint","urlTemplate":"https:\/\/www.organisator.ch\/?s={search_term_string}"},"query-input":{"@type":"PropertyValueSpecification","valueRequired":true,"valueName":"search_term_string"}}],"inLanguage":"fr-FR"},{"@type":"Organization","@id":"https:\/\/www.organisator.ch\/#organization","name":"Organisateur","url":"https:\/\/www.organisator.ch\/","logo":{"@type":"ImageObject","inLanguage":"fr-FR","@id":"https:\/\/www.organisator.ch\/#\/schema\/logo\/image\/","url":"https:\/\/www.organisator.ch\/wp-content\/uploads\/2022\/01\/Logo_Organisator_Website.png","contentUrl":"https:\/\/www.organisator.ch\/wp-content\/uploads\/2022\/01\/Logo_Organisator_Website.png","width":800,"height":77,"caption":"Organisator"},"image":{"@id":"https:\/\/www.organisator.ch\/#\/schema\/logo\/image\/"},"sameAs":["https:\/\/www.facebook.com\/OrganisatorFachmagazin","https:\/\/www.linkedin.com\/showcase\/organisator-das-magazin-fr-kmu","https:\/\/www.xing.com\/news\/pages\/organisator-ch-695","https:\/\/www.youtube.com\/channel\/UCGP2Sq0iWaZwT3BdIAQFYpw"]},{"@type":"Person","@id":"https:\/\/www.organisator.ch\/#\/schema\/person\/4e51799071cd2dd1232ac003643ef5f0","name":"galledia","image":{"@type":"ImageObject","inLanguage":"fr-FR","@id":"https:\/\/secure.gravatar.com\/avatar\/78a7f90c01fc2bfc875782a0d4922b37cde2cf184ce347b91316d23cd7f69a36?s=96&d=mm&r=g","url":"https:\/\/secure.gravatar.com\/avatar\/78a7f90c01fc2bfc875782a0d4922b37cde2cf184ce347b91316d23cd7f69a36?s=96&d=mm&r=g","contentUrl":"https:\/\/secure.gravatar.com\/avatar\/78a7f90c01fc2bfc875782a0d4922b37cde2cf184ce347b91316d23cd7f69a36?s=96&d=mm&r=g","caption":"galledia"},"sameAs":["https:\/\/x.com\/admin"],"url":"https:\/\/www.organisator.ch\/fr\/author\/galledia\/"}]}},"_links":{"self":[{"href":"https:\/\/www.organisator.ch\/fr\/wp-json\/wp\/v2\/posts\/31375","targetHints":{"allow":["GET"]}}],"collection":[{"href":"https:\/\/www.organisator.ch\/fr\/wp-json\/wp\/v2\/posts"}],"about":[{"href":"https:\/\/www.organisator.ch\/fr\/wp-json\/wp\/v2\/types\/post"}],"author":[{"embeddable":true,"href":"https:\/\/www.organisator.ch\/fr\/wp-json\/wp\/v2\/users\/8"}],"replies":[{"embeddable":true,"href":"https:\/\/www.organisator.ch\/fr\/wp-json\/wp\/v2\/comments?post=31375"}],"version-history":[{"count":4,"href":"https:\/\/www.organisator.ch\/fr\/wp-json\/wp\/v2\/posts\/31375\/revisions"}],"predecessor-version":[{"id":31687,"href":"https:\/\/www.organisator.ch\/fr\/wp-json\/wp\/v2\/posts\/31375\/revisions\/31687"}],"wp:attachment":[{"href":"https:\/\/www.organisator.ch\/fr\/wp-json\/wp\/v2\/media?parent=31375"}],"wp:term":[{"taxonomy":"category","embeddable":true,"href":"https:\/\/www.organisator.ch\/fr\/wp-json\/wp\/v2\/categories?post=31375"},{"taxonomy":"post_tag","embeddable":true,"href":"https:\/\/www.organisator.ch\/fr\/wp-json\/wp\/v2\/tags?post=31375"}],"curies":[{"name":"wp","href":"https:\/\/api.w.org\/{rel}","templated":true}]}}