{"id":31377,"date":"2024-10-30T09:54:50","date_gmt":"2024-10-30T08:54:50","guid":{"rendered":"https:\/\/www.markt-kom.com\/?p=225765"},"modified":"2024-11-07T10:06:28","modified_gmt":"2024-11-07T09:06:28","slug":"europa-im-kaufkraftvergleich-2024-schweiz-unter-den-spitzenreitern-grosse-regionale-unterschiede-sichtbar","status":"publish","type":"post","link":"https:\/\/www.organisator.ch\/fr\/marketing\/2024-10-30\/europa-im-kaufkraftvergleich-2024-schweiz-unter-den-spitzenreitern-grosse-regionale-unterschiede-sichtbar\/","title":{"rendered":"Comparaison du pouvoir d'achat en Europe en 2024 : la Suisse parmi les leaders, de grandes diff\u00e9rences r\u00e9gionales visibles"},"content":{"rendered":"<p>&nbsp;<\/p>\r\n<figure id=\"attachment_225767\" class=\"wp-caption alignnone\" style=\"width: 1031px\" aria-describedby=\"caption-attachment-225767\"><a href=\"https:\/\/www.markt-kom.com\/wp-content\/uploads\/2024\/10\/Bildschirmfoto-2024-10-30-um-09.47.28.png\"><img class=\"alignnone wp-image-225767 size-full\" src=\"https:\/\/www.markt-kom.com\/wp-content\/uploads\/2024\/10\/Bildschirmfoto-2024-10-30-um-09.47.28.png\" alt=\"\u00c9tude GfK\" width=\"1031\" height=\"707\" \/><\/a>\r\n<figcaption id=\"caption-attachment-225767\" class=\"wp-caption-text\">Le pouvoir d'achat des Europ\u00e9ens passera \u00e0 18 768 euros en 2024 - La r\u00e9gion DACH, au pouvoir d'achat \u00e9lev\u00e9, est bien positionn\u00e9e. Plus il y a de rouge, plus le pouvoir d'achat est \u00e9lev\u00e9.<\/figcaption>\r\n<\/figure>\r\n<p>Le site <a href=\"https:\/\/nielseniq.com\/global\/de\/news-center\/2024\/die-kaufkraft-der-europaer-steigt-2024-auf-18-768-euro\/\" rel=\"noopener\">\u00c9tude GfK<\/a> sur le pouvoir d'achat europ\u00e9en en 2024 met en \u00e9vidence les diff\u00e9rences de revenus parfois consid\u00e9rables au sein de l'Europe : alors que le pouvoir d'achat par habitant au Liechtenstein atteint 70 180 euros, soit plus de 3,7 fois la moyenne, la Suisse et le Luxembourg s'assurent la deuxi\u00e8me et la troisi\u00e8me place du classement avec 52 566 et 41 785 euros par habitant. La Suisse en particulier fait preuve d'une force de pouvoir d'achat impressionnante et constante et se positionne nettement au-dessus de la moyenne europ\u00e9enne. L'Autriche se classe \u00e9galement parmi les dix premiers pays avec une augmentation \u00e0 la sixi\u00e8me place.<\/p>\r\n<figure id=\"attachment_225769\" class=\"wp-caption alignnone\" style=\"width: 1300px\" aria-describedby=\"caption-attachment-225769\"><a href=\"https:\/\/www.markt-kom.com\/wp-content\/uploads\/2024\/10\/Bildschirmfoto-2024-10-30-um-09.50.46.png\"><img class=\"size-full wp-image-225769\" src=\"https:\/\/www.markt-kom.com\/wp-content\/uploads\/2024\/10\/Bildschirmfoto-2024-10-30-um-09.50.46.png\" alt=\"Classement du pouvoir d&#039;achat en Europe (Top 10)\" width=\"1300\" height=\"575\" \/><\/a>\r\n<figcaption id=\"caption-attachment-225769\" class=\"wp-caption-text\">GfK Pouvoir d'achat Europe 2024 * Indice par habitant : moyenne europ\u00e9enne = 100<\/figcaption>\r\n<\/figure>\r\n<p>La comparaison entre les pays r\u00e9v\u00e8le une disparit\u00e9 r\u00e9gionale qui, si elle semble att\u00e9nu\u00e9e aux Pays-Bas, en Allemagne et en Autriche, pr\u00e9sente des diff\u00e9rences consid\u00e9rables entre les r\u00e9gions plus riches et les r\u00e9gions \u00e0 plus faibles revenus, notamment en France, en Italie et en Espagne. En France, le pouvoir d'achat dans la r\u00e9gion capitale \u00cele-de-France est nettement sup\u00e9rieur \u00e0 la moyenne nationale et reste le centre \u00e9conomique du pays. L'Italie, quant \u00e0 elle, enregistre une nette opposition nord-sud : alors que la province de Bolzano, nouvelle championne, repr\u00e9sente les r\u00e9gions les plus prosp\u00e8res du nord de l'Italie, le sud de l'Italie reste nettement en de\u00e7\u00e0 de la moyenne nationale.<\/p>\r\n<p>Dans le classement g\u00e9n\u00e9ral europ\u00e9en, la Grande-Bretagne et les Pays-Bas progressent tous deux cette ann\u00e9e : La Grande-Bretagne gagne trois places et se classe septi\u00e8me avec un pouvoir d'achat de 28.086 euros par habitant, tandis que les Pays-Bas se hissent \u00e0 la dixi\u00e8me place avec une valeur moyenne de 27.558 euros et montrent une r\u00e9partition relativement \u00e9quilibr\u00e9e du pouvoir d'achat entre les provinces.<\/p>\r\n<p>Au total, 16 des 42 pays \u00e9tudi\u00e9s se situent au-dessus de la moyenne europ\u00e9enne. Malgr\u00e9 une croissance nominale du pouvoir d'achat de 3,9%, l'\u00e9cart de revenus entre les r\u00e9gions et les pays reste marqu\u00e9, en particulier dans les pays d'Europe de l'Est et du Sud comme la Pologne, la Hongrie et la Roumanie, o\u00f9 le revenu net disponible reste comparativement faible. Il est toutefois frappant de constater une tendance au rapprochement des revenus dans les r\u00e9gions moins prosp\u00e8res. L'\u00e9tude \"Pouvoir d'achat Europe 2024\" est disponible d\u00e8s \u00e0 pr\u00e9sent et contient des donn\u00e9es d\u00e9taill\u00e9es au niveau des communes et des codes postaux.<\/p>\r\n<hr \/>\r\n<p>Vers l'\u00e9tude :<\/p>\r\n<p>L'\u00e9tude \"GfK Kaufkraft Europa 2024\" est disponible pour 42 pays europ\u00e9ens \u00e0 des niveaux spatiaux fins tels que les communes et les codes postaux, ainsi que des donn\u00e9es appropri\u00e9es sur les habitants et les m\u00e9nages et des cartes num\u00e9riques.<\/p>\r\n<p>Le pouvoir d'achat d\u00e9signe le revenu disponible sans les imp\u00f4ts et les cotisations sociales, y compris les prestations de transfert, et est exprim\u00e9 en euros par habitant et par an sous forme d'indice. Le pouvoir d'achat GfK se r\u00e9f\u00e8re aux revenus disponibles nominaux. Cela signifie que les valeurs ne sont pas corrig\u00e9es de l'inflation. Outre les donn\u00e9es des statistiques de l'imp\u00f4t sur le revenu, le calcul se base sur les statistiques pertinentes pour le calcul des prestations de transfert ainsi que sur les valeurs pr\u00e9visionnelles des instituts \u00e9conomiques.<\/p>\r\n<p>Le pouvoir d'achat g\u00e9n\u00e9ral permet aux consommateurs de faire face \u00e0 toutes les d\u00e9penses li\u00e9es \u00e0 l'alimentation, au logement, aux services, mais aussi aux co\u00fbts de l'\u00e9nergie, \u00e0 la pr\u00e9voyance vieillesse priv\u00e9e et aux assurances, ainsi qu'\u00e0 d'autres d\u00e9penses, par exemple pour les vacances, leur mobilit\u00e9 et leurs souhaits de consommation.<\/p>","protected":false},"excerpt":{"rendered":"<p>L'\u00e9tude GfK \"Pouvoir d'achat Europe 2024\" r\u00e9v\u00e8le de nettes diff\u00e9rences entre les 42 pays \u00e9tudi\u00e9s. Le Liechtenstein, la Suisse et le Luxembourg sont en t\u00eate du classement avec des valeurs record, tandis que le pouvoir d'achat reste faible au Kosovo, en Bi\u00e9lorussie et en Ukraine. Au total, le pouvoir d'achat moyen s'\u00e9l\u00e8ve \u00e0 18 768 euros par habitant.<\/p>","protected":false},"author":8,"featured_media":0,"comment_status":"closed","ping_status":"closed","sticky":false,"template":"","format":"standard","meta":{"_acf_changed":false,"_yoast_wpseo_focuskw":"GfK-Studie","_yoast_wpseo_metadesc":"Die GfK-Studie zeigt 2024 steigende Kaufkraft in Europa, mit Liechtenstein, Schweiz und Luxemburg an der Spitze.","articlekey":"","footnotes":""},"categories":[29],"tags":[4345,3610,4314],"class_list":["post-31377","post","type-post","status-publish","format-standard","hentry","category-marketing","tag-business","tag-gfk","tag-kaufkraft"],"acf":[],"yoast_head":"<!-- This site is optimized with the Yoast SEO plugin v27.4 - https:\/\/yoast.com\/product\/yoast-seo-wordpress\/ -->\n<title>Europa im Kaufkraftvergleich 2024: Schweiz unter den Spitzenreitern, grosse regionale Unterschiede sichtbar - Organisator<\/title>\n<meta name=\"description\" content=\"Die GfK-Studie zeigt 2024 steigende Kaufkraft in Europa, mit Liechtenstein, Schweiz und Luxemburg an der Spitze.\" \/>\n<meta name=\"robots\" content=\"index, follow, max-snippet:-1, max-image-preview:large, max-video-preview:-1\" \/>\n<link rel=\"canonical\" href=\"https:\/\/www.organisator.ch\/fr\/marketing\/2024-10-30\/europa-im-kaufkraftvergleich-2024-schweiz-unter-den-spitzenreitern-grosse-regionale-unterschiede-sichtbar\/\" \/>\n<meta property=\"og:locale\" content=\"fr_FR\" \/>\n<meta property=\"og:type\" content=\"article\" \/>\n<meta property=\"og:title\" content=\"Europa im Kaufkraftvergleich 2024: Schweiz unter den Spitzenreitern, grosse regionale Unterschiede sichtbar - Organisator\" \/>\n<meta property=\"og:description\" content=\"Die GfK-Studie zeigt 2024 steigende Kaufkraft in Europa, mit Liechtenstein, Schweiz und Luxemburg an der Spitze.\" \/>\n<meta property=\"og:url\" content=\"https:\/\/www.organisator.ch\/fr\/marketing\/2024-10-30\/europa-im-kaufkraftvergleich-2024-schweiz-unter-den-spitzenreitern-grosse-regionale-unterschiede-sichtbar\/\" \/>\n<meta property=\"og:site_name\" content=\"Organisator\" \/>\n<meta property=\"article:publisher\" content=\"https:\/\/www.facebook.com\/OrganisatorFachmagazin\" \/>\n<meta property=\"article:published_time\" content=\"2024-10-30T08:54:50+00:00\" \/>\n<meta property=\"article:modified_time\" content=\"2024-11-07T09:06:28+00:00\" \/>\n<meta property=\"og:image\" content=\"https:\/\/www.markt-kom.com\/wp-content\/uploads\/2024\/10\/Bildschirmfoto-2024-10-30-um-09.47.28.png\" \/>\n<meta name=\"author\" content=\"galledia\" \/>\n<meta name=\"twitter:card\" content=\"summary_large_image\" \/>\n<meta name=\"twitter:creator\" content=\"@admin\" \/>\n<script type=\"application\/ld+json\" class=\"yoast-schema-graph\">{\"@context\":\"https:\\\/\\\/schema.org\",\"@graph\":[{\"@type\":\"Article\",\"@id\":\"https:\\\/\\\/www.organisator.ch\\\/marketing\\\/2024-10-30\\\/europa-im-kaufkraftvergleich-2024-schweiz-unter-den-spitzenreitern-grosse-regionale-unterschiede-sichtbar\\\/#article\",\"isPartOf\":{\"@id\":\"https:\\\/\\\/www.organisator.ch\\\/marketing\\\/2024-10-30\\\/europa-im-kaufkraftvergleich-2024-schweiz-unter-den-spitzenreitern-grosse-regionale-unterschiede-sichtbar\\\/\"},\"author\":{\"name\":\"galledia\",\"@id\":\"https:\\\/\\\/www.organisator.ch\\\/#\\\/schema\\\/person\\\/4e51799071cd2dd1232ac003643ef5f0\"},\"headline\":\"Europa im Kaufkraftvergleich 2024: Schweiz unter den Spitzenreitern, grosse regionale Unterschiede sichtbar\",\"datePublished\":\"2024-10-30T08:54:50+00:00\",\"dateModified\":\"2024-11-07T09:06:28+00:00\",\"mainEntityOfPage\":{\"@id\":\"https:\\\/\\\/www.organisator.ch\\\/marketing\\\/2024-10-30\\\/europa-im-kaufkraftvergleich-2024-schweiz-unter-den-spitzenreitern-grosse-regionale-unterschiede-sichtbar\\\/\"},\"wordCount\":477,\"publisher\":{\"@id\":\"https:\\\/\\\/www.organisator.ch\\\/#organization\"},\"image\":{\"@id\":\"https:\\\/\\\/www.organisator.ch\\\/marketing\\\/2024-10-30\\\/europa-im-kaufkraftvergleich-2024-schweiz-unter-den-spitzenreitern-grosse-regionale-unterschiede-sichtbar\\\/#primaryimage\"},\"thumbnailUrl\":\"https:\\\/\\\/www.markt-kom.com\\\/wp-content\\\/uploads\\\/2024\\\/10\\\/Bildschirmfoto-2024-10-30-um-09.47.28.png\",\"keywords\":[\"Business\",\"Gfk\",\"Kaufkraft\"],\"articleSection\":[\"MARKETING\"],\"inLanguage\":\"fr-FR\"},{\"@type\":\"WebPage\",\"@id\":\"https:\\\/\\\/www.organisator.ch\\\/marketing\\\/2024-10-30\\\/europa-im-kaufkraftvergleich-2024-schweiz-unter-den-spitzenreitern-grosse-regionale-unterschiede-sichtbar\\\/\",\"url\":\"https:\\\/\\\/www.organisator.ch\\\/marketing\\\/2024-10-30\\\/europa-im-kaufkraftvergleich-2024-schweiz-unter-den-spitzenreitern-grosse-regionale-unterschiede-sichtbar\\\/\",\"name\":\"Europa im Kaufkraftvergleich 2024: Schweiz unter den Spitzenreitern, grosse regionale Unterschiede sichtbar - Organisator\",\"isPartOf\":{\"@id\":\"https:\\\/\\\/www.organisator.ch\\\/#website\"},\"primaryImageOfPage\":{\"@id\":\"https:\\\/\\\/www.organisator.ch\\\/marketing\\\/2024-10-30\\\/europa-im-kaufkraftvergleich-2024-schweiz-unter-den-spitzenreitern-grosse-regionale-unterschiede-sichtbar\\\/#primaryimage\"},\"image\":{\"@id\":\"https:\\\/\\\/www.organisator.ch\\\/marketing\\\/2024-10-30\\\/europa-im-kaufkraftvergleich-2024-schweiz-unter-den-spitzenreitern-grosse-regionale-unterschiede-sichtbar\\\/#primaryimage\"},\"thumbnailUrl\":\"https:\\\/\\\/www.markt-kom.com\\\/wp-content\\\/uploads\\\/2024\\\/10\\\/Bildschirmfoto-2024-10-30-um-09.47.28.png\",\"datePublished\":\"2024-10-30T08:54:50+00:00\",\"dateModified\":\"2024-11-07T09:06:28+00:00\",\"description\":\"Die GfK-Studie zeigt 2024 steigende Kaufkraft in Europa, mit Liechtenstein, Schweiz und Luxemburg an der Spitze.\",\"breadcrumb\":{\"@id\":\"https:\\\/\\\/www.organisator.ch\\\/marketing\\\/2024-10-30\\\/europa-im-kaufkraftvergleich-2024-schweiz-unter-den-spitzenreitern-grosse-regionale-unterschiede-sichtbar\\\/#breadcrumb\"},\"inLanguage\":\"fr-FR\",\"potentialAction\":[{\"@type\":\"ReadAction\",\"target\":[\"https:\\\/\\\/www.organisator.ch\\\/marketing\\\/2024-10-30\\\/europa-im-kaufkraftvergleich-2024-schweiz-unter-den-spitzenreitern-grosse-regionale-unterschiede-sichtbar\\\/\"]}]},{\"@type\":\"ImageObject\",\"inLanguage\":\"fr-FR\",\"@id\":\"https:\\\/\\\/www.organisator.ch\\\/marketing\\\/2024-10-30\\\/europa-im-kaufkraftvergleich-2024-schweiz-unter-den-spitzenreitern-grosse-regionale-unterschiede-sichtbar\\\/#primaryimage\",\"url\":\"https:\\\/\\\/www.markt-kom.com\\\/wp-content\\\/uploads\\\/2024\\\/10\\\/Bildschirmfoto-2024-10-30-um-09.47.28.png\",\"contentUrl\":\"https:\\\/\\\/www.markt-kom.com\\\/wp-content\\\/uploads\\\/2024\\\/10\\\/Bildschirmfoto-2024-10-30-um-09.47.28.png\"},{\"@type\":\"BreadcrumbList\",\"@id\":\"https:\\\/\\\/www.organisator.ch\\\/marketing\\\/2024-10-30\\\/europa-im-kaufkraftvergleich-2024-schweiz-unter-den-spitzenreitern-grosse-regionale-unterschiede-sichtbar\\\/#breadcrumb\",\"itemListElement\":[{\"@type\":\"ListItem\",\"position\":1,\"name\":\"Home\",\"item\":\"https:\\\/\\\/www.organisator.ch\\\/\"},{\"@type\":\"ListItem\",\"position\":2,\"name\":\"Europa im Kaufkraftvergleich 2024: Schweiz unter den Spitzenreitern, grosse regionale Unterschiede sichtbar\"}]},{\"@type\":\"WebSite\",\"@id\":\"https:\\\/\\\/www.organisator.ch\\\/#website\",\"url\":\"https:\\\/\\\/www.organisator.ch\\\/\",\"name\":\"Organisator\",\"description\":\"Kompetent. Praxisnah. Der ORGANISATOR bereitet in 10 Ausgaben pro Jahr die wesentlichen Themen f\u00fcr F\u00fchrungskr\u00e4fte von KMU auf.\",\"publisher\":{\"@id\":\"https:\\\/\\\/www.organisator.ch\\\/#organization\"},\"potentialAction\":[{\"@type\":\"SearchAction\",\"target\":{\"@type\":\"EntryPoint\",\"urlTemplate\":\"https:\\\/\\\/www.organisator.ch\\\/?s={search_term_string}\"},\"query-input\":{\"@type\":\"PropertyValueSpecification\",\"valueRequired\":true,\"valueName\":\"search_term_string\"}}],\"inLanguage\":\"fr-FR\"},{\"@type\":\"Organization\",\"@id\":\"https:\\\/\\\/www.organisator.ch\\\/#organization\",\"name\":\"Organisator\",\"url\":\"https:\\\/\\\/www.organisator.ch\\\/\",\"logo\":{\"@type\":\"ImageObject\",\"inLanguage\":\"fr-FR\",\"@id\":\"https:\\\/\\\/www.organisator.ch\\\/#\\\/schema\\\/logo\\\/image\\\/\",\"url\":\"https:\\\/\\\/www.organisator.ch\\\/wp-content\\\/uploads\\\/2022\\\/01\\\/Logo_Organisator_Website.png\",\"contentUrl\":\"https:\\\/\\\/www.organisator.ch\\\/wp-content\\\/uploads\\\/2022\\\/01\\\/Logo_Organisator_Website.png\",\"width\":800,\"height\":77,\"caption\":\"Organisator\"},\"image\":{\"@id\":\"https:\\\/\\\/www.organisator.ch\\\/#\\\/schema\\\/logo\\\/image\\\/\"},\"sameAs\":[\"https:\\\/\\\/www.facebook.com\\\/OrganisatorFachmagazin\",\"https:\\\/\\\/www.linkedin.com\\\/showcase\\\/organisator-das-magazin-fr-kmu\",\"https:\\\/\\\/www.xing.com\\\/news\\\/pages\\\/organisator-ch-695\",\"https:\\\/\\\/www.youtube.com\\\/channel\\\/UCGP2Sq0iWaZwT3BdIAQFYpw\"]},{\"@type\":\"Person\",\"@id\":\"https:\\\/\\\/www.organisator.ch\\\/#\\\/schema\\\/person\\\/4e51799071cd2dd1232ac003643ef5f0\",\"name\":\"galledia\",\"image\":{\"@type\":\"ImageObject\",\"inLanguage\":\"fr-FR\",\"@id\":\"https:\\\/\\\/secure.gravatar.com\\\/avatar\\\/78a7f90c01fc2bfc875782a0d4922b37cde2cf184ce347b91316d23cd7f69a36?s=96&d=mm&r=g\",\"url\":\"https:\\\/\\\/secure.gravatar.com\\\/avatar\\\/78a7f90c01fc2bfc875782a0d4922b37cde2cf184ce347b91316d23cd7f69a36?s=96&d=mm&r=g\",\"contentUrl\":\"https:\\\/\\\/secure.gravatar.com\\\/avatar\\\/78a7f90c01fc2bfc875782a0d4922b37cde2cf184ce347b91316d23cd7f69a36?s=96&d=mm&r=g\",\"caption\":\"galledia\"},\"sameAs\":[\"https:\\\/\\\/x.com\\\/admin\"],\"url\":\"https:\\\/\\\/www.organisator.ch\\\/fr\\\/author\\\/galledia\\\/\"}]}<\/script>\n<!-- \/ Yoast SEO plugin. -->","yoast_head_json":{"title":"Comparaison du pouvoir d'achat en Europe en 2024 : la Suisse parmi les leaders, de grandes diff\u00e9rences r\u00e9gionales visibles - Organisateur","description":"L'\u00e9tude GfK montre un pouvoir d'achat en hausse en Europe en 2024, avec le Liechtenstein, la Suisse et le Luxembourg en t\u00eate.","robots":{"index":"index","follow":"follow","max-snippet":"max-snippet:-1","max-image-preview":"max-image-preview:large","max-video-preview":"max-video-preview:-1"},"canonical":"https:\/\/www.organisator.ch\/fr\/marketing\/2024-10-30\/europa-im-kaufkraftvergleich-2024-schweiz-unter-den-spitzenreitern-grosse-regionale-unterschiede-sichtbar\/","og_locale":"fr_FR","og_type":"article","og_title":"Europa im Kaufkraftvergleich 2024: Schweiz unter den Spitzenreitern, grosse regionale Unterschiede sichtbar - Organisator","og_description":"Die GfK-Studie zeigt 2024 steigende Kaufkraft in Europa, mit Liechtenstein, Schweiz und Luxemburg an der Spitze.","og_url":"https:\/\/www.organisator.ch\/fr\/marketing\/2024-10-30\/europa-im-kaufkraftvergleich-2024-schweiz-unter-den-spitzenreitern-grosse-regionale-unterschiede-sichtbar\/","og_site_name":"Organisator","article_publisher":"https:\/\/www.facebook.com\/OrganisatorFachmagazin","article_published_time":"2024-10-30T08:54:50+00:00","article_modified_time":"2024-11-07T09:06:28+00:00","og_image":[{"url":"https:\/\/www.markt-kom.com\/wp-content\/uploads\/2024\/10\/Bildschirmfoto-2024-10-30-um-09.47.28.png","type":"","width":"","height":""}],"author":"galledia","twitter_card":"summary_large_image","twitter_creator":"@admin","schema":{"@context":"https:\/\/schema.org","@graph":[{"@type":"Article","@id":"https:\/\/www.organisator.ch\/marketing\/2024-10-30\/europa-im-kaufkraftvergleich-2024-schweiz-unter-den-spitzenreitern-grosse-regionale-unterschiede-sichtbar\/#article","isPartOf":{"@id":"https:\/\/www.organisator.ch\/marketing\/2024-10-30\/europa-im-kaufkraftvergleich-2024-schweiz-unter-den-spitzenreitern-grosse-regionale-unterschiede-sichtbar\/"},"author":{"name":"galledia","@id":"https:\/\/www.organisator.ch\/#\/schema\/person\/4e51799071cd2dd1232ac003643ef5f0"},"headline":"Europa im Kaufkraftvergleich 2024: Schweiz unter den Spitzenreitern, grosse regionale Unterschiede sichtbar","datePublished":"2024-10-30T08:54:50+00:00","dateModified":"2024-11-07T09:06:28+00:00","mainEntityOfPage":{"@id":"https:\/\/www.organisator.ch\/marketing\/2024-10-30\/europa-im-kaufkraftvergleich-2024-schweiz-unter-den-spitzenreitern-grosse-regionale-unterschiede-sichtbar\/"},"wordCount":477,"publisher":{"@id":"https:\/\/www.organisator.ch\/#organization"},"image":{"@id":"https:\/\/www.organisator.ch\/marketing\/2024-10-30\/europa-im-kaufkraftvergleich-2024-schweiz-unter-den-spitzenreitern-grosse-regionale-unterschiede-sichtbar\/#primaryimage"},"thumbnailUrl":"https:\/\/www.markt-kom.com\/wp-content\/uploads\/2024\/10\/Bildschirmfoto-2024-10-30-um-09.47.28.png","keywords":["Business","Gfk","Kaufkraft"],"articleSection":["MARKETING"],"inLanguage":"fr-FR"},{"@type":"WebPage","@id":"https:\/\/www.organisator.ch\/marketing\/2024-10-30\/europa-im-kaufkraftvergleich-2024-schweiz-unter-den-spitzenreitern-grosse-regionale-unterschiede-sichtbar\/","url":"https:\/\/www.organisator.ch\/marketing\/2024-10-30\/europa-im-kaufkraftvergleich-2024-schweiz-unter-den-spitzenreitern-grosse-regionale-unterschiede-sichtbar\/","name":"Comparaison du pouvoir d'achat en Europe en 2024 : la Suisse parmi les leaders, de grandes diff\u00e9rences r\u00e9gionales visibles - Organisateur","isPartOf":{"@id":"https:\/\/www.organisator.ch\/#website"},"primaryImageOfPage":{"@id":"https:\/\/www.organisator.ch\/marketing\/2024-10-30\/europa-im-kaufkraftvergleich-2024-schweiz-unter-den-spitzenreitern-grosse-regionale-unterschiede-sichtbar\/#primaryimage"},"image":{"@id":"https:\/\/www.organisator.ch\/marketing\/2024-10-30\/europa-im-kaufkraftvergleich-2024-schweiz-unter-den-spitzenreitern-grosse-regionale-unterschiede-sichtbar\/#primaryimage"},"thumbnailUrl":"https:\/\/www.markt-kom.com\/wp-content\/uploads\/2024\/10\/Bildschirmfoto-2024-10-30-um-09.47.28.png","datePublished":"2024-10-30T08:54:50+00:00","dateModified":"2024-11-07T09:06:28+00:00","description":"L'\u00e9tude GfK montre un pouvoir d'achat en hausse en Europe en 2024, avec le Liechtenstein, la Suisse et le Luxembourg en t\u00eate.","breadcrumb":{"@id":"https:\/\/www.organisator.ch\/marketing\/2024-10-30\/europa-im-kaufkraftvergleich-2024-schweiz-unter-den-spitzenreitern-grosse-regionale-unterschiede-sichtbar\/#breadcrumb"},"inLanguage":"fr-FR","potentialAction":[{"@type":"ReadAction","target":["https:\/\/www.organisator.ch\/marketing\/2024-10-30\/europa-im-kaufkraftvergleich-2024-schweiz-unter-den-spitzenreitern-grosse-regionale-unterschiede-sichtbar\/"]}]},{"@type":"ImageObject","inLanguage":"fr-FR","@id":"https:\/\/www.organisator.ch\/marketing\/2024-10-30\/europa-im-kaufkraftvergleich-2024-schweiz-unter-den-spitzenreitern-grosse-regionale-unterschiede-sichtbar\/#primaryimage","url":"https:\/\/www.markt-kom.com\/wp-content\/uploads\/2024\/10\/Bildschirmfoto-2024-10-30-um-09.47.28.png","contentUrl":"https:\/\/www.markt-kom.com\/wp-content\/uploads\/2024\/10\/Bildschirmfoto-2024-10-30-um-09.47.28.png"},{"@type":"BreadcrumbList","@id":"https:\/\/www.organisator.ch\/marketing\/2024-10-30\/europa-im-kaufkraftvergleich-2024-schweiz-unter-den-spitzenreitern-grosse-regionale-unterschiede-sichtbar\/#breadcrumb","itemListElement":[{"@type":"ListItem","position":1,"name":"Home","item":"https:\/\/www.organisator.ch\/"},{"@type":"ListItem","position":2,"name":"Europa im Kaufkraftvergleich 2024: Schweiz unter den Spitzenreitern, grosse regionale Unterschiede sichtbar"}]},{"@type":"WebSite","@id":"https:\/\/www.organisator.ch\/#website","url":"https:\/\/www.organisator.ch\/","name":"Organisateur","description":"Comp\u00e9tence et comp\u00e9tence. Proches de la pratique. L'ORGANISATEUR pr\u00e9pare 10 num\u00e9ros par an sur les th\u00e8mes essentiels pour les dirigeants de PME.","publisher":{"@id":"https:\/\/www.organisator.ch\/#organization"},"potentialAction":[{"@type":"SearchAction","target":{"@type":"EntryPoint","urlTemplate":"https:\/\/www.organisator.ch\/?s={search_term_string}"},"query-input":{"@type":"PropertyValueSpecification","valueRequired":true,"valueName":"search_term_string"}}],"inLanguage":"fr-FR"},{"@type":"Organization","@id":"https:\/\/www.organisator.ch\/#organization","name":"Organisateur","url":"https:\/\/www.organisator.ch\/","logo":{"@type":"ImageObject","inLanguage":"fr-FR","@id":"https:\/\/www.organisator.ch\/#\/schema\/logo\/image\/","url":"https:\/\/www.organisator.ch\/wp-content\/uploads\/2022\/01\/Logo_Organisator_Website.png","contentUrl":"https:\/\/www.organisator.ch\/wp-content\/uploads\/2022\/01\/Logo_Organisator_Website.png","width":800,"height":77,"caption":"Organisator"},"image":{"@id":"https:\/\/www.organisator.ch\/#\/schema\/logo\/image\/"},"sameAs":["https:\/\/www.facebook.com\/OrganisatorFachmagazin","https:\/\/www.linkedin.com\/showcase\/organisator-das-magazin-fr-kmu","https:\/\/www.xing.com\/news\/pages\/organisator-ch-695","https:\/\/www.youtube.com\/channel\/UCGP2Sq0iWaZwT3BdIAQFYpw"]},{"@type":"Person","@id":"https:\/\/www.organisator.ch\/#\/schema\/person\/4e51799071cd2dd1232ac003643ef5f0","name":"galledia","image":{"@type":"ImageObject","inLanguage":"fr-FR","@id":"https:\/\/secure.gravatar.com\/avatar\/78a7f90c01fc2bfc875782a0d4922b37cde2cf184ce347b91316d23cd7f69a36?s=96&d=mm&r=g","url":"https:\/\/secure.gravatar.com\/avatar\/78a7f90c01fc2bfc875782a0d4922b37cde2cf184ce347b91316d23cd7f69a36?s=96&d=mm&r=g","contentUrl":"https:\/\/secure.gravatar.com\/avatar\/78a7f90c01fc2bfc875782a0d4922b37cde2cf184ce347b91316d23cd7f69a36?s=96&d=mm&r=g","caption":"galledia"},"sameAs":["https:\/\/x.com\/admin"],"url":"https:\/\/www.organisator.ch\/fr\/author\/galledia\/"}]}},"_links":{"self":[{"href":"https:\/\/www.organisator.ch\/fr\/wp-json\/wp\/v2\/posts\/31377","targetHints":{"allow":["GET"]}}],"collection":[{"href":"https:\/\/www.organisator.ch\/fr\/wp-json\/wp\/v2\/posts"}],"about":[{"href":"https:\/\/www.organisator.ch\/fr\/wp-json\/wp\/v2\/types\/post"}],"author":[{"embeddable":true,"href":"https:\/\/www.organisator.ch\/fr\/wp-json\/wp\/v2\/users\/8"}],"replies":[{"embeddable":true,"href":"https:\/\/www.organisator.ch\/fr\/wp-json\/wp\/v2\/comments?post=31377"}],"version-history":[{"count":4,"href":"https:\/\/www.organisator.ch\/fr\/wp-json\/wp\/v2\/posts\/31377\/revisions"}],"predecessor-version":[{"id":31689,"href":"https:\/\/www.organisator.ch\/fr\/wp-json\/wp\/v2\/posts\/31377\/revisions\/31689"}],"wp:attachment":[{"href":"https:\/\/www.organisator.ch\/fr\/wp-json\/wp\/v2\/media?parent=31377"}],"wp:term":[{"taxonomy":"category","embeddable":true,"href":"https:\/\/www.organisator.ch\/fr\/wp-json\/wp\/v2\/categories?post=31377"},{"taxonomy":"post_tag","embeddable":true,"href":"https:\/\/www.organisator.ch\/fr\/wp-json\/wp\/v2\/tags?post=31377"}],"curies":[{"name":"wp","href":"https:\/\/api.w.org\/{rel}","templated":true}]}}