{"id":31384,"date":"2024-10-31T12:55:54","date_gmt":"2024-10-31T11:55:54","guid":{"rendered":"https:\/\/www.organisator.ch\/?p=31384"},"modified":"2024-10-30T13:30:00","modified_gmt":"2024-10-30T12:30:00","slug":"kreislaufwirtschaft-stillstand-im-schweizer-detailhandel","status":"publish","type":"post","link":"https:\/\/www.organisator.ch\/fr\/sustainability\/2024-10-31\/kreislaufwirtschaft-stillstand-im-schweizer-detailhandel\/","title":{"rendered":"\u00c9conomie circulaire : le commerce de d\u00e9tail suisse au point mort"},"content":{"rendered":"<figure id=\"attachment_31386\" aria-describedby=\"caption-attachment-31386\" style=\"width: 680px\" class=\"wp-caption alignnone\"><img loading=\"lazy\" decoding=\"async\" class=\"size-full wp-image-31386\" src=\"https:\/\/www.organisator.ch\/wp-content\/uploads\/2024\/10\/Greenpeace_Bild1_ps.jpg\" alt=\"\" width=\"680\" height=\"425\" srcset=\"https:\/\/www.organisator.ch\/wp-content\/uploads\/2024\/10\/Greenpeace_Bild1_ps.jpg 680w, https:\/\/www.organisator.ch\/wp-content\/uploads\/2024\/10\/Greenpeace_Bild1_ps-18x12.jpg 18w, https:\/\/www.organisator.ch\/wp-content\/uploads\/2024\/10\/Greenpeace_Bild1_ps-375x234.jpg 375w, https:\/\/www.organisator.ch\/wp-content\/uploads\/2024\/10\/Greenpeace_Bild1_ps-560x350.jpg 560w\" sizes=\"auto, (max-width: 680px) 100vw, 680px\" \/><figcaption id=\"caption-attachment-31386\" class=\"wp-caption-text\">Aucun d\u00e9taillant ne r\u00e9pond aux exigences de l'\u00e9conomie circulaire. (Image : www.greenpeace.ch)<\/figcaption><\/figure>\n<p>Greenpeace appelle les d\u00e9taillants \u00e0 passer rapidement et syst\u00e9matiquement \u00e0 une \u00e9conomie circulaire qui donne la priorit\u00e9 \u00e0 une dur\u00e9e d'utilisation plus longue des produits.\u00a0<\/p>\n<p>En 2022, Greenpeace Suisse a publi\u00e9 la premi\u00e8re \u00e9tude comparative sur l'\u00e9tat de l'\u00e9conomie circulaire dans le commerce de d\u00e9tail suisse. La conclusion : il reste encore beaucoup \u00e0 faire pour tous et les diff\u00e9rences sont importantes. Deux ans plus tard, Greenpeace a de nouveau interrog\u00e9 les m\u00eames douze d\u00e9taillants. Greenpeace trouve les r\u00e9sultats d\u00e9cevants : aucun d\u00e9taillant ne remplit les exigences de l'\u00e9conomie circulaire. Il n'y a gu\u00e8re de progr\u00e8s par rapport \u00e0 2022.\u00a0<\/p>\n<p>Le commerce de d\u00e9tail joue un r\u00f4le cl\u00e9 dans la mise en \u0153uvre de l'\u00e9conomie circulaire en Suisse : il relie les fabricants et les fournisseurs aux consommateurs - et peut influencer les deux parties. Le commerce de d\u00e9tail pourrait proposer des services, revendre des produits usag\u00e9s, rendre les r\u00e9parations accessibles. En bref, le commerce de d\u00e9tail pourrait faire en sorte que de nombreux produits soient utilis\u00e9s beaucoup plus longtemps. Il apporterait ainsi une contribution importante \u00e0 la protection du climat et de l'environnement.\u00a0<\/p>\n<p>Le commerce de d\u00e9tail n'exploite gu\u00e8re ces possibilit\u00e9s, comme le montre l'enqu\u00eate. Dans l'ensemble, il y a peu de progr\u00e8s dans le domaine de l'\u00e9conomie circulaire. Les deux mieux plac\u00e9s, Migros et Coop, n'ont gu\u00e8re progress\u00e9 par rapport \u00e0 2022 et restent loin de l'objectif. Digitec Galaxus, Landi, Manor et Richemont peuvent faire \u00e9tat de quelques am\u00e9liorations. Brack.ch fait m\u00eame moins bien qu'en 2022. Amazon, Globus et Otto's n'ont pas du tout r\u00e9pondu aux questions.<\/p>\n<figure id=\"attachment_31385\" aria-describedby=\"caption-attachment-31385\" style=\"width: 680px\" class=\"wp-caption alignnone\"><img loading=\"lazy\" decoding=\"async\" class=\"size-full wp-image-31385\" src=\"https:\/\/www.organisator.ch\/wp-content\/uploads\/2024\/10\/Greenpeace_Grafik_Bild2_ps.jpg\" alt=\"\" width=\"680\" height=\"286\" srcset=\"https:\/\/www.organisator.ch\/wp-content\/uploads\/2024\/10\/Greenpeace_Grafik_Bild2_ps.jpg 680w, https:\/\/www.organisator.ch\/wp-content\/uploads\/2024\/10\/Greenpeace_Grafik_Bild2_ps-18x8.jpg 18w, https:\/\/www.organisator.ch\/wp-content\/uploads\/2024\/10\/Greenpeace_Grafik_Bild2_ps-375x158.jpg 375w\" sizes=\"auto, (max-width: 680px) 100vw, 680px\" \/><figcaption id=\"caption-attachment-31385\" class=\"wp-caption-text\">(Image : www.greenpeace.ch)<\/figcaption><\/figure>\n<h3><strong>\u00c9conomie circulaire : bien plus que le recyclage<\/strong><\/h3>\n<p>Dans une \u00e9conomie circulaire lente, les d\u00e9taillants ne vendraient que des produits non polluants, durables, r\u00e9parables et modulaires, qui fonctionnent de mani\u00e8re fiable et qui sont enti\u00e8rement recycl\u00e9s apr\u00e8s reconditionnement, tout \u00e0 la fin de leur cycle de vie. En collaboration avec les fabricants et les partenaires, ils proposeraient avant tout des services adapt\u00e9s au circuit, tels que des mod\u00e8les de location, de seconde main, de reconditionnement ou de r\u00e9paration.\u00a0<\/p>\n<p>Selon Greenpeace, il existe encore un grand potentiel dans le commerce de d\u00e9tail suisse, notamment en ce qui concerne le recyclage. Seules les premi\u00e8res approches existent, g\u00e9n\u00e9ralement sous la forme de portails de reprise et de revente. Ceux-ci reprennent une petite s\u00e9lection de produits neufs en bon \u00e9tat pour les revendre. Cette d\u00e9marche est certes louable, mais elle n'a pas grand-chose \u00e0 voir avec le recyclage. Le bon offert lors de la reprise sert avant tout d'incitation \u00e0 l'achat de produits neufs. Au lieu de cela, les d\u00e9taillants devraient accepter beaucoup plus de produits. Apr\u00e8s le processus de retraitement, ils resteraient dans le circuit \u00e9conomique en tant que produits usag\u00e9s et test\u00e9s avec une garantie.<\/p>\n<p>\"A l'aune de notre vision, le rythme d'escargot auquel les d\u00e9taillants se dirigent vers l'\u00e9conomie circulaire est totalement insuffisant. Les efforts ponctuels et les projets pilotes ne suffisent pas \u00e0 le cacher\", d\u00e9clare Jo\u00eblle H\u00e9rin, experte en consommation et \u00e9conomie circulaire chez Greenpeace Suisse. \"Les d\u00e9taillants doivent enfin mettre en \u0153uvre l'\u00e9conomie circulaire de mani\u00e8re plus cons\u00e9quente, plus rapide et plus globale - bien au-del\u00e0 du recyclage\".\u00a0<\/p>\n<p><em>Source : <a href=\"http:\/\/url8849.greenpeace.ch\/ls\/click?upn=u001.4fy19utFy0oiar-2BsiBr50YugvZI5G5FYeBxF4Z5ilMce1yNErSx9fYmSVrXtXE795WOh_4jONtdJ4LK-2FbrRpX1xmCwNt72j2n1I4FY7ryu1dqlxHv1rkT6jup8yA5BeXqKBgQyGeZ5RcnebQoyb1zDt2-2BKcu-2FvgElXnqItX3ug8buowXiZVKRmWHy6TF4kmxFO0OQFxIG06oZV2QPiWXFAOahyTjCumpCikWUVUbxM51HXHVRcVuwNBeQo4AEM6YX6-2F3UMrihmGTBGaM6zvEQPcQM0Sn1fcJ2UVESOsd1H6IuE2zNComuTfM9G3lLDdN6A0DrOHOHKNxLYXPNJMJc5bDimadtSKx-2BXyT-2BJ5s7MOV1kgYpF0gYu8XQFaxoDz5hqmobiQVcB2t0MIGBPBnNHQiOo0Y-2FwSffCTrpzRynSC-2BufDpNvdER1gRLoocIThT5G2jI1zNRIOIenwZACktZuO7B59Q5umNPVL59So-2F238Io1mohKVKR5odeeuPBrmtVnp-2FcpxDnnGmEsEqVv3l-2FQWRpXLJ2vwg-2Fp6LTN-2FchExMizaB7oA9R9nMMghddMcUsmCTadjT0txs2A4gJ-2FNQVTYXQOv0aY0WDY53aqn1jqkXYjvYqqjr2X8ylu6YbNAvboRaEaUJjyoscaxIzZwn75YFsNDBCIHu9xtHt0ACg9aO1iFYeQoDe-2BLKWOkPLWPYMyYoE5Ix5oEM-2F8Y1C0FyjrnlmB3DHY0Q9xUb0MzIpwoZmX7NAdNIt1xeEqBHsAt2tA3Bh4h0QGXGBTxu8P6KBgmztCennarGkd4-2FCD9XkFZ5znUisbYk3CwVyDu6shZ6NEMDJ3Ksg-2FMm0FfH5xsTLAgqP1-2BetuXx3h8XzKX1lq8EmJJ2vo8BLFonPW3C-2B92gdRkSht7foTnjI4n8OzA7sM2pUII96OsdU-2BhzCDbbTeXuvBnXsWb2YRam51gpZp32CvAvT7Sc0ybspVF8MfDBVuVPVMw-3D-3D\">www.greenpeace.ch<\/a><\/em><\/p>","protected":false},"excerpt":{"rendered":"<p>En mati\u00e8re d'\u00e9conomie circulaire, le commerce de d\u00e9tail suisse ne fait gu\u00e8re de progr\u00e8s. C'est la conclusion \u00e0 laquelle parvient Greenpeace Suisse apr\u00e8s l'\u00e9valuation d'une enqu\u00eate men\u00e9e aupr\u00e8s des douze plus grands d\u00e9taillants non alimentaires de Suisse. Migros obtient le meilleur r\u00e9sultat, bien qu'elle ne puisse gu\u00e8re faire \u00e9tat de progr\u00e8s depuis 2022. Brack.ch a m\u00eame r\u00e9gress\u00e9 au cours des deux derni\u00e8res ann\u00e9es. <\/p>","protected":false},"author":58,"featured_media":31386,"comment_status":"closed","ping_status":"closed","sticky":false,"template":"","format":"standard","meta":{"_acf_changed":false,"_yoast_wpseo_focuskw":"Kreislaufwirtschaft","_yoast_wpseo_metadesc":"In Sachen Kreislaufwirtschaft macht der Schweizer Detailhandel kaum Fortschritte. Zu diesem Ergebnis kommt Greenpeace Schweiz nach der Auswertung einer Umfrage.","articlekey":"","footnotes":""},"categories":[580],"tags":[149,594,1787,424,492],"class_list":["post-31384","post","type-post","status-publish","format-standard","has-post-thumbnail","hentry","category-sustainability","tag-detailhandel","tag-kreislaufwirtschaft","tag-nachhaltigkeit","tag-schweiz","tag-unternehmen"],"acf":[],"yoast_head":"<!-- This site is optimized with the Yoast SEO plugin v27.5 - https:\/\/yoast.com\/product\/yoast-seo-wordpress\/ -->\n<title>Kreislaufwirtschaft: Stillstand im Schweizer Detailhandel - Organisator<\/title>\n<meta name=\"description\" content=\"In Sachen Kreislaufwirtschaft macht der Schweizer Detailhandel kaum Fortschritte. Zu diesem Ergebnis kommt Greenpeace Schweiz nach der Auswertung einer Umfrage.\" \/>\n<meta name=\"robots\" content=\"index, follow, max-snippet:-1, max-image-preview:large, max-video-preview:-1\" \/>\n<link rel=\"canonical\" href=\"https:\/\/www.organisator.ch\/fr\/sustainability\/2024-10-31\/kreislaufwirtschaft-stillstand-im-schweizer-detailhandel\/\" \/>\n<meta property=\"og:locale\" content=\"fr_FR\" \/>\n<meta property=\"og:type\" content=\"article\" \/>\n<meta property=\"og:title\" content=\"Kreislaufwirtschaft: Stillstand im Schweizer Detailhandel\" \/>\n<meta property=\"og:description\" content=\"In Sachen Kreislaufwirtschaft macht der Schweizer Detailhandel kaum Fortschritte. Zu diesem Ergebnis kommt Greenpeace Schweiz nach der Auswertung einer Umfrage.\" \/>\n<meta property=\"og:url\" content=\"https:\/\/www.organisator.ch\/fr\/sustainability\/2024-10-31\/kreislaufwirtschaft-stillstand-im-schweizer-detailhandel\/\" \/>\n<meta property=\"og:site_name\" content=\"Organisator\" \/>\n<meta property=\"article:publisher\" content=\"https:\/\/www.facebook.com\/OrganisatorFachmagazin\" \/>\n<meta property=\"article:published_time\" content=\"2024-10-31T11:55:54+00:00\" \/>\n<meta property=\"og:image\" content=\"https:\/\/www.organisator.ch\/wp-content\/uploads\/2024\/10\/Greenpeace_Bild1_ps.jpg\" \/>\n\t<meta property=\"og:image:width\" content=\"680\" \/>\n\t<meta property=\"og:image:height\" content=\"425\" \/>\n\t<meta property=\"og:image:type\" content=\"image\/jpeg\" \/>\n<meta name=\"author\" content=\"Adelisa Kalajdzini\" \/>\n<meta name=\"twitter:card\" content=\"summary_large_image\" \/>\n<meta name=\"twitter:title\" content=\"Kreislaufwirtschaft: Stillstand im Schweizer Detailhandel\" \/>\n<meta name=\"twitter:description\" content=\"In Sachen #Kreislaufwirtschaft macht der #Schweizer #Detailhandel kaum #Fortschritte. Zu diesem #Ergebnis kommt #Greenpeace Schweiz nach der Auswertung einer #Umfrage.\" \/>\n<meta name=\"twitter:image\" content=\"https:\/\/www.organisator.ch\/wp-content\/uploads\/2024\/10\/Greenpeace_Bild1_ps.jpg\" \/>\n<script type=\"application\/ld+json\" class=\"yoast-schema-graph\">{\"@context\":\"https:\\\/\\\/schema.org\",\"@graph\":[{\"@type\":\"Article\",\"@id\":\"https:\\\/\\\/www.organisator.ch\\\/sustainability\\\/2024-10-31\\\/kreislaufwirtschaft-stillstand-im-schweizer-detailhandel\\\/#article\",\"isPartOf\":{\"@id\":\"https:\\\/\\\/www.organisator.ch\\\/sustainability\\\/2024-10-31\\\/kreislaufwirtschaft-stillstand-im-schweizer-detailhandel\\\/\"},\"author\":{\"name\":\"Adelisa Kalajdzini\",\"@id\":\"https:\\\/\\\/www.organisator.ch\\\/#\\\/schema\\\/person\\\/2e1314a2172123f874db408d8911d3f3\"},\"headline\":\"Kreislaufwirtschaft: Stillstand im Schweizer Detailhandel\",\"datePublished\":\"2024-10-31T11:55:54+00:00\",\"mainEntityOfPage\":{\"@id\":\"https:\\\/\\\/www.organisator.ch\\\/sustainability\\\/2024-10-31\\\/kreislaufwirtschaft-stillstand-im-schweizer-detailhandel\\\/\"},\"wordCount\":485,\"publisher\":{\"@id\":\"https:\\\/\\\/www.organisator.ch\\\/#organization\"},\"image\":{\"@id\":\"https:\\\/\\\/www.organisator.ch\\\/sustainability\\\/2024-10-31\\\/kreislaufwirtschaft-stillstand-im-schweizer-detailhandel\\\/#primaryimage\"},\"thumbnailUrl\":\"https:\\\/\\\/www.organisator.ch\\\/wp-content\\\/uploads\\\/2024\\\/10\\\/Greenpeace_Bild1_ps.jpg\",\"keywords\":[\"Detailhandel\",\"Kreislaufwirtschaft\",\"Nachhaltigkeit\",\"Schweiz\",\"Unternehmen\"],\"articleSection\":[\"SUSTAINABILITY\"],\"inLanguage\":\"fr-FR\"},{\"@type\":\"WebPage\",\"@id\":\"https:\\\/\\\/www.organisator.ch\\\/sustainability\\\/2024-10-31\\\/kreislaufwirtschaft-stillstand-im-schweizer-detailhandel\\\/\",\"url\":\"https:\\\/\\\/www.organisator.ch\\\/sustainability\\\/2024-10-31\\\/kreislaufwirtschaft-stillstand-im-schweizer-detailhandel\\\/\",\"name\":\"Kreislaufwirtschaft: Stillstand im Schweizer Detailhandel - Organisator\",\"isPartOf\":{\"@id\":\"https:\\\/\\\/www.organisator.ch\\\/#website\"},\"primaryImageOfPage\":{\"@id\":\"https:\\\/\\\/www.organisator.ch\\\/sustainability\\\/2024-10-31\\\/kreislaufwirtschaft-stillstand-im-schweizer-detailhandel\\\/#primaryimage\"},\"image\":{\"@id\":\"https:\\\/\\\/www.organisator.ch\\\/sustainability\\\/2024-10-31\\\/kreislaufwirtschaft-stillstand-im-schweizer-detailhandel\\\/#primaryimage\"},\"thumbnailUrl\":\"https:\\\/\\\/www.organisator.ch\\\/wp-content\\\/uploads\\\/2024\\\/10\\\/Greenpeace_Bild1_ps.jpg\",\"datePublished\":\"2024-10-31T11:55:54+00:00\",\"description\":\"In Sachen Kreislaufwirtschaft macht der Schweizer Detailhandel kaum Fortschritte. Zu diesem Ergebnis kommt Greenpeace Schweiz nach der Auswertung einer Umfrage.\",\"breadcrumb\":{\"@id\":\"https:\\\/\\\/www.organisator.ch\\\/sustainability\\\/2024-10-31\\\/kreislaufwirtschaft-stillstand-im-schweizer-detailhandel\\\/#breadcrumb\"},\"inLanguage\":\"fr-FR\",\"potentialAction\":[{\"@type\":\"ReadAction\",\"target\":[\"https:\\\/\\\/www.organisator.ch\\\/sustainability\\\/2024-10-31\\\/kreislaufwirtschaft-stillstand-im-schweizer-detailhandel\\\/\"]}]},{\"@type\":\"ImageObject\",\"inLanguage\":\"fr-FR\",\"@id\":\"https:\\\/\\\/www.organisator.ch\\\/sustainability\\\/2024-10-31\\\/kreislaufwirtschaft-stillstand-im-schweizer-detailhandel\\\/#primaryimage\",\"url\":\"https:\\\/\\\/www.organisator.ch\\\/wp-content\\\/uploads\\\/2024\\\/10\\\/Greenpeace_Bild1_ps.jpg\",\"contentUrl\":\"https:\\\/\\\/www.organisator.ch\\\/wp-content\\\/uploads\\\/2024\\\/10\\\/Greenpeace_Bild1_ps.jpg\",\"width\":680,\"height\":425,\"caption\":\"Kein Detailh\u00e4ndler erf\u00fcllt die Anforderungen der Kreislaufwirtschaft. (Bild: www.greenpeace.ch)\"},{\"@type\":\"BreadcrumbList\",\"@id\":\"https:\\\/\\\/www.organisator.ch\\\/sustainability\\\/2024-10-31\\\/kreislaufwirtschaft-stillstand-im-schweizer-detailhandel\\\/#breadcrumb\",\"itemListElement\":[{\"@type\":\"ListItem\",\"position\":1,\"name\":\"Home\",\"item\":\"https:\\\/\\\/www.organisator.ch\\\/\"},{\"@type\":\"ListItem\",\"position\":2,\"name\":\"Kreislaufwirtschaft: Stillstand im Schweizer Detailhandel\"}]},{\"@type\":\"WebSite\",\"@id\":\"https:\\\/\\\/www.organisator.ch\\\/#website\",\"url\":\"https:\\\/\\\/www.organisator.ch\\\/\",\"name\":\"Organisator\",\"description\":\"Kompetent. Praxisnah. Der ORGANISATOR bereitet in 10 Ausgaben pro Jahr die wesentlichen Themen f\u00fcr F\u00fchrungskr\u00e4fte von KMU auf.\",\"publisher\":{\"@id\":\"https:\\\/\\\/www.organisator.ch\\\/#organization\"},\"potentialAction\":[{\"@type\":\"SearchAction\",\"target\":{\"@type\":\"EntryPoint\",\"urlTemplate\":\"https:\\\/\\\/www.organisator.ch\\\/?s={search_term_string}\"},\"query-input\":{\"@type\":\"PropertyValueSpecification\",\"valueRequired\":true,\"valueName\":\"search_term_string\"}}],\"inLanguage\":\"fr-FR\"},{\"@type\":\"Organization\",\"@id\":\"https:\\\/\\\/www.organisator.ch\\\/#organization\",\"name\":\"Organisator\",\"url\":\"https:\\\/\\\/www.organisator.ch\\\/\",\"logo\":{\"@type\":\"ImageObject\",\"inLanguage\":\"fr-FR\",\"@id\":\"https:\\\/\\\/www.organisator.ch\\\/#\\\/schema\\\/logo\\\/image\\\/\",\"url\":\"https:\\\/\\\/www.organisator.ch\\\/wp-content\\\/uploads\\\/2022\\\/01\\\/Logo_Organisator_Website.png\",\"contentUrl\":\"https:\\\/\\\/www.organisator.ch\\\/wp-content\\\/uploads\\\/2022\\\/01\\\/Logo_Organisator_Website.png\",\"width\":800,\"height\":77,\"caption\":\"Organisator\"},\"image\":{\"@id\":\"https:\\\/\\\/www.organisator.ch\\\/#\\\/schema\\\/logo\\\/image\\\/\"},\"sameAs\":[\"https:\\\/\\\/www.facebook.com\\\/OrganisatorFachmagazin\",\"https:\\\/\\\/www.linkedin.com\\\/showcase\\\/organisator-das-magazin-fr-kmu\",\"https:\\\/\\\/www.xing.com\\\/news\\\/pages\\\/organisator-ch-695\",\"https:\\\/\\\/www.youtube.com\\\/channel\\\/UCGP2Sq0iWaZwT3BdIAQFYpw\"]},{\"@type\":\"Person\",\"@id\":\"https:\\\/\\\/www.organisator.ch\\\/#\\\/schema\\\/person\\\/2e1314a2172123f874db408d8911d3f3\",\"name\":\"Adelisa Kalajdzini\",\"image\":{\"@type\":\"ImageObject\",\"inLanguage\":\"fr-FR\",\"@id\":\"https:\\\/\\\/secure.gravatar.com\\\/avatar\\\/09a397c22ac58cad6f160ee8306348599df9df58a8ede73696226897b9fa4b24?s=96&d=mm&r=g\",\"url\":\"https:\\\/\\\/secure.gravatar.com\\\/avatar\\\/09a397c22ac58cad6f160ee8306348599df9df58a8ede73696226897b9fa4b24?s=96&d=mm&r=g\",\"contentUrl\":\"https:\\\/\\\/secure.gravatar.com\\\/avatar\\\/09a397c22ac58cad6f160ee8306348599df9df58a8ede73696226897b9fa4b24?s=96&d=mm&r=g\",\"caption\":\"Adelisa Kalajdzini\"},\"url\":\"https:\\\/\\\/www.organisator.ch\\\/fr\\\/author\\\/adelisa-kalajdzini\\\/\"}]}<\/script>\n<!-- \/ Yoast SEO plugin. -->","yoast_head_json":{"title":"\u00c9conomie circulaire : le commerce de d\u00e9tail suisse au point mort - Organisateur","description":"En mati\u00e8re d'\u00e9conomie circulaire, le commerce de d\u00e9tail suisse ne fait gu\u00e8re de progr\u00e8s. C'est la conclusion \u00e0 laquelle parvient Greenpeace Suisse apr\u00e8s l'\u00e9valuation d'un sondage.","robots":{"index":"index","follow":"follow","max-snippet":"max-snippet:-1","max-image-preview":"max-image-preview:large","max-video-preview":"max-video-preview:-1"},"canonical":"https:\/\/www.organisator.ch\/fr\/sustainability\/2024-10-31\/kreislaufwirtschaft-stillstand-im-schweizer-detailhandel\/","og_locale":"fr_FR","og_type":"article","og_title":"Kreislaufwirtschaft: Stillstand im Schweizer Detailhandel","og_description":"In Sachen Kreislaufwirtschaft macht der Schweizer Detailhandel kaum Fortschritte. Zu diesem Ergebnis kommt Greenpeace Schweiz nach der Auswertung einer Umfrage.","og_url":"https:\/\/www.organisator.ch\/fr\/sustainability\/2024-10-31\/kreislaufwirtschaft-stillstand-im-schweizer-detailhandel\/","og_site_name":"Organisator","article_publisher":"https:\/\/www.facebook.com\/OrganisatorFachmagazin","article_published_time":"2024-10-31T11:55:54+00:00","og_image":[{"width":680,"height":425,"url":"https:\/\/www.organisator.ch\/wp-content\/uploads\/2024\/10\/Greenpeace_Bild1_ps.jpg","type":"image\/jpeg"}],"author":"Adelisa Kalajdzini","twitter_card":"summary_large_image","twitter_title":"Kreislaufwirtschaft: Stillstand im Schweizer Detailhandel","twitter_description":"In Sachen #Kreislaufwirtschaft macht der #Schweizer #Detailhandel kaum #Fortschritte. Zu diesem #Ergebnis kommt #Greenpeace Schweiz nach der Auswertung einer #Umfrage.","twitter_image":"https:\/\/www.organisator.ch\/wp-content\/uploads\/2024\/10\/Greenpeace_Bild1_ps.jpg","schema":{"@context":"https:\/\/schema.org","@graph":[{"@type":"Article","@id":"https:\/\/www.organisator.ch\/sustainability\/2024-10-31\/kreislaufwirtschaft-stillstand-im-schweizer-detailhandel\/#article","isPartOf":{"@id":"https:\/\/www.organisator.ch\/sustainability\/2024-10-31\/kreislaufwirtschaft-stillstand-im-schweizer-detailhandel\/"},"author":{"name":"Adelisa Kalajdzini","@id":"https:\/\/www.organisator.ch\/#\/schema\/person\/2e1314a2172123f874db408d8911d3f3"},"headline":"Kreislaufwirtschaft: Stillstand im Schweizer Detailhandel","datePublished":"2024-10-31T11:55:54+00:00","mainEntityOfPage":{"@id":"https:\/\/www.organisator.ch\/sustainability\/2024-10-31\/kreislaufwirtschaft-stillstand-im-schweizer-detailhandel\/"},"wordCount":485,"publisher":{"@id":"https:\/\/www.organisator.ch\/#organization"},"image":{"@id":"https:\/\/www.organisator.ch\/sustainability\/2024-10-31\/kreislaufwirtschaft-stillstand-im-schweizer-detailhandel\/#primaryimage"},"thumbnailUrl":"https:\/\/www.organisator.ch\/wp-content\/uploads\/2024\/10\/Greenpeace_Bild1_ps.jpg","keywords":["Detailhandel","Kreislaufwirtschaft","Nachhaltigkeit","Schweiz","Unternehmen"],"articleSection":["SUSTAINABILITY"],"inLanguage":"fr-FR"},{"@type":"WebPage","@id":"https:\/\/www.organisator.ch\/sustainability\/2024-10-31\/kreislaufwirtschaft-stillstand-im-schweizer-detailhandel\/","url":"https:\/\/www.organisator.ch\/sustainability\/2024-10-31\/kreislaufwirtschaft-stillstand-im-schweizer-detailhandel\/","name":"\u00c9conomie circulaire : le commerce de d\u00e9tail suisse au point mort - Organisateur","isPartOf":{"@id":"https:\/\/www.organisator.ch\/#website"},"primaryImageOfPage":{"@id":"https:\/\/www.organisator.ch\/sustainability\/2024-10-31\/kreislaufwirtschaft-stillstand-im-schweizer-detailhandel\/#primaryimage"},"image":{"@id":"https:\/\/www.organisator.ch\/sustainability\/2024-10-31\/kreislaufwirtschaft-stillstand-im-schweizer-detailhandel\/#primaryimage"},"thumbnailUrl":"https:\/\/www.organisator.ch\/wp-content\/uploads\/2024\/10\/Greenpeace_Bild1_ps.jpg","datePublished":"2024-10-31T11:55:54+00:00","description":"En mati\u00e8re d'\u00e9conomie circulaire, le commerce de d\u00e9tail suisse ne fait gu\u00e8re de progr\u00e8s. C'est la conclusion \u00e0 laquelle parvient Greenpeace Suisse apr\u00e8s l'\u00e9valuation d'un sondage.","breadcrumb":{"@id":"https:\/\/www.organisator.ch\/sustainability\/2024-10-31\/kreislaufwirtschaft-stillstand-im-schweizer-detailhandel\/#breadcrumb"},"inLanguage":"fr-FR","potentialAction":[{"@type":"ReadAction","target":["https:\/\/www.organisator.ch\/sustainability\/2024-10-31\/kreislaufwirtschaft-stillstand-im-schweizer-detailhandel\/"]}]},{"@type":"ImageObject","inLanguage":"fr-FR","@id":"https:\/\/www.organisator.ch\/sustainability\/2024-10-31\/kreislaufwirtschaft-stillstand-im-schweizer-detailhandel\/#primaryimage","url":"https:\/\/www.organisator.ch\/wp-content\/uploads\/2024\/10\/Greenpeace_Bild1_ps.jpg","contentUrl":"https:\/\/www.organisator.ch\/wp-content\/uploads\/2024\/10\/Greenpeace_Bild1_ps.jpg","width":680,"height":425,"caption":"Kein Detailh\u00e4ndler erf\u00fcllt die Anforderungen der Kreislaufwirtschaft. (Bild: www.greenpeace.ch)"},{"@type":"BreadcrumbList","@id":"https:\/\/www.organisator.ch\/sustainability\/2024-10-31\/kreislaufwirtschaft-stillstand-im-schweizer-detailhandel\/#breadcrumb","itemListElement":[{"@type":"ListItem","position":1,"name":"Home","item":"https:\/\/www.organisator.ch\/"},{"@type":"ListItem","position":2,"name":"Kreislaufwirtschaft: Stillstand im Schweizer Detailhandel"}]},{"@type":"WebSite","@id":"https:\/\/www.organisator.ch\/#website","url":"https:\/\/www.organisator.ch\/","name":"Organisateur","description":"Comp\u00e9tence et comp\u00e9tence. Proches de la pratique. L'ORGANISATEUR pr\u00e9pare 10 num\u00e9ros par an sur les th\u00e8mes essentiels pour les dirigeants de PME.","publisher":{"@id":"https:\/\/www.organisator.ch\/#organization"},"potentialAction":[{"@type":"SearchAction","target":{"@type":"EntryPoint","urlTemplate":"https:\/\/www.organisator.ch\/?s={search_term_string}"},"query-input":{"@type":"PropertyValueSpecification","valueRequired":true,"valueName":"search_term_string"}}],"inLanguage":"fr-FR"},{"@type":"Organization","@id":"https:\/\/www.organisator.ch\/#organization","name":"Organisateur","url":"https:\/\/www.organisator.ch\/","logo":{"@type":"ImageObject","inLanguage":"fr-FR","@id":"https:\/\/www.organisator.ch\/#\/schema\/logo\/image\/","url":"https:\/\/www.organisator.ch\/wp-content\/uploads\/2022\/01\/Logo_Organisator_Website.png","contentUrl":"https:\/\/www.organisator.ch\/wp-content\/uploads\/2022\/01\/Logo_Organisator_Website.png","width":800,"height":77,"caption":"Organisator"},"image":{"@id":"https:\/\/www.organisator.ch\/#\/schema\/logo\/image\/"},"sameAs":["https:\/\/www.facebook.com\/OrganisatorFachmagazin","https:\/\/www.linkedin.com\/showcase\/organisator-das-magazin-fr-kmu","https:\/\/www.xing.com\/news\/pages\/organisator-ch-695","https:\/\/www.youtube.com\/channel\/UCGP2Sq0iWaZwT3BdIAQFYpw"]},{"@type":"Person","@id":"https:\/\/www.organisator.ch\/#\/schema\/person\/2e1314a2172123f874db408d8911d3f3","name":"Adelisa Kalajdzini","image":{"@type":"ImageObject","inLanguage":"fr-FR","@id":"https:\/\/secure.gravatar.com\/avatar\/09a397c22ac58cad6f160ee8306348599df9df58a8ede73696226897b9fa4b24?s=96&d=mm&r=g","url":"https:\/\/secure.gravatar.com\/avatar\/09a397c22ac58cad6f160ee8306348599df9df58a8ede73696226897b9fa4b24?s=96&d=mm&r=g","contentUrl":"https:\/\/secure.gravatar.com\/avatar\/09a397c22ac58cad6f160ee8306348599df9df58a8ede73696226897b9fa4b24?s=96&d=mm&r=g","caption":"Adelisa Kalajdzini"},"url":"https:\/\/www.organisator.ch\/fr\/author\/adelisa-kalajdzini\/"}]}},"_links":{"self":[{"href":"https:\/\/www.organisator.ch\/fr\/wp-json\/wp\/v2\/posts\/31384","targetHints":{"allow":["GET"]}}],"collection":[{"href":"https:\/\/www.organisator.ch\/fr\/wp-json\/wp\/v2\/posts"}],"about":[{"href":"https:\/\/www.organisator.ch\/fr\/wp-json\/wp\/v2\/types\/post"}],"author":[{"embeddable":true,"href":"https:\/\/www.organisator.ch\/fr\/wp-json\/wp\/v2\/users\/58"}],"replies":[{"embeddable":true,"href":"https:\/\/www.organisator.ch\/fr\/wp-json\/wp\/v2\/comments?post=31384"}],"version-history":[{"count":2,"href":"https:\/\/www.organisator.ch\/fr\/wp-json\/wp\/v2\/posts\/31384\/revisions"}],"predecessor-version":[{"id":31440,"href":"https:\/\/www.organisator.ch\/fr\/wp-json\/wp\/v2\/posts\/31384\/revisions\/31440"}],"wp:featuredmedia":[{"embeddable":true,"href":"https:\/\/www.organisator.ch\/fr\/wp-json\/wp\/v2\/media\/31386"}],"wp:attachment":[{"href":"https:\/\/www.organisator.ch\/fr\/wp-json\/wp\/v2\/media?parent=31384"}],"wp:term":[{"taxonomy":"category","embeddable":true,"href":"https:\/\/www.organisator.ch\/fr\/wp-json\/wp\/v2\/categories?post=31384"},{"taxonomy":"post_tag","embeddable":true,"href":"https:\/\/www.organisator.ch\/fr\/wp-json\/wp\/v2\/tags?post=31384"}],"curies":[{"name":"wp","href":"https:\/\/api.w.org\/{rel}","templated":true}]}}