{"id":31450,"date":"2024-11-03T19:43:45","date_gmt":"2024-11-03T18:43:45","guid":{"rendered":"https:\/\/www.markt-kom.com\/?p=225951"},"modified":"2024-11-07T09:29:16","modified_gmt":"2024-11-07T08:29:16","slug":"publica4-und-team-x-phd-lancieren-zwei-neue-high-impact-werbeformate-fuer-mercedes-benz-schweiz","status":"publish","type":"post","link":"https:\/\/www.organisator.ch\/fr\/marketing\/2024-11-03\/publica4-und-team-x-phd-lancieren-zwei-neue-high-impact-werbeformate-fuer-mercedes-benz-schweiz\/","title":{"rendered":"Publica4 et Team X (PHD) lancent deux nouveaux formats publicitaires \u00e0 fort impact pour Mercedes-Benz Suisse."},"content":{"rendered":"<p><img class=\"alignnone wp-image-225952 size-full\" src=\"https:\/\/www.markt-kom.com\/wp-content\/uploads\/2024\/11\/Mobile-scaled.jpg\" alt=\"Experience Ad \" width=\"1400\" height=\"788\" \/>L'Experience Ad, un format publicitaire mobile qui attire l'attention, est int\u00e9gr\u00e9 de mani\u00e8re transparente au sein du contenu, cr\u00e9ant ainsi une exp\u00e9rience utilisateur agr\u00e9able. Gr\u00e2ce \u00e0 l'effet de d\u00e9filement int\u00e9gr\u00e9, les utilisateurs sont invit\u00e9s \u00e0 s'engager activement avec le message publicitaire.<\/p>\r\n<h3><strong>Curseur mural vid\u00e9o de bureau<\/strong><\/h3>\r\n<p>Pour le placement sur le bureau, le format publicitaire \"Video Wall\", d\u00e9j\u00e0 connu et de grande taille, a \u00e9t\u00e9 perfectionn\u00e9 au moyen d'un effet de slider int\u00e9gr\u00e9. Les utilisateurs peuvent s'immerger dans les diff\u00e9rentes images en d\u00e9pla\u00e7ant le slider. De cette mani\u00e8re, une exp\u00e9rience publicitaire interactive et immersive est cr\u00e9\u00e9e.<\/p>\r\n<p><img class=\"alignnone size-full wp-image-225953\" src=\"https:\/\/www.markt-kom.com\/wp-content\/uploads\/2024\/11\/Desktop-scaled.jpg\" alt=\"\" width=\"1400\" height=\"788\" \/><\/p>\r\n<p>\"La collaboration avec un partenaire innovant, qui se concentre sur des concepts publicitaires cr\u00e9atifs et originaux pour renforcer la pr\u00e9sence de la marque Mercedes-Benz, nous procure un grand plaisir. Avec l'introduction de ces nouveaux formats publicitaires, nous augmentons de mani\u00e8re cibl\u00e9e la perception de la marque Mercedes-Benz et la positionnons durablement et avec succ\u00e8s sur le march\u00e9. \"d\u00e9clare Myriam D\u00fcnnenberger, Head of Marketing Communication chez Mercedes-Benz Suisse SA.<\/p>\r\n<p>\"Avec l'Experience Ad ainsi que le nouveau Video Wall, nous posons de nouveaux jalons en mati\u00e8re de publicit\u00e9. Nous nous concentrons sur les High Impact Ads qui g\u00e9n\u00e8rent une attention sup\u00e9rieure \u00e0 la moyenne. Nous sommes extr\u00eamement reconnaissants d'avoir \u00e0 nos c\u00f4t\u00e9s deux partenaires innovants, Mercedes-Benz et PHD, qui partagent cette vision\", d\u00e9clare Luca Maier, Chief Sales Officer chez Publica4.<\/p>\r\n<hr \/>\r\n<p><strong>Responsable chez Mercedes-Benz Suisse SA :<\/strong> Myriam D\u00fcnnenberger Responsable de la communication marketing ; \u00a0<strong>Responsable chez Team X :<\/strong> Mario L\u00fcthy (consultant senior en communication) ; <strong>responsable chez Publica4 :<\/strong> Luca Maier (Chief Sales Officer)<\/p>","protected":false},"excerpt":{"rendered":"<p>Pour la campagne de marque \"Because it's Mercedes-Benz\" actuellement en cours, Publica4 et Team X ont lanc\u00e9 deux nouvelles publicit\u00e9s \u00e0 fort impact. L'objectif principal \u00e9tait de g\u00e9n\u00e9rer de l'attention avec ces nouveaux formats publicitaires.<\/p>","protected":false},"author":8,"featured_media":0,"comment_status":"closed","ping_status":"closed","sticky":false,"template":"","format":"standard","meta":{"_acf_changed":false,"_yoast_wpseo_focuskw":"Experience Ad","_yoast_wpseo_metadesc":"Neue Werbeformate wie Experience Ad und Video Wall Slider steigern die Markenwahrnehmung von Mercedes-Benz effektiv.","articlekey":"","footnotes":""},"categories":[29],"tags":[4343,4194],"class_list":["post-31450","post","type-post","status-publish","format-standard","hentry","category-marketing","tag-markom","tag-mercedes-benz"],"acf":[],"yoast_head":"<!-- This site is optimized with the Yoast SEO plugin v27.5 - https:\/\/yoast.com\/product\/yoast-seo-wordpress\/ -->\n<title>Publica4 und Team X (PHD) lancieren zwei neue High Impact Werbeformate f\u00fcr Mercedes-Benz Schweiz. - Organisator<\/title>\n<meta name=\"description\" content=\"Neue Werbeformate wie Experience Ad und Video Wall Slider steigern die Markenwahrnehmung von Mercedes-Benz effektiv.\" \/>\n<meta name=\"robots\" content=\"index, follow, max-snippet:-1, max-image-preview:large, max-video-preview:-1\" \/>\n<link rel=\"canonical\" href=\"https:\/\/www.organisator.ch\/fr\/marketing\/2024-11-03\/publica4-und-team-x-phd-lancieren-zwei-neue-high-impact-werbeformate-fuer-mercedes-benz-schweiz\/\" \/>\n<meta property=\"og:locale\" content=\"fr_FR\" \/>\n<meta property=\"og:type\" content=\"article\" \/>\n<meta property=\"og:title\" content=\"Publica4 und Team X (PHD) lancieren zwei neue High Impact Werbeformate f\u00fcr Mercedes-Benz Schweiz. - Organisator\" \/>\n<meta property=\"og:description\" content=\"Neue Werbeformate wie Experience Ad und Video Wall Slider steigern die Markenwahrnehmung von Mercedes-Benz effektiv.\" \/>\n<meta property=\"og:url\" content=\"https:\/\/www.organisator.ch\/fr\/marketing\/2024-11-03\/publica4-und-team-x-phd-lancieren-zwei-neue-high-impact-werbeformate-fuer-mercedes-benz-schweiz\/\" \/>\n<meta property=\"og:site_name\" content=\"Organisator\" \/>\n<meta property=\"article:publisher\" content=\"https:\/\/www.facebook.com\/OrganisatorFachmagazin\" \/>\n<meta property=\"article:published_time\" content=\"2024-11-03T18:43:45+00:00\" \/>\n<meta property=\"article:modified_time\" content=\"2024-11-07T08:29:16+00:00\" \/>\n<meta property=\"og:image\" content=\"https:\/\/www.markt-kom.com\/wp-content\/uploads\/2024\/11\/Mobile-scaled.jpg\" \/>\n<meta name=\"author\" content=\"galledia\" \/>\n<meta name=\"twitter:card\" content=\"summary_large_image\" \/>\n<meta name=\"twitter:creator\" content=\"@admin\" \/>\n<script type=\"application\/ld+json\" class=\"yoast-schema-graph\">{\"@context\":\"https:\\\/\\\/schema.org\",\"@graph\":[{\"@type\":\"Article\",\"@id\":\"https:\\\/\\\/www.organisator.ch\\\/marketing\\\/2024-11-03\\\/publica4-und-team-x-phd-lancieren-zwei-neue-high-impact-werbeformate-fuer-mercedes-benz-schweiz\\\/#article\",\"isPartOf\":{\"@id\":\"https:\\\/\\\/www.organisator.ch\\\/marketing\\\/2024-11-03\\\/publica4-und-team-x-phd-lancieren-zwei-neue-high-impact-werbeformate-fuer-mercedes-benz-schweiz\\\/\"},\"author\":{\"name\":\"galledia\",\"@id\":\"https:\\\/\\\/www.organisator.ch\\\/#\\\/schema\\\/person\\\/4e51799071cd2dd1232ac003643ef5f0\"},\"headline\":\"Publica4 und Team X (PHD) lancieren zwei neue High Impact Werbeformate f\u00fcr Mercedes-Benz Schweiz.\",\"datePublished\":\"2024-11-03T18:43:45+00:00\",\"dateModified\":\"2024-11-07T08:29:16+00:00\",\"mainEntityOfPage\":{\"@id\":\"https:\\\/\\\/www.organisator.ch\\\/marketing\\\/2024-11-03\\\/publica4-und-team-x-phd-lancieren-zwei-neue-high-impact-werbeformate-fuer-mercedes-benz-schweiz\\\/\"},\"wordCount\":243,\"publisher\":{\"@id\":\"https:\\\/\\\/www.organisator.ch\\\/#organization\"},\"image\":{\"@id\":\"https:\\\/\\\/www.organisator.ch\\\/marketing\\\/2024-11-03\\\/publica4-und-team-x-phd-lancieren-zwei-neue-high-impact-werbeformate-fuer-mercedes-benz-schweiz\\\/#primaryimage\"},\"thumbnailUrl\":\"https:\\\/\\\/www.markt-kom.com\\\/wp-content\\\/uploads\\\/2024\\\/11\\\/Mobile-scaled.jpg\",\"keywords\":[\"MarKom\",\"Mercedes-Benz\"],\"articleSection\":[\"MARKETING\"],\"inLanguage\":\"fr-FR\"},{\"@type\":\"WebPage\",\"@id\":\"https:\\\/\\\/www.organisator.ch\\\/marketing\\\/2024-11-03\\\/publica4-und-team-x-phd-lancieren-zwei-neue-high-impact-werbeformate-fuer-mercedes-benz-schweiz\\\/\",\"url\":\"https:\\\/\\\/www.organisator.ch\\\/marketing\\\/2024-11-03\\\/publica4-und-team-x-phd-lancieren-zwei-neue-high-impact-werbeformate-fuer-mercedes-benz-schweiz\\\/\",\"name\":\"Publica4 und Team X (PHD) lancieren zwei neue High Impact Werbeformate f\u00fcr Mercedes-Benz Schweiz. - Organisator\",\"isPartOf\":{\"@id\":\"https:\\\/\\\/www.organisator.ch\\\/#website\"},\"primaryImageOfPage\":{\"@id\":\"https:\\\/\\\/www.organisator.ch\\\/marketing\\\/2024-11-03\\\/publica4-und-team-x-phd-lancieren-zwei-neue-high-impact-werbeformate-fuer-mercedes-benz-schweiz\\\/#primaryimage\"},\"image\":{\"@id\":\"https:\\\/\\\/www.organisator.ch\\\/marketing\\\/2024-11-03\\\/publica4-und-team-x-phd-lancieren-zwei-neue-high-impact-werbeformate-fuer-mercedes-benz-schweiz\\\/#primaryimage\"},\"thumbnailUrl\":\"https:\\\/\\\/www.markt-kom.com\\\/wp-content\\\/uploads\\\/2024\\\/11\\\/Mobile-scaled.jpg\",\"datePublished\":\"2024-11-03T18:43:45+00:00\",\"dateModified\":\"2024-11-07T08:29:16+00:00\",\"description\":\"Neue Werbeformate wie Experience Ad und Video Wall Slider steigern die Markenwahrnehmung von Mercedes-Benz effektiv.\",\"breadcrumb\":{\"@id\":\"https:\\\/\\\/www.organisator.ch\\\/marketing\\\/2024-11-03\\\/publica4-und-team-x-phd-lancieren-zwei-neue-high-impact-werbeformate-fuer-mercedes-benz-schweiz\\\/#breadcrumb\"},\"inLanguage\":\"fr-FR\",\"potentialAction\":[{\"@type\":\"ReadAction\",\"target\":[\"https:\\\/\\\/www.organisator.ch\\\/marketing\\\/2024-11-03\\\/publica4-und-team-x-phd-lancieren-zwei-neue-high-impact-werbeformate-fuer-mercedes-benz-schweiz\\\/\"]}]},{\"@type\":\"ImageObject\",\"inLanguage\":\"fr-FR\",\"@id\":\"https:\\\/\\\/www.organisator.ch\\\/marketing\\\/2024-11-03\\\/publica4-und-team-x-phd-lancieren-zwei-neue-high-impact-werbeformate-fuer-mercedes-benz-schweiz\\\/#primaryimage\",\"url\":\"https:\\\/\\\/www.markt-kom.com\\\/wp-content\\\/uploads\\\/2024\\\/11\\\/Mobile-scaled.jpg\",\"contentUrl\":\"https:\\\/\\\/www.markt-kom.com\\\/wp-content\\\/uploads\\\/2024\\\/11\\\/Mobile-scaled.jpg\"},{\"@type\":\"BreadcrumbList\",\"@id\":\"https:\\\/\\\/www.organisator.ch\\\/marketing\\\/2024-11-03\\\/publica4-und-team-x-phd-lancieren-zwei-neue-high-impact-werbeformate-fuer-mercedes-benz-schweiz\\\/#breadcrumb\",\"itemListElement\":[{\"@type\":\"ListItem\",\"position\":1,\"name\":\"Home\",\"item\":\"https:\\\/\\\/www.organisator.ch\\\/\"},{\"@type\":\"ListItem\",\"position\":2,\"name\":\"Publica4 und Team X (PHD) lancieren zwei neue High Impact Werbeformate f\u00fcr Mercedes-Benz Schweiz.\"}]},{\"@type\":\"WebSite\",\"@id\":\"https:\\\/\\\/www.organisator.ch\\\/#website\",\"url\":\"https:\\\/\\\/www.organisator.ch\\\/\",\"name\":\"Organisator\",\"description\":\"Kompetent. Praxisnah. Der ORGANISATOR bereitet in 10 Ausgaben pro Jahr die wesentlichen Themen f\u00fcr F\u00fchrungskr\u00e4fte von KMU auf.\",\"publisher\":{\"@id\":\"https:\\\/\\\/www.organisator.ch\\\/#organization\"},\"potentialAction\":[{\"@type\":\"SearchAction\",\"target\":{\"@type\":\"EntryPoint\",\"urlTemplate\":\"https:\\\/\\\/www.organisator.ch\\\/?s={search_term_string}\"},\"query-input\":{\"@type\":\"PropertyValueSpecification\",\"valueRequired\":true,\"valueName\":\"search_term_string\"}}],\"inLanguage\":\"fr-FR\"},{\"@type\":\"Organization\",\"@id\":\"https:\\\/\\\/www.organisator.ch\\\/#organization\",\"name\":\"Organisator\",\"url\":\"https:\\\/\\\/www.organisator.ch\\\/\",\"logo\":{\"@type\":\"ImageObject\",\"inLanguage\":\"fr-FR\",\"@id\":\"https:\\\/\\\/www.organisator.ch\\\/#\\\/schema\\\/logo\\\/image\\\/\",\"url\":\"https:\\\/\\\/www.organisator.ch\\\/wp-content\\\/uploads\\\/2022\\\/01\\\/Logo_Organisator_Website.png\",\"contentUrl\":\"https:\\\/\\\/www.organisator.ch\\\/wp-content\\\/uploads\\\/2022\\\/01\\\/Logo_Organisator_Website.png\",\"width\":800,\"height\":77,\"caption\":\"Organisator\"},\"image\":{\"@id\":\"https:\\\/\\\/www.organisator.ch\\\/#\\\/schema\\\/logo\\\/image\\\/\"},\"sameAs\":[\"https:\\\/\\\/www.facebook.com\\\/OrganisatorFachmagazin\",\"https:\\\/\\\/www.linkedin.com\\\/showcase\\\/organisator-das-magazin-fr-kmu\",\"https:\\\/\\\/www.xing.com\\\/news\\\/pages\\\/organisator-ch-695\",\"https:\\\/\\\/www.youtube.com\\\/channel\\\/UCGP2Sq0iWaZwT3BdIAQFYpw\"]},{\"@type\":\"Person\",\"@id\":\"https:\\\/\\\/www.organisator.ch\\\/#\\\/schema\\\/person\\\/4e51799071cd2dd1232ac003643ef5f0\",\"name\":\"galledia\",\"image\":{\"@type\":\"ImageObject\",\"inLanguage\":\"fr-FR\",\"@id\":\"https:\\\/\\\/secure.gravatar.com\\\/avatar\\\/78a7f90c01fc2bfc875782a0d4922b37cde2cf184ce347b91316d23cd7f69a36?s=96&d=mm&r=g\",\"url\":\"https:\\\/\\\/secure.gravatar.com\\\/avatar\\\/78a7f90c01fc2bfc875782a0d4922b37cde2cf184ce347b91316d23cd7f69a36?s=96&d=mm&r=g\",\"contentUrl\":\"https:\\\/\\\/secure.gravatar.com\\\/avatar\\\/78a7f90c01fc2bfc875782a0d4922b37cde2cf184ce347b91316d23cd7f69a36?s=96&d=mm&r=g\",\"caption\":\"galledia\"},\"sameAs\":[\"https:\\\/\\\/x.com\\\/admin\"],\"url\":\"https:\\\/\\\/www.organisator.ch\\\/fr\\\/author\\\/galledia\\\/\"}]}<\/script>\n<!-- \/ Yoast SEO plugin. -->","yoast_head_json":{"title":"Publica4 et Team X (PHD) lancent deux nouveaux formats publicitaires \u00e0 fort impact pour Mercedes-Benz Suisse. - Organisateur","description":"De nouveaux formats publicitaires comme Experience Ad et Video Wall Slider augmentent efficacement la perception de la marque Mercedes-Benz.","robots":{"index":"index","follow":"follow","max-snippet":"max-snippet:-1","max-image-preview":"max-image-preview:large","max-video-preview":"max-video-preview:-1"},"canonical":"https:\/\/www.organisator.ch\/fr\/marketing\/2024-11-03\/publica4-und-team-x-phd-lancieren-zwei-neue-high-impact-werbeformate-fuer-mercedes-benz-schweiz\/","og_locale":"fr_FR","og_type":"article","og_title":"Publica4 und Team X (PHD) lancieren zwei neue High Impact Werbeformate f\u00fcr Mercedes-Benz Schweiz. - Organisator","og_description":"Neue Werbeformate wie Experience Ad und Video Wall Slider steigern die Markenwahrnehmung von Mercedes-Benz effektiv.","og_url":"https:\/\/www.organisator.ch\/fr\/marketing\/2024-11-03\/publica4-und-team-x-phd-lancieren-zwei-neue-high-impact-werbeformate-fuer-mercedes-benz-schweiz\/","og_site_name":"Organisator","article_publisher":"https:\/\/www.facebook.com\/OrganisatorFachmagazin","article_published_time":"2024-11-03T18:43:45+00:00","article_modified_time":"2024-11-07T08:29:16+00:00","og_image":[{"url":"https:\/\/www.markt-kom.com\/wp-content\/uploads\/2024\/11\/Mobile-scaled.jpg","type":"","width":"","height":""}],"author":"galledia","twitter_card":"summary_large_image","twitter_creator":"@admin","schema":{"@context":"https:\/\/schema.org","@graph":[{"@type":"Article","@id":"https:\/\/www.organisator.ch\/marketing\/2024-11-03\/publica4-und-team-x-phd-lancieren-zwei-neue-high-impact-werbeformate-fuer-mercedes-benz-schweiz\/#article","isPartOf":{"@id":"https:\/\/www.organisator.ch\/marketing\/2024-11-03\/publica4-und-team-x-phd-lancieren-zwei-neue-high-impact-werbeformate-fuer-mercedes-benz-schweiz\/"},"author":{"name":"galledia","@id":"https:\/\/www.organisator.ch\/#\/schema\/person\/4e51799071cd2dd1232ac003643ef5f0"},"headline":"Publica4 und Team X (PHD) lancieren zwei neue High Impact Werbeformate f\u00fcr Mercedes-Benz Schweiz.","datePublished":"2024-11-03T18:43:45+00:00","dateModified":"2024-11-07T08:29:16+00:00","mainEntityOfPage":{"@id":"https:\/\/www.organisator.ch\/marketing\/2024-11-03\/publica4-und-team-x-phd-lancieren-zwei-neue-high-impact-werbeformate-fuer-mercedes-benz-schweiz\/"},"wordCount":243,"publisher":{"@id":"https:\/\/www.organisator.ch\/#organization"},"image":{"@id":"https:\/\/www.organisator.ch\/marketing\/2024-11-03\/publica4-und-team-x-phd-lancieren-zwei-neue-high-impact-werbeformate-fuer-mercedes-benz-schweiz\/#primaryimage"},"thumbnailUrl":"https:\/\/www.markt-kom.com\/wp-content\/uploads\/2024\/11\/Mobile-scaled.jpg","keywords":["MarKom","Mercedes-Benz"],"articleSection":["MARKETING"],"inLanguage":"fr-FR"},{"@type":"WebPage","@id":"https:\/\/www.organisator.ch\/marketing\/2024-11-03\/publica4-und-team-x-phd-lancieren-zwei-neue-high-impact-werbeformate-fuer-mercedes-benz-schweiz\/","url":"https:\/\/www.organisator.ch\/marketing\/2024-11-03\/publica4-und-team-x-phd-lancieren-zwei-neue-high-impact-werbeformate-fuer-mercedes-benz-schweiz\/","name":"Publica4 et Team X (PHD) lancent deux nouveaux formats publicitaires \u00e0 fort impact pour Mercedes-Benz Suisse. - Organisateur","isPartOf":{"@id":"https:\/\/www.organisator.ch\/#website"},"primaryImageOfPage":{"@id":"https:\/\/www.organisator.ch\/marketing\/2024-11-03\/publica4-und-team-x-phd-lancieren-zwei-neue-high-impact-werbeformate-fuer-mercedes-benz-schweiz\/#primaryimage"},"image":{"@id":"https:\/\/www.organisator.ch\/marketing\/2024-11-03\/publica4-und-team-x-phd-lancieren-zwei-neue-high-impact-werbeformate-fuer-mercedes-benz-schweiz\/#primaryimage"},"thumbnailUrl":"https:\/\/www.markt-kom.com\/wp-content\/uploads\/2024\/11\/Mobile-scaled.jpg","datePublished":"2024-11-03T18:43:45+00:00","dateModified":"2024-11-07T08:29:16+00:00","description":"De nouveaux formats publicitaires comme Experience Ad et Video Wall Slider augmentent efficacement la perception de la marque Mercedes-Benz.","breadcrumb":{"@id":"https:\/\/www.organisator.ch\/marketing\/2024-11-03\/publica4-und-team-x-phd-lancieren-zwei-neue-high-impact-werbeformate-fuer-mercedes-benz-schweiz\/#breadcrumb"},"inLanguage":"fr-FR","potentialAction":[{"@type":"ReadAction","target":["https:\/\/www.organisator.ch\/marketing\/2024-11-03\/publica4-und-team-x-phd-lancieren-zwei-neue-high-impact-werbeformate-fuer-mercedes-benz-schweiz\/"]}]},{"@type":"ImageObject","inLanguage":"fr-FR","@id":"https:\/\/www.organisator.ch\/marketing\/2024-11-03\/publica4-und-team-x-phd-lancieren-zwei-neue-high-impact-werbeformate-fuer-mercedes-benz-schweiz\/#primaryimage","url":"https:\/\/www.markt-kom.com\/wp-content\/uploads\/2024\/11\/Mobile-scaled.jpg","contentUrl":"https:\/\/www.markt-kom.com\/wp-content\/uploads\/2024\/11\/Mobile-scaled.jpg"},{"@type":"BreadcrumbList","@id":"https:\/\/www.organisator.ch\/marketing\/2024-11-03\/publica4-und-team-x-phd-lancieren-zwei-neue-high-impact-werbeformate-fuer-mercedes-benz-schweiz\/#breadcrumb","itemListElement":[{"@type":"ListItem","position":1,"name":"Home","item":"https:\/\/www.organisator.ch\/"},{"@type":"ListItem","position":2,"name":"Publica4 und Team X (PHD) lancieren zwei neue High Impact Werbeformate f\u00fcr Mercedes-Benz Schweiz."}]},{"@type":"WebSite","@id":"https:\/\/www.organisator.ch\/#website","url":"https:\/\/www.organisator.ch\/","name":"Organisateur","description":"Comp\u00e9tence et comp\u00e9tence. Proches de la pratique. L'ORGANISATEUR pr\u00e9pare 10 num\u00e9ros par an sur les th\u00e8mes essentiels pour les dirigeants de PME.","publisher":{"@id":"https:\/\/www.organisator.ch\/#organization"},"potentialAction":[{"@type":"SearchAction","target":{"@type":"EntryPoint","urlTemplate":"https:\/\/www.organisator.ch\/?s={search_term_string}"},"query-input":{"@type":"PropertyValueSpecification","valueRequired":true,"valueName":"search_term_string"}}],"inLanguage":"fr-FR"},{"@type":"Organization","@id":"https:\/\/www.organisator.ch\/#organization","name":"Organisateur","url":"https:\/\/www.organisator.ch\/","logo":{"@type":"ImageObject","inLanguage":"fr-FR","@id":"https:\/\/www.organisator.ch\/#\/schema\/logo\/image\/","url":"https:\/\/www.organisator.ch\/wp-content\/uploads\/2022\/01\/Logo_Organisator_Website.png","contentUrl":"https:\/\/www.organisator.ch\/wp-content\/uploads\/2022\/01\/Logo_Organisator_Website.png","width":800,"height":77,"caption":"Organisator"},"image":{"@id":"https:\/\/www.organisator.ch\/#\/schema\/logo\/image\/"},"sameAs":["https:\/\/www.facebook.com\/OrganisatorFachmagazin","https:\/\/www.linkedin.com\/showcase\/organisator-das-magazin-fr-kmu","https:\/\/www.xing.com\/news\/pages\/organisator-ch-695","https:\/\/www.youtube.com\/channel\/UCGP2Sq0iWaZwT3BdIAQFYpw"]},{"@type":"Person","@id":"https:\/\/www.organisator.ch\/#\/schema\/person\/4e51799071cd2dd1232ac003643ef5f0","name":"galledia","image":{"@type":"ImageObject","inLanguage":"fr-FR","@id":"https:\/\/secure.gravatar.com\/avatar\/78a7f90c01fc2bfc875782a0d4922b37cde2cf184ce347b91316d23cd7f69a36?s=96&d=mm&r=g","url":"https:\/\/secure.gravatar.com\/avatar\/78a7f90c01fc2bfc875782a0d4922b37cde2cf184ce347b91316d23cd7f69a36?s=96&d=mm&r=g","contentUrl":"https:\/\/secure.gravatar.com\/avatar\/78a7f90c01fc2bfc875782a0d4922b37cde2cf184ce347b91316d23cd7f69a36?s=96&d=mm&r=g","caption":"galledia"},"sameAs":["https:\/\/x.com\/admin"],"url":"https:\/\/www.organisator.ch\/fr\/author\/galledia\/"}]}},"_links":{"self":[{"href":"https:\/\/www.organisator.ch\/fr\/wp-json\/wp\/v2\/posts\/31450","targetHints":{"allow":["GET"]}}],"collection":[{"href":"https:\/\/www.organisator.ch\/fr\/wp-json\/wp\/v2\/posts"}],"about":[{"href":"https:\/\/www.organisator.ch\/fr\/wp-json\/wp\/v2\/types\/post"}],"author":[{"embeddable":true,"href":"https:\/\/www.organisator.ch\/fr\/wp-json\/wp\/v2\/users\/8"}],"replies":[{"embeddable":true,"href":"https:\/\/www.organisator.ch\/fr\/wp-json\/wp\/v2\/comments?post=31450"}],"version-history":[{"count":5,"href":"https:\/\/www.organisator.ch\/fr\/wp-json\/wp\/v2\/posts\/31450\/revisions"}],"predecessor-version":[{"id":31674,"href":"https:\/\/www.organisator.ch\/fr\/wp-json\/wp\/v2\/posts\/31450\/revisions\/31674"}],"wp:attachment":[{"href":"https:\/\/www.organisator.ch\/fr\/wp-json\/wp\/v2\/media?parent=31450"}],"wp:term":[{"taxonomy":"category","embeddable":true,"href":"https:\/\/www.organisator.ch\/fr\/wp-json\/wp\/v2\/categories?post=31450"},{"taxonomy":"post_tag","embeddable":true,"href":"https:\/\/www.organisator.ch\/fr\/wp-json\/wp\/v2\/tags?post=31450"}],"curies":[{"name":"wp","href":"https:\/\/api.w.org\/{rel}","templated":true}]}}