{"id":31464,"date":"2024-11-04T13:38:46","date_gmt":"2024-11-04T12:38:46","guid":{"rendered":"https:\/\/www.organisator.ch\/?p=31464"},"modified":"2024-11-04T17:04:50","modified_gmt":"2024-11-04T16:04:50","slug":"franke-schliesst-die-akquisition-von-wesco-erfolgreich-ab","status":"publish","type":"post","link":"https:\/\/www.organisator.ch\/fr\/management\/2024-11-04\/franke-schliesst-die-akquisition-von-wesco-erfolgreich-ab\/","title":{"rendered":"Franke conclut avec succ\u00e8s l'acquisition de Wesco"},"content":{"rendered":"<figure id=\"attachment_31465\" aria-describedby=\"caption-attachment-31465\" style=\"width: 680px\" class=\"wp-caption alignnone\"><img loading=\"lazy\" decoding=\"async\" class=\"size-full wp-image-31465\" src=\"https:\/\/www.organisator.ch\/wp-content\/uploads\/2024\/11\/Franke-Wesco_Bild1_ps.jpg\" alt=\"\" width=\"680\" height=\"458\" srcset=\"https:\/\/www.organisator.ch\/wp-content\/uploads\/2024\/11\/Franke-Wesco_Bild1_ps.jpg 680w, https:\/\/www.organisator.ch\/wp-content\/uploads\/2024\/11\/Franke-Wesco_Bild1_ps-18x12.jpg 18w, https:\/\/www.organisator.ch\/wp-content\/uploads\/2024\/11\/Franke-Wesco_Bild1_ps-375x253.jpg 375w, https:\/\/www.organisator.ch\/wp-content\/uploads\/2024\/11\/Franke-Wesco_Bild1_ps-520x350.jpg 520w\" sizes=\"auto, (max-width: 680px) 100vw, 680px\" \/><figcaption id=\"caption-attachment-31465\" class=\"wp-caption-text\">Franke a conclu avec succ\u00e8s l'acquisition de WESCO (photo : www.franke.ch)<\/figcaption><\/figure>\n<p>Wesco sera une unit\u00e9 ind\u00e9pendante dirig\u00e9e par Barbara Borra et viendra compl\u00e9ter et renforcer l'offre de Franke Home Solutions, une division du groupe Franke. Barbara Borra, pr\u00e9sidente\/directrice g\u00e9n\u00e9rale de Franke Home Solutions, a d\u00e9clar\u00e9 : \"Nous sommes tr\u00e8s satisfaits de la rapidit\u00e9 de l'op\u00e9ration. <a href=\"https:\/\/www.organisator.ch\/de\/management\/2024-10-01\/franke-gruppe-erwirbt-wesco\/\">Conclusion de la transaction<\/a> et nous nous r\u00e9jouissons de l'int\u00e9gration du groupe WESCO. Avec les \u00e9quipes de Wesco et de berbel, nous allons nous concentrer sur la poursuite de la fourniture d'un service de premi\u00e8re qualit\u00e9 \u00e0 nos clients et sur le d\u00e9veloppement des relations existantes. Cette acquisition renforce notre offre sur le march\u00e9 des hottes aspirantes, tant sur le plan g\u00e9ographique que strat\u00e9gique, et nous permet surtout d'atteindre progressivement une position de leader en Allemagne et en Suisse\".<\/p>\n<h3><strong>\u00c0 propos de Franke et Wesco<\/strong><\/h3>\n<p>Le groupe Franke est un fabricant et fournisseur leader mondial de solutions et d'\u00e9quipements pour la cuisine domestique ainsi que pour la restauration collective professionnelle et la pr\u00e9paration du caf\u00e9. L'entreprise est pr\u00e9sente dans le monde entier et emploie environ 7'700 personnes dans 35 pays. Son chiffre d'affaires net s'\u00e9l\u00e8ve \u00e0 environ 2,42 milliards de francs suisses. Le groupe d'entreprises fait partie d'Artemis Group, Suisse.<\/p>\n<p>Franke Home Solutions est une division du groupe Franke et le premier fournisseur mondial de syst\u00e8mes et de solutions intelligents pour la cuisine priv\u00e9e. La division est active dans le monde entier et r\u00e9alise un chiffre d'affaires net de 932 millions de francs suisses avec environ 4'200 collaborateurs dans plus de 30 pays. La gamme de produits couvre tous les domaines de la cuisine et va m\u00eame au-del\u00e0 - de la pr\u00e9paration et de la cuisson au traitement de l'air en passant par le nettoyage et l'\u00e9limination des d\u00e9chets. Les solutions offrent une exp\u00e9rience de vie illimit\u00e9e - simple, hygi\u00e9nique et respectueuse de l'environnement.<\/p>\n<p>Fond\u00e9 en 1962, le groupe Wesco est une entreprise leader sp\u00e9cialis\u00e9e dans les hottes aspirantes et les syst\u00e8mes de ventilation pour les cuisines, les appartements, les bureaux et les \u00e9coles. Avec environ 280 collaborateurs r\u00e9partis sur des sites en Suisse (Wesco AG), en Allemagne (berbel Ablufttechnik GmbH) et en Italie (Createc srl), le groupe r\u00e9alise en 2023 un chiffre d'affaires net de 97 millions de francs suisses. Wesco est synonyme de hottes aspirantes et de solutions de ventilation haut de gamme \"made for Switzerland\". Le groupe Wesco r\u00e9unit des comp\u00e9tences exceptionnelles en mati\u00e8re de ventilation et de design et est synonyme de qualit\u00e9, d'efficacit\u00e9 et d'innovation maximales.<\/p>\n<p><em>Source : <a href=\"http:\/\/www.franke.ch\">www.franke.ch<\/a><\/em><\/p>","protected":false},"excerpt":{"rendered":"<p>Le groupe Franke a conclu avec succ\u00e8s l'acquisition annonc\u00e9e en septembre du groupe Wesco, un fournisseur haut de gamme de hottes aspirantes et de syst\u00e8mes de ventilation en Suisse et en Allemagne. Les autorit\u00e9s de la concurrence comp\u00e9tentes ont donn\u00e9 leur accord \u00e0 la transaction. <\/p>","protected":false},"author":80,"featured_media":31465,"comment_status":"closed","ping_status":"closed","sticky":false,"template":"","format":"standard","meta":{"_acf_changed":false,"_yoast_wpseo_focuskw":"Franke","_yoast_wpseo_metadesc":"Die Franke Gruppe hat die im September angek\u00fcndigte Akquisition der Wesco Gruppe, einem Premiumanbieter f\u00fcr Dunstabzugshauben und L\u00fcftungssysteme, erfolgreich abgeschlossen.","articlekey":"","footnotes":""},"categories":[28],"tags":[35,3323,424,475,492],"class_list":["post-31464","post","type-post","status-publish","format-standard","has-post-thumbnail","hentry","category-management","tag-akquisition","tag-firmenuebernahmen","tag-schweiz","tag-technologie","tag-unternehmen"],"acf":[],"yoast_head":"<!-- This site is optimized with the Yoast SEO plugin v27.5 - https:\/\/yoast.com\/product\/yoast-seo-wordpress\/ -->\n<title>Franke schliesst die Akquisition von Wesco erfolgreich ab - Organisator<\/title>\n<meta name=\"description\" content=\"Die Franke Gruppe hat die im September angek\u00fcndigte Akquisition der Wesco Gruppe, einem Premiumanbieter f\u00fcr Dunstabzugshauben und L\u00fcftungssysteme, erfolgreich abgeschlossen.\" \/>\n<meta name=\"robots\" content=\"index, follow, max-snippet:-1, max-image-preview:large, max-video-preview:-1\" \/>\n<link rel=\"canonical\" href=\"https:\/\/www.organisator.ch\/fr\/gestion-2\/2024-11-04\/franke-schliesst-die-akquisition-von-wesco-erfolgreich-ab\/\" \/>\n<meta property=\"og:locale\" content=\"fr_FR\" \/>\n<meta property=\"og:type\" content=\"article\" \/>\n<meta property=\"og:title\" content=\"Franke schliesst die Akquisition von WESCO erfolgreich ab\" \/>\n<meta property=\"og:description\" content=\"Die Franke Gruppe hat die im September angek\u00fcndigte Akquisition der Wesco Gruppe, einem Premiumanbieter f\u00fcr Dunstabzugshauben und L\u00fcftungssysteme, erfolgreich abgeschlossen.\" \/>\n<meta property=\"og:url\" content=\"https:\/\/www.organisator.ch\/fr\/gestion-2\/2024-11-04\/franke-schliesst-die-akquisition-von-wesco-erfolgreich-ab\/\" \/>\n<meta property=\"og:site_name\" content=\"Organisator\" \/>\n<meta property=\"article:publisher\" content=\"https:\/\/www.facebook.com\/OrganisatorFachmagazin\" \/>\n<meta property=\"article:published_time\" content=\"2024-11-04T12:38:46+00:00\" \/>\n<meta property=\"article:modified_time\" content=\"2024-11-04T16:04:50+00:00\" \/>\n<meta property=\"og:image\" content=\"https:\/\/www.organisator.ch\/wp-content\/uploads\/2024\/11\/Franke-Wesco_Bild1_ps.jpg\" \/>\n\t<meta property=\"og:image:width\" content=\"680\" \/>\n\t<meta property=\"og:image:height\" content=\"458\" \/>\n\t<meta property=\"og:image:type\" content=\"image\/jpeg\" \/>\n<meta name=\"author\" content=\"Dzana Muminovic\" \/>\n<meta name=\"twitter:card\" content=\"summary_large_image\" \/>\n<meta name=\"twitter:title\" content=\"Franke schliesst die Akquisition von WESCO erfolgreich ab\" \/>\n<meta name=\"twitter:description\" content=\"Die Franke Gruppe hat die im September angek\u00fcndigte Akquisition der Wesco Gruppe, einem Premiumanbieter f\u00fcr Dunstabzugshauben und L\u00fcftungssysteme, erfolgreich abgeschlossen.\" \/>\n<meta name=\"twitter:image\" content=\"https:\/\/www.organisator.ch\/wp-content\/uploads\/2024\/11\/Franke-Wesco_Bild1_ps.jpg\" \/>\n<script type=\"application\/ld+json\" class=\"yoast-schema-graph\">{\"@context\":\"https:\\\/\\\/schema.org\",\"@graph\":[{\"@type\":\"Article\",\"@id\":\"https:\\\/\\\/www.organisator.ch\\\/management\\\/2024-11-04\\\/franke-schliesst-die-akquisition-von-wesco-erfolgreich-ab\\\/#article\",\"isPartOf\":{\"@id\":\"https:\\\/\\\/www.organisator.ch\\\/management\\\/2024-11-04\\\/franke-schliesst-die-akquisition-von-wesco-erfolgreich-ab\\\/\"},\"author\":{\"name\":\"Dzana Muminovic\",\"@id\":\"https:\\\/\\\/www.organisator.ch\\\/#\\\/schema\\\/person\\\/afccda3a71c06d4be2ed9100dd163db7\"},\"headline\":\"Franke schliesst die Akquisition von Wesco erfolgreich ab\",\"datePublished\":\"2024-11-04T12:38:46+00:00\",\"dateModified\":\"2024-11-04T16:04:50+00:00\",\"mainEntityOfPage\":{\"@id\":\"https:\\\/\\\/www.organisator.ch\\\/management\\\/2024-11-04\\\/franke-schliesst-die-akquisition-von-wesco-erfolgreich-ab\\\/\"},\"wordCount\":396,\"publisher\":{\"@id\":\"https:\\\/\\\/www.organisator.ch\\\/#organization\"},\"image\":{\"@id\":\"https:\\\/\\\/www.organisator.ch\\\/management\\\/2024-11-04\\\/franke-schliesst-die-akquisition-von-wesco-erfolgreich-ab\\\/#primaryimage\"},\"thumbnailUrl\":\"https:\\\/\\\/www.organisator.ch\\\/wp-content\\\/uploads\\\/2024\\\/11\\\/Franke-Wesco_Bild1_ps.jpg\",\"keywords\":[\"Akquisition\",\"Firmen\u00fcbernahmen\",\"Schweiz\",\"Technologie\",\"Unternehmen\"],\"articleSection\":[\"MANAGEMENT\"],\"inLanguage\":\"fr-FR\"},{\"@type\":\"WebPage\",\"@id\":\"https:\\\/\\\/www.organisator.ch\\\/management\\\/2024-11-04\\\/franke-schliesst-die-akquisition-von-wesco-erfolgreich-ab\\\/\",\"url\":\"https:\\\/\\\/www.organisator.ch\\\/management\\\/2024-11-04\\\/franke-schliesst-die-akquisition-von-wesco-erfolgreich-ab\\\/\",\"name\":\"Franke schliesst die Akquisition von Wesco erfolgreich ab - Organisator\",\"isPartOf\":{\"@id\":\"https:\\\/\\\/www.organisator.ch\\\/#website\"},\"primaryImageOfPage\":{\"@id\":\"https:\\\/\\\/www.organisator.ch\\\/management\\\/2024-11-04\\\/franke-schliesst-die-akquisition-von-wesco-erfolgreich-ab\\\/#primaryimage\"},\"image\":{\"@id\":\"https:\\\/\\\/www.organisator.ch\\\/management\\\/2024-11-04\\\/franke-schliesst-die-akquisition-von-wesco-erfolgreich-ab\\\/#primaryimage\"},\"thumbnailUrl\":\"https:\\\/\\\/www.organisator.ch\\\/wp-content\\\/uploads\\\/2024\\\/11\\\/Franke-Wesco_Bild1_ps.jpg\",\"datePublished\":\"2024-11-04T12:38:46+00:00\",\"dateModified\":\"2024-11-04T16:04:50+00:00\",\"description\":\"Die Franke Gruppe hat die im September angek\u00fcndigte Akquisition der Wesco Gruppe, einem Premiumanbieter f\u00fcr Dunstabzugshauben und L\u00fcftungssysteme, erfolgreich abgeschlossen.\",\"breadcrumb\":{\"@id\":\"https:\\\/\\\/www.organisator.ch\\\/management\\\/2024-11-04\\\/franke-schliesst-die-akquisition-von-wesco-erfolgreich-ab\\\/#breadcrumb\"},\"inLanguage\":\"fr-FR\",\"potentialAction\":[{\"@type\":\"ReadAction\",\"target\":[\"https:\\\/\\\/www.organisator.ch\\\/management\\\/2024-11-04\\\/franke-schliesst-die-akquisition-von-wesco-erfolgreich-ab\\\/\"]}]},{\"@type\":\"ImageObject\",\"inLanguage\":\"fr-FR\",\"@id\":\"https:\\\/\\\/www.organisator.ch\\\/management\\\/2024-11-04\\\/franke-schliesst-die-akquisition-von-wesco-erfolgreich-ab\\\/#primaryimage\",\"url\":\"https:\\\/\\\/www.organisator.ch\\\/wp-content\\\/uploads\\\/2024\\\/11\\\/Franke-Wesco_Bild1_ps.jpg\",\"contentUrl\":\"https:\\\/\\\/www.organisator.ch\\\/wp-content\\\/uploads\\\/2024\\\/11\\\/Franke-Wesco_Bild1_ps.jpg\",\"width\":680,\"height\":458,\"caption\":\"Franke hat die \u00dcbernahme von WESCO erfolgreich abgeschlossen (Bild: www.franke.ch)\"},{\"@type\":\"BreadcrumbList\",\"@id\":\"https:\\\/\\\/www.organisator.ch\\\/management\\\/2024-11-04\\\/franke-schliesst-die-akquisition-von-wesco-erfolgreich-ab\\\/#breadcrumb\",\"itemListElement\":[{\"@type\":\"ListItem\",\"position\":1,\"name\":\"Home\",\"item\":\"https:\\\/\\\/www.organisator.ch\\\/\"},{\"@type\":\"ListItem\",\"position\":2,\"name\":\"Franke schliesst die Akquisition von Wesco erfolgreich ab\"}]},{\"@type\":\"WebSite\",\"@id\":\"https:\\\/\\\/www.organisator.ch\\\/#website\",\"url\":\"https:\\\/\\\/www.organisator.ch\\\/\",\"name\":\"Organisator\",\"description\":\"Kompetent. Praxisnah. Der ORGANISATOR bereitet in 10 Ausgaben pro Jahr die wesentlichen Themen f\u00fcr F\u00fchrungskr\u00e4fte von KMU auf.\",\"publisher\":{\"@id\":\"https:\\\/\\\/www.organisator.ch\\\/#organization\"},\"potentialAction\":[{\"@type\":\"SearchAction\",\"target\":{\"@type\":\"EntryPoint\",\"urlTemplate\":\"https:\\\/\\\/www.organisator.ch\\\/?s={search_term_string}\"},\"query-input\":{\"@type\":\"PropertyValueSpecification\",\"valueRequired\":true,\"valueName\":\"search_term_string\"}}],\"inLanguage\":\"fr-FR\"},{\"@type\":\"Organization\",\"@id\":\"https:\\\/\\\/www.organisator.ch\\\/#organization\",\"name\":\"Organisator\",\"url\":\"https:\\\/\\\/www.organisator.ch\\\/\",\"logo\":{\"@type\":\"ImageObject\",\"inLanguage\":\"fr-FR\",\"@id\":\"https:\\\/\\\/www.organisator.ch\\\/#\\\/schema\\\/logo\\\/image\\\/\",\"url\":\"https:\\\/\\\/www.organisator.ch\\\/wp-content\\\/uploads\\\/2022\\\/01\\\/Logo_Organisator_Website.png\",\"contentUrl\":\"https:\\\/\\\/www.organisator.ch\\\/wp-content\\\/uploads\\\/2022\\\/01\\\/Logo_Organisator_Website.png\",\"width\":800,\"height\":77,\"caption\":\"Organisator\"},\"image\":{\"@id\":\"https:\\\/\\\/www.organisator.ch\\\/#\\\/schema\\\/logo\\\/image\\\/\"},\"sameAs\":[\"https:\\\/\\\/www.facebook.com\\\/OrganisatorFachmagazin\",\"https:\\\/\\\/www.linkedin.com\\\/showcase\\\/organisator-das-magazin-fr-kmu\",\"https:\\\/\\\/www.xing.com\\\/news\\\/pages\\\/organisator-ch-695\",\"https:\\\/\\\/www.youtube.com\\\/channel\\\/UCGP2Sq0iWaZwT3BdIAQFYpw\"]},{\"@type\":\"Person\",\"@id\":\"https:\\\/\\\/www.organisator.ch\\\/#\\\/schema\\\/person\\\/afccda3a71c06d4be2ed9100dd163db7\",\"name\":\"Dzana Muminovic\",\"image\":{\"@type\":\"ImageObject\",\"inLanguage\":\"fr-FR\",\"@id\":\"https:\\\/\\\/secure.gravatar.com\\\/avatar\\\/909c5c71aff4b38e88686f2ab2f1ba152571f394f41ed8bae431ea56ced93050?s=96&d=mm&r=g\",\"url\":\"https:\\\/\\\/secure.gravatar.com\\\/avatar\\\/909c5c71aff4b38e88686f2ab2f1ba152571f394f41ed8bae431ea56ced93050?s=96&d=mm&r=g\",\"contentUrl\":\"https:\\\/\\\/secure.gravatar.com\\\/avatar\\\/909c5c71aff4b38e88686f2ab2f1ba152571f394f41ed8bae431ea56ced93050?s=96&d=mm&r=g\",\"caption\":\"Dzana Muminovic\"},\"url\":\"https:\\\/\\\/www.organisator.ch\\\/fr\\\/author\\\/dzana-muminovic\\\/\"}]}<\/script>\n<!-- \/ Yoast SEO plugin. -->","yoast_head_json":{"title":"Franke conclut avec succ\u00e8s l'acquisition de Wesco - Organisateur","description":"Le groupe Franke a conclu avec succ\u00e8s l'acquisition annonc\u00e9e en septembre du groupe Wesco, un fournisseur haut de gamme de hottes aspirantes et de syst\u00e8mes de ventilation.","robots":{"index":"index","follow":"follow","max-snippet":"max-snippet:-1","max-image-preview":"max-image-preview:large","max-video-preview":"max-video-preview:-1"},"canonical":"https:\/\/www.organisator.ch\/fr\/gestion-2\/2024-11-04\/franke-schliesst-die-akquisition-von-wesco-erfolgreich-ab\/","og_locale":"fr_FR","og_type":"article","og_title":"Franke schliesst die Akquisition von WESCO erfolgreich ab","og_description":"Die Franke Gruppe hat die im September angek\u00fcndigte Akquisition der Wesco Gruppe, einem Premiumanbieter f\u00fcr Dunstabzugshauben und L\u00fcftungssysteme, erfolgreich abgeschlossen.","og_url":"https:\/\/www.organisator.ch\/fr\/gestion-2\/2024-11-04\/franke-schliesst-die-akquisition-von-wesco-erfolgreich-ab\/","og_site_name":"Organisator","article_publisher":"https:\/\/www.facebook.com\/OrganisatorFachmagazin","article_published_time":"2024-11-04T12:38:46+00:00","article_modified_time":"2024-11-04T16:04:50+00:00","og_image":[{"width":680,"height":458,"url":"https:\/\/www.organisator.ch\/wp-content\/uploads\/2024\/11\/Franke-Wesco_Bild1_ps.jpg","type":"image\/jpeg"}],"author":"Dzana Muminovic","twitter_card":"summary_large_image","twitter_title":"Franke schliesst die Akquisition von WESCO erfolgreich ab","twitter_description":"Die Franke Gruppe hat die im September angek\u00fcndigte Akquisition der Wesco Gruppe, einem Premiumanbieter f\u00fcr Dunstabzugshauben und L\u00fcftungssysteme, erfolgreich abgeschlossen.","twitter_image":"https:\/\/www.organisator.ch\/wp-content\/uploads\/2024\/11\/Franke-Wesco_Bild1_ps.jpg","schema":{"@context":"https:\/\/schema.org","@graph":[{"@type":"Article","@id":"https:\/\/www.organisator.ch\/management\/2024-11-04\/franke-schliesst-die-akquisition-von-wesco-erfolgreich-ab\/#article","isPartOf":{"@id":"https:\/\/www.organisator.ch\/management\/2024-11-04\/franke-schliesst-die-akquisition-von-wesco-erfolgreich-ab\/"},"author":{"name":"Dzana Muminovic","@id":"https:\/\/www.organisator.ch\/#\/schema\/person\/afccda3a71c06d4be2ed9100dd163db7"},"headline":"Franke schliesst die Akquisition von Wesco erfolgreich ab","datePublished":"2024-11-04T12:38:46+00:00","dateModified":"2024-11-04T16:04:50+00:00","mainEntityOfPage":{"@id":"https:\/\/www.organisator.ch\/management\/2024-11-04\/franke-schliesst-die-akquisition-von-wesco-erfolgreich-ab\/"},"wordCount":396,"publisher":{"@id":"https:\/\/www.organisator.ch\/#organization"},"image":{"@id":"https:\/\/www.organisator.ch\/management\/2024-11-04\/franke-schliesst-die-akquisition-von-wesco-erfolgreich-ab\/#primaryimage"},"thumbnailUrl":"https:\/\/www.organisator.ch\/wp-content\/uploads\/2024\/11\/Franke-Wesco_Bild1_ps.jpg","keywords":["Akquisition","Firmen\u00fcbernahmen","Schweiz","Technologie","Unternehmen"],"articleSection":["MANAGEMENT"],"inLanguage":"fr-FR"},{"@type":"WebPage","@id":"https:\/\/www.organisator.ch\/management\/2024-11-04\/franke-schliesst-die-akquisition-von-wesco-erfolgreich-ab\/","url":"https:\/\/www.organisator.ch\/management\/2024-11-04\/franke-schliesst-die-akquisition-von-wesco-erfolgreich-ab\/","name":"Franke conclut avec succ\u00e8s l'acquisition de Wesco - Organisateur","isPartOf":{"@id":"https:\/\/www.organisator.ch\/#website"},"primaryImageOfPage":{"@id":"https:\/\/www.organisator.ch\/management\/2024-11-04\/franke-schliesst-die-akquisition-von-wesco-erfolgreich-ab\/#primaryimage"},"image":{"@id":"https:\/\/www.organisator.ch\/management\/2024-11-04\/franke-schliesst-die-akquisition-von-wesco-erfolgreich-ab\/#primaryimage"},"thumbnailUrl":"https:\/\/www.organisator.ch\/wp-content\/uploads\/2024\/11\/Franke-Wesco_Bild1_ps.jpg","datePublished":"2024-11-04T12:38:46+00:00","dateModified":"2024-11-04T16:04:50+00:00","description":"Le groupe Franke a conclu avec succ\u00e8s l'acquisition annonc\u00e9e en septembre du groupe Wesco, un fournisseur haut de gamme de hottes aspirantes et de syst\u00e8mes de ventilation.","breadcrumb":{"@id":"https:\/\/www.organisator.ch\/management\/2024-11-04\/franke-schliesst-die-akquisition-von-wesco-erfolgreich-ab\/#breadcrumb"},"inLanguage":"fr-FR","potentialAction":[{"@type":"ReadAction","target":["https:\/\/www.organisator.ch\/management\/2024-11-04\/franke-schliesst-die-akquisition-von-wesco-erfolgreich-ab\/"]}]},{"@type":"ImageObject","inLanguage":"fr-FR","@id":"https:\/\/www.organisator.ch\/management\/2024-11-04\/franke-schliesst-die-akquisition-von-wesco-erfolgreich-ab\/#primaryimage","url":"https:\/\/www.organisator.ch\/wp-content\/uploads\/2024\/11\/Franke-Wesco_Bild1_ps.jpg","contentUrl":"https:\/\/www.organisator.ch\/wp-content\/uploads\/2024\/11\/Franke-Wesco_Bild1_ps.jpg","width":680,"height":458,"caption":"Franke hat die \u00dcbernahme von WESCO erfolgreich abgeschlossen (Bild: www.franke.ch)"},{"@type":"BreadcrumbList","@id":"https:\/\/www.organisator.ch\/management\/2024-11-04\/franke-schliesst-die-akquisition-von-wesco-erfolgreich-ab\/#breadcrumb","itemListElement":[{"@type":"ListItem","position":1,"name":"Home","item":"https:\/\/www.organisator.ch\/"},{"@type":"ListItem","position":2,"name":"Franke schliesst die Akquisition von Wesco erfolgreich ab"}]},{"@type":"WebSite","@id":"https:\/\/www.organisator.ch\/#website","url":"https:\/\/www.organisator.ch\/","name":"Organisateur","description":"Comp\u00e9tence et comp\u00e9tence. Proches de la pratique. L'ORGANISATEUR pr\u00e9pare 10 num\u00e9ros par an sur les th\u00e8mes essentiels pour les dirigeants de PME.","publisher":{"@id":"https:\/\/www.organisator.ch\/#organization"},"potentialAction":[{"@type":"SearchAction","target":{"@type":"EntryPoint","urlTemplate":"https:\/\/www.organisator.ch\/?s={search_term_string}"},"query-input":{"@type":"PropertyValueSpecification","valueRequired":true,"valueName":"search_term_string"}}],"inLanguage":"fr-FR"},{"@type":"Organization","@id":"https:\/\/www.organisator.ch\/#organization","name":"Organisateur","url":"https:\/\/www.organisator.ch\/","logo":{"@type":"ImageObject","inLanguage":"fr-FR","@id":"https:\/\/www.organisator.ch\/#\/schema\/logo\/image\/","url":"https:\/\/www.organisator.ch\/wp-content\/uploads\/2022\/01\/Logo_Organisator_Website.png","contentUrl":"https:\/\/www.organisator.ch\/wp-content\/uploads\/2022\/01\/Logo_Organisator_Website.png","width":800,"height":77,"caption":"Organisator"},"image":{"@id":"https:\/\/www.organisator.ch\/#\/schema\/logo\/image\/"},"sameAs":["https:\/\/www.facebook.com\/OrganisatorFachmagazin","https:\/\/www.linkedin.com\/showcase\/organisator-das-magazin-fr-kmu","https:\/\/www.xing.com\/news\/pages\/organisator-ch-695","https:\/\/www.youtube.com\/channel\/UCGP2Sq0iWaZwT3BdIAQFYpw"]},{"@type":"Person","@id":"https:\/\/www.organisator.ch\/#\/schema\/person\/afccda3a71c06d4be2ed9100dd163db7","name":"Dzana Muminovic","image":{"@type":"ImageObject","inLanguage":"fr-FR","@id":"https:\/\/secure.gravatar.com\/avatar\/909c5c71aff4b38e88686f2ab2f1ba152571f394f41ed8bae431ea56ced93050?s=96&d=mm&r=g","url":"https:\/\/secure.gravatar.com\/avatar\/909c5c71aff4b38e88686f2ab2f1ba152571f394f41ed8bae431ea56ced93050?s=96&d=mm&r=g","contentUrl":"https:\/\/secure.gravatar.com\/avatar\/909c5c71aff4b38e88686f2ab2f1ba152571f394f41ed8bae431ea56ced93050?s=96&d=mm&r=g","caption":"Dzana Muminovic"},"url":"https:\/\/www.organisator.ch\/fr\/author\/dzana-muminovic\/"}]}},"_links":{"self":[{"href":"https:\/\/www.organisator.ch\/fr\/wp-json\/wp\/v2\/posts\/31464","targetHints":{"allow":["GET"]}}],"collection":[{"href":"https:\/\/www.organisator.ch\/fr\/wp-json\/wp\/v2\/posts"}],"about":[{"href":"https:\/\/www.organisator.ch\/fr\/wp-json\/wp\/v2\/types\/post"}],"author":[{"embeddable":true,"href":"https:\/\/www.organisator.ch\/fr\/wp-json\/wp\/v2\/users\/80"}],"replies":[{"embeddable":true,"href":"https:\/\/www.organisator.ch\/fr\/wp-json\/wp\/v2\/comments?post=31464"}],"version-history":[{"count":7,"href":"https:\/\/www.organisator.ch\/fr\/wp-json\/wp\/v2\/posts\/31464\/revisions"}],"predecessor-version":[{"id":31500,"href":"https:\/\/www.organisator.ch\/fr\/wp-json\/wp\/v2\/posts\/31464\/revisions\/31500"}],"wp:featuredmedia":[{"embeddable":true,"href":"https:\/\/www.organisator.ch\/fr\/wp-json\/wp\/v2\/media\/31465"}],"wp:attachment":[{"href":"https:\/\/www.organisator.ch\/fr\/wp-json\/wp\/v2\/media?parent=31464"}],"wp:term":[{"taxonomy":"category","embeddable":true,"href":"https:\/\/www.organisator.ch\/fr\/wp-json\/wp\/v2\/categories?post=31464"},{"taxonomy":"post_tag","embeddable":true,"href":"https:\/\/www.organisator.ch\/fr\/wp-json\/wp\/v2\/tags?post=31464"}],"curies":[{"name":"wp","href":"https:\/\/api.w.org\/{rel}","templated":true}]}}