{"id":31468,"date":"2024-11-13T07:02:42","date_gmt":"2024-11-13T06:02:42","guid":{"rendered":"https:\/\/www.organisator.ch\/?p=31468"},"modified":"2024-11-04T10:11:36","modified_gmt":"2024-11-04T09:11:36","slug":"prix-svc-wirtschaftsraum-zuerich-2024-reprisk-ag","status":"publish","type":"post","link":"https:\/\/www.organisator.ch\/fr\/management\/2024-11-13\/prix-svc-wirtschaftsraum-zuerich-2024-reprisk-ag\/","title":{"rendered":"Prix SVC Espace \u00e9conomique Zurich 2024 : RepRisk AG"},"content":{"rendered":"<figure id=\"attachment_31469\" aria-describedby=\"caption-attachment-31469\" style=\"width: 680px\" class=\"wp-caption alignnone\"><img loading=\"lazy\" decoding=\"async\" class=\"size-full wp-image-31469\" src=\"https:\/\/www.organisator.ch\/wp-content\/uploads\/2024\/11\/RepRisk_Bild1_ps.jpg\" alt=\"\" width=\"680\" height=\"388\" srcset=\"https:\/\/www.organisator.ch\/wp-content\/uploads\/2024\/11\/RepRisk_Bild1_ps.jpg 680w, https:\/\/www.organisator.ch\/wp-content\/uploads\/2024\/11\/RepRisk_Bild1_ps-18x10.jpg 18w, https:\/\/www.organisator.ch\/wp-content\/uploads\/2024\/11\/RepRisk_Bild1_ps-375x214.jpg 375w, https:\/\/www.organisator.ch\/wp-content\/uploads\/2024\/11\/RepRisk_Bild1_ps-613x350.jpg 613w\" sizes=\"auto, (max-width: 680px) 100vw, 680px\" \/><figcaption id=\"caption-attachment-31469\" class=\"wp-caption-text\">La plateforme de RepRisk AG analyse quotidiennement plus de 150'000 sources accessibles au public en 23 langues afin d'identifier les risques commerciaux potentiels. (Image : RepRisk AG \/ www.reprisk.com)<\/figcaption><\/figure>\n<p>Depuis sa cr\u00e9ation en 1998, RepRisk AG est devenu un leader mondial dans l'identification et l'\u00e9valuation des risques commerciaux et ESG. RepRisk met en \u00e9vidence des risques tels que les violations des droits de l'homme et la corruption, qui ne sont pas divulgu\u00e9s par les entreprises. Les d\u00e9cideurs ont ainsi une vision plus claire de leurs relations commerciales et de leurs investissements. Les donn\u00e9es RepRisk sont bas\u00e9es sur une m\u00e9thodologie transparente et coh\u00e9rente, optimis\u00e9e en permanence depuis deux d\u00e9cennies gr\u00e2ce \u00e0 l'utilisation de l'intelligence artificielle et d'analystes hautement qualifi\u00e9s.<\/p>\n<h3><strong>Une pr\u00e9sence mondiale et des clients de renom<\/strong><\/h3>\n<p>A l'origine, RepRisk AG a d\u00e9marr\u00e9 en tant que soci\u00e9t\u00e9 de conseil en mati\u00e8re de risques environnementaux et sociaux dans le secteur bancaire et comptait UBS parmi ses premiers clients. Aujourd'hui, sa client\u00e8le compte plus de 550 entreprises dans le monde entier. Parmi eux figurent des institutions financi\u00e8res de premier plan comme Pictet et Julius Baer ainsi que des groupes internationaux comme Swiss Re et Glencore. Des gestionnaires de fortune comme BlackRock et Allianz Global Investors font \u00e9galement confiance aux donn\u00e9es ESG de RepRisk. Avec son si\u00e8ge principal \u00e0 Zurich et des succursales \u00e0 Londres, New York, Berlin et Tokyo, RepRisk AG emploie environ 350 personnes dans le monde entier.<\/p>\n<h3><strong>Des solutions innovantes pour l'\u00e9valuation des risques ESG<\/strong><\/h3>\n<p>La plateforme de RepRisk AG analyse quotidiennement plus de 150 000 sources accessibles au public en 23 langues afin d'identifier les risques commerciaux potentiels. Ces sources comprennent la presse \u00e9crite, les m\u00e9dias en ligne, les r\u00e9seaux sociaux, les autorit\u00e9s de r\u00e9gulation, les newsletters et autres plateformes num\u00e9riques. La liste des sources est r\u00e9guli\u00e8rement mise \u00e0 jour et \u00e9tendue. La base de donn\u00e9es comprend plus de 275'000 entreprises et 80'000 projets d'infrastructure. Plus de 100 facteurs de risque ESG sont pris en compte, ce qui permet une analyse compl\u00e8te. En combinant l'intelligence artificielle et l'expertise humaine, l'\u00e9quipe d'analystes de RepRisk garantit la qualit\u00e9 et la fiabilit\u00e9 de l'\u00e9valuation des risques.<\/p>\n<h3><strong>Un pr\u00e9curseur pour des d\u00e9cisions \u00e9clair\u00e9es<\/strong><\/h3>\n<p>Depuis sa cr\u00e9ation, RepRisk AG a conclu de nombreux partenariats afin d'int\u00e9grer les donn\u00e9es ESG dans les syst\u00e8mes de gestion des risques des institutions financi\u00e8res mondiales. Une \u00e9tape importante a \u00e9t\u00e9 le partenariat avec UBS en 2006, lorsque le syst\u00e8me de conformit\u00e9 de la banque a \u00e9t\u00e9 \u00e9tendu aux donn\u00e9es de risque ESG. Au cours des ann\u00e9es suivantes, l'entreprise a consolid\u00e9 sa position de leader en collaborant avec des entreprises telles que Robecosam, BASF et Blackrock.<\/p>\n<p>Parmi les \u00e9tapes cl\u00e9s, on peut citer la collaboration avec BlackRock pour int\u00e9grer les donn\u00e9es ESG dans la plateforme eFront en 2021 et la collaboration avec Bloomsberg en 2024, qui facilitera l'acc\u00e8s aux donn\u00e9es ESG de RepRisk mises \u00e0 jour quotidiennement. Ces collaborations illustrent le r\u00f4le central de RepRisk dans la promotion des pratiques commerciales durables.<\/p>\n<p><em>Plus d'informations : <a href=\"https:\/\/www.reprisk.com\/\">www.reprisk.com<\/a> \/ <a href=\"http:\/\/www.svc.swiss\">www.svc.swiss\u00a0<\/a><\/em><\/p>\n<blockquote>\n<h3>Prix SVC Espace \u00e9conomique Zurich 2024<\/h3>\n<p>La remise des prix aura lieu le mardi 26 novembre 2024 au Kongresshaus de Zurich. Quelque 1'500 invit\u00e9s issus des milieux \u00e9conomiques, scientifiques, politiques et culturels sont attendus. La c\u00e9r\u00e9monie de remise des prix sera anim\u00e9e par Nik Hartmann. <a href=\"https:\/\/svc.swiss\/sites\/default\/files\/2024-09\/svc_leporello_a5_wrzh_online.pdf\">Plus d'informations<\/a>.<\/p>\n<\/blockquote>","protected":false},"excerpt":{"rendered":"<p>Le 26 novembre 2024, le Prix SVC Wirtschaftsraum Z\u00fcrich sera d\u00e9cern\u00e9. Parmi les finalistes figure RepRisk AG, dont le si\u00e8ge est \u00e0 Zurich. Un bref portrait de cette entreprise leader dans le domaine de l'\u00e9valuation des risques ESG.<\/p>","protected":false},"author":80,"featured_media":31469,"comment_status":"closed","ping_status":"closed","sticky":false,"template":"","format":"standard","meta":{"_acf_changed":false,"_yoast_wpseo_focuskw":"RepRisk AG","_yoast_wpseo_metadesc":"Am 26. November 2024 wird der Prix SVC Wirtschaftsraum Z\u00fcrich verliehen. Mit im Final: Die RepRisk AG aus Z\u00fcrich.","articlekey":"","footnotes":""},"categories":[28],"tags":[66,2714,1787,392,492],"class_list":["post-31468","post","type-post","status-publish","format-standard","has-post-thumbnail","hentry","category-management","tag-awards","tag-esg-standards","tag-nachhaltigkeit","tag-prix-svc-wirtschaftsraum-zuerich","tag-unternehmen"],"acf":[],"yoast_head":"<!-- This site is optimized with the Yoast SEO plugin v27.5 - https:\/\/yoast.com\/product\/yoast-seo-wordpress\/ -->\n<title>Prix SVC Wirtschaftsraum Z\u00fcrich 2024: RepRisk AG - Organisator<\/title>\n<meta name=\"description\" content=\"Am 26. November 2024 wird der Prix SVC Wirtschaftsraum Z\u00fcrich verliehen. Mit im Final: Die RepRisk AG aus Z\u00fcrich.\" \/>\n<meta name=\"robots\" content=\"index, follow, max-snippet:-1, max-image-preview:large, max-video-preview:-1\" \/>\n<link rel=\"canonical\" href=\"https:\/\/www.organisator.ch\/fr\/gestion-2\/2024-11-13\/prix-svc-wirtschaftsraum-zuerich-2024-reprisk-ag\/\" \/>\n<meta property=\"og:locale\" content=\"fr_FR\" \/>\n<meta property=\"og:type\" content=\"article\" \/>\n<meta property=\"og:title\" content=\"Prix SVC Wirtschaftsraum Z\u00fcrich 2024: RepRisk AG\" \/>\n<meta property=\"og:description\" content=\"Am 26. November 2024 wird der Prix SVC Wirtschaftsraum Z\u00fcrich verliehen. Mit im Final: Die RepRisk AG aus Z\u00fcrich.\" \/>\n<meta property=\"og:url\" content=\"https:\/\/www.organisator.ch\/fr\/gestion-2\/2024-11-13\/prix-svc-wirtschaftsraum-zuerich-2024-reprisk-ag\/\" \/>\n<meta property=\"og:site_name\" content=\"Organisator\" \/>\n<meta property=\"article:publisher\" content=\"https:\/\/www.facebook.com\/OrganisatorFachmagazin\" \/>\n<meta property=\"article:published_time\" content=\"2024-11-13T06:02:42+00:00\" \/>\n<meta property=\"og:image\" content=\"https:\/\/www.organisator.ch\/wp-content\/uploads\/2024\/11\/RepRisk_Bild1_ps.jpg\" \/>\n\t<meta property=\"og:image:width\" content=\"680\" \/>\n\t<meta property=\"og:image:height\" content=\"388\" \/>\n\t<meta property=\"og:image:type\" content=\"image\/jpeg\" \/>\n<meta name=\"author\" content=\"Dzana Muminovic\" \/>\n<meta name=\"twitter:card\" content=\"summary_large_image\" \/>\n<meta name=\"twitter:title\" content=\"Prix SVC Wirtschaftsraum Z\u00fcrich 2024: RepRisk AG\" \/>\n<meta name=\"twitter:description\" content=\"Am 26. November 2024 wird der #Prix #SVC #Wirtschaftsraum #Z\u00fcrich verliehen. Mit im #Final: Die #RepRisk AG aus #Z\u00fcrich.\" \/>\n<meta name=\"twitter:image\" content=\"https:\/\/www.organisator.ch\/wp-content\/uploads\/2024\/11\/RepRisk_Bild1_ps.jpg\" \/>\n<script type=\"application\/ld+json\" class=\"yoast-schema-graph\">{\"@context\":\"https:\\\/\\\/schema.org\",\"@graph\":[{\"@type\":\"Article\",\"@id\":\"https:\\\/\\\/www.organisator.ch\\\/management\\\/2024-11-13\\\/prix-svc-wirtschaftsraum-zuerich-2024-reprisk-ag\\\/#article\",\"isPartOf\":{\"@id\":\"https:\\\/\\\/www.organisator.ch\\\/management\\\/2024-11-13\\\/prix-svc-wirtschaftsraum-zuerich-2024-reprisk-ag\\\/\"},\"author\":{\"name\":\"Dzana Muminovic\",\"@id\":\"https:\\\/\\\/www.organisator.ch\\\/#\\\/schema\\\/person\\\/afccda3a71c06d4be2ed9100dd163db7\"},\"headline\":\"Prix SVC Wirtschaftsraum Z\u00fcrich 2024: RepRisk AG\",\"datePublished\":\"2024-11-13T06:02:42+00:00\",\"mainEntityOfPage\":{\"@id\":\"https:\\\/\\\/www.organisator.ch\\\/management\\\/2024-11-13\\\/prix-svc-wirtschaftsraum-zuerich-2024-reprisk-ag\\\/\"},\"wordCount\":472,\"publisher\":{\"@id\":\"https:\\\/\\\/www.organisator.ch\\\/#organization\"},\"image\":{\"@id\":\"https:\\\/\\\/www.organisator.ch\\\/management\\\/2024-11-13\\\/prix-svc-wirtschaftsraum-zuerich-2024-reprisk-ag\\\/#primaryimage\"},\"thumbnailUrl\":\"https:\\\/\\\/www.organisator.ch\\\/wp-content\\\/uploads\\\/2024\\\/11\\\/RepRisk_Bild1_ps.jpg\",\"keywords\":[\"Awards\",\"ESG-Standards\",\"Nachhaltigkeit\",\"Prix SVC Wirtschaftsraum Z\u00fcrich\",\"Unternehmen\"],\"articleSection\":[\"MANAGEMENT\"],\"inLanguage\":\"fr-FR\"},{\"@type\":\"WebPage\",\"@id\":\"https:\\\/\\\/www.organisator.ch\\\/management\\\/2024-11-13\\\/prix-svc-wirtschaftsraum-zuerich-2024-reprisk-ag\\\/\",\"url\":\"https:\\\/\\\/www.organisator.ch\\\/management\\\/2024-11-13\\\/prix-svc-wirtschaftsraum-zuerich-2024-reprisk-ag\\\/\",\"name\":\"Prix SVC Wirtschaftsraum Z\u00fcrich 2024: RepRisk AG - Organisator\",\"isPartOf\":{\"@id\":\"https:\\\/\\\/www.organisator.ch\\\/#website\"},\"primaryImageOfPage\":{\"@id\":\"https:\\\/\\\/www.organisator.ch\\\/management\\\/2024-11-13\\\/prix-svc-wirtschaftsraum-zuerich-2024-reprisk-ag\\\/#primaryimage\"},\"image\":{\"@id\":\"https:\\\/\\\/www.organisator.ch\\\/management\\\/2024-11-13\\\/prix-svc-wirtschaftsraum-zuerich-2024-reprisk-ag\\\/#primaryimage\"},\"thumbnailUrl\":\"https:\\\/\\\/www.organisator.ch\\\/wp-content\\\/uploads\\\/2024\\\/11\\\/RepRisk_Bild1_ps.jpg\",\"datePublished\":\"2024-11-13T06:02:42+00:00\",\"description\":\"Am 26. November 2024 wird der Prix SVC Wirtschaftsraum Z\u00fcrich verliehen. Mit im Final: Die RepRisk AG aus Z\u00fcrich.\",\"breadcrumb\":{\"@id\":\"https:\\\/\\\/www.organisator.ch\\\/management\\\/2024-11-13\\\/prix-svc-wirtschaftsraum-zuerich-2024-reprisk-ag\\\/#breadcrumb\"},\"inLanguage\":\"fr-FR\",\"potentialAction\":[{\"@type\":\"ReadAction\",\"target\":[\"https:\\\/\\\/www.organisator.ch\\\/management\\\/2024-11-13\\\/prix-svc-wirtschaftsraum-zuerich-2024-reprisk-ag\\\/\"]}]},{\"@type\":\"ImageObject\",\"inLanguage\":\"fr-FR\",\"@id\":\"https:\\\/\\\/www.organisator.ch\\\/management\\\/2024-11-13\\\/prix-svc-wirtschaftsraum-zuerich-2024-reprisk-ag\\\/#primaryimage\",\"url\":\"https:\\\/\\\/www.organisator.ch\\\/wp-content\\\/uploads\\\/2024\\\/11\\\/RepRisk_Bild1_ps.jpg\",\"contentUrl\":\"https:\\\/\\\/www.organisator.ch\\\/wp-content\\\/uploads\\\/2024\\\/11\\\/RepRisk_Bild1_ps.jpg\",\"width\":680,\"height\":388,\"caption\":\"Die Plattform von der RepRisk AG analysiert t\u00e4glich \u00fcber 150'000 \u00f6ffentlich zug\u00e4ngliche Quellen in 23 Sprachen, um potenzielle Gesch\u00e4ftsrisiken zu identifizieren. (Bild: RepRisk AG \\\/ www.reprisk.com)\"},{\"@type\":\"BreadcrumbList\",\"@id\":\"https:\\\/\\\/www.organisator.ch\\\/management\\\/2024-11-13\\\/prix-svc-wirtschaftsraum-zuerich-2024-reprisk-ag\\\/#breadcrumb\",\"itemListElement\":[{\"@type\":\"ListItem\",\"position\":1,\"name\":\"Home\",\"item\":\"https:\\\/\\\/www.organisator.ch\\\/\"},{\"@type\":\"ListItem\",\"position\":2,\"name\":\"Prix SVC Wirtschaftsraum Z\u00fcrich 2024: RepRisk AG\"}]},{\"@type\":\"WebSite\",\"@id\":\"https:\\\/\\\/www.organisator.ch\\\/#website\",\"url\":\"https:\\\/\\\/www.organisator.ch\\\/\",\"name\":\"Organisator\",\"description\":\"Kompetent. Praxisnah. Der ORGANISATOR bereitet in 10 Ausgaben pro Jahr die wesentlichen Themen f\u00fcr F\u00fchrungskr\u00e4fte von KMU auf.\",\"publisher\":{\"@id\":\"https:\\\/\\\/www.organisator.ch\\\/#organization\"},\"potentialAction\":[{\"@type\":\"SearchAction\",\"target\":{\"@type\":\"EntryPoint\",\"urlTemplate\":\"https:\\\/\\\/www.organisator.ch\\\/?s={search_term_string}\"},\"query-input\":{\"@type\":\"PropertyValueSpecification\",\"valueRequired\":true,\"valueName\":\"search_term_string\"}}],\"inLanguage\":\"fr-FR\"},{\"@type\":\"Organization\",\"@id\":\"https:\\\/\\\/www.organisator.ch\\\/#organization\",\"name\":\"Organisator\",\"url\":\"https:\\\/\\\/www.organisator.ch\\\/\",\"logo\":{\"@type\":\"ImageObject\",\"inLanguage\":\"fr-FR\",\"@id\":\"https:\\\/\\\/www.organisator.ch\\\/#\\\/schema\\\/logo\\\/image\\\/\",\"url\":\"https:\\\/\\\/www.organisator.ch\\\/wp-content\\\/uploads\\\/2022\\\/01\\\/Logo_Organisator_Website.png\",\"contentUrl\":\"https:\\\/\\\/www.organisator.ch\\\/wp-content\\\/uploads\\\/2022\\\/01\\\/Logo_Organisator_Website.png\",\"width\":800,\"height\":77,\"caption\":\"Organisator\"},\"image\":{\"@id\":\"https:\\\/\\\/www.organisator.ch\\\/#\\\/schema\\\/logo\\\/image\\\/\"},\"sameAs\":[\"https:\\\/\\\/www.facebook.com\\\/OrganisatorFachmagazin\",\"https:\\\/\\\/www.linkedin.com\\\/showcase\\\/organisator-das-magazin-fr-kmu\",\"https:\\\/\\\/www.xing.com\\\/news\\\/pages\\\/organisator-ch-695\",\"https:\\\/\\\/www.youtube.com\\\/channel\\\/UCGP2Sq0iWaZwT3BdIAQFYpw\"]},{\"@type\":\"Person\",\"@id\":\"https:\\\/\\\/www.organisator.ch\\\/#\\\/schema\\\/person\\\/afccda3a71c06d4be2ed9100dd163db7\",\"name\":\"Dzana Muminovic\",\"image\":{\"@type\":\"ImageObject\",\"inLanguage\":\"fr-FR\",\"@id\":\"https:\\\/\\\/secure.gravatar.com\\\/avatar\\\/909c5c71aff4b38e88686f2ab2f1ba152571f394f41ed8bae431ea56ced93050?s=96&d=mm&r=g\",\"url\":\"https:\\\/\\\/secure.gravatar.com\\\/avatar\\\/909c5c71aff4b38e88686f2ab2f1ba152571f394f41ed8bae431ea56ced93050?s=96&d=mm&r=g\",\"contentUrl\":\"https:\\\/\\\/secure.gravatar.com\\\/avatar\\\/909c5c71aff4b38e88686f2ab2f1ba152571f394f41ed8bae431ea56ced93050?s=96&d=mm&r=g\",\"caption\":\"Dzana Muminovic\"},\"url\":\"https:\\\/\\\/www.organisator.ch\\\/fr\\\/author\\\/dzana-muminovic\\\/\"}]}<\/script>\n<!-- \/ Yoast SEO plugin. -->","yoast_head_json":{"title":"Prix SVC Wirtschaftsraum Z\u00fcrich 2024 : RepRisk AG - Organisateur","description":"Le 26 novembre 2024, le Prix SVC Wirtschaftsraum Z\u00fcrich sera d\u00e9cern\u00e9. En lice pour la finale : RepRisk AG de Zurich.","robots":{"index":"index","follow":"follow","max-snippet":"max-snippet:-1","max-image-preview":"max-image-preview:large","max-video-preview":"max-video-preview:-1"},"canonical":"https:\/\/www.organisator.ch\/fr\/gestion-2\/2024-11-13\/prix-svc-wirtschaftsraum-zuerich-2024-reprisk-ag\/","og_locale":"fr_FR","og_type":"article","og_title":"Prix SVC Wirtschaftsraum Z\u00fcrich 2024: RepRisk AG","og_description":"Am 26. November 2024 wird der Prix SVC Wirtschaftsraum Z\u00fcrich verliehen. Mit im Final: Die RepRisk AG aus Z\u00fcrich.","og_url":"https:\/\/www.organisator.ch\/fr\/gestion-2\/2024-11-13\/prix-svc-wirtschaftsraum-zuerich-2024-reprisk-ag\/","og_site_name":"Organisator","article_publisher":"https:\/\/www.facebook.com\/OrganisatorFachmagazin","article_published_time":"2024-11-13T06:02:42+00:00","og_image":[{"width":680,"height":388,"url":"https:\/\/www.organisator.ch\/wp-content\/uploads\/2024\/11\/RepRisk_Bild1_ps.jpg","type":"image\/jpeg"}],"author":"Dzana Muminovic","twitter_card":"summary_large_image","twitter_title":"Prix SVC Wirtschaftsraum Z\u00fcrich 2024: RepRisk AG","twitter_description":"Am 26. November 2024 wird der #Prix #SVC #Wirtschaftsraum #Z\u00fcrich verliehen. Mit im #Final: Die #RepRisk AG aus #Z\u00fcrich.","twitter_image":"https:\/\/www.organisator.ch\/wp-content\/uploads\/2024\/11\/RepRisk_Bild1_ps.jpg","schema":{"@context":"https:\/\/schema.org","@graph":[{"@type":"Article","@id":"https:\/\/www.organisator.ch\/management\/2024-11-13\/prix-svc-wirtschaftsraum-zuerich-2024-reprisk-ag\/#article","isPartOf":{"@id":"https:\/\/www.organisator.ch\/management\/2024-11-13\/prix-svc-wirtschaftsraum-zuerich-2024-reprisk-ag\/"},"author":{"name":"Dzana Muminovic","@id":"https:\/\/www.organisator.ch\/#\/schema\/person\/afccda3a71c06d4be2ed9100dd163db7"},"headline":"Prix SVC Wirtschaftsraum Z\u00fcrich 2024: RepRisk AG","datePublished":"2024-11-13T06:02:42+00:00","mainEntityOfPage":{"@id":"https:\/\/www.organisator.ch\/management\/2024-11-13\/prix-svc-wirtschaftsraum-zuerich-2024-reprisk-ag\/"},"wordCount":472,"publisher":{"@id":"https:\/\/www.organisator.ch\/#organization"},"image":{"@id":"https:\/\/www.organisator.ch\/management\/2024-11-13\/prix-svc-wirtschaftsraum-zuerich-2024-reprisk-ag\/#primaryimage"},"thumbnailUrl":"https:\/\/www.organisator.ch\/wp-content\/uploads\/2024\/11\/RepRisk_Bild1_ps.jpg","keywords":["Awards","ESG-Standards","Nachhaltigkeit","Prix SVC Wirtschaftsraum Z\u00fcrich","Unternehmen"],"articleSection":["MANAGEMENT"],"inLanguage":"fr-FR"},{"@type":"WebPage","@id":"https:\/\/www.organisator.ch\/management\/2024-11-13\/prix-svc-wirtschaftsraum-zuerich-2024-reprisk-ag\/","url":"https:\/\/www.organisator.ch\/management\/2024-11-13\/prix-svc-wirtschaftsraum-zuerich-2024-reprisk-ag\/","name":"Prix SVC Wirtschaftsraum Z\u00fcrich 2024 : RepRisk AG - Organisateur","isPartOf":{"@id":"https:\/\/www.organisator.ch\/#website"},"primaryImageOfPage":{"@id":"https:\/\/www.organisator.ch\/management\/2024-11-13\/prix-svc-wirtschaftsraum-zuerich-2024-reprisk-ag\/#primaryimage"},"image":{"@id":"https:\/\/www.organisator.ch\/management\/2024-11-13\/prix-svc-wirtschaftsraum-zuerich-2024-reprisk-ag\/#primaryimage"},"thumbnailUrl":"https:\/\/www.organisator.ch\/wp-content\/uploads\/2024\/11\/RepRisk_Bild1_ps.jpg","datePublished":"2024-11-13T06:02:42+00:00","description":"Le 26 novembre 2024, le Prix SVC Wirtschaftsraum Z\u00fcrich sera d\u00e9cern\u00e9. En lice pour la finale : RepRisk AG de Zurich.","breadcrumb":{"@id":"https:\/\/www.organisator.ch\/management\/2024-11-13\/prix-svc-wirtschaftsraum-zuerich-2024-reprisk-ag\/#breadcrumb"},"inLanguage":"fr-FR","potentialAction":[{"@type":"ReadAction","target":["https:\/\/www.organisator.ch\/management\/2024-11-13\/prix-svc-wirtschaftsraum-zuerich-2024-reprisk-ag\/"]}]},{"@type":"ImageObject","inLanguage":"fr-FR","@id":"https:\/\/www.organisator.ch\/management\/2024-11-13\/prix-svc-wirtschaftsraum-zuerich-2024-reprisk-ag\/#primaryimage","url":"https:\/\/www.organisator.ch\/wp-content\/uploads\/2024\/11\/RepRisk_Bild1_ps.jpg","contentUrl":"https:\/\/www.organisator.ch\/wp-content\/uploads\/2024\/11\/RepRisk_Bild1_ps.jpg","width":680,"height":388,"caption":"Die Plattform von der RepRisk AG analysiert t\u00e4glich \u00fcber 150'000 \u00f6ffentlich zug\u00e4ngliche Quellen in 23 Sprachen, um potenzielle Gesch\u00e4ftsrisiken zu identifizieren. (Bild: RepRisk AG \/ www.reprisk.com)"},{"@type":"BreadcrumbList","@id":"https:\/\/www.organisator.ch\/management\/2024-11-13\/prix-svc-wirtschaftsraum-zuerich-2024-reprisk-ag\/#breadcrumb","itemListElement":[{"@type":"ListItem","position":1,"name":"Home","item":"https:\/\/www.organisator.ch\/"},{"@type":"ListItem","position":2,"name":"Prix SVC Wirtschaftsraum Z\u00fcrich 2024: RepRisk AG"}]},{"@type":"WebSite","@id":"https:\/\/www.organisator.ch\/#website","url":"https:\/\/www.organisator.ch\/","name":"Organisateur","description":"Comp\u00e9tence et comp\u00e9tence. Proches de la pratique. L'ORGANISATEUR pr\u00e9pare 10 num\u00e9ros par an sur les th\u00e8mes essentiels pour les dirigeants de PME.","publisher":{"@id":"https:\/\/www.organisator.ch\/#organization"},"potentialAction":[{"@type":"SearchAction","target":{"@type":"EntryPoint","urlTemplate":"https:\/\/www.organisator.ch\/?s={search_term_string}"},"query-input":{"@type":"PropertyValueSpecification","valueRequired":true,"valueName":"search_term_string"}}],"inLanguage":"fr-FR"},{"@type":"Organization","@id":"https:\/\/www.organisator.ch\/#organization","name":"Organisateur","url":"https:\/\/www.organisator.ch\/","logo":{"@type":"ImageObject","inLanguage":"fr-FR","@id":"https:\/\/www.organisator.ch\/#\/schema\/logo\/image\/","url":"https:\/\/www.organisator.ch\/wp-content\/uploads\/2022\/01\/Logo_Organisator_Website.png","contentUrl":"https:\/\/www.organisator.ch\/wp-content\/uploads\/2022\/01\/Logo_Organisator_Website.png","width":800,"height":77,"caption":"Organisator"},"image":{"@id":"https:\/\/www.organisator.ch\/#\/schema\/logo\/image\/"},"sameAs":["https:\/\/www.facebook.com\/OrganisatorFachmagazin","https:\/\/www.linkedin.com\/showcase\/organisator-das-magazin-fr-kmu","https:\/\/www.xing.com\/news\/pages\/organisator-ch-695","https:\/\/www.youtube.com\/channel\/UCGP2Sq0iWaZwT3BdIAQFYpw"]},{"@type":"Person","@id":"https:\/\/www.organisator.ch\/#\/schema\/person\/afccda3a71c06d4be2ed9100dd163db7","name":"Dzana Muminovic","image":{"@type":"ImageObject","inLanguage":"fr-FR","@id":"https:\/\/secure.gravatar.com\/avatar\/909c5c71aff4b38e88686f2ab2f1ba152571f394f41ed8bae431ea56ced93050?s=96&d=mm&r=g","url":"https:\/\/secure.gravatar.com\/avatar\/909c5c71aff4b38e88686f2ab2f1ba152571f394f41ed8bae431ea56ced93050?s=96&d=mm&r=g","contentUrl":"https:\/\/secure.gravatar.com\/avatar\/909c5c71aff4b38e88686f2ab2f1ba152571f394f41ed8bae431ea56ced93050?s=96&d=mm&r=g","caption":"Dzana Muminovic"},"url":"https:\/\/www.organisator.ch\/fr\/author\/dzana-muminovic\/"}]}},"_links":{"self":[{"href":"https:\/\/www.organisator.ch\/fr\/wp-json\/wp\/v2\/posts\/31468","targetHints":{"allow":["GET"]}}],"collection":[{"href":"https:\/\/www.organisator.ch\/fr\/wp-json\/wp\/v2\/posts"}],"about":[{"href":"https:\/\/www.organisator.ch\/fr\/wp-json\/wp\/v2\/types\/post"}],"author":[{"embeddable":true,"href":"https:\/\/www.organisator.ch\/fr\/wp-json\/wp\/v2\/users\/80"}],"replies":[{"embeddable":true,"href":"https:\/\/www.organisator.ch\/fr\/wp-json\/wp\/v2\/comments?post=31468"}],"version-history":[{"count":4,"href":"https:\/\/www.organisator.ch\/fr\/wp-json\/wp\/v2\/posts\/31468\/revisions"}],"predecessor-version":[{"id":31473,"href":"https:\/\/www.organisator.ch\/fr\/wp-json\/wp\/v2\/posts\/31468\/revisions\/31473"}],"wp:featuredmedia":[{"embeddable":true,"href":"https:\/\/www.organisator.ch\/fr\/wp-json\/wp\/v2\/media\/31469"}],"wp:attachment":[{"href":"https:\/\/www.organisator.ch\/fr\/wp-json\/wp\/v2\/media?parent=31468"}],"wp:term":[{"taxonomy":"category","embeddable":true,"href":"https:\/\/www.organisator.ch\/fr\/wp-json\/wp\/v2\/categories?post=31468"},{"taxonomy":"post_tag","embeddable":true,"href":"https:\/\/www.organisator.ch\/fr\/wp-json\/wp\/v2\/tags?post=31468"}],"curies":[{"name":"wp","href":"https:\/\/api.w.org\/{rel}","templated":true}]}}