{"id":31474,"date":"2024-11-20T06:20:04","date_gmt":"2024-11-20T05:20:04","guid":{"rendered":"https:\/\/www.organisator.ch\/?p=31474"},"modified":"2024-11-04T10:20:48","modified_gmt":"2024-11-04T09:20:48","slug":"prix-svc-wirtschaftsraum-zuerich-2024-schneider-umweltservice-ag","status":"publish","type":"post","link":"https:\/\/www.organisator.ch\/fr\/management\/2024-11-20\/prix-svc-wirtschaftsraum-zuerich-2024-schneider-umweltservice-ag\/","title":{"rendered":"Prix SVC Espace \u00e9conomique Zurich 2024 : Schneider Umweltservice AG"},"content":{"rendered":"<figure id=\"attachment_31475\" aria-describedby=\"caption-attachment-31475\" style=\"width: 680px\" class=\"wp-caption alignnone\"><img loading=\"lazy\" decoding=\"async\" class=\"size-full wp-image-31475\" src=\"https:\/\/www.organisator.ch\/wp-content\/uploads\/2024\/11\/Schneider-Umweltservice_Bild1_ps.jpg\" alt=\"\" width=\"680\" height=\"398\" srcset=\"https:\/\/www.organisator.ch\/wp-content\/uploads\/2024\/11\/Schneider-Umweltservice_Bild1_ps.jpg 680w, https:\/\/www.organisator.ch\/wp-content\/uploads\/2024\/11\/Schneider-Umweltservice_Bild1_ps-18x12.jpg 18w, https:\/\/www.organisator.ch\/wp-content\/uploads\/2024\/11\/Schneider-Umweltservice_Bild1_ps-375x219.jpg 375w, https:\/\/www.organisator.ch\/wp-content\/uploads\/2024\/11\/Schneider-Umweltservice_Bild1_ps-598x350.jpg 598w\" sizes=\"auto, (max-width: 680px) 100vw, 680px\" \/><figcaption id=\"caption-attachment-31475\" class=\"wp-caption-text\">Aujourd'hui, Schneider Umweltservice AG emploie environ 370 personnes. (Image : Schneider Umweltservice AG \/ www.umweltservice.ch)<\/figcaption><\/figure>\n<p>La soci\u00e9t\u00e9 Schneider Umweltservice AG de Meilen ZH, fond\u00e9e en 1905 comme petite entreprise de transport, s'est d\u00e9velopp\u00e9e sur quatre g\u00e9n\u00e9rations pour devenir une entreprise leader dans le domaine du recyclage et de l'\u00e9limination des d\u00e9chets. Aujourd'hui, l'entreprise emploie environ 370 collaborateurs et exploite onze centres de recyclage ainsi que cinq points de collecte dans les r\u00e9gions \u00e9conomiques de Zurich, Zoug et Lucerne. Compl\u00e9t\u00e9 par des points de collecte mobiles, Schneider propose des solutions compl\u00e8tes pour tous les mat\u00e9riaux recyclables et les d\u00e9chets, aussi bien pour les particuliers que pour les entreprises.<\/p>\n<h3><strong>Des solutions de recyclage innovantes pour tous les secteurs<\/strong><\/h3>\n<p>Schneider Umweltservice propose un large \u00e9ventail de solutions d'\u00e9limination et de recyclage. Outre le retour et le recyclage de mat\u00e9riaux recyclables tels que le papier, le verre et les plastiques, l'entreprise s'occupe \u00e9galement de l'\u00e9limination professionnelle des d\u00e9chets sp\u00e9ciaux. Schneider joue notamment un r\u00f4le cl\u00e9 dans le secteur de la construction. De grandes quantit\u00e9s de d\u00e9chets min\u00e9raux provenant de travaux de transformation et de d\u00e9construction sont transform\u00e9es en mat\u00e9riaux de construction recycl\u00e9s de haute qualit\u00e9 dans des installations modernes de concassage et de tri. Ces proc\u00e9d\u00e9s contribuent consid\u00e9rablement \u00e0 la r\u00e9duction des d\u00e9chets et permettent de recycler efficacement les mat\u00e9riaux de construction.<\/p>\n<h3><strong>Des concepts durables pour un avenir respectueux de l'environnement<\/strong><\/h3>\n<p>Schneider Umweltservice AG poursuit des objectifs ambitieux afin d'am\u00e9liorer son bilan \u00e9cologique : D'ici 2028, plus de 90% des transports doivent \u00eatre effectu\u00e9s \u00e0 l'\u00e9lectricit\u00e9. Le passage aux v\u00e9hicules \u00e9lectriques r\u00e9duit consid\u00e9rablement les \u00e9missions de CO\u2082. En outre, l'entreprise mise sur le d\u00e9veloppement d'installations photovolta\u00efques qui produisent de l'\u00e9lectricit\u00e9 pour ses propres besoins sur six sites. Dans les centres de recyclage, l'eau de pluie est utilis\u00e9e pour le nettoyage des v\u00e9hicules, ce qui permet d'\u00e9conomiser 60'000 litres d'eau potable par an sur le site de Volketswil. Gr\u00e2ce \u00e0 l'utilisation de technologies modernes telles que les s\u00e9parateurs magn\u00e9tiques et la technologie proche infrarouge, Schneider parvient \u00e0 s\u00e9parer efficacement les mat\u00e9riaux recyclables et \u00e0 augmenter encore le taux de recyclage.<\/p>\n<h3><strong>Responsabilit\u00e9 sociale et environnementale <\/strong><\/h3>\n<p>Outre sa responsabilit\u00e9 \u00e9cologique, Schneider Umweltservice s'engage \u00e9galement dans le domaine social. Gr\u00e2ce \u00e0 la collaboration avec le Werkheim Uster, des personnes souffrant de troubles cognitifs sont int\u00e9gr\u00e9es dans le processus de travail. De plus, l'entreprise soutient le projet de protection du climat de Fair Recycling au Br\u00e9sil, dans le cadre duquel les anciens r\u00e9frig\u00e9rateurs sont recycl\u00e9s et les gaz contenant des CFC sont rendus inoffensifs. Jusqu'\u00e0 pr\u00e9sent, 1,5 million de r\u00e9frig\u00e9rateurs ont ainsi pu \u00eatre recycl\u00e9s et pr\u00e8s de 1,8 million de tonnes d'\u00e9quivalents CO\u2082 ont \u00e9t\u00e9 \u00e9conomis\u00e9es.<\/p>\n<p><em>Plus d'informations : <a href=\"https:\/\/umweltservice.ch\/\">www.umweltservice.ch\u00a0<\/a>\/ <a href=\"http:\/\/www.svc.swiss\">www.svc.swiss\u00a0<\/a><\/em><\/p>\n<blockquote>\n<h3>Prix SVC Espace \u00e9conomique Zurich 2024<\/h3>\n<p>La remise des prix aura lieu le mardi 26 novembre 2024 au Kongresshaus de Zurich. Quelque 1'500 invit\u00e9s issus des milieux \u00e9conomiques, scientifiques, politiques et culturels sont attendus. La c\u00e9r\u00e9monie de remise des prix sera anim\u00e9e par Nik Hartmann. <a href=\"https:\/\/svc.swiss\/sites\/default\/files\/2024-09\/svc_leporello_a5_wrzh_online.pdf\">Plus d'informations<\/a>.<\/p>\n<\/blockquote>","protected":false},"excerpt":{"rendered":"<p>Le 26 novembre 2024, le Prix SVC Wirtschaftsraum Z\u00fcrich sera d\u00e9cern\u00e9. L'entreprise Schneider Umweltservice AG de Meilen ZH sera en finale. Un bref portrait de cette entreprise leader dans le domaine du recyclage et de l'\u00e9limination des d\u00e9chets.<\/p>","protected":false},"author":80,"featured_media":31475,"comment_status":"closed","ping_status":"closed","sticky":false,"template":"","format":"standard","meta":{"_acf_changed":false,"_yoast_wpseo_focuskw":"Schneider Umweltservice AG","_yoast_wpseo_metadesc":"Am 26. November 2024 wird der Prix SVC Wirtschaftsraum Z\u00fcrich verliehen. Mit im Final: Die Schneider Umweltservice AG aus Meilen.","articlekey":"","footnotes":""},"categories":[28],"tags":[66,1787,392,424,492],"class_list":["post-31474","post","type-post","status-publish","format-standard","has-post-thumbnail","hentry","category-management","tag-awards","tag-nachhaltigkeit","tag-prix-svc-wirtschaftsraum-zuerich","tag-schweiz","tag-unternehmen"],"acf":[],"yoast_head":"<!-- This site is optimized with the Yoast SEO plugin v27.5 - https:\/\/yoast.com\/product\/yoast-seo-wordpress\/ -->\n<title>Prix SVC Wirtschaftsraum Z\u00fcrich 2024: Schneider Umweltservice AG - Organisator<\/title>\n<meta name=\"description\" content=\"Am 26. November 2024 wird der Prix SVC Wirtschaftsraum Z\u00fcrich verliehen. Mit im Final: Die Schneider Umweltservice AG aus Meilen.\" \/>\n<meta name=\"robots\" content=\"index, follow, max-snippet:-1, max-image-preview:large, max-video-preview:-1\" \/>\n<link rel=\"canonical\" href=\"https:\/\/www.organisator.ch\/fr\/gestion-2\/2024-11-20\/prix-svc-wirtschaftsraum-zuerich-2024-schneider-umweltservice-ag\/\" \/>\n<meta property=\"og:locale\" content=\"fr_FR\" \/>\n<meta property=\"og:type\" content=\"article\" \/>\n<meta property=\"og:title\" content=\"Prix SVC Wirtschaftsraum Z\u00fcrich 2024: Schneider Umweltservice AG\" \/>\n<meta property=\"og:description\" content=\"Am 26. November 2024 wird der Prix SVC Wirtschaftsraum Z\u00fcrich verliehen. Mit im Final: Die Schneider Umweltservice AG aus Meilen.\" \/>\n<meta property=\"og:url\" content=\"https:\/\/www.organisator.ch\/fr\/gestion-2\/2024-11-20\/prix-svc-wirtschaftsraum-zuerich-2024-schneider-umweltservice-ag\/\" \/>\n<meta property=\"og:site_name\" content=\"Organisator\" \/>\n<meta property=\"article:publisher\" content=\"https:\/\/www.facebook.com\/OrganisatorFachmagazin\" \/>\n<meta property=\"article:published_time\" content=\"2024-11-20T05:20:04+00:00\" \/>\n<meta property=\"og:image\" content=\"https:\/\/www.organisator.ch\/wp-content\/uploads\/2024\/11\/Schneider-Umweltservice_Bild1_ps.jpg\" \/>\n\t<meta property=\"og:image:width\" content=\"680\" \/>\n\t<meta property=\"og:image:height\" content=\"398\" \/>\n\t<meta property=\"og:image:type\" content=\"image\/jpeg\" \/>\n<meta name=\"author\" content=\"Dzana Muminovic\" \/>\n<meta name=\"twitter:card\" content=\"summary_large_image\" \/>\n<meta name=\"twitter:title\" content=\"Prix SVC Wirtschaftsraum Z\u00fcrich 2024: Schneider Umweltservice AG\" \/>\n<meta name=\"twitter:description\" content=\"Am 26. November 2024 wird der #Prix #SVC #Wirtschaftsraum #Z\u00fcrich verliehen. Mit im Final: Die #Schneider #Umweltservice AG aus #Meilen ZH.\" \/>\n<meta name=\"twitter:image\" content=\"https:\/\/www.organisator.ch\/wp-content\/uploads\/2024\/11\/Schneider-Umweltservice_Bild1_ps.jpg\" \/>\n<script type=\"application\/ld+json\" class=\"yoast-schema-graph\">{\"@context\":\"https:\\\/\\\/schema.org\",\"@graph\":[{\"@type\":\"Article\",\"@id\":\"https:\\\/\\\/www.organisator.ch\\\/management\\\/2024-11-20\\\/prix-svc-wirtschaftsraum-zuerich-2024-schneider-umweltservice-ag\\\/#article\",\"isPartOf\":{\"@id\":\"https:\\\/\\\/www.organisator.ch\\\/management\\\/2024-11-20\\\/prix-svc-wirtschaftsraum-zuerich-2024-schneider-umweltservice-ag\\\/\"},\"author\":{\"name\":\"Dzana Muminovic\",\"@id\":\"https:\\\/\\\/www.organisator.ch\\\/#\\\/schema\\\/person\\\/afccda3a71c06d4be2ed9100dd163db7\"},\"headline\":\"Prix SVC Wirtschaftsraum Z\u00fcrich 2024: Schneider Umweltservice AG\",\"datePublished\":\"2024-11-20T05:20:04+00:00\",\"mainEntityOfPage\":{\"@id\":\"https:\\\/\\\/www.organisator.ch\\\/management\\\/2024-11-20\\\/prix-svc-wirtschaftsraum-zuerich-2024-schneider-umweltservice-ag\\\/\"},\"wordCount\":427,\"publisher\":{\"@id\":\"https:\\\/\\\/www.organisator.ch\\\/#organization\"},\"image\":{\"@id\":\"https:\\\/\\\/www.organisator.ch\\\/management\\\/2024-11-20\\\/prix-svc-wirtschaftsraum-zuerich-2024-schneider-umweltservice-ag\\\/#primaryimage\"},\"thumbnailUrl\":\"https:\\\/\\\/www.organisator.ch\\\/wp-content\\\/uploads\\\/2024\\\/11\\\/Schneider-Umweltservice_Bild1_ps.jpg\",\"keywords\":[\"Awards\",\"Nachhaltigkeit\",\"Prix SVC Wirtschaftsraum Z\u00fcrich\",\"Schweiz\",\"Unternehmen\"],\"articleSection\":[\"MANAGEMENT\"],\"inLanguage\":\"fr-FR\"},{\"@type\":\"WebPage\",\"@id\":\"https:\\\/\\\/www.organisator.ch\\\/management\\\/2024-11-20\\\/prix-svc-wirtschaftsraum-zuerich-2024-schneider-umweltservice-ag\\\/\",\"url\":\"https:\\\/\\\/www.organisator.ch\\\/management\\\/2024-11-20\\\/prix-svc-wirtschaftsraum-zuerich-2024-schneider-umweltservice-ag\\\/\",\"name\":\"Prix SVC Wirtschaftsraum Z\u00fcrich 2024: Schneider Umweltservice AG - Organisator\",\"isPartOf\":{\"@id\":\"https:\\\/\\\/www.organisator.ch\\\/#website\"},\"primaryImageOfPage\":{\"@id\":\"https:\\\/\\\/www.organisator.ch\\\/management\\\/2024-11-20\\\/prix-svc-wirtschaftsraum-zuerich-2024-schneider-umweltservice-ag\\\/#primaryimage\"},\"image\":{\"@id\":\"https:\\\/\\\/www.organisator.ch\\\/management\\\/2024-11-20\\\/prix-svc-wirtschaftsraum-zuerich-2024-schneider-umweltservice-ag\\\/#primaryimage\"},\"thumbnailUrl\":\"https:\\\/\\\/www.organisator.ch\\\/wp-content\\\/uploads\\\/2024\\\/11\\\/Schneider-Umweltservice_Bild1_ps.jpg\",\"datePublished\":\"2024-11-20T05:20:04+00:00\",\"description\":\"Am 26. November 2024 wird der Prix SVC Wirtschaftsraum Z\u00fcrich verliehen. Mit im Final: Die Schneider Umweltservice AG aus Meilen.\",\"breadcrumb\":{\"@id\":\"https:\\\/\\\/www.organisator.ch\\\/management\\\/2024-11-20\\\/prix-svc-wirtschaftsraum-zuerich-2024-schneider-umweltservice-ag\\\/#breadcrumb\"},\"inLanguage\":\"fr-FR\",\"potentialAction\":[{\"@type\":\"ReadAction\",\"target\":[\"https:\\\/\\\/www.organisator.ch\\\/management\\\/2024-11-20\\\/prix-svc-wirtschaftsraum-zuerich-2024-schneider-umweltservice-ag\\\/\"]}]},{\"@type\":\"ImageObject\",\"inLanguage\":\"fr-FR\",\"@id\":\"https:\\\/\\\/www.organisator.ch\\\/management\\\/2024-11-20\\\/prix-svc-wirtschaftsraum-zuerich-2024-schneider-umweltservice-ag\\\/#primaryimage\",\"url\":\"https:\\\/\\\/www.organisator.ch\\\/wp-content\\\/uploads\\\/2024\\\/11\\\/Schneider-Umweltservice_Bild1_ps.jpg\",\"contentUrl\":\"https:\\\/\\\/www.organisator.ch\\\/wp-content\\\/uploads\\\/2024\\\/11\\\/Schneider-Umweltservice_Bild1_ps.jpg\",\"width\":680,\"height\":398,\"caption\":\"Heute besch\u00e4ftigt die Schneider Umweltservice AG rund 370 Mitarbeitende. (Bild: Schneider Umweltservice AG \\\/ www.umweltservice.ch)\"},{\"@type\":\"BreadcrumbList\",\"@id\":\"https:\\\/\\\/www.organisator.ch\\\/management\\\/2024-11-20\\\/prix-svc-wirtschaftsraum-zuerich-2024-schneider-umweltservice-ag\\\/#breadcrumb\",\"itemListElement\":[{\"@type\":\"ListItem\",\"position\":1,\"name\":\"Home\",\"item\":\"https:\\\/\\\/www.organisator.ch\\\/\"},{\"@type\":\"ListItem\",\"position\":2,\"name\":\"Prix SVC Wirtschaftsraum Z\u00fcrich 2024: Schneider Umweltservice AG\"}]},{\"@type\":\"WebSite\",\"@id\":\"https:\\\/\\\/www.organisator.ch\\\/#website\",\"url\":\"https:\\\/\\\/www.organisator.ch\\\/\",\"name\":\"Organisator\",\"description\":\"Kompetent. Praxisnah. Der ORGANISATOR bereitet in 10 Ausgaben pro Jahr die wesentlichen Themen f\u00fcr F\u00fchrungskr\u00e4fte von KMU auf.\",\"publisher\":{\"@id\":\"https:\\\/\\\/www.organisator.ch\\\/#organization\"},\"potentialAction\":[{\"@type\":\"SearchAction\",\"target\":{\"@type\":\"EntryPoint\",\"urlTemplate\":\"https:\\\/\\\/www.organisator.ch\\\/?s={search_term_string}\"},\"query-input\":{\"@type\":\"PropertyValueSpecification\",\"valueRequired\":true,\"valueName\":\"search_term_string\"}}],\"inLanguage\":\"fr-FR\"},{\"@type\":\"Organization\",\"@id\":\"https:\\\/\\\/www.organisator.ch\\\/#organization\",\"name\":\"Organisator\",\"url\":\"https:\\\/\\\/www.organisator.ch\\\/\",\"logo\":{\"@type\":\"ImageObject\",\"inLanguage\":\"fr-FR\",\"@id\":\"https:\\\/\\\/www.organisator.ch\\\/#\\\/schema\\\/logo\\\/image\\\/\",\"url\":\"https:\\\/\\\/www.organisator.ch\\\/wp-content\\\/uploads\\\/2022\\\/01\\\/Logo_Organisator_Website.png\",\"contentUrl\":\"https:\\\/\\\/www.organisator.ch\\\/wp-content\\\/uploads\\\/2022\\\/01\\\/Logo_Organisator_Website.png\",\"width\":800,\"height\":77,\"caption\":\"Organisator\"},\"image\":{\"@id\":\"https:\\\/\\\/www.organisator.ch\\\/#\\\/schema\\\/logo\\\/image\\\/\"},\"sameAs\":[\"https:\\\/\\\/www.facebook.com\\\/OrganisatorFachmagazin\",\"https:\\\/\\\/www.linkedin.com\\\/showcase\\\/organisator-das-magazin-fr-kmu\",\"https:\\\/\\\/www.xing.com\\\/news\\\/pages\\\/organisator-ch-695\",\"https:\\\/\\\/www.youtube.com\\\/channel\\\/UCGP2Sq0iWaZwT3BdIAQFYpw\"]},{\"@type\":\"Person\",\"@id\":\"https:\\\/\\\/www.organisator.ch\\\/#\\\/schema\\\/person\\\/afccda3a71c06d4be2ed9100dd163db7\",\"name\":\"Dzana Muminovic\",\"image\":{\"@type\":\"ImageObject\",\"inLanguage\":\"fr-FR\",\"@id\":\"https:\\\/\\\/secure.gravatar.com\\\/avatar\\\/909c5c71aff4b38e88686f2ab2f1ba152571f394f41ed8bae431ea56ced93050?s=96&d=mm&r=g\",\"url\":\"https:\\\/\\\/secure.gravatar.com\\\/avatar\\\/909c5c71aff4b38e88686f2ab2f1ba152571f394f41ed8bae431ea56ced93050?s=96&d=mm&r=g\",\"contentUrl\":\"https:\\\/\\\/secure.gravatar.com\\\/avatar\\\/909c5c71aff4b38e88686f2ab2f1ba152571f394f41ed8bae431ea56ced93050?s=96&d=mm&r=g\",\"caption\":\"Dzana Muminovic\"},\"url\":\"https:\\\/\\\/www.organisator.ch\\\/fr\\\/author\\\/dzana-muminovic\\\/\"}]}<\/script>\n<!-- \/ Yoast SEO plugin. -->","yoast_head_json":{"title":"Prix SVC Espace \u00e9conomique Zurich 2024 : Schneider Umweltservice AG - Organisateur","description":"Le 26 novembre 2024, le Prix SVC Wirtschaftsraum Z\u00fcrich sera d\u00e9cern\u00e9. En lice pour la finale : Schneider Umweltservice AG de Meilen.","robots":{"index":"index","follow":"follow","max-snippet":"max-snippet:-1","max-image-preview":"max-image-preview:large","max-video-preview":"max-video-preview:-1"},"canonical":"https:\/\/www.organisator.ch\/fr\/gestion-2\/2024-11-20\/prix-svc-wirtschaftsraum-zuerich-2024-schneider-umweltservice-ag\/","og_locale":"fr_FR","og_type":"article","og_title":"Prix SVC Wirtschaftsraum Z\u00fcrich 2024: Schneider Umweltservice AG","og_description":"Am 26. November 2024 wird der Prix SVC Wirtschaftsraum Z\u00fcrich verliehen. Mit im Final: Die Schneider Umweltservice AG aus Meilen.","og_url":"https:\/\/www.organisator.ch\/fr\/gestion-2\/2024-11-20\/prix-svc-wirtschaftsraum-zuerich-2024-schneider-umweltservice-ag\/","og_site_name":"Organisator","article_publisher":"https:\/\/www.facebook.com\/OrganisatorFachmagazin","article_published_time":"2024-11-20T05:20:04+00:00","og_image":[{"width":680,"height":398,"url":"https:\/\/www.organisator.ch\/wp-content\/uploads\/2024\/11\/Schneider-Umweltservice_Bild1_ps.jpg","type":"image\/jpeg"}],"author":"Dzana Muminovic","twitter_card":"summary_large_image","twitter_title":"Prix SVC Wirtschaftsraum Z\u00fcrich 2024: Schneider Umweltservice AG","twitter_description":"Am 26. November 2024 wird der #Prix #SVC #Wirtschaftsraum #Z\u00fcrich verliehen. Mit im Final: Die #Schneider #Umweltservice AG aus #Meilen ZH.","twitter_image":"https:\/\/www.organisator.ch\/wp-content\/uploads\/2024\/11\/Schneider-Umweltservice_Bild1_ps.jpg","schema":{"@context":"https:\/\/schema.org","@graph":[{"@type":"Article","@id":"https:\/\/www.organisator.ch\/management\/2024-11-20\/prix-svc-wirtschaftsraum-zuerich-2024-schneider-umweltservice-ag\/#article","isPartOf":{"@id":"https:\/\/www.organisator.ch\/management\/2024-11-20\/prix-svc-wirtschaftsraum-zuerich-2024-schneider-umweltservice-ag\/"},"author":{"name":"Dzana Muminovic","@id":"https:\/\/www.organisator.ch\/#\/schema\/person\/afccda3a71c06d4be2ed9100dd163db7"},"headline":"Prix SVC Wirtschaftsraum Z\u00fcrich 2024: Schneider Umweltservice AG","datePublished":"2024-11-20T05:20:04+00:00","mainEntityOfPage":{"@id":"https:\/\/www.organisator.ch\/management\/2024-11-20\/prix-svc-wirtschaftsraum-zuerich-2024-schneider-umweltservice-ag\/"},"wordCount":427,"publisher":{"@id":"https:\/\/www.organisator.ch\/#organization"},"image":{"@id":"https:\/\/www.organisator.ch\/management\/2024-11-20\/prix-svc-wirtschaftsraum-zuerich-2024-schneider-umweltservice-ag\/#primaryimage"},"thumbnailUrl":"https:\/\/www.organisator.ch\/wp-content\/uploads\/2024\/11\/Schneider-Umweltservice_Bild1_ps.jpg","keywords":["Awards","Nachhaltigkeit","Prix SVC Wirtschaftsraum Z\u00fcrich","Schweiz","Unternehmen"],"articleSection":["MANAGEMENT"],"inLanguage":"fr-FR"},{"@type":"WebPage","@id":"https:\/\/www.organisator.ch\/management\/2024-11-20\/prix-svc-wirtschaftsraum-zuerich-2024-schneider-umweltservice-ag\/","url":"https:\/\/www.organisator.ch\/management\/2024-11-20\/prix-svc-wirtschaftsraum-zuerich-2024-schneider-umweltservice-ag\/","name":"Prix SVC Espace \u00e9conomique Zurich 2024 : Schneider Umweltservice AG - Organisateur","isPartOf":{"@id":"https:\/\/www.organisator.ch\/#website"},"primaryImageOfPage":{"@id":"https:\/\/www.organisator.ch\/management\/2024-11-20\/prix-svc-wirtschaftsraum-zuerich-2024-schneider-umweltservice-ag\/#primaryimage"},"image":{"@id":"https:\/\/www.organisator.ch\/management\/2024-11-20\/prix-svc-wirtschaftsraum-zuerich-2024-schneider-umweltservice-ag\/#primaryimage"},"thumbnailUrl":"https:\/\/www.organisator.ch\/wp-content\/uploads\/2024\/11\/Schneider-Umweltservice_Bild1_ps.jpg","datePublished":"2024-11-20T05:20:04+00:00","description":"Le 26 novembre 2024, le Prix SVC Wirtschaftsraum Z\u00fcrich sera d\u00e9cern\u00e9. En lice pour la finale : Schneider Umweltservice AG de Meilen.","breadcrumb":{"@id":"https:\/\/www.organisator.ch\/management\/2024-11-20\/prix-svc-wirtschaftsraum-zuerich-2024-schneider-umweltservice-ag\/#breadcrumb"},"inLanguage":"fr-FR","potentialAction":[{"@type":"ReadAction","target":["https:\/\/www.organisator.ch\/management\/2024-11-20\/prix-svc-wirtschaftsraum-zuerich-2024-schneider-umweltservice-ag\/"]}]},{"@type":"ImageObject","inLanguage":"fr-FR","@id":"https:\/\/www.organisator.ch\/management\/2024-11-20\/prix-svc-wirtschaftsraum-zuerich-2024-schneider-umweltservice-ag\/#primaryimage","url":"https:\/\/www.organisator.ch\/wp-content\/uploads\/2024\/11\/Schneider-Umweltservice_Bild1_ps.jpg","contentUrl":"https:\/\/www.organisator.ch\/wp-content\/uploads\/2024\/11\/Schneider-Umweltservice_Bild1_ps.jpg","width":680,"height":398,"caption":"Heute besch\u00e4ftigt die Schneider Umweltservice AG rund 370 Mitarbeitende. (Bild: Schneider Umweltservice AG \/ www.umweltservice.ch)"},{"@type":"BreadcrumbList","@id":"https:\/\/www.organisator.ch\/management\/2024-11-20\/prix-svc-wirtschaftsraum-zuerich-2024-schneider-umweltservice-ag\/#breadcrumb","itemListElement":[{"@type":"ListItem","position":1,"name":"Home","item":"https:\/\/www.organisator.ch\/"},{"@type":"ListItem","position":2,"name":"Prix SVC Wirtschaftsraum Z\u00fcrich 2024: Schneider Umweltservice AG"}]},{"@type":"WebSite","@id":"https:\/\/www.organisator.ch\/#website","url":"https:\/\/www.organisator.ch\/","name":"Organisateur","description":"Comp\u00e9tence et comp\u00e9tence. Proches de la pratique. L'ORGANISATEUR pr\u00e9pare 10 num\u00e9ros par an sur les th\u00e8mes essentiels pour les dirigeants de PME.","publisher":{"@id":"https:\/\/www.organisator.ch\/#organization"},"potentialAction":[{"@type":"SearchAction","target":{"@type":"EntryPoint","urlTemplate":"https:\/\/www.organisator.ch\/?s={search_term_string}"},"query-input":{"@type":"PropertyValueSpecification","valueRequired":true,"valueName":"search_term_string"}}],"inLanguage":"fr-FR"},{"@type":"Organization","@id":"https:\/\/www.organisator.ch\/#organization","name":"Organisateur","url":"https:\/\/www.organisator.ch\/","logo":{"@type":"ImageObject","inLanguage":"fr-FR","@id":"https:\/\/www.organisator.ch\/#\/schema\/logo\/image\/","url":"https:\/\/www.organisator.ch\/wp-content\/uploads\/2022\/01\/Logo_Organisator_Website.png","contentUrl":"https:\/\/www.organisator.ch\/wp-content\/uploads\/2022\/01\/Logo_Organisator_Website.png","width":800,"height":77,"caption":"Organisator"},"image":{"@id":"https:\/\/www.organisator.ch\/#\/schema\/logo\/image\/"},"sameAs":["https:\/\/www.facebook.com\/OrganisatorFachmagazin","https:\/\/www.linkedin.com\/showcase\/organisator-das-magazin-fr-kmu","https:\/\/www.xing.com\/news\/pages\/organisator-ch-695","https:\/\/www.youtube.com\/channel\/UCGP2Sq0iWaZwT3BdIAQFYpw"]},{"@type":"Person","@id":"https:\/\/www.organisator.ch\/#\/schema\/person\/afccda3a71c06d4be2ed9100dd163db7","name":"Dzana Muminovic","image":{"@type":"ImageObject","inLanguage":"fr-FR","@id":"https:\/\/secure.gravatar.com\/avatar\/909c5c71aff4b38e88686f2ab2f1ba152571f394f41ed8bae431ea56ced93050?s=96&d=mm&r=g","url":"https:\/\/secure.gravatar.com\/avatar\/909c5c71aff4b38e88686f2ab2f1ba152571f394f41ed8bae431ea56ced93050?s=96&d=mm&r=g","contentUrl":"https:\/\/secure.gravatar.com\/avatar\/909c5c71aff4b38e88686f2ab2f1ba152571f394f41ed8bae431ea56ced93050?s=96&d=mm&r=g","caption":"Dzana Muminovic"},"url":"https:\/\/www.organisator.ch\/fr\/author\/dzana-muminovic\/"}]}},"_links":{"self":[{"href":"https:\/\/www.organisator.ch\/fr\/wp-json\/wp\/v2\/posts\/31474","targetHints":{"allow":["GET"]}}],"collection":[{"href":"https:\/\/www.organisator.ch\/fr\/wp-json\/wp\/v2\/posts"}],"about":[{"href":"https:\/\/www.organisator.ch\/fr\/wp-json\/wp\/v2\/types\/post"}],"author":[{"embeddable":true,"href":"https:\/\/www.organisator.ch\/fr\/wp-json\/wp\/v2\/users\/80"}],"replies":[{"embeddable":true,"href":"https:\/\/www.organisator.ch\/fr\/wp-json\/wp\/v2\/comments?post=31474"}],"version-history":[{"count":1,"href":"https:\/\/www.organisator.ch\/fr\/wp-json\/wp\/v2\/posts\/31474\/revisions"}],"predecessor-version":[{"id":31476,"href":"https:\/\/www.organisator.ch\/fr\/wp-json\/wp\/v2\/posts\/31474\/revisions\/31476"}],"wp:featuredmedia":[{"embeddable":true,"href":"https:\/\/www.organisator.ch\/fr\/wp-json\/wp\/v2\/media\/31475"}],"wp:attachment":[{"href":"https:\/\/www.organisator.ch\/fr\/wp-json\/wp\/v2\/media?parent=31474"}],"wp:term":[{"taxonomy":"category","embeddable":true,"href":"https:\/\/www.organisator.ch\/fr\/wp-json\/wp\/v2\/categories?post=31474"},{"taxonomy":"post_tag","embeddable":true,"href":"https:\/\/www.organisator.ch\/fr\/wp-json\/wp\/v2\/tags?post=31474"}],"curies":[{"name":"wp","href":"https:\/\/api.w.org\/{rel}","templated":true}]}}