{"id":31480,"date":"2024-11-04T11:15:24","date_gmt":"2024-11-04T10:15:24","guid":{"rendered":"https:\/\/www.m-q.ch\/?p=20649"},"modified":"2024-11-07T09:23:23","modified_gmt":"2024-11-07T08:23:23","slug":"neue-norm-fuer-berufseignungsdiagnostik","status":"publish","type":"post","link":"https:\/\/www.organisator.ch\/fr\/operational-excellence\/2024-11-04\/neue-norm-fuer-berufseignungsdiagnostik\/","title":{"rendered":"Nouvelle norme pour le diagnostic d'aptitude professionnelle"},"content":{"rendered":"<figure id=\"attachment_20651\" class=\"wp-caption alignnone\" style=\"width: 680px\" aria-describedby=\"caption-attachment-20651\"><img class=\"alignnone wp-image-20651 size-full\" src=\"https:\/\/www.m-q.ch\/wp-content\/uploads\/2024\/11\/SNV_Bild1_psjpg.jpg\" alt=\"Norme suisse SN 33430 \" width=\"680\" height=\"454\" \/>\r\n<figcaption id=\"caption-attachment-20651\" class=\"wp-caption-text\">La nouvelle norme suisse d\u00e9crit la mani\u00e8re dont les d\u00e9cisions en mati\u00e8re de personnel sont pr\u00e9par\u00e9es, les \u00e9valuations r\u00e9alis\u00e9es et les informations pertinentes pour l'aptitude analys\u00e9es. (Image : www.depositphotos.com)<\/figcaption>\r\n<\/figure>\r\n<p>Le diagnostic d'aptitude professionnelle est un domaine professionnel dans lequel travaillent aussi bien des psychologues que des sp\u00e9cialistes RH. Leur t\u00e2che consiste \u00e0 trouver des candidats appropri\u00e9s pour un poste vacant. La nouvelle norme suisse soutient d\u00e8s aujourd'hui les professionnels comp\u00e9tents dans cette d\u00e9marche. En effet, ceux qui utilisent des proc\u00e9dures et des m\u00e9thodes scientifiquement fond\u00e9es atteignent non seulement un taux de r\u00e9ussite nettement plus \u00e9lev\u00e9 lors du recrutement de nouveau personnel, mais trouvent aussi en g\u00e9n\u00e9ral des personnes qui restent \u00e0 long terme dans l'entreprise.<\/p>\r\n<h3><strong>Qu'est-ce qu'une norme ?<\/strong><\/h3>\r\n<p>L'application des normes est en principe volontaire. Sauf si elle fait l'objet d'un contrat entre deux parties, par exemple, elle acquiert un caract\u00e8re obligatoire. Les normes sont \u00e9crites par des utilisateurs pour des utilisateurs sur une base volontaire. Le secteur d\u00e9cide lui-m\u00eame de la normalisation qu'il juge n\u00e9cessaire et utile.<\/p>\r\n<h3><strong>SN 33430 - la nouvelle norme suisse<\/strong><\/h3>\r\n<p>La nouvelle norme suisse d\u00e9crit la mani\u00e8re dont les d\u00e9cisions relatives au personnel sont pr\u00e9par\u00e9es, les \u00e9valuations r\u00e9alis\u00e9es et les informations pertinentes pour l'aptitude analys\u00e9es. Elle s'inspire de la norme allemande du m\u00eame nom. La FSP a r\u00e9vis\u00e9 la norme allemande en collaboration avec l'Association suisse de normalisation (SNV) et des experts renomm\u00e9s du monde scientifique et de la pratique.<\/p>\r\n<h3><strong>Experts techniques impliqu\u00e9s (par ordre alphab\u00e9tique) :<\/strong><\/h3>\r\n<ul>\r\n\t<li>Dr. Patrick Boss, ZHAW Psychologie appliqu\u00e9e<\/li>\r\n\t<li>Annick de Buman, F\u00e9d\u00e9ration Suisse des Psychologues (FSP)<\/li>\r\n\t<li>Dr. Benedikt Hell, FHNW, Haute \u00e9cole de psychologie appliqu\u00e9e<\/li>\r\n\t<li>Daniel Jungo, Soci\u00e9t\u00e9 suisse de psychologie de la carri\u00e8re et du personnel (SSPP) et Centre suisse de services Formation professionnelle \/ orientation professionnelle, universitaire et de carri\u00e8re (CSFO)<\/li>\r\n\t<li>Michael Platen, Aequivalent SA<\/li>\r\n\t<li>Sabine Sauter, Soci\u00e9t\u00e9 suisse de psychologie du travail et des organisations (SSPTO)<\/li>\r\n\t<li>Ruth Schneider, Association suisse de normalisation (SNV)<\/li>\r\n\t<li>S\u00e9bastien Simonet, F\u00e9d\u00e9ration Suisse des Psychologues (FSP)<\/li>\r\n<\/ul>\r\n<h3><strong>Assurance et d\u00e9veloppement de la qualit\u00e9<\/strong><\/h3>\r\n<p>La FSP est convaincue que l'introduction de la norme en Suisse permettra de garantir des standards \u00e9lev\u00e9s dans le domaine du diagnostic d'aptitude professionnelle. La norme exige des connaissances et une exp\u00e9rience \u00e9tendues de la part des personnes impliqu\u00e9es \u00e0 divers titres dans le diagnostic d'aptitude professionnelle. La norme peut \u00e9galement \u00eatre utilis\u00e9e comme guide pour d\u00e9velopper les processus d\u00e9j\u00e0 en place dans les entreprises et am\u00e9liorer ainsi en permanence la qualit\u00e9 du travail.<\/p>\r\n<h3><strong>Acquisition de la norme<\/strong><\/h3>\r\n<p>La norme peut \u00eatre achet\u00e9e sur le site web de la SNV. Actuellement, la norme n'est disponible qu'en allemand. Elle est en cours de traduction et sera probablement publi\u00e9e en fran\u00e7ais d\u00e9but 2025.<\/p>\r\n<p><em>Source et informations compl\u00e9mentaires : <a href=\"http:\/\/www.snv.ch\/\">www.snv.ch<\/a><\/em><\/p>\n<p class=\"syndicated-attribution\">Cet article est paru initialement sur m-q.ch - <a href=\"https:\/\/www.m-q.ch\/de\/neue-norm-fuer-berufseignungsdiagnostik\/\" target=\"_blank\">https:\/\/www.m-q.ch\/de\/neue-norm-fuer-berufseignungsdiagnostik\/<\/a><\/p>","protected":false},"excerpt":{"rendered":"<p>Lors de la recherche de collaborateurs appropri\u00e9s, des proc\u00e9dures et des m\u00e9thodes scientifiquement fond\u00e9es peuvent \u00eatre un facteur de r\u00e9ussite d\u00e9cisif. D\u00e9sormais, les psychologues et les sp\u00e9cialistes RH peuvent s'appuyer sur une norme suisse dans le cadre du diagnostic d'aptitude professionnelle. La FSP est convaincue qu'un standard de qualit\u00e9 \u00e9lev\u00e9 sera ainsi garanti et que les connaissances psychologiques sp\u00e9cialis\u00e9es auront une place fixe.<\/p>","protected":false},"author":58,"featured_media":0,"comment_status":"closed","ping_status":"closed","sticky":false,"template":"","format":"standard","meta":{"_acf_changed":false,"_yoast_wpseo_focuskw":"Schweizer Norm SN 33430","_yoast_wpseo_metadesc":"Die Schweizer Norm SN 33430 unterst\u00fctzt HR-Fachpersonen bei der Durchf\u00fchrung von Eignungsdiagnostik.","articlekey":"","footnotes":""},"categories":[582],"tags":[4701,4702,605,424,492],"class_list":["post-31480","post","type-post","status-publish","format-standard","hentry","category-operational-excellence","tag-berufseignungsdiagnostik","tag-norm","tag-qualitaetsmanagement","tag-schweiz","tag-unternehmen"],"acf":[],"yoast_head":"<!-- This site is optimized with the Yoast SEO plugin v27.5 - https:\/\/yoast.com\/product\/yoast-seo-wordpress\/ -->\n<title>Neue Norm f\u00fcr Berufseignungsdiagnostik - Organisator<\/title>\n<meta name=\"description\" content=\"Die Schweizer Norm SN 33430 unterst\u00fctzt HR-Fachpersonen bei der Durchf\u00fchrung von Eignungsdiagnostik.\" \/>\n<meta name=\"robots\" content=\"index, follow, max-snippet:-1, max-image-preview:large, max-video-preview:-1\" \/>\n<link rel=\"canonical\" href=\"https:\/\/www.organisator.ch\/fr\/excellence-operationnelle\/2024-11-04\/neue-norm-fuer-berufseignungsdiagnostik\/\" \/>\n<meta property=\"og:locale\" content=\"fr_FR\" \/>\n<meta property=\"og:type\" content=\"article\" \/>\n<meta property=\"og:title\" content=\"Neue Norm f\u00fcr Berufseignungsdiagnostik - Organisator\" \/>\n<meta property=\"og:description\" content=\"Die Schweizer Norm SN 33430 unterst\u00fctzt HR-Fachpersonen bei der Durchf\u00fchrung von Eignungsdiagnostik.\" \/>\n<meta property=\"og:url\" content=\"https:\/\/www.organisator.ch\/fr\/excellence-operationnelle\/2024-11-04\/neue-norm-fuer-berufseignungsdiagnostik\/\" \/>\n<meta property=\"og:site_name\" content=\"Organisator\" \/>\n<meta property=\"article:publisher\" content=\"https:\/\/www.facebook.com\/OrganisatorFachmagazin\" \/>\n<meta property=\"article:published_time\" content=\"2024-11-04T10:15:24+00:00\" \/>\n<meta property=\"article:modified_time\" content=\"2024-11-07T08:23:23+00:00\" \/>\n<meta property=\"og:image\" content=\"https:\/\/www.m-q.ch\/wp-content\/uploads\/2024\/11\/SNV_Bild1_psjpg.jpg\" \/>\n<meta name=\"author\" content=\"Adelisa Kalajdzini\" \/>\n<meta name=\"twitter:card\" content=\"summary_large_image\" \/>\n<script type=\"application\/ld+json\" class=\"yoast-schema-graph\">{\"@context\":\"https:\\\/\\\/schema.org\",\"@graph\":[{\"@type\":\"Article\",\"@id\":\"https:\\\/\\\/www.organisator.ch\\\/operational-excellence\\\/2024-11-04\\\/neue-norm-fuer-berufseignungsdiagnostik\\\/#article\",\"isPartOf\":{\"@id\":\"https:\\\/\\\/www.organisator.ch\\\/operational-excellence\\\/2024-11-04\\\/neue-norm-fuer-berufseignungsdiagnostik\\\/\"},\"author\":{\"name\":\"Adelisa Kalajdzini\",\"@id\":\"https:\\\/\\\/www.organisator.ch\\\/#\\\/schema\\\/person\\\/2e1314a2172123f874db408d8911d3f3\"},\"headline\":\"Neue Norm f\u00fcr Berufseignungsdiagnostik\",\"datePublished\":\"2024-11-04T10:15:24+00:00\",\"dateModified\":\"2024-11-07T08:23:23+00:00\",\"mainEntityOfPage\":{\"@id\":\"https:\\\/\\\/www.organisator.ch\\\/operational-excellence\\\/2024-11-04\\\/neue-norm-fuer-berufseignungsdiagnostik\\\/\"},\"wordCount\":405,\"publisher\":{\"@id\":\"https:\\\/\\\/www.organisator.ch\\\/#organization\"},\"image\":{\"@id\":\"https:\\\/\\\/www.organisator.ch\\\/operational-excellence\\\/2024-11-04\\\/neue-norm-fuer-berufseignungsdiagnostik\\\/#primaryimage\"},\"thumbnailUrl\":\"https:\\\/\\\/www.m-q.ch\\\/wp-content\\\/uploads\\\/2024\\\/11\\\/SNV_Bild1_psjpg.jpg\",\"keywords\":[\"Berufseignungsdiagnostik\",\"Norm\",\"Qualit\u00e4tsmanagement\",\"Schweiz\",\"Unternehmen\"],\"articleSection\":[\"OPERATIONAL EXCELLENCE\"],\"inLanguage\":\"fr-FR\"},{\"@type\":\"WebPage\",\"@id\":\"https:\\\/\\\/www.organisator.ch\\\/operational-excellence\\\/2024-11-04\\\/neue-norm-fuer-berufseignungsdiagnostik\\\/\",\"url\":\"https:\\\/\\\/www.organisator.ch\\\/operational-excellence\\\/2024-11-04\\\/neue-norm-fuer-berufseignungsdiagnostik\\\/\",\"name\":\"Neue Norm f\u00fcr Berufseignungsdiagnostik - Organisator\",\"isPartOf\":{\"@id\":\"https:\\\/\\\/www.organisator.ch\\\/#website\"},\"primaryImageOfPage\":{\"@id\":\"https:\\\/\\\/www.organisator.ch\\\/operational-excellence\\\/2024-11-04\\\/neue-norm-fuer-berufseignungsdiagnostik\\\/#primaryimage\"},\"image\":{\"@id\":\"https:\\\/\\\/www.organisator.ch\\\/operational-excellence\\\/2024-11-04\\\/neue-norm-fuer-berufseignungsdiagnostik\\\/#primaryimage\"},\"thumbnailUrl\":\"https:\\\/\\\/www.m-q.ch\\\/wp-content\\\/uploads\\\/2024\\\/11\\\/SNV_Bild1_psjpg.jpg\",\"datePublished\":\"2024-11-04T10:15:24+00:00\",\"dateModified\":\"2024-11-07T08:23:23+00:00\",\"description\":\"Die Schweizer Norm SN 33430 unterst\u00fctzt HR-Fachpersonen bei der Durchf\u00fchrung von Eignungsdiagnostik.\",\"breadcrumb\":{\"@id\":\"https:\\\/\\\/www.organisator.ch\\\/operational-excellence\\\/2024-11-04\\\/neue-norm-fuer-berufseignungsdiagnostik\\\/#breadcrumb\"},\"inLanguage\":\"fr-FR\",\"potentialAction\":[{\"@type\":\"ReadAction\",\"target\":[\"https:\\\/\\\/www.organisator.ch\\\/operational-excellence\\\/2024-11-04\\\/neue-norm-fuer-berufseignungsdiagnostik\\\/\"]}]},{\"@type\":\"ImageObject\",\"inLanguage\":\"fr-FR\",\"@id\":\"https:\\\/\\\/www.organisator.ch\\\/operational-excellence\\\/2024-11-04\\\/neue-norm-fuer-berufseignungsdiagnostik\\\/#primaryimage\",\"url\":\"https:\\\/\\\/www.m-q.ch\\\/wp-content\\\/uploads\\\/2024\\\/11\\\/SNV_Bild1_psjpg.jpg\",\"contentUrl\":\"https:\\\/\\\/www.m-q.ch\\\/wp-content\\\/uploads\\\/2024\\\/11\\\/SNV_Bild1_psjpg.jpg\"},{\"@type\":\"BreadcrumbList\",\"@id\":\"https:\\\/\\\/www.organisator.ch\\\/operational-excellence\\\/2024-11-04\\\/neue-norm-fuer-berufseignungsdiagnostik\\\/#breadcrumb\",\"itemListElement\":[{\"@type\":\"ListItem\",\"position\":1,\"name\":\"Home\",\"item\":\"https:\\\/\\\/www.organisator.ch\\\/\"},{\"@type\":\"ListItem\",\"position\":2,\"name\":\"Neue Norm f\u00fcr Berufseignungsdiagnostik\"}]},{\"@type\":\"WebSite\",\"@id\":\"https:\\\/\\\/www.organisator.ch\\\/#website\",\"url\":\"https:\\\/\\\/www.organisator.ch\\\/\",\"name\":\"Organisator\",\"description\":\"Kompetent. Praxisnah. Der ORGANISATOR bereitet in 10 Ausgaben pro Jahr die wesentlichen Themen f\u00fcr F\u00fchrungskr\u00e4fte von KMU auf.\",\"publisher\":{\"@id\":\"https:\\\/\\\/www.organisator.ch\\\/#organization\"},\"potentialAction\":[{\"@type\":\"SearchAction\",\"target\":{\"@type\":\"EntryPoint\",\"urlTemplate\":\"https:\\\/\\\/www.organisator.ch\\\/?s={search_term_string}\"},\"query-input\":{\"@type\":\"PropertyValueSpecification\",\"valueRequired\":true,\"valueName\":\"search_term_string\"}}],\"inLanguage\":\"fr-FR\"},{\"@type\":\"Organization\",\"@id\":\"https:\\\/\\\/www.organisator.ch\\\/#organization\",\"name\":\"Organisator\",\"url\":\"https:\\\/\\\/www.organisator.ch\\\/\",\"logo\":{\"@type\":\"ImageObject\",\"inLanguage\":\"fr-FR\",\"@id\":\"https:\\\/\\\/www.organisator.ch\\\/#\\\/schema\\\/logo\\\/image\\\/\",\"url\":\"https:\\\/\\\/www.organisator.ch\\\/wp-content\\\/uploads\\\/2022\\\/01\\\/Logo_Organisator_Website.png\",\"contentUrl\":\"https:\\\/\\\/www.organisator.ch\\\/wp-content\\\/uploads\\\/2022\\\/01\\\/Logo_Organisator_Website.png\",\"width\":800,\"height\":77,\"caption\":\"Organisator\"},\"image\":{\"@id\":\"https:\\\/\\\/www.organisator.ch\\\/#\\\/schema\\\/logo\\\/image\\\/\"},\"sameAs\":[\"https:\\\/\\\/www.facebook.com\\\/OrganisatorFachmagazin\",\"https:\\\/\\\/www.linkedin.com\\\/showcase\\\/organisator-das-magazin-fr-kmu\",\"https:\\\/\\\/www.xing.com\\\/news\\\/pages\\\/organisator-ch-695\",\"https:\\\/\\\/www.youtube.com\\\/channel\\\/UCGP2Sq0iWaZwT3BdIAQFYpw\"]},{\"@type\":\"Person\",\"@id\":\"https:\\\/\\\/www.organisator.ch\\\/#\\\/schema\\\/person\\\/2e1314a2172123f874db408d8911d3f3\",\"name\":\"Adelisa Kalajdzini\",\"image\":{\"@type\":\"ImageObject\",\"inLanguage\":\"fr-FR\",\"@id\":\"https:\\\/\\\/secure.gravatar.com\\\/avatar\\\/09a397c22ac58cad6f160ee8306348599df9df58a8ede73696226897b9fa4b24?s=96&d=mm&r=g\",\"url\":\"https:\\\/\\\/secure.gravatar.com\\\/avatar\\\/09a397c22ac58cad6f160ee8306348599df9df58a8ede73696226897b9fa4b24?s=96&d=mm&r=g\",\"contentUrl\":\"https:\\\/\\\/secure.gravatar.com\\\/avatar\\\/09a397c22ac58cad6f160ee8306348599df9df58a8ede73696226897b9fa4b24?s=96&d=mm&r=g\",\"caption\":\"Adelisa Kalajdzini\"},\"url\":\"https:\\\/\\\/www.organisator.ch\\\/fr\\\/author\\\/adelisa-kalajdzini\\\/\"}]}<\/script>\n<!-- \/ Yoast SEO plugin. -->","yoast_head_json":{"title":"Nouvelle norme pour le diagnostic d'aptitude professionnelle - Organisateur","description":"La norme suisse SN 33430 aide les sp\u00e9cialistes RH \u00e0 r\u00e9aliser des diagnostics d'aptitude.","robots":{"index":"index","follow":"follow","max-snippet":"max-snippet:-1","max-image-preview":"max-image-preview:large","max-video-preview":"max-video-preview:-1"},"canonical":"https:\/\/www.organisator.ch\/fr\/excellence-operationnelle\/2024-11-04\/neue-norm-fuer-berufseignungsdiagnostik\/","og_locale":"fr_FR","og_type":"article","og_title":"Neue Norm f\u00fcr Berufseignungsdiagnostik - Organisator","og_description":"Die Schweizer Norm SN 33430 unterst\u00fctzt HR-Fachpersonen bei der Durchf\u00fchrung von Eignungsdiagnostik.","og_url":"https:\/\/www.organisator.ch\/fr\/excellence-operationnelle\/2024-11-04\/neue-norm-fuer-berufseignungsdiagnostik\/","og_site_name":"Organisator","article_publisher":"https:\/\/www.facebook.com\/OrganisatorFachmagazin","article_published_time":"2024-11-04T10:15:24+00:00","article_modified_time":"2024-11-07T08:23:23+00:00","og_image":[{"url":"https:\/\/www.m-q.ch\/wp-content\/uploads\/2024\/11\/SNV_Bild1_psjpg.jpg","type":"","width":"","height":""}],"author":"Adelisa Kalajdzini","twitter_card":"summary_large_image","schema":{"@context":"https:\/\/schema.org","@graph":[{"@type":"Article","@id":"https:\/\/www.organisator.ch\/operational-excellence\/2024-11-04\/neue-norm-fuer-berufseignungsdiagnostik\/#article","isPartOf":{"@id":"https:\/\/www.organisator.ch\/operational-excellence\/2024-11-04\/neue-norm-fuer-berufseignungsdiagnostik\/"},"author":{"name":"Adelisa Kalajdzini","@id":"https:\/\/www.organisator.ch\/#\/schema\/person\/2e1314a2172123f874db408d8911d3f3"},"headline":"Neue Norm f\u00fcr Berufseignungsdiagnostik","datePublished":"2024-11-04T10:15:24+00:00","dateModified":"2024-11-07T08:23:23+00:00","mainEntityOfPage":{"@id":"https:\/\/www.organisator.ch\/operational-excellence\/2024-11-04\/neue-norm-fuer-berufseignungsdiagnostik\/"},"wordCount":405,"publisher":{"@id":"https:\/\/www.organisator.ch\/#organization"},"image":{"@id":"https:\/\/www.organisator.ch\/operational-excellence\/2024-11-04\/neue-norm-fuer-berufseignungsdiagnostik\/#primaryimage"},"thumbnailUrl":"https:\/\/www.m-q.ch\/wp-content\/uploads\/2024\/11\/SNV_Bild1_psjpg.jpg","keywords":["Berufseignungsdiagnostik","Norm","Qualit\u00e4tsmanagement","Schweiz","Unternehmen"],"articleSection":["OPERATIONAL EXCELLENCE"],"inLanguage":"fr-FR"},{"@type":"WebPage","@id":"https:\/\/www.organisator.ch\/operational-excellence\/2024-11-04\/neue-norm-fuer-berufseignungsdiagnostik\/","url":"https:\/\/www.organisator.ch\/operational-excellence\/2024-11-04\/neue-norm-fuer-berufseignungsdiagnostik\/","name":"Nouvelle norme pour le diagnostic d'aptitude professionnelle - Organisateur","isPartOf":{"@id":"https:\/\/www.organisator.ch\/#website"},"primaryImageOfPage":{"@id":"https:\/\/www.organisator.ch\/operational-excellence\/2024-11-04\/neue-norm-fuer-berufseignungsdiagnostik\/#primaryimage"},"image":{"@id":"https:\/\/www.organisator.ch\/operational-excellence\/2024-11-04\/neue-norm-fuer-berufseignungsdiagnostik\/#primaryimage"},"thumbnailUrl":"https:\/\/www.m-q.ch\/wp-content\/uploads\/2024\/11\/SNV_Bild1_psjpg.jpg","datePublished":"2024-11-04T10:15:24+00:00","dateModified":"2024-11-07T08:23:23+00:00","description":"La norme suisse SN 33430 aide les sp\u00e9cialistes RH \u00e0 r\u00e9aliser des diagnostics d'aptitude.","breadcrumb":{"@id":"https:\/\/www.organisator.ch\/operational-excellence\/2024-11-04\/neue-norm-fuer-berufseignungsdiagnostik\/#breadcrumb"},"inLanguage":"fr-FR","potentialAction":[{"@type":"ReadAction","target":["https:\/\/www.organisator.ch\/operational-excellence\/2024-11-04\/neue-norm-fuer-berufseignungsdiagnostik\/"]}]},{"@type":"ImageObject","inLanguage":"fr-FR","@id":"https:\/\/www.organisator.ch\/operational-excellence\/2024-11-04\/neue-norm-fuer-berufseignungsdiagnostik\/#primaryimage","url":"https:\/\/www.m-q.ch\/wp-content\/uploads\/2024\/11\/SNV_Bild1_psjpg.jpg","contentUrl":"https:\/\/www.m-q.ch\/wp-content\/uploads\/2024\/11\/SNV_Bild1_psjpg.jpg"},{"@type":"BreadcrumbList","@id":"https:\/\/www.organisator.ch\/operational-excellence\/2024-11-04\/neue-norm-fuer-berufseignungsdiagnostik\/#breadcrumb","itemListElement":[{"@type":"ListItem","position":1,"name":"Home","item":"https:\/\/www.organisator.ch\/"},{"@type":"ListItem","position":2,"name":"Neue Norm f\u00fcr Berufseignungsdiagnostik"}]},{"@type":"WebSite","@id":"https:\/\/www.organisator.ch\/#website","url":"https:\/\/www.organisator.ch\/","name":"Organisateur","description":"Comp\u00e9tence et comp\u00e9tence. Proches de la pratique. L'ORGANISATEUR pr\u00e9pare 10 num\u00e9ros par an sur les th\u00e8mes essentiels pour les dirigeants de PME.","publisher":{"@id":"https:\/\/www.organisator.ch\/#organization"},"potentialAction":[{"@type":"SearchAction","target":{"@type":"EntryPoint","urlTemplate":"https:\/\/www.organisator.ch\/?s={search_term_string}"},"query-input":{"@type":"PropertyValueSpecification","valueRequired":true,"valueName":"search_term_string"}}],"inLanguage":"fr-FR"},{"@type":"Organization","@id":"https:\/\/www.organisator.ch\/#organization","name":"Organisateur","url":"https:\/\/www.organisator.ch\/","logo":{"@type":"ImageObject","inLanguage":"fr-FR","@id":"https:\/\/www.organisator.ch\/#\/schema\/logo\/image\/","url":"https:\/\/www.organisator.ch\/wp-content\/uploads\/2022\/01\/Logo_Organisator_Website.png","contentUrl":"https:\/\/www.organisator.ch\/wp-content\/uploads\/2022\/01\/Logo_Organisator_Website.png","width":800,"height":77,"caption":"Organisator"},"image":{"@id":"https:\/\/www.organisator.ch\/#\/schema\/logo\/image\/"},"sameAs":["https:\/\/www.facebook.com\/OrganisatorFachmagazin","https:\/\/www.linkedin.com\/showcase\/organisator-das-magazin-fr-kmu","https:\/\/www.xing.com\/news\/pages\/organisator-ch-695","https:\/\/www.youtube.com\/channel\/UCGP2Sq0iWaZwT3BdIAQFYpw"]},{"@type":"Person","@id":"https:\/\/www.organisator.ch\/#\/schema\/person\/2e1314a2172123f874db408d8911d3f3","name":"Adelisa Kalajdzini","image":{"@type":"ImageObject","inLanguage":"fr-FR","@id":"https:\/\/secure.gravatar.com\/avatar\/09a397c22ac58cad6f160ee8306348599df9df58a8ede73696226897b9fa4b24?s=96&d=mm&r=g","url":"https:\/\/secure.gravatar.com\/avatar\/09a397c22ac58cad6f160ee8306348599df9df58a8ede73696226897b9fa4b24?s=96&d=mm&r=g","contentUrl":"https:\/\/secure.gravatar.com\/avatar\/09a397c22ac58cad6f160ee8306348599df9df58a8ede73696226897b9fa4b24?s=96&d=mm&r=g","caption":"Adelisa Kalajdzini"},"url":"https:\/\/www.organisator.ch\/fr\/author\/adelisa-kalajdzini\/"}]}},"_links":{"self":[{"href":"https:\/\/www.organisator.ch\/fr\/wp-json\/wp\/v2\/posts\/31480","targetHints":{"allow":["GET"]}}],"collection":[{"href":"https:\/\/www.organisator.ch\/fr\/wp-json\/wp\/v2\/posts"}],"about":[{"href":"https:\/\/www.organisator.ch\/fr\/wp-json\/wp\/v2\/types\/post"}],"author":[{"embeddable":true,"href":"https:\/\/www.organisator.ch\/fr\/wp-json\/wp\/v2\/users\/58"}],"replies":[{"embeddable":true,"href":"https:\/\/www.organisator.ch\/fr\/wp-json\/wp\/v2\/comments?post=31480"}],"version-history":[{"count":6,"href":"https:\/\/www.organisator.ch\/fr\/wp-json\/wp\/v2\/posts\/31480\/revisions"}],"predecessor-version":[{"id":31671,"href":"https:\/\/www.organisator.ch\/fr\/wp-json\/wp\/v2\/posts\/31480\/revisions\/31671"}],"wp:attachment":[{"href":"https:\/\/www.organisator.ch\/fr\/wp-json\/wp\/v2\/media?parent=31480"}],"wp:term":[{"taxonomy":"category","embeddable":true,"href":"https:\/\/www.organisator.ch\/fr\/wp-json\/wp\/v2\/categories?post=31480"},{"taxonomy":"post_tag","embeddable":true,"href":"https:\/\/www.organisator.ch\/fr\/wp-json\/wp\/v2\/tags?post=31480"}],"curies":[{"name":"wp","href":"https:\/\/api.w.org\/{rel}","templated":true}]}}