{"id":31523,"date":"2024-11-06T06:51:27","date_gmt":"2024-11-06T05:51:27","guid":{"rendered":"https:\/\/www.organisator.ch\/?p=31523"},"modified":"2024-11-05T14:52:40","modified_gmt":"2024-11-05T13:52:40","slug":"nicolas-roland-tritt-dem-vorstand-als-generaldirektor-von-raja-office-bei","status":"publish","type":"post","link":"https:\/\/www.organisator.ch\/fr\/marketing\/2024-11-06\/nicolas-roland-tritt-dem-vorstand-als-generaldirektor-von-raja-office-bei\/","title":{"rendered":"Nicolas Roland rejoint le conseil d'administration en tant que directeur g\u00e9n\u00e9ral de Raja Office"},"content":{"rendered":"<figure id=\"attachment_31524\" aria-describedby=\"caption-attachment-31524\" style=\"width: 680px\" class=\"wp-caption alignnone\"><img loading=\"lazy\" decoding=\"async\" class=\"size-full wp-image-31524\" src=\"https:\/\/www.organisator.ch\/wp-content\/uploads\/2024\/11\/Nicolas_Roland_Bild1_ps.jpg\" alt=\"\" width=\"680\" height=\"482\" srcset=\"https:\/\/www.organisator.ch\/wp-content\/uploads\/2024\/11\/Nicolas_Roland_Bild1_ps.jpg 680w, https:\/\/www.organisator.ch\/wp-content\/uploads\/2024\/11\/Nicolas_Roland_Bild1_ps-18x12.jpg 18w, https:\/\/www.organisator.ch\/wp-content\/uploads\/2024\/11\/Nicolas_Roland_Bild1_ps-375x266.jpg 375w, https:\/\/www.organisator.ch\/wp-content\/uploads\/2024\/11\/Nicolas_Roland_Bild1_ps-494x350.jpg 494w\" sizes=\"auto, (max-width: 680px) 100vw, 680px\" \/><figcaption id=\"caption-attachment-31524\" class=\"wp-caption-text\">Nicola Roland succ\u00e9dera \u00e0 Alain Josse en janvier 2025. (Image : www.raja-group.com)<\/figcaption><\/figure>\n<p>Nicolas Roland dirigera la strat\u00e9gie et le d\u00e9veloppement de la division Raja Office, qui est pr\u00e9sente dans dix pays europ\u00e9ens avec les entreprises Viking, Mondoffice, JPG, Kalamazoo, Bernard et Welcome Office. Avec un chiffre d'affaires de 800 millions d'euros, Raja Office est le plus grand distributeur en ligne de fournitures et d'\u00e9quipements de bureau en Europe.<\/p>\n<p>\"Alain Josse a fortement contribu\u00e9 au d\u00e9veloppement du groupe Raja depuis 2006. Je le remercie vivement pour sa d\u00e9termination, son leadership et ses qualit\u00e9s humaines. Je suis tr\u00e8s heureux d'accueillir Nicolas Roland, dont la connaissance du march\u00e9 de l'\u00e9quipement commercial est un atout majeur. Sa mission sera de donner un nouvel \u00e9lan au d\u00e9veloppement de Raja Office, de renforcer son organisation et sa performance afin de consolider notre position sur ce march\u00e9 strat\u00e9gique\", a d\u00e9clar\u00e9 Dani\u00e8le Marcovici. Elle est pr\u00e9sidente et directrice g\u00e9n\u00e9rale du groupe Raja.<\/p>\n<h3><strong>De Hilti \u00e0 Raja<\/strong><\/h3>\n<p>Avant de rejoindre le groupe Raja, Nicolas Roland a occup\u00e9 pendant 13 ans (2011-2024) des postes de direction chez Hilti, fabricant mondial d'outils et d'accessoires pour l'industrie du b\u00e2timent : Directeur g\u00e9n\u00e9ral de l'Ouest de la France (2022-2024), Directeur g\u00e9n\u00e9ral des Philippines (2020-2022), Senior Vice President Logistique pour la r\u00e9gion Asie-Pacifique (2018-2020) et Senior Vice President Global Distribution (2011-2018).<\/p>\n<p>Nicolas Roland a \u00e9t\u00e9 auparavant, de 2009 \u00e0 2011, directeur g\u00e9n\u00e9ral du groupe Odilis, une PME fran\u00e7aise sp\u00e9cialis\u00e9e dans la m\u00e9canique industrielle. Entre 2001 et 2009, il a occup\u00e9 des postes de direction dans le domaine de la logistique en France, en Allemagne, en Chine et \u00e0 Hong Kong chez Osram, un leader mondial de l'\u00e9clairage.<\/p>\n<p>Nicolas Roland parle couramment le fran\u00e7ais, l'anglais et l'allemand. Il a \u00e9tudi\u00e9 en France et en Angleterre et poss\u00e8de notamment un MBA (Master of Business Administration) de l'universit\u00e9 de Coventry.<\/p>\n<p><em>Source : <a href=\"http:\/\/www.raja-group.com\">www.raja-group.com<\/a><\/em><\/p>","protected":false},"excerpt":{"rendered":"<p>Nicolas Roland a rejoint le groupe Raja le 30 septembre 2024 en tant que nouveau membre du comit\u00e9 de direction et a pris la direction de la division Raja Office, sp\u00e9cialis\u00e9e dans la distribution de fournitures et d'\u00e9quipements de bureau. Il succ\u00e9dera en janvier 2025 \u00e0 Alain Josse, qui prendra sa retraite apr\u00e8s plus de 40 ans de carri\u00e8re, dont 18 au sein du groupe Raja. Les deux dirigeants travailleront ensemble jusqu'\u00e0 la fin de l'ann\u00e9e afin d'assurer une transition en douceur.<\/p>","protected":false},"author":80,"featured_media":31524,"comment_status":"closed","ping_status":"closed","sticky":false,"template":"","format":"standard","meta":{"_acf_changed":false,"_yoast_wpseo_focuskw":"Nicolas Roland","_yoast_wpseo_metadesc":"Nicolas Roland trat am 30. September 2024 als neues Vorstandsmitglied der Raja-Gruppe bei und \u00fcbernahm die Leitung des Gesch\u00e4ftsbereichs Raja Office.","articlekey":"","footnotes":""},"categories":[29],"tags":[4709,4269,3848,492,4708],"class_list":["post-31523","post","type-post","status-publish","format-standard","has-post-thumbnail","hentry","category-marketing","tag-buerobedarf","tag-nachfolge","tag-raja","tag-unternehmen","tag-vorstand"],"acf":[],"yoast_head":"<!-- This site is optimized with the Yoast SEO plugin v27.5 - https:\/\/yoast.com\/product\/yoast-seo-wordpress\/ -->\n<title>Nicolas Roland tritt dem Vorstand als Generaldirektor von Raja Office bei - Organisator<\/title>\n<meta name=\"description\" content=\"Nicolas Roland trat am 30. September 2024 als neues Vorstandsmitglied der Raja-Gruppe bei und \u00fcbernahm die Leitung des Gesch\u00e4ftsbereichs Raja Office.\" \/>\n<meta name=\"robots\" content=\"index, follow, max-snippet:-1, max-image-preview:large, max-video-preview:-1\" \/>\n<link rel=\"canonical\" href=\"https:\/\/www.organisator.ch\/fr\/marketing\/2024-11-06\/nicolas-roland-tritt-dem-vorstand-als-generaldirektor-von-raja-office-bei\/\" \/>\n<meta property=\"og:locale\" content=\"fr_FR\" \/>\n<meta property=\"og:type\" content=\"article\" \/>\n<meta property=\"og:title\" content=\"Nicolas Roland tritt dem Vorstand als Generaldirektor von Raja Office bei\" \/>\n<meta property=\"og:description\" content=\"Nicolas Roland trat am 30. September 2024 als neues Vorstandsmitglied der Raja-Gruppe bei und \u00fcbernahm die Leitung des Gesch\u00e4ftsbereichs Raja Office.\" \/>\n<meta property=\"og:url\" content=\"https:\/\/www.organisator.ch\/fr\/marketing\/2024-11-06\/nicolas-roland-tritt-dem-vorstand-als-generaldirektor-von-raja-office-bei\/\" \/>\n<meta property=\"og:site_name\" content=\"Organisator\" \/>\n<meta property=\"article:publisher\" content=\"https:\/\/www.facebook.com\/OrganisatorFachmagazin\" \/>\n<meta property=\"article:published_time\" content=\"2024-11-06T05:51:27+00:00\" \/>\n<meta property=\"og:image\" content=\"https:\/\/www.organisator.ch\/wp-content\/uploads\/2024\/11\/Nicolas_Roland_Bild1_ps.jpg\" \/>\n\t<meta property=\"og:image:width\" content=\"680\" \/>\n\t<meta property=\"og:image:height\" content=\"482\" \/>\n\t<meta property=\"og:image:type\" content=\"image\/jpeg\" \/>\n<meta name=\"author\" content=\"Dzana Muminovic\" \/>\n<meta name=\"twitter:card\" content=\"summary_large_image\" \/>\n<meta name=\"twitter:title\" content=\"Nicolas Roland tritt dem Vorstand als Generaldirektor von Raja Office bei\" \/>\n<meta name=\"twitter:description\" content=\"#Nicolas #Roland trat am 30. September 2024 als neues #Vorstandsmitglied der #Raja-Gruppe bei und \u00fcbernahm die #Leitung des #Gesch\u00e4ftsbereichs #Raja #Office.\" \/>\n<meta name=\"twitter:image\" content=\"https:\/\/www.organisator.ch\/wp-content\/uploads\/2024\/11\/Nicolas_Roland_Bild1_ps.jpg\" \/>\n<script type=\"application\/ld+json\" class=\"yoast-schema-graph\">{\"@context\":\"https:\\\/\\\/schema.org\",\"@graph\":[{\"@type\":\"Article\",\"@id\":\"https:\\\/\\\/www.organisator.ch\\\/marketing\\\/2024-11-06\\\/nicolas-roland-tritt-dem-vorstand-als-generaldirektor-von-raja-office-bei\\\/#article\",\"isPartOf\":{\"@id\":\"https:\\\/\\\/www.organisator.ch\\\/marketing\\\/2024-11-06\\\/nicolas-roland-tritt-dem-vorstand-als-generaldirektor-von-raja-office-bei\\\/\"},\"author\":{\"name\":\"Dzana Muminovic\",\"@id\":\"https:\\\/\\\/www.organisator.ch\\\/#\\\/schema\\\/person\\\/afccda3a71c06d4be2ed9100dd163db7\"},\"headline\":\"Nicolas Roland tritt dem Vorstand als Generaldirektor von Raja Office bei\",\"datePublished\":\"2024-11-06T05:51:27+00:00\",\"mainEntityOfPage\":{\"@id\":\"https:\\\/\\\/www.organisator.ch\\\/marketing\\\/2024-11-06\\\/nicolas-roland-tritt-dem-vorstand-als-generaldirektor-von-raja-office-bei\\\/\"},\"wordCount\":322,\"publisher\":{\"@id\":\"https:\\\/\\\/www.organisator.ch\\\/#organization\"},\"image\":{\"@id\":\"https:\\\/\\\/www.organisator.ch\\\/marketing\\\/2024-11-06\\\/nicolas-roland-tritt-dem-vorstand-als-generaldirektor-von-raja-office-bei\\\/#primaryimage\"},\"thumbnailUrl\":\"https:\\\/\\\/www.organisator.ch\\\/wp-content\\\/uploads\\\/2024\\\/11\\\/Nicolas_Roland_Bild1_ps.jpg\",\"keywords\":[\"B\u00fcrobedarf\",\"Nachfolge\",\"Raja\",\"Unternehmen\",\"Vorstand\"],\"articleSection\":[\"MARKETING\"],\"inLanguage\":\"fr-FR\"},{\"@type\":\"WebPage\",\"@id\":\"https:\\\/\\\/www.organisator.ch\\\/marketing\\\/2024-11-06\\\/nicolas-roland-tritt-dem-vorstand-als-generaldirektor-von-raja-office-bei\\\/\",\"url\":\"https:\\\/\\\/www.organisator.ch\\\/marketing\\\/2024-11-06\\\/nicolas-roland-tritt-dem-vorstand-als-generaldirektor-von-raja-office-bei\\\/\",\"name\":\"Nicolas Roland tritt dem Vorstand als Generaldirektor von Raja Office bei - Organisator\",\"isPartOf\":{\"@id\":\"https:\\\/\\\/www.organisator.ch\\\/#website\"},\"primaryImageOfPage\":{\"@id\":\"https:\\\/\\\/www.organisator.ch\\\/marketing\\\/2024-11-06\\\/nicolas-roland-tritt-dem-vorstand-als-generaldirektor-von-raja-office-bei\\\/#primaryimage\"},\"image\":{\"@id\":\"https:\\\/\\\/www.organisator.ch\\\/marketing\\\/2024-11-06\\\/nicolas-roland-tritt-dem-vorstand-als-generaldirektor-von-raja-office-bei\\\/#primaryimage\"},\"thumbnailUrl\":\"https:\\\/\\\/www.organisator.ch\\\/wp-content\\\/uploads\\\/2024\\\/11\\\/Nicolas_Roland_Bild1_ps.jpg\",\"datePublished\":\"2024-11-06T05:51:27+00:00\",\"description\":\"Nicolas Roland trat am 30. September 2024 als neues Vorstandsmitglied der Raja-Gruppe bei und \u00fcbernahm die Leitung des Gesch\u00e4ftsbereichs Raja Office.\",\"breadcrumb\":{\"@id\":\"https:\\\/\\\/www.organisator.ch\\\/marketing\\\/2024-11-06\\\/nicolas-roland-tritt-dem-vorstand-als-generaldirektor-von-raja-office-bei\\\/#breadcrumb\"},\"inLanguage\":\"fr-FR\",\"potentialAction\":[{\"@type\":\"ReadAction\",\"target\":[\"https:\\\/\\\/www.organisator.ch\\\/marketing\\\/2024-11-06\\\/nicolas-roland-tritt-dem-vorstand-als-generaldirektor-von-raja-office-bei\\\/\"]}]},{\"@type\":\"ImageObject\",\"inLanguage\":\"fr-FR\",\"@id\":\"https:\\\/\\\/www.organisator.ch\\\/marketing\\\/2024-11-06\\\/nicolas-roland-tritt-dem-vorstand-als-generaldirektor-von-raja-office-bei\\\/#primaryimage\",\"url\":\"https:\\\/\\\/www.organisator.ch\\\/wp-content\\\/uploads\\\/2024\\\/11\\\/Nicolas_Roland_Bild1_ps.jpg\",\"contentUrl\":\"https:\\\/\\\/www.organisator.ch\\\/wp-content\\\/uploads\\\/2024\\\/11\\\/Nicolas_Roland_Bild1_ps.jpg\",\"width\":680,\"height\":482,\"caption\":\"Nicola Roland wird im Januar 2025 die Nachfolge von Alain Josse antreten. (Bild: www.raja-group.com)\"},{\"@type\":\"BreadcrumbList\",\"@id\":\"https:\\\/\\\/www.organisator.ch\\\/marketing\\\/2024-11-06\\\/nicolas-roland-tritt-dem-vorstand-als-generaldirektor-von-raja-office-bei\\\/#breadcrumb\",\"itemListElement\":[{\"@type\":\"ListItem\",\"position\":1,\"name\":\"Home\",\"item\":\"https:\\\/\\\/www.organisator.ch\\\/\"},{\"@type\":\"ListItem\",\"position\":2,\"name\":\"Nicolas Roland tritt dem Vorstand als Generaldirektor von Raja Office bei\"}]},{\"@type\":\"WebSite\",\"@id\":\"https:\\\/\\\/www.organisator.ch\\\/#website\",\"url\":\"https:\\\/\\\/www.organisator.ch\\\/\",\"name\":\"Organisator\",\"description\":\"Kompetent. Praxisnah. Der ORGANISATOR bereitet in 10 Ausgaben pro Jahr die wesentlichen Themen f\u00fcr F\u00fchrungskr\u00e4fte von KMU auf.\",\"publisher\":{\"@id\":\"https:\\\/\\\/www.organisator.ch\\\/#organization\"},\"potentialAction\":[{\"@type\":\"SearchAction\",\"target\":{\"@type\":\"EntryPoint\",\"urlTemplate\":\"https:\\\/\\\/www.organisator.ch\\\/?s={search_term_string}\"},\"query-input\":{\"@type\":\"PropertyValueSpecification\",\"valueRequired\":true,\"valueName\":\"search_term_string\"}}],\"inLanguage\":\"fr-FR\"},{\"@type\":\"Organization\",\"@id\":\"https:\\\/\\\/www.organisator.ch\\\/#organization\",\"name\":\"Organisator\",\"url\":\"https:\\\/\\\/www.organisator.ch\\\/\",\"logo\":{\"@type\":\"ImageObject\",\"inLanguage\":\"fr-FR\",\"@id\":\"https:\\\/\\\/www.organisator.ch\\\/#\\\/schema\\\/logo\\\/image\\\/\",\"url\":\"https:\\\/\\\/www.organisator.ch\\\/wp-content\\\/uploads\\\/2022\\\/01\\\/Logo_Organisator_Website.png\",\"contentUrl\":\"https:\\\/\\\/www.organisator.ch\\\/wp-content\\\/uploads\\\/2022\\\/01\\\/Logo_Organisator_Website.png\",\"width\":800,\"height\":77,\"caption\":\"Organisator\"},\"image\":{\"@id\":\"https:\\\/\\\/www.organisator.ch\\\/#\\\/schema\\\/logo\\\/image\\\/\"},\"sameAs\":[\"https:\\\/\\\/www.facebook.com\\\/OrganisatorFachmagazin\",\"https:\\\/\\\/www.linkedin.com\\\/showcase\\\/organisator-das-magazin-fr-kmu\",\"https:\\\/\\\/www.xing.com\\\/news\\\/pages\\\/organisator-ch-695\",\"https:\\\/\\\/www.youtube.com\\\/channel\\\/UCGP2Sq0iWaZwT3BdIAQFYpw\"]},{\"@type\":\"Person\",\"@id\":\"https:\\\/\\\/www.organisator.ch\\\/#\\\/schema\\\/person\\\/afccda3a71c06d4be2ed9100dd163db7\",\"name\":\"Dzana Muminovic\",\"image\":{\"@type\":\"ImageObject\",\"inLanguage\":\"fr-FR\",\"@id\":\"https:\\\/\\\/secure.gravatar.com\\\/avatar\\\/909c5c71aff4b38e88686f2ab2f1ba152571f394f41ed8bae431ea56ced93050?s=96&d=mm&r=g\",\"url\":\"https:\\\/\\\/secure.gravatar.com\\\/avatar\\\/909c5c71aff4b38e88686f2ab2f1ba152571f394f41ed8bae431ea56ced93050?s=96&d=mm&r=g\",\"contentUrl\":\"https:\\\/\\\/secure.gravatar.com\\\/avatar\\\/909c5c71aff4b38e88686f2ab2f1ba152571f394f41ed8bae431ea56ced93050?s=96&d=mm&r=g\",\"caption\":\"Dzana Muminovic\"},\"url\":\"https:\\\/\\\/www.organisator.ch\\\/fr\\\/author\\\/dzana-muminovic\\\/\"}]}<\/script>\n<!-- \/ Yoast SEO plugin. -->","yoast_head_json":{"title":"Nicolas Roland rejoint le conseil d'administration en tant que directeur g\u00e9n\u00e9ral de Raja Office - Organisateur","description":"Nicolas Roland a rejoint le groupe Raja le 30 septembre 2024 en tant que nouveau membre du conseil d'administration et a pris la direction de la division Raja Office.","robots":{"index":"index","follow":"follow","max-snippet":"max-snippet:-1","max-image-preview":"max-image-preview:large","max-video-preview":"max-video-preview:-1"},"canonical":"https:\/\/www.organisator.ch\/fr\/marketing\/2024-11-06\/nicolas-roland-tritt-dem-vorstand-als-generaldirektor-von-raja-office-bei\/","og_locale":"fr_FR","og_type":"article","og_title":"Nicolas Roland tritt dem Vorstand als Generaldirektor von Raja Office bei","og_description":"Nicolas Roland trat am 30. September 2024 als neues Vorstandsmitglied der Raja-Gruppe bei und \u00fcbernahm die Leitung des Gesch\u00e4ftsbereichs Raja Office.","og_url":"https:\/\/www.organisator.ch\/fr\/marketing\/2024-11-06\/nicolas-roland-tritt-dem-vorstand-als-generaldirektor-von-raja-office-bei\/","og_site_name":"Organisator","article_publisher":"https:\/\/www.facebook.com\/OrganisatorFachmagazin","article_published_time":"2024-11-06T05:51:27+00:00","og_image":[{"width":680,"height":482,"url":"https:\/\/www.organisator.ch\/wp-content\/uploads\/2024\/11\/Nicolas_Roland_Bild1_ps.jpg","type":"image\/jpeg"}],"author":"Dzana Muminovic","twitter_card":"summary_large_image","twitter_title":"Nicolas Roland tritt dem Vorstand als Generaldirektor von Raja Office bei","twitter_description":"#Nicolas #Roland trat am 30. September 2024 als neues #Vorstandsmitglied der #Raja-Gruppe bei und \u00fcbernahm die #Leitung des #Gesch\u00e4ftsbereichs #Raja #Office.","twitter_image":"https:\/\/www.organisator.ch\/wp-content\/uploads\/2024\/11\/Nicolas_Roland_Bild1_ps.jpg","schema":{"@context":"https:\/\/schema.org","@graph":[{"@type":"Article","@id":"https:\/\/www.organisator.ch\/marketing\/2024-11-06\/nicolas-roland-tritt-dem-vorstand-als-generaldirektor-von-raja-office-bei\/#article","isPartOf":{"@id":"https:\/\/www.organisator.ch\/marketing\/2024-11-06\/nicolas-roland-tritt-dem-vorstand-als-generaldirektor-von-raja-office-bei\/"},"author":{"name":"Dzana Muminovic","@id":"https:\/\/www.organisator.ch\/#\/schema\/person\/afccda3a71c06d4be2ed9100dd163db7"},"headline":"Nicolas Roland tritt dem Vorstand als Generaldirektor von Raja Office bei","datePublished":"2024-11-06T05:51:27+00:00","mainEntityOfPage":{"@id":"https:\/\/www.organisator.ch\/marketing\/2024-11-06\/nicolas-roland-tritt-dem-vorstand-als-generaldirektor-von-raja-office-bei\/"},"wordCount":322,"publisher":{"@id":"https:\/\/www.organisator.ch\/#organization"},"image":{"@id":"https:\/\/www.organisator.ch\/marketing\/2024-11-06\/nicolas-roland-tritt-dem-vorstand-als-generaldirektor-von-raja-office-bei\/#primaryimage"},"thumbnailUrl":"https:\/\/www.organisator.ch\/wp-content\/uploads\/2024\/11\/Nicolas_Roland_Bild1_ps.jpg","keywords":["B\u00fcrobedarf","Nachfolge","Raja","Unternehmen","Vorstand"],"articleSection":["MARKETING"],"inLanguage":"fr-FR"},{"@type":"WebPage","@id":"https:\/\/www.organisator.ch\/marketing\/2024-11-06\/nicolas-roland-tritt-dem-vorstand-als-generaldirektor-von-raja-office-bei\/","url":"https:\/\/www.organisator.ch\/marketing\/2024-11-06\/nicolas-roland-tritt-dem-vorstand-als-generaldirektor-von-raja-office-bei\/","name":"Nicolas Roland rejoint le conseil d'administration en tant que directeur g\u00e9n\u00e9ral de Raja Office - Organisateur","isPartOf":{"@id":"https:\/\/www.organisator.ch\/#website"},"primaryImageOfPage":{"@id":"https:\/\/www.organisator.ch\/marketing\/2024-11-06\/nicolas-roland-tritt-dem-vorstand-als-generaldirektor-von-raja-office-bei\/#primaryimage"},"image":{"@id":"https:\/\/www.organisator.ch\/marketing\/2024-11-06\/nicolas-roland-tritt-dem-vorstand-als-generaldirektor-von-raja-office-bei\/#primaryimage"},"thumbnailUrl":"https:\/\/www.organisator.ch\/wp-content\/uploads\/2024\/11\/Nicolas_Roland_Bild1_ps.jpg","datePublished":"2024-11-06T05:51:27+00:00","description":"Nicolas Roland a rejoint le groupe Raja le 30 septembre 2024 en tant que nouveau membre du conseil d'administration et a pris la direction de la division Raja Office.","breadcrumb":{"@id":"https:\/\/www.organisator.ch\/marketing\/2024-11-06\/nicolas-roland-tritt-dem-vorstand-als-generaldirektor-von-raja-office-bei\/#breadcrumb"},"inLanguage":"fr-FR","potentialAction":[{"@type":"ReadAction","target":["https:\/\/www.organisator.ch\/marketing\/2024-11-06\/nicolas-roland-tritt-dem-vorstand-als-generaldirektor-von-raja-office-bei\/"]}]},{"@type":"ImageObject","inLanguage":"fr-FR","@id":"https:\/\/www.organisator.ch\/marketing\/2024-11-06\/nicolas-roland-tritt-dem-vorstand-als-generaldirektor-von-raja-office-bei\/#primaryimage","url":"https:\/\/www.organisator.ch\/wp-content\/uploads\/2024\/11\/Nicolas_Roland_Bild1_ps.jpg","contentUrl":"https:\/\/www.organisator.ch\/wp-content\/uploads\/2024\/11\/Nicolas_Roland_Bild1_ps.jpg","width":680,"height":482,"caption":"Nicola Roland wird im Januar 2025 die Nachfolge von Alain Josse antreten. (Bild: www.raja-group.com)"},{"@type":"BreadcrumbList","@id":"https:\/\/www.organisator.ch\/marketing\/2024-11-06\/nicolas-roland-tritt-dem-vorstand-als-generaldirektor-von-raja-office-bei\/#breadcrumb","itemListElement":[{"@type":"ListItem","position":1,"name":"Home","item":"https:\/\/www.organisator.ch\/"},{"@type":"ListItem","position":2,"name":"Nicolas Roland tritt dem Vorstand als Generaldirektor von Raja Office bei"}]},{"@type":"WebSite","@id":"https:\/\/www.organisator.ch\/#website","url":"https:\/\/www.organisator.ch\/","name":"Organisateur","description":"Comp\u00e9tence et comp\u00e9tence. Proches de la pratique. L'ORGANISATEUR pr\u00e9pare 10 num\u00e9ros par an sur les th\u00e8mes essentiels pour les dirigeants de PME.","publisher":{"@id":"https:\/\/www.organisator.ch\/#organization"},"potentialAction":[{"@type":"SearchAction","target":{"@type":"EntryPoint","urlTemplate":"https:\/\/www.organisator.ch\/?s={search_term_string}"},"query-input":{"@type":"PropertyValueSpecification","valueRequired":true,"valueName":"search_term_string"}}],"inLanguage":"fr-FR"},{"@type":"Organization","@id":"https:\/\/www.organisator.ch\/#organization","name":"Organisateur","url":"https:\/\/www.organisator.ch\/","logo":{"@type":"ImageObject","inLanguage":"fr-FR","@id":"https:\/\/www.organisator.ch\/#\/schema\/logo\/image\/","url":"https:\/\/www.organisator.ch\/wp-content\/uploads\/2022\/01\/Logo_Organisator_Website.png","contentUrl":"https:\/\/www.organisator.ch\/wp-content\/uploads\/2022\/01\/Logo_Organisator_Website.png","width":800,"height":77,"caption":"Organisator"},"image":{"@id":"https:\/\/www.organisator.ch\/#\/schema\/logo\/image\/"},"sameAs":["https:\/\/www.facebook.com\/OrganisatorFachmagazin","https:\/\/www.linkedin.com\/showcase\/organisator-das-magazin-fr-kmu","https:\/\/www.xing.com\/news\/pages\/organisator-ch-695","https:\/\/www.youtube.com\/channel\/UCGP2Sq0iWaZwT3BdIAQFYpw"]},{"@type":"Person","@id":"https:\/\/www.organisator.ch\/#\/schema\/person\/afccda3a71c06d4be2ed9100dd163db7","name":"Dzana Muminovic","image":{"@type":"ImageObject","inLanguage":"fr-FR","@id":"https:\/\/secure.gravatar.com\/avatar\/909c5c71aff4b38e88686f2ab2f1ba152571f394f41ed8bae431ea56ced93050?s=96&d=mm&r=g","url":"https:\/\/secure.gravatar.com\/avatar\/909c5c71aff4b38e88686f2ab2f1ba152571f394f41ed8bae431ea56ced93050?s=96&d=mm&r=g","contentUrl":"https:\/\/secure.gravatar.com\/avatar\/909c5c71aff4b38e88686f2ab2f1ba152571f394f41ed8bae431ea56ced93050?s=96&d=mm&r=g","caption":"Dzana Muminovic"},"url":"https:\/\/www.organisator.ch\/fr\/author\/dzana-muminovic\/"}]}},"_links":{"self":[{"href":"https:\/\/www.organisator.ch\/fr\/wp-json\/wp\/v2\/posts\/31523","targetHints":{"allow":["GET"]}}],"collection":[{"href":"https:\/\/www.organisator.ch\/fr\/wp-json\/wp\/v2\/posts"}],"about":[{"href":"https:\/\/www.organisator.ch\/fr\/wp-json\/wp\/v2\/types\/post"}],"author":[{"embeddable":true,"href":"https:\/\/www.organisator.ch\/fr\/wp-json\/wp\/v2\/users\/80"}],"replies":[{"embeddable":true,"href":"https:\/\/www.organisator.ch\/fr\/wp-json\/wp\/v2\/comments?post=31523"}],"version-history":[{"count":2,"href":"https:\/\/www.organisator.ch\/fr\/wp-json\/wp\/v2\/posts\/31523\/revisions"}],"predecessor-version":[{"id":31545,"href":"https:\/\/www.organisator.ch\/fr\/wp-json\/wp\/v2\/posts\/31523\/revisions\/31545"}],"wp:featuredmedia":[{"embeddable":true,"href":"https:\/\/www.organisator.ch\/fr\/wp-json\/wp\/v2\/media\/31524"}],"wp:attachment":[{"href":"https:\/\/www.organisator.ch\/fr\/wp-json\/wp\/v2\/media?parent=31523"}],"wp:term":[{"taxonomy":"category","embeddable":true,"href":"https:\/\/www.organisator.ch\/fr\/wp-json\/wp\/v2\/categories?post=31523"},{"taxonomy":"post_tag","embeddable":true,"href":"https:\/\/www.organisator.ch\/fr\/wp-json\/wp\/v2\/tags?post=31523"}],"curies":[{"name":"wp","href":"https:\/\/api.w.org\/{rel}","templated":true}]}}