{"id":31529,"date":"2024-11-06T09:53:49","date_gmt":"2024-11-06T08:53:49","guid":{"rendered":"https:\/\/www.organisator.ch\/?p=31529"},"modified":"2026-01-29T11:33:24","modified_gmt":"2026-01-29T10:33:24","slug":"die-froehlich-info-ag-ist-preistraegerin-des-phoenix-award-2024-in-der-kategorie-kmu-bis-50-mitarbeitende","status":"publish","type":"post","link":"https:\/\/www.organisator.ch\/fr\/management\/2024-11-06\/die-froehlich-info-ag-ist-preistraegerin-des-phoenix-award-2024-in-der-kategorie-kmu-bis-50-mitarbeitende\/","title":{"rendered":"Fr\u00f6hlich Info AG est laur\u00e9ate du Phoenix Award 2024 dans la cat\u00e9gorie \"PME jusqu'\u00e0 50 collaborateurs\"."},"content":{"rendered":"<figure id=\"attachment_31530\" aria-describedby=\"caption-attachment-31530\" style=\"width: 680px\" class=\"wp-caption alignnone\"><img loading=\"lazy\" decoding=\"async\" class=\"wp-image-31530 size-full\" src=\"https:\/\/www.organisator.ch\/wp-content\/uploads\/2024\/11\/Phoenix-Award_Bild1_ps.jpg\" alt=\"\" width=\"680\" height=\"510\" srcset=\"https:\/\/www.organisator.ch\/wp-content\/uploads\/2024\/11\/Phoenix-Award_Bild1_ps.jpg 680w, https:\/\/www.organisator.ch\/wp-content\/uploads\/2024\/11\/Phoenix-Award_Bild1_ps-16x12.jpg 16w, https:\/\/www.organisator.ch\/wp-content\/uploads\/2024\/11\/Phoenix-Award_Bild1_ps-375x281.jpg 375w, https:\/\/www.organisator.ch\/wp-content\/uploads\/2024\/11\/Phoenix-Award_Bild1_ps-467x350.jpg 467w\" sizes=\"auto, (max-width: 680px) 100vw, 680px\" \/><figcaption id=\"caption-attachment-31530\" class=\"wp-caption-text\">De gauche \u00e0 droite : Sascha Ullmann, pr\u00e9sident de la commune de Zollikon, Heinz Eberle-Fr\u00f6hlich, conseil d'administration de Fr\u00f6hlich Info, Rafaela Devonas-Eberle, direction de Fr\u00f6hlich Info, Claudia Eberle-Fr\u00f6hlich, administratrice de Fr\u00f6hlich Info, Flurin Devonas, direction de Fr\u00f6hlich Info, Hans J\u00fcrg Domenig, pr\u00e9sident de l'Association fa\u00eeti\u00e8re suisse pour la succession d'entreprise - CHDU, laudatrice et membre du jury du Phoenix Awward Anja Jenner, entrepreneuse familiale, Samuel M\u00f6sle, co-directeur de la promotion \u00e9conomique du canton de Zurich. (Photo : CHDU)<\/figcaption><\/figure>\n<p>Le Phoenix Award est d\u00e9cern\u00e9 chaque ann\u00e9e depuis 2020. Il rend hommage aux PME suisses qui ma\u00eetrisent le r\u00e8glement de leur succession depuis au moins un si\u00e8cle. Les entreprises qui existent depuis si longtemps ont d\u00e9j\u00e0 d\u00fb surmonter plusieurs crises, comme les guerres mondiales et les crises \u00e9conomiques, et rena\u00eetre de leurs cendres, tel le \"Phoenix\". En tant que laur\u00e9ats potentiels, les PME suisses qui f\u00eatent leur 100e anniversaire ou qui sont inscrites au registre du commerce suisse depuis 100 ans au cours de l'ann\u00e9e concern\u00e9e sont donc en ligne de mire.<\/p>\n<h3>Une PME du canton de Zurich r\u00e9compens\u00e9e pour la premi\u00e8re fois<\/h3>\n<p>Deux g\u00e9n\u00e9rations de l'entreprise familiale ont re\u00e7u personnellement cette distinction avec une grande joie : Rafaela Devonas-Eberle et Flurin Devonas (4e g\u00e9n\u00e9ration), direction, ainsi que Claudia et Heinz Eberle-Fr\u00f6hlich (3e g\u00e9n\u00e9ration), conseil d'administration. Une \u00e9tape brillante dans l'ann\u00e9e du centenaire de l'entreprise de Zollikon.<\/p>\n<figure id=\"attachment_31534\" aria-describedby=\"caption-attachment-31534\" style=\"width: 680px\" class=\"wp-caption alignnone\"><img loading=\"lazy\" decoding=\"async\" class=\"size-full wp-image-31534\" src=\"https:\/\/www.organisator.ch\/wp-content\/uploads\/2024\/11\/Phoenix-Award_Bild2_ps.jpg\" alt=\"\" width=\"680\" height=\"453\" srcset=\"https:\/\/www.organisator.ch\/wp-content\/uploads\/2024\/11\/Phoenix-Award_Bild2_ps.jpg 680w, https:\/\/www.organisator.ch\/wp-content\/uploads\/2024\/11\/Phoenix-Award_Bild2_ps-18x12.jpg 18w, https:\/\/www.organisator.ch\/wp-content\/uploads\/2024\/11\/Phoenix-Award_Bild2_ps-375x250.jpg 375w, https:\/\/www.organisator.ch\/wp-content\/uploads\/2024\/11\/Phoenix-Award_Bild2_ps-525x350.jpg 525w\" sizes=\"auto, (max-width: 680px) 100vw, 680px\" \/><figcaption id=\"caption-attachment-31534\" class=\"wp-caption-text\">Rafaela et Flurin Devonas-Eberle, couple de jeunes entrepreneurs et quatri\u00e8me g\u00e9n\u00e9ration, sont pr\u00eats \u00e0 relever les nouveaux d\u00e9fis du secteur des m\u00e9dias. (Image : CHDU)<\/figcaption><\/figure>\n<p>Le certificat de laur\u00e9at a \u00e9t\u00e9 remis <a href=\"https:\/\/www.organisator.ch\/de\/management\/2024-09-27\/hans-juerg-domenig-wird-neuer-praesident-des-chdu\/\">Hans J\u00fcrg Domenig, pr\u00e9sident du CHDU<\/a>avec la laudatrice Anja Jenner, membre du jury du Phoenix Award et entrepreneuse familiale. Dans son \u00e9loge, elle a notamment rendu hommage \u00e0 l'entreprise en ces termes : \"Le fait de continuer \u00e0 exister de mani\u00e8re aussi unique - avec une confiance en soi tr\u00e8s saine, un courage incroyable et un engagement in\u00e9branlable - dans une branche repouss\u00e9e par la num\u00e9risation, m\u00e9rite tout mon respect. Ceci, combin\u00e9 \u00e0 une succession initi\u00e9e suffisamment t\u00f4t de g\u00e9n\u00e9ration en g\u00e9n\u00e9ration, qui a d\u00e9j\u00e0 conduit \u00e0 une transmission r\u00e9ussie \u00e0 la quatri\u00e8me g\u00e9n\u00e9ration, est aussi remarquable que digne d'\u00eatre imit\u00e9e\".<\/p>\n<p>Samuel M\u00f6sle, co-directeur de la promotion \u00e9conomique du canton de Zurich, a \u00e9galement transmis ses f\u00e9licitations personnelles : \"Je suis tr\u00e8s heureux que cette ann\u00e9e, avec Fr\u00f6hlich Info AG, ce soit la premi\u00e8re fois qu'une PME du canton de Zurich soit r\u00e9compens\u00e9e par le Phoenix Award. C'est une performance incroyable que de maintenir une entreprise en activit\u00e9 pendant 100 ans et de relever avec succ\u00e8s des d\u00e9fis allant du r\u00e8glement de la succession \u00e0 l'\u00e9volution permanente du march\u00e9 et du monde du travail. Dans le canton de Zurich, une vingtaine d'entreprises y parviennent chaque ann\u00e9e. Fr\u00f6hlich Info AG en fait partie et nous, la direction de l'\u00e9conomie publique zurichoise, sommes tr\u00e8s heureux que de telles entreprises existent. Avec le Phoenix Award du CHDU, de telles entreprises b\u00e9n\u00e9ficient d'une vitrine et peuvent \u00eatre un phare et une source d'inspiration pour d'autres entreprises. Nous nous en f\u00e9licitons vivement\".<\/p>\n<p>Sascha Ullmann, pr\u00e9sident de la commune de Zollikon, a \u00e9galement f\u00e9licit\u00e9 personnellement les laur\u00e9ats au si\u00e8ge de leur entreprise. Il s'est r\u00e9joui qu'une entreprise familiale \u00e9tablie de longue date ait pu une fois de plus r\u00e9gler avec succ\u00e8s sa succession, \"pour que le pass\u00e9 ait aussi un avenir\", comme il l'a exprim\u00e9.<\/p>\n<h3><strong>Fr\u00f6hlich Info : une entreprise qui a de l'attitude<\/strong><\/h3>\n<p>\"Bienvenue dans un voyage \u00e0 travers 100 ans de passion, d'innovation et de coh\u00e9sion familiale !\", telle est la premi\u00e8re phrase accueillante de la chronique que les membres de la famille Fr\u00f6hlich Info AG ont r\u00e9dig\u00e9e \u00e0 l'occasion de leur anniversaire. Il s'agit d'un voyage passionnant, marqu\u00e9 par de fortes personnalit\u00e9s f\u00e9minines, qui dirigent encore aujourd'hui, en quatri\u00e8me g\u00e9n\u00e9ration, l'entreprise - toujours en collaboration avec leur mari.<\/p>\n<p>C'est Hedwig Baumann-Zolliker, issue d'une famille d'entrepreneurs et de cordiers, qui ouvre le bal. Avec son mari Albert Baumann, elle fonde en 1924 \"Albert Baumann-Zolliker, Seilerwaren, Lederwaren und Papeterie\", dont le si\u00e8ge se trouve \u00e0 la Fr\u00f6hlichstrasse 178 \u00e0 Zurich. Tr\u00e8s t\u00f4t, il appara\u00eet que la publicit\u00e9 et les imprim\u00e9s b\u00e9n\u00e9ficient d'une demande croissante de la part des clients. Suivant le march\u00e9 et la demande, la jeune entreprise \u00e0 l'esprit pionnier oriente son offre en cons\u00e9quence, d\u00e9veloppe par exemple de nouvelles impulsions pour l'\u00e9quipement commercial et s'engage courageusement sur la voie de la croissance. Cette strat\u00e9gie est le fil conducteur de l'histoire de l'entreprise jusqu'\u00e0 aujourd'hui. Cela vaut \u00e9galement pour l'implication pr\u00e9coce de la g\u00e9n\u00e9ration suivante dans l'entreprise parentale, ce qui implique \u00e9galement de clarifier la succession \u00e0 un stade pr\u00e9coce.<\/p>\n<p>Mais il y a bien d'autres choses qui font de cette SA familiale une pionni\u00e8re dans le secteur. Il s'agit notamment de l'introduction d'une propre caisse de pension pour les collaborateurs et, plus tard, de l'utilisation pr\u00e9coce de la num\u00e9risation pour la cr\u00e9ation de nouvelles offres comme les publications rapides. Le saut dans l'\u00e8re technologique est une r\u00e9ussite et apporte \u00e0 l'entreprise une croissance saine. Au-dessus du succ\u00e8s, il y a cependant toujours et jusqu'\u00e0 aujourd'hui l'utilisation soigneuse des ressources naturelles et de l'environnement, l'\u00e9galit\u00e9 entre hommes et femmes, la formation pour les collaborateurs, en particulier pour les apprentis. En d'autres termes, Fr\u00f6hlich Info AG est une entreprise qui a de l'attitude.<\/p>\n<h3><strong>Le courage, le changement de perspective et l'esprit de pionnier enthousiasment le jury<\/strong><\/h3>\n<p>Un principe qui, combin\u00e9 au succ\u00e8s \u00e0 long terme, a convaincu le jury et le comit\u00e9 consultatif du Phoenix Award. Ils r\u00e9sument la valeur du prix de l'entreprise entre autres par ces points :<\/p>\n<ul>\n<li>Succession coh\u00e9rente et tourn\u00e9e vers l'avenir en tant qu'entreprise familiale de quatri\u00e8me g\u00e9n\u00e9ration et avec plusieurs membres de la famille travaillant dans l'entreprise<\/li>\n<li>D\u00e9veloppement pr\u00e9coce du mod\u00e8le commercial de l'imprimerie par une offre \u00e9largie avec l'informatique, l'information et l'infodivertissement<\/li>\n<li>Un engagement important et de longue date en faveur du d\u00e9veloppement durable : un engagement global dans le domaine \u00e9cologique et social, qui a d\u00e9j\u00e0 \u00e9t\u00e9 r\u00e9compens\u00e9 \u00e0 plusieurs reprises.<\/li>\n<li>Un projet culturel \u00e0 part enti\u00e8re : au c\u0153ur de Fr\u00f6hlich<\/li>\n<li>Du courage entrepreneurial \u00e0 une \u00e9poque o\u00f9 les maisons d'\u00e9dition menacent de \"s'\u00e9teindre\" : reprise du Zolliker Bote de TA-Media &gt;&gt; Maintien d'un journal local et extension quatre ans plus tard \u00e0 Zumikon - Zolliker Zumiker Bote<\/li>\n<li>Un fort potentiel d'innovation et un engagement pour la pr\u00e9servation du secteur de l'impression<\/li>\n<\/ul>\n<p>\"Quelle joie ! Nous sommes honor\u00e9s de recevoir le Phoenix Award de cette ann\u00e9e. C'est une belle reconnaissance et une motivation pour continuer \u00e0 suivre notre strat\u00e9gie et \u00e0 avoir toujours le courage de sortir des sentiers battus. Bien s\u00fbr, cela n'est possible qu'avec une \u00e9quipe forte, c'est pourquoi ce prix est une marque d'estime pour nous tous chez Fr\u00f6hlich Info\", r\u00e9sume Rafaela Devonas-Eberle dans le cadre de ses remerciements, au nom de la troisi\u00e8me et de la quatri\u00e8me g\u00e9n\u00e9ration.<\/p>\n<p><em>Source : <a href=\"http:\/\/www.chdu.ch\">www.chdu.ch<\/a><\/em><\/p>\n<p><em>Mise \u00e0 jour : <a href=\"https:\/\/www.organisator.ch\/de\/management\/2025-12-10\/zwei-auszeichnungen-fuer-langfristiges-schweizer-unternehmertum\/\">Cliquez ici pour voir les laur\u00e9ats 2025<\/a><\/em><\/p>","protected":false},"excerpt":{"rendered":"<p>Lorsqu'une PME parvient \u00e0 s'imposer dans le secteur de l'imprimerie et de l'\u00e9dition, en recul depuis des ann\u00e9es, et \u00e0 \u00e9crire 100 ans d'histoire \u00e0 succ\u00e8s, cela m\u00e9rite une reconnaissance particuli\u00e8re. C'est ce qu'a re\u00e7u Fr\u00f6hlich Info AG le 5 novembre en recevant le Phoenix Award 2024 - la distinction pour l'entrepreneuriat suisse \u00e0 long terme de l'Association fa\u00eeti\u00e8re suisse pour la succession d'entreprises - CHDU.<\/p>","protected":false},"author":80,"featured_media":31530,"comment_status":"closed","ping_status":"closed","sticky":false,"template":"","format":"standard","meta":{"_acf_changed":false,"_yoast_wpseo_focuskw":"Fr\u00f6hlich Info","_yoast_wpseo_metadesc":"Zwei Generationen des Familienunternehmens Fr\u00f6hlich Info AG in Zollikon nahmen den Phoenix Award 2024 f\u00fcr langfristiges Schweizer Unternehmertum am 5.11.2024 entgegen.","articlekey":"","footnotes":""},"categories":[28],"tags":[3786,301,4712,1946,424],"class_list":["post-31529","post","type-post","status-publish","format-standard","has-post-thumbnail","hentry","category-management","tag-druckbranche","tag-kmu","tag-phoenix-award","tag-preisverleihung","tag-schweiz"],"acf":[],"yoast_head":"<!-- This site is optimized with the Yoast SEO plugin v27.4 - https:\/\/yoast.com\/product\/yoast-seo-wordpress\/ -->\n<title>Die Fr\u00f6hlich Info AG ist Preistr\u00e4gerin des Phoenix Award 2024 in der Kategorie \u00abKMU bis 50 Mitarbeitende\u00bb - Organisator<\/title>\n<meta name=\"description\" content=\"Zwei Generationen des Familienunternehmens Fr\u00f6hlich Info AG in Zollikon nahmen den Phoenix Award 2024 f\u00fcr langfristiges Schweizer Unternehmertum am 5.11.2024 entgegen.\" \/>\n<meta name=\"robots\" content=\"index, follow, max-snippet:-1, max-image-preview:large, max-video-preview:-1\" \/>\n<link rel=\"canonical\" href=\"https:\/\/www.organisator.ch\/fr\/gestion-2\/2024-11-06\/die-froehlich-info-ag-ist-preistraegerin-des-phoenix-award-2024-in-der-kategorie-kmu-bis-50-mitarbeitende\/\" \/>\n<meta property=\"og:locale\" content=\"fr_FR\" \/>\n<meta property=\"og:type\" content=\"article\" \/>\n<meta property=\"og:title\" content=\"Die Fr\u00f6hlich Info AG ist Preistr\u00e4gerin des Phoenix Award 2024 in der Kategorie \u00abKMU bis 50 Mitarbeitende\u00bb\" \/>\n<meta property=\"og:description\" content=\"Zwei Generationen des Familienunternehmens Fr\u00f6hlich Info AG in Zollikon nahmen den Phoenix Award 2024 f\u00fcr langfristiges Schweizer Unternehmertum am 5.11.2024 entgegen.\" \/>\n<meta property=\"og:url\" content=\"https:\/\/www.organisator.ch\/fr\/gestion-2\/2024-11-06\/die-froehlich-info-ag-ist-preistraegerin-des-phoenix-award-2024-in-der-kategorie-kmu-bis-50-mitarbeitende\/\" \/>\n<meta property=\"og:site_name\" content=\"Organisator\" \/>\n<meta property=\"article:publisher\" content=\"https:\/\/www.facebook.com\/OrganisatorFachmagazin\" \/>\n<meta property=\"article:published_time\" content=\"2024-11-06T08:53:49+00:00\" \/>\n<meta property=\"article:modified_time\" content=\"2026-01-29T10:33:24+00:00\" \/>\n<meta property=\"og:image\" content=\"https:\/\/www.organisator.ch\/wp-content\/uploads\/2024\/11\/Phoenix-Award_Bild1_ps.jpg\" \/>\n\t<meta property=\"og:image:width\" content=\"680\" \/>\n\t<meta property=\"og:image:height\" content=\"510\" \/>\n\t<meta property=\"og:image:type\" content=\"image\/jpeg\" \/>\n<meta name=\"author\" content=\"Dzana Muminovic\" \/>\n<meta name=\"twitter:card\" content=\"summary_large_image\" \/>\n<meta name=\"twitter:title\" content=\"Die Fr\u00f6hlich Info AG ist Preistr\u00e4gerin des Phoenix Award 2024 in der Kategorie \u00abKMU bis 50 Mitarbeitende\u00bb\" \/>\n<meta name=\"twitter:description\" content=\"Zwei Generationen des #Familienunternehmens #Fr\u00f6hlich #Info AG in #Zollikon nahmen den #Phoenix #Award 2024 f\u00fcr langfristiges #Schweizer #Unternehmertum am 5.11.2024 entgegen.\" \/>\n<meta name=\"twitter:image\" content=\"https:\/\/www.organisator.ch\/wp-content\/uploads\/2024\/11\/Phoenix-Award_Bild1_ps.jpg\" \/>\n<script type=\"application\/ld+json\" class=\"yoast-schema-graph\">{\"@context\":\"https:\\\/\\\/schema.org\",\"@graph\":[{\"@type\":\"Article\",\"@id\":\"https:\\\/\\\/www.organisator.ch\\\/management\\\/2024-11-06\\\/die-froehlich-info-ag-ist-preistraegerin-des-phoenix-award-2024-in-der-kategorie-kmu-bis-50-mitarbeitende\\\/#article\",\"isPartOf\":{\"@id\":\"https:\\\/\\\/www.organisator.ch\\\/management\\\/2024-11-06\\\/die-froehlich-info-ag-ist-preistraegerin-des-phoenix-award-2024-in-der-kategorie-kmu-bis-50-mitarbeitende\\\/\"},\"author\":{\"name\":\"Dzana Muminovic\",\"@id\":\"https:\\\/\\\/www.organisator.ch\\\/#\\\/schema\\\/person\\\/afccda3a71c06d4be2ed9100dd163db7\"},\"headline\":\"Die Fr\u00f6hlich Info AG ist Preistr\u00e4gerin des Phoenix Award 2024 in der Kategorie \u00abKMU bis 50 Mitarbeitende\u00bb\",\"datePublished\":\"2024-11-06T08:53:49+00:00\",\"dateModified\":\"2026-01-29T10:33:24+00:00\",\"mainEntityOfPage\":{\"@id\":\"https:\\\/\\\/www.organisator.ch\\\/management\\\/2024-11-06\\\/die-froehlich-info-ag-ist-preistraegerin-des-phoenix-award-2024-in-der-kategorie-kmu-bis-50-mitarbeitende\\\/\"},\"wordCount\":1070,\"publisher\":{\"@id\":\"https:\\\/\\\/www.organisator.ch\\\/#organization\"},\"image\":{\"@id\":\"https:\\\/\\\/www.organisator.ch\\\/management\\\/2024-11-06\\\/die-froehlich-info-ag-ist-preistraegerin-des-phoenix-award-2024-in-der-kategorie-kmu-bis-50-mitarbeitende\\\/#primaryimage\"},\"thumbnailUrl\":\"https:\\\/\\\/www.organisator.ch\\\/wp-content\\\/uploads\\\/2024\\\/11\\\/Phoenix-Award_Bild1_ps.jpg\",\"keywords\":[\"Druckbranche\",\"KMU\",\"Phoenix Award\",\"Preisverleihung\",\"Schweiz\"],\"articleSection\":[\"MANAGEMENT\"],\"inLanguage\":\"fr-FR\"},{\"@type\":\"WebPage\",\"@id\":\"https:\\\/\\\/www.organisator.ch\\\/management\\\/2024-11-06\\\/die-froehlich-info-ag-ist-preistraegerin-des-phoenix-award-2024-in-der-kategorie-kmu-bis-50-mitarbeitende\\\/\",\"url\":\"https:\\\/\\\/www.organisator.ch\\\/management\\\/2024-11-06\\\/die-froehlich-info-ag-ist-preistraegerin-des-phoenix-award-2024-in-der-kategorie-kmu-bis-50-mitarbeitende\\\/\",\"name\":\"Die Fr\u00f6hlich Info AG ist Preistr\u00e4gerin des Phoenix Award 2024 in der Kategorie \u00abKMU bis 50 Mitarbeitende\u00bb - Organisator\",\"isPartOf\":{\"@id\":\"https:\\\/\\\/www.organisator.ch\\\/#website\"},\"primaryImageOfPage\":{\"@id\":\"https:\\\/\\\/www.organisator.ch\\\/management\\\/2024-11-06\\\/die-froehlich-info-ag-ist-preistraegerin-des-phoenix-award-2024-in-der-kategorie-kmu-bis-50-mitarbeitende\\\/#primaryimage\"},\"image\":{\"@id\":\"https:\\\/\\\/www.organisator.ch\\\/management\\\/2024-11-06\\\/die-froehlich-info-ag-ist-preistraegerin-des-phoenix-award-2024-in-der-kategorie-kmu-bis-50-mitarbeitende\\\/#primaryimage\"},\"thumbnailUrl\":\"https:\\\/\\\/www.organisator.ch\\\/wp-content\\\/uploads\\\/2024\\\/11\\\/Phoenix-Award_Bild1_ps.jpg\",\"datePublished\":\"2024-11-06T08:53:49+00:00\",\"dateModified\":\"2026-01-29T10:33:24+00:00\",\"description\":\"Zwei Generationen des Familienunternehmens Fr\u00f6hlich Info AG in Zollikon nahmen den Phoenix Award 2024 f\u00fcr langfristiges Schweizer Unternehmertum am 5.11.2024 entgegen.\",\"breadcrumb\":{\"@id\":\"https:\\\/\\\/www.organisator.ch\\\/management\\\/2024-11-06\\\/die-froehlich-info-ag-ist-preistraegerin-des-phoenix-award-2024-in-der-kategorie-kmu-bis-50-mitarbeitende\\\/#breadcrumb\"},\"inLanguage\":\"fr-FR\",\"potentialAction\":[{\"@type\":\"ReadAction\",\"target\":[\"https:\\\/\\\/www.organisator.ch\\\/management\\\/2024-11-06\\\/die-froehlich-info-ag-ist-preistraegerin-des-phoenix-award-2024-in-der-kategorie-kmu-bis-50-mitarbeitende\\\/\"]}]},{\"@type\":\"ImageObject\",\"inLanguage\":\"fr-FR\",\"@id\":\"https:\\\/\\\/www.organisator.ch\\\/management\\\/2024-11-06\\\/die-froehlich-info-ag-ist-preistraegerin-des-phoenix-award-2024-in-der-kategorie-kmu-bis-50-mitarbeitende\\\/#primaryimage\",\"url\":\"https:\\\/\\\/www.organisator.ch\\\/wp-content\\\/uploads\\\/2024\\\/11\\\/Phoenix-Award_Bild1_ps.jpg\",\"contentUrl\":\"https:\\\/\\\/www.organisator.ch\\\/wp-content\\\/uploads\\\/2024\\\/11\\\/Phoenix-Award_Bild1_ps.jpg\",\"width\":680,\"height\":510,\"caption\":\"Von links: Sascha Ullmann, Gemeindepr\u00e4sident der Gemeinde Zollikon, Heinz Eberle-Fr\u00f6hlich, Verwaltungsrat Fr\u00f6hlich Info, Rafaela Devonas-Eberle, Gesch\u00e4ftsf\u00fchrung Fr\u00f6hlich Info, Claudia Eberle-Fr\u00f6hlich, Verwaltungsrat Fr\u00f6hlich Info, Flurin Devonas, Gesch\u00e4ftsleitung Fr\u00f6hlich Info, Hans J\u00fcrg Domenig, Pr\u00e4sident Schweizer Dachverband f\u00fcr Unternehmensnachfolge \u2013 CHDU, Laudatorin und Mitglied der Phoenix Awward Jury Anja Jenner, Familienunternehmerin, Samuel M\u00f6sle, Co-Leiter Standortf\u00f6rderung des Kantons Z\u00fcrich. (Bild: Schweizer Dachverband f\u00fcr Unternehmensnachfolge \u2013 CHDU)\"},{\"@type\":\"BreadcrumbList\",\"@id\":\"https:\\\/\\\/www.organisator.ch\\\/management\\\/2024-11-06\\\/die-froehlich-info-ag-ist-preistraegerin-des-phoenix-award-2024-in-der-kategorie-kmu-bis-50-mitarbeitende\\\/#breadcrumb\",\"itemListElement\":[{\"@type\":\"ListItem\",\"position\":1,\"name\":\"Home\",\"item\":\"https:\\\/\\\/www.organisator.ch\\\/\"},{\"@type\":\"ListItem\",\"position\":2,\"name\":\"Die Fr\u00f6hlich Info AG ist Preistr\u00e4gerin des Phoenix Award 2024 in der Kategorie \u00abKMU bis 50 Mitarbeitende\u00bb\"}]},{\"@type\":\"WebSite\",\"@id\":\"https:\\\/\\\/www.organisator.ch\\\/#website\",\"url\":\"https:\\\/\\\/www.organisator.ch\\\/\",\"name\":\"Organisator\",\"description\":\"Kompetent. Praxisnah. Der ORGANISATOR bereitet in 10 Ausgaben pro Jahr die wesentlichen Themen f\u00fcr F\u00fchrungskr\u00e4fte von KMU auf.\",\"publisher\":{\"@id\":\"https:\\\/\\\/www.organisator.ch\\\/#organization\"},\"potentialAction\":[{\"@type\":\"SearchAction\",\"target\":{\"@type\":\"EntryPoint\",\"urlTemplate\":\"https:\\\/\\\/www.organisator.ch\\\/?s={search_term_string}\"},\"query-input\":{\"@type\":\"PropertyValueSpecification\",\"valueRequired\":true,\"valueName\":\"search_term_string\"}}],\"inLanguage\":\"fr-FR\"},{\"@type\":\"Organization\",\"@id\":\"https:\\\/\\\/www.organisator.ch\\\/#organization\",\"name\":\"Organisator\",\"url\":\"https:\\\/\\\/www.organisator.ch\\\/\",\"logo\":{\"@type\":\"ImageObject\",\"inLanguage\":\"fr-FR\",\"@id\":\"https:\\\/\\\/www.organisator.ch\\\/#\\\/schema\\\/logo\\\/image\\\/\",\"url\":\"https:\\\/\\\/www.organisator.ch\\\/wp-content\\\/uploads\\\/2022\\\/01\\\/Logo_Organisator_Website.png\",\"contentUrl\":\"https:\\\/\\\/www.organisator.ch\\\/wp-content\\\/uploads\\\/2022\\\/01\\\/Logo_Organisator_Website.png\",\"width\":800,\"height\":77,\"caption\":\"Organisator\"},\"image\":{\"@id\":\"https:\\\/\\\/www.organisator.ch\\\/#\\\/schema\\\/logo\\\/image\\\/\"},\"sameAs\":[\"https:\\\/\\\/www.facebook.com\\\/OrganisatorFachmagazin\",\"https:\\\/\\\/www.linkedin.com\\\/showcase\\\/organisator-das-magazin-fr-kmu\",\"https:\\\/\\\/www.xing.com\\\/news\\\/pages\\\/organisator-ch-695\",\"https:\\\/\\\/www.youtube.com\\\/channel\\\/UCGP2Sq0iWaZwT3BdIAQFYpw\"]},{\"@type\":\"Person\",\"@id\":\"https:\\\/\\\/www.organisator.ch\\\/#\\\/schema\\\/person\\\/afccda3a71c06d4be2ed9100dd163db7\",\"name\":\"Dzana Muminovic\",\"image\":{\"@type\":\"ImageObject\",\"inLanguage\":\"fr-FR\",\"@id\":\"https:\\\/\\\/secure.gravatar.com\\\/avatar\\\/909c5c71aff4b38e88686f2ab2f1ba152571f394f41ed8bae431ea56ced93050?s=96&d=mm&r=g\",\"url\":\"https:\\\/\\\/secure.gravatar.com\\\/avatar\\\/909c5c71aff4b38e88686f2ab2f1ba152571f394f41ed8bae431ea56ced93050?s=96&d=mm&r=g\",\"contentUrl\":\"https:\\\/\\\/secure.gravatar.com\\\/avatar\\\/909c5c71aff4b38e88686f2ab2f1ba152571f394f41ed8bae431ea56ced93050?s=96&d=mm&r=g\",\"caption\":\"Dzana Muminovic\"},\"url\":\"https:\\\/\\\/www.organisator.ch\\\/fr\\\/author\\\/dzana-muminovic\\\/\"}]}<\/script>\n<!-- \/ Yoast SEO plugin. -->","yoast_head_json":{"title":"Fr\u00f6hlich Info AG est laur\u00e9ate du Phoenix Award 2024 dans la cat\u00e9gorie \"PME jusqu'\u00e0 50 collaborateurs\" - Organisateur","description":"Deux g\u00e9n\u00e9rations de l'entreprise familiale Fr\u00f6hlich Info AG \u00e0 Zollikon ont re\u00e7u le Phoenix Award 2024 pour l'entrepreneuriat suisse \u00e0 long terme le 5 novembre 2024.","robots":{"index":"index","follow":"follow","max-snippet":"max-snippet:-1","max-image-preview":"max-image-preview:large","max-video-preview":"max-video-preview:-1"},"canonical":"https:\/\/www.organisator.ch\/fr\/gestion-2\/2024-11-06\/die-froehlich-info-ag-ist-preistraegerin-des-phoenix-award-2024-in-der-kategorie-kmu-bis-50-mitarbeitende\/","og_locale":"fr_FR","og_type":"article","og_title":"Die Fr\u00f6hlich Info AG ist Preistr\u00e4gerin des Phoenix Award 2024 in der Kategorie \u00abKMU bis 50 Mitarbeitende\u00bb","og_description":"Zwei Generationen des Familienunternehmens Fr\u00f6hlich Info AG in Zollikon nahmen den Phoenix Award 2024 f\u00fcr langfristiges Schweizer Unternehmertum am 5.11.2024 entgegen.","og_url":"https:\/\/www.organisator.ch\/fr\/gestion-2\/2024-11-06\/die-froehlich-info-ag-ist-preistraegerin-des-phoenix-award-2024-in-der-kategorie-kmu-bis-50-mitarbeitende\/","og_site_name":"Organisator","article_publisher":"https:\/\/www.facebook.com\/OrganisatorFachmagazin","article_published_time":"2024-11-06T08:53:49+00:00","article_modified_time":"2026-01-29T10:33:24+00:00","og_image":[{"width":680,"height":510,"url":"https:\/\/www.organisator.ch\/wp-content\/uploads\/2024\/11\/Phoenix-Award_Bild1_ps.jpg","type":"image\/jpeg"}],"author":"Dzana Muminovic","twitter_card":"summary_large_image","twitter_title":"Die Fr\u00f6hlich Info AG ist Preistr\u00e4gerin des Phoenix Award 2024 in der Kategorie \u00abKMU bis 50 Mitarbeitende\u00bb","twitter_description":"Zwei Generationen des #Familienunternehmens #Fr\u00f6hlich #Info AG in #Zollikon nahmen den #Phoenix #Award 2024 f\u00fcr langfristiges #Schweizer #Unternehmertum am 5.11.2024 entgegen.","twitter_image":"https:\/\/www.organisator.ch\/wp-content\/uploads\/2024\/11\/Phoenix-Award_Bild1_ps.jpg","schema":{"@context":"https:\/\/schema.org","@graph":[{"@type":"Article","@id":"https:\/\/www.organisator.ch\/management\/2024-11-06\/die-froehlich-info-ag-ist-preistraegerin-des-phoenix-award-2024-in-der-kategorie-kmu-bis-50-mitarbeitende\/#article","isPartOf":{"@id":"https:\/\/www.organisator.ch\/management\/2024-11-06\/die-froehlich-info-ag-ist-preistraegerin-des-phoenix-award-2024-in-der-kategorie-kmu-bis-50-mitarbeitende\/"},"author":{"name":"Dzana Muminovic","@id":"https:\/\/www.organisator.ch\/#\/schema\/person\/afccda3a71c06d4be2ed9100dd163db7"},"headline":"Die Fr\u00f6hlich Info AG ist Preistr\u00e4gerin des Phoenix Award 2024 in der Kategorie \u00abKMU bis 50 Mitarbeitende\u00bb","datePublished":"2024-11-06T08:53:49+00:00","dateModified":"2026-01-29T10:33:24+00:00","mainEntityOfPage":{"@id":"https:\/\/www.organisator.ch\/management\/2024-11-06\/die-froehlich-info-ag-ist-preistraegerin-des-phoenix-award-2024-in-der-kategorie-kmu-bis-50-mitarbeitende\/"},"wordCount":1070,"publisher":{"@id":"https:\/\/www.organisator.ch\/#organization"},"image":{"@id":"https:\/\/www.organisator.ch\/management\/2024-11-06\/die-froehlich-info-ag-ist-preistraegerin-des-phoenix-award-2024-in-der-kategorie-kmu-bis-50-mitarbeitende\/#primaryimage"},"thumbnailUrl":"https:\/\/www.organisator.ch\/wp-content\/uploads\/2024\/11\/Phoenix-Award_Bild1_ps.jpg","keywords":["Druckbranche","KMU","Phoenix Award","Preisverleihung","Schweiz"],"articleSection":["MANAGEMENT"],"inLanguage":"fr-FR"},{"@type":"WebPage","@id":"https:\/\/www.organisator.ch\/management\/2024-11-06\/die-froehlich-info-ag-ist-preistraegerin-des-phoenix-award-2024-in-der-kategorie-kmu-bis-50-mitarbeitende\/","url":"https:\/\/www.organisator.ch\/management\/2024-11-06\/die-froehlich-info-ag-ist-preistraegerin-des-phoenix-award-2024-in-der-kategorie-kmu-bis-50-mitarbeitende\/","name":"Fr\u00f6hlich Info AG est laur\u00e9ate du Phoenix Award 2024 dans la cat\u00e9gorie \"PME jusqu'\u00e0 50 collaborateurs\" - Organisateur","isPartOf":{"@id":"https:\/\/www.organisator.ch\/#website"},"primaryImageOfPage":{"@id":"https:\/\/www.organisator.ch\/management\/2024-11-06\/die-froehlich-info-ag-ist-preistraegerin-des-phoenix-award-2024-in-der-kategorie-kmu-bis-50-mitarbeitende\/#primaryimage"},"image":{"@id":"https:\/\/www.organisator.ch\/management\/2024-11-06\/die-froehlich-info-ag-ist-preistraegerin-des-phoenix-award-2024-in-der-kategorie-kmu-bis-50-mitarbeitende\/#primaryimage"},"thumbnailUrl":"https:\/\/www.organisator.ch\/wp-content\/uploads\/2024\/11\/Phoenix-Award_Bild1_ps.jpg","datePublished":"2024-11-06T08:53:49+00:00","dateModified":"2026-01-29T10:33:24+00:00","description":"Deux g\u00e9n\u00e9rations de l'entreprise familiale Fr\u00f6hlich Info AG \u00e0 Zollikon ont re\u00e7u le Phoenix Award 2024 pour l'entrepreneuriat suisse \u00e0 long terme le 5 novembre 2024.","breadcrumb":{"@id":"https:\/\/www.organisator.ch\/management\/2024-11-06\/die-froehlich-info-ag-ist-preistraegerin-des-phoenix-award-2024-in-der-kategorie-kmu-bis-50-mitarbeitende\/#breadcrumb"},"inLanguage":"fr-FR","potentialAction":[{"@type":"ReadAction","target":["https:\/\/www.organisator.ch\/management\/2024-11-06\/die-froehlich-info-ag-ist-preistraegerin-des-phoenix-award-2024-in-der-kategorie-kmu-bis-50-mitarbeitende\/"]}]},{"@type":"ImageObject","inLanguage":"fr-FR","@id":"https:\/\/www.organisator.ch\/management\/2024-11-06\/die-froehlich-info-ag-ist-preistraegerin-des-phoenix-award-2024-in-der-kategorie-kmu-bis-50-mitarbeitende\/#primaryimage","url":"https:\/\/www.organisator.ch\/wp-content\/uploads\/2024\/11\/Phoenix-Award_Bild1_ps.jpg","contentUrl":"https:\/\/www.organisator.ch\/wp-content\/uploads\/2024\/11\/Phoenix-Award_Bild1_ps.jpg","width":680,"height":510,"caption":"Von links: Sascha Ullmann, Gemeindepr\u00e4sident der Gemeinde Zollikon, Heinz Eberle-Fr\u00f6hlich, Verwaltungsrat Fr\u00f6hlich Info, Rafaela Devonas-Eberle, Gesch\u00e4ftsf\u00fchrung Fr\u00f6hlich Info, Claudia Eberle-Fr\u00f6hlich, Verwaltungsrat Fr\u00f6hlich Info, Flurin Devonas, Gesch\u00e4ftsleitung Fr\u00f6hlich Info, Hans J\u00fcrg Domenig, Pr\u00e4sident Schweizer Dachverband f\u00fcr Unternehmensnachfolge \u2013 CHDU, Laudatorin und Mitglied der Phoenix Awward Jury Anja Jenner, Familienunternehmerin, Samuel M\u00f6sle, Co-Leiter Standortf\u00f6rderung des Kantons Z\u00fcrich. (Bild: Schweizer Dachverband f\u00fcr Unternehmensnachfolge \u2013 CHDU)"},{"@type":"BreadcrumbList","@id":"https:\/\/www.organisator.ch\/management\/2024-11-06\/die-froehlich-info-ag-ist-preistraegerin-des-phoenix-award-2024-in-der-kategorie-kmu-bis-50-mitarbeitende\/#breadcrumb","itemListElement":[{"@type":"ListItem","position":1,"name":"Home","item":"https:\/\/www.organisator.ch\/"},{"@type":"ListItem","position":2,"name":"Die Fr\u00f6hlich Info AG ist Preistr\u00e4gerin des Phoenix Award 2024 in der Kategorie \u00abKMU bis 50 Mitarbeitende\u00bb"}]},{"@type":"WebSite","@id":"https:\/\/www.organisator.ch\/#website","url":"https:\/\/www.organisator.ch\/","name":"Organisateur","description":"Comp\u00e9tence et comp\u00e9tence. Proches de la pratique. L'ORGANISATEUR pr\u00e9pare 10 num\u00e9ros par an sur les th\u00e8mes essentiels pour les dirigeants de PME.","publisher":{"@id":"https:\/\/www.organisator.ch\/#organization"},"potentialAction":[{"@type":"SearchAction","target":{"@type":"EntryPoint","urlTemplate":"https:\/\/www.organisator.ch\/?s={search_term_string}"},"query-input":{"@type":"PropertyValueSpecification","valueRequired":true,"valueName":"search_term_string"}}],"inLanguage":"fr-FR"},{"@type":"Organization","@id":"https:\/\/www.organisator.ch\/#organization","name":"Organisateur","url":"https:\/\/www.organisator.ch\/","logo":{"@type":"ImageObject","inLanguage":"fr-FR","@id":"https:\/\/www.organisator.ch\/#\/schema\/logo\/image\/","url":"https:\/\/www.organisator.ch\/wp-content\/uploads\/2022\/01\/Logo_Organisator_Website.png","contentUrl":"https:\/\/www.organisator.ch\/wp-content\/uploads\/2022\/01\/Logo_Organisator_Website.png","width":800,"height":77,"caption":"Organisator"},"image":{"@id":"https:\/\/www.organisator.ch\/#\/schema\/logo\/image\/"},"sameAs":["https:\/\/www.facebook.com\/OrganisatorFachmagazin","https:\/\/www.linkedin.com\/showcase\/organisator-das-magazin-fr-kmu","https:\/\/www.xing.com\/news\/pages\/organisator-ch-695","https:\/\/www.youtube.com\/channel\/UCGP2Sq0iWaZwT3BdIAQFYpw"]},{"@type":"Person","@id":"https:\/\/www.organisator.ch\/#\/schema\/person\/afccda3a71c06d4be2ed9100dd163db7","name":"Dzana Muminovic","image":{"@type":"ImageObject","inLanguage":"fr-FR","@id":"https:\/\/secure.gravatar.com\/avatar\/909c5c71aff4b38e88686f2ab2f1ba152571f394f41ed8bae431ea56ced93050?s=96&d=mm&r=g","url":"https:\/\/secure.gravatar.com\/avatar\/909c5c71aff4b38e88686f2ab2f1ba152571f394f41ed8bae431ea56ced93050?s=96&d=mm&r=g","contentUrl":"https:\/\/secure.gravatar.com\/avatar\/909c5c71aff4b38e88686f2ab2f1ba152571f394f41ed8bae431ea56ced93050?s=96&d=mm&r=g","caption":"Dzana Muminovic"},"url":"https:\/\/www.organisator.ch\/fr\/author\/dzana-muminovic\/"}]}},"_links":{"self":[{"href":"https:\/\/www.organisator.ch\/fr\/wp-json\/wp\/v2\/posts\/31529","targetHints":{"allow":["GET"]}}],"collection":[{"href":"https:\/\/www.organisator.ch\/fr\/wp-json\/wp\/v2\/posts"}],"about":[{"href":"https:\/\/www.organisator.ch\/fr\/wp-json\/wp\/v2\/types\/post"}],"author":[{"embeddable":true,"href":"https:\/\/www.organisator.ch\/fr\/wp-json\/wp\/v2\/users\/80"}],"replies":[{"embeddable":true,"href":"https:\/\/www.organisator.ch\/fr\/wp-json\/wp\/v2\/comments?post=31529"}],"version-history":[{"count":6,"href":"https:\/\/www.organisator.ch\/fr\/wp-json\/wp\/v2\/posts\/31529\/revisions"}],"predecessor-version":[{"id":43965,"href":"https:\/\/www.organisator.ch\/fr\/wp-json\/wp\/v2\/posts\/31529\/revisions\/43965"}],"wp:featuredmedia":[{"embeddable":true,"href":"https:\/\/www.organisator.ch\/fr\/wp-json\/wp\/v2\/media\/31530"}],"wp:attachment":[{"href":"https:\/\/www.organisator.ch\/fr\/wp-json\/wp\/v2\/media?parent=31529"}],"wp:term":[{"taxonomy":"category","embeddable":true,"href":"https:\/\/www.organisator.ch\/fr\/wp-json\/wp\/v2\/categories?post=31529"},{"taxonomy":"post_tag","embeddable":true,"href":"https:\/\/www.organisator.ch\/fr\/wp-json\/wp\/v2\/tags?post=31529"}],"curies":[{"name":"wp","href":"https:\/\/api.w.org\/{rel}","templated":true}]}}