{"id":31539,"date":"2024-11-07T07:10:25","date_gmt":"2024-11-07T06:10:25","guid":{"rendered":"https:\/\/www.organisator.ch\/?p=31539"},"modified":"2024-11-08T09:24:57","modified_gmt":"2024-11-08T08:24:57","slug":"suissedigital-day-mit-bundesrat-albert-roesti-und-publizist-ludwig-hasler","status":"publish","type":"post","link":"https:\/\/www.organisator.ch\/fr\/management\/2024-11-07\/suissedigital-day-mit-bundesrat-albert-roesti-und-publizist-ludwig-hasler\/","title":{"rendered":"Suissedigital-Day avec le conseiller f\u00e9d\u00e9ral Albert R\u00f6sti et le publiciste Ludwig Hasler"},"content":{"rendered":"<figure id=\"attachment_31540\" aria-describedby=\"caption-attachment-31540\" style=\"width: 680px\" class=\"wp-caption alignnone\"><img loading=\"lazy\" decoding=\"async\" class=\"wp-image-31540 size-full\" src=\"https:\/\/www.organisator.ch\/wp-content\/uploads\/2024\/11\/Suissedigital-Day_Bild1_ps-e1730884221719.jpg\" alt=\"\" width=\"680\" height=\"469\" srcset=\"https:\/\/www.organisator.ch\/wp-content\/uploads\/2024\/11\/Suissedigital-Day_Bild1_ps-e1730884221719.jpg 680w, https:\/\/www.organisator.ch\/wp-content\/uploads\/2024\/11\/Suissedigital-Day_Bild1_ps-e1730884221719-18x12.jpg 18w, https:\/\/www.organisator.ch\/wp-content\/uploads\/2024\/11\/Suissedigital-Day_Bild1_ps-e1730884221719-375x259.jpg 375w, https:\/\/www.organisator.ch\/wp-content\/uploads\/2024\/11\/Suissedigital-Day_Bild1_ps-e1730884221719-507x350.jpg 507w\" sizes=\"auto, (max-width: 680px) 100vw, 680px\" \/><figcaption id=\"caption-attachment-31540\" class=\"wp-caption-text\">Simon Osterwalder, directeur de Suissedigital. (Image : Patrik Kummer \/ Suissedigital)<\/figcaption><\/figure>\n<p>\"Intelligence artificielle - o\u00f9 en sommes-nous ?\": C'est sur ce th\u00e8me que le conseiller f\u00e9d\u00e9ral Albert R\u00f6sti s'exprimera cette ann\u00e9e lors du Suissedigital-Day. En outre, des th\u00e8mes tels que l'extension du haut d\u00e9bit en Suisse, la collaboration des PME avec les prestataires de services informatiques, l'application de l'intelligence artificielle pour les PME et une \u00e9valuation critique des solutions cloud sont au programme. Le philosophe, physicien et publiciste Ludwig Hasler compl\u00e8tera la partie \"contenu\" en s'exprimant sur le th\u00e8me \"Nous devons \u00eatre des pilotes et non de simples passagers - ce qui ne doit pas \u00eatre laiss\u00e9 de c\u00f4t\u00e9 dans le progr\u00e8s num\u00e9rique\".<\/p>\n<h3><strong>Vaste exposition, animations musicales et beaucoup de temps pour le r\u00e9seautage<\/strong><\/h3>\n<p>Une vaste exposition r\u00e9unissant quelque 45 fournisseurs de services de t\u00e9l\u00e9communication et d'informatique de toute la Suisse fera partie int\u00e9grante de la r\u00e9union de la branche. Le groupe valaisan BARANY, en pleine ascension, assurera l'encadrement musical de l'\u00e9v\u00e9nement. Par ailleurs, le programme laisse beaucoup de temps pour \u00e9changer des nouvelles, entretenir la communaut\u00e9 et entamer des affaires tout en profitant d'une excellente restauration.<\/p>\n<p>\"Ces derni\u00e8res ann\u00e9es, le Suissedigital-Day est devenu le point de rencontre de la branche des t\u00e9l\u00e9coms et de l'informatique en Suisse\", d\u00e9clare Simon Osterwalder, directeur de Suissedigital. \"Je me r\u00e9jouis de voir de nombreux visages connus et de rencontrer de nouvelles personnes\".<\/p>\n<p>Le Suissedigital-Day aura lieu le mardi 19.11.2024 \u00e0 partir de 09h00 au Kursaal \u00e0 Berne. La journ\u00e9e est ouverte \u00e0 toutes les personnes int\u00e9ress\u00e9es. L'entr\u00e9e pour la journ\u00e9e (y compris les pauses, le repas de midi, l'ap\u00e9ritif et le souper) s'\u00e9l\u00e8ve \u00e0 250 francs. Inscription en ligne sur www.suissedigital.ch ou par t\u00e9l\u00e9phone au +41 31 328 27 28.<\/p>\n<p><em>Source : <a href=\"http:\/\/www.suissedigital.ch\">www.suissedigital.ch<\/a><\/em><\/p>","protected":false},"excerpt":{"rendered":"<p>Lors de la traditionnelle manifestation de la branche Suissedigital-Day, le conseiller f\u00e9d\u00e9ral Albert R\u00f6sti fera un expos\u00e9 sur les th\u00e8mes de l'intelligence artificielle et de l'extension du haut d\u00e9bit. En outre, une pinc\u00e9e \u00e9pic\u00e9e de philosophie du publiciste Ludwig Hasler et diff\u00e9rents th\u00e8mes d'actualit\u00e9 pour les PME sur l'IA, la cybers\u00e9curit\u00e9 et l'informatique sont au programme. Le congr\u00e8s sera accompagn\u00e9 d'une exposition compl\u00e8te. La manifestation, qui aura lieu le 19 novembre 2024 au Kursaal de Berne, est ouverte au public.<\/p>","protected":false},"author":80,"featured_media":31540,"comment_status":"closed","ping_status":"closed","sticky":false,"template":"","format":"standard","meta":{"_acf_changed":false,"_yoast_wpseo_focuskw":"Suissedigital-Day","_yoast_wpseo_metadesc":"Am traditionellen Branchenanlass Suissedigital-Day wird Bundesrat Albert R\u00f6sti zu den Themen k\u00fcnstliche Intelligenz und Hochbreitbandausbau referieren.","articlekey":"","footnotes":""},"categories":[28],"tags":[3047,4715,286,301,319],"class_list":["post-31539","post","type-post","status-publish","format-standard","has-post-thumbnail","hentry","category-management","tag-cybersecurity","tag-hochbreitbandausbau","tag-it","tag-kmu","tag-kuenstliche-intelligenz"],"acf":[],"yoast_head":"<!-- This site is optimized with the Yoast SEO plugin v27.5 - https:\/\/yoast.com\/product\/yoast-seo-wordpress\/ -->\n<title>Suissedigital-Day mit Bundesrat Albert R\u00f6sti und Publizist Ludwig Hasler - Organisator<\/title>\n<meta name=\"description\" content=\"Am traditionellen Branchenanlass Suissedigital-Day wird Bundesrat Albert R\u00f6sti zu den Themen k\u00fcnstliche Intelligenz und Hochbreitbandausbau referieren.\" \/>\n<meta name=\"robots\" content=\"index, follow, max-snippet:-1, max-image-preview:large, max-video-preview:-1\" \/>\n<link rel=\"canonical\" href=\"https:\/\/www.organisator.ch\/fr\/gestion-2\/2024-11-07\/suissedigital-day-mit-bundesrat-albert-roesti-und-publizist-ludwig-hasler\/\" \/>\n<meta property=\"og:locale\" content=\"fr_FR\" \/>\n<meta property=\"og:type\" content=\"article\" \/>\n<meta property=\"og:title\" content=\"Suissedigital-Day mit Bundesrat Albert R\u00f6sti und Publizist Ludwig Hasler\" \/>\n<meta property=\"og:description\" content=\"Am traditionellen Branchenanlass Suissedigital-Day wird Bundesrat Albert R\u00f6sti zu den Themen k\u00fcnstliche Intelligenz und Hochbreitbandausbau referieren.\" \/>\n<meta property=\"og:url\" content=\"https:\/\/www.organisator.ch\/fr\/gestion-2\/2024-11-07\/suissedigital-day-mit-bundesrat-albert-roesti-und-publizist-ludwig-hasler\/\" \/>\n<meta property=\"og:site_name\" content=\"Organisator\" \/>\n<meta property=\"article:publisher\" content=\"https:\/\/www.facebook.com\/OrganisatorFachmagazin\" \/>\n<meta property=\"article:published_time\" content=\"2024-11-07T06:10:25+00:00\" \/>\n<meta property=\"article:modified_time\" content=\"2024-11-08T08:24:57+00:00\" \/>\n<meta property=\"og:image\" content=\"https:\/\/www.organisator.ch\/wp-content\/uploads\/2024\/11\/Suissedigital-Day_Bild1_ps-e1730884221719.jpg\" \/>\n\t<meta property=\"og:image:width\" content=\"680\" \/>\n\t<meta property=\"og:image:height\" content=\"469\" \/>\n\t<meta property=\"og:image:type\" content=\"image\/jpeg\" \/>\n<meta name=\"author\" content=\"Dzana Muminovic\" \/>\n<meta name=\"twitter:card\" content=\"summary_large_image\" \/>\n<meta name=\"twitter:title\" content=\"Suissedigital-Day mit Bundesrat Albert R\u00f6sti und Publizist Ludwig Hasler\" \/>\n<meta name=\"twitter:description\" content=\"Am traditionellen #Branchenanlass #Suissedigital-#Day wird #Bundesrat #Albert #R\u00f6sti zu den Themen #k\u00fcnstliche #Intelligenz und #Hochbreitbandausbau referieren.\" \/>\n<meta name=\"twitter:image\" content=\"https:\/\/www.organisator.ch\/wp-content\/uploads\/2024\/11\/Suissedigital-Day_Bild1_ps-e1730884221719.jpg\" \/>\n<script type=\"application\/ld+json\" class=\"yoast-schema-graph\">{\"@context\":\"https:\\\/\\\/schema.org\",\"@graph\":[{\"@type\":\"Article\",\"@id\":\"https:\\\/\\\/www.organisator.ch\\\/management\\\/2024-11-07\\\/suissedigital-day-mit-bundesrat-albert-roesti-und-publizist-ludwig-hasler\\\/#article\",\"isPartOf\":{\"@id\":\"https:\\\/\\\/www.organisator.ch\\\/management\\\/2024-11-07\\\/suissedigital-day-mit-bundesrat-albert-roesti-und-publizist-ludwig-hasler\\\/\"},\"author\":{\"name\":\"Dzana Muminovic\",\"@id\":\"https:\\\/\\\/www.organisator.ch\\\/#\\\/schema\\\/person\\\/afccda3a71c06d4be2ed9100dd163db7\"},\"headline\":\"Suissedigital-Day mit Bundesrat Albert R\u00f6sti und Publizist Ludwig Hasler\",\"datePublished\":\"2024-11-07T06:10:25+00:00\",\"dateModified\":\"2024-11-08T08:24:57+00:00\",\"mainEntityOfPage\":{\"@id\":\"https:\\\/\\\/www.organisator.ch\\\/management\\\/2024-11-07\\\/suissedigital-day-mit-bundesrat-albert-roesti-und-publizist-ludwig-hasler\\\/\"},\"wordCount\":268,\"publisher\":{\"@id\":\"https:\\\/\\\/www.organisator.ch\\\/#organization\"},\"image\":{\"@id\":\"https:\\\/\\\/www.organisator.ch\\\/management\\\/2024-11-07\\\/suissedigital-day-mit-bundesrat-albert-roesti-und-publizist-ludwig-hasler\\\/#primaryimage\"},\"thumbnailUrl\":\"https:\\\/\\\/www.organisator.ch\\\/wp-content\\\/uploads\\\/2024\\\/11\\\/Suissedigital-Day_Bild1_ps-e1730884221719.jpg\",\"keywords\":[\"Cybersecurity\",\"Hochbreitbandausbau\",\"IT\",\"KMU\",\"K\u00fcnstliche Intelligenz\"],\"articleSection\":[\"MANAGEMENT\"],\"inLanguage\":\"fr-FR\"},{\"@type\":\"WebPage\",\"@id\":\"https:\\\/\\\/www.organisator.ch\\\/management\\\/2024-11-07\\\/suissedigital-day-mit-bundesrat-albert-roesti-und-publizist-ludwig-hasler\\\/\",\"url\":\"https:\\\/\\\/www.organisator.ch\\\/management\\\/2024-11-07\\\/suissedigital-day-mit-bundesrat-albert-roesti-und-publizist-ludwig-hasler\\\/\",\"name\":\"Suissedigital-Day mit Bundesrat Albert R\u00f6sti und Publizist Ludwig Hasler - Organisator\",\"isPartOf\":{\"@id\":\"https:\\\/\\\/www.organisator.ch\\\/#website\"},\"primaryImageOfPage\":{\"@id\":\"https:\\\/\\\/www.organisator.ch\\\/management\\\/2024-11-07\\\/suissedigital-day-mit-bundesrat-albert-roesti-und-publizist-ludwig-hasler\\\/#primaryimage\"},\"image\":{\"@id\":\"https:\\\/\\\/www.organisator.ch\\\/management\\\/2024-11-07\\\/suissedigital-day-mit-bundesrat-albert-roesti-und-publizist-ludwig-hasler\\\/#primaryimage\"},\"thumbnailUrl\":\"https:\\\/\\\/www.organisator.ch\\\/wp-content\\\/uploads\\\/2024\\\/11\\\/Suissedigital-Day_Bild1_ps-e1730884221719.jpg\",\"datePublished\":\"2024-11-07T06:10:25+00:00\",\"dateModified\":\"2024-11-08T08:24:57+00:00\",\"description\":\"Am traditionellen Branchenanlass Suissedigital-Day wird Bundesrat Albert R\u00f6sti zu den Themen k\u00fcnstliche Intelligenz und Hochbreitbandausbau referieren.\",\"breadcrumb\":{\"@id\":\"https:\\\/\\\/www.organisator.ch\\\/management\\\/2024-11-07\\\/suissedigital-day-mit-bundesrat-albert-roesti-und-publizist-ludwig-hasler\\\/#breadcrumb\"},\"inLanguage\":\"fr-FR\",\"potentialAction\":[{\"@type\":\"ReadAction\",\"target\":[\"https:\\\/\\\/www.organisator.ch\\\/management\\\/2024-11-07\\\/suissedigital-day-mit-bundesrat-albert-roesti-und-publizist-ludwig-hasler\\\/\"]}]},{\"@type\":\"ImageObject\",\"inLanguage\":\"fr-FR\",\"@id\":\"https:\\\/\\\/www.organisator.ch\\\/management\\\/2024-11-07\\\/suissedigital-day-mit-bundesrat-albert-roesti-und-publizist-ludwig-hasler\\\/#primaryimage\",\"url\":\"https:\\\/\\\/www.organisator.ch\\\/wp-content\\\/uploads\\\/2024\\\/11\\\/Suissedigital-Day_Bild1_ps-e1730884221719.jpg\",\"contentUrl\":\"https:\\\/\\\/www.organisator.ch\\\/wp-content\\\/uploads\\\/2024\\\/11\\\/Suissedigital-Day_Bild1_ps-e1730884221719.jpg\",\"width\":680,\"height\":469,\"caption\":\"SSimon Osterwalder, Gesch\u00e4ftsf\u00fchrer von Suissedigital. (Bild: Patrik Kummer \\\/ Suissedigital)\"},{\"@type\":\"BreadcrumbList\",\"@id\":\"https:\\\/\\\/www.organisator.ch\\\/management\\\/2024-11-07\\\/suissedigital-day-mit-bundesrat-albert-roesti-und-publizist-ludwig-hasler\\\/#breadcrumb\",\"itemListElement\":[{\"@type\":\"ListItem\",\"position\":1,\"name\":\"Home\",\"item\":\"https:\\\/\\\/www.organisator.ch\\\/\"},{\"@type\":\"ListItem\",\"position\":2,\"name\":\"Suissedigital-Day mit Bundesrat Albert R\u00f6sti und Publizist Ludwig Hasler\"}]},{\"@type\":\"WebSite\",\"@id\":\"https:\\\/\\\/www.organisator.ch\\\/#website\",\"url\":\"https:\\\/\\\/www.organisator.ch\\\/\",\"name\":\"Organisator\",\"description\":\"Kompetent. Praxisnah. Der ORGANISATOR bereitet in 10 Ausgaben pro Jahr die wesentlichen Themen f\u00fcr F\u00fchrungskr\u00e4fte von KMU auf.\",\"publisher\":{\"@id\":\"https:\\\/\\\/www.organisator.ch\\\/#organization\"},\"potentialAction\":[{\"@type\":\"SearchAction\",\"target\":{\"@type\":\"EntryPoint\",\"urlTemplate\":\"https:\\\/\\\/www.organisator.ch\\\/?s={search_term_string}\"},\"query-input\":{\"@type\":\"PropertyValueSpecification\",\"valueRequired\":true,\"valueName\":\"search_term_string\"}}],\"inLanguage\":\"fr-FR\"},{\"@type\":\"Organization\",\"@id\":\"https:\\\/\\\/www.organisator.ch\\\/#organization\",\"name\":\"Organisator\",\"url\":\"https:\\\/\\\/www.organisator.ch\\\/\",\"logo\":{\"@type\":\"ImageObject\",\"inLanguage\":\"fr-FR\",\"@id\":\"https:\\\/\\\/www.organisator.ch\\\/#\\\/schema\\\/logo\\\/image\\\/\",\"url\":\"https:\\\/\\\/www.organisator.ch\\\/wp-content\\\/uploads\\\/2022\\\/01\\\/Logo_Organisator_Website.png\",\"contentUrl\":\"https:\\\/\\\/www.organisator.ch\\\/wp-content\\\/uploads\\\/2022\\\/01\\\/Logo_Organisator_Website.png\",\"width\":800,\"height\":77,\"caption\":\"Organisator\"},\"image\":{\"@id\":\"https:\\\/\\\/www.organisator.ch\\\/#\\\/schema\\\/logo\\\/image\\\/\"},\"sameAs\":[\"https:\\\/\\\/www.facebook.com\\\/OrganisatorFachmagazin\",\"https:\\\/\\\/www.linkedin.com\\\/showcase\\\/organisator-das-magazin-fr-kmu\",\"https:\\\/\\\/www.xing.com\\\/news\\\/pages\\\/organisator-ch-695\",\"https:\\\/\\\/www.youtube.com\\\/channel\\\/UCGP2Sq0iWaZwT3BdIAQFYpw\"]},{\"@type\":\"Person\",\"@id\":\"https:\\\/\\\/www.organisator.ch\\\/#\\\/schema\\\/person\\\/afccda3a71c06d4be2ed9100dd163db7\",\"name\":\"Dzana Muminovic\",\"image\":{\"@type\":\"ImageObject\",\"inLanguage\":\"fr-FR\",\"@id\":\"https:\\\/\\\/secure.gravatar.com\\\/avatar\\\/909c5c71aff4b38e88686f2ab2f1ba152571f394f41ed8bae431ea56ced93050?s=96&d=mm&r=g\",\"url\":\"https:\\\/\\\/secure.gravatar.com\\\/avatar\\\/909c5c71aff4b38e88686f2ab2f1ba152571f394f41ed8bae431ea56ced93050?s=96&d=mm&r=g\",\"contentUrl\":\"https:\\\/\\\/secure.gravatar.com\\\/avatar\\\/909c5c71aff4b38e88686f2ab2f1ba152571f394f41ed8bae431ea56ced93050?s=96&d=mm&r=g\",\"caption\":\"Dzana Muminovic\"},\"url\":\"https:\\\/\\\/www.organisator.ch\\\/fr\\\/author\\\/dzana-muminovic\\\/\"}]}<\/script>\n<!-- \/ Yoast SEO plugin. -->","yoast_head_json":{"title":"Suissedigital-Day avec le conseiller f\u00e9d\u00e9ral Albert R\u00f6sti et le publiciste Ludwig Hasler - organisateur","description":"Lors de la traditionnelle manifestation de la branche Suissedigital-Day, le conseiller f\u00e9d\u00e9ral Albert R\u00f6sti fera un expos\u00e9 sur les th\u00e8mes de l'intelligence artificielle et de l'extension du haut d\u00e9bit.","robots":{"index":"index","follow":"follow","max-snippet":"max-snippet:-1","max-image-preview":"max-image-preview:large","max-video-preview":"max-video-preview:-1"},"canonical":"https:\/\/www.organisator.ch\/fr\/gestion-2\/2024-11-07\/suissedigital-day-mit-bundesrat-albert-roesti-und-publizist-ludwig-hasler\/","og_locale":"fr_FR","og_type":"article","og_title":"Suissedigital-Day mit Bundesrat Albert R\u00f6sti und Publizist Ludwig Hasler","og_description":"Am traditionellen Branchenanlass Suissedigital-Day wird Bundesrat Albert R\u00f6sti zu den Themen k\u00fcnstliche Intelligenz und Hochbreitbandausbau referieren.","og_url":"https:\/\/www.organisator.ch\/fr\/gestion-2\/2024-11-07\/suissedigital-day-mit-bundesrat-albert-roesti-und-publizist-ludwig-hasler\/","og_site_name":"Organisator","article_publisher":"https:\/\/www.facebook.com\/OrganisatorFachmagazin","article_published_time":"2024-11-07T06:10:25+00:00","article_modified_time":"2024-11-08T08:24:57+00:00","og_image":[{"width":680,"height":469,"url":"https:\/\/www.organisator.ch\/wp-content\/uploads\/2024\/11\/Suissedigital-Day_Bild1_ps-e1730884221719.jpg","type":"image\/jpeg"}],"author":"Dzana Muminovic","twitter_card":"summary_large_image","twitter_title":"Suissedigital-Day mit Bundesrat Albert R\u00f6sti und Publizist Ludwig Hasler","twitter_description":"Am traditionellen #Branchenanlass #Suissedigital-#Day wird #Bundesrat #Albert #R\u00f6sti zu den Themen #k\u00fcnstliche #Intelligenz und #Hochbreitbandausbau referieren.","twitter_image":"https:\/\/www.organisator.ch\/wp-content\/uploads\/2024\/11\/Suissedigital-Day_Bild1_ps-e1730884221719.jpg","schema":{"@context":"https:\/\/schema.org","@graph":[{"@type":"Article","@id":"https:\/\/www.organisator.ch\/management\/2024-11-07\/suissedigital-day-mit-bundesrat-albert-roesti-und-publizist-ludwig-hasler\/#article","isPartOf":{"@id":"https:\/\/www.organisator.ch\/management\/2024-11-07\/suissedigital-day-mit-bundesrat-albert-roesti-und-publizist-ludwig-hasler\/"},"author":{"name":"Dzana Muminovic","@id":"https:\/\/www.organisator.ch\/#\/schema\/person\/afccda3a71c06d4be2ed9100dd163db7"},"headline":"Suissedigital-Day mit Bundesrat Albert R\u00f6sti und Publizist Ludwig Hasler","datePublished":"2024-11-07T06:10:25+00:00","dateModified":"2024-11-08T08:24:57+00:00","mainEntityOfPage":{"@id":"https:\/\/www.organisator.ch\/management\/2024-11-07\/suissedigital-day-mit-bundesrat-albert-roesti-und-publizist-ludwig-hasler\/"},"wordCount":268,"publisher":{"@id":"https:\/\/www.organisator.ch\/#organization"},"image":{"@id":"https:\/\/www.organisator.ch\/management\/2024-11-07\/suissedigital-day-mit-bundesrat-albert-roesti-und-publizist-ludwig-hasler\/#primaryimage"},"thumbnailUrl":"https:\/\/www.organisator.ch\/wp-content\/uploads\/2024\/11\/Suissedigital-Day_Bild1_ps-e1730884221719.jpg","keywords":["Cybersecurity","Hochbreitbandausbau","IT","KMU","K\u00fcnstliche Intelligenz"],"articleSection":["MANAGEMENT"],"inLanguage":"fr-FR"},{"@type":"WebPage","@id":"https:\/\/www.organisator.ch\/management\/2024-11-07\/suissedigital-day-mit-bundesrat-albert-roesti-und-publizist-ludwig-hasler\/","url":"https:\/\/www.organisator.ch\/management\/2024-11-07\/suissedigital-day-mit-bundesrat-albert-roesti-und-publizist-ludwig-hasler\/","name":"Suissedigital-Day avec le conseiller f\u00e9d\u00e9ral Albert R\u00f6sti et le publiciste Ludwig Hasler - organisateur","isPartOf":{"@id":"https:\/\/www.organisator.ch\/#website"},"primaryImageOfPage":{"@id":"https:\/\/www.organisator.ch\/management\/2024-11-07\/suissedigital-day-mit-bundesrat-albert-roesti-und-publizist-ludwig-hasler\/#primaryimage"},"image":{"@id":"https:\/\/www.organisator.ch\/management\/2024-11-07\/suissedigital-day-mit-bundesrat-albert-roesti-und-publizist-ludwig-hasler\/#primaryimage"},"thumbnailUrl":"https:\/\/www.organisator.ch\/wp-content\/uploads\/2024\/11\/Suissedigital-Day_Bild1_ps-e1730884221719.jpg","datePublished":"2024-11-07T06:10:25+00:00","dateModified":"2024-11-08T08:24:57+00:00","description":"Lors de la traditionnelle manifestation de la branche Suissedigital-Day, le conseiller f\u00e9d\u00e9ral Albert R\u00f6sti fera un expos\u00e9 sur les th\u00e8mes de l'intelligence artificielle et de l'extension du haut d\u00e9bit.","breadcrumb":{"@id":"https:\/\/www.organisator.ch\/management\/2024-11-07\/suissedigital-day-mit-bundesrat-albert-roesti-und-publizist-ludwig-hasler\/#breadcrumb"},"inLanguage":"fr-FR","potentialAction":[{"@type":"ReadAction","target":["https:\/\/www.organisator.ch\/management\/2024-11-07\/suissedigital-day-mit-bundesrat-albert-roesti-und-publizist-ludwig-hasler\/"]}]},{"@type":"ImageObject","inLanguage":"fr-FR","@id":"https:\/\/www.organisator.ch\/management\/2024-11-07\/suissedigital-day-mit-bundesrat-albert-roesti-und-publizist-ludwig-hasler\/#primaryimage","url":"https:\/\/www.organisator.ch\/wp-content\/uploads\/2024\/11\/Suissedigital-Day_Bild1_ps-e1730884221719.jpg","contentUrl":"https:\/\/www.organisator.ch\/wp-content\/uploads\/2024\/11\/Suissedigital-Day_Bild1_ps-e1730884221719.jpg","width":680,"height":469,"caption":"SSimon Osterwalder, Gesch\u00e4ftsf\u00fchrer von Suissedigital. (Bild: Patrik Kummer \/ Suissedigital)"},{"@type":"BreadcrumbList","@id":"https:\/\/www.organisator.ch\/management\/2024-11-07\/suissedigital-day-mit-bundesrat-albert-roesti-und-publizist-ludwig-hasler\/#breadcrumb","itemListElement":[{"@type":"ListItem","position":1,"name":"Home","item":"https:\/\/www.organisator.ch\/"},{"@type":"ListItem","position":2,"name":"Suissedigital-Day mit Bundesrat Albert R\u00f6sti und Publizist Ludwig Hasler"}]},{"@type":"WebSite","@id":"https:\/\/www.organisator.ch\/#website","url":"https:\/\/www.organisator.ch\/","name":"Organisateur","description":"Comp\u00e9tence et comp\u00e9tence. Proches de la pratique. L'ORGANISATEUR pr\u00e9pare 10 num\u00e9ros par an sur les th\u00e8mes essentiels pour les dirigeants de PME.","publisher":{"@id":"https:\/\/www.organisator.ch\/#organization"},"potentialAction":[{"@type":"SearchAction","target":{"@type":"EntryPoint","urlTemplate":"https:\/\/www.organisator.ch\/?s={search_term_string}"},"query-input":{"@type":"PropertyValueSpecification","valueRequired":true,"valueName":"search_term_string"}}],"inLanguage":"fr-FR"},{"@type":"Organization","@id":"https:\/\/www.organisator.ch\/#organization","name":"Organisateur","url":"https:\/\/www.organisator.ch\/","logo":{"@type":"ImageObject","inLanguage":"fr-FR","@id":"https:\/\/www.organisator.ch\/#\/schema\/logo\/image\/","url":"https:\/\/www.organisator.ch\/wp-content\/uploads\/2022\/01\/Logo_Organisator_Website.png","contentUrl":"https:\/\/www.organisator.ch\/wp-content\/uploads\/2022\/01\/Logo_Organisator_Website.png","width":800,"height":77,"caption":"Organisator"},"image":{"@id":"https:\/\/www.organisator.ch\/#\/schema\/logo\/image\/"},"sameAs":["https:\/\/www.facebook.com\/OrganisatorFachmagazin","https:\/\/www.linkedin.com\/showcase\/organisator-das-magazin-fr-kmu","https:\/\/www.xing.com\/news\/pages\/organisator-ch-695","https:\/\/www.youtube.com\/channel\/UCGP2Sq0iWaZwT3BdIAQFYpw"]},{"@type":"Person","@id":"https:\/\/www.organisator.ch\/#\/schema\/person\/afccda3a71c06d4be2ed9100dd163db7","name":"Dzana Muminovic","image":{"@type":"ImageObject","inLanguage":"fr-FR","@id":"https:\/\/secure.gravatar.com\/avatar\/909c5c71aff4b38e88686f2ab2f1ba152571f394f41ed8bae431ea56ced93050?s=96&d=mm&r=g","url":"https:\/\/secure.gravatar.com\/avatar\/909c5c71aff4b38e88686f2ab2f1ba152571f394f41ed8bae431ea56ced93050?s=96&d=mm&r=g","contentUrl":"https:\/\/secure.gravatar.com\/avatar\/909c5c71aff4b38e88686f2ab2f1ba152571f394f41ed8bae431ea56ced93050?s=96&d=mm&r=g","caption":"Dzana Muminovic"},"url":"https:\/\/www.organisator.ch\/fr\/author\/dzana-muminovic\/"}]}},"_links":{"self":[{"href":"https:\/\/www.organisator.ch\/fr\/wp-json\/wp\/v2\/posts\/31539","targetHints":{"allow":["GET"]}}],"collection":[{"href":"https:\/\/www.organisator.ch\/fr\/wp-json\/wp\/v2\/posts"}],"about":[{"href":"https:\/\/www.organisator.ch\/fr\/wp-json\/wp\/v2\/types\/post"}],"author":[{"embeddable":true,"href":"https:\/\/www.organisator.ch\/fr\/wp-json\/wp\/v2\/users\/80"}],"replies":[{"embeddable":true,"href":"https:\/\/www.organisator.ch\/fr\/wp-json\/wp\/v2\/comments?post=31539"}],"version-history":[{"count":5,"href":"https:\/\/www.organisator.ch\/fr\/wp-json\/wp\/v2\/posts\/31539\/revisions"}],"predecessor-version":[{"id":31927,"href":"https:\/\/www.organisator.ch\/fr\/wp-json\/wp\/v2\/posts\/31539\/revisions\/31927"}],"wp:featuredmedia":[{"embeddable":true,"href":"https:\/\/www.organisator.ch\/fr\/wp-json\/wp\/v2\/media\/31540"}],"wp:attachment":[{"href":"https:\/\/www.organisator.ch\/fr\/wp-json\/wp\/v2\/media?parent=31539"}],"wp:term":[{"taxonomy":"category","embeddable":true,"href":"https:\/\/www.organisator.ch\/fr\/wp-json\/wp\/v2\/categories?post=31539"},{"taxonomy":"post_tag","embeddable":true,"href":"https:\/\/www.organisator.ch\/fr\/wp-json\/wp\/v2\/tags?post=31539"}],"curies":[{"name":"wp","href":"https:\/\/api.w.org\/{rel}","templated":true}]}}