{"id":31553,"date":"2024-11-06T09:42:07","date_gmt":"2024-11-06T08:42:07","guid":{"rendered":"https:\/\/www.m-q.ch\/?p=20660"},"modified":"2024-11-06T15:28:16","modified_gmt":"2024-11-06T14:28:16","slug":"neue-eu-entwaldungsverordnung-als-chance","status":"publish","type":"post","link":"https:\/\/www.organisator.ch\/fr\/sustainability\/2024-11-06\/neue-eu-entwaldungsverordnung-als-chance\/","title":{"rendered":"Le nouveau r\u00e8glement europ\u00e9en sur les for\u00eats : une opportunit\u00e9 \u00e0 saisir"},"content":{"rendered":"<figure id=\"attachment_20662\" class=\"wp-caption alignnone\" style=\"width: 680px;\" aria-describedby=\"caption-attachment-20662\"><img class=\"size-full wp-image-20662\" src=\"https:\/\/www.m-q.ch\/wp-content\/uploads\/2024\/11\/CNT_Bild1_ps.jpg\" sizes=\"(max-width: 680px) 100vw, 680px\" srcset=\"https:\/\/www.m-q.ch\/wp-content\/uploads\/2024\/11\/CNT_Bild1_ps.jpg 680w, https:\/\/www.m-q.ch\/wp-content\/uploads\/2024\/11\/CNT_Bild1_ps-18x12.jpg 18w, https:\/\/www.m-q.ch\/wp-content\/uploads\/2024\/11\/CNT_Bild1_ps-375x222.jpg 375w, https:\/\/www.m-q.ch\/wp-content\/uploads\/2024\/11\/CNT_Bild1_ps-592x350.jpg 592w\" alt=\"\" width=\"680\" height=\"402\" \/>\r\n<figcaption id=\"caption-attachment-20662\" class=\"wp-caption-text\">Avec le r\u00e8glement de l'UE sur la d\u00e9forestation (EUDR), les exportateurs suisses sont soumis \u00e0 des exigences de conformit\u00e9 \u00e9lev\u00e9es afin de garantir les cha\u00eenes d'approvisionnement sans d\u00e9forestation exig\u00e9es. (Image : www.depositphotos.com)<\/figcaption>\r\n<\/figure>\r\n<p>Les PME auraient m\u00eame jusqu'\u00e0 juin 2026 pour se pr\u00e9parer \u00e0 ces exigences \u00e9tendues. D\u00e8s l'entr\u00e9e en vigueur, les entreprises qui importent des mati\u00e8res premi\u00e8res telles que l'huile de palme, le cacao, le soja, le bois et le caoutchouc dans l'UE ou qui les distribuent au sein de l'UE devront fournir des preuves strictes sur l'origine de leurs produits. Les entreprises suisses qui exportent leurs produits vers l'UE sont \u00e9galement concern\u00e9es et doivent prouver que leurs mati\u00e8res premi\u00e8res et leurs produits n'enfreignent pas la DDR de l'UE. Ce besoin accru d'informations place la gestion de la cha\u00eene d'approvisionnement devant une t\u00e2che complexe. En effet, la collecte et la gestion de telles donn\u00e9es augmentent consid\u00e9rablement les exigences administratives et demandent l'introduction d'outils et de processus num\u00e9riques afin de garantir efficacement la conformit\u00e9 et la documentation.<\/p>\r\n<h3><strong>Exigences de conformit\u00e9 et risques accrus pour les exportateurs suisses<\/strong><\/h3>\r\n<p>Avec l'EUDR, les exportateurs suisses sont soumis \u00e0 des exigences de conformit\u00e9 \u00e9lev\u00e9es afin de garantir les cha\u00eenes d'approvisionnement sans d\u00e9forestation exig\u00e9es. Les entreprises doivent non seulement fournir des preuves g\u00e9ographiques jusqu'\u00e0 la source des mati\u00e8res premi\u00e8res, mais aussi s'assurer que leurs fournisseurs respectent les exigences de l'EUDR. \"Le nouveau r\u00e8glement pose des d\u00e9fis consid\u00e9rables, en particulier aux PME, car elles d\u00e9pendent souvent de la conformit\u00e9 et de la fourniture de preuves pr\u00e9cises par leurs fournisseurs \u00e9trangers\", souligne l'expert Patrick Sommer.<\/p>\r\n<p>Pour les entreprises suisses qui ach\u00e8tent des mati\u00e8res premi\u00e8res \u00e0 des pays tiers, cela peut \u00eatre particuli\u00e8rement risqu\u00e9, car elles d\u00e9pendent de la fourniture de preuves pr\u00e9cises par leurs fournisseurs \u00e9trangers. En effet, en cas de non-respect de la DUE, des sanctions et une \u00e9ventuelle exclusion du march\u00e9 de l'UE sont \u00e0 craindre - un risque important pour les PME qui d\u00e9pendent des exportations vers l'UE. Le travail de documentation et de contr\u00f4le augmente \u00e9galement consid\u00e9rablement, ce qui oblige les entreprises \u00e0 mobiliser de nouvelles ressources humaines et financi\u00e8res. L'int\u00e9gration de ces exigences dans les processus existants constitue donc un d\u00e9fi qui n\u00e9cessite non seulement des solutions efficaces de contr\u00f4le, mais aussi de collecte de donn\u00e9es.<\/p>\r\n<h3><strong>SAP Ariba : une solution int\u00e9gr\u00e9e pour la mise en \u0153uvre des exigences EUDR<\/strong><\/h3>\r\n<p>Pour r\u00e9pondre \u00e0 ces exigences complexes, de nombreuses entreprises suisses misent de mani\u00e8re cibl\u00e9e sur des syst\u00e8mes informatiques tels que SAP Ariba. \"SAP Ariba est un outil puissant qui aide les entreprises \u00e0 num\u00e9riser l'ensemble de leur cha\u00eene d'approvisionnement et \u00e0 documenter syst\u00e9matiquement l'origine des mati\u00e8res premi\u00e8res. La plateforme aide \u00e0 collecter les donn\u00e9es g\u00e9ographiques n\u00e9cessaires et \u00e0 mettre en place des processus automatis\u00e9s qui simplifient la gestion et la conformit\u00e9\", raconte le responsable du conseil chez CNT Management Consulting.<\/p>\r\n<p>En outre, les analyses de risques int\u00e9gr\u00e9es permettent d'identifier rapidement les \u00e9ventuelles infractions. La base de donn\u00e9es fournisseurs compl\u00e8te de SAP Ariba permet aux entreprises de s\u00e9lectionner soigneusement leurs fournisseurs et de v\u00e9rifier leurs normes de durabilit\u00e9. Les entreprises peuvent ainsi s'assurer qu'ils r\u00e9pondent \u00e0 la fois aux nouvelles exigences l\u00e9gales et aux attentes de leurs clients.<\/p>\r\n<h3><strong>EUDR : une opportunit\u00e9 pour un positionnement durable sur le march\u00e9<\/strong><\/h3>\r\n<p>Si les exigences strictes de la DUE posent des d\u00e9fis aux entreprises suisses, elles leur offrent \u00e9galement des opportunit\u00e9s strat\u00e9giques pour se positionner en tant que partenaire durable et responsable. \"En utilisant SAP Ariba, les entreprises peuvent renforcer leur cr\u00e9dibilit\u00e9 en mati\u00e8re de responsabilit\u00e9 environnementale et sociale. Parall\u00e8lement, la plate-forme permet de g\u00e9rer efficacement des exigences r\u00e9glementaires parall\u00e8les et d'\u00e9viter les doubles emplois\", explique l'expert. La combinaison de la transparence num\u00e9rique et de la durabilit\u00e9 renforce non seulement le positionnement sur le march\u00e9, mais entra\u00eene \u00e9galement une plus grande fid\u00e9lisation des clients et un avantage concurrentiel \u00e0 long terme. Ainsi, la mise en \u0153uvre de la directive EUDR passe d'un d\u00e9fi \u00e0 une opportunit\u00e9 que les entreprises peuvent saisir pour optimiser leurs processus et se positionner durablement sur le march\u00e9.<\/p>\r\n<p><em>Source : <a href=\"http:\/\/www.cnt-online.com\/\">www.cnt-online.com<\/a><\/em><\/p>\n<p class=\"syndicated-attribution\">Cet article est paru initialement sur m-q.ch - <a href=\"https:\/\/www.m-q.ch\/de\/neue-eu-entwaldungsverordnung-als-chance\/\" target=\"_blank\">https:\/\/www.m-q.ch\/de\/neue-eu-entwaldungsverordnung-als-chance\/<\/a><\/p>","protected":false},"excerpt":{"rendered":"<p>Le r\u00e8glement europ\u00e9en sur la d\u00e9forestation (EUDR) est un grand pas en avant de l'Union europ\u00e9enne pour lutter contre la d\u00e9forestation mondiale et promouvoir des cha\u00eenes d'approvisionnement durables. Initialement pr\u00e9vue pour fin 2024, l'entr\u00e9e en vigueur du r\u00e8glement a toutefois \u00e9t\u00e9 report\u00e9e \u00e0 fin 2025 en raison de d\u00e9fis importants, notamment pour les petites et moyennes entreprises (PME).<\/p>","protected":false},"author":58,"featured_media":0,"comment_status":"closed","ping_status":"closed","sticky":false,"template":"","format":"standard","meta":{"_acf_changed":false,"_yoast_wpseo_focuskw":"EU-Entwaldungsverordnung","_yoast_wpseo_metadesc":"","articlekey":"","footnotes":""},"categories":[580],"tags":[4716,301,418,492],"class_list":["post-31553","post","type-post","status-publish","format-standard","hentry","category-sustainability","tag-eu-entwaldungsverordnung","tag-kmu","tag-risikomanagement","tag-unternehmen"],"acf":[],"yoast_head":"<!-- This site is optimized with the Yoast SEO plugin v27.5 - https:\/\/yoast.com\/product\/yoast-seo-wordpress\/ -->\n<title>Neue EU-Entwaldungsverordnung als Chance - Organisator<\/title>\n<meta name=\"robots\" content=\"index, follow, max-snippet:-1, max-image-preview:large, max-video-preview:-1\" \/>\n<link rel=\"canonical\" href=\"https:\/\/www.organisator.ch\/fr\/sustainability\/2024-11-06\/neue-eu-entwaldungsverordnung-als-chance\/\" \/>\n<meta property=\"og:locale\" content=\"fr_FR\" \/>\n<meta property=\"og:type\" content=\"article\" \/>\n<meta property=\"og:title\" content=\"Neue EU-Entwaldungsverordnung als Chance - Organisator\" \/>\n<meta property=\"og:description\" content=\"Die EU-Entwaldungsverordnung (EUDR) ist ein grosser Schritt der Europ\u00e4ischen Union, um die weltweite Entwaldung zu bek\u00e4mpfen und nachhaltige Lieferketten zu f\u00f6rdern. Urspr\u00fcnglich f\u00fcr Ende 2024 vorgesehen, wurde das Inkrafttreten der Verordnung jedoch aufgrund erheblicher Herausforderungen, insbesondere f\u00fcr kleine und mittelst\u00e4ndische Unternehmen (KMUs), auf Ende 2025 verschoben.\" \/>\n<meta property=\"og:url\" content=\"https:\/\/www.organisator.ch\/fr\/sustainability\/2024-11-06\/neue-eu-entwaldungsverordnung-als-chance\/\" \/>\n<meta property=\"og:site_name\" content=\"Organisator\" \/>\n<meta property=\"article:publisher\" content=\"https:\/\/www.facebook.com\/OrganisatorFachmagazin\" \/>\n<meta property=\"article:published_time\" content=\"2024-11-06T08:42:07+00:00\" \/>\n<meta property=\"article:modified_time\" content=\"2024-11-06T14:28:16+00:00\" \/>\n<meta property=\"og:image\" content=\"https:\/\/www.m-q.ch\/wp-content\/uploads\/2024\/11\/CNT_Bild1_ps.jpg\" \/>\n<meta name=\"author\" content=\"Adelisa Kalajdzini\" \/>\n<meta name=\"twitter:card\" content=\"summary_large_image\" \/>\n<script type=\"application\/ld+json\" class=\"yoast-schema-graph\">{\"@context\":\"https:\\\/\\\/schema.org\",\"@graph\":[{\"@type\":\"Article\",\"@id\":\"https:\\\/\\\/www.organisator.ch\\\/sustainability\\\/2024-11-06\\\/neue-eu-entwaldungsverordnung-als-chance\\\/#article\",\"isPartOf\":{\"@id\":\"https:\\\/\\\/www.organisator.ch\\\/sustainability\\\/2024-11-06\\\/neue-eu-entwaldungsverordnung-als-chance\\\/\"},\"author\":{\"name\":\"Adelisa Kalajdzini\",\"@id\":\"https:\\\/\\\/www.organisator.ch\\\/#\\\/schema\\\/person\\\/2e1314a2172123f874db408d8911d3f3\"},\"headline\":\"Neue EU-Entwaldungsverordnung als Chance\",\"datePublished\":\"2024-11-06T08:42:07+00:00\",\"dateModified\":\"2024-11-06T14:28:16+00:00\",\"mainEntityOfPage\":{\"@id\":\"https:\\\/\\\/www.organisator.ch\\\/sustainability\\\/2024-11-06\\\/neue-eu-entwaldungsverordnung-als-chance\\\/\"},\"wordCount\":592,\"publisher\":{\"@id\":\"https:\\\/\\\/www.organisator.ch\\\/#organization\"},\"image\":{\"@id\":\"https:\\\/\\\/www.organisator.ch\\\/sustainability\\\/2024-11-06\\\/neue-eu-entwaldungsverordnung-als-chance\\\/#primaryimage\"},\"thumbnailUrl\":\"https:\\\/\\\/www.m-q.ch\\\/wp-content\\\/uploads\\\/2024\\\/11\\\/CNT_Bild1_ps.jpg\",\"keywords\":[\"EU-Entwaldungsverordnung\",\"KMU\",\"Risikomanagement\",\"Unternehmen\"],\"articleSection\":[\"SUSTAINABILITY\"],\"inLanguage\":\"fr-FR\"},{\"@type\":\"WebPage\",\"@id\":\"https:\\\/\\\/www.organisator.ch\\\/sustainability\\\/2024-11-06\\\/neue-eu-entwaldungsverordnung-als-chance\\\/\",\"url\":\"https:\\\/\\\/www.organisator.ch\\\/sustainability\\\/2024-11-06\\\/neue-eu-entwaldungsverordnung-als-chance\\\/\",\"name\":\"Neue EU-Entwaldungsverordnung als Chance - Organisator\",\"isPartOf\":{\"@id\":\"https:\\\/\\\/www.organisator.ch\\\/#website\"},\"primaryImageOfPage\":{\"@id\":\"https:\\\/\\\/www.organisator.ch\\\/sustainability\\\/2024-11-06\\\/neue-eu-entwaldungsverordnung-als-chance\\\/#primaryimage\"},\"image\":{\"@id\":\"https:\\\/\\\/www.organisator.ch\\\/sustainability\\\/2024-11-06\\\/neue-eu-entwaldungsverordnung-als-chance\\\/#primaryimage\"},\"thumbnailUrl\":\"https:\\\/\\\/www.m-q.ch\\\/wp-content\\\/uploads\\\/2024\\\/11\\\/CNT_Bild1_ps.jpg\",\"datePublished\":\"2024-11-06T08:42:07+00:00\",\"dateModified\":\"2024-11-06T14:28:16+00:00\",\"breadcrumb\":{\"@id\":\"https:\\\/\\\/www.organisator.ch\\\/sustainability\\\/2024-11-06\\\/neue-eu-entwaldungsverordnung-als-chance\\\/#breadcrumb\"},\"inLanguage\":\"fr-FR\",\"potentialAction\":[{\"@type\":\"ReadAction\",\"target\":[\"https:\\\/\\\/www.organisator.ch\\\/sustainability\\\/2024-11-06\\\/neue-eu-entwaldungsverordnung-als-chance\\\/\"]}]},{\"@type\":\"ImageObject\",\"inLanguage\":\"fr-FR\",\"@id\":\"https:\\\/\\\/www.organisator.ch\\\/sustainability\\\/2024-11-06\\\/neue-eu-entwaldungsverordnung-als-chance\\\/#primaryimage\",\"url\":\"https:\\\/\\\/www.m-q.ch\\\/wp-content\\\/uploads\\\/2024\\\/11\\\/CNT_Bild1_ps.jpg\",\"contentUrl\":\"https:\\\/\\\/www.m-q.ch\\\/wp-content\\\/uploads\\\/2024\\\/11\\\/CNT_Bild1_ps.jpg\"},{\"@type\":\"BreadcrumbList\",\"@id\":\"https:\\\/\\\/www.organisator.ch\\\/sustainability\\\/2024-11-06\\\/neue-eu-entwaldungsverordnung-als-chance\\\/#breadcrumb\",\"itemListElement\":[{\"@type\":\"ListItem\",\"position\":1,\"name\":\"Home\",\"item\":\"https:\\\/\\\/www.organisator.ch\\\/\"},{\"@type\":\"ListItem\",\"position\":2,\"name\":\"Neue EU-Entwaldungsverordnung als Chance\"}]},{\"@type\":\"WebSite\",\"@id\":\"https:\\\/\\\/www.organisator.ch\\\/#website\",\"url\":\"https:\\\/\\\/www.organisator.ch\\\/\",\"name\":\"Organisator\",\"description\":\"Kompetent. Praxisnah. Der ORGANISATOR bereitet in 10 Ausgaben pro Jahr die wesentlichen Themen f\u00fcr F\u00fchrungskr\u00e4fte von KMU auf.\",\"publisher\":{\"@id\":\"https:\\\/\\\/www.organisator.ch\\\/#organization\"},\"potentialAction\":[{\"@type\":\"SearchAction\",\"target\":{\"@type\":\"EntryPoint\",\"urlTemplate\":\"https:\\\/\\\/www.organisator.ch\\\/?s={search_term_string}\"},\"query-input\":{\"@type\":\"PropertyValueSpecification\",\"valueRequired\":true,\"valueName\":\"search_term_string\"}}],\"inLanguage\":\"fr-FR\"},{\"@type\":\"Organization\",\"@id\":\"https:\\\/\\\/www.organisator.ch\\\/#organization\",\"name\":\"Organisator\",\"url\":\"https:\\\/\\\/www.organisator.ch\\\/\",\"logo\":{\"@type\":\"ImageObject\",\"inLanguage\":\"fr-FR\",\"@id\":\"https:\\\/\\\/www.organisator.ch\\\/#\\\/schema\\\/logo\\\/image\\\/\",\"url\":\"https:\\\/\\\/www.organisator.ch\\\/wp-content\\\/uploads\\\/2022\\\/01\\\/Logo_Organisator_Website.png\",\"contentUrl\":\"https:\\\/\\\/www.organisator.ch\\\/wp-content\\\/uploads\\\/2022\\\/01\\\/Logo_Organisator_Website.png\",\"width\":800,\"height\":77,\"caption\":\"Organisator\"},\"image\":{\"@id\":\"https:\\\/\\\/www.organisator.ch\\\/#\\\/schema\\\/logo\\\/image\\\/\"},\"sameAs\":[\"https:\\\/\\\/www.facebook.com\\\/OrganisatorFachmagazin\",\"https:\\\/\\\/www.linkedin.com\\\/showcase\\\/organisator-das-magazin-fr-kmu\",\"https:\\\/\\\/www.xing.com\\\/news\\\/pages\\\/organisator-ch-695\",\"https:\\\/\\\/www.youtube.com\\\/channel\\\/UCGP2Sq0iWaZwT3BdIAQFYpw\"]},{\"@type\":\"Person\",\"@id\":\"https:\\\/\\\/www.organisator.ch\\\/#\\\/schema\\\/person\\\/2e1314a2172123f874db408d8911d3f3\",\"name\":\"Adelisa Kalajdzini\",\"image\":{\"@type\":\"ImageObject\",\"inLanguage\":\"fr-FR\",\"@id\":\"https:\\\/\\\/secure.gravatar.com\\\/avatar\\\/09a397c22ac58cad6f160ee8306348599df9df58a8ede73696226897b9fa4b24?s=96&d=mm&r=g\",\"url\":\"https:\\\/\\\/secure.gravatar.com\\\/avatar\\\/09a397c22ac58cad6f160ee8306348599df9df58a8ede73696226897b9fa4b24?s=96&d=mm&r=g\",\"contentUrl\":\"https:\\\/\\\/secure.gravatar.com\\\/avatar\\\/09a397c22ac58cad6f160ee8306348599df9df58a8ede73696226897b9fa4b24?s=96&d=mm&r=g\",\"caption\":\"Adelisa Kalajdzini\"},\"url\":\"https:\\\/\\\/www.organisator.ch\\\/fr\\\/author\\\/adelisa-kalajdzini\\\/\"}]}<\/script>\n<!-- \/ Yoast SEO plugin. -->","yoast_head_json":{"title":"Le nouveau r\u00e8glement europ\u00e9en sur les for\u00eats : une opportunit\u00e9 \u00e0 saisir - Organisateur","robots":{"index":"index","follow":"follow","max-snippet":"max-snippet:-1","max-image-preview":"max-image-preview:large","max-video-preview":"max-video-preview:-1"},"canonical":"https:\/\/www.organisator.ch\/fr\/sustainability\/2024-11-06\/neue-eu-entwaldungsverordnung-als-chance\/","og_locale":"fr_FR","og_type":"article","og_title":"Neue EU-Entwaldungsverordnung als Chance - Organisator","og_description":"Die EU-Entwaldungsverordnung (EUDR) ist ein grosser Schritt der Europ\u00e4ischen Union, um die weltweite Entwaldung zu bek\u00e4mpfen und nachhaltige Lieferketten zu f\u00f6rdern. Urspr\u00fcnglich f\u00fcr Ende 2024 vorgesehen, wurde das Inkrafttreten der Verordnung jedoch aufgrund erheblicher Herausforderungen, insbesondere f\u00fcr kleine und mittelst\u00e4ndische Unternehmen (KMUs), auf Ende 2025 verschoben.","og_url":"https:\/\/www.organisator.ch\/fr\/sustainability\/2024-11-06\/neue-eu-entwaldungsverordnung-als-chance\/","og_site_name":"Organisator","article_publisher":"https:\/\/www.facebook.com\/OrganisatorFachmagazin","article_published_time":"2024-11-06T08:42:07+00:00","article_modified_time":"2024-11-06T14:28:16+00:00","og_image":[{"url":"https:\/\/www.m-q.ch\/wp-content\/uploads\/2024\/11\/CNT_Bild1_ps.jpg","type":"","width":"","height":""}],"author":"Adelisa Kalajdzini","twitter_card":"summary_large_image","schema":{"@context":"https:\/\/schema.org","@graph":[{"@type":"Article","@id":"https:\/\/www.organisator.ch\/sustainability\/2024-11-06\/neue-eu-entwaldungsverordnung-als-chance\/#article","isPartOf":{"@id":"https:\/\/www.organisator.ch\/sustainability\/2024-11-06\/neue-eu-entwaldungsverordnung-als-chance\/"},"author":{"name":"Adelisa Kalajdzini","@id":"https:\/\/www.organisator.ch\/#\/schema\/person\/2e1314a2172123f874db408d8911d3f3"},"headline":"Neue EU-Entwaldungsverordnung als Chance","datePublished":"2024-11-06T08:42:07+00:00","dateModified":"2024-11-06T14:28:16+00:00","mainEntityOfPage":{"@id":"https:\/\/www.organisator.ch\/sustainability\/2024-11-06\/neue-eu-entwaldungsverordnung-als-chance\/"},"wordCount":592,"publisher":{"@id":"https:\/\/www.organisator.ch\/#organization"},"image":{"@id":"https:\/\/www.organisator.ch\/sustainability\/2024-11-06\/neue-eu-entwaldungsverordnung-als-chance\/#primaryimage"},"thumbnailUrl":"https:\/\/www.m-q.ch\/wp-content\/uploads\/2024\/11\/CNT_Bild1_ps.jpg","keywords":["EU-Entwaldungsverordnung","KMU","Risikomanagement","Unternehmen"],"articleSection":["SUSTAINABILITY"],"inLanguage":"fr-FR"},{"@type":"WebPage","@id":"https:\/\/www.organisator.ch\/sustainability\/2024-11-06\/neue-eu-entwaldungsverordnung-als-chance\/","url":"https:\/\/www.organisator.ch\/sustainability\/2024-11-06\/neue-eu-entwaldungsverordnung-als-chance\/","name":"Le nouveau r\u00e8glement europ\u00e9en sur les for\u00eats : une opportunit\u00e9 \u00e0 saisir - Organisateur","isPartOf":{"@id":"https:\/\/www.organisator.ch\/#website"},"primaryImageOfPage":{"@id":"https:\/\/www.organisator.ch\/sustainability\/2024-11-06\/neue-eu-entwaldungsverordnung-als-chance\/#primaryimage"},"image":{"@id":"https:\/\/www.organisator.ch\/sustainability\/2024-11-06\/neue-eu-entwaldungsverordnung-als-chance\/#primaryimage"},"thumbnailUrl":"https:\/\/www.m-q.ch\/wp-content\/uploads\/2024\/11\/CNT_Bild1_ps.jpg","datePublished":"2024-11-06T08:42:07+00:00","dateModified":"2024-11-06T14:28:16+00:00","breadcrumb":{"@id":"https:\/\/www.organisator.ch\/sustainability\/2024-11-06\/neue-eu-entwaldungsverordnung-als-chance\/#breadcrumb"},"inLanguage":"fr-FR","potentialAction":[{"@type":"ReadAction","target":["https:\/\/www.organisator.ch\/sustainability\/2024-11-06\/neue-eu-entwaldungsverordnung-als-chance\/"]}]},{"@type":"ImageObject","inLanguage":"fr-FR","@id":"https:\/\/www.organisator.ch\/sustainability\/2024-11-06\/neue-eu-entwaldungsverordnung-als-chance\/#primaryimage","url":"https:\/\/www.m-q.ch\/wp-content\/uploads\/2024\/11\/CNT_Bild1_ps.jpg","contentUrl":"https:\/\/www.m-q.ch\/wp-content\/uploads\/2024\/11\/CNT_Bild1_ps.jpg"},{"@type":"BreadcrumbList","@id":"https:\/\/www.organisator.ch\/sustainability\/2024-11-06\/neue-eu-entwaldungsverordnung-als-chance\/#breadcrumb","itemListElement":[{"@type":"ListItem","position":1,"name":"Home","item":"https:\/\/www.organisator.ch\/"},{"@type":"ListItem","position":2,"name":"Neue EU-Entwaldungsverordnung als Chance"}]},{"@type":"WebSite","@id":"https:\/\/www.organisator.ch\/#website","url":"https:\/\/www.organisator.ch\/","name":"Organisateur","description":"Comp\u00e9tence et comp\u00e9tence. Proches de la pratique. L'ORGANISATEUR pr\u00e9pare 10 num\u00e9ros par an sur les th\u00e8mes essentiels pour les dirigeants de PME.","publisher":{"@id":"https:\/\/www.organisator.ch\/#organization"},"potentialAction":[{"@type":"SearchAction","target":{"@type":"EntryPoint","urlTemplate":"https:\/\/www.organisator.ch\/?s={search_term_string}"},"query-input":{"@type":"PropertyValueSpecification","valueRequired":true,"valueName":"search_term_string"}}],"inLanguage":"fr-FR"},{"@type":"Organization","@id":"https:\/\/www.organisator.ch\/#organization","name":"Organisateur","url":"https:\/\/www.organisator.ch\/","logo":{"@type":"ImageObject","inLanguage":"fr-FR","@id":"https:\/\/www.organisator.ch\/#\/schema\/logo\/image\/","url":"https:\/\/www.organisator.ch\/wp-content\/uploads\/2022\/01\/Logo_Organisator_Website.png","contentUrl":"https:\/\/www.organisator.ch\/wp-content\/uploads\/2022\/01\/Logo_Organisator_Website.png","width":800,"height":77,"caption":"Organisator"},"image":{"@id":"https:\/\/www.organisator.ch\/#\/schema\/logo\/image\/"},"sameAs":["https:\/\/www.facebook.com\/OrganisatorFachmagazin","https:\/\/www.linkedin.com\/showcase\/organisator-das-magazin-fr-kmu","https:\/\/www.xing.com\/news\/pages\/organisator-ch-695","https:\/\/www.youtube.com\/channel\/UCGP2Sq0iWaZwT3BdIAQFYpw"]},{"@type":"Person","@id":"https:\/\/www.organisator.ch\/#\/schema\/person\/2e1314a2172123f874db408d8911d3f3","name":"Adelisa Kalajdzini","image":{"@type":"ImageObject","inLanguage":"fr-FR","@id":"https:\/\/secure.gravatar.com\/avatar\/09a397c22ac58cad6f160ee8306348599df9df58a8ede73696226897b9fa4b24?s=96&d=mm&r=g","url":"https:\/\/secure.gravatar.com\/avatar\/09a397c22ac58cad6f160ee8306348599df9df58a8ede73696226897b9fa4b24?s=96&d=mm&r=g","contentUrl":"https:\/\/secure.gravatar.com\/avatar\/09a397c22ac58cad6f160ee8306348599df9df58a8ede73696226897b9fa4b24?s=96&d=mm&r=g","caption":"Adelisa Kalajdzini"},"url":"https:\/\/www.organisator.ch\/fr\/author\/adelisa-kalajdzini\/"}]}},"_links":{"self":[{"href":"https:\/\/www.organisator.ch\/fr\/wp-json\/wp\/v2\/posts\/31553","targetHints":{"allow":["GET"]}}],"collection":[{"href":"https:\/\/www.organisator.ch\/fr\/wp-json\/wp\/v2\/posts"}],"about":[{"href":"https:\/\/www.organisator.ch\/fr\/wp-json\/wp\/v2\/types\/post"}],"author":[{"embeddable":true,"href":"https:\/\/www.organisator.ch\/fr\/wp-json\/wp\/v2\/users\/58"}],"replies":[{"embeddable":true,"href":"https:\/\/www.organisator.ch\/fr\/wp-json\/wp\/v2\/comments?post=31553"}],"version-history":[{"count":6,"href":"https:\/\/www.organisator.ch\/fr\/wp-json\/wp\/v2\/posts\/31553\/revisions"}],"predecessor-version":[{"id":31560,"href":"https:\/\/www.organisator.ch\/fr\/wp-json\/wp\/v2\/posts\/31553\/revisions\/31560"}],"wp:attachment":[{"href":"https:\/\/www.organisator.ch\/fr\/wp-json\/wp\/v2\/media?parent=31553"}],"wp:term":[{"taxonomy":"category","embeddable":true,"href":"https:\/\/www.organisator.ch\/fr\/wp-json\/wp\/v2\/categories?post=31553"},{"taxonomy":"post_tag","embeddable":true,"href":"https:\/\/www.organisator.ch\/fr\/wp-json\/wp\/v2\/tags?post=31553"}],"curies":[{"name":"wp","href":"https:\/\/api.w.org\/{rel}","templated":true}]}}