{"id":31578,"date":"2024-11-06T15:11:49","date_gmt":"2024-11-06T14:11:49","guid":{"rendered":"https:\/\/www.markt-kom.com\/?p=226171"},"modified":"2024-11-07T09:10:05","modified_gmt":"2024-11-07T08:10:05","slug":"feratel-schweiz-ag-und-aletsch-bahnen-ag-verlaengern-partnerschaft-2","status":"publish","type":"post","link":"https:\/\/www.organisator.ch\/fr\/marketing\/2024-11-06\/feratel-schweiz-ag-und-aletsch-bahnen-ag-verlaengern-partnerschaft-2\/","title":{"rendered":"Feratel Schweiz AG et Aletsch Bahnen AG prolongent leur partenariat"},"content":{"rendered":"<p><img class=\"alignnone wp-image-226172 size-full\" src=\"https:\/\/www.markt-kom.com\/wp-content\/uploads\/2024\/11\/Bild-Aletscharena-scaled.jpg\" alt=\"Feratel Suisse\" width=\"1400\" height=\"933\" \/><\/p>\r\n<p>Feratel Schweiz AG commercialise, en tant que partenaire d'Aletsch Bahnen AG, une palette vari\u00e9e et int\u00e9ressante de surfaces publicitaires de haute qualit\u00e9 (Big Poster, F12P, Entry Poster pr\u00e8s des tourniquets, Big Flags Branding et Branding \u00e0 l'\u00e9tage). De plus, des r\u00e9alisations sp\u00e9ciales individuelles sur des sites tr\u00e8s fr\u00e9quent\u00e9s compl\u00e8tent l'offre.<\/p>\r\n<p>Valentin K\u00f6nig, CEO d'Aletsch Bahnen AG, d\u00e9clare : \"Nous sommes li\u00e9s \u00e0 Feratel Schweiz AG par un partenariat amical, loyal, professionnel et fructueux. Nous nous r\u00e9jouissons de continuer \u00e0 r\u00e9aliser avec Feratel Schweiz AG des r\u00e9alisations publicitaires int\u00e9ressantes et innovantes\".<\/p>","protected":false},"excerpt":{"rendered":"<p>Aletsch Bahnen AG prolonge son partenariat fructueux avec Feratel Suisse pour la commercialisation de la publicit\u00e9. Feratel Suisse peut ainsi consolider sa forte position dans le domaine de la publicit\u00e9 en montagne et continue \u00e0 proposer des r\u00e9alisations passionnantes dans l'attrayante r\u00e9gion de ski Aletscharena.<\/p>","protected":false},"author":8,"featured_media":0,"comment_status":"closed","ping_status":"closed","sticky":false,"template":"","format":"standard","meta":{"_acf_changed":false,"_yoast_wpseo_focuskw":"Feratel Schweiz","_yoast_wpseo_metadesc":"Feratel Schweiz AG und Aletsch Bahnen AG bieten innovative Werbefl\u00e4chen an stark frequentierten Standorten.","articlekey":"","footnotes":""},"categories":[29],"tags":[2827,2828,4720,3197,4343,4721,4722],"class_list":["post-31578","post","type-post","status-publish","format-standard","hentry","category-marketing","tag-aussenwerbung","tag-dooh","tag-feratal","tag-kampagnen","tag-markom","tag-ooh","tag-vermarktung"],"acf":[],"yoast_head":"<!-- This site is optimized with the Yoast SEO plugin v27.5 - https:\/\/yoast.com\/product\/yoast-seo-wordpress\/ -->\n<title>Feratel Schweiz AG und Aletsch Bahnen AG verl\u00e4ngern Partnerschaft - Organisator<\/title>\n<meta name=\"description\" content=\"Feratel Schweiz AG und Aletsch Bahnen AG bieten innovative Werbefl\u00e4chen an stark frequentierten Standorten.\" \/>\n<meta name=\"robots\" content=\"index, follow, max-snippet:-1, max-image-preview:large, max-video-preview:-1\" \/>\n<link rel=\"canonical\" href=\"https:\/\/www.organisator.ch\/fr\/marketing\/2024-11-06\/feratel-schweiz-ag-und-aletsch-bahnen-ag-verlaengern-partnerschaft-2\/\" \/>\n<meta property=\"og:locale\" content=\"fr_FR\" \/>\n<meta property=\"og:type\" content=\"article\" \/>\n<meta property=\"og:title\" content=\"Feratel Schweiz AG und Aletsch Bahnen AG verl\u00e4ngern Partnerschaft - Organisator\" \/>\n<meta property=\"og:description\" content=\"Feratel Schweiz AG und Aletsch Bahnen AG bieten innovative Werbefl\u00e4chen an stark frequentierten Standorten.\" \/>\n<meta property=\"og:url\" content=\"https:\/\/www.organisator.ch\/fr\/marketing\/2024-11-06\/feratel-schweiz-ag-und-aletsch-bahnen-ag-verlaengern-partnerschaft-2\/\" \/>\n<meta property=\"og:site_name\" content=\"Organisator\" \/>\n<meta property=\"article:publisher\" content=\"https:\/\/www.facebook.com\/OrganisatorFachmagazin\" \/>\n<meta property=\"article:published_time\" content=\"2024-11-06T14:11:49+00:00\" \/>\n<meta property=\"article:modified_time\" content=\"2024-11-07T08:10:05+00:00\" \/>\n<meta property=\"og:image\" content=\"https:\/\/www.markt-kom.com\/wp-content\/uploads\/2024\/11\/Bild-Aletscharena-scaled.jpg\" \/>\n<meta name=\"author\" content=\"galledia\" \/>\n<meta name=\"twitter:card\" content=\"summary_large_image\" \/>\n<meta name=\"twitter:creator\" content=\"@admin\" \/>\n<script type=\"application\/ld+json\" class=\"yoast-schema-graph\">{\"@context\":\"https:\\\/\\\/schema.org\",\"@graph\":[{\"@type\":\"Article\",\"@id\":\"https:\\\/\\\/www.organisator.ch\\\/marketing\\\/2024-11-06\\\/feratel-schweiz-ag-und-aletsch-bahnen-ag-verlaengern-partnerschaft-2\\\/#article\",\"isPartOf\":{\"@id\":\"https:\\\/\\\/www.organisator.ch\\\/marketing\\\/2024-11-06\\\/feratel-schweiz-ag-und-aletsch-bahnen-ag-verlaengern-partnerschaft-2\\\/\"},\"author\":{\"name\":\"galledia\",\"@id\":\"https:\\\/\\\/www.organisator.ch\\\/#\\\/schema\\\/person\\\/4e51799071cd2dd1232ac003643ef5f0\"},\"headline\":\"Feratel Schweiz AG und Aletsch Bahnen AG verl\u00e4ngern Partnerschaft\",\"datePublished\":\"2024-11-06T14:11:49+00:00\",\"dateModified\":\"2024-11-07T08:10:05+00:00\",\"mainEntityOfPage\":{\"@id\":\"https:\\\/\\\/www.organisator.ch\\\/marketing\\\/2024-11-06\\\/feratel-schweiz-ag-und-aletsch-bahnen-ag-verlaengern-partnerschaft-2\\\/\"},\"wordCount\":98,\"publisher\":{\"@id\":\"https:\\\/\\\/www.organisator.ch\\\/#organization\"},\"image\":{\"@id\":\"https:\\\/\\\/www.organisator.ch\\\/marketing\\\/2024-11-06\\\/feratel-schweiz-ag-und-aletsch-bahnen-ag-verlaengern-partnerschaft-2\\\/#primaryimage\"},\"thumbnailUrl\":\"https:\\\/\\\/www.markt-kom.com\\\/wp-content\\\/uploads\\\/2024\\\/11\\\/Bild-Aletscharena-scaled.jpg\",\"keywords\":[\"Aussenwerbung\",\"DOOH\",\"Feratal\",\"Kampagnen\",\"MarKom\",\"OOH\",\"Vermarktung\"],\"articleSection\":[\"MARKETING\"],\"inLanguage\":\"fr-FR\"},{\"@type\":\"WebPage\",\"@id\":\"https:\\\/\\\/www.organisator.ch\\\/marketing\\\/2024-11-06\\\/feratel-schweiz-ag-und-aletsch-bahnen-ag-verlaengern-partnerschaft-2\\\/\",\"url\":\"https:\\\/\\\/www.organisator.ch\\\/marketing\\\/2024-11-06\\\/feratel-schweiz-ag-und-aletsch-bahnen-ag-verlaengern-partnerschaft-2\\\/\",\"name\":\"Feratel Schweiz AG und Aletsch Bahnen AG verl\u00e4ngern Partnerschaft - Organisator\",\"isPartOf\":{\"@id\":\"https:\\\/\\\/www.organisator.ch\\\/#website\"},\"primaryImageOfPage\":{\"@id\":\"https:\\\/\\\/www.organisator.ch\\\/marketing\\\/2024-11-06\\\/feratel-schweiz-ag-und-aletsch-bahnen-ag-verlaengern-partnerschaft-2\\\/#primaryimage\"},\"image\":{\"@id\":\"https:\\\/\\\/www.organisator.ch\\\/marketing\\\/2024-11-06\\\/feratel-schweiz-ag-und-aletsch-bahnen-ag-verlaengern-partnerschaft-2\\\/#primaryimage\"},\"thumbnailUrl\":\"https:\\\/\\\/www.markt-kom.com\\\/wp-content\\\/uploads\\\/2024\\\/11\\\/Bild-Aletscharena-scaled.jpg\",\"datePublished\":\"2024-11-06T14:11:49+00:00\",\"dateModified\":\"2024-11-07T08:10:05+00:00\",\"description\":\"Feratel Schweiz AG und Aletsch Bahnen AG bieten innovative Werbefl\u00e4chen an stark frequentierten Standorten.\",\"breadcrumb\":{\"@id\":\"https:\\\/\\\/www.organisator.ch\\\/marketing\\\/2024-11-06\\\/feratel-schweiz-ag-und-aletsch-bahnen-ag-verlaengern-partnerschaft-2\\\/#breadcrumb\"},\"inLanguage\":\"fr-FR\",\"potentialAction\":[{\"@type\":\"ReadAction\",\"target\":[\"https:\\\/\\\/www.organisator.ch\\\/marketing\\\/2024-11-06\\\/feratel-schweiz-ag-und-aletsch-bahnen-ag-verlaengern-partnerschaft-2\\\/\"]}]},{\"@type\":\"ImageObject\",\"inLanguage\":\"fr-FR\",\"@id\":\"https:\\\/\\\/www.organisator.ch\\\/marketing\\\/2024-11-06\\\/feratel-schweiz-ag-und-aletsch-bahnen-ag-verlaengern-partnerschaft-2\\\/#primaryimage\",\"url\":\"https:\\\/\\\/www.markt-kom.com\\\/wp-content\\\/uploads\\\/2024\\\/11\\\/Bild-Aletscharena-scaled.jpg\",\"contentUrl\":\"https:\\\/\\\/www.markt-kom.com\\\/wp-content\\\/uploads\\\/2024\\\/11\\\/Bild-Aletscharena-scaled.jpg\"},{\"@type\":\"BreadcrumbList\",\"@id\":\"https:\\\/\\\/www.organisator.ch\\\/marketing\\\/2024-11-06\\\/feratel-schweiz-ag-und-aletsch-bahnen-ag-verlaengern-partnerschaft-2\\\/#breadcrumb\",\"itemListElement\":[{\"@type\":\"ListItem\",\"position\":1,\"name\":\"Home\",\"item\":\"https:\\\/\\\/www.organisator.ch\\\/\"},{\"@type\":\"ListItem\",\"position\":2,\"name\":\"Feratel Schweiz AG und Aletsch Bahnen AG verl\u00e4ngern Partnerschaft\"}]},{\"@type\":\"WebSite\",\"@id\":\"https:\\\/\\\/www.organisator.ch\\\/#website\",\"url\":\"https:\\\/\\\/www.organisator.ch\\\/\",\"name\":\"Organisator\",\"description\":\"Kompetent. Praxisnah. Der ORGANISATOR bereitet in 10 Ausgaben pro Jahr die wesentlichen Themen f\u00fcr F\u00fchrungskr\u00e4fte von KMU auf.\",\"publisher\":{\"@id\":\"https:\\\/\\\/www.organisator.ch\\\/#organization\"},\"potentialAction\":[{\"@type\":\"SearchAction\",\"target\":{\"@type\":\"EntryPoint\",\"urlTemplate\":\"https:\\\/\\\/www.organisator.ch\\\/?s={search_term_string}\"},\"query-input\":{\"@type\":\"PropertyValueSpecification\",\"valueRequired\":true,\"valueName\":\"search_term_string\"}}],\"inLanguage\":\"fr-FR\"},{\"@type\":\"Organization\",\"@id\":\"https:\\\/\\\/www.organisator.ch\\\/#organization\",\"name\":\"Organisator\",\"url\":\"https:\\\/\\\/www.organisator.ch\\\/\",\"logo\":{\"@type\":\"ImageObject\",\"inLanguage\":\"fr-FR\",\"@id\":\"https:\\\/\\\/www.organisator.ch\\\/#\\\/schema\\\/logo\\\/image\\\/\",\"url\":\"https:\\\/\\\/www.organisator.ch\\\/wp-content\\\/uploads\\\/2022\\\/01\\\/Logo_Organisator_Website.png\",\"contentUrl\":\"https:\\\/\\\/www.organisator.ch\\\/wp-content\\\/uploads\\\/2022\\\/01\\\/Logo_Organisator_Website.png\",\"width\":800,\"height\":77,\"caption\":\"Organisator\"},\"image\":{\"@id\":\"https:\\\/\\\/www.organisator.ch\\\/#\\\/schema\\\/logo\\\/image\\\/\"},\"sameAs\":[\"https:\\\/\\\/www.facebook.com\\\/OrganisatorFachmagazin\",\"https:\\\/\\\/www.linkedin.com\\\/showcase\\\/organisator-das-magazin-fr-kmu\",\"https:\\\/\\\/www.xing.com\\\/news\\\/pages\\\/organisator-ch-695\",\"https:\\\/\\\/www.youtube.com\\\/channel\\\/UCGP2Sq0iWaZwT3BdIAQFYpw\"]},{\"@type\":\"Person\",\"@id\":\"https:\\\/\\\/www.organisator.ch\\\/#\\\/schema\\\/person\\\/4e51799071cd2dd1232ac003643ef5f0\",\"name\":\"galledia\",\"image\":{\"@type\":\"ImageObject\",\"inLanguage\":\"fr-FR\",\"@id\":\"https:\\\/\\\/secure.gravatar.com\\\/avatar\\\/78a7f90c01fc2bfc875782a0d4922b37cde2cf184ce347b91316d23cd7f69a36?s=96&d=mm&r=g\",\"url\":\"https:\\\/\\\/secure.gravatar.com\\\/avatar\\\/78a7f90c01fc2bfc875782a0d4922b37cde2cf184ce347b91316d23cd7f69a36?s=96&d=mm&r=g\",\"contentUrl\":\"https:\\\/\\\/secure.gravatar.com\\\/avatar\\\/78a7f90c01fc2bfc875782a0d4922b37cde2cf184ce347b91316d23cd7f69a36?s=96&d=mm&r=g\",\"caption\":\"galledia\"},\"sameAs\":[\"https:\\\/\\\/x.com\\\/admin\"],\"url\":\"https:\\\/\\\/www.organisator.ch\\\/fr\\\/author\\\/galledia\\\/\"}]}<\/script>\n<!-- \/ Yoast SEO plugin. -->","yoast_head_json":{"title":"Feratel Schweiz AG et Aletsch Bahnen AG prolongent leur partenariat - Organisateur","description":"Feratel Schweiz AG et Aletsch Bahnen AG proposent des espaces publicitaires innovants dans des lieux tr\u00e8s fr\u00e9quent\u00e9s.","robots":{"index":"index","follow":"follow","max-snippet":"max-snippet:-1","max-image-preview":"max-image-preview:large","max-video-preview":"max-video-preview:-1"},"canonical":"https:\/\/www.organisator.ch\/fr\/marketing\/2024-11-06\/feratel-schweiz-ag-und-aletsch-bahnen-ag-verlaengern-partnerschaft-2\/","og_locale":"fr_FR","og_type":"article","og_title":"Feratel Schweiz AG und Aletsch Bahnen AG verl\u00e4ngern Partnerschaft - Organisator","og_description":"Feratel Schweiz AG und Aletsch Bahnen AG bieten innovative Werbefl\u00e4chen an stark frequentierten Standorten.","og_url":"https:\/\/www.organisator.ch\/fr\/marketing\/2024-11-06\/feratel-schweiz-ag-und-aletsch-bahnen-ag-verlaengern-partnerschaft-2\/","og_site_name":"Organisator","article_publisher":"https:\/\/www.facebook.com\/OrganisatorFachmagazin","article_published_time":"2024-11-06T14:11:49+00:00","article_modified_time":"2024-11-07T08:10:05+00:00","og_image":[{"url":"https:\/\/www.markt-kom.com\/wp-content\/uploads\/2024\/11\/Bild-Aletscharena-scaled.jpg","type":"","width":"","height":""}],"author":"galledia","twitter_card":"summary_large_image","twitter_creator":"@admin","schema":{"@context":"https:\/\/schema.org","@graph":[{"@type":"Article","@id":"https:\/\/www.organisator.ch\/marketing\/2024-11-06\/feratel-schweiz-ag-und-aletsch-bahnen-ag-verlaengern-partnerschaft-2\/#article","isPartOf":{"@id":"https:\/\/www.organisator.ch\/marketing\/2024-11-06\/feratel-schweiz-ag-und-aletsch-bahnen-ag-verlaengern-partnerschaft-2\/"},"author":{"name":"galledia","@id":"https:\/\/www.organisator.ch\/#\/schema\/person\/4e51799071cd2dd1232ac003643ef5f0"},"headline":"Feratel Schweiz AG und Aletsch Bahnen AG verl\u00e4ngern Partnerschaft","datePublished":"2024-11-06T14:11:49+00:00","dateModified":"2024-11-07T08:10:05+00:00","mainEntityOfPage":{"@id":"https:\/\/www.organisator.ch\/marketing\/2024-11-06\/feratel-schweiz-ag-und-aletsch-bahnen-ag-verlaengern-partnerschaft-2\/"},"wordCount":98,"publisher":{"@id":"https:\/\/www.organisator.ch\/#organization"},"image":{"@id":"https:\/\/www.organisator.ch\/marketing\/2024-11-06\/feratel-schweiz-ag-und-aletsch-bahnen-ag-verlaengern-partnerschaft-2\/#primaryimage"},"thumbnailUrl":"https:\/\/www.markt-kom.com\/wp-content\/uploads\/2024\/11\/Bild-Aletscharena-scaled.jpg","keywords":["Aussenwerbung","DOOH","Feratal","Kampagnen","MarKom","OOH","Vermarktung"],"articleSection":["MARKETING"],"inLanguage":"fr-FR"},{"@type":"WebPage","@id":"https:\/\/www.organisator.ch\/marketing\/2024-11-06\/feratel-schweiz-ag-und-aletsch-bahnen-ag-verlaengern-partnerschaft-2\/","url":"https:\/\/www.organisator.ch\/marketing\/2024-11-06\/feratel-schweiz-ag-und-aletsch-bahnen-ag-verlaengern-partnerschaft-2\/","name":"Feratel Schweiz AG et Aletsch Bahnen AG prolongent leur partenariat - Organisateur","isPartOf":{"@id":"https:\/\/www.organisator.ch\/#website"},"primaryImageOfPage":{"@id":"https:\/\/www.organisator.ch\/marketing\/2024-11-06\/feratel-schweiz-ag-und-aletsch-bahnen-ag-verlaengern-partnerschaft-2\/#primaryimage"},"image":{"@id":"https:\/\/www.organisator.ch\/marketing\/2024-11-06\/feratel-schweiz-ag-und-aletsch-bahnen-ag-verlaengern-partnerschaft-2\/#primaryimage"},"thumbnailUrl":"https:\/\/www.markt-kom.com\/wp-content\/uploads\/2024\/11\/Bild-Aletscharena-scaled.jpg","datePublished":"2024-11-06T14:11:49+00:00","dateModified":"2024-11-07T08:10:05+00:00","description":"Feratel Schweiz AG et Aletsch Bahnen AG proposent des espaces publicitaires innovants dans des lieux tr\u00e8s fr\u00e9quent\u00e9s.","breadcrumb":{"@id":"https:\/\/www.organisator.ch\/marketing\/2024-11-06\/feratel-schweiz-ag-und-aletsch-bahnen-ag-verlaengern-partnerschaft-2\/#breadcrumb"},"inLanguage":"fr-FR","potentialAction":[{"@type":"ReadAction","target":["https:\/\/www.organisator.ch\/marketing\/2024-11-06\/feratel-schweiz-ag-und-aletsch-bahnen-ag-verlaengern-partnerschaft-2\/"]}]},{"@type":"ImageObject","inLanguage":"fr-FR","@id":"https:\/\/www.organisator.ch\/marketing\/2024-11-06\/feratel-schweiz-ag-und-aletsch-bahnen-ag-verlaengern-partnerschaft-2\/#primaryimage","url":"https:\/\/www.markt-kom.com\/wp-content\/uploads\/2024\/11\/Bild-Aletscharena-scaled.jpg","contentUrl":"https:\/\/www.markt-kom.com\/wp-content\/uploads\/2024\/11\/Bild-Aletscharena-scaled.jpg"},{"@type":"BreadcrumbList","@id":"https:\/\/www.organisator.ch\/marketing\/2024-11-06\/feratel-schweiz-ag-und-aletsch-bahnen-ag-verlaengern-partnerschaft-2\/#breadcrumb","itemListElement":[{"@type":"ListItem","position":1,"name":"Home","item":"https:\/\/www.organisator.ch\/"},{"@type":"ListItem","position":2,"name":"Feratel Schweiz AG und Aletsch Bahnen AG verl\u00e4ngern Partnerschaft"}]},{"@type":"WebSite","@id":"https:\/\/www.organisator.ch\/#website","url":"https:\/\/www.organisator.ch\/","name":"Organisateur","description":"Comp\u00e9tence et comp\u00e9tence. Proches de la pratique. L'ORGANISATEUR pr\u00e9pare 10 num\u00e9ros par an sur les th\u00e8mes essentiels pour les dirigeants de PME.","publisher":{"@id":"https:\/\/www.organisator.ch\/#organization"},"potentialAction":[{"@type":"SearchAction","target":{"@type":"EntryPoint","urlTemplate":"https:\/\/www.organisator.ch\/?s={search_term_string}"},"query-input":{"@type":"PropertyValueSpecification","valueRequired":true,"valueName":"search_term_string"}}],"inLanguage":"fr-FR"},{"@type":"Organization","@id":"https:\/\/www.organisator.ch\/#organization","name":"Organisateur","url":"https:\/\/www.organisator.ch\/","logo":{"@type":"ImageObject","inLanguage":"fr-FR","@id":"https:\/\/www.organisator.ch\/#\/schema\/logo\/image\/","url":"https:\/\/www.organisator.ch\/wp-content\/uploads\/2022\/01\/Logo_Organisator_Website.png","contentUrl":"https:\/\/www.organisator.ch\/wp-content\/uploads\/2022\/01\/Logo_Organisator_Website.png","width":800,"height":77,"caption":"Organisator"},"image":{"@id":"https:\/\/www.organisator.ch\/#\/schema\/logo\/image\/"},"sameAs":["https:\/\/www.facebook.com\/OrganisatorFachmagazin","https:\/\/www.linkedin.com\/showcase\/organisator-das-magazin-fr-kmu","https:\/\/www.xing.com\/news\/pages\/organisator-ch-695","https:\/\/www.youtube.com\/channel\/UCGP2Sq0iWaZwT3BdIAQFYpw"]},{"@type":"Person","@id":"https:\/\/www.organisator.ch\/#\/schema\/person\/4e51799071cd2dd1232ac003643ef5f0","name":"galledia","image":{"@type":"ImageObject","inLanguage":"fr-FR","@id":"https:\/\/secure.gravatar.com\/avatar\/78a7f90c01fc2bfc875782a0d4922b37cde2cf184ce347b91316d23cd7f69a36?s=96&d=mm&r=g","url":"https:\/\/secure.gravatar.com\/avatar\/78a7f90c01fc2bfc875782a0d4922b37cde2cf184ce347b91316d23cd7f69a36?s=96&d=mm&r=g","contentUrl":"https:\/\/secure.gravatar.com\/avatar\/78a7f90c01fc2bfc875782a0d4922b37cde2cf184ce347b91316d23cd7f69a36?s=96&d=mm&r=g","caption":"galledia"},"sameAs":["https:\/\/x.com\/admin"],"url":"https:\/\/www.organisator.ch\/fr\/author\/galledia\/"}]}},"_links":{"self":[{"href":"https:\/\/www.organisator.ch\/fr\/wp-json\/wp\/v2\/posts\/31578","targetHints":{"allow":["GET"]}}],"collection":[{"href":"https:\/\/www.organisator.ch\/fr\/wp-json\/wp\/v2\/posts"}],"about":[{"href":"https:\/\/www.organisator.ch\/fr\/wp-json\/wp\/v2\/types\/post"}],"author":[{"embeddable":true,"href":"https:\/\/www.organisator.ch\/fr\/wp-json\/wp\/v2\/users\/8"}],"replies":[{"embeddable":true,"href":"https:\/\/www.organisator.ch\/fr\/wp-json\/wp\/v2\/comments?post=31578"}],"version-history":[{"count":5,"href":"https:\/\/www.organisator.ch\/fr\/wp-json\/wp\/v2\/posts\/31578\/revisions"}],"predecessor-version":[{"id":31659,"href":"https:\/\/www.organisator.ch\/fr\/wp-json\/wp\/v2\/posts\/31578\/revisions\/31659"}],"wp:attachment":[{"href":"https:\/\/www.organisator.ch\/fr\/wp-json\/wp\/v2\/media?parent=31578"}],"wp:term":[{"taxonomy":"category","embeddable":true,"href":"https:\/\/www.organisator.ch\/fr\/wp-json\/wp\/v2\/categories?post=31578"},{"taxonomy":"post_tag","embeddable":true,"href":"https:\/\/www.organisator.ch\/fr\/wp-json\/wp\/v2\/tags?post=31578"}],"curies":[{"name":"wp","href":"https:\/\/api.w.org\/{rel}","templated":true}]}}