{"id":31585,"date":"2024-11-06T15:57:48","date_gmt":"2024-11-06T14:57:48","guid":{"rendered":"https:\/\/www.markt-kom.com\/?p=226191"},"modified":"2024-11-07T07:54:16","modified_gmt":"2024-11-07T06:54:16","slug":"livesystems-erweitert-digitales-werbenetz-in-bern","status":"publish","type":"post","link":"https:\/\/www.organisator.ch\/fr\/marketing\/2024-11-06\/livesystems-erweitert-digitales-werbenetz-in-bern\/","title":{"rendered":"Livesystems \u00e9tend son r\u00e9seau de publicit\u00e9 num\u00e9rique \u00e0 Berne"},"content":{"rendered":"<p><img class=\"alignnone wp-image-226192 size-full\" src=\"https:\/\/www.markt-kom.com\/wp-content\/uploads\/2024\/11\/16-9-Postparc-Cityscreen-scaled.jpg\" alt=\"Syst\u00e8mes vivants num\u00e9riques\" width=\"1400\" height=\"788\" \/><\/p>\r\n<p class=\"x_xxxxxxxxxxxmsonormal\">Le centre-ville \u00e0 forte fr\u00e9quentation se situe directement au-dessus de la gare de Berne, o\u00f9 de nombreuses entreprises sont implant\u00e9es. Gr\u00e2ce \u00e0 son excellente connexion \u00e0 diff\u00e9rents moyens de transport, le PostParc est un \u00e9l\u00e9ment central du d\u00e9veloppement de la ville.<\/p>\r\n<p class=\"x_xxxxxxxxxxxmsonormal\">Dans le cadre de la num\u00e9risation, Livesystems installe des \u00e9crans num\u00e9riques dans le PostParc. Le prestataire de publicit\u00e9 ext\u00e9rieure mise pour cela sur une combinaison d'\u00e9crans au format paysage (F12D) et d'\u00e9crans au format portrait (Cityscreen) afin d'obtenir une visibilit\u00e9 maximale.<\/p>\r\n<h3>Liaison entre les zones anim\u00e9es<\/h3>\r\n<p class=\"x_xxxxxxxxxxxmsonormal\">\"C'est g\u00e9nial que nos \u00e9crans DOOH se trouvent directement dans le nouveau centre-ville. La zone pi\u00e9tonne constitue le lien parfait entre diff\u00e9rentes zones anim\u00e9es, de la gare \u00e0 la station de cars postaux, de la Grosse Schanze au Hirschengraben et de la Schanzenstrasse \u00e0 la Laupenstrasse. Gr\u00e2ce au m\u00e9lange attrayant de bureaux, de boutiques et de restaurants, nous nous attendons \u00e0 une forte fr\u00e9quentation et nous nous r\u00e9jouissons d'offrir \u00e0 nos clients une plateforme sur laquelle leur message publicitaire sera vu\", d\u00e9clare Christian Imhof, COO de Livesystems.<\/p>\r\n<p class=\"x_xxxxxxxxxxxmsonormal\">Au total, 10 \u00e9crans F12D et 4 Cityscreens seront install\u00e9s autour du Kurzpark, sur la terrasse du parc et devant la Schanzenpost. Livesystems \u00e9tend ainsi consid\u00e9rablement son r\u00e9seau num\u00e9rique dans la capitale. R\u00e9cemment, Livesystems a d\u00e9j\u00e0 install\u00e9 plusieurs panneaux publicitaires num\u00e9riques pr\u00e8s du K\u00e4figturm. La K\u00e4figturm est situ\u00e9e directement dans la vieille ville de Berne, qui, en tant que patrimoine culturel mondial de l'UNESCO, est un lieu de rencontre tr\u00e8s appr\u00e9ci\u00e9 des habitants et des visiteurs. Les nombreux transports publics qui passent quotidiennement par l\u00e0 assurent une liaison optimale avec le reste de la ville et garantissent une visibilit\u00e9 maximale aux campagnes publicitaires.<\/p>\r\n<p class=\"x_xxxxxxxxxxxmsonormal\">L'inventaire Livesystems comprend 65 Cityscreens dans le canton de Berne, dont 24 en milieu urbain, 15 dans les agglom\u00e9rations et 26 dans la zone \u00e9largie du canton. Pour le grand format F12D, le canton compte au total 28 \u00e9crans, dont 7 en milieu urbain (y compris les 4 nouveaux \u00e9crans du Postparc), 3 dans les agglom\u00e9rations et 18 dans le territoire cantonal \u00e9largi. Ensemble, ces sites g\u00e9n\u00e8rent plus de 3,5 millions de contacts bruts et 672 000 contacts nets absolus pour 5,2 contacts moyens (OTS) en l'espace de deux semaines.<\/p>","protected":false},"excerpt":{"rendered":"<p>Au PostParc de Berne, 14 grands \u00e9crans num\u00e9riques seront plac\u00e9s \u00e0 des endroits centraux. Les \u00e9crans se trouvent \u00e0 proximit\u00e9 imm\u00e9diate de l'un des n\u0153uds de communication les plus fr\u00e9quent\u00e9s de Suisse - la gare de Berne. L'installation sera termin\u00e9e d'ici fin 2024.<\/p>","protected":false},"author":8,"featured_media":0,"comment_status":"closed","ping_status":"closed","sticky":false,"template":"","format":"standard","meta":{"_acf_changed":false,"_yoast_wpseo_focuskw":"Livesystems digitale","_yoast_wpseo_metadesc":"Livesystems installiert digitale Screens im PostParc Bern, um maximale Sichtbarkeit f\u00fcr Werbebotschaften zu erreichen.","articlekey":"","footnotes":""},"categories":[29],"tags":[2827,2828,3481,4343],"class_list":["post-31585","post","type-post","status-publish","format-standard","hentry","category-marketing","tag-aussenwerbung","tag-dooh","tag-livesystems","tag-markom"],"acf":[],"yoast_head":"<!-- This site is optimized with the Yoast SEO plugin v27.5 - https:\/\/yoast.com\/product\/yoast-seo-wordpress\/ -->\n<title>Livesystems erweitert digitales Werbenetz in Bern - Organisator<\/title>\n<meta name=\"description\" content=\"Livesystems installiert digitale Screens im PostParc Bern, um maximale Sichtbarkeit f\u00fcr Werbebotschaften zu erreichen.\" \/>\n<meta name=\"robots\" content=\"index, follow, max-snippet:-1, max-image-preview:large, max-video-preview:-1\" \/>\n<link rel=\"canonical\" href=\"https:\/\/www.organisator.ch\/fr\/marketing\/2024-11-06\/livesystems-erweitert-digitales-werbenetz-in-bern\/\" \/>\n<meta property=\"og:locale\" content=\"fr_FR\" \/>\n<meta property=\"og:type\" content=\"article\" \/>\n<meta property=\"og:title\" content=\"Livesystems erweitert digitales Werbenetz in Bern - Organisator\" \/>\n<meta property=\"og:description\" content=\"Livesystems installiert digitale Screens im PostParc Bern, um maximale Sichtbarkeit f\u00fcr Werbebotschaften zu erreichen.\" \/>\n<meta property=\"og:url\" content=\"https:\/\/www.organisator.ch\/fr\/marketing\/2024-11-06\/livesystems-erweitert-digitales-werbenetz-in-bern\/\" \/>\n<meta property=\"og:site_name\" content=\"Organisator\" \/>\n<meta property=\"article:publisher\" content=\"https:\/\/www.facebook.com\/OrganisatorFachmagazin\" \/>\n<meta property=\"article:published_time\" content=\"2024-11-06T14:57:48+00:00\" \/>\n<meta property=\"article:modified_time\" content=\"2024-11-07T06:54:16+00:00\" \/>\n<meta property=\"og:image\" content=\"https:\/\/www.markt-kom.com\/wp-content\/uploads\/2024\/11\/16-9-Postparc-Cityscreen-scaled.jpg\" \/>\n<meta name=\"author\" content=\"galledia\" \/>\n<meta name=\"twitter:card\" content=\"summary_large_image\" \/>\n<meta name=\"twitter:creator\" content=\"@admin\" \/>\n<script type=\"application\/ld+json\" class=\"yoast-schema-graph\">{\"@context\":\"https:\\\/\\\/schema.org\",\"@graph\":[{\"@type\":\"Article\",\"@id\":\"https:\\\/\\\/www.organisator.ch\\\/marketing\\\/2024-11-06\\\/livesystems-erweitert-digitales-werbenetz-in-bern\\\/#article\",\"isPartOf\":{\"@id\":\"https:\\\/\\\/www.organisator.ch\\\/marketing\\\/2024-11-06\\\/livesystems-erweitert-digitales-werbenetz-in-bern\\\/\"},\"author\":{\"name\":\"galledia\",\"@id\":\"https:\\\/\\\/www.organisator.ch\\\/#\\\/schema\\\/person\\\/4e51799071cd2dd1232ac003643ef5f0\"},\"headline\":\"Livesystems erweitert digitales Werbenetz in Bern\",\"datePublished\":\"2024-11-06T14:57:48+00:00\",\"dateModified\":\"2024-11-07T06:54:16+00:00\",\"mainEntityOfPage\":{\"@id\":\"https:\\\/\\\/www.organisator.ch\\\/marketing\\\/2024-11-06\\\/livesystems-erweitert-digitales-werbenetz-in-bern\\\/\"},\"wordCount\":304,\"publisher\":{\"@id\":\"https:\\\/\\\/www.organisator.ch\\\/#organization\"},\"image\":{\"@id\":\"https:\\\/\\\/www.organisator.ch\\\/marketing\\\/2024-11-06\\\/livesystems-erweitert-digitales-werbenetz-in-bern\\\/#primaryimage\"},\"thumbnailUrl\":\"https:\\\/\\\/www.markt-kom.com\\\/wp-content\\\/uploads\\\/2024\\\/11\\\/16-9-Postparc-Cityscreen-scaled.jpg\",\"keywords\":[\"Aussenwerbung\",\"DOOH\",\"Livesystems\",\"MarKom\"],\"articleSection\":[\"MARKETING\"],\"inLanguage\":\"fr-FR\"},{\"@type\":\"WebPage\",\"@id\":\"https:\\\/\\\/www.organisator.ch\\\/marketing\\\/2024-11-06\\\/livesystems-erweitert-digitales-werbenetz-in-bern\\\/\",\"url\":\"https:\\\/\\\/www.organisator.ch\\\/marketing\\\/2024-11-06\\\/livesystems-erweitert-digitales-werbenetz-in-bern\\\/\",\"name\":\"Livesystems erweitert digitales Werbenetz in Bern - Organisator\",\"isPartOf\":{\"@id\":\"https:\\\/\\\/www.organisator.ch\\\/#website\"},\"primaryImageOfPage\":{\"@id\":\"https:\\\/\\\/www.organisator.ch\\\/marketing\\\/2024-11-06\\\/livesystems-erweitert-digitales-werbenetz-in-bern\\\/#primaryimage\"},\"image\":{\"@id\":\"https:\\\/\\\/www.organisator.ch\\\/marketing\\\/2024-11-06\\\/livesystems-erweitert-digitales-werbenetz-in-bern\\\/#primaryimage\"},\"thumbnailUrl\":\"https:\\\/\\\/www.markt-kom.com\\\/wp-content\\\/uploads\\\/2024\\\/11\\\/16-9-Postparc-Cityscreen-scaled.jpg\",\"datePublished\":\"2024-11-06T14:57:48+00:00\",\"dateModified\":\"2024-11-07T06:54:16+00:00\",\"description\":\"Livesystems installiert digitale Screens im PostParc Bern, um maximale Sichtbarkeit f\u00fcr Werbebotschaften zu erreichen.\",\"breadcrumb\":{\"@id\":\"https:\\\/\\\/www.organisator.ch\\\/marketing\\\/2024-11-06\\\/livesystems-erweitert-digitales-werbenetz-in-bern\\\/#breadcrumb\"},\"inLanguage\":\"fr-FR\",\"potentialAction\":[{\"@type\":\"ReadAction\",\"target\":[\"https:\\\/\\\/www.organisator.ch\\\/marketing\\\/2024-11-06\\\/livesystems-erweitert-digitales-werbenetz-in-bern\\\/\"]}]},{\"@type\":\"ImageObject\",\"inLanguage\":\"fr-FR\",\"@id\":\"https:\\\/\\\/www.organisator.ch\\\/marketing\\\/2024-11-06\\\/livesystems-erweitert-digitales-werbenetz-in-bern\\\/#primaryimage\",\"url\":\"https:\\\/\\\/www.markt-kom.com\\\/wp-content\\\/uploads\\\/2024\\\/11\\\/16-9-Postparc-Cityscreen-scaled.jpg\",\"contentUrl\":\"https:\\\/\\\/www.markt-kom.com\\\/wp-content\\\/uploads\\\/2024\\\/11\\\/16-9-Postparc-Cityscreen-scaled.jpg\"},{\"@type\":\"BreadcrumbList\",\"@id\":\"https:\\\/\\\/www.organisator.ch\\\/marketing\\\/2024-11-06\\\/livesystems-erweitert-digitales-werbenetz-in-bern\\\/#breadcrumb\",\"itemListElement\":[{\"@type\":\"ListItem\",\"position\":1,\"name\":\"Home\",\"item\":\"https:\\\/\\\/www.organisator.ch\\\/\"},{\"@type\":\"ListItem\",\"position\":2,\"name\":\"Livesystems erweitert digitales Werbenetz in Bern\"}]},{\"@type\":\"WebSite\",\"@id\":\"https:\\\/\\\/www.organisator.ch\\\/#website\",\"url\":\"https:\\\/\\\/www.organisator.ch\\\/\",\"name\":\"Organisator\",\"description\":\"Kompetent. Praxisnah. Der ORGANISATOR bereitet in 10 Ausgaben pro Jahr die wesentlichen Themen f\u00fcr F\u00fchrungskr\u00e4fte von KMU auf.\",\"publisher\":{\"@id\":\"https:\\\/\\\/www.organisator.ch\\\/#organization\"},\"potentialAction\":[{\"@type\":\"SearchAction\",\"target\":{\"@type\":\"EntryPoint\",\"urlTemplate\":\"https:\\\/\\\/www.organisator.ch\\\/?s={search_term_string}\"},\"query-input\":{\"@type\":\"PropertyValueSpecification\",\"valueRequired\":true,\"valueName\":\"search_term_string\"}}],\"inLanguage\":\"fr-FR\"},{\"@type\":\"Organization\",\"@id\":\"https:\\\/\\\/www.organisator.ch\\\/#organization\",\"name\":\"Organisator\",\"url\":\"https:\\\/\\\/www.organisator.ch\\\/\",\"logo\":{\"@type\":\"ImageObject\",\"inLanguage\":\"fr-FR\",\"@id\":\"https:\\\/\\\/www.organisator.ch\\\/#\\\/schema\\\/logo\\\/image\\\/\",\"url\":\"https:\\\/\\\/www.organisator.ch\\\/wp-content\\\/uploads\\\/2022\\\/01\\\/Logo_Organisator_Website.png\",\"contentUrl\":\"https:\\\/\\\/www.organisator.ch\\\/wp-content\\\/uploads\\\/2022\\\/01\\\/Logo_Organisator_Website.png\",\"width\":800,\"height\":77,\"caption\":\"Organisator\"},\"image\":{\"@id\":\"https:\\\/\\\/www.organisator.ch\\\/#\\\/schema\\\/logo\\\/image\\\/\"},\"sameAs\":[\"https:\\\/\\\/www.facebook.com\\\/OrganisatorFachmagazin\",\"https:\\\/\\\/www.linkedin.com\\\/showcase\\\/organisator-das-magazin-fr-kmu\",\"https:\\\/\\\/www.xing.com\\\/news\\\/pages\\\/organisator-ch-695\",\"https:\\\/\\\/www.youtube.com\\\/channel\\\/UCGP2Sq0iWaZwT3BdIAQFYpw\"]},{\"@type\":\"Person\",\"@id\":\"https:\\\/\\\/www.organisator.ch\\\/#\\\/schema\\\/person\\\/4e51799071cd2dd1232ac003643ef5f0\",\"name\":\"galledia\",\"image\":{\"@type\":\"ImageObject\",\"inLanguage\":\"fr-FR\",\"@id\":\"https:\\\/\\\/secure.gravatar.com\\\/avatar\\\/78a7f90c01fc2bfc875782a0d4922b37cde2cf184ce347b91316d23cd7f69a36?s=96&d=mm&r=g\",\"url\":\"https:\\\/\\\/secure.gravatar.com\\\/avatar\\\/78a7f90c01fc2bfc875782a0d4922b37cde2cf184ce347b91316d23cd7f69a36?s=96&d=mm&r=g\",\"contentUrl\":\"https:\\\/\\\/secure.gravatar.com\\\/avatar\\\/78a7f90c01fc2bfc875782a0d4922b37cde2cf184ce347b91316d23cd7f69a36?s=96&d=mm&r=g\",\"caption\":\"galledia\"},\"sameAs\":[\"https:\\\/\\\/x.com\\\/admin\"],\"url\":\"https:\\\/\\\/www.organisator.ch\\\/fr\\\/author\\\/galledia\\\/\"}]}<\/script>\n<!-- \/ Yoast SEO plugin. -->","yoast_head_json":{"title":"Livesystems \u00e9tend son r\u00e9seau de publicit\u00e9 num\u00e9rique \u00e0 Berne - Organisateur","description":"Livesystems installe des \u00e9crans num\u00e9riques au PostParc de Berne afin d'obtenir une visibilit\u00e9 maximale pour les messages publicitaires.","robots":{"index":"index","follow":"follow","max-snippet":"max-snippet:-1","max-image-preview":"max-image-preview:large","max-video-preview":"max-video-preview:-1"},"canonical":"https:\/\/www.organisator.ch\/fr\/marketing\/2024-11-06\/livesystems-erweitert-digitales-werbenetz-in-bern\/","og_locale":"fr_FR","og_type":"article","og_title":"Livesystems erweitert digitales Werbenetz in Bern - Organisator","og_description":"Livesystems installiert digitale Screens im PostParc Bern, um maximale Sichtbarkeit f\u00fcr Werbebotschaften zu erreichen.","og_url":"https:\/\/www.organisator.ch\/fr\/marketing\/2024-11-06\/livesystems-erweitert-digitales-werbenetz-in-bern\/","og_site_name":"Organisator","article_publisher":"https:\/\/www.facebook.com\/OrganisatorFachmagazin","article_published_time":"2024-11-06T14:57:48+00:00","article_modified_time":"2024-11-07T06:54:16+00:00","og_image":[{"url":"https:\/\/www.markt-kom.com\/wp-content\/uploads\/2024\/11\/16-9-Postparc-Cityscreen-scaled.jpg","type":"","width":"","height":""}],"author":"galledia","twitter_card":"summary_large_image","twitter_creator":"@admin","schema":{"@context":"https:\/\/schema.org","@graph":[{"@type":"Article","@id":"https:\/\/www.organisator.ch\/marketing\/2024-11-06\/livesystems-erweitert-digitales-werbenetz-in-bern\/#article","isPartOf":{"@id":"https:\/\/www.organisator.ch\/marketing\/2024-11-06\/livesystems-erweitert-digitales-werbenetz-in-bern\/"},"author":{"name":"galledia","@id":"https:\/\/www.organisator.ch\/#\/schema\/person\/4e51799071cd2dd1232ac003643ef5f0"},"headline":"Livesystems erweitert digitales Werbenetz in Bern","datePublished":"2024-11-06T14:57:48+00:00","dateModified":"2024-11-07T06:54:16+00:00","mainEntityOfPage":{"@id":"https:\/\/www.organisator.ch\/marketing\/2024-11-06\/livesystems-erweitert-digitales-werbenetz-in-bern\/"},"wordCount":304,"publisher":{"@id":"https:\/\/www.organisator.ch\/#organization"},"image":{"@id":"https:\/\/www.organisator.ch\/marketing\/2024-11-06\/livesystems-erweitert-digitales-werbenetz-in-bern\/#primaryimage"},"thumbnailUrl":"https:\/\/www.markt-kom.com\/wp-content\/uploads\/2024\/11\/16-9-Postparc-Cityscreen-scaled.jpg","keywords":["Aussenwerbung","DOOH","Livesystems","MarKom"],"articleSection":["MARKETING"],"inLanguage":"fr-FR"},{"@type":"WebPage","@id":"https:\/\/www.organisator.ch\/marketing\/2024-11-06\/livesystems-erweitert-digitales-werbenetz-in-bern\/","url":"https:\/\/www.organisator.ch\/marketing\/2024-11-06\/livesystems-erweitert-digitales-werbenetz-in-bern\/","name":"Livesystems \u00e9tend son r\u00e9seau de publicit\u00e9 num\u00e9rique \u00e0 Berne - Organisateur","isPartOf":{"@id":"https:\/\/www.organisator.ch\/#website"},"primaryImageOfPage":{"@id":"https:\/\/www.organisator.ch\/marketing\/2024-11-06\/livesystems-erweitert-digitales-werbenetz-in-bern\/#primaryimage"},"image":{"@id":"https:\/\/www.organisator.ch\/marketing\/2024-11-06\/livesystems-erweitert-digitales-werbenetz-in-bern\/#primaryimage"},"thumbnailUrl":"https:\/\/www.markt-kom.com\/wp-content\/uploads\/2024\/11\/16-9-Postparc-Cityscreen-scaled.jpg","datePublished":"2024-11-06T14:57:48+00:00","dateModified":"2024-11-07T06:54:16+00:00","description":"Livesystems installe des \u00e9crans num\u00e9riques au PostParc de Berne afin d'obtenir une visibilit\u00e9 maximale pour les messages publicitaires.","breadcrumb":{"@id":"https:\/\/www.organisator.ch\/marketing\/2024-11-06\/livesystems-erweitert-digitales-werbenetz-in-bern\/#breadcrumb"},"inLanguage":"fr-FR","potentialAction":[{"@type":"ReadAction","target":["https:\/\/www.organisator.ch\/marketing\/2024-11-06\/livesystems-erweitert-digitales-werbenetz-in-bern\/"]}]},{"@type":"ImageObject","inLanguage":"fr-FR","@id":"https:\/\/www.organisator.ch\/marketing\/2024-11-06\/livesystems-erweitert-digitales-werbenetz-in-bern\/#primaryimage","url":"https:\/\/www.markt-kom.com\/wp-content\/uploads\/2024\/11\/16-9-Postparc-Cityscreen-scaled.jpg","contentUrl":"https:\/\/www.markt-kom.com\/wp-content\/uploads\/2024\/11\/16-9-Postparc-Cityscreen-scaled.jpg"},{"@type":"BreadcrumbList","@id":"https:\/\/www.organisator.ch\/marketing\/2024-11-06\/livesystems-erweitert-digitales-werbenetz-in-bern\/#breadcrumb","itemListElement":[{"@type":"ListItem","position":1,"name":"Home","item":"https:\/\/www.organisator.ch\/"},{"@type":"ListItem","position":2,"name":"Livesystems erweitert digitales Werbenetz in Bern"}]},{"@type":"WebSite","@id":"https:\/\/www.organisator.ch\/#website","url":"https:\/\/www.organisator.ch\/","name":"Organisateur","description":"Comp\u00e9tence et comp\u00e9tence. Proches de la pratique. L'ORGANISATEUR pr\u00e9pare 10 num\u00e9ros par an sur les th\u00e8mes essentiels pour les dirigeants de PME.","publisher":{"@id":"https:\/\/www.organisator.ch\/#organization"},"potentialAction":[{"@type":"SearchAction","target":{"@type":"EntryPoint","urlTemplate":"https:\/\/www.organisator.ch\/?s={search_term_string}"},"query-input":{"@type":"PropertyValueSpecification","valueRequired":true,"valueName":"search_term_string"}}],"inLanguage":"fr-FR"},{"@type":"Organization","@id":"https:\/\/www.organisator.ch\/#organization","name":"Organisateur","url":"https:\/\/www.organisator.ch\/","logo":{"@type":"ImageObject","inLanguage":"fr-FR","@id":"https:\/\/www.organisator.ch\/#\/schema\/logo\/image\/","url":"https:\/\/www.organisator.ch\/wp-content\/uploads\/2022\/01\/Logo_Organisator_Website.png","contentUrl":"https:\/\/www.organisator.ch\/wp-content\/uploads\/2022\/01\/Logo_Organisator_Website.png","width":800,"height":77,"caption":"Organisator"},"image":{"@id":"https:\/\/www.organisator.ch\/#\/schema\/logo\/image\/"},"sameAs":["https:\/\/www.facebook.com\/OrganisatorFachmagazin","https:\/\/www.linkedin.com\/showcase\/organisator-das-magazin-fr-kmu","https:\/\/www.xing.com\/news\/pages\/organisator-ch-695","https:\/\/www.youtube.com\/channel\/UCGP2Sq0iWaZwT3BdIAQFYpw"]},{"@type":"Person","@id":"https:\/\/www.organisator.ch\/#\/schema\/person\/4e51799071cd2dd1232ac003643ef5f0","name":"galledia","image":{"@type":"ImageObject","inLanguage":"fr-FR","@id":"https:\/\/secure.gravatar.com\/avatar\/78a7f90c01fc2bfc875782a0d4922b37cde2cf184ce347b91316d23cd7f69a36?s=96&d=mm&r=g","url":"https:\/\/secure.gravatar.com\/avatar\/78a7f90c01fc2bfc875782a0d4922b37cde2cf184ce347b91316d23cd7f69a36?s=96&d=mm&r=g","contentUrl":"https:\/\/secure.gravatar.com\/avatar\/78a7f90c01fc2bfc875782a0d4922b37cde2cf184ce347b91316d23cd7f69a36?s=96&d=mm&r=g","caption":"galledia"},"sameAs":["https:\/\/x.com\/admin"],"url":"https:\/\/www.organisator.ch\/fr\/author\/galledia\/"}]}},"_links":{"self":[{"href":"https:\/\/www.organisator.ch\/fr\/wp-json\/wp\/v2\/posts\/31585","targetHints":{"allow":["GET"]}}],"collection":[{"href":"https:\/\/www.organisator.ch\/fr\/wp-json\/wp\/v2\/posts"}],"about":[{"href":"https:\/\/www.organisator.ch\/fr\/wp-json\/wp\/v2\/types\/post"}],"author":[{"embeddable":true,"href":"https:\/\/www.organisator.ch\/fr\/wp-json\/wp\/v2\/users\/8"}],"replies":[{"embeddable":true,"href":"https:\/\/www.organisator.ch\/fr\/wp-json\/wp\/v2\/comments?post=31585"}],"version-history":[{"count":5,"href":"https:\/\/www.organisator.ch\/fr\/wp-json\/wp\/v2\/posts\/31585\/revisions"}],"predecessor-version":[{"id":31658,"href":"https:\/\/www.organisator.ch\/fr\/wp-json\/wp\/v2\/posts\/31585\/revisions\/31658"}],"wp:attachment":[{"href":"https:\/\/www.organisator.ch\/fr\/wp-json\/wp\/v2\/media?parent=31585"}],"wp:term":[{"taxonomy":"category","embeddable":true,"href":"https:\/\/www.organisator.ch\/fr\/wp-json\/wp\/v2\/categories?post=31585"},{"taxonomy":"post_tag","embeddable":true,"href":"https:\/\/www.organisator.ch\/fr\/wp-json\/wp\/v2\/tags?post=31585"}],"curies":[{"name":"wp","href":"https:\/\/api.w.org\/{rel}","templated":true}]}}