{"id":3159,"date":"2018-02-14T15:19:46","date_gmt":"2018-02-14T14:19:46","guid":{"rendered":"https:\/\/www.organisator.ch\/?p=3159"},"modified":"2018-02-14T15:19:46","modified_gmt":"2018-02-14T14:19:46","slug":"ohne-agilitaet-sind-viele-kmu-spaetestens-2023-tot","status":"publish","type":"post","link":"https:\/\/www.organisator.ch\/fr\/management\/2018-02-14\/ohne-agilitaet-sind-viele-kmu-spaetestens-2023-tot\/","title":{"rendered":"Sans agilit\u00e9, de nombreuses PME seront mortes au plus tard en 2023"},"content":{"rendered":"<figure id=\"attachment_3160\" aria-describedby=\"caption-attachment-3160\" style=\"width: 457px\" class=\"wp-caption alignnone\"><img loading=\"lazy\" decoding=\"async\" class=\"size-full wp-image-3160\" src=\"https:\/\/www.organisator.ch\/wp-content\/uploads\/2018\/02\/Ohne-Agilitaet-sind-viele-KMU-spaetestens-2023-tot_Organisator.jpg\" alt=\"\" width=\"457\" height=\"640\" srcset=\"https:\/\/www.organisator.ch\/wp-content\/uploads\/2018\/02\/Ohne-Agilitaet-sind-viele-KMU-spaetestens-2023-tot_Organisator.jpg 457w, https:\/\/www.organisator.ch\/wp-content\/uploads\/2018\/02\/Ohne-Agilitaet-sind-viele-KMU-spaetestens-2023-tot_Organisator-9x12.jpg 9w, https:\/\/www.organisator.ch\/wp-content\/uploads\/2018\/02\/Ohne-Agilitaet-sind-viele-KMU-spaetestens-2023-tot_Organisator-125x175.jpg 125w, https:\/\/www.organisator.ch\/wp-content\/uploads\/2018\/02\/Ohne-Agilitaet-sind-viele-KMU-spaetestens-2023-tot_Organisator-250x350.jpg 250w, https:\/\/www.organisator.ch\/wp-content\/uploads\/2018\/02\/Ohne-Agilitaet-sind-viele-KMU-spaetestens-2023-tot_Organisator-300x420.jpg 300w\" sizes=\"auto, (max-width: 457px) 100vw, 457px\" \/><figcaption id=\"caption-attachment-3160\" class=\"wp-caption-text\">L'utilisation de la bonne technologie favorise l'agilit\u00e9 des PME, selon les r\u00e9sultats d'une enqu\u00eate de Ricoh. (Graphique : <a href=\"http:\/\/www.ricoh.de\/thoughtleadership\">www.ricoh.de\/thoughtleadership<\/a>)<\/figcaption><\/figure>\n<p>Am\u00e9liorer l'agilit\u00e9 est l'une des principales priorit\u00e9s des dirigeants de PME en Europe qui souhaitent profiter des avantages d'un espace de travail bas\u00e9 sur le num\u00e9rique. Selon une \u00e9tude r\u00e9cente command\u00e9e par Ricoh Europe, la majorit\u00e9 des dirigeants de PME interrog\u00e9s en Suisse (87 %) ont d\u00e9clar\u00e9 qu'ils se concentreraient activement sur l'am\u00e9lioration de l'agilit\u00e9 commerciale en 2018.<\/p>\n<h2>La technologie au service de l'agilit\u00e9<\/h2>\n<p>Plus de la moiti\u00e9 des participants \u00e0 l'enqu\u00eate (57 %) introduisent sp\u00e9cifiquement une nouvelle technologie afin de r\u00e9agir plus rapidement aux tendances et aux opportunit\u00e9s, tandis que 76 % d\u00e9clarent que sans les avantages d'une technologie de poste de travail mise \u00e0 jour, ils \u00e9choueraient dans les cinq ans. Les d\u00e9cideurs des petites et moyennes entreprises pr\u00e9f\u00e8rent clairement les technologies qui r\u00e9pondent directement aux principaux besoins des employ\u00e9s. Ils estiment que l'automatisation (63 %), l'analyse des donn\u00e9es (51 %), la gestion des documents (51 %) et la vid\u00e9oconf\u00e9rence (59 %) auront l'impact positif le plus fort sur leur entreprise.<\/p>\n<p>Javier Diez-Aguirre, VP Corporate Marketing, Ricoh Europe, d\u00e9clare : \"La communaut\u00e9 europ\u00e9enne des PME est extr\u00eamement ambitieuse. En raison des conditions difficiles du march\u00e9, les chefs d'entreprise s'efforcent \u00e0 juste titre de d\u00e9couvrir rapidement de nouvelles opportunit\u00e9s et d'en tirer le meilleur parti. Ils savent qu'il est indispensable de rester agile pour tirer profit des changements sur le march\u00e9 et appr\u00e9cient le r\u00f4le de la technologie \u00e0 cet \u00e9gard. Bien entendu, l'agilit\u00e9 figure en t\u00eate de l'ordre du jour des petites et moyennes entreprises et les chefs d'entreprise ne consid\u00e8rent pas cela comme un sujet r\u00e9serv\u00e9 aux concurrents plus importants\".<\/p>\n<h2>Le pragmatisme plut\u00f4t que l'hypocrisie<\/h2>\n<p>Les avantages d'une technologie plus intelligente sur le lieu de travail en termes de productivit\u00e9 et d'innovation sont consid\u00e9r\u00e9s comme un facteur critique pour la r\u00e9ussite de l'entreprise. 72 % des personnes interrog\u00e9es ont d\u00e9clar\u00e9 que la capacit\u00e9 de leur entreprise \u00e0 r\u00e9ussir est bas\u00e9e sur la technologie et ont montr\u00e9 une forte confiance dans la valeur d'un lieu de travail bas\u00e9 sur le num\u00e9rique.<\/p>\n<p>Diez-Aguirre ajoute : \"Les dirigeants de PME ne se laissent pas aveugler par l'engouement pour des technologies telles que la r\u00e9alit\u00e9 virtuelle et la blockchain. Au lieu de cela, ils font des choix prudents et privil\u00e9gient les investissements dans des outils qui ont un r\u00e9el impact positif sur les b\u00e9n\u00e9fices. Ceux qui ne l'ont pas encore fait doivent r\u00e9fl\u00e9chir soigneusement \u00e0 la mani\u00e8re dont la technologie peut permettre \u00e0 leurs collaborateurs de travailler plus rapidement et plus intelligemment, rendant ainsi leur entreprise plus agile. Dans le cas contraire, ils pourraient bient\u00f4t se rendre compte qu'ils sont sur le point de dispara\u00eetre alors que le march\u00e9 \u00e9volue sans eux\".<\/p>\n<p><em>Source : <a href=\"http:\/\/www.ricoh.ch\">www.ricoh.ch<\/a><\/em><\/p>","protected":false},"excerpt":{"rendered":"<p>Die Agilit\u00e4t zu verbessern ist eine der obersten Priorit\u00e4ten f\u00fcr KMU-F\u00fchrungskr\u00e4fte in Europa, die die Vorteile eines digital gest\u00fctzten Arbeitsplatzes ausnutzen wollen. Einer von Ricoh Europe in Auftrag gegebenen aktuellen Studie zufolge sagte die Mehrheit der befragten KMU-F\u00fchrungskr\u00e4fte in der Schweiz (87\u00a0%), dass sie sich 2018 aktiv darauf konzentrieren, die gesch\u00e4ftliche Agilit\u00e4t zu verbessern. Technologie [&hellip;]<\/p>\n","protected":false},"author":4,"featured_media":3160,"comment_status":"open","ping_status":"open","sticky":false,"template":"","format":"standard","meta":{"_acf_changed":false,"_yoast_wpseo_focuskw":"Agilit\u00e4t","_yoast_wpseo_metadesc":"Agilit\u00e4t ist unerl\u00e4sslich f\u00fcr das \u00dcberleben von KMU: In einer Umfrage gibt die H\u00e4lfte der F\u00fchrungskr\u00e4fte an, dass sie andernfalls bis 2023 nicht mehr existieren.","articlekey":"","footnotes":""},"categories":[28],"tags":[32,156,286,335,459],"class_list":["post-3159","post","type-post","status-publish","format-standard","has-post-thumbnail","hentry","category-management","tag-agile-methoden","tag-digitalisierung","tag-it","tag-management-und-unternehmensfuehrung","tag-studie"],"acf":[],"yoast_head":"<!-- This site is optimized with the Yoast SEO plugin v27.5 - https:\/\/yoast.com\/product\/yoast-seo-wordpress\/ -->\n<title>Ohne Agilit\u00e4t sind viele KMU sp\u00e4testens 2023 tot - Organisator<\/title>\n<meta name=\"description\" content=\"Agilit\u00e4t ist unerl\u00e4sslich f\u00fcr das \u00dcberleben von KMU: In einer Umfrage gibt die H\u00e4lfte der F\u00fchrungskr\u00e4fte an, dass sie andernfalls bis 2023 nicht mehr existieren.\" \/>\n<meta name=\"robots\" content=\"index, follow, max-snippet:-1, max-image-preview:large, max-video-preview:-1\" \/>\n<link rel=\"canonical\" href=\"https:\/\/www.organisator.ch\/fr\/gestion-2\/2018-02-14\/ohne-agilitaet-sind-viele-kmu-spaetestens-2023-tot\/\" \/>\n<meta property=\"og:locale\" content=\"fr_FR\" \/>\n<meta property=\"og:type\" content=\"article\" \/>\n<meta property=\"og:title\" content=\"Ohne Agilit\u00e4t sind viele KMU sp\u00e4testens 2023 tot\" \/>\n<meta property=\"og:description\" content=\"#Agilit\u00e4t ist unerl\u00e4sslich f\u00fcr das \u00dcberleben von #KMU: In einer Umfrage gibt die H\u00e4lfte der F\u00fchrungskr\u00e4fte an, dass sie andernfalls bis 2023 nicht mehr existieren.\" \/>\n<meta property=\"og:url\" content=\"https:\/\/www.organisator.ch\/fr\/gestion-2\/2018-02-14\/ohne-agilitaet-sind-viele-kmu-spaetestens-2023-tot\/\" \/>\n<meta property=\"og:site_name\" content=\"Organisator\" \/>\n<meta property=\"article:publisher\" content=\"https:\/\/www.facebook.com\/OrganisatorFachmagazin\" \/>\n<meta property=\"article:published_time\" content=\"2018-02-14T14:19:46+00:00\" \/>\n<meta property=\"og:image\" content=\"https:\/\/www.organisator.ch\/wp-content\/uploads\/2018\/02\/Ohne-Agilitaet-sind-viele-KMU-spaetestens-2023-tot_Organisator.jpg\" \/>\n\t<meta property=\"og:image:width\" content=\"457\" \/>\n\t<meta property=\"og:image:height\" content=\"640\" \/>\n\t<meta property=\"og:image:type\" content=\"image\/jpeg\" \/>\n<meta name=\"author\" content=\"thomas.berner\" \/>\n<meta name=\"twitter:card\" content=\"summary_large_image\" \/>\n<meta name=\"twitter:title\" content=\"Ohne #Agilit\u00e4t sind viele KMU sp\u00e4testens 2023 tot\" \/>\n<meta name=\"twitter:description\" content=\"#Agilit\u00e4t ist unerl\u00e4sslich f\u00fcr das \u00dcberleben von #KMU: In einer Umfrage gibt die H\u00e4lfte der F\u00fchrungskr\u00e4fte an, dass sie andernfalls bis 2023 nicht mehr existieren.\" \/>\n<meta name=\"twitter:image\" content=\"https:\/\/www.organisator.ch\/wp-content\/uploads\/2018\/02\/Ohne-Agilit\u00e4t-sind-viele-KMU-sp\u00e4testens-2023-tot_Organisator.jpg\" \/>\n<script type=\"application\/ld+json\" class=\"yoast-schema-graph\">{\"@context\":\"https:\\\/\\\/schema.org\",\"@graph\":[{\"@type\":\"Article\",\"@id\":\"https:\\\/\\\/www.organisator.ch\\\/management\\\/2018-02-14\\\/ohne-agilitaet-sind-viele-kmu-spaetestens-2023-tot\\\/#article\",\"isPartOf\":{\"@id\":\"https:\\\/\\\/www.organisator.ch\\\/management\\\/2018-02-14\\\/ohne-agilitaet-sind-viele-kmu-spaetestens-2023-tot\\\/\"},\"author\":{\"name\":\"thomas.berner\",\"@id\":\"https:\\\/\\\/www.organisator.ch\\\/#\\\/schema\\\/person\\\/6f650f90b2842cd4c0cc334b4e36f67e\"},\"headline\":\"Ohne Agilit\u00e4t sind viele KMU sp\u00e4testens 2023 tot\",\"datePublished\":\"2018-02-14T14:19:46+00:00\",\"mainEntityOfPage\":{\"@id\":\"https:\\\/\\\/www.organisator.ch\\\/management\\\/2018-02-14\\\/ohne-agilitaet-sind-viele-kmu-spaetestens-2023-tot\\\/\"},\"wordCount\":441,\"commentCount\":0,\"publisher\":{\"@id\":\"https:\\\/\\\/www.organisator.ch\\\/#organization\"},\"image\":{\"@id\":\"https:\\\/\\\/www.organisator.ch\\\/management\\\/2018-02-14\\\/ohne-agilitaet-sind-viele-kmu-spaetestens-2023-tot\\\/#primaryimage\"},\"thumbnailUrl\":\"https:\\\/\\\/www.organisator.ch\\\/wp-content\\\/uploads\\\/2018\\\/02\\\/Ohne-Agilitaet-sind-viele-KMU-spaetestens-2023-tot_Organisator.jpg\",\"keywords\":[\"Agile Methoden\",\"Digitalisierung\",\"IT\",\"Management und Unternehmensf\u00fchrung\",\"Studie\"],\"articleSection\":[\"MANAGEMENT\"],\"inLanguage\":\"fr-FR\"},{\"@type\":\"WebPage\",\"@id\":\"https:\\\/\\\/www.organisator.ch\\\/management\\\/2018-02-14\\\/ohne-agilitaet-sind-viele-kmu-spaetestens-2023-tot\\\/\",\"url\":\"https:\\\/\\\/www.organisator.ch\\\/management\\\/2018-02-14\\\/ohne-agilitaet-sind-viele-kmu-spaetestens-2023-tot\\\/\",\"name\":\"Ohne Agilit\u00e4t sind viele KMU sp\u00e4testens 2023 tot - Organisator\",\"isPartOf\":{\"@id\":\"https:\\\/\\\/www.organisator.ch\\\/#website\"},\"primaryImageOfPage\":{\"@id\":\"https:\\\/\\\/www.organisator.ch\\\/management\\\/2018-02-14\\\/ohne-agilitaet-sind-viele-kmu-spaetestens-2023-tot\\\/#primaryimage\"},\"image\":{\"@id\":\"https:\\\/\\\/www.organisator.ch\\\/management\\\/2018-02-14\\\/ohne-agilitaet-sind-viele-kmu-spaetestens-2023-tot\\\/#primaryimage\"},\"thumbnailUrl\":\"https:\\\/\\\/www.organisator.ch\\\/wp-content\\\/uploads\\\/2018\\\/02\\\/Ohne-Agilitaet-sind-viele-KMU-spaetestens-2023-tot_Organisator.jpg\",\"datePublished\":\"2018-02-14T14:19:46+00:00\",\"description\":\"Agilit\u00e4t ist unerl\u00e4sslich f\u00fcr das \u00dcberleben von KMU: In einer Umfrage gibt die H\u00e4lfte der F\u00fchrungskr\u00e4fte an, dass sie andernfalls bis 2023 nicht mehr existieren.\",\"breadcrumb\":{\"@id\":\"https:\\\/\\\/www.organisator.ch\\\/management\\\/2018-02-14\\\/ohne-agilitaet-sind-viele-kmu-spaetestens-2023-tot\\\/#breadcrumb\"},\"inLanguage\":\"fr-FR\",\"potentialAction\":[{\"@type\":\"ReadAction\",\"target\":[\"https:\\\/\\\/www.organisator.ch\\\/management\\\/2018-02-14\\\/ohne-agilitaet-sind-viele-kmu-spaetestens-2023-tot\\\/\"]}]},{\"@type\":\"ImageObject\",\"inLanguage\":\"fr-FR\",\"@id\":\"https:\\\/\\\/www.organisator.ch\\\/management\\\/2018-02-14\\\/ohne-agilitaet-sind-viele-kmu-spaetestens-2023-tot\\\/#primaryimage\",\"url\":\"https:\\\/\\\/www.organisator.ch\\\/wp-content\\\/uploads\\\/2018\\\/02\\\/Ohne-Agilitaet-sind-viele-KMU-spaetestens-2023-tot_Organisator.jpg\",\"contentUrl\":\"https:\\\/\\\/www.organisator.ch\\\/wp-content\\\/uploads\\\/2018\\\/02\\\/Ohne-Agilitaet-sind-viele-KMU-spaetestens-2023-tot_Organisator.jpg\",\"width\":457,\"height\":640,\"caption\":\"Der Einsatz der richtigen Technologie f\u00f6rdert die Agilit\u00e4t von KMU, so die Ergebnisse einer Umfrage von Ricoh. (Grafik: www.ricoh.de\\\/thoughtleadership) WWW.RICOH.DE\\\/THOUGHTLEADERSHIP\"},{\"@type\":\"BreadcrumbList\",\"@id\":\"https:\\\/\\\/www.organisator.ch\\\/management\\\/2018-02-14\\\/ohne-agilitaet-sind-viele-kmu-spaetestens-2023-tot\\\/#breadcrumb\",\"itemListElement\":[{\"@type\":\"ListItem\",\"position\":1,\"name\":\"Home\",\"item\":\"https:\\\/\\\/www.organisator.ch\\\/\"},{\"@type\":\"ListItem\",\"position\":2,\"name\":\"Ohne Agilit\u00e4t sind viele KMU sp\u00e4testens 2023 tot\"}]},{\"@type\":\"WebSite\",\"@id\":\"https:\\\/\\\/www.organisator.ch\\\/#website\",\"url\":\"https:\\\/\\\/www.organisator.ch\\\/\",\"name\":\"Organisator\",\"description\":\"Kompetent. Praxisnah. Der ORGANISATOR bereitet in 10 Ausgaben pro Jahr die wesentlichen Themen f\u00fcr F\u00fchrungskr\u00e4fte von KMU auf.\",\"publisher\":{\"@id\":\"https:\\\/\\\/www.organisator.ch\\\/#organization\"},\"potentialAction\":[{\"@type\":\"SearchAction\",\"target\":{\"@type\":\"EntryPoint\",\"urlTemplate\":\"https:\\\/\\\/www.organisator.ch\\\/?s={search_term_string}\"},\"query-input\":{\"@type\":\"PropertyValueSpecification\",\"valueRequired\":true,\"valueName\":\"search_term_string\"}}],\"inLanguage\":\"fr-FR\"},{\"@type\":\"Organization\",\"@id\":\"https:\\\/\\\/www.organisator.ch\\\/#organization\",\"name\":\"Organisator\",\"url\":\"https:\\\/\\\/www.organisator.ch\\\/\",\"logo\":{\"@type\":\"ImageObject\",\"inLanguage\":\"fr-FR\",\"@id\":\"https:\\\/\\\/www.organisator.ch\\\/#\\\/schema\\\/logo\\\/image\\\/\",\"url\":\"https:\\\/\\\/www.organisator.ch\\\/wp-content\\\/uploads\\\/2022\\\/01\\\/Logo_Organisator_Website.png\",\"contentUrl\":\"https:\\\/\\\/www.organisator.ch\\\/wp-content\\\/uploads\\\/2022\\\/01\\\/Logo_Organisator_Website.png\",\"width\":800,\"height\":77,\"caption\":\"Organisator\"},\"image\":{\"@id\":\"https:\\\/\\\/www.organisator.ch\\\/#\\\/schema\\\/logo\\\/image\\\/\"},\"sameAs\":[\"https:\\\/\\\/www.facebook.com\\\/OrganisatorFachmagazin\",\"https:\\\/\\\/www.linkedin.com\\\/showcase\\\/organisator-das-magazin-fr-kmu\",\"https:\\\/\\\/www.xing.com\\\/news\\\/pages\\\/organisator-ch-695\",\"https:\\\/\\\/www.youtube.com\\\/channel\\\/UCGP2Sq0iWaZwT3BdIAQFYpw\"]},{\"@type\":\"Person\",\"@id\":\"https:\\\/\\\/www.organisator.ch\\\/#\\\/schema\\\/person\\\/6f650f90b2842cd4c0cc334b4e36f67e\",\"name\":\"thomas.berner\",\"image\":{\"@type\":\"ImageObject\",\"inLanguage\":\"fr-FR\",\"@id\":\"https:\\\/\\\/secure.gravatar.com\\\/avatar\\\/ac5001d2a36cb6c6cd3e50789007ffca834b477b74a2144564522e944eabff61?s=96&d=mm&r=g\",\"url\":\"https:\\\/\\\/secure.gravatar.com\\\/avatar\\\/ac5001d2a36cb6c6cd3e50789007ffca834b477b74a2144564522e944eabff61?s=96&d=mm&r=g\",\"contentUrl\":\"https:\\\/\\\/secure.gravatar.com\\\/avatar\\\/ac5001d2a36cb6c6cd3e50789007ffca834b477b74a2144564522e944eabff61?s=96&d=mm&r=g\",\"caption\":\"thomas.berner\"},\"url\":\"https:\\\/\\\/www.organisator.ch\\\/fr\\\/author\\\/thomas-berner\\\/\"}]}<\/script>\n<!-- \/ Yoast SEO plugin. -->","yoast_head_json":{"title":"Sans agilit\u00e9, de nombreuses PME seront mortes au plus tard en 2023 - Organisateur","description":"L'agilit\u00e9 est indispensable \u00e0 la survie des PME : dans une enqu\u00eate, la moiti\u00e9 des dirigeants indiquent que, dans le cas contraire, elles n'existeront plus d'ici 2023.","robots":{"index":"index","follow":"follow","max-snippet":"max-snippet:-1","max-image-preview":"max-image-preview:large","max-video-preview":"max-video-preview:-1"},"canonical":"https:\/\/www.organisator.ch\/fr\/gestion-2\/2018-02-14\/ohne-agilitaet-sind-viele-kmu-spaetestens-2023-tot\/","og_locale":"fr_FR","og_type":"article","og_title":"Ohne Agilit\u00e4t sind viele KMU sp\u00e4testens 2023 tot","og_description":"#Agilit\u00e4t ist unerl\u00e4sslich f\u00fcr das \u00dcberleben von #KMU: In einer Umfrage gibt die H\u00e4lfte der F\u00fchrungskr\u00e4fte an, dass sie andernfalls bis 2023 nicht mehr existieren.","og_url":"https:\/\/www.organisator.ch\/fr\/gestion-2\/2018-02-14\/ohne-agilitaet-sind-viele-kmu-spaetestens-2023-tot\/","og_site_name":"Organisator","article_publisher":"https:\/\/www.facebook.com\/OrganisatorFachmagazin","article_published_time":"2018-02-14T14:19:46+00:00","og_image":[{"width":457,"height":640,"url":"https:\/\/www.organisator.ch\/wp-content\/uploads\/2018\/02\/Ohne-Agilitaet-sind-viele-KMU-spaetestens-2023-tot_Organisator.jpg","type":"image\/jpeg"}],"author":"thomas.berner","twitter_card":"summary_large_image","twitter_title":"Ohne #Agilit\u00e4t sind viele KMU sp\u00e4testens 2023 tot","twitter_description":"#Agilit\u00e4t ist unerl\u00e4sslich f\u00fcr das \u00dcberleben von #KMU: In einer Umfrage gibt die H\u00e4lfte der F\u00fchrungskr\u00e4fte an, dass sie andernfalls bis 2023 nicht mehr existieren.","twitter_image":"https:\/\/www.organisator.ch\/wp-content\/uploads\/2018\/02\/Ohne-Agilit\u00e4t-sind-viele-KMU-sp\u00e4testens-2023-tot_Organisator.jpg","schema":{"@context":"https:\/\/schema.org","@graph":[{"@type":"Article","@id":"https:\/\/www.organisator.ch\/management\/2018-02-14\/ohne-agilitaet-sind-viele-kmu-spaetestens-2023-tot\/#article","isPartOf":{"@id":"https:\/\/www.organisator.ch\/management\/2018-02-14\/ohne-agilitaet-sind-viele-kmu-spaetestens-2023-tot\/"},"author":{"name":"thomas.berner","@id":"https:\/\/www.organisator.ch\/#\/schema\/person\/6f650f90b2842cd4c0cc334b4e36f67e"},"headline":"Ohne Agilit\u00e4t sind viele KMU sp\u00e4testens 2023 tot","datePublished":"2018-02-14T14:19:46+00:00","mainEntityOfPage":{"@id":"https:\/\/www.organisator.ch\/management\/2018-02-14\/ohne-agilitaet-sind-viele-kmu-spaetestens-2023-tot\/"},"wordCount":441,"commentCount":0,"publisher":{"@id":"https:\/\/www.organisator.ch\/#organization"},"image":{"@id":"https:\/\/www.organisator.ch\/management\/2018-02-14\/ohne-agilitaet-sind-viele-kmu-spaetestens-2023-tot\/#primaryimage"},"thumbnailUrl":"https:\/\/www.organisator.ch\/wp-content\/uploads\/2018\/02\/Ohne-Agilitaet-sind-viele-KMU-spaetestens-2023-tot_Organisator.jpg","keywords":["Agile Methoden","Digitalisierung","IT","Management und Unternehmensf\u00fchrung","Studie"],"articleSection":["MANAGEMENT"],"inLanguage":"fr-FR"},{"@type":"WebPage","@id":"https:\/\/www.organisator.ch\/management\/2018-02-14\/ohne-agilitaet-sind-viele-kmu-spaetestens-2023-tot\/","url":"https:\/\/www.organisator.ch\/management\/2018-02-14\/ohne-agilitaet-sind-viele-kmu-spaetestens-2023-tot\/","name":"Sans agilit\u00e9, de nombreuses PME seront mortes au plus tard en 2023 - Organisateur","isPartOf":{"@id":"https:\/\/www.organisator.ch\/#website"},"primaryImageOfPage":{"@id":"https:\/\/www.organisator.ch\/management\/2018-02-14\/ohne-agilitaet-sind-viele-kmu-spaetestens-2023-tot\/#primaryimage"},"image":{"@id":"https:\/\/www.organisator.ch\/management\/2018-02-14\/ohne-agilitaet-sind-viele-kmu-spaetestens-2023-tot\/#primaryimage"},"thumbnailUrl":"https:\/\/www.organisator.ch\/wp-content\/uploads\/2018\/02\/Ohne-Agilitaet-sind-viele-KMU-spaetestens-2023-tot_Organisator.jpg","datePublished":"2018-02-14T14:19:46+00:00","description":"L'agilit\u00e9 est indispensable \u00e0 la survie des PME : dans une enqu\u00eate, la moiti\u00e9 des dirigeants indiquent que, dans le cas contraire, elles n'existeront plus d'ici 2023.","breadcrumb":{"@id":"https:\/\/www.organisator.ch\/management\/2018-02-14\/ohne-agilitaet-sind-viele-kmu-spaetestens-2023-tot\/#breadcrumb"},"inLanguage":"fr-FR","potentialAction":[{"@type":"ReadAction","target":["https:\/\/www.organisator.ch\/management\/2018-02-14\/ohne-agilitaet-sind-viele-kmu-spaetestens-2023-tot\/"]}]},{"@type":"ImageObject","inLanguage":"fr-FR","@id":"https:\/\/www.organisator.ch\/management\/2018-02-14\/ohne-agilitaet-sind-viele-kmu-spaetestens-2023-tot\/#primaryimage","url":"https:\/\/www.organisator.ch\/wp-content\/uploads\/2018\/02\/Ohne-Agilitaet-sind-viele-KMU-spaetestens-2023-tot_Organisator.jpg","contentUrl":"https:\/\/www.organisator.ch\/wp-content\/uploads\/2018\/02\/Ohne-Agilitaet-sind-viele-KMU-spaetestens-2023-tot_Organisator.jpg","width":457,"height":640,"caption":"Der Einsatz der richtigen Technologie f\u00f6rdert die Agilit\u00e4t von KMU, so die Ergebnisse einer Umfrage von Ricoh. (Grafik: www.ricoh.de\/thoughtleadership) WWW.RICOH.DE\/THOUGHTLEADERSHIP"},{"@type":"BreadcrumbList","@id":"https:\/\/www.organisator.ch\/management\/2018-02-14\/ohne-agilitaet-sind-viele-kmu-spaetestens-2023-tot\/#breadcrumb","itemListElement":[{"@type":"ListItem","position":1,"name":"Home","item":"https:\/\/www.organisator.ch\/"},{"@type":"ListItem","position":2,"name":"Ohne Agilit\u00e4t sind viele KMU sp\u00e4testens 2023 tot"}]},{"@type":"WebSite","@id":"https:\/\/www.organisator.ch\/#website","url":"https:\/\/www.organisator.ch\/","name":"Organisateur","description":"Comp\u00e9tence et comp\u00e9tence. Proches de la pratique. L'ORGANISATEUR pr\u00e9pare 10 num\u00e9ros par an sur les th\u00e8mes essentiels pour les dirigeants de PME.","publisher":{"@id":"https:\/\/www.organisator.ch\/#organization"},"potentialAction":[{"@type":"SearchAction","target":{"@type":"EntryPoint","urlTemplate":"https:\/\/www.organisator.ch\/?s={search_term_string}"},"query-input":{"@type":"PropertyValueSpecification","valueRequired":true,"valueName":"search_term_string"}}],"inLanguage":"fr-FR"},{"@type":"Organization","@id":"https:\/\/www.organisator.ch\/#organization","name":"Organisateur","url":"https:\/\/www.organisator.ch\/","logo":{"@type":"ImageObject","inLanguage":"fr-FR","@id":"https:\/\/www.organisator.ch\/#\/schema\/logo\/image\/","url":"https:\/\/www.organisator.ch\/wp-content\/uploads\/2022\/01\/Logo_Organisator_Website.png","contentUrl":"https:\/\/www.organisator.ch\/wp-content\/uploads\/2022\/01\/Logo_Organisator_Website.png","width":800,"height":77,"caption":"Organisator"},"image":{"@id":"https:\/\/www.organisator.ch\/#\/schema\/logo\/image\/"},"sameAs":["https:\/\/www.facebook.com\/OrganisatorFachmagazin","https:\/\/www.linkedin.com\/showcase\/organisator-das-magazin-fr-kmu","https:\/\/www.xing.com\/news\/pages\/organisator-ch-695","https:\/\/www.youtube.com\/channel\/UCGP2Sq0iWaZwT3BdIAQFYpw"]},{"@type":"Person","@id":"https:\/\/www.organisator.ch\/#\/schema\/person\/6f650f90b2842cd4c0cc334b4e36f67e","name":"thomas.berner","image":{"@type":"ImageObject","inLanguage":"fr-FR","@id":"https:\/\/secure.gravatar.com\/avatar\/ac5001d2a36cb6c6cd3e50789007ffca834b477b74a2144564522e944eabff61?s=96&d=mm&r=g","url":"https:\/\/secure.gravatar.com\/avatar\/ac5001d2a36cb6c6cd3e50789007ffca834b477b74a2144564522e944eabff61?s=96&d=mm&r=g","contentUrl":"https:\/\/secure.gravatar.com\/avatar\/ac5001d2a36cb6c6cd3e50789007ffca834b477b74a2144564522e944eabff61?s=96&d=mm&r=g","caption":"thomas.berner"},"url":"https:\/\/www.organisator.ch\/fr\/author\/thomas-berner\/"}]}},"_links":{"self":[{"href":"https:\/\/www.organisator.ch\/fr\/wp-json\/wp\/v2\/posts\/3159","targetHints":{"allow":["GET"]}}],"collection":[{"href":"https:\/\/www.organisator.ch\/fr\/wp-json\/wp\/v2\/posts"}],"about":[{"href":"https:\/\/www.organisator.ch\/fr\/wp-json\/wp\/v2\/types\/post"}],"author":[{"embeddable":true,"href":"https:\/\/www.organisator.ch\/fr\/wp-json\/wp\/v2\/users\/4"}],"replies":[{"embeddable":true,"href":"https:\/\/www.organisator.ch\/fr\/wp-json\/wp\/v2\/comments?post=3159"}],"version-history":[{"count":0,"href":"https:\/\/www.organisator.ch\/fr\/wp-json\/wp\/v2\/posts\/3159\/revisions"}],"wp:featuredmedia":[{"embeddable":true,"href":"https:\/\/www.organisator.ch\/fr\/wp-json\/wp\/v2\/media\/3160"}],"wp:attachment":[{"href":"https:\/\/www.organisator.ch\/fr\/wp-json\/wp\/v2\/media?parent=3159"}],"wp:term":[{"taxonomy":"category","embeddable":true,"href":"https:\/\/www.organisator.ch\/fr\/wp-json\/wp\/v2\/categories?post=3159"},{"taxonomy":"post_tag","embeddable":true,"href":"https:\/\/www.organisator.ch\/fr\/wp-json\/wp\/v2\/tags?post=3159"}],"curies":[{"name":"wp","href":"https:\/\/api.w.org\/{rel}","templated":true}]}}