{"id":3161,"date":"2020-06-24T11:27:38","date_gmt":"2020-06-24T09:27:38","guid":{"rendered":"https:\/\/www.umweltperspektiven.ch\/?p=3161"},"modified":"2022-02-09T11:06:49","modified_gmt":"2022-02-09T10:06:49","slug":"neues-forschungszentrum-fuer-klimaforschung-in-davos","status":"publish","type":"post","link":"https:\/\/www.organisator.ch\/fr\/sustainability\/2020-06-24\/neues-forschungszentrum-fuer-klimaforschung-in-davos\/","title":{"rendered":"Nouveau centre de recherche sur le climat \u00e0 Davos"},"content":{"rendered":"<figure id=\"attachment_3162\" aria-describedby=\"caption-attachment-3162\" style=\"width: 680px\" class=\"wp-caption alignnone\"><img loading=\"lazy\" decoding=\"async\" class=\"wp-image-3162 size-medium\" src=\"\/\/www.umweltperspektiven.ch\/wp-content\/uploads\/2020\/06\/Neues-Zentrum-F\u00fcr-Forschung-in-Davos.jpg-.png\" alt=\"\" width=\"680\" height=\"396\" \/><figcaption id=\"caption-attachment-3162\" class=\"wp-caption-text\">Le nouveau centre de recherche de Davos promeut des connaissances importantes sur le Kilma dans l'espace alpin et propose des solutions innovantes pour une gestion efficace des dangers naturels. (Image : ETH)<\/figcaption><\/figure>\n<p>Le nouveau centre de recherche est d'une grande importance, car le changement climatique global progresse - les scientifiques de premier plan du monde entier sont d'accord sur ce point. Cela a un impact particuli\u00e8rement fort sur les ph\u00e9nom\u00e8nes m\u00e9t\u00e9orologiques extr\u00eames et les \u00e9v\u00e9nements naturels dans l'espace alpin, o\u00f9 le r\u00e9chauffement est deux fois plus \u00e9lev\u00e9 que la moyenne mondiale. Il peut en r\u00e9sulter des inondations, des coul\u00e9es de boue et des glissements de terrain, ainsi que de longues p\u00e9riodes de s\u00e9cheresse en \u00e9t\u00e9. De tels \u00e9v\u00e9nements peuvent avoir des cons\u00e9quences sociales et \u00e9conomiques, comme l'ont montr\u00e9 par exemple l'\u00e9boulement et les coul\u00e9es de boue qui ont suivi \u00e0 Bondo dans le Bergell.<\/p>\n<p>C'est pourquoi l'Institut f\u00e9d\u00e9ral de recherches sur la for\u00eat, la neige et le paysage WSL, d\u00e9j\u00e0 ancr\u00e9 \u00e0 Davos avec son WSL Institut pour l'\u00e9tude de la neige et des avalanches SLF et ses quelque 140 collaborateurs, a cherch\u00e9 avec le gouvernement grison des moyens de donner un poids suppl\u00e9mentaire aux th\u00e8mes du changement climatique et des dangers naturels dans l'espace alpin. L'EPFZ participe \u00e9galement \u00e0 la mise en place d'un centre de recherche au rayonnement international \u00e0 Davos. Les d\u00e9cisions de financement correspondantes ont \u00e9t\u00e9 prises par toutes les parties concern\u00e9es avant d\u00e9but juin.<\/p>\n<h2>Deux nouvelles chaires et 40 nouveaux emplois<\/h2>\n<p>\"Nous avons besoin de nouvelles connaissances et de solutions innovantes pour une gestion efficace des dangers naturels. C'est la seule fa\u00e7on pour les personnes vivant dans des zones de montagne de vivre et de g\u00e9rer leurs activit\u00e9s de mani\u00e8re durable\", a expliqu\u00e9 J\u00fcrg Schweizer, directeur du SLF, lors de la conf\u00e9rence de presse du 12 juin 2020, au cours de laquelle la coop\u00e9ration a \u00e9t\u00e9 pr\u00e9sent\u00e9e pour la premi\u00e8re fois au public.<\/p>\n<p>Le centre pr\u00e9vu comprendra six domaines de recherche et, dans ceux-ci, deux nouvelles chaires qui seront port\u00e9es conjointement par le WSL et l'ETH Zurich. \"Notre recherche climatique et environnementale au profil international offre la garantie que les deux chaires doubles pr\u00e9vues avec le WSL b\u00e9n\u00e9ficieront d'un r\u00e9seau solide. En m\u00eame temps, nous approfondissons les connaissances sur les effets du changement climatique sur les r\u00e9gions de montagne, qui sont essentielles pour la Suisse\", a d\u00e9clar\u00e9 Jo\u00ebl Mesot, pr\u00e9sident de l'EPFZ.<\/p>\n<p>Tandis que l'une des chaires \u00e9tudiera les mouvements de masse alpins et le permafrost, la seconde se consacrera aux effets du changement climatique sur les r\u00e9gions de montagne. D'autres th\u00e8mes de recherche sont l'alerte pr\u00e9coce, l'\u00e9cologie de montagne et la for\u00eat de protection ainsi que la communication des risques et la r\u00e9silience, c'est-\u00e0-dire la capacit\u00e9 \u00e0 g\u00e9rer les dangers naturels et \u00e0 r\u00e9duire la vuln\u00e9rabilit\u00e9. \u00c0 long terme, le nouveau centre devrait cr\u00e9er jusqu'\u00e0 40 nouveaux emplois.<\/p>\n<h2>72 millions de francs pour les douze premi\u00e8res ann\u00e9es<\/h2>\n<p>Le financement de base pour les douze premi\u00e8res ann\u00e9es, de 2021 \u00e0 2032, s'\u00e9l\u00e8ve \u00e0 environ six millions de francs par an. Le canton des Grisons y contribue \u00e0 hauteur de deux millions par an, le WSL \u00e0 hauteur de trois millions et l'ETH Zurich \u00e0 hauteur d'un million de francs par an. Ces fonds assurent l'exploitation de base, les \u00e9ventuels plans de croissance devant \u00eatre financ\u00e9s par des fonds tiers \u00e0 partir de 2023.<\/p>\n<p>Le centre de recherche sera formellement cr\u00e9\u00e9 cette ann\u00e9e et entrera en fonction le 1er janvier 2021 en tant que partie int\u00e9grante du WSL. Il s'installera dans les locaux du SLF \u00e0 Davos, o\u00f9 les travaux d'extension d\u00e9buteront cet \u00e9t\u00e9. \"Le WSL est ancr\u00e9 dans la r\u00e9gion et m\u00e8ne depuis longtemps des recherches sur des th\u00e8mes de montagne comme les avalanches ou les chutes de pierres. Il est reconnu par les utilisateurs des r\u00e9sultats de la recherche, ce qui est essentiel pour le transfert de connaissances\", a soulign\u00e9 Konrad Steffen, directeur du WSL.<\/p>\n<h2>Premi\u00e8re mesure de la strat\u00e9gie d'innovation des Grisons<\/h2>\n<p>Le centre sera une premi\u00e8re mesure visible dans le cadre du programme gouvernemental 2021-24 et \u00e9taye la strat\u00e9gie d'innovation adopt\u00e9e l'ann\u00e9e derni\u00e8re par le canton des Grisons. \"Le site de recherche de Davos sera d\u00e9velopp\u00e9 durablement par la cr\u00e9ation de jusqu'\u00e0 quarante postes hautement qualifi\u00e9s\", a d\u00e9clar\u00e9 le chef du d\u00e9partement de l'\u00e9conomie et des affaires sociales, le conseiller d'\u00c9tat Marcus Caduff. Il s'agit ainsi de renforcer le transfert de connaissances et de technologies pour l'\u00e9conomie r\u00e9gionale et l'administration cantonale - en lien avec l'ambition concr\u00e8te de faire des Grisons, mais aussi d'autres r\u00e9gions de montagne, des espaces de vie attrayants, agr\u00e9ables \u00e0 vivre et s\u00fbrs.<\/p>\n<p>Mais le centre de recherche n'est pas seulement pertinent pour les Grisons du point de vue de l'innovation, il soutient \u00e9galement la mise en \u0153uvre de la strat\u00e9gie cantonale en mati\u00e8re de hautes \u00e9coles et de recherche. Le conseiller d'Etat Jon Domenic Parolini, responsable de l'\u00e9ducation, de la culture et de la protection de l'environnement au sein du gouvernement grison, a soulign\u00e9 : \"Le nouveau centre de recherche apporte une contribution importante au d\u00e9veloppement de notre canton sur le plan social, \u00e9conomique et de la politique de l'\u00e9ducation\".<\/p>\n<p><a href=\"\/\/ethz.ch\/de\/news-und-veranstaltungen\/eth-news\/news\/2020\/06\/spitzenforschung-in-davos.html\"><em>Autres actualit\u00e9s et informations sur le site de recherche de l'EPF \u00e0 Davos<\/em><\/a><\/p>","protected":false},"excerpt":{"rendered":"<p>Das neue Forschungszenrum ist von hoher Bedeutung, denn der globale Klimawandel schreitet voran \u2013 darin sind sich f\u00fchrende Wissenschafterinnen und Wissenschafter weltweit einig. Dies beeinflusst Wetterextreme und Naturereignisse im Alpenraum besonders stark, denn hier f\u00e4llt die Erw\u00e4rmung doppelt so hoch aus wie im globalen Durchschnitt. Die Folge k\u00f6nnen \u00dcberschwemmungen, Murg\u00e4nge und Hangrutsche sowie lange Trockenheitsperioden [&hellip;]<\/p>\n","protected":false},"author":5,"featured_media":3162,"comment_status":"closed","ping_status":"closed","sticky":false,"template":"","format":"standard","meta":{"_acf_changed":false,"_yoast_wpseo_focuskw":"Forschungszentrum","_yoast_wpseo_metadesc":"Der Kanton Graub\u00fcnden und die Eidg. Forschungsanstalt f\u00fcr Wald, Schnee und Landschaft WSL gr\u00fcnden ein neues Forschungszentrum in Davos.","articlekey":"","footnotes":""},"categories":[580],"tags":[966,218,1311,596,2391,2596],"class_list":["post-3161","post","type-post","status-publish","format-standard","has-post-thumbnail","hentry","category-sustainability","tag-davos","tag-forschung","tag-graubuenden","tag-klima","tag-umweltwissenschaften","tag-zentrum"],"acf":[],"yoast_head":"<!-- This site is optimized with the Yoast SEO plugin v27.4 - https:\/\/yoast.com\/product\/yoast-seo-wordpress\/ -->\n<title>Neues Forschungszentrum f\u00fcr Klimaforschung in Davos - Organisator<\/title>\n<meta name=\"description\" content=\"Der Kanton Graub\u00fcnden und die Eidg. Forschungsanstalt f\u00fcr Wald, Schnee und Landschaft WSL gr\u00fcnden ein neues Forschungszentrum in Davos.\" \/>\n<meta name=\"robots\" content=\"index, follow, max-snippet:-1, max-image-preview:large, max-video-preview:-1\" \/>\n<link rel=\"canonical\" href=\"https:\/\/www.organisator.ch\/fr\/sustainability\/2020-06-24\/neues-forschungszentrum-fuer-klimaforschung-in-davos\/\" \/>\n<meta property=\"og:locale\" content=\"fr_FR\" \/>\n<meta property=\"og:type\" content=\"article\" \/>\n<meta property=\"og:title\" content=\"Neues Forschungszentrum f\u00fcr Klimaforschung in Davos - Organisator\" \/>\n<meta property=\"og:description\" content=\"Der Kanton Graub\u00fcnden und die Eidg. Forschungsanstalt f\u00fcr Wald, Schnee und Landschaft WSL gr\u00fcnden ein neues Forschungszentrum in Davos.\" \/>\n<meta property=\"og:url\" content=\"https:\/\/www.organisator.ch\/fr\/sustainability\/2020-06-24\/neues-forschungszentrum-fuer-klimaforschung-in-davos\/\" \/>\n<meta property=\"og:site_name\" content=\"Organisator\" \/>\n<meta property=\"article:publisher\" content=\"https:\/\/www.facebook.com\/OrganisatorFachmagazin\" \/>\n<meta property=\"article:published_time\" content=\"2020-06-24T09:27:38+00:00\" \/>\n<meta property=\"article:modified_time\" content=\"2022-02-09T10:06:49+00:00\" \/>\n<meta property=\"og:image\" content=\"https:\/\/www.organisator.ch\/wp-content\/uploads\/2020\/06\/Neues-Zentrum-Fuer-Forschung-in-Davos.jpg-.png\" \/>\n\t<meta property=\"og:image:width\" content=\"789\" \/>\n\t<meta property=\"og:image:height\" content=\"459\" \/>\n\t<meta property=\"og:image:type\" content=\"image\/png\" \/>\n<meta name=\"author\" content=\"michael.merz\" \/>\n<meta name=\"twitter:card\" content=\"summary_large_image\" \/>\n<script type=\"application\/ld+json\" class=\"yoast-schema-graph\">{\"@context\":\"https:\\\/\\\/schema.org\",\"@graph\":[{\"@type\":\"Article\",\"@id\":\"https:\\\/\\\/www.organisator.ch\\\/sustainability\\\/2020-06-24\\\/neues-forschungszentrum-fuer-klimaforschung-in-davos\\\/#article\",\"isPartOf\":{\"@id\":\"https:\\\/\\\/www.organisator.ch\\\/sustainability\\\/2020-06-24\\\/neues-forschungszentrum-fuer-klimaforschung-in-davos\\\/\"},\"author\":{\"name\":\"michael.merz\",\"@id\":\"https:\\\/\\\/www.organisator.ch\\\/#\\\/schema\\\/person\\\/134708ca9321c57b0362cceb7948ffbd\"},\"headline\":\"Neues Forschungszentrum f\u00fcr Klimaforschung in Davos\",\"datePublished\":\"2020-06-24T09:27:38+00:00\",\"dateModified\":\"2022-02-09T10:06:49+00:00\",\"mainEntityOfPage\":{\"@id\":\"https:\\\/\\\/www.organisator.ch\\\/sustainability\\\/2020-06-24\\\/neues-forschungszentrum-fuer-klimaforschung-in-davos\\\/\"},\"wordCount\":701,\"publisher\":{\"@id\":\"https:\\\/\\\/www.organisator.ch\\\/#organization\"},\"image\":{\"@id\":\"https:\\\/\\\/www.organisator.ch\\\/sustainability\\\/2020-06-24\\\/neues-forschungszentrum-fuer-klimaforschung-in-davos\\\/#primaryimage\"},\"thumbnailUrl\":\"https:\\\/\\\/www.organisator.ch\\\/wp-content\\\/uploads\\\/2020\\\/06\\\/Neues-Zentrum-Fuer-Forschung-in-Davos.jpg-.png\",\"keywords\":[\"Davos\",\"Forschung\",\"Graub\u00fcnden\",\"KLIMA\",\"Umweltwissenschaften\",\"Zentrum\"],\"articleSection\":[\"SUSTAINABILITY\"],\"inLanguage\":\"fr-FR\"},{\"@type\":\"WebPage\",\"@id\":\"https:\\\/\\\/www.organisator.ch\\\/sustainability\\\/2020-06-24\\\/neues-forschungszentrum-fuer-klimaforschung-in-davos\\\/\",\"url\":\"https:\\\/\\\/www.organisator.ch\\\/sustainability\\\/2020-06-24\\\/neues-forschungszentrum-fuer-klimaforschung-in-davos\\\/\",\"name\":\"Neues Forschungszentrum f\u00fcr Klimaforschung in Davos - Organisator\",\"isPartOf\":{\"@id\":\"https:\\\/\\\/www.organisator.ch\\\/#website\"},\"primaryImageOfPage\":{\"@id\":\"https:\\\/\\\/www.organisator.ch\\\/sustainability\\\/2020-06-24\\\/neues-forschungszentrum-fuer-klimaforschung-in-davos\\\/#primaryimage\"},\"image\":{\"@id\":\"https:\\\/\\\/www.organisator.ch\\\/sustainability\\\/2020-06-24\\\/neues-forschungszentrum-fuer-klimaforschung-in-davos\\\/#primaryimage\"},\"thumbnailUrl\":\"https:\\\/\\\/www.organisator.ch\\\/wp-content\\\/uploads\\\/2020\\\/06\\\/Neues-Zentrum-Fuer-Forschung-in-Davos.jpg-.png\",\"datePublished\":\"2020-06-24T09:27:38+00:00\",\"dateModified\":\"2022-02-09T10:06:49+00:00\",\"description\":\"Der Kanton Graub\u00fcnden und die Eidg. Forschungsanstalt f\u00fcr Wald, Schnee und Landschaft WSL gr\u00fcnden ein neues Forschungszentrum in Davos.\",\"breadcrumb\":{\"@id\":\"https:\\\/\\\/www.organisator.ch\\\/sustainability\\\/2020-06-24\\\/neues-forschungszentrum-fuer-klimaforschung-in-davos\\\/#breadcrumb\"},\"inLanguage\":\"fr-FR\",\"potentialAction\":[{\"@type\":\"ReadAction\",\"target\":[\"https:\\\/\\\/www.organisator.ch\\\/sustainability\\\/2020-06-24\\\/neues-forschungszentrum-fuer-klimaforschung-in-davos\\\/\"]}]},{\"@type\":\"ImageObject\",\"inLanguage\":\"fr-FR\",\"@id\":\"https:\\\/\\\/www.organisator.ch\\\/sustainability\\\/2020-06-24\\\/neues-forschungszentrum-fuer-klimaforschung-in-davos\\\/#primaryimage\",\"url\":\"https:\\\/\\\/www.organisator.ch\\\/wp-content\\\/uploads\\\/2020\\\/06\\\/Neues-Zentrum-Fuer-Forschung-in-Davos.jpg-.png\",\"contentUrl\":\"https:\\\/\\\/www.organisator.ch\\\/wp-content\\\/uploads\\\/2020\\\/06\\\/Neues-Zentrum-Fuer-Forschung-in-Davos.jpg-.png\",\"width\":789,\"height\":459},{\"@type\":\"BreadcrumbList\",\"@id\":\"https:\\\/\\\/www.organisator.ch\\\/sustainability\\\/2020-06-24\\\/neues-forschungszentrum-fuer-klimaforschung-in-davos\\\/#breadcrumb\",\"itemListElement\":[{\"@type\":\"ListItem\",\"position\":1,\"name\":\"Home\",\"item\":\"https:\\\/\\\/www.organisator.ch\\\/\"},{\"@type\":\"ListItem\",\"position\":2,\"name\":\"Neues Forschungszentrum f\u00fcr Klimaforschung in Davos\"}]},{\"@type\":\"WebSite\",\"@id\":\"https:\\\/\\\/www.organisator.ch\\\/#website\",\"url\":\"https:\\\/\\\/www.organisator.ch\\\/\",\"name\":\"Organisator\",\"description\":\"Kompetent. Praxisnah. Der ORGANISATOR bereitet in 10 Ausgaben pro Jahr die wesentlichen Themen f\u00fcr F\u00fchrungskr\u00e4fte von KMU auf.\",\"publisher\":{\"@id\":\"https:\\\/\\\/www.organisator.ch\\\/#organization\"},\"potentialAction\":[{\"@type\":\"SearchAction\",\"target\":{\"@type\":\"EntryPoint\",\"urlTemplate\":\"https:\\\/\\\/www.organisator.ch\\\/?s={search_term_string}\"},\"query-input\":{\"@type\":\"PropertyValueSpecification\",\"valueRequired\":true,\"valueName\":\"search_term_string\"}}],\"inLanguage\":\"fr-FR\"},{\"@type\":\"Organization\",\"@id\":\"https:\\\/\\\/www.organisator.ch\\\/#organization\",\"name\":\"Organisator\",\"url\":\"https:\\\/\\\/www.organisator.ch\\\/\",\"logo\":{\"@type\":\"ImageObject\",\"inLanguage\":\"fr-FR\",\"@id\":\"https:\\\/\\\/www.organisator.ch\\\/#\\\/schema\\\/logo\\\/image\\\/\",\"url\":\"https:\\\/\\\/www.organisator.ch\\\/wp-content\\\/uploads\\\/2022\\\/01\\\/Logo_Organisator_Website.png\",\"contentUrl\":\"https:\\\/\\\/www.organisator.ch\\\/wp-content\\\/uploads\\\/2022\\\/01\\\/Logo_Organisator_Website.png\",\"width\":800,\"height\":77,\"caption\":\"Organisator\"},\"image\":{\"@id\":\"https:\\\/\\\/www.organisator.ch\\\/#\\\/schema\\\/logo\\\/image\\\/\"},\"sameAs\":[\"https:\\\/\\\/www.facebook.com\\\/OrganisatorFachmagazin\",\"https:\\\/\\\/www.linkedin.com\\\/showcase\\\/organisator-das-magazin-fr-kmu\",\"https:\\\/\\\/www.xing.com\\\/news\\\/pages\\\/organisator-ch-695\",\"https:\\\/\\\/www.youtube.com\\\/channel\\\/UCGP2Sq0iWaZwT3BdIAQFYpw\"]},{\"@type\":\"Person\",\"@id\":\"https:\\\/\\\/www.organisator.ch\\\/#\\\/schema\\\/person\\\/134708ca9321c57b0362cceb7948ffbd\",\"name\":\"michael.merz\",\"image\":{\"@type\":\"ImageObject\",\"inLanguage\":\"fr-FR\",\"@id\":\"https:\\\/\\\/secure.gravatar.com\\\/avatar\\\/?s=96&d=mm&r=g\",\"url\":\"https:\\\/\\\/secure.gravatar.com\\\/avatar\\\/?s=96&d=mm&r=g\",\"contentUrl\":\"https:\\\/\\\/secure.gravatar.com\\\/avatar\\\/?s=96&d=mm&r=g\",\"caption\":\"michael.merz\"},\"url\":\"https:\\\/\\\/www.organisator.ch\\\/fr\\\/author\\\/michael-merz\\\/\"}]}<\/script>\n<!-- \/ Yoast SEO plugin. -->","yoast_head_json":{"title":"Nouveau centre de recherche sur le climat \u00e0 Davos - Organisateur","description":"Le canton des Grisons et l'Institut f\u00e9d\u00e9ral de recherches sur la for\u00eat, la neige et le paysage WSL cr\u00e9ent un nouveau centre de recherche \u00e0 Davos.","robots":{"index":"index","follow":"follow","max-snippet":"max-snippet:-1","max-image-preview":"max-image-preview:large","max-video-preview":"max-video-preview:-1"},"canonical":"https:\/\/www.organisator.ch\/fr\/sustainability\/2020-06-24\/neues-forschungszentrum-fuer-klimaforschung-in-davos\/","og_locale":"fr_FR","og_type":"article","og_title":"Neues Forschungszentrum f\u00fcr Klimaforschung in Davos - Organisator","og_description":"Der Kanton Graub\u00fcnden und die Eidg. Forschungsanstalt f\u00fcr Wald, Schnee und Landschaft WSL gr\u00fcnden ein neues Forschungszentrum in Davos.","og_url":"https:\/\/www.organisator.ch\/fr\/sustainability\/2020-06-24\/neues-forschungszentrum-fuer-klimaforschung-in-davos\/","og_site_name":"Organisator","article_publisher":"https:\/\/www.facebook.com\/OrganisatorFachmagazin","article_published_time":"2020-06-24T09:27:38+00:00","article_modified_time":"2022-02-09T10:06:49+00:00","og_image":[{"width":789,"height":459,"url":"https:\/\/www.organisator.ch\/wp-content\/uploads\/2020\/06\/Neues-Zentrum-Fuer-Forschung-in-Davos.jpg-.png","type":"image\/png"}],"author":"michael.merz","twitter_card":"summary_large_image","schema":{"@context":"https:\/\/schema.org","@graph":[{"@type":"Article","@id":"https:\/\/www.organisator.ch\/sustainability\/2020-06-24\/neues-forschungszentrum-fuer-klimaforschung-in-davos\/#article","isPartOf":{"@id":"https:\/\/www.organisator.ch\/sustainability\/2020-06-24\/neues-forschungszentrum-fuer-klimaforschung-in-davos\/"},"author":{"name":"michael.merz","@id":"https:\/\/www.organisator.ch\/#\/schema\/person\/134708ca9321c57b0362cceb7948ffbd"},"headline":"Neues Forschungszentrum f\u00fcr Klimaforschung in Davos","datePublished":"2020-06-24T09:27:38+00:00","dateModified":"2022-02-09T10:06:49+00:00","mainEntityOfPage":{"@id":"https:\/\/www.organisator.ch\/sustainability\/2020-06-24\/neues-forschungszentrum-fuer-klimaforschung-in-davos\/"},"wordCount":701,"publisher":{"@id":"https:\/\/www.organisator.ch\/#organization"},"image":{"@id":"https:\/\/www.organisator.ch\/sustainability\/2020-06-24\/neues-forschungszentrum-fuer-klimaforschung-in-davos\/#primaryimage"},"thumbnailUrl":"https:\/\/www.organisator.ch\/wp-content\/uploads\/2020\/06\/Neues-Zentrum-Fuer-Forschung-in-Davos.jpg-.png","keywords":["Davos","Forschung","Graub\u00fcnden","KLIMA","Umweltwissenschaften","Zentrum"],"articleSection":["SUSTAINABILITY"],"inLanguage":"fr-FR"},{"@type":"WebPage","@id":"https:\/\/www.organisator.ch\/sustainability\/2020-06-24\/neues-forschungszentrum-fuer-klimaforschung-in-davos\/","url":"https:\/\/www.organisator.ch\/sustainability\/2020-06-24\/neues-forschungszentrum-fuer-klimaforschung-in-davos\/","name":"Nouveau centre de recherche sur le climat \u00e0 Davos - Organisateur","isPartOf":{"@id":"https:\/\/www.organisator.ch\/#website"},"primaryImageOfPage":{"@id":"https:\/\/www.organisator.ch\/sustainability\/2020-06-24\/neues-forschungszentrum-fuer-klimaforschung-in-davos\/#primaryimage"},"image":{"@id":"https:\/\/www.organisator.ch\/sustainability\/2020-06-24\/neues-forschungszentrum-fuer-klimaforschung-in-davos\/#primaryimage"},"thumbnailUrl":"https:\/\/www.organisator.ch\/wp-content\/uploads\/2020\/06\/Neues-Zentrum-Fuer-Forschung-in-Davos.jpg-.png","datePublished":"2020-06-24T09:27:38+00:00","dateModified":"2022-02-09T10:06:49+00:00","description":"Le canton des Grisons et l'Institut f\u00e9d\u00e9ral de recherches sur la for\u00eat, la neige et le paysage WSL cr\u00e9ent un nouveau centre de recherche \u00e0 Davos.","breadcrumb":{"@id":"https:\/\/www.organisator.ch\/sustainability\/2020-06-24\/neues-forschungszentrum-fuer-klimaforschung-in-davos\/#breadcrumb"},"inLanguage":"fr-FR","potentialAction":[{"@type":"ReadAction","target":["https:\/\/www.organisator.ch\/sustainability\/2020-06-24\/neues-forschungszentrum-fuer-klimaforschung-in-davos\/"]}]},{"@type":"ImageObject","inLanguage":"fr-FR","@id":"https:\/\/www.organisator.ch\/sustainability\/2020-06-24\/neues-forschungszentrum-fuer-klimaforschung-in-davos\/#primaryimage","url":"https:\/\/www.organisator.ch\/wp-content\/uploads\/2020\/06\/Neues-Zentrum-Fuer-Forschung-in-Davos.jpg-.png","contentUrl":"https:\/\/www.organisator.ch\/wp-content\/uploads\/2020\/06\/Neues-Zentrum-Fuer-Forschung-in-Davos.jpg-.png","width":789,"height":459},{"@type":"BreadcrumbList","@id":"https:\/\/www.organisator.ch\/sustainability\/2020-06-24\/neues-forschungszentrum-fuer-klimaforschung-in-davos\/#breadcrumb","itemListElement":[{"@type":"ListItem","position":1,"name":"Home","item":"https:\/\/www.organisator.ch\/"},{"@type":"ListItem","position":2,"name":"Neues Forschungszentrum f\u00fcr Klimaforschung in Davos"}]},{"@type":"WebSite","@id":"https:\/\/www.organisator.ch\/#website","url":"https:\/\/www.organisator.ch\/","name":"Organisateur","description":"Comp\u00e9tence et comp\u00e9tence. Proches de la pratique. L'ORGANISATEUR pr\u00e9pare 10 num\u00e9ros par an sur les th\u00e8mes essentiels pour les dirigeants de PME.","publisher":{"@id":"https:\/\/www.organisator.ch\/#organization"},"potentialAction":[{"@type":"SearchAction","target":{"@type":"EntryPoint","urlTemplate":"https:\/\/www.organisator.ch\/?s={search_term_string}"},"query-input":{"@type":"PropertyValueSpecification","valueRequired":true,"valueName":"search_term_string"}}],"inLanguage":"fr-FR"},{"@type":"Organization","@id":"https:\/\/www.organisator.ch\/#organization","name":"Organisateur","url":"https:\/\/www.organisator.ch\/","logo":{"@type":"ImageObject","inLanguage":"fr-FR","@id":"https:\/\/www.organisator.ch\/#\/schema\/logo\/image\/","url":"https:\/\/www.organisator.ch\/wp-content\/uploads\/2022\/01\/Logo_Organisator_Website.png","contentUrl":"https:\/\/www.organisator.ch\/wp-content\/uploads\/2022\/01\/Logo_Organisator_Website.png","width":800,"height":77,"caption":"Organisator"},"image":{"@id":"https:\/\/www.organisator.ch\/#\/schema\/logo\/image\/"},"sameAs":["https:\/\/www.facebook.com\/OrganisatorFachmagazin","https:\/\/www.linkedin.com\/showcase\/organisator-das-magazin-fr-kmu","https:\/\/www.xing.com\/news\/pages\/organisator-ch-695","https:\/\/www.youtube.com\/channel\/UCGP2Sq0iWaZwT3BdIAQFYpw"]},{"@type":"Person","@id":"https:\/\/www.organisator.ch\/#\/schema\/person\/134708ca9321c57b0362cceb7948ffbd","name":"michael.merz","image":{"@type":"ImageObject","inLanguage":"fr-FR","@id":"https:\/\/secure.gravatar.com\/avatar\/?s=96&d=mm&r=g","url":"https:\/\/secure.gravatar.com\/avatar\/?s=96&d=mm&r=g","contentUrl":"https:\/\/secure.gravatar.com\/avatar\/?s=96&d=mm&r=g","caption":"michael.merz"},"url":"https:\/\/www.organisator.ch\/fr\/author\/michael-merz\/"}]}},"_links":{"self":[{"href":"https:\/\/www.organisator.ch\/fr\/wp-json\/wp\/v2\/posts\/3161","targetHints":{"allow":["GET"]}}],"collection":[{"href":"https:\/\/www.organisator.ch\/fr\/wp-json\/wp\/v2\/posts"}],"about":[{"href":"https:\/\/www.organisator.ch\/fr\/wp-json\/wp\/v2\/types\/post"}],"author":[{"embeddable":true,"href":"https:\/\/www.organisator.ch\/fr\/wp-json\/wp\/v2\/users\/5"}],"replies":[{"embeddable":true,"href":"https:\/\/www.organisator.ch\/fr\/wp-json\/wp\/v2\/comments?post=3161"}],"version-history":[{"count":1,"href":"https:\/\/www.organisator.ch\/fr\/wp-json\/wp\/v2\/posts\/3161\/revisions"}],"predecessor-version":[{"id":10673,"href":"https:\/\/www.organisator.ch\/fr\/wp-json\/wp\/v2\/posts\/3161\/revisions\/10673"}],"wp:featuredmedia":[{"embeddable":true,"href":"https:\/\/www.organisator.ch\/fr\/wp-json\/wp\/v2\/media\/3162"}],"wp:attachment":[{"href":"https:\/\/www.organisator.ch\/fr\/wp-json\/wp\/v2\/media?parent=3161"}],"wp:term":[{"taxonomy":"category","embeddable":true,"href":"https:\/\/www.organisator.ch\/fr\/wp-json\/wp\/v2\/categories?post=3161"},{"taxonomy":"post_tag","embeddable":true,"href":"https:\/\/www.organisator.ch\/fr\/wp-json\/wp\/v2\/tags?post=3161"}],"curies":[{"name":"wp","href":"https:\/\/api.w.org\/{rel}","templated":true}]}}