{"id":3167,"date":"2018-02-16T08:18:27","date_gmt":"2018-02-16T07:18:27","guid":{"rendered":"https:\/\/www.organisator.ch\/?p=3167"},"modified":"2018-02-16T08:18:27","modified_gmt":"2018-02-16T07:18:27","slug":"kostenlose-bueroadministrations-loesung-fuer-startups-und-kleinunternehmen-lanciert","status":"publish","type":"post","link":"https:\/\/www.organisator.ch\/fr\/management\/2018-02-16\/kostenlose-bueroadministrations-loesung-fuer-startups-und-kleinunternehmen-lanciert\/","title":{"rendered":"Lancement d'une solution d'administration de bureau gratuite pour les start-ups et les petites entreprises"},"content":{"rendered":"<figure id=\"attachment_3169\" aria-describedby=\"caption-attachment-3169\" style=\"width: 368px\" class=\"wp-caption alignnone\"><img loading=\"lazy\" decoding=\"async\" class=\"size-full wp-image-3169\" src=\"https:\/\/www.organisator.ch\/wp-content\/uploads\/2018\/02\/Kostenlose-Bueroadministrations-Loesung-fuer-Startups-und-Kleinunternehmen-lanciert_Organisator.jpg\" alt=\"\" width=\"368\" height=\"220\" srcset=\"https:\/\/www.organisator.ch\/wp-content\/uploads\/2018\/02\/Kostenlose-Bueroadministrations-Loesung-fuer-Startups-und-Kleinunternehmen-lanciert_Organisator.jpg 368w, https:\/\/www.organisator.ch\/wp-content\/uploads\/2018\/02\/Kostenlose-Bueroadministrations-Loesung-fuer-Startups-und-Kleinunternehmen-lanciert_Organisator-16x10.jpg 16w, https:\/\/www.organisator.ch\/wp-content\/uploads\/2018\/02\/Kostenlose-Bueroadministrations-Loesung-fuer-Startups-und-Kleinunternehmen-lanciert_Organisator-293x175.jpg 293w, https:\/\/www.organisator.ch\/wp-content\/uploads\/2018\/02\/Kostenlose-Bueroadministrations-Loesung-fuer-Startups-und-Kleinunternehmen-lanciert_Organisator-300x179.jpg 300w\" sizes=\"auto, (max-width: 368px) 100vw, 368px\" \/><figcaption id=\"caption-attachment-3169\" class=\"wp-caption-text\">L'initiative swiss21.org aide les petites entreprises et les start-ups \u00e0 s'occuper de leur administration de bureau.<\/figcaption><\/figure>\n<p>Les petites et moyennes entreprises sont confront\u00e9es \u00e0 des d\u00e9fis plus importants en mati\u00e8re de num\u00e9risation. Les activit\u00e9s quotidiennes souffrent des t\u00e2ches administratives. Le temps et les connaissances manquent pour simplifier les t\u00e2ches administratives et num\u00e9riser les affaires. C'est pourquoi la nouvelle organisation Swiss21.org s'est fix\u00e9 pour objectif de mettre \u00e0 disposition des start-up et des petites entreprises suisses une solution globale gratuite. Elle exploite une infrastructure cloud en Suisse et met \u00e0 la disposition des utilisateurs des logiciels pour la comptabilit\u00e9, une solution CRM, une boutique en ligne, une saisie simple du temps de travail et une caisse en ligne, y compris une solution pour l'\u00e9tablissement des factures.<\/p>\n<h2><strong>Durablement gratuit pour les petites entreprises<\/strong><\/h2>\n<p>Jusqu'\u00e0 2'100 factures\/an, 2'100 articles dans la boutique, 2'100 contacts et 21 utilisateurs, l'offre est gratuite pour l'entrepreneur. Cela garantit qu'en phase de d\u00e9marrage ou pour les petites organisations, il n'y aura pas de frais \u00e0 plus long terme. Les fournisseurs de logiciels impliqu\u00e9s se sont engag\u00e9s \u00e0 maintenir la gratuit\u00e9 \u00e0 long terme. Si un utilisateur d\u00e9passe ces limites, il sera factur\u00e9 21 CHF\/mois jusqu'\u00e0 5'000 factures\/an, 5'000 articles ou 5'000 contacts. Il est possible de passer \u00e0 un autre syst\u00e8me \u00e0 tout moment et d'exporter les donn\u00e9es.<\/p>\n<h2><strong>Largement soutenu par des partenaires de renom<\/strong><\/h2>\n<p>Plusieurs entreprises de renom participent \u00e0 Swiss21.org, comme Abacus Research AG, Fasoon AG, Glarotech GmbH et Orphis AG. D'autres entreprises viendront s'y ajouter afin d'\u00e9largir l'offre, notamment avec des solutions cloud sp\u00e9cifiques \u00e0 certains secteurs. La direction a \u00e9t\u00e9 confi\u00e9e \u00e0 Fasoon AG \u00e0 Appenzell. Swiss21.org est principalement financ\u00e9 par la publicit\u00e9 : les partenaires peuvent utiliser la plateforme \u00e0 des fins publicitaires (banni\u00e8res publicitaires). L'utilisateur reste toujours ma\u00eetre de ses donn\u00e9es. Afin de garantir toutes les obligations, les responsables sont en contact avec le pr\u00e9pos\u00e9 f\u00e9d\u00e9ral \u00e0 la protection des donn\u00e9es.<\/p>\n<p>La Banque cantonale de Saint-Gall a \u00e9t\u00e9 le premier \u00e9tablissement financier \u00e0 devenir partenaire : \"En tant que 'premi\u00e8re banque' pour les PME, nous soutenons cette plateforme innovante par conviction. Elle encourage la num\u00e9risation des petites entreprises et est synonyme de processus all\u00e9g\u00e9s, efficaces et continus\", explique Albert Koller, responsable de la client\u00e8le priv\u00e9e et commerciale et membre de la direction.<\/p>\n<h2><strong>Avantage concurrentiel pour les entreprises suisses<\/strong><\/h2>\n<p>L'initiative Swiss21.org consid\u00e8re que sa mission consiste principalement \u00e0 soutenir les entreprises suisses dans la num\u00e9risation de leurs processus commerciaux. Elle est \u00e9galement largement accept\u00e9e par les repr\u00e9sentants de l'\u00e9conomie, les associations et les repr\u00e9sentants du gouvernement, comme on peut le lire : \"Je salue toute initiative qui d\u00e9charge les PME et les start-up suisses des t\u00e2ches administratives et les aide \u00e0 se num\u00e9riser. Nous renfor\u00e7ons ainsi la place \u00e9conomique suisse et garantissons des emplois\", a d\u00e9clar\u00e9 le conseiller f\u00e9d\u00e9ral Johann Schneider-Ammann, chef du D\u00e9partement f\u00e9d\u00e9ral de l'\u00e9conomie, de la formation et de la recherche (DEFR). La plate-forme pour les petites entreprises et les start-up re\u00e7oit \u00e9galement le soutien de la fondation PME Suisse. Le pr\u00e9sident de son conseil de fondation, Hans-Ulrich Bigler, qualifie Swiss21.org de \"contribution pr\u00e9cieuse \u00e0 la promotion de la num\u00e9risation de l'\u00e9conomie des PME\". Et Bruno Sauter, directeur de l'Office de l'\u00e9conomie et du travail du canton de Zurich, voit de grands avantages dans le lancement de la plate-forme gratuite, en particulier pour les startups : \"Dans le cadre de la num\u00e9risation, les entreprises de toutes tailles doivent garantir leur accessibilit\u00e9 et une administration efficace, mais les cons\u00e9quences financi\u00e8res p\u00e8sent plus lourd pour les startups et les PME. Je me r\u00e9jouis que l'initiative Swiss21.org ait reconnu ce besoin fondamental et veuille y r\u00e9pondre de mani\u00e8re proactive\".<\/p>\n<h2><strong>Lancement au printemps 2018<\/strong><\/h2>\n<p>L'offre de Swiss21.org sera lanc\u00e9e au printemps 2018 et sera alors \u00e0 la disposition de toutes les PME de Suisse al\u00e9manique. En 2019, l'offre sera \u00e9tendue \u00e0 la Suisse romande, puis au Tessin en 2020. Walter Regli, directeur de Swiss21.org, d\u00e9clare \u00e0 ce sujet : \"Nous sommes convaincus que notre offre \u00e0 but non lucratif sera rapidement largement accept\u00e9e et que d'ici fin 2020, environ 10% de toutes les petites entreprises suisses utiliseront la solution gratuite de Swiss21.org\".<\/p>\n<p><a href=\"http:\/\/www.swiss21.org\"><em>www.swiss21.org<\/em><\/a><\/p>","protected":false},"excerpt":{"rendered":"<p>Kleine und mittlere Unternehmen stehen bei der Digitalisierung vor gr\u00f6sseren Herausforderungen. Das Tagesgesch\u00e4ft leidet durch administrative Arbeiten. Es fehlt an der Zeit und dem Wissen, die administrativen Arbeiten zu vereinfachen und das Gesch\u00e4ft zu digitalisieren. Die neu gegr\u00fcndete Organisation Swiss21.org hat sich deshalb\u00a0zum Ziel gesetzt, Schweizer Startups und Kleinunternehmen eine kostenlose Gesamtl\u00f6sung zur Verf\u00fcgung zu [&hellip;]<\/p>\n","protected":false},"author":4,"featured_media":3169,"comment_status":"open","ping_status":"open","sticky":false,"template":"","format":"standard","meta":{"_acf_changed":false,"_yoast_wpseo_focuskw":"Kleinunternehmen","_yoast_wpseo_metadesc":"Schweizer Startups und Kleinunternehmen steht ab dem Fr\u00fchling 2018 eine kostenlose L\u00f6sung f\u00fcr die gesamte B\u00fcroadministration zur Verf\u00fcgung. Ein Konsortium von Schweizer IT-Unternehmen erm\u00f6glicht dies.","articlekey":"","footnotes":""},"categories":[28],"tags":[102,288,334,451,492],"class_list":["post-3167","post","type-post","status-publish","format-standard","has-post-thumbnail","hentry","category-management","tag-buero","tag-it-business-software","tag-management","tag-startups","tag-unternehmen"],"acf":[],"yoast_head":"<!-- This site is optimized with the Yoast SEO plugin v27.5 - https:\/\/yoast.com\/product\/yoast-seo-wordpress\/ -->\n<title>Kostenlose B\u00fcroadministrations-L\u00f6sung f\u00fcr Startups und Kleinunternehmen lanciert - Organisator<\/title>\n<meta name=\"description\" content=\"Schweizer Startups und Kleinunternehmen steht ab dem Fr\u00fchling 2018 eine kostenlose L\u00f6sung f\u00fcr die gesamte B\u00fcroadministration zur Verf\u00fcgung. Ein Konsortium von Schweizer IT-Unternehmen erm\u00f6glicht dies.\" \/>\n<meta name=\"robots\" content=\"index, follow, max-snippet:-1, max-image-preview:large, max-video-preview:-1\" \/>\n<link rel=\"canonical\" href=\"https:\/\/www.organisator.ch\/fr\/gestion-2\/2018-02-16\/kostenlose-bueroadministrations-loesung-fuer-startups-und-kleinunternehmen-lanciert\/\" \/>\n<meta property=\"og:locale\" content=\"fr_FR\" \/>\n<meta property=\"og:type\" content=\"article\" \/>\n<meta property=\"og:title\" content=\"Kostenlose B\u00fcroadministrations-L\u00f6sung f\u00fcr Startups und Kleinunternehmen lanciert\" \/>\n<meta property=\"og:description\" content=\"Schweizer #Startups und #Kleinunternehmen steht ab dem Fr\u00fchling 2018 eine kostenlose L\u00f6sung f\u00fcr die gesamte #B\u00fcroadministration zur Verf\u00fcgung. Ein #Konsortium von Schweizer #IT-Unternehmen erm\u00f6glicht dies.\" \/>\n<meta property=\"og:url\" content=\"https:\/\/www.organisator.ch\/fr\/gestion-2\/2018-02-16\/kostenlose-bueroadministrations-loesung-fuer-startups-und-kleinunternehmen-lanciert\/\" \/>\n<meta property=\"og:site_name\" content=\"Organisator\" \/>\n<meta property=\"article:publisher\" content=\"https:\/\/www.facebook.com\/OrganisatorFachmagazin\" \/>\n<meta property=\"article:published_time\" content=\"2018-02-16T07:18:27+00:00\" \/>\n<meta property=\"og:image\" content=\"https:\/\/www.organisator.ch\/wp-content\/uploads\/2018\/02\/Kostenlose-Bueroadministrations-Loesung-fuer-Startups-und-Kleinunternehmen-lanciert_Organisator.jpg\" \/>\n\t<meta property=\"og:image:width\" content=\"368\" \/>\n\t<meta property=\"og:image:height\" content=\"220\" \/>\n\t<meta property=\"og:image:type\" content=\"image\/jpeg\" \/>\n<meta name=\"author\" content=\"thomas.berner\" \/>\n<meta name=\"twitter:card\" content=\"summary_large_image\" \/>\n<meta name=\"twitter:title\" content=\"Kostenlose #B\u00fcroadministrations-L\u00f6sung f\u00fcr #Startups und #Kleinunternehmen lanciert\" \/>\n<meta name=\"twitter:description\" content=\"Schweizer #Startups und #Kleinunternehmen steht ab dem Fr\u00fchling 2018 eine kostenlose L\u00f6sung f\u00fcr die gesamte #B\u00fcroadministration zur Verf\u00fcgung. Ein #Konsortium von Schweizer #IT-Unternehmen erm\u00f6glicht dies.\" \/>\n<meta name=\"twitter:image\" content=\"https:\/\/www.organisator.ch\/wp-content\/uploads\/2018\/02\/Kostenlose-B\u00fcroadministrations-L\u00f6sung-f\u00fcr-Startups-und-Kleinunternehmen-lanciert_Organisator.jpg\" \/>\n<script type=\"application\/ld+json\" class=\"yoast-schema-graph\">{\"@context\":\"https:\\\/\\\/schema.org\",\"@graph\":[{\"@type\":\"Article\",\"@id\":\"https:\\\/\\\/www.organisator.ch\\\/management\\\/2018-02-16\\\/kostenlose-bueroadministrations-loesung-fuer-startups-und-kleinunternehmen-lanciert\\\/#article\",\"isPartOf\":{\"@id\":\"https:\\\/\\\/www.organisator.ch\\\/management\\\/2018-02-16\\\/kostenlose-bueroadministrations-loesung-fuer-startups-und-kleinunternehmen-lanciert\\\/\"},\"author\":{\"name\":\"thomas.berner\",\"@id\":\"https:\\\/\\\/www.organisator.ch\\\/#\\\/schema\\\/person\\\/6f650f90b2842cd4c0cc334b4e36f67e\"},\"headline\":\"Kostenlose B\u00fcroadministrations-L\u00f6sung f\u00fcr Startups und Kleinunternehmen lanciert\",\"datePublished\":\"2018-02-16T07:18:27+00:00\",\"mainEntityOfPage\":{\"@id\":\"https:\\\/\\\/www.organisator.ch\\\/management\\\/2018-02-16\\\/kostenlose-bueroadministrations-loesung-fuer-startups-und-kleinunternehmen-lanciert\\\/\"},\"wordCount\":640,\"commentCount\":0,\"publisher\":{\"@id\":\"https:\\\/\\\/www.organisator.ch\\\/#organization\"},\"image\":{\"@id\":\"https:\\\/\\\/www.organisator.ch\\\/management\\\/2018-02-16\\\/kostenlose-bueroadministrations-loesung-fuer-startups-und-kleinunternehmen-lanciert\\\/#primaryimage\"},\"thumbnailUrl\":\"https:\\\/\\\/www.organisator.ch\\\/wp-content\\\/uploads\\\/2018\\\/02\\\/Kostenlose-Bueroadministrations-Loesung-fuer-Startups-und-Kleinunternehmen-lanciert_Organisator.jpg\",\"keywords\":[\"B\u00fcro\",\"IT &amp; Business Software\",\"Management\",\"Startups\",\"Unternehmen\"],\"articleSection\":[\"MANAGEMENT\"],\"inLanguage\":\"fr-FR\"},{\"@type\":\"WebPage\",\"@id\":\"https:\\\/\\\/www.organisator.ch\\\/management\\\/2018-02-16\\\/kostenlose-bueroadministrations-loesung-fuer-startups-und-kleinunternehmen-lanciert\\\/\",\"url\":\"https:\\\/\\\/www.organisator.ch\\\/management\\\/2018-02-16\\\/kostenlose-bueroadministrations-loesung-fuer-startups-und-kleinunternehmen-lanciert\\\/\",\"name\":\"Kostenlose B\u00fcroadministrations-L\u00f6sung f\u00fcr Startups und Kleinunternehmen lanciert - Organisator\",\"isPartOf\":{\"@id\":\"https:\\\/\\\/www.organisator.ch\\\/#website\"},\"primaryImageOfPage\":{\"@id\":\"https:\\\/\\\/www.organisator.ch\\\/management\\\/2018-02-16\\\/kostenlose-bueroadministrations-loesung-fuer-startups-und-kleinunternehmen-lanciert\\\/#primaryimage\"},\"image\":{\"@id\":\"https:\\\/\\\/www.organisator.ch\\\/management\\\/2018-02-16\\\/kostenlose-bueroadministrations-loesung-fuer-startups-und-kleinunternehmen-lanciert\\\/#primaryimage\"},\"thumbnailUrl\":\"https:\\\/\\\/www.organisator.ch\\\/wp-content\\\/uploads\\\/2018\\\/02\\\/Kostenlose-Bueroadministrations-Loesung-fuer-Startups-und-Kleinunternehmen-lanciert_Organisator.jpg\",\"datePublished\":\"2018-02-16T07:18:27+00:00\",\"description\":\"Schweizer Startups und Kleinunternehmen steht ab dem Fr\u00fchling 2018 eine kostenlose L\u00f6sung f\u00fcr die gesamte B\u00fcroadministration zur Verf\u00fcgung. Ein Konsortium von Schweizer IT-Unternehmen erm\u00f6glicht dies.\",\"breadcrumb\":{\"@id\":\"https:\\\/\\\/www.organisator.ch\\\/management\\\/2018-02-16\\\/kostenlose-bueroadministrations-loesung-fuer-startups-und-kleinunternehmen-lanciert\\\/#breadcrumb\"},\"inLanguage\":\"fr-FR\",\"potentialAction\":[{\"@type\":\"ReadAction\",\"target\":[\"https:\\\/\\\/www.organisator.ch\\\/management\\\/2018-02-16\\\/kostenlose-bueroadministrations-loesung-fuer-startups-und-kleinunternehmen-lanciert\\\/\"]}]},{\"@type\":\"ImageObject\",\"inLanguage\":\"fr-FR\",\"@id\":\"https:\\\/\\\/www.organisator.ch\\\/management\\\/2018-02-16\\\/kostenlose-bueroadministrations-loesung-fuer-startups-und-kleinunternehmen-lanciert\\\/#primaryimage\",\"url\":\"https:\\\/\\\/www.organisator.ch\\\/wp-content\\\/uploads\\\/2018\\\/02\\\/Kostenlose-Bueroadministrations-Loesung-fuer-Startups-und-Kleinunternehmen-lanciert_Organisator.jpg\",\"contentUrl\":\"https:\\\/\\\/www.organisator.ch\\\/wp-content\\\/uploads\\\/2018\\\/02\\\/Kostenlose-Bueroadministrations-Loesung-fuer-Startups-und-Kleinunternehmen-lanciert_Organisator.jpg\",\"width\":368,\"height\":220,\"caption\":\"Die Initiative swiss21.org unterst\u00fctzt Kleinunternehmen und Startups bei der Erledigung ihrer B\u00fcroadministration.\"},{\"@type\":\"BreadcrumbList\",\"@id\":\"https:\\\/\\\/www.organisator.ch\\\/management\\\/2018-02-16\\\/kostenlose-bueroadministrations-loesung-fuer-startups-und-kleinunternehmen-lanciert\\\/#breadcrumb\",\"itemListElement\":[{\"@type\":\"ListItem\",\"position\":1,\"name\":\"Home\",\"item\":\"https:\\\/\\\/www.organisator.ch\\\/\"},{\"@type\":\"ListItem\",\"position\":2,\"name\":\"Kostenlose B\u00fcroadministrations-L\u00f6sung f\u00fcr Startups und Kleinunternehmen lanciert\"}]},{\"@type\":\"WebSite\",\"@id\":\"https:\\\/\\\/www.organisator.ch\\\/#website\",\"url\":\"https:\\\/\\\/www.organisator.ch\\\/\",\"name\":\"Organisator\",\"description\":\"Kompetent. Praxisnah. Der ORGANISATOR bereitet in 10 Ausgaben pro Jahr die wesentlichen Themen f\u00fcr F\u00fchrungskr\u00e4fte von KMU auf.\",\"publisher\":{\"@id\":\"https:\\\/\\\/www.organisator.ch\\\/#organization\"},\"potentialAction\":[{\"@type\":\"SearchAction\",\"target\":{\"@type\":\"EntryPoint\",\"urlTemplate\":\"https:\\\/\\\/www.organisator.ch\\\/?s={search_term_string}\"},\"query-input\":{\"@type\":\"PropertyValueSpecification\",\"valueRequired\":true,\"valueName\":\"search_term_string\"}}],\"inLanguage\":\"fr-FR\"},{\"@type\":\"Organization\",\"@id\":\"https:\\\/\\\/www.organisator.ch\\\/#organization\",\"name\":\"Organisator\",\"url\":\"https:\\\/\\\/www.organisator.ch\\\/\",\"logo\":{\"@type\":\"ImageObject\",\"inLanguage\":\"fr-FR\",\"@id\":\"https:\\\/\\\/www.organisator.ch\\\/#\\\/schema\\\/logo\\\/image\\\/\",\"url\":\"https:\\\/\\\/www.organisator.ch\\\/wp-content\\\/uploads\\\/2022\\\/01\\\/Logo_Organisator_Website.png\",\"contentUrl\":\"https:\\\/\\\/www.organisator.ch\\\/wp-content\\\/uploads\\\/2022\\\/01\\\/Logo_Organisator_Website.png\",\"width\":800,\"height\":77,\"caption\":\"Organisator\"},\"image\":{\"@id\":\"https:\\\/\\\/www.organisator.ch\\\/#\\\/schema\\\/logo\\\/image\\\/\"},\"sameAs\":[\"https:\\\/\\\/www.facebook.com\\\/OrganisatorFachmagazin\",\"https:\\\/\\\/www.linkedin.com\\\/showcase\\\/organisator-das-magazin-fr-kmu\",\"https:\\\/\\\/www.xing.com\\\/news\\\/pages\\\/organisator-ch-695\",\"https:\\\/\\\/www.youtube.com\\\/channel\\\/UCGP2Sq0iWaZwT3BdIAQFYpw\"]},{\"@type\":\"Person\",\"@id\":\"https:\\\/\\\/www.organisator.ch\\\/#\\\/schema\\\/person\\\/6f650f90b2842cd4c0cc334b4e36f67e\",\"name\":\"thomas.berner\",\"image\":{\"@type\":\"ImageObject\",\"inLanguage\":\"fr-FR\",\"@id\":\"https:\\\/\\\/secure.gravatar.com\\\/avatar\\\/ac5001d2a36cb6c6cd3e50789007ffca834b477b74a2144564522e944eabff61?s=96&d=mm&r=g\",\"url\":\"https:\\\/\\\/secure.gravatar.com\\\/avatar\\\/ac5001d2a36cb6c6cd3e50789007ffca834b477b74a2144564522e944eabff61?s=96&d=mm&r=g\",\"contentUrl\":\"https:\\\/\\\/secure.gravatar.com\\\/avatar\\\/ac5001d2a36cb6c6cd3e50789007ffca834b477b74a2144564522e944eabff61?s=96&d=mm&r=g\",\"caption\":\"thomas.berner\"},\"url\":\"https:\\\/\\\/www.organisator.ch\\\/fr\\\/author\\\/thomas-berner\\\/\"}]}<\/script>\n<!-- \/ Yoast SEO plugin. -->","yoast_head_json":{"title":"Lancement d'une solution gratuite de gestion de bureau pour les start-ups et les petites entreprises - Organisateur","description":"Les startups et petites entreprises suisses disposeront d\u00e8s le printemps 2018 d'une solution gratuite pour l'ensemble de l'administration de leur bureau. Un consortium d'entreprises informatiques suisses rend cela possible.","robots":{"index":"index","follow":"follow","max-snippet":"max-snippet:-1","max-image-preview":"max-image-preview:large","max-video-preview":"max-video-preview:-1"},"canonical":"https:\/\/www.organisator.ch\/fr\/gestion-2\/2018-02-16\/kostenlose-bueroadministrations-loesung-fuer-startups-und-kleinunternehmen-lanciert\/","og_locale":"fr_FR","og_type":"article","og_title":"Kostenlose B\u00fcroadministrations-L\u00f6sung f\u00fcr Startups und Kleinunternehmen lanciert","og_description":"Schweizer #Startups und #Kleinunternehmen steht ab dem Fr\u00fchling 2018 eine kostenlose L\u00f6sung f\u00fcr die gesamte #B\u00fcroadministration zur Verf\u00fcgung. Ein #Konsortium von Schweizer #IT-Unternehmen erm\u00f6glicht dies.","og_url":"https:\/\/www.organisator.ch\/fr\/gestion-2\/2018-02-16\/kostenlose-bueroadministrations-loesung-fuer-startups-und-kleinunternehmen-lanciert\/","og_site_name":"Organisator","article_publisher":"https:\/\/www.facebook.com\/OrganisatorFachmagazin","article_published_time":"2018-02-16T07:18:27+00:00","og_image":[{"width":368,"height":220,"url":"https:\/\/www.organisator.ch\/wp-content\/uploads\/2018\/02\/Kostenlose-Bueroadministrations-Loesung-fuer-Startups-und-Kleinunternehmen-lanciert_Organisator.jpg","type":"image\/jpeg"}],"author":"thomas.berner","twitter_card":"summary_large_image","twitter_title":"Kostenlose #B\u00fcroadministrations-L\u00f6sung f\u00fcr #Startups und #Kleinunternehmen lanciert","twitter_description":"Schweizer #Startups und #Kleinunternehmen steht ab dem Fr\u00fchling 2018 eine kostenlose L\u00f6sung f\u00fcr die gesamte #B\u00fcroadministration zur Verf\u00fcgung. Ein #Konsortium von Schweizer #IT-Unternehmen erm\u00f6glicht dies.","twitter_image":"https:\/\/www.organisator.ch\/wp-content\/uploads\/2018\/02\/Kostenlose-B\u00fcroadministrations-L\u00f6sung-f\u00fcr-Startups-und-Kleinunternehmen-lanciert_Organisator.jpg","schema":{"@context":"https:\/\/schema.org","@graph":[{"@type":"Article","@id":"https:\/\/www.organisator.ch\/management\/2018-02-16\/kostenlose-bueroadministrations-loesung-fuer-startups-und-kleinunternehmen-lanciert\/#article","isPartOf":{"@id":"https:\/\/www.organisator.ch\/management\/2018-02-16\/kostenlose-bueroadministrations-loesung-fuer-startups-und-kleinunternehmen-lanciert\/"},"author":{"name":"thomas.berner","@id":"https:\/\/www.organisator.ch\/#\/schema\/person\/6f650f90b2842cd4c0cc334b4e36f67e"},"headline":"Kostenlose B\u00fcroadministrations-L\u00f6sung f\u00fcr Startups und Kleinunternehmen lanciert","datePublished":"2018-02-16T07:18:27+00:00","mainEntityOfPage":{"@id":"https:\/\/www.organisator.ch\/management\/2018-02-16\/kostenlose-bueroadministrations-loesung-fuer-startups-und-kleinunternehmen-lanciert\/"},"wordCount":640,"commentCount":0,"publisher":{"@id":"https:\/\/www.organisator.ch\/#organization"},"image":{"@id":"https:\/\/www.organisator.ch\/management\/2018-02-16\/kostenlose-bueroadministrations-loesung-fuer-startups-und-kleinunternehmen-lanciert\/#primaryimage"},"thumbnailUrl":"https:\/\/www.organisator.ch\/wp-content\/uploads\/2018\/02\/Kostenlose-Bueroadministrations-Loesung-fuer-Startups-und-Kleinunternehmen-lanciert_Organisator.jpg","keywords":["B\u00fcro","IT &amp; Business Software","Management","Startups","Unternehmen"],"articleSection":["MANAGEMENT"],"inLanguage":"fr-FR"},{"@type":"WebPage","@id":"https:\/\/www.organisator.ch\/management\/2018-02-16\/kostenlose-bueroadministrations-loesung-fuer-startups-und-kleinunternehmen-lanciert\/","url":"https:\/\/www.organisator.ch\/management\/2018-02-16\/kostenlose-bueroadministrations-loesung-fuer-startups-und-kleinunternehmen-lanciert\/","name":"Lancement d'une solution gratuite de gestion de bureau pour les start-ups et les petites entreprises - Organisateur","isPartOf":{"@id":"https:\/\/www.organisator.ch\/#website"},"primaryImageOfPage":{"@id":"https:\/\/www.organisator.ch\/management\/2018-02-16\/kostenlose-bueroadministrations-loesung-fuer-startups-und-kleinunternehmen-lanciert\/#primaryimage"},"image":{"@id":"https:\/\/www.organisator.ch\/management\/2018-02-16\/kostenlose-bueroadministrations-loesung-fuer-startups-und-kleinunternehmen-lanciert\/#primaryimage"},"thumbnailUrl":"https:\/\/www.organisator.ch\/wp-content\/uploads\/2018\/02\/Kostenlose-Bueroadministrations-Loesung-fuer-Startups-und-Kleinunternehmen-lanciert_Organisator.jpg","datePublished":"2018-02-16T07:18:27+00:00","description":"Les startups et petites entreprises suisses disposeront d\u00e8s le printemps 2018 d'une solution gratuite pour l'ensemble de l'administration de leur bureau. Un consortium d'entreprises informatiques suisses rend cela possible.","breadcrumb":{"@id":"https:\/\/www.organisator.ch\/management\/2018-02-16\/kostenlose-bueroadministrations-loesung-fuer-startups-und-kleinunternehmen-lanciert\/#breadcrumb"},"inLanguage":"fr-FR","potentialAction":[{"@type":"ReadAction","target":["https:\/\/www.organisator.ch\/management\/2018-02-16\/kostenlose-bueroadministrations-loesung-fuer-startups-und-kleinunternehmen-lanciert\/"]}]},{"@type":"ImageObject","inLanguage":"fr-FR","@id":"https:\/\/www.organisator.ch\/management\/2018-02-16\/kostenlose-bueroadministrations-loesung-fuer-startups-und-kleinunternehmen-lanciert\/#primaryimage","url":"https:\/\/www.organisator.ch\/wp-content\/uploads\/2018\/02\/Kostenlose-Bueroadministrations-Loesung-fuer-Startups-und-Kleinunternehmen-lanciert_Organisator.jpg","contentUrl":"https:\/\/www.organisator.ch\/wp-content\/uploads\/2018\/02\/Kostenlose-Bueroadministrations-Loesung-fuer-Startups-und-Kleinunternehmen-lanciert_Organisator.jpg","width":368,"height":220,"caption":"Die Initiative swiss21.org unterst\u00fctzt Kleinunternehmen und Startups bei der Erledigung ihrer B\u00fcroadministration."},{"@type":"BreadcrumbList","@id":"https:\/\/www.organisator.ch\/management\/2018-02-16\/kostenlose-bueroadministrations-loesung-fuer-startups-und-kleinunternehmen-lanciert\/#breadcrumb","itemListElement":[{"@type":"ListItem","position":1,"name":"Home","item":"https:\/\/www.organisator.ch\/"},{"@type":"ListItem","position":2,"name":"Kostenlose B\u00fcroadministrations-L\u00f6sung f\u00fcr Startups und Kleinunternehmen lanciert"}]},{"@type":"WebSite","@id":"https:\/\/www.organisator.ch\/#website","url":"https:\/\/www.organisator.ch\/","name":"Organisateur","description":"Comp\u00e9tence et comp\u00e9tence. Proches de la pratique. L'ORGANISATEUR pr\u00e9pare 10 num\u00e9ros par an sur les th\u00e8mes essentiels pour les dirigeants de PME.","publisher":{"@id":"https:\/\/www.organisator.ch\/#organization"},"potentialAction":[{"@type":"SearchAction","target":{"@type":"EntryPoint","urlTemplate":"https:\/\/www.organisator.ch\/?s={search_term_string}"},"query-input":{"@type":"PropertyValueSpecification","valueRequired":true,"valueName":"search_term_string"}}],"inLanguage":"fr-FR"},{"@type":"Organization","@id":"https:\/\/www.organisator.ch\/#organization","name":"Organisateur","url":"https:\/\/www.organisator.ch\/","logo":{"@type":"ImageObject","inLanguage":"fr-FR","@id":"https:\/\/www.organisator.ch\/#\/schema\/logo\/image\/","url":"https:\/\/www.organisator.ch\/wp-content\/uploads\/2022\/01\/Logo_Organisator_Website.png","contentUrl":"https:\/\/www.organisator.ch\/wp-content\/uploads\/2022\/01\/Logo_Organisator_Website.png","width":800,"height":77,"caption":"Organisator"},"image":{"@id":"https:\/\/www.organisator.ch\/#\/schema\/logo\/image\/"},"sameAs":["https:\/\/www.facebook.com\/OrganisatorFachmagazin","https:\/\/www.linkedin.com\/showcase\/organisator-das-magazin-fr-kmu","https:\/\/www.xing.com\/news\/pages\/organisator-ch-695","https:\/\/www.youtube.com\/channel\/UCGP2Sq0iWaZwT3BdIAQFYpw"]},{"@type":"Person","@id":"https:\/\/www.organisator.ch\/#\/schema\/person\/6f650f90b2842cd4c0cc334b4e36f67e","name":"thomas.berner","image":{"@type":"ImageObject","inLanguage":"fr-FR","@id":"https:\/\/secure.gravatar.com\/avatar\/ac5001d2a36cb6c6cd3e50789007ffca834b477b74a2144564522e944eabff61?s=96&d=mm&r=g","url":"https:\/\/secure.gravatar.com\/avatar\/ac5001d2a36cb6c6cd3e50789007ffca834b477b74a2144564522e944eabff61?s=96&d=mm&r=g","contentUrl":"https:\/\/secure.gravatar.com\/avatar\/ac5001d2a36cb6c6cd3e50789007ffca834b477b74a2144564522e944eabff61?s=96&d=mm&r=g","caption":"thomas.berner"},"url":"https:\/\/www.organisator.ch\/fr\/author\/thomas-berner\/"}]}},"_links":{"self":[{"href":"https:\/\/www.organisator.ch\/fr\/wp-json\/wp\/v2\/posts\/3167","targetHints":{"allow":["GET"]}}],"collection":[{"href":"https:\/\/www.organisator.ch\/fr\/wp-json\/wp\/v2\/posts"}],"about":[{"href":"https:\/\/www.organisator.ch\/fr\/wp-json\/wp\/v2\/types\/post"}],"author":[{"embeddable":true,"href":"https:\/\/www.organisator.ch\/fr\/wp-json\/wp\/v2\/users\/4"}],"replies":[{"embeddable":true,"href":"https:\/\/www.organisator.ch\/fr\/wp-json\/wp\/v2\/comments?post=3167"}],"version-history":[{"count":0,"href":"https:\/\/www.organisator.ch\/fr\/wp-json\/wp\/v2\/posts\/3167\/revisions"}],"wp:featuredmedia":[{"embeddable":true,"href":"https:\/\/www.organisator.ch\/fr\/wp-json\/wp\/v2\/media\/3169"}],"wp:attachment":[{"href":"https:\/\/www.organisator.ch\/fr\/wp-json\/wp\/v2\/media?parent=3167"}],"wp:term":[{"taxonomy":"category","embeddable":true,"href":"https:\/\/www.organisator.ch\/fr\/wp-json\/wp\/v2\/categories?post=3167"},{"taxonomy":"post_tag","embeddable":true,"href":"https:\/\/www.organisator.ch\/fr\/wp-json\/wp\/v2\/tags?post=3167"}],"curies":[{"name":"wp","href":"https:\/\/api.w.org\/{rel}","templated":true}]}}