{"id":31680,"date":"2024-11-08T06:51:39","date_gmt":"2024-11-08T05:51:39","guid":{"rendered":"https:\/\/www.organisator.ch\/?p=31680"},"modified":"2024-11-07T09:52:04","modified_gmt":"2024-11-07T08:52:04","slug":"label-friendly-work-space-5-neue-ausgezeichnete-organisationen","status":"publish","type":"post","link":"https:\/\/www.organisator.ch\/fr\/management\/2024-11-08\/label-friendly-work-space-5-neue-ausgezeichnete-organisationen\/","title":{"rendered":"Label \"Friendly Work Space\" : 5 nouvelles organisations distingu\u00e9es"},"content":{"rendered":"<figure id=\"attachment_31683\" aria-describedby=\"caption-attachment-31683\" style=\"width: 680px\" class=\"wp-caption alignnone\"><img loading=\"lazy\" decoding=\"async\" class=\"size-full wp-image-31683\" src=\"https:\/\/www.organisator.ch\/wp-content\/uploads\/2024\/11\/Friendly-Work-Space-Bild1_ps.jpg\" alt=\"\" width=\"680\" height=\"454\" srcset=\"https:\/\/www.organisator.ch\/wp-content\/uploads\/2024\/11\/Friendly-Work-Space-Bild1_ps.jpg 680w, https:\/\/www.organisator.ch\/wp-content\/uploads\/2024\/11\/Friendly-Work-Space-Bild1_ps-18x12.jpg 18w, https:\/\/www.organisator.ch\/wp-content\/uploads\/2024\/11\/Friendly-Work-Space-Bild1_ps-375x250.jpg 375w, https:\/\/www.organisator.ch\/wp-content\/uploads\/2024\/11\/Friendly-Work-Space-Bild1_ps-524x350.jpg 524w\" sizes=\"auto, (max-width: 680px) 100vw, 680px\" \/><figcaption id=\"caption-attachment-31683\" class=\"wp-caption-text\">Au total, 108 organisations comptant plus de 226'000 collaborateurs en Suisse et au Liechtenstein sont aujourd'hui certifi\u00e9es par le label \"Friendly Work Space\". (Image : www.friendlyworkspace.ch)<\/figcaption><\/figure>\n<p>Notre cerveau a besoin de protection et de soins pour que nous restions mentalement en forme et en bonne sant\u00e9 dans notre monde du travail plein de d\u00e9fis. Deep Work au lieu de Multitasking. Lors de l'\u00e9v\u00e9nement de r\u00e9seau de cette ann\u00e9e et de la remise du label \"Friendly Work Space\", la neuroscientifique Barbara Studer a montr\u00e9 comment y parvenir. Elle a transmis aux participants les derni\u00e8res connaissances en neurosciences sur les effets du stress sur le cerveau ainsi que des recommandations concr\u00e8tes sur la neurobalance, la cr\u00e9ativit\u00e9, l'augmentation de l'agilit\u00e9 mentale et la cr\u00e9ation d'un environnement de travail sain. Le sommeil, l'humour, une alimentation saine ou l'exercice physique, par exemple, prot\u00e8gent notre cerveau.<\/p>\n<p>Barbara Studer s'occupe, en tant que neuroscientifique avec une activit\u00e9 d'enseignement et de recherche \u00e0 l'universit\u00e9 de Berne et en tant que cofondatrice et CEO de \"Hirncoach\", de programmes efficaces pour la forme et la sant\u00e9 mentales pour les particuliers, les \u00e9coles et autres institutions.<\/p>\n<p>La forme mentale et la sant\u00e9 des \u00e9quipes sont essentielles pour leur performance, leur collaboration et leur bien-\u00eatre. Les techniques de gestion du stress, les pratiques de pleine conscience et la formation \u00e0 la r\u00e9silience font donc partie du travail quotidien afin d'am\u00e9liorer la r\u00e9sistance au stress et le bien-\u00eatre des collaborateurs*. La promotion d'une culture de soutien et de coh\u00e9sion au sein de l'\u00e9quipe contribue \u00e9galement \u00e0 r\u00e9duire le stress, \u00e0 pr\u00e9venir l'\u00e9puisement professionnel et \u00e0 augmenter la productivit\u00e9. L'\u00e9tat d'esprit peut m\u00eame, dans le cas positif, pr\u00e9venir l'apparition de maladies.<\/p>\n<h3><strong>5 nouvelles organisations et 32 organisations \u00e0 nouveau r\u00e9compens\u00e9es<\/strong><\/h3>\n<p>La fondation d'utilit\u00e9 publique Promotion Sant\u00e9 Suisse a d\u00e9cern\u00e9 pour la premi\u00e8re fois le label \"Friendly Work Space\" \u00e0 5 entreprises \u00e0 Aarau. De plus, cette ann\u00e9e, 32 organisations se sont soumises avec succ\u00e8s \u00e0 un re-assessment apr\u00e8s 3 ans.<\/p>\n<h3><strong>Les entreprises suivantes ont \u00e9t\u00e9 r\u00e9compens\u00e9es pour la premi\u00e8re fois en 2024 :<\/strong><\/h3>\n<ul>\n<li>Eisberg AG, D\u00e4llikon<\/li>\n<li>Syngenta, B\u00e2le<\/li>\n<li>Canon (Suisse) SA, Wallisellen<\/li>\n<li>Hint AG, Lenzbourg<\/li>\n<li>eawag aquatic research, D\u00fcbendorf<\/li>\n<\/ul>\n<h3><strong>R\u00e9\u00e9valuations 2024 :<\/strong><\/h3>\n<ul>\n<li>H\u00f4pital cantonal d'Uri, Sarnen<\/li>\n<li>Les cliniques Valens. Valens<\/li>\n<li>tilia Fondation pour les soins de longue dur\u00e9e, Ostermundigen<\/li>\n<li>Transports publics de Lucerne SA, Lucerne<\/li>\n<li>IVF Hartmann AG, Neuhausen a. Rheinfall<\/li>\n<li>Haute \u00e9cole sp\u00e9cialis\u00e9e bernoise, d\u00e9partement Sant\u00e9, Berne<\/li>\n<li>Office f\u00e9d\u00e9ral de la s\u00e9curit\u00e9 alimentaire et des affaires v\u00e9t\u00e9rinaires OSAV, Berne<\/li>\n<li>Office f\u00e9d\u00e9ral de la statistique OFS, Neuch\u00e2tel<\/li>\n<li>Fr\u00f6hlich Architektur AG, B\u00e4ch<\/li>\n<li>D\u00e9partement de la sant\u00e9 du canton de B\u00e2le-Ville, B\u00e2le<\/li>\n<li>Viseca, Zurich<\/li>\n<li>Centre pour personnes \u00e2g\u00e9es am Buechberg AG, Fislisbach<\/li>\n<li>Camion Transport AG, Wil<\/li>\n<li>Cooperativa Migros Ticino, Sant'Antonino<\/li>\n<li>Office f\u00e9d\u00e9ral de la sant\u00e9 publique OFSP, K\u00f6niz<\/li>\n<li>Office f\u00e9d\u00e9ral de la culture OFC, Berne<\/li>\n<li>Office f\u00e9d\u00e9ral des assurances sociales OFAS, Berne<\/li>\n<li>Bureau f\u00e9d\u00e9ral de l'\u00e9galit\u00e9 entre femmes et hommes BFEG, Berne<\/li>\n<li>Office f\u00e9d\u00e9ral de m\u00e9t\u00e9orologie et de climatologie - M\u00e9t\u00e9o Suisse, Zurich-A\u00e9roport<\/li>\n<li>Archives f\u00e9d\u00e9rales suisses AFS, Berne<\/li>\n<li>Coop\u00e9rative Migros Zurich, Zurich<\/li>\n<li>H\u00f6rmann Suisse SA, Oensingen<\/li>\n<li>ZHAW D\u00e9partement Sant\u00e9, Winterthur<\/li>\n<li>zb Zentralbahn AG, Stansstad<\/li>\n<li>AXA Assurances SA,Winterthur<\/li>\n<li>D\u00e9partement f\u00e9d\u00e9ral de l'int\u00e9rieur DFI, Berne<\/li>\n<li>Coop\u00e9rative Migros Suisse orientale, Gossau<\/li>\n<li>Helsana Assurances SA, D\u00fcbendorf<\/li>\n<li>Entreprise de distribution Migros SA, Neuendorf<\/li>\n<li>Soci\u00e9t\u00e9 coop\u00e9rative Migros Vaud, Ecublens<\/li>\n<li>Coop\u00e9rative Migros Lucerne, Dierikon<\/li>\n<li>Compass Group (Suisse) SA, Kloten<\/li>\n<\/ul>\n<h3><strong>Le label contribue \u00e0 la sensibilisation du management et \u00e0 la promotion de la sant\u00e9<\/strong><\/h3>\n<p>\"Les crit\u00e8res de GSE de \"Friendly Work Space\" aident les entreprises \u00e0 mettre en \u0153uvre la gestion de la sant\u00e9 de mani\u00e8re syst\u00e9matique. Avec le label, nous distinguons les entreprises qui r\u00e9ussissent une mise en \u0153uvre syst\u00e9matique selon les crit\u00e8res de qualit\u00e9\", explique le professeur Thomas Mattig, directeur de Promotion Sant\u00e9 Suisse. Une \u00e9valuation men\u00e9e entre mai 2018 et f\u00e9vrier 2020 par le bureau BASS a confirm\u00e9 l'impact du label : La sensibilisation du management dans le domaine de la sant\u00e9 des collaborateurs, mais aussi l'ancrage et la mise en \u0153uvre syst\u00e9matique de la GSE s'am\u00e9liorent significativement d'une certification \u00e0 l'autre.<\/p>\n<h3><strong>La mise en place de la GSE se base sur 6 crit\u00e8res de qualit\u00e9<\/strong><\/h3>\n<p>La mani\u00e8re dont la gestion de la sant\u00e9 est mise en \u0153uvre dans chaque organisation est individuelle. Les six crit\u00e8res de qualit\u00e9 de \"Friendly Work Space\", qui permettent de saisir et d'\u00e9valuer les facteurs d'influence sur la sant\u00e9 des collaborateurs, en constituent la base. Si des \u00e9valuateurs ind\u00e9pendants confirment que les six crit\u00e8res sont remplis, l'organisation re\u00e7oit le label \"Friendly Work Space\" pour trois ans. Les crit\u00e8res de GSE de \"Friendly Work Space\" sont soutenus par le Secr\u00e9tariat d'\u00c9tat \u00e0 l'\u00e9conomie (Seco) et l'Office f\u00e9d\u00e9ral de la sant\u00e9 publique (OFSP). Les entreprises qui ont d\u00e9j\u00e0 obtenu le label peuvent se faire re-certifier tous les trois ans. La promotion et la mise en \u0153uvre de la GSE est une priorit\u00e9 strat\u00e9gique de Promotion Sant\u00e9 Suisse.<\/p>\n<p><em>Source : <a href=\"http:\/\/www.friendlyworkspace.ch\">www.friendlyworkspace.ch<\/a><\/em><\/p>","protected":false},"excerpt":{"rendered":"<p>Quelque 130 repr\u00e9sentants d'organisations labellis\u00e9es \"Friendly Work Space\" ont particip\u00e9 \u00e0 l'\u00e9v\u00e9nement de r\u00e9seau de cette ann\u00e9e \u00e0 Aarau. La neuroscientifique Barbara Studer a notamment montr\u00e9 dans son expos\u00e9 comment nous pouvons prot\u00e9ger notre cerveau et, dans le meilleur des cas, emp\u00eacher l'apparition de maladies.<\/p>","protected":false},"author":58,"featured_media":31683,"comment_status":"closed","ping_status":"closed","sticky":false,"template":"","format":"standard","meta":{"_acf_changed":false,"_yoast_wpseo_focuskw":"\u00abFriendly Work Space\u00bb","_yoast_wpseo_metadesc":"Rund 130 Vertreterinnen und Vertreter von Label \u00abFriendly Work Space\u00bb- Organisationen nahmen am diesj\u00e4hrigen Netzwerkevent in Aarau teil.","articlekey":"","footnotes":""},"categories":[28],"tags":[743,3630,1583,334,492],"class_list":["post-31680","post","type-post","status-publish","format-standard","has-post-thumbnail","hentry","category-management","tag-auszeichnung","tag-friendly-work-space","tag-label","tag-management","tag-unternehmen"],"acf":[],"yoast_head":"<!-- This site is optimized with the Yoast SEO plugin v27.4 - https:\/\/yoast.com\/product\/yoast-seo-wordpress\/ -->\n<title>Label \u00abFriendly Work Space\u00bb: 5 neue ausgezeichnete Organisationen - Organisator<\/title>\n<meta name=\"description\" content=\"Rund 130 Vertreterinnen und Vertreter von Label \u00abFriendly Work Space\u00bb- Organisationen nahmen am diesj\u00e4hrigen Netzwerkevent in Aarau teil.\" \/>\n<meta name=\"robots\" content=\"index, follow, max-snippet:-1, max-image-preview:large, max-video-preview:-1\" \/>\n<link rel=\"canonical\" href=\"https:\/\/www.organisator.ch\/fr\/gestion-2\/2024-11-08\/label-friendly-work-space-5-neue-ausgezeichnete-organisationen\/\" \/>\n<meta property=\"og:locale\" content=\"fr_FR\" \/>\n<meta property=\"og:type\" content=\"article\" \/>\n<meta property=\"og:title\" content=\"Label \u00abFriendly Work Space\u00bb: 5 neue ausgezeichnete Organisationen\" \/>\n<meta property=\"og:description\" content=\"Rund 130 Vertreterinnen und Vertreter von Label \u00abFriendly Work Space\u00bb- Organisationen nahmen am diesj\u00e4hrigen Netzwerkevent in Aarau teil.\" \/>\n<meta property=\"og:url\" content=\"https:\/\/www.organisator.ch\/fr\/gestion-2\/2024-11-08\/label-friendly-work-space-5-neue-ausgezeichnete-organisationen\/\" \/>\n<meta property=\"og:site_name\" content=\"Organisator\" \/>\n<meta property=\"article:publisher\" content=\"https:\/\/www.facebook.com\/OrganisatorFachmagazin\" \/>\n<meta property=\"article:published_time\" content=\"2024-11-08T05:51:39+00:00\" \/>\n<meta property=\"og:image\" content=\"https:\/\/www.organisator.ch\/wp-content\/uploads\/2024\/11\/Friendly-Work-Space-Bild1_ps.jpg\" \/>\n\t<meta property=\"og:image:width\" content=\"680\" \/>\n\t<meta property=\"og:image:height\" content=\"454\" \/>\n\t<meta property=\"og:image:type\" content=\"image\/jpeg\" \/>\n<meta name=\"author\" content=\"Adelisa Kalajdzini\" \/>\n<meta name=\"twitter:card\" content=\"summary_large_image\" \/>\n<meta name=\"twitter:title\" content=\"Label \u00abFriendly Work Space\u00bb: 5 neue ausgezeichnete Organisationen\" \/>\n<meta name=\"twitter:description\" content=\"Rund 130 #Vertreterinnen und #Vertreter von #Label #\u00abFriendly Work Space\u00bb- #Organisationen nahmen am diesj\u00e4hrigen #Netzwerkevent in #Aarau teil.\" \/>\n<meta name=\"twitter:image\" content=\"https:\/\/www.organisator.ch\/wp-content\/uploads\/2024\/11\/Friendly-Work-Space-Bild1_ps.jpg\" \/>\n<script type=\"application\/ld+json\" class=\"yoast-schema-graph\">{\"@context\":\"https:\\\/\\\/schema.org\",\"@graph\":[{\"@type\":\"Article\",\"@id\":\"https:\\\/\\\/www.organisator.ch\\\/management\\\/2024-11-08\\\/label-friendly-work-space-5-neue-ausgezeichnete-organisationen\\\/#article\",\"isPartOf\":{\"@id\":\"https:\\\/\\\/www.organisator.ch\\\/management\\\/2024-11-08\\\/label-friendly-work-space-5-neue-ausgezeichnete-organisationen\\\/\"},\"author\":{\"name\":\"Adelisa Kalajdzini\",\"@id\":\"https:\\\/\\\/www.organisator.ch\\\/#\\\/schema\\\/person\\\/2e1314a2172123f874db408d8911d3f3\"},\"headline\":\"Label \u00abFriendly Work Space\u00bb: 5 neue ausgezeichnete Organisationen\",\"datePublished\":\"2024-11-08T05:51:39+00:00\",\"mainEntityOfPage\":{\"@id\":\"https:\\\/\\\/www.organisator.ch\\\/management\\\/2024-11-08\\\/label-friendly-work-space-5-neue-ausgezeichnete-organisationen\\\/\"},\"wordCount\":713,\"publisher\":{\"@id\":\"https:\\\/\\\/www.organisator.ch\\\/#organization\"},\"image\":{\"@id\":\"https:\\\/\\\/www.organisator.ch\\\/management\\\/2024-11-08\\\/label-friendly-work-space-5-neue-ausgezeichnete-organisationen\\\/#primaryimage\"},\"thumbnailUrl\":\"https:\\\/\\\/www.organisator.ch\\\/wp-content\\\/uploads\\\/2024\\\/11\\\/Friendly-Work-Space-Bild1_ps.jpg\",\"keywords\":[\"Auszeichnung\",\"Friendly Work Space\",\"Label\",\"Management\",\"Unternehmen\"],\"articleSection\":[\"MANAGEMENT\"],\"inLanguage\":\"fr-FR\"},{\"@type\":\"WebPage\",\"@id\":\"https:\\\/\\\/www.organisator.ch\\\/management\\\/2024-11-08\\\/label-friendly-work-space-5-neue-ausgezeichnete-organisationen\\\/\",\"url\":\"https:\\\/\\\/www.organisator.ch\\\/management\\\/2024-11-08\\\/label-friendly-work-space-5-neue-ausgezeichnete-organisationen\\\/\",\"name\":\"Label \u00abFriendly Work Space\u00bb: 5 neue ausgezeichnete Organisationen - Organisator\",\"isPartOf\":{\"@id\":\"https:\\\/\\\/www.organisator.ch\\\/#website\"},\"primaryImageOfPage\":{\"@id\":\"https:\\\/\\\/www.organisator.ch\\\/management\\\/2024-11-08\\\/label-friendly-work-space-5-neue-ausgezeichnete-organisationen\\\/#primaryimage\"},\"image\":{\"@id\":\"https:\\\/\\\/www.organisator.ch\\\/management\\\/2024-11-08\\\/label-friendly-work-space-5-neue-ausgezeichnete-organisationen\\\/#primaryimage\"},\"thumbnailUrl\":\"https:\\\/\\\/www.organisator.ch\\\/wp-content\\\/uploads\\\/2024\\\/11\\\/Friendly-Work-Space-Bild1_ps.jpg\",\"datePublished\":\"2024-11-08T05:51:39+00:00\",\"description\":\"Rund 130 Vertreterinnen und Vertreter von Label \u00abFriendly Work Space\u00bb- Organisationen nahmen am diesj\u00e4hrigen Netzwerkevent in Aarau teil.\",\"breadcrumb\":{\"@id\":\"https:\\\/\\\/www.organisator.ch\\\/management\\\/2024-11-08\\\/label-friendly-work-space-5-neue-ausgezeichnete-organisationen\\\/#breadcrumb\"},\"inLanguage\":\"fr-FR\",\"potentialAction\":[{\"@type\":\"ReadAction\",\"target\":[\"https:\\\/\\\/www.organisator.ch\\\/management\\\/2024-11-08\\\/label-friendly-work-space-5-neue-ausgezeichnete-organisationen\\\/\"]}]},{\"@type\":\"ImageObject\",\"inLanguage\":\"fr-FR\",\"@id\":\"https:\\\/\\\/www.organisator.ch\\\/management\\\/2024-11-08\\\/label-friendly-work-space-5-neue-ausgezeichnete-organisationen\\\/#primaryimage\",\"url\":\"https:\\\/\\\/www.organisator.ch\\\/wp-content\\\/uploads\\\/2024\\\/11\\\/Friendly-Work-Space-Bild1_ps.jpg\",\"contentUrl\":\"https:\\\/\\\/www.organisator.ch\\\/wp-content\\\/uploads\\\/2024\\\/11\\\/Friendly-Work-Space-Bild1_ps.jpg\",\"width\":680,\"height\":454,\"caption\":\"Total sind heute 108 Organisationen mit \u00fcber 226\u2018000 Mitarbeitenden in der Schweiz und Liechtenstein mit dem \u00abFriendly Work Space\u00bb Label zertifiziert. (Bild: www.friendlyworkspace.ch)\"},{\"@type\":\"BreadcrumbList\",\"@id\":\"https:\\\/\\\/www.organisator.ch\\\/management\\\/2024-11-08\\\/label-friendly-work-space-5-neue-ausgezeichnete-organisationen\\\/#breadcrumb\",\"itemListElement\":[{\"@type\":\"ListItem\",\"position\":1,\"name\":\"Home\",\"item\":\"https:\\\/\\\/www.organisator.ch\\\/\"},{\"@type\":\"ListItem\",\"position\":2,\"name\":\"Label \u00abFriendly Work Space\u00bb: 5 neue ausgezeichnete Organisationen\"}]},{\"@type\":\"WebSite\",\"@id\":\"https:\\\/\\\/www.organisator.ch\\\/#website\",\"url\":\"https:\\\/\\\/www.organisator.ch\\\/\",\"name\":\"Organisator\",\"description\":\"Kompetent. Praxisnah. Der ORGANISATOR bereitet in 10 Ausgaben pro Jahr die wesentlichen Themen f\u00fcr F\u00fchrungskr\u00e4fte von KMU auf.\",\"publisher\":{\"@id\":\"https:\\\/\\\/www.organisator.ch\\\/#organization\"},\"potentialAction\":[{\"@type\":\"SearchAction\",\"target\":{\"@type\":\"EntryPoint\",\"urlTemplate\":\"https:\\\/\\\/www.organisator.ch\\\/?s={search_term_string}\"},\"query-input\":{\"@type\":\"PropertyValueSpecification\",\"valueRequired\":true,\"valueName\":\"search_term_string\"}}],\"inLanguage\":\"fr-FR\"},{\"@type\":\"Organization\",\"@id\":\"https:\\\/\\\/www.organisator.ch\\\/#organization\",\"name\":\"Organisator\",\"url\":\"https:\\\/\\\/www.organisator.ch\\\/\",\"logo\":{\"@type\":\"ImageObject\",\"inLanguage\":\"fr-FR\",\"@id\":\"https:\\\/\\\/www.organisator.ch\\\/#\\\/schema\\\/logo\\\/image\\\/\",\"url\":\"https:\\\/\\\/www.organisator.ch\\\/wp-content\\\/uploads\\\/2022\\\/01\\\/Logo_Organisator_Website.png\",\"contentUrl\":\"https:\\\/\\\/www.organisator.ch\\\/wp-content\\\/uploads\\\/2022\\\/01\\\/Logo_Organisator_Website.png\",\"width\":800,\"height\":77,\"caption\":\"Organisator\"},\"image\":{\"@id\":\"https:\\\/\\\/www.organisator.ch\\\/#\\\/schema\\\/logo\\\/image\\\/\"},\"sameAs\":[\"https:\\\/\\\/www.facebook.com\\\/OrganisatorFachmagazin\",\"https:\\\/\\\/www.linkedin.com\\\/showcase\\\/organisator-das-magazin-fr-kmu\",\"https:\\\/\\\/www.xing.com\\\/news\\\/pages\\\/organisator-ch-695\",\"https:\\\/\\\/www.youtube.com\\\/channel\\\/UCGP2Sq0iWaZwT3BdIAQFYpw\"]},{\"@type\":\"Person\",\"@id\":\"https:\\\/\\\/www.organisator.ch\\\/#\\\/schema\\\/person\\\/2e1314a2172123f874db408d8911d3f3\",\"name\":\"Adelisa Kalajdzini\",\"image\":{\"@type\":\"ImageObject\",\"inLanguage\":\"fr-FR\",\"@id\":\"https:\\\/\\\/secure.gravatar.com\\\/avatar\\\/09a397c22ac58cad6f160ee8306348599df9df58a8ede73696226897b9fa4b24?s=96&d=mm&r=g\",\"url\":\"https:\\\/\\\/secure.gravatar.com\\\/avatar\\\/09a397c22ac58cad6f160ee8306348599df9df58a8ede73696226897b9fa4b24?s=96&d=mm&r=g\",\"contentUrl\":\"https:\\\/\\\/secure.gravatar.com\\\/avatar\\\/09a397c22ac58cad6f160ee8306348599df9df58a8ede73696226897b9fa4b24?s=96&d=mm&r=g\",\"caption\":\"Adelisa Kalajdzini\"},\"url\":\"https:\\\/\\\/www.organisator.ch\\\/fr\\\/author\\\/adelisa-kalajdzini\\\/\"}]}<\/script>\n<!-- \/ Yoast SEO plugin. -->","yoast_head_json":{"title":"Label \"Friendly Work Space\" : 5 nouvelles organisations distingu\u00e9es - Organisateur","description":"Environ 130 repr\u00e9sentants d'organisations labellis\u00e9es \"Friendly Work Space\" ont particip\u00e9 \u00e0 l'\u00e9v\u00e9nement de r\u00e9seau de cette ann\u00e9e \u00e0 Aarau.","robots":{"index":"index","follow":"follow","max-snippet":"max-snippet:-1","max-image-preview":"max-image-preview:large","max-video-preview":"max-video-preview:-1"},"canonical":"https:\/\/www.organisator.ch\/fr\/gestion-2\/2024-11-08\/label-friendly-work-space-5-neue-ausgezeichnete-organisationen\/","og_locale":"fr_FR","og_type":"article","og_title":"Label \u00abFriendly Work Space\u00bb: 5 neue ausgezeichnete Organisationen","og_description":"Rund 130 Vertreterinnen und Vertreter von Label \u00abFriendly Work Space\u00bb- Organisationen nahmen am diesj\u00e4hrigen Netzwerkevent in Aarau teil.","og_url":"https:\/\/www.organisator.ch\/fr\/gestion-2\/2024-11-08\/label-friendly-work-space-5-neue-ausgezeichnete-organisationen\/","og_site_name":"Organisator","article_publisher":"https:\/\/www.facebook.com\/OrganisatorFachmagazin","article_published_time":"2024-11-08T05:51:39+00:00","og_image":[{"width":680,"height":454,"url":"https:\/\/www.organisator.ch\/wp-content\/uploads\/2024\/11\/Friendly-Work-Space-Bild1_ps.jpg","type":"image\/jpeg"}],"author":"Adelisa Kalajdzini","twitter_card":"summary_large_image","twitter_title":"Label \u00abFriendly Work Space\u00bb: 5 neue ausgezeichnete Organisationen","twitter_description":"Rund 130 #Vertreterinnen und #Vertreter von #Label #\u00abFriendly Work Space\u00bb- #Organisationen nahmen am diesj\u00e4hrigen #Netzwerkevent in #Aarau teil.","twitter_image":"https:\/\/www.organisator.ch\/wp-content\/uploads\/2024\/11\/Friendly-Work-Space-Bild1_ps.jpg","schema":{"@context":"https:\/\/schema.org","@graph":[{"@type":"Article","@id":"https:\/\/www.organisator.ch\/management\/2024-11-08\/label-friendly-work-space-5-neue-ausgezeichnete-organisationen\/#article","isPartOf":{"@id":"https:\/\/www.organisator.ch\/management\/2024-11-08\/label-friendly-work-space-5-neue-ausgezeichnete-organisationen\/"},"author":{"name":"Adelisa Kalajdzini","@id":"https:\/\/www.organisator.ch\/#\/schema\/person\/2e1314a2172123f874db408d8911d3f3"},"headline":"Label \u00abFriendly Work Space\u00bb: 5 neue ausgezeichnete Organisationen","datePublished":"2024-11-08T05:51:39+00:00","mainEntityOfPage":{"@id":"https:\/\/www.organisator.ch\/management\/2024-11-08\/label-friendly-work-space-5-neue-ausgezeichnete-organisationen\/"},"wordCount":713,"publisher":{"@id":"https:\/\/www.organisator.ch\/#organization"},"image":{"@id":"https:\/\/www.organisator.ch\/management\/2024-11-08\/label-friendly-work-space-5-neue-ausgezeichnete-organisationen\/#primaryimage"},"thumbnailUrl":"https:\/\/www.organisator.ch\/wp-content\/uploads\/2024\/11\/Friendly-Work-Space-Bild1_ps.jpg","keywords":["Auszeichnung","Friendly Work Space","Label","Management","Unternehmen"],"articleSection":["MANAGEMENT"],"inLanguage":"fr-FR"},{"@type":"WebPage","@id":"https:\/\/www.organisator.ch\/management\/2024-11-08\/label-friendly-work-space-5-neue-ausgezeichnete-organisationen\/","url":"https:\/\/www.organisator.ch\/management\/2024-11-08\/label-friendly-work-space-5-neue-ausgezeichnete-organisationen\/","name":"Label \"Friendly Work Space\" : 5 nouvelles organisations distingu\u00e9es - Organisateur","isPartOf":{"@id":"https:\/\/www.organisator.ch\/#website"},"primaryImageOfPage":{"@id":"https:\/\/www.organisator.ch\/management\/2024-11-08\/label-friendly-work-space-5-neue-ausgezeichnete-organisationen\/#primaryimage"},"image":{"@id":"https:\/\/www.organisator.ch\/management\/2024-11-08\/label-friendly-work-space-5-neue-ausgezeichnete-organisationen\/#primaryimage"},"thumbnailUrl":"https:\/\/www.organisator.ch\/wp-content\/uploads\/2024\/11\/Friendly-Work-Space-Bild1_ps.jpg","datePublished":"2024-11-08T05:51:39+00:00","description":"Environ 130 repr\u00e9sentants d'organisations labellis\u00e9es \"Friendly Work Space\" ont particip\u00e9 \u00e0 l'\u00e9v\u00e9nement de r\u00e9seau de cette ann\u00e9e \u00e0 Aarau.","breadcrumb":{"@id":"https:\/\/www.organisator.ch\/management\/2024-11-08\/label-friendly-work-space-5-neue-ausgezeichnete-organisationen\/#breadcrumb"},"inLanguage":"fr-FR","potentialAction":[{"@type":"ReadAction","target":["https:\/\/www.organisator.ch\/management\/2024-11-08\/label-friendly-work-space-5-neue-ausgezeichnete-organisationen\/"]}]},{"@type":"ImageObject","inLanguage":"fr-FR","@id":"https:\/\/www.organisator.ch\/management\/2024-11-08\/label-friendly-work-space-5-neue-ausgezeichnete-organisationen\/#primaryimage","url":"https:\/\/www.organisator.ch\/wp-content\/uploads\/2024\/11\/Friendly-Work-Space-Bild1_ps.jpg","contentUrl":"https:\/\/www.organisator.ch\/wp-content\/uploads\/2024\/11\/Friendly-Work-Space-Bild1_ps.jpg","width":680,"height":454,"caption":"Total sind heute 108 Organisationen mit \u00fcber 226\u2018000 Mitarbeitenden in der Schweiz und Liechtenstein mit dem \u00abFriendly Work Space\u00bb Label zertifiziert. (Bild: www.friendlyworkspace.ch)"},{"@type":"BreadcrumbList","@id":"https:\/\/www.organisator.ch\/management\/2024-11-08\/label-friendly-work-space-5-neue-ausgezeichnete-organisationen\/#breadcrumb","itemListElement":[{"@type":"ListItem","position":1,"name":"Home","item":"https:\/\/www.organisator.ch\/"},{"@type":"ListItem","position":2,"name":"Label \u00abFriendly Work Space\u00bb: 5 neue ausgezeichnete Organisationen"}]},{"@type":"WebSite","@id":"https:\/\/www.organisator.ch\/#website","url":"https:\/\/www.organisator.ch\/","name":"Organisateur","description":"Comp\u00e9tence et comp\u00e9tence. Proches de la pratique. L'ORGANISATEUR pr\u00e9pare 10 num\u00e9ros par an sur les th\u00e8mes essentiels pour les dirigeants de PME.","publisher":{"@id":"https:\/\/www.organisator.ch\/#organization"},"potentialAction":[{"@type":"SearchAction","target":{"@type":"EntryPoint","urlTemplate":"https:\/\/www.organisator.ch\/?s={search_term_string}"},"query-input":{"@type":"PropertyValueSpecification","valueRequired":true,"valueName":"search_term_string"}}],"inLanguage":"fr-FR"},{"@type":"Organization","@id":"https:\/\/www.organisator.ch\/#organization","name":"Organisateur","url":"https:\/\/www.organisator.ch\/","logo":{"@type":"ImageObject","inLanguage":"fr-FR","@id":"https:\/\/www.organisator.ch\/#\/schema\/logo\/image\/","url":"https:\/\/www.organisator.ch\/wp-content\/uploads\/2022\/01\/Logo_Organisator_Website.png","contentUrl":"https:\/\/www.organisator.ch\/wp-content\/uploads\/2022\/01\/Logo_Organisator_Website.png","width":800,"height":77,"caption":"Organisator"},"image":{"@id":"https:\/\/www.organisator.ch\/#\/schema\/logo\/image\/"},"sameAs":["https:\/\/www.facebook.com\/OrganisatorFachmagazin","https:\/\/www.linkedin.com\/showcase\/organisator-das-magazin-fr-kmu","https:\/\/www.xing.com\/news\/pages\/organisator-ch-695","https:\/\/www.youtube.com\/channel\/UCGP2Sq0iWaZwT3BdIAQFYpw"]},{"@type":"Person","@id":"https:\/\/www.organisator.ch\/#\/schema\/person\/2e1314a2172123f874db408d8911d3f3","name":"Adelisa Kalajdzini","image":{"@type":"ImageObject","inLanguage":"fr-FR","@id":"https:\/\/secure.gravatar.com\/avatar\/09a397c22ac58cad6f160ee8306348599df9df58a8ede73696226897b9fa4b24?s=96&d=mm&r=g","url":"https:\/\/secure.gravatar.com\/avatar\/09a397c22ac58cad6f160ee8306348599df9df58a8ede73696226897b9fa4b24?s=96&d=mm&r=g","contentUrl":"https:\/\/secure.gravatar.com\/avatar\/09a397c22ac58cad6f160ee8306348599df9df58a8ede73696226897b9fa4b24?s=96&d=mm&r=g","caption":"Adelisa Kalajdzini"},"url":"https:\/\/www.organisator.ch\/fr\/author\/adelisa-kalajdzini\/"}]}},"_links":{"self":[{"href":"https:\/\/www.organisator.ch\/fr\/wp-json\/wp\/v2\/posts\/31680","targetHints":{"allow":["GET"]}}],"collection":[{"href":"https:\/\/www.organisator.ch\/fr\/wp-json\/wp\/v2\/posts"}],"about":[{"href":"https:\/\/www.organisator.ch\/fr\/wp-json\/wp\/v2\/types\/post"}],"author":[{"embeddable":true,"href":"https:\/\/www.organisator.ch\/fr\/wp-json\/wp\/v2\/users\/58"}],"replies":[{"embeddable":true,"href":"https:\/\/www.organisator.ch\/fr\/wp-json\/wp\/v2\/comments?post=31680"}],"version-history":[{"count":5,"href":"https:\/\/www.organisator.ch\/fr\/wp-json\/wp\/v2\/posts\/31680\/revisions"}],"predecessor-version":[{"id":32060,"href":"https:\/\/www.organisator.ch\/fr\/wp-json\/wp\/v2\/posts\/31680\/revisions\/32060"}],"wp:featuredmedia":[{"embeddable":true,"href":"https:\/\/www.organisator.ch\/fr\/wp-json\/wp\/v2\/media\/31683"}],"wp:attachment":[{"href":"https:\/\/www.organisator.ch\/fr\/wp-json\/wp\/v2\/media?parent=31680"}],"wp:term":[{"taxonomy":"category","embeddable":true,"href":"https:\/\/www.organisator.ch\/fr\/wp-json\/wp\/v2\/categories?post=31680"},{"taxonomy":"post_tag","embeddable":true,"href":"https:\/\/www.organisator.ch\/fr\/wp-json\/wp\/v2\/tags?post=31680"}],"curies":[{"name":"wp","href":"https:\/\/api.w.org\/{rel}","templated":true}]}}