{"id":3172,"date":"2020-07-07T17:38:30","date_gmt":"2020-07-07T15:38:30","guid":{"rendered":"https:\/\/www.umweltperspektiven.ch\/?p=3172"},"modified":"2022-02-09T11:06:13","modified_gmt":"2022-02-09T10:06:13","slug":"energiewende-knonauer-amt-auf-kurs","status":"publish","type":"post","link":"https:\/\/www.organisator.ch\/fr\/sustainability\/2020-07-07\/energiewende-knonauer-amt-auf-kurs\/","title":{"rendered":"Tournant \u00e9nerg\u00e9tique - le Knonauer Amt sur la bonne voie"},"content":{"rendered":"<figure id=\"attachment_3173\" aria-describedby=\"caption-attachment-3173\" style=\"width: 680px\" class=\"wp-caption alignnone\"><img loading=\"lazy\" decoding=\"async\" class=\"size-medium wp-image-3173\" src=\"\/\/www.umweltperspektiven.ch\/wp-content\/uploads\/2020\/07\/energiewende-knonauer-amt-auf-kurs.jpg\" alt=\"\" width=\"680\" height=\"549\" \/><figcaption id=\"caption-attachment-3173\" class=\"wp-caption-text\">La \"Smart Flower\" - un cadeau de J\u00fcrg Widmer, Liestal, pour les dix ans d'EnergieRegion Knonauer Amt. (Image : portail de presse)<\/figcaption><\/figure>\n<p>Le Knonauer Amt est une r\u00e9gion d'agglom\u00e9ration. Malgr\u00e9 une forte pression de l'urbanisation, les 14 communes ont r\u00e9ussi \u00e0 pr\u00e9server en grande partie l'espace rural. En ce qui concerne la part de la surface des zones constructibles et la densit\u00e9 de population, le Knonauer Amt a les valeurs les plus basses du canton de Zurich apr\u00e8s le Weinland. Les aspects \u00e9conomiques sont r\u00e9jouissants : les lieux de travail, le nombre d'employ\u00e9s, les recettes fiscales et la capacit\u00e9 fiscale ont nettement augment\u00e9 depuis 2010. La cr\u00e9ation de valeur en a profit\u00e9. Ainsi, les projets \u00e9nerg\u00e9tiques ont g\u00e9n\u00e9r\u00e9 un volume de commandes de 6 millions de francs par an pour les entreprises. Le mazout \u00e9conomis\u00e9 gr\u00e2ce aux chauffages par pompe \u00e0 chaleur permet d'\u00e9conomiser environ 13 millions de francs par an et de gagner en ind\u00e9pendance vis-\u00e0-vis de l'\u00e9tranger.<\/p>\n<p><strong>Objectif 2020 d\u00e9j\u00e0 d\u00e9pass\u00e9<\/strong><\/p>\n<p>Le S\u00e4uliamt veut couvrir 80 pour cent de ses besoins en \u00e9lectricit\u00e9 et en chaleur en 2050 avec de l'\u00e9nergie renouvelable produite sur place. En 2020, ce chiffre devrait \u00eatre de 23 pour cent. Les chiffres de fin 2019 font \u00e9tat d'un taux r\u00e9jouissant de 26,7 pour cent, soit plus du double de la valeur suisse.<\/p>\n<p>Les nombreuses activit\u00e9s et mesures de communication portent leurs fruits. Des conseils r\u00e9gionaux en mati\u00e8re d'\u00e9nergie pour les propri\u00e9taires et les entreprises, des projets soutenus par l'OFEN et, surtout, une communication r\u00e9guli\u00e8re. Rien que dans l'indicateur r\u00e9gional, 2 \u00e0 4 articles par semaine sont consacr\u00e9s \u00e0 l'\u00e9nergie et \u00e0 l'environnement. Toutes les communes, l'\u00e9conomie et la majeure partie de la population soutiennent les objectifs de la \"R\u00e9gion \u00e9nerg\u00e9tique du Knonauer Amt\". On en est convaincu : le tournant \u00e9nerg\u00e9tique est r\u00e9alisable. (Source : portail de presse)<\/p>","protected":false},"excerpt":{"rendered":"<p>Das Knonauer Amt ist eine Agglomerations-Region. Trotz hohem Siedlungsdruck ist es den 14 Gemeinden gelungen, den l\u00e4ndlichen Raum weitgehend zu erhalten. Bez\u00fcglich Anteile der Baugebietsfl\u00e4che und Bev\u00f6lkerungsdichte hat das Knonauer Amt die die tiefsten Werte im Kanton Z\u00fcrich nach dem Weinland. Die wirtschaftlichen Aspekte sind erfreulich: Arbeitsst\u00e4tten, die Zahl der Besch\u00e4ftigten, Steuerertrag und Steuerkraft stiegen [&hellip;]<\/p>\n","protected":false},"author":5,"featured_media":9709,"comment_status":"closed","ping_status":"closed","sticky":false,"template":"","format":"standard","meta":{"_acf_changed":false,"_yoast_wpseo_focuskw":"Knonauer Amt","_yoast_wpseo_metadesc":"2010 lancierte die Standortf\u00f6rderung das Projekt \"EnergieRegion Knonauer Amt\". Seither hat sich der Anteil der Erneuerbaren am Verbrauch mehr als verdoppelt","articlekey":"","footnotes":""},"categories":[580],"tags":[1095,1096,1098,1537,424],"class_list":["post-3172","post","type-post","status-publish","format-standard","has-post-thumbnail","hentry","category-sustainability","tag-energiewende","tag-energieziele","tag-enerneuerbare-energie","tag-knonauer-amt","tag-schweiz"],"acf":[],"yoast_head":"<!-- This site is optimized with the Yoast SEO plugin v27.5 - https:\/\/yoast.com\/product\/yoast-seo-wordpress\/ -->\n<title>Energiewende - Knonauer Amt auf Kurs - Organisator<\/title>\n<meta name=\"description\" content=\"2010 lancierte die Standortf\u00f6rderung das Projekt &quot;EnergieRegion Knonauer Amt&quot;. Seither hat sich der Anteil der Erneuerbaren am Verbrauch mehr als verdoppelt\" \/>\n<meta name=\"robots\" content=\"index, follow, max-snippet:-1, max-image-preview:large, max-video-preview:-1\" \/>\n<link rel=\"canonical\" href=\"https:\/\/www.organisator.ch\/fr\/sustainability\/2020-07-07\/energiewende-knonauer-amt-auf-kurs\/\" \/>\n<meta property=\"og:locale\" content=\"fr_FR\" \/>\n<meta property=\"og:type\" content=\"article\" \/>\n<meta property=\"og:title\" content=\"Energiewende - Knonauer Amt auf Kurs - Organisator\" \/>\n<meta property=\"og:description\" content=\"2010 lancierte die Standortf\u00f6rderung das Projekt &quot;EnergieRegion Knonauer Amt&quot;. Seither hat sich der Anteil der Erneuerbaren am Verbrauch mehr als verdoppelt\" \/>\n<meta property=\"og:url\" content=\"https:\/\/www.organisator.ch\/fr\/sustainability\/2020-07-07\/energiewende-knonauer-amt-auf-kurs\/\" \/>\n<meta property=\"og:site_name\" content=\"Organisator\" \/>\n<meta property=\"article:publisher\" content=\"https:\/\/www.facebook.com\/OrganisatorFachmagazin\" \/>\n<meta property=\"article:published_time\" content=\"2020-07-07T15:38:30+00:00\" \/>\n<meta property=\"article:modified_time\" content=\"2022-02-09T10:06:13+00:00\" \/>\n<meta property=\"og:image\" content=\"https:\/\/www.organisator.ch\/wp-content\/uploads\/2020\/07\/energiewende-knonauer-amt-auf-kurs.jpg\" \/>\n\t<meta property=\"og:image:width\" content=\"710\" \/>\n\t<meta property=\"og:image:height\" content=\"573\" \/>\n\t<meta property=\"og:image:type\" content=\"image\/jpeg\" \/>\n<meta name=\"author\" content=\"michael.merz\" \/>\n<meta name=\"twitter:card\" content=\"summary_large_image\" \/>\n<script type=\"application\/ld+json\" class=\"yoast-schema-graph\">{\"@context\":\"https:\\\/\\\/schema.org\",\"@graph\":[{\"@type\":\"Article\",\"@id\":\"https:\\\/\\\/www.organisator.ch\\\/sustainability\\\/2020-07-07\\\/energiewende-knonauer-amt-auf-kurs\\\/#article\",\"isPartOf\":{\"@id\":\"https:\\\/\\\/www.organisator.ch\\\/sustainability\\\/2020-07-07\\\/energiewende-knonauer-amt-auf-kurs\\\/\"},\"author\":{\"name\":\"michael.merz\",\"@id\":\"https:\\\/\\\/www.organisator.ch\\\/#\\\/schema\\\/person\\\/134708ca9321c57b0362cceb7948ffbd\"},\"headline\":\"Energiewende &#8211; Knonauer Amt auf Kurs\",\"datePublished\":\"2020-07-07T15:38:30+00:00\",\"dateModified\":\"2022-02-09T10:06:13+00:00\",\"mainEntityOfPage\":{\"@id\":\"https:\\\/\\\/www.organisator.ch\\\/sustainability\\\/2020-07-07\\\/energiewende-knonauer-amt-auf-kurs\\\/\"},\"wordCount\":243,\"publisher\":{\"@id\":\"https:\\\/\\\/www.organisator.ch\\\/#organization\"},\"image\":{\"@id\":\"https:\\\/\\\/www.organisator.ch\\\/sustainability\\\/2020-07-07\\\/energiewende-knonauer-amt-auf-kurs\\\/#primaryimage\"},\"thumbnailUrl\":\"https:\\\/\\\/www.organisator.ch\\\/wp-content\\\/uploads\\\/2020\\\/07\\\/energiewende-knonauer-amt-auf-kurs.jpg\",\"keywords\":[\"Energiewende\",\"Energieziele\",\"Enerneuerbare Energie\",\"Knonauer Amt\",\"Schweiz\"],\"articleSection\":[\"SUSTAINABILITY\"],\"inLanguage\":\"fr-FR\"},{\"@type\":\"WebPage\",\"@id\":\"https:\\\/\\\/www.organisator.ch\\\/sustainability\\\/2020-07-07\\\/energiewende-knonauer-amt-auf-kurs\\\/\",\"url\":\"https:\\\/\\\/www.organisator.ch\\\/sustainability\\\/2020-07-07\\\/energiewende-knonauer-amt-auf-kurs\\\/\",\"name\":\"Energiewende - Knonauer Amt auf Kurs - Organisator\",\"isPartOf\":{\"@id\":\"https:\\\/\\\/www.organisator.ch\\\/#website\"},\"primaryImageOfPage\":{\"@id\":\"https:\\\/\\\/www.organisator.ch\\\/sustainability\\\/2020-07-07\\\/energiewende-knonauer-amt-auf-kurs\\\/#primaryimage\"},\"image\":{\"@id\":\"https:\\\/\\\/www.organisator.ch\\\/sustainability\\\/2020-07-07\\\/energiewende-knonauer-amt-auf-kurs\\\/#primaryimage\"},\"thumbnailUrl\":\"https:\\\/\\\/www.organisator.ch\\\/wp-content\\\/uploads\\\/2020\\\/07\\\/energiewende-knonauer-amt-auf-kurs.jpg\",\"datePublished\":\"2020-07-07T15:38:30+00:00\",\"dateModified\":\"2022-02-09T10:06:13+00:00\",\"description\":\"2010 lancierte die Standortf\u00f6rderung das Projekt \\\"EnergieRegion Knonauer Amt\\\". Seither hat sich der Anteil der Erneuerbaren am Verbrauch mehr als verdoppelt\",\"breadcrumb\":{\"@id\":\"https:\\\/\\\/www.organisator.ch\\\/sustainability\\\/2020-07-07\\\/energiewende-knonauer-amt-auf-kurs\\\/#breadcrumb\"},\"inLanguage\":\"fr-FR\",\"potentialAction\":[{\"@type\":\"ReadAction\",\"target\":[\"https:\\\/\\\/www.organisator.ch\\\/sustainability\\\/2020-07-07\\\/energiewende-knonauer-amt-auf-kurs\\\/\"]}]},{\"@type\":\"ImageObject\",\"inLanguage\":\"fr-FR\",\"@id\":\"https:\\\/\\\/www.organisator.ch\\\/sustainability\\\/2020-07-07\\\/energiewende-knonauer-amt-auf-kurs\\\/#primaryimage\",\"url\":\"https:\\\/\\\/www.organisator.ch\\\/wp-content\\\/uploads\\\/2020\\\/07\\\/energiewende-knonauer-amt-auf-kurs.jpg\",\"contentUrl\":\"https:\\\/\\\/www.organisator.ch\\\/wp-content\\\/uploads\\\/2020\\\/07\\\/energiewende-knonauer-amt-auf-kurs.jpg\",\"width\":710,\"height\":573,\"caption\":\"Smart Flower - ein Geschenk von J\u00fcrg Widmer, Liestal, f\u00fcr zehn Jahre EnergieRegion Knonauer Amt. (Bild: Presseportal)\"},{\"@type\":\"BreadcrumbList\",\"@id\":\"https:\\\/\\\/www.organisator.ch\\\/sustainability\\\/2020-07-07\\\/energiewende-knonauer-amt-auf-kurs\\\/#breadcrumb\",\"itemListElement\":[{\"@type\":\"ListItem\",\"position\":1,\"name\":\"Home\",\"item\":\"https:\\\/\\\/www.organisator.ch\\\/\"},{\"@type\":\"ListItem\",\"position\":2,\"name\":\"Energiewende &#8211; Knonauer Amt auf Kurs\"}]},{\"@type\":\"WebSite\",\"@id\":\"https:\\\/\\\/www.organisator.ch\\\/#website\",\"url\":\"https:\\\/\\\/www.organisator.ch\\\/\",\"name\":\"Organisator\",\"description\":\"Kompetent. Praxisnah. Der ORGANISATOR bereitet in 10 Ausgaben pro Jahr die wesentlichen Themen f\u00fcr F\u00fchrungskr\u00e4fte von KMU auf.\",\"publisher\":{\"@id\":\"https:\\\/\\\/www.organisator.ch\\\/#organization\"},\"potentialAction\":[{\"@type\":\"SearchAction\",\"target\":{\"@type\":\"EntryPoint\",\"urlTemplate\":\"https:\\\/\\\/www.organisator.ch\\\/?s={search_term_string}\"},\"query-input\":{\"@type\":\"PropertyValueSpecification\",\"valueRequired\":true,\"valueName\":\"search_term_string\"}}],\"inLanguage\":\"fr-FR\"},{\"@type\":\"Organization\",\"@id\":\"https:\\\/\\\/www.organisator.ch\\\/#organization\",\"name\":\"Organisator\",\"url\":\"https:\\\/\\\/www.organisator.ch\\\/\",\"logo\":{\"@type\":\"ImageObject\",\"inLanguage\":\"fr-FR\",\"@id\":\"https:\\\/\\\/www.organisator.ch\\\/#\\\/schema\\\/logo\\\/image\\\/\",\"url\":\"https:\\\/\\\/www.organisator.ch\\\/wp-content\\\/uploads\\\/2022\\\/01\\\/Logo_Organisator_Website.png\",\"contentUrl\":\"https:\\\/\\\/www.organisator.ch\\\/wp-content\\\/uploads\\\/2022\\\/01\\\/Logo_Organisator_Website.png\",\"width\":800,\"height\":77,\"caption\":\"Organisator\"},\"image\":{\"@id\":\"https:\\\/\\\/www.organisator.ch\\\/#\\\/schema\\\/logo\\\/image\\\/\"},\"sameAs\":[\"https:\\\/\\\/www.facebook.com\\\/OrganisatorFachmagazin\",\"https:\\\/\\\/www.linkedin.com\\\/showcase\\\/organisator-das-magazin-fr-kmu\",\"https:\\\/\\\/www.xing.com\\\/news\\\/pages\\\/organisator-ch-695\",\"https:\\\/\\\/www.youtube.com\\\/channel\\\/UCGP2Sq0iWaZwT3BdIAQFYpw\"]},{\"@type\":\"Person\",\"@id\":\"https:\\\/\\\/www.organisator.ch\\\/#\\\/schema\\\/person\\\/134708ca9321c57b0362cceb7948ffbd\",\"name\":\"michael.merz\",\"image\":{\"@type\":\"ImageObject\",\"inLanguage\":\"fr-FR\",\"@id\":\"https:\\\/\\\/secure.gravatar.com\\\/avatar\\\/?s=96&d=mm&r=g\",\"url\":\"https:\\\/\\\/secure.gravatar.com\\\/avatar\\\/?s=96&d=mm&r=g\",\"contentUrl\":\"https:\\\/\\\/secure.gravatar.com\\\/avatar\\\/?s=96&d=mm&r=g\",\"caption\":\"michael.merz\"},\"url\":\"https:\\\/\\\/www.organisator.ch\\\/fr\\\/author\\\/michael-merz\\\/\"}]}<\/script>\n<!-- \/ Yoast SEO plugin. -->","yoast_head_json":{"title":"Tournant \u00e9nerg\u00e9tique - le Knonauer Amt sur la bonne voie - Organisateur","description":"En 2010, la promotion \u00e9conomique a lanc\u00e9 le projet \"EnergieRegion Knonauer Amt\". Depuis, la part des \u00e9nergies renouvelables dans la consommation a plus que doubl\u00e9.","robots":{"index":"index","follow":"follow","max-snippet":"max-snippet:-1","max-image-preview":"max-image-preview:large","max-video-preview":"max-video-preview:-1"},"canonical":"https:\/\/www.organisator.ch\/fr\/sustainability\/2020-07-07\/energiewende-knonauer-amt-auf-kurs\/","og_locale":"fr_FR","og_type":"article","og_title":"Energiewende - Knonauer Amt auf Kurs - Organisator","og_description":"2010 lancierte die Standortf\u00f6rderung das Projekt \"EnergieRegion Knonauer Amt\". Seither hat sich der Anteil der Erneuerbaren am Verbrauch mehr als verdoppelt","og_url":"https:\/\/www.organisator.ch\/fr\/sustainability\/2020-07-07\/energiewende-knonauer-amt-auf-kurs\/","og_site_name":"Organisator","article_publisher":"https:\/\/www.facebook.com\/OrganisatorFachmagazin","article_published_time":"2020-07-07T15:38:30+00:00","article_modified_time":"2022-02-09T10:06:13+00:00","og_image":[{"width":710,"height":573,"url":"https:\/\/www.organisator.ch\/wp-content\/uploads\/2020\/07\/energiewende-knonauer-amt-auf-kurs.jpg","type":"image\/jpeg"}],"author":"michael.merz","twitter_card":"summary_large_image","schema":{"@context":"https:\/\/schema.org","@graph":[{"@type":"Article","@id":"https:\/\/www.organisator.ch\/sustainability\/2020-07-07\/energiewende-knonauer-amt-auf-kurs\/#article","isPartOf":{"@id":"https:\/\/www.organisator.ch\/sustainability\/2020-07-07\/energiewende-knonauer-amt-auf-kurs\/"},"author":{"name":"michael.merz","@id":"https:\/\/www.organisator.ch\/#\/schema\/person\/134708ca9321c57b0362cceb7948ffbd"},"headline":"Energiewende &#8211; Knonauer Amt auf Kurs","datePublished":"2020-07-07T15:38:30+00:00","dateModified":"2022-02-09T10:06:13+00:00","mainEntityOfPage":{"@id":"https:\/\/www.organisator.ch\/sustainability\/2020-07-07\/energiewende-knonauer-amt-auf-kurs\/"},"wordCount":243,"publisher":{"@id":"https:\/\/www.organisator.ch\/#organization"},"image":{"@id":"https:\/\/www.organisator.ch\/sustainability\/2020-07-07\/energiewende-knonauer-amt-auf-kurs\/#primaryimage"},"thumbnailUrl":"https:\/\/www.organisator.ch\/wp-content\/uploads\/2020\/07\/energiewende-knonauer-amt-auf-kurs.jpg","keywords":["Energiewende","Energieziele","Enerneuerbare Energie","Knonauer Amt","Schweiz"],"articleSection":["SUSTAINABILITY"],"inLanguage":"fr-FR"},{"@type":"WebPage","@id":"https:\/\/www.organisator.ch\/sustainability\/2020-07-07\/energiewende-knonauer-amt-auf-kurs\/","url":"https:\/\/www.organisator.ch\/sustainability\/2020-07-07\/energiewende-knonauer-amt-auf-kurs\/","name":"Tournant \u00e9nerg\u00e9tique - le Knonauer Amt sur la bonne voie - Organisateur","isPartOf":{"@id":"https:\/\/www.organisator.ch\/#website"},"primaryImageOfPage":{"@id":"https:\/\/www.organisator.ch\/sustainability\/2020-07-07\/energiewende-knonauer-amt-auf-kurs\/#primaryimage"},"image":{"@id":"https:\/\/www.organisator.ch\/sustainability\/2020-07-07\/energiewende-knonauer-amt-auf-kurs\/#primaryimage"},"thumbnailUrl":"https:\/\/www.organisator.ch\/wp-content\/uploads\/2020\/07\/energiewende-knonauer-amt-auf-kurs.jpg","datePublished":"2020-07-07T15:38:30+00:00","dateModified":"2022-02-09T10:06:13+00:00","description":"En 2010, la promotion \u00e9conomique a lanc\u00e9 le projet \"EnergieRegion Knonauer Amt\". Depuis, la part des \u00e9nergies renouvelables dans la consommation a plus que doubl\u00e9.","breadcrumb":{"@id":"https:\/\/www.organisator.ch\/sustainability\/2020-07-07\/energiewende-knonauer-amt-auf-kurs\/#breadcrumb"},"inLanguage":"fr-FR","potentialAction":[{"@type":"ReadAction","target":["https:\/\/www.organisator.ch\/sustainability\/2020-07-07\/energiewende-knonauer-amt-auf-kurs\/"]}]},{"@type":"ImageObject","inLanguage":"fr-FR","@id":"https:\/\/www.organisator.ch\/sustainability\/2020-07-07\/energiewende-knonauer-amt-auf-kurs\/#primaryimage","url":"https:\/\/www.organisator.ch\/wp-content\/uploads\/2020\/07\/energiewende-knonauer-amt-auf-kurs.jpg","contentUrl":"https:\/\/www.organisator.ch\/wp-content\/uploads\/2020\/07\/energiewende-knonauer-amt-auf-kurs.jpg","width":710,"height":573,"caption":"Smart Flower - ein Geschenk von J\u00fcrg Widmer, Liestal, f\u00fcr zehn Jahre EnergieRegion Knonauer Amt. (Bild: Presseportal)"},{"@type":"BreadcrumbList","@id":"https:\/\/www.organisator.ch\/sustainability\/2020-07-07\/energiewende-knonauer-amt-auf-kurs\/#breadcrumb","itemListElement":[{"@type":"ListItem","position":1,"name":"Home","item":"https:\/\/www.organisator.ch\/"},{"@type":"ListItem","position":2,"name":"Energiewende &#8211; Knonauer Amt auf Kurs"}]},{"@type":"WebSite","@id":"https:\/\/www.organisator.ch\/#website","url":"https:\/\/www.organisator.ch\/","name":"Organisateur","description":"Comp\u00e9tence et comp\u00e9tence. Proches de la pratique. L'ORGANISATEUR pr\u00e9pare 10 num\u00e9ros par an sur les th\u00e8mes essentiels pour les dirigeants de PME.","publisher":{"@id":"https:\/\/www.organisator.ch\/#organization"},"potentialAction":[{"@type":"SearchAction","target":{"@type":"EntryPoint","urlTemplate":"https:\/\/www.organisator.ch\/?s={search_term_string}"},"query-input":{"@type":"PropertyValueSpecification","valueRequired":true,"valueName":"search_term_string"}}],"inLanguage":"fr-FR"},{"@type":"Organization","@id":"https:\/\/www.organisator.ch\/#organization","name":"Organisateur","url":"https:\/\/www.organisator.ch\/","logo":{"@type":"ImageObject","inLanguage":"fr-FR","@id":"https:\/\/www.organisator.ch\/#\/schema\/logo\/image\/","url":"https:\/\/www.organisator.ch\/wp-content\/uploads\/2022\/01\/Logo_Organisator_Website.png","contentUrl":"https:\/\/www.organisator.ch\/wp-content\/uploads\/2022\/01\/Logo_Organisator_Website.png","width":800,"height":77,"caption":"Organisator"},"image":{"@id":"https:\/\/www.organisator.ch\/#\/schema\/logo\/image\/"},"sameAs":["https:\/\/www.facebook.com\/OrganisatorFachmagazin","https:\/\/www.linkedin.com\/showcase\/organisator-das-magazin-fr-kmu","https:\/\/www.xing.com\/news\/pages\/organisator-ch-695","https:\/\/www.youtube.com\/channel\/UCGP2Sq0iWaZwT3BdIAQFYpw"]},{"@type":"Person","@id":"https:\/\/www.organisator.ch\/#\/schema\/person\/134708ca9321c57b0362cceb7948ffbd","name":"michael.merz","image":{"@type":"ImageObject","inLanguage":"fr-FR","@id":"https:\/\/secure.gravatar.com\/avatar\/?s=96&d=mm&r=g","url":"https:\/\/secure.gravatar.com\/avatar\/?s=96&d=mm&r=g","contentUrl":"https:\/\/secure.gravatar.com\/avatar\/?s=96&d=mm&r=g","caption":"michael.merz"},"url":"https:\/\/www.organisator.ch\/fr\/author\/michael-merz\/"}]}},"_links":{"self":[{"href":"https:\/\/www.organisator.ch\/fr\/wp-json\/wp\/v2\/posts\/3172","targetHints":{"allow":["GET"]}}],"collection":[{"href":"https:\/\/www.organisator.ch\/fr\/wp-json\/wp\/v2\/posts"}],"about":[{"href":"https:\/\/www.organisator.ch\/fr\/wp-json\/wp\/v2\/types\/post"}],"author":[{"embeddable":true,"href":"https:\/\/www.organisator.ch\/fr\/wp-json\/wp\/v2\/users\/5"}],"replies":[{"embeddable":true,"href":"https:\/\/www.organisator.ch\/fr\/wp-json\/wp\/v2\/comments?post=3172"}],"version-history":[{"count":1,"href":"https:\/\/www.organisator.ch\/fr\/wp-json\/wp\/v2\/posts\/3172\/revisions"}],"predecessor-version":[{"id":10524,"href":"https:\/\/www.organisator.ch\/fr\/wp-json\/wp\/v2\/posts\/3172\/revisions\/10524"}],"wp:featuredmedia":[{"embeddable":true,"href":"https:\/\/www.organisator.ch\/fr\/wp-json\/wp\/v2\/media\/9709"}],"wp:attachment":[{"href":"https:\/\/www.organisator.ch\/fr\/wp-json\/wp\/v2\/media?parent=3172"}],"wp:term":[{"taxonomy":"category","embeddable":true,"href":"https:\/\/www.organisator.ch\/fr\/wp-json\/wp\/v2\/categories?post=3172"},{"taxonomy":"post_tag","embeddable":true,"href":"https:\/\/www.organisator.ch\/fr\/wp-json\/wp\/v2\/tags?post=3172"}],"curies":[{"name":"wp","href":"https:\/\/api.w.org\/{rel}","templated":true}]}}