{"id":3185,"date":"2018-02-20T13:57:22","date_gmt":"2018-02-20T12:57:22","guid":{"rendered":"https:\/\/www.organisator.ch\/?p=3185"},"modified":"2018-02-20T13:57:22","modified_gmt":"2018-02-20T12:57:22","slug":"zufrieden-mit-der-stelle-aber-trotzdem-auf-dem-sprung-fuer-die-jobsuche","status":"publish","type":"post","link":"https:\/\/www.organisator.ch\/fr\/human-resources\/hrm\/2018-02-20\/zufrieden-mit-der-stelle-aber-trotzdem-auf-dem-sprung-fuer-die-jobsuche\/","title":{"rendered":"Satisfait de l'emploi - mais quand m\u00eame sur la br\u00e8che pour la recherche d'emploi"},"content":{"rendered":"<figure id=\"attachment_3186\" aria-describedby=\"caption-attachment-3186\" style=\"width: 635px\" class=\"wp-caption alignnone\"><img loading=\"lazy\" decoding=\"async\" class=\"size-full wp-image-3186\" src=\"https:\/\/www.organisator.ch\/wp-content\/uploads\/2018\/02\/Zufrieden-mit-der-Stelle-aber-trotzdem-auf-dem-Sprung-fuer-die-Jobsuche_Organisator.jpg\" alt=\"\" width=\"635\" height=\"480\" srcset=\"https:\/\/www.organisator.ch\/wp-content\/uploads\/2018\/02\/Zufrieden-mit-der-Stelle-aber-trotzdem-auf-dem-Sprung-fuer-die-Jobsuche_Organisator.jpg 635w, https:\/\/www.organisator.ch\/wp-content\/uploads\/2018\/02\/Zufrieden-mit-der-Stelle-aber-trotzdem-auf-dem-Sprung-fuer-die-Jobsuche_Organisator-16x12.jpg 16w, https:\/\/www.organisator.ch\/wp-content\/uploads\/2018\/02\/Zufrieden-mit-der-Stelle-aber-trotzdem-auf-dem-Sprung-fuer-die-Jobsuche_Organisator-232x175.jpg 232w, https:\/\/www.organisator.ch\/wp-content\/uploads\/2018\/02\/Zufrieden-mit-der-Stelle-aber-trotzdem-auf-dem-Sprung-fuer-die-Jobsuche_Organisator-463x350.jpg 463w, https:\/\/www.organisator.ch\/wp-content\/uploads\/2018\/02\/Zufrieden-mit-der-Stelle-aber-trotzdem-auf-dem-Sprung-fuer-die-Jobsuche_Organisator-300x227.jpg 300w\" sizes=\"auto, (max-width: 635px) 100vw, 635px\" \/><figcaption id=\"caption-attachment-3186\" class=\"wp-caption-text\">Qui cherche, trouve : Certes, 85% des Suisses sont satisfaits de leur emploi, mais ils ne sont en principe pas r\u00e9ticents \u00e0 se mettre \u00e0 la recherche d'un emploi pour relever de nouveaux d\u00e9fis. (Image : Fotolia.com)<\/figcaption><\/figure>\n<p align=\"LEFT\">Quel est le degr\u00e9 de satisfaction des travailleurs dans leur emploi ? Et quelle est leur propension \u00e0 changer de travail ? C'est ce que le r\u00e9seau en ligne XING a voulu savoir en interrogeant quelque 500 personnes actives en Suisse al\u00e9manique.<\/p>\n<h2 align=\"LEFT\">Plus de la moiti\u00e9 des jeunes changeraient d'emploi en 2018<\/h2>\n<p align=\"LEFT\">85 % des personnes interrog\u00e9es ont d\u00e9clar\u00e9 \u00eatre tr\u00e8s ou plut\u00f4t satisfaites de leur emploi actuel. Seuls 6 % sont vraiment insatisfaits. Cette image positive se retrouve dans tous les sexes et tous les groupes d'\u00e2ge, a constat\u00e9 l'enqu\u00eate. Mais m\u00eame si la grande majorit\u00e9 d'entre eux appr\u00e9cient leur emploi actuel, 30 % des Suisses seraient tout \u00e0 fait ouverts \u00e0 un changement, et 10 % ont m\u00eame d\u00e9j\u00e0 entrepris des d\u00e9marches concr\u00e8tes. Les jeunes travailleurs sont particuli\u00e8rement enclins au changement : avec 60%, plus de la moiti\u00e9 des 18-29 ans sont pr\u00eats \u00e0 changer de poste cette ann\u00e9e.<\/p>\n<h2 align=\"LEFT\">Trouver un emploi en Suisse est une affaire locale<\/h2>\n<p align=\"LEFT\">Selon l'\u00e9tude GIM, le lieu de travail est un crit\u00e8re important dans le choix d'un emploi. Quatre personnes interrog\u00e9es sur dix souhaitent un emploi \u00e0 leur domicile. 51 pour cent accepteraient tout de m\u00eame de faire un trajet de 50 kilom\u00e8tres maximum pour aller travailler. Les hommes et les employ\u00e9s \u00e0 temps plein sont globalement pr\u00eats \u00e0 voyager un peu plus loin pour travailler que les femmes et les employ\u00e9s \u00e0 temps partiel. Seuls quelques-uns d'entre eux se d\u00e9placent au-del\u00e0 des fronti\u00e8res nationales : Seuls 3 % quitteraient la Suisse pour un emploi.<\/p>\n<h2 align=\"LEFT\">Recherche d'emploi : les Suisses utilisent leur r\u00e9seau personnel<\/h2>\n<p align=\"LEFT\">Pour trouver un nouvel emploi, les Suisses s'informent le plus souvent par le biais de connaissances, d'amis ou de membres de la famille : pr\u00e8s des deux tiers utilisent leur r\u00e9seau personnel pour la recherche d'emploi. Viennent ensuite les bourses d'emploi g\u00e9n\u00e9rales sur Internet (58%) et les portails d'emploi sp\u00e9cialis\u00e9s (56%). Les entreprises peuvent tirer parti de ce fait en int\u00e9grant activement les r\u00e9seaux personnels en ligne de leurs collaborateurs dans leur strat\u00e9gie d'e-recrutement. \"L'utilisation de telles nouvelles possibilit\u00e9s est particuli\u00e8rement urgente en ces temps de p\u00e9nurie de personnel qualifi\u00e9 et de plein emploi\", d\u00e9clare Yves Schneuwly, directeur de XING Suisse.<\/p>\n<h2>Employeurs pr\u00e9f\u00e9r\u00e9s des utilisateurs suisses de XING : Swisscom, Migros et CFF<\/h2>\n<p align=\"LEFT\">\n<p align=\"LEFT\">Une \u00e9valuation actuelle des employeurs souhait\u00e9s d\u00e9pos\u00e9s dans les profils XING montre les entreprises suisses les plus souvent cit\u00e9es :<\/p>\n<ol>\n<li>Swisscom<\/li>\n<li>F\u00e9d\u00e9ration des coop\u00e9ratives Migros<\/li>\n<li>CFF CFF FFS<\/li>\n<li>Roche<\/li>\n<li>UBS<\/li>\n<li>ABB<\/li>\n<li>La Poste Suisse<\/li>\n<li>Credit Suisse<\/li>\n<li>Swiss International Air Lines<\/li>\n<li>Administration f\u00e9d\u00e9rale<\/li>\n<\/ol>\n<p align=\"LEFT\">Comme on pouvait s'y attendre, on trouve en t\u00eate de liste de grands noms au rayonnement important. \"Ce sont surtout les grandes entreprises suisses, synonymes de conditions de travail progressistes, qui jouissent du statut d'employeur r\u00eav\u00e9 aupr\u00e8s des travailleurs. Malgr\u00e9 leur taille, ces entreprises sont bien ancr\u00e9es localement\", explique Yves Schneuwly. Afin de permettre aux petites entreprises suisses de reconna\u00eetre plus facilement les personnes int\u00e9ress\u00e9es \u00e0 travailler dans leur entreprise, XING a mis en place une fonction d'employeur id\u00e9al. La recherche du \"Perfect Match\" peut ainsi \u00eatre cibl\u00e9e.<\/p>\n<p align=\"LEFT\"><em>Source : <a href=\"http:\/\/www.xing.com\">www.xing.com<\/a><\/em><\/p>\n<p>&nbsp;<\/p>","protected":false},"excerpt":{"rendered":"<p>Wie zufrieden sind\u00a0Arbeitnehmende in ihrem Job? Und wie hoch ist ihre Bereitschaft zu wechseln? Dies wollte das Online-Netzwerk XING herausfinden und befragte dazu rund 500 berufst\u00e4tige Personen in der Deutschschweiz. \u00dcber die H\u00e4lfte der Jungen w\u00fcrde 2018 ihre Stelle wechseln 85 Prozent der Befragten gaben an, mit ihrem derzeitigen Job sehr oder eher zufrieden zu [&hellip;]<\/p>\n","protected":false},"author":4,"featured_media":3186,"comment_status":"open","ping_status":"open","sticky":false,"template":"","format":"standard","meta":{"_acf_changed":false,"_yoast_wpseo_focuskw":"Jobsuche","_yoast_wpseo_metadesc":"Eine Mehrheit der Berufst\u00e4tigen in der Deutschschweiz ist mit ihrem aktuellen Job zufrieden. Doch 40 Prozent bezeichnen sich als bereit f\u00fcr eine neuen Stelle, wenn sich richtige Gelegenheit bietet.","articlekey":"","footnotes":""},"categories":[26],"tags":[47,48,254,294],"class_list":["post-3185","post","type-post","status-publish","format-standard","has-post-thumbnail","hentry","category-hrm","tag-arbeitsmarkt","tag-arbeitsnehmende","tag-hrm","tag-karriere"],"acf":[],"yoast_head":"<!-- This site is optimized with the Yoast SEO plugin v27.5 - https:\/\/yoast.com\/product\/yoast-seo-wordpress\/ -->\n<title>Zufrieden mit der Stelle - aber trotzdem auf dem Sprung f\u00fcr die Jobsuche - Organisator<\/title>\n<meta name=\"description\" content=\"Eine Mehrheit der Berufst\u00e4tigen in der Deutschschweiz ist mit ihrem aktuellen Job zufrieden. Doch 40 Prozent bezeichnen sich als bereit f\u00fcr eine neuen Stelle, wenn sich richtige Gelegenheit bietet.\" \/>\n<meta name=\"robots\" content=\"index, follow, max-snippet:-1, max-image-preview:large, max-video-preview:-1\" \/>\n<link rel=\"canonical\" href=\"https:\/\/www.organisator.ch\/fr\/ressources-humaines\/hrm\/2018-02-20\/zufrieden-mit-der-stelle-aber-trotzdem-auf-dem-sprung-fuer-die-jobsuche\/\" \/>\n<meta property=\"og:locale\" content=\"fr_FR\" \/>\n<meta property=\"og:type\" content=\"article\" \/>\n<meta property=\"og:title\" content=\"Zufrieden mit der Stelle - aber trotzdem auf dem Sprung f\u00fcr die Jobsuche\" \/>\n<meta property=\"og:description\" content=\"Eine Mehrheit der Berufst\u00e4tigen in der #Deutschschweiz ist mit ihrem aktuellen #Job zufrieden. Doch 40 Prozent bezeichnen sich als bereit f\u00fcr eine neuen #Stelle, wenn sich richtige Gelegenheit bietet.\" \/>\n<meta property=\"og:url\" content=\"https:\/\/www.organisator.ch\/fr\/ressources-humaines\/hrm\/2018-02-20\/zufrieden-mit-der-stelle-aber-trotzdem-auf-dem-sprung-fuer-die-jobsuche\/\" \/>\n<meta property=\"og:site_name\" content=\"Organisator\" \/>\n<meta property=\"article:publisher\" content=\"https:\/\/www.facebook.com\/OrganisatorFachmagazin\" \/>\n<meta property=\"article:published_time\" content=\"2018-02-20T12:57:22+00:00\" \/>\n<meta property=\"og:image\" content=\"https:\/\/www.organisator.ch\/wp-content\/uploads\/2018\/02\/Zufrieden-mit-der-Stelle-aber-trotzdem-auf-dem-Sprung-fuer-die-Jobsuche_Organisator.jpg\" \/>\n\t<meta property=\"og:image:width\" content=\"635\" \/>\n\t<meta property=\"og:image:height\" content=\"480\" \/>\n\t<meta property=\"og:image:type\" content=\"image\/jpeg\" \/>\n<meta name=\"author\" content=\"thomas.berner\" \/>\n<meta name=\"twitter:card\" content=\"summary_large_image\" \/>\n<meta name=\"twitter:title\" content=\"Zufrieden mit der #Stelle - aber trotzdem auf dem Sprung f\u00fcr die #Jobsuche\" \/>\n<meta name=\"twitter:description\" content=\"Eine Mehrheit der #Berufst\u00e4tigen in der #Deutschschweiz ist mit ihrem aktuellen #Job zufrieden. Doch 40 Prozent bezeichnen sich als bereit f\u00fcr eine neuen #Stelle, wenn sich richtige Gelegenheit bietet.\" \/>\n<meta name=\"twitter:image\" content=\"https:\/\/www.organisator.ch\/wp-content\/uploads\/2018\/02\/Zufrieden-mit-der-Stelle-aber-trotzdem-auf-dem-Sprung-f\u00fcr-die-Jobsuche_Organisator.jpg\" \/>\n<script type=\"application\/ld+json\" class=\"yoast-schema-graph\">{\"@context\":\"https:\\\/\\\/schema.org\",\"@graph\":[{\"@type\":\"Article\",\"@id\":\"https:\\\/\\\/www.organisator.ch\\\/human-resources\\\/hrm\\\/2018-02-20\\\/zufrieden-mit-der-stelle-aber-trotzdem-auf-dem-sprung-fuer-die-jobsuche\\\/#article\",\"isPartOf\":{\"@id\":\"https:\\\/\\\/www.organisator.ch\\\/human-resources\\\/hrm\\\/2018-02-20\\\/zufrieden-mit-der-stelle-aber-trotzdem-auf-dem-sprung-fuer-die-jobsuche\\\/\"},\"author\":{\"name\":\"thomas.berner\",\"@id\":\"https:\\\/\\\/www.organisator.ch\\\/#\\\/schema\\\/person\\\/6f650f90b2842cd4c0cc334b4e36f67e\"},\"headline\":\"Zufrieden mit der Stelle &#8211; aber trotzdem auf dem Sprung f\u00fcr die Jobsuche\",\"datePublished\":\"2018-02-20T12:57:22+00:00\",\"mainEntityOfPage\":{\"@id\":\"https:\\\/\\\/www.organisator.ch\\\/human-resources\\\/hrm\\\/2018-02-20\\\/zufrieden-mit-der-stelle-aber-trotzdem-auf-dem-sprung-fuer-die-jobsuche\\\/\"},\"wordCount\":503,\"commentCount\":0,\"publisher\":{\"@id\":\"https:\\\/\\\/www.organisator.ch\\\/#organization\"},\"image\":{\"@id\":\"https:\\\/\\\/www.organisator.ch\\\/human-resources\\\/hrm\\\/2018-02-20\\\/zufrieden-mit-der-stelle-aber-trotzdem-auf-dem-sprung-fuer-die-jobsuche\\\/#primaryimage\"},\"thumbnailUrl\":\"https:\\\/\\\/www.organisator.ch\\\/wp-content\\\/uploads\\\/2018\\\/02\\\/Zufrieden-mit-der-Stelle-aber-trotzdem-auf-dem-Sprung-fuer-die-Jobsuche_Organisator.jpg\",\"keywords\":[\"Arbeitsmarkt\",\"Arbeitsnehmende\",\"HRM\",\"Karriere\"],\"articleSection\":[\"HRM\"],\"inLanguage\":\"fr-FR\"},{\"@type\":\"WebPage\",\"@id\":\"https:\\\/\\\/www.organisator.ch\\\/human-resources\\\/hrm\\\/2018-02-20\\\/zufrieden-mit-der-stelle-aber-trotzdem-auf-dem-sprung-fuer-die-jobsuche\\\/\",\"url\":\"https:\\\/\\\/www.organisator.ch\\\/human-resources\\\/hrm\\\/2018-02-20\\\/zufrieden-mit-der-stelle-aber-trotzdem-auf-dem-sprung-fuer-die-jobsuche\\\/\",\"name\":\"Zufrieden mit der Stelle - aber trotzdem auf dem Sprung f\u00fcr die Jobsuche - Organisator\",\"isPartOf\":{\"@id\":\"https:\\\/\\\/www.organisator.ch\\\/#website\"},\"primaryImageOfPage\":{\"@id\":\"https:\\\/\\\/www.organisator.ch\\\/human-resources\\\/hrm\\\/2018-02-20\\\/zufrieden-mit-der-stelle-aber-trotzdem-auf-dem-sprung-fuer-die-jobsuche\\\/#primaryimage\"},\"image\":{\"@id\":\"https:\\\/\\\/www.organisator.ch\\\/human-resources\\\/hrm\\\/2018-02-20\\\/zufrieden-mit-der-stelle-aber-trotzdem-auf-dem-sprung-fuer-die-jobsuche\\\/#primaryimage\"},\"thumbnailUrl\":\"https:\\\/\\\/www.organisator.ch\\\/wp-content\\\/uploads\\\/2018\\\/02\\\/Zufrieden-mit-der-Stelle-aber-trotzdem-auf-dem-Sprung-fuer-die-Jobsuche_Organisator.jpg\",\"datePublished\":\"2018-02-20T12:57:22+00:00\",\"description\":\"Eine Mehrheit der Berufst\u00e4tigen in der Deutschschweiz ist mit ihrem aktuellen Job zufrieden. Doch 40 Prozent bezeichnen sich als bereit f\u00fcr eine neuen Stelle, wenn sich richtige Gelegenheit bietet.\",\"breadcrumb\":{\"@id\":\"https:\\\/\\\/www.organisator.ch\\\/human-resources\\\/hrm\\\/2018-02-20\\\/zufrieden-mit-der-stelle-aber-trotzdem-auf-dem-sprung-fuer-die-jobsuche\\\/#breadcrumb\"},\"inLanguage\":\"fr-FR\",\"potentialAction\":[{\"@type\":\"ReadAction\",\"target\":[\"https:\\\/\\\/www.organisator.ch\\\/human-resources\\\/hrm\\\/2018-02-20\\\/zufrieden-mit-der-stelle-aber-trotzdem-auf-dem-sprung-fuer-die-jobsuche\\\/\"]}]},{\"@type\":\"ImageObject\",\"inLanguage\":\"fr-FR\",\"@id\":\"https:\\\/\\\/www.organisator.ch\\\/human-resources\\\/hrm\\\/2018-02-20\\\/zufrieden-mit-der-stelle-aber-trotzdem-auf-dem-sprung-fuer-die-jobsuche\\\/#primaryimage\",\"url\":\"https:\\\/\\\/www.organisator.ch\\\/wp-content\\\/uploads\\\/2018\\\/02\\\/Zufrieden-mit-der-Stelle-aber-trotzdem-auf-dem-Sprung-fuer-die-Jobsuche_Organisator.jpg\",\"contentUrl\":\"https:\\\/\\\/www.organisator.ch\\\/wp-content\\\/uploads\\\/2018\\\/02\\\/Zufrieden-mit-der-Stelle-aber-trotzdem-auf-dem-Sprung-fuer-die-Jobsuche_Organisator.jpg\",\"width\":635,\"height\":480,\"caption\":\"Wer sucht, der findet: Zwar sind 85 Prozent der Schweizer zufrieden mit ihrer Stelle, aber grunds\u00e4tzlich nicht abgeneigt, f\u00fcr neue Herausforderungen auf Jobsuche zu gehen. (Bild: Fotolia.com)\"},{\"@type\":\"BreadcrumbList\",\"@id\":\"https:\\\/\\\/www.organisator.ch\\\/human-resources\\\/hrm\\\/2018-02-20\\\/zufrieden-mit-der-stelle-aber-trotzdem-auf-dem-sprung-fuer-die-jobsuche\\\/#breadcrumb\",\"itemListElement\":[{\"@type\":\"ListItem\",\"position\":1,\"name\":\"Home\",\"item\":\"https:\\\/\\\/www.organisator.ch\\\/\"},{\"@type\":\"ListItem\",\"position\":2,\"name\":\"Zufrieden mit der Stelle &#8211; aber trotzdem auf dem Sprung f\u00fcr die Jobsuche\"}]},{\"@type\":\"WebSite\",\"@id\":\"https:\\\/\\\/www.organisator.ch\\\/#website\",\"url\":\"https:\\\/\\\/www.organisator.ch\\\/\",\"name\":\"Organisator\",\"description\":\"Kompetent. Praxisnah. Der ORGANISATOR bereitet in 10 Ausgaben pro Jahr die wesentlichen Themen f\u00fcr F\u00fchrungskr\u00e4fte von KMU auf.\",\"publisher\":{\"@id\":\"https:\\\/\\\/www.organisator.ch\\\/#organization\"},\"potentialAction\":[{\"@type\":\"SearchAction\",\"target\":{\"@type\":\"EntryPoint\",\"urlTemplate\":\"https:\\\/\\\/www.organisator.ch\\\/?s={search_term_string}\"},\"query-input\":{\"@type\":\"PropertyValueSpecification\",\"valueRequired\":true,\"valueName\":\"search_term_string\"}}],\"inLanguage\":\"fr-FR\"},{\"@type\":\"Organization\",\"@id\":\"https:\\\/\\\/www.organisator.ch\\\/#organization\",\"name\":\"Organisator\",\"url\":\"https:\\\/\\\/www.organisator.ch\\\/\",\"logo\":{\"@type\":\"ImageObject\",\"inLanguage\":\"fr-FR\",\"@id\":\"https:\\\/\\\/www.organisator.ch\\\/#\\\/schema\\\/logo\\\/image\\\/\",\"url\":\"https:\\\/\\\/www.organisator.ch\\\/wp-content\\\/uploads\\\/2022\\\/01\\\/Logo_Organisator_Website.png\",\"contentUrl\":\"https:\\\/\\\/www.organisator.ch\\\/wp-content\\\/uploads\\\/2022\\\/01\\\/Logo_Organisator_Website.png\",\"width\":800,\"height\":77,\"caption\":\"Organisator\"},\"image\":{\"@id\":\"https:\\\/\\\/www.organisator.ch\\\/#\\\/schema\\\/logo\\\/image\\\/\"},\"sameAs\":[\"https:\\\/\\\/www.facebook.com\\\/OrganisatorFachmagazin\",\"https:\\\/\\\/www.linkedin.com\\\/showcase\\\/organisator-das-magazin-fr-kmu\",\"https:\\\/\\\/www.xing.com\\\/news\\\/pages\\\/organisator-ch-695\",\"https:\\\/\\\/www.youtube.com\\\/channel\\\/UCGP2Sq0iWaZwT3BdIAQFYpw\"]},{\"@type\":\"Person\",\"@id\":\"https:\\\/\\\/www.organisator.ch\\\/#\\\/schema\\\/person\\\/6f650f90b2842cd4c0cc334b4e36f67e\",\"name\":\"thomas.berner\",\"image\":{\"@type\":\"ImageObject\",\"inLanguage\":\"fr-FR\",\"@id\":\"https:\\\/\\\/secure.gravatar.com\\\/avatar\\\/ac5001d2a36cb6c6cd3e50789007ffca834b477b74a2144564522e944eabff61?s=96&d=mm&r=g\",\"url\":\"https:\\\/\\\/secure.gravatar.com\\\/avatar\\\/ac5001d2a36cb6c6cd3e50789007ffca834b477b74a2144564522e944eabff61?s=96&d=mm&r=g\",\"contentUrl\":\"https:\\\/\\\/secure.gravatar.com\\\/avatar\\\/ac5001d2a36cb6c6cd3e50789007ffca834b477b74a2144564522e944eabff61?s=96&d=mm&r=g\",\"caption\":\"thomas.berner\"},\"url\":\"https:\\\/\\\/www.organisator.ch\\\/fr\\\/author\\\/thomas-berner\\\/\"}]}<\/script>\n<!-- \/ Yoast SEO plugin. -->","yoast_head_json":{"title":"Satisfait de l'emploi - mais quand m\u00eame sur la br\u00e8che pour la recherche d'emploi - Organisateur","description":"Une majorit\u00e9 de personnes actives en Suisse al\u00e9manique est satisfaite de son emploi actuel. Mais 40 % se disent pr\u00eats \u00e0 changer d'emploi si l'occasion se pr\u00e9sente.","robots":{"index":"index","follow":"follow","max-snippet":"max-snippet:-1","max-image-preview":"max-image-preview:large","max-video-preview":"max-video-preview:-1"},"canonical":"https:\/\/www.organisator.ch\/fr\/ressources-humaines\/hrm\/2018-02-20\/zufrieden-mit-der-stelle-aber-trotzdem-auf-dem-sprung-fuer-die-jobsuche\/","og_locale":"fr_FR","og_type":"article","og_title":"Zufrieden mit der Stelle - aber trotzdem auf dem Sprung f\u00fcr die Jobsuche","og_description":"Eine Mehrheit der Berufst\u00e4tigen in der #Deutschschweiz ist mit ihrem aktuellen #Job zufrieden. Doch 40 Prozent bezeichnen sich als bereit f\u00fcr eine neuen #Stelle, wenn sich richtige Gelegenheit bietet.","og_url":"https:\/\/www.organisator.ch\/fr\/ressources-humaines\/hrm\/2018-02-20\/zufrieden-mit-der-stelle-aber-trotzdem-auf-dem-sprung-fuer-die-jobsuche\/","og_site_name":"Organisator","article_publisher":"https:\/\/www.facebook.com\/OrganisatorFachmagazin","article_published_time":"2018-02-20T12:57:22+00:00","og_image":[{"width":635,"height":480,"url":"https:\/\/www.organisator.ch\/wp-content\/uploads\/2018\/02\/Zufrieden-mit-der-Stelle-aber-trotzdem-auf-dem-Sprung-fuer-die-Jobsuche_Organisator.jpg","type":"image\/jpeg"}],"author":"thomas.berner","twitter_card":"summary_large_image","twitter_title":"Zufrieden mit der #Stelle - aber trotzdem auf dem Sprung f\u00fcr die #Jobsuche","twitter_description":"Eine Mehrheit der #Berufst\u00e4tigen in der #Deutschschweiz ist mit ihrem aktuellen #Job zufrieden. Doch 40 Prozent bezeichnen sich als bereit f\u00fcr eine neuen #Stelle, wenn sich richtige Gelegenheit bietet.","twitter_image":"https:\/\/www.organisator.ch\/wp-content\/uploads\/2018\/02\/Zufrieden-mit-der-Stelle-aber-trotzdem-auf-dem-Sprung-f\u00fcr-die-Jobsuche_Organisator.jpg","schema":{"@context":"https:\/\/schema.org","@graph":[{"@type":"Article","@id":"https:\/\/www.organisator.ch\/human-resources\/hrm\/2018-02-20\/zufrieden-mit-der-stelle-aber-trotzdem-auf-dem-sprung-fuer-die-jobsuche\/#article","isPartOf":{"@id":"https:\/\/www.organisator.ch\/human-resources\/hrm\/2018-02-20\/zufrieden-mit-der-stelle-aber-trotzdem-auf-dem-sprung-fuer-die-jobsuche\/"},"author":{"name":"thomas.berner","@id":"https:\/\/www.organisator.ch\/#\/schema\/person\/6f650f90b2842cd4c0cc334b4e36f67e"},"headline":"Zufrieden mit der Stelle &#8211; aber trotzdem auf dem Sprung f\u00fcr die Jobsuche","datePublished":"2018-02-20T12:57:22+00:00","mainEntityOfPage":{"@id":"https:\/\/www.organisator.ch\/human-resources\/hrm\/2018-02-20\/zufrieden-mit-der-stelle-aber-trotzdem-auf-dem-sprung-fuer-die-jobsuche\/"},"wordCount":503,"commentCount":0,"publisher":{"@id":"https:\/\/www.organisator.ch\/#organization"},"image":{"@id":"https:\/\/www.organisator.ch\/human-resources\/hrm\/2018-02-20\/zufrieden-mit-der-stelle-aber-trotzdem-auf-dem-sprung-fuer-die-jobsuche\/#primaryimage"},"thumbnailUrl":"https:\/\/www.organisator.ch\/wp-content\/uploads\/2018\/02\/Zufrieden-mit-der-Stelle-aber-trotzdem-auf-dem-Sprung-fuer-die-Jobsuche_Organisator.jpg","keywords":["Arbeitsmarkt","Arbeitsnehmende","HRM","Karriere"],"articleSection":["HRM"],"inLanguage":"fr-FR"},{"@type":"WebPage","@id":"https:\/\/www.organisator.ch\/human-resources\/hrm\/2018-02-20\/zufrieden-mit-der-stelle-aber-trotzdem-auf-dem-sprung-fuer-die-jobsuche\/","url":"https:\/\/www.organisator.ch\/human-resources\/hrm\/2018-02-20\/zufrieden-mit-der-stelle-aber-trotzdem-auf-dem-sprung-fuer-die-jobsuche\/","name":"Satisfait de l'emploi - mais quand m\u00eame sur la br\u00e8che pour la recherche d'emploi - Organisateur","isPartOf":{"@id":"https:\/\/www.organisator.ch\/#website"},"primaryImageOfPage":{"@id":"https:\/\/www.organisator.ch\/human-resources\/hrm\/2018-02-20\/zufrieden-mit-der-stelle-aber-trotzdem-auf-dem-sprung-fuer-die-jobsuche\/#primaryimage"},"image":{"@id":"https:\/\/www.organisator.ch\/human-resources\/hrm\/2018-02-20\/zufrieden-mit-der-stelle-aber-trotzdem-auf-dem-sprung-fuer-die-jobsuche\/#primaryimage"},"thumbnailUrl":"https:\/\/www.organisator.ch\/wp-content\/uploads\/2018\/02\/Zufrieden-mit-der-Stelle-aber-trotzdem-auf-dem-Sprung-fuer-die-Jobsuche_Organisator.jpg","datePublished":"2018-02-20T12:57:22+00:00","description":"Une majorit\u00e9 de personnes actives en Suisse al\u00e9manique est satisfaite de son emploi actuel. Mais 40 % se disent pr\u00eats \u00e0 changer d'emploi si l'occasion se pr\u00e9sente.","breadcrumb":{"@id":"https:\/\/www.organisator.ch\/human-resources\/hrm\/2018-02-20\/zufrieden-mit-der-stelle-aber-trotzdem-auf-dem-sprung-fuer-die-jobsuche\/#breadcrumb"},"inLanguage":"fr-FR","potentialAction":[{"@type":"ReadAction","target":["https:\/\/www.organisator.ch\/human-resources\/hrm\/2018-02-20\/zufrieden-mit-der-stelle-aber-trotzdem-auf-dem-sprung-fuer-die-jobsuche\/"]}]},{"@type":"ImageObject","inLanguage":"fr-FR","@id":"https:\/\/www.organisator.ch\/human-resources\/hrm\/2018-02-20\/zufrieden-mit-der-stelle-aber-trotzdem-auf-dem-sprung-fuer-die-jobsuche\/#primaryimage","url":"https:\/\/www.organisator.ch\/wp-content\/uploads\/2018\/02\/Zufrieden-mit-der-Stelle-aber-trotzdem-auf-dem-Sprung-fuer-die-Jobsuche_Organisator.jpg","contentUrl":"https:\/\/www.organisator.ch\/wp-content\/uploads\/2018\/02\/Zufrieden-mit-der-Stelle-aber-trotzdem-auf-dem-Sprung-fuer-die-Jobsuche_Organisator.jpg","width":635,"height":480,"caption":"Wer sucht, der findet: Zwar sind 85 Prozent der Schweizer zufrieden mit ihrer Stelle, aber grunds\u00e4tzlich nicht abgeneigt, f\u00fcr neue Herausforderungen auf Jobsuche zu gehen. (Bild: Fotolia.com)"},{"@type":"BreadcrumbList","@id":"https:\/\/www.organisator.ch\/human-resources\/hrm\/2018-02-20\/zufrieden-mit-der-stelle-aber-trotzdem-auf-dem-sprung-fuer-die-jobsuche\/#breadcrumb","itemListElement":[{"@type":"ListItem","position":1,"name":"Home","item":"https:\/\/www.organisator.ch\/"},{"@type":"ListItem","position":2,"name":"Zufrieden mit der Stelle &#8211; aber trotzdem auf dem Sprung f\u00fcr die Jobsuche"}]},{"@type":"WebSite","@id":"https:\/\/www.organisator.ch\/#website","url":"https:\/\/www.organisator.ch\/","name":"Organisateur","description":"Comp\u00e9tence et comp\u00e9tence. Proches de la pratique. L'ORGANISATEUR pr\u00e9pare 10 num\u00e9ros par an sur les th\u00e8mes essentiels pour les dirigeants de PME.","publisher":{"@id":"https:\/\/www.organisator.ch\/#organization"},"potentialAction":[{"@type":"SearchAction","target":{"@type":"EntryPoint","urlTemplate":"https:\/\/www.organisator.ch\/?s={search_term_string}"},"query-input":{"@type":"PropertyValueSpecification","valueRequired":true,"valueName":"search_term_string"}}],"inLanguage":"fr-FR"},{"@type":"Organization","@id":"https:\/\/www.organisator.ch\/#organization","name":"Organisateur","url":"https:\/\/www.organisator.ch\/","logo":{"@type":"ImageObject","inLanguage":"fr-FR","@id":"https:\/\/www.organisator.ch\/#\/schema\/logo\/image\/","url":"https:\/\/www.organisator.ch\/wp-content\/uploads\/2022\/01\/Logo_Organisator_Website.png","contentUrl":"https:\/\/www.organisator.ch\/wp-content\/uploads\/2022\/01\/Logo_Organisator_Website.png","width":800,"height":77,"caption":"Organisator"},"image":{"@id":"https:\/\/www.organisator.ch\/#\/schema\/logo\/image\/"},"sameAs":["https:\/\/www.facebook.com\/OrganisatorFachmagazin","https:\/\/www.linkedin.com\/showcase\/organisator-das-magazin-fr-kmu","https:\/\/www.xing.com\/news\/pages\/organisator-ch-695","https:\/\/www.youtube.com\/channel\/UCGP2Sq0iWaZwT3BdIAQFYpw"]},{"@type":"Person","@id":"https:\/\/www.organisator.ch\/#\/schema\/person\/6f650f90b2842cd4c0cc334b4e36f67e","name":"thomas.berner","image":{"@type":"ImageObject","inLanguage":"fr-FR","@id":"https:\/\/secure.gravatar.com\/avatar\/ac5001d2a36cb6c6cd3e50789007ffca834b477b74a2144564522e944eabff61?s=96&d=mm&r=g","url":"https:\/\/secure.gravatar.com\/avatar\/ac5001d2a36cb6c6cd3e50789007ffca834b477b74a2144564522e944eabff61?s=96&d=mm&r=g","contentUrl":"https:\/\/secure.gravatar.com\/avatar\/ac5001d2a36cb6c6cd3e50789007ffca834b477b74a2144564522e944eabff61?s=96&d=mm&r=g","caption":"thomas.berner"},"url":"https:\/\/www.organisator.ch\/fr\/author\/thomas-berner\/"}]}},"_links":{"self":[{"href":"https:\/\/www.organisator.ch\/fr\/wp-json\/wp\/v2\/posts\/3185","targetHints":{"allow":["GET"]}}],"collection":[{"href":"https:\/\/www.organisator.ch\/fr\/wp-json\/wp\/v2\/posts"}],"about":[{"href":"https:\/\/www.organisator.ch\/fr\/wp-json\/wp\/v2\/types\/post"}],"author":[{"embeddable":true,"href":"https:\/\/www.organisator.ch\/fr\/wp-json\/wp\/v2\/users\/4"}],"replies":[{"embeddable":true,"href":"https:\/\/www.organisator.ch\/fr\/wp-json\/wp\/v2\/comments?post=3185"}],"version-history":[{"count":0,"href":"https:\/\/www.organisator.ch\/fr\/wp-json\/wp\/v2\/posts\/3185\/revisions"}],"wp:featuredmedia":[{"embeddable":true,"href":"https:\/\/www.organisator.ch\/fr\/wp-json\/wp\/v2\/media\/3186"}],"wp:attachment":[{"href":"https:\/\/www.organisator.ch\/fr\/wp-json\/wp\/v2\/media?parent=3185"}],"wp:term":[{"taxonomy":"category","embeddable":true,"href":"https:\/\/www.organisator.ch\/fr\/wp-json\/wp\/v2\/categories?post=3185"},{"taxonomy":"post_tag","embeddable":true,"href":"https:\/\/www.organisator.ch\/fr\/wp-json\/wp\/v2\/tags?post=3185"}],"curies":[{"name":"wp","href":"https:\/\/api.w.org\/{rel}","templated":true}]}}