{"id":3197,"date":"2018-02-23T08:01:33","date_gmt":"2018-02-23T07:01:33","guid":{"rendered":"https:\/\/www.organisator.ch\/?p=3197"},"modified":"2018-02-23T08:01:33","modified_gmt":"2018-02-23T07:01:33","slug":"neue-einordnung-der-htl-und-hwv-abschluesse-in-der-lohnstrukturerhebung","status":"publish","type":"post","link":"https:\/\/www.organisator.ch\/fr\/human-resources\/hrm\/2018-02-23\/neue-einordnung-der-htl-und-hwv-abschluesse-in-der-lohnstrukturerhebung\/","title":{"rendered":"Nouvelle classification des dipl\u00f4mes ETS et ESCEA dans l'enqu\u00eate sur la structure des salaires"},"content":{"rendered":"<figure id=\"attachment_3199\" aria-describedby=\"caption-attachment-3199\" style=\"width: 640px\" class=\"wp-caption alignnone\"><img loading=\"lazy\" decoding=\"async\" class=\"size-full wp-image-3199\" src=\"https:\/\/www.organisator.ch\/wp-content\/uploads\/2018\/02\/Neue-Einordnung-der-HTL-und-HWV-Abschluesse-in-der-Lohnstrukturerhebung_Organisator.jpg\" alt=\"\" width=\"640\" height=\"427\" srcset=\"https:\/\/www.organisator.ch\/wp-content\/uploads\/2018\/02\/Neue-Einordnung-der-HTL-und-HWV-Abschluesse-in-der-Lohnstrukturerhebung_Organisator.jpg 640w, https:\/\/www.organisator.ch\/wp-content\/uploads\/2018\/02\/Neue-Einordnung-der-HTL-und-HWV-Abschluesse-in-der-Lohnstrukturerhebung_Organisator-16x12.jpg 16w, https:\/\/www.organisator.ch\/wp-content\/uploads\/2018\/02\/Neue-Einordnung-der-HTL-und-HWV-Abschluesse-in-der-Lohnstrukturerhebung_Organisator-262x175.jpg 262w, https:\/\/www.organisator.ch\/wp-content\/uploads\/2018\/02\/Neue-Einordnung-der-HTL-und-HWV-Abschluesse-in-der-Lohnstrukturerhebung_Organisator-525x350.jpg 525w, https:\/\/www.organisator.ch\/wp-content\/uploads\/2018\/02\/Neue-Einordnung-der-HTL-und-HWV-Abschluesse-in-der-Lohnstrukturerhebung_Organisator-300x200.jpg 300w\" sizes=\"auto, (max-width: 640px) 100vw, 640px\" \/><figcaption id=\"caption-attachment-3199\" class=\"wp-caption-text\">Les personnes en possession d'un \"ancien\" dipl\u00f4me ETS ou ESCEA devraient d\u00e9sormais demander l'obtention a posteriori d'un titre HES. (Image : Tim Reckmann \/ pixelio.de)<\/figcaption><\/figure>\n<p>Les \u00e9coles techniques sup\u00e9rieures (ETS) et les \u00e9coles sup\u00e9rieures de cadres pour l'\u00e9conomie et l'administration (ESCEA) sont devenues des hautes \u00e9coles sp\u00e9cialis\u00e9es (HES) il y a plus de 20 ans. Depuis lors, les dipl\u00f4m\u00e9s ETS et ESCEA peuvent <a href=\"http:\/\/www.titelumwandlung.ch\/\">le titre de haute \u00e9cole sp\u00e9cialis\u00e9e a posteriori<\/a> acqu\u00e9rir un dipl\u00f4me. Depuis 2009, les titulaires d'un titre HES peuvent utiliser simultan\u00e9ment le titre de bachelor en raison de la r\u00e9forme de Bologne. Malgr\u00e9 cela, les dipl\u00f4mes ETS et ESCEA ont \u00e9t\u00e9 jusqu'\u00e0 pr\u00e9sent class\u00e9s dans la cat\u00e9gorie des actuelles \u00e9coles sup\u00e9rieures (ES) dans l'enqu\u00eate sur la structure des salaires (ESS) de l'Office f\u00e9d\u00e9ral de la statistique (OFS). Or, il serait plus correct de les classer parmi les dipl\u00f4mes HES (cat\u00e9gorie 2) ou de les pr\u00e9senter s\u00e9par\u00e9ment.<\/p>\n<h2>Les dipl\u00f4m\u00e9s ETS et ESCEA ont re\u00e7u pendant des ann\u00e9es le mauvais salaire<\/h2>\n<p>Tous les dipl\u00f4m\u00e9s ETS et ESCEA n'ont de loin pas obtenu le titre HES par la suite. Une grande partie d'entre eux a donc \u00e9t\u00e9 class\u00e9e jusqu'\u00e0 pr\u00e9sent dans la mauvaise cat\u00e9gorie salariale dans la LSE officielle. La pertinence des cat\u00e9gories ES et HES s'en est trouv\u00e9e affect\u00e9e. Tant les employeurs que les employ\u00e9s ont re\u00e7u des r\u00e9f\u00e9rences salariales incoh\u00e9rentes. Une position d\u00e9favorable des dipl\u00f4m\u00e9s ETS et ESCEA n'a pas pu \u00eatre exclue.<\/p>\n<p>Apr\u00e8s une <a href=\"https:\/\/www.aargauerzeitung.ch\/schweiz\/rote-koepfe-wegen-lohnstatistik-des-bundes-werden-absolventen-der-frueheren-techs-diskriminiert-131629280\">Reportage de l'Aargauer Zeitung du 21.8.2017<\/a> sur cette anomalie, l'association fa\u00eeti\u00e8re FH Suisse est intervenue et a cherch\u00e9 le dialogue avec l'OFS et le Secr\u00e9tariat d'Etat \u00e0 la formation, \u00e0 la recherche et \u00e0 l'innovation (SEFRI). Les discussions ont eu un impact : le SBFI a soumis \u00e0 l'OFS une proposition visant \u00e0 classer les titres ETS\/HES dans la cat\u00e9gorie des dipl\u00f4mes HES. L'OFS a maintenant donn\u00e9 son feu vert : ils souhaitent que les informations statistiques qu'ils \u00e9tablissent refl\u00e8tent la r\u00e9alit\u00e9 le plus pr\u00e9cis\u00e9ment possible.<\/p>\n<h2>La nouvelle enqu\u00eate sur la structure des salaires apporte l'\u00e9galit\u00e9<\/h2>\n<p>A partir de l'enqu\u00eate sur la structure des salaires 2018, les dipl\u00f4mes ETS et ESCEA sont d\u00e9sormais class\u00e9s dans la cat\u00e9gorie 2. Le classement des salaires est effectu\u00e9 par les employeurs et un syst\u00e8me mis \u00e0 leur disposition. Comme il peut arriver que ce syst\u00e8me ne soit pas encore actualis\u00e9, les employeurs doivent parfois classer manuellement les dipl\u00f4mes dans la cat\u00e9gorie 2. Afin de s'assurer que les dipl\u00f4mes sont correctement attribu\u00e9s, FH Suisse continue donc de recommander aux dipl\u00f4m\u00e9s ETS et ESCEA d'utiliser le <a href=\"http:\/\/www.titelumwandlung.ch\/\">l'obtention a posteriori du titre HES<\/a> et d'en informer l'employeur.<\/p>\n<p><em>Plus d'informations : <a href=\"http:\/\/www.fhschweiz.ch\/\">www.fhschweiz.ch,<\/a> <a href=\"http:\/\/www.titelumwandlung.ch\/\">www.titelumwandlung.ch<\/a><\/em><\/p>","protected":false},"excerpt":{"rendered":"<p>Die\u00a0H\u00f6heren Technischen Lehranstalten (HTL) und die H\u00f6heren Wirtschafts- und Verwaltungsschulen (HWV) wurden vor \u00fcber 20 Jahren zu Fachhochschulen (FH). Die HTL- und HWV-Absolventen k\u00f6nnen seither nachtr\u00e4glich den Fachhochschul-Titel erwerben. Wer einen FH-Titel tr\u00e4gt, kann seit 2009 aufgrund der Bologna-Reform gleichzeitig den Bachelor-Titel verwenden. Trotzdem wurden bis anhin die HTL- und HWV-Abschl\u00fcsse bei der Lohnstrukturerhebung (LSE) [&hellip;]<\/p>\n","protected":false},"author":4,"featured_media":3199,"comment_status":"open","ping_status":"open","sticky":false,"template":"","format":"standard","meta":{"_acf_changed":false,"_yoast_wpseo_focuskw":"Lohnstrukturerhebung","_yoast_wpseo_metadesc":"FH Schweiz erwirkte, dass HTL- und HWV-Abschl\u00fcsse bei der Lohnstrukturerhebung des Bundes neu der Kategorie der Fachhochschul-Abschl\u00fcsse zugeordnet werden.","articlekey":"","footnotes":""},"categories":[26],"tags":[62,294,329,503],"class_list":["post-3197","post","type-post","status-publish","format-standard","has-post-thumbnail","hentry","category-hrm","tag-aus-weiterbildung","tag-karriere","tag-loehne","tag-verbaende"],"acf":[],"yoast_head":"<!-- This site is optimized with the Yoast SEO plugin v27.4 - https:\/\/yoast.com\/product\/yoast-seo-wordpress\/ -->\n<title>Neue Einordnung der HTL- und HWV-Abschl\u00fcsse in der Lohnstrukturerhebung - Organisator<\/title>\n<meta name=\"description\" content=\"FH Schweiz erwirkte, dass HTL- und HWV-Abschl\u00fcsse bei der Lohnstrukturerhebung des Bundes neu der Kategorie der Fachhochschul-Abschl\u00fcsse zugeordnet werden.\" \/>\n<meta name=\"robots\" content=\"index, follow, max-snippet:-1, max-image-preview:large, max-video-preview:-1\" \/>\n<link rel=\"canonical\" href=\"https:\/\/www.organisator.ch\/fr\/ressources-humaines\/hrm\/2018-02-23\/neue-einordnung-der-htl-und-hwv-abschluesse-in-der-lohnstrukturerhebung\/\" \/>\n<meta property=\"og:locale\" content=\"fr_FR\" \/>\n<meta property=\"og:type\" content=\"article\" \/>\n<meta property=\"og:title\" content=\"Neue Einordnung der HTL- und HWV-Abschl\u00fcsse in der Lohnstrukturerhebung\" \/>\n<meta property=\"og:description\" content=\"FH Schweiz erwirkte, dass #HTL- und #HWV-Abschl\u00fcsse bei der #Lohnstrukturerhebung des Bundes neu der Kategorie der #Fachhochschul-Abschl\u00fcsse zugeordnet werden.\" \/>\n<meta property=\"og:url\" content=\"https:\/\/www.organisator.ch\/fr\/ressources-humaines\/hrm\/2018-02-23\/neue-einordnung-der-htl-und-hwv-abschluesse-in-der-lohnstrukturerhebung\/\" \/>\n<meta property=\"og:site_name\" content=\"Organisator\" \/>\n<meta property=\"article:publisher\" content=\"https:\/\/www.facebook.com\/OrganisatorFachmagazin\" \/>\n<meta property=\"article:published_time\" content=\"2018-02-23T07:01:33+00:00\" \/>\n<meta property=\"og:image\" content=\"https:\/\/www.organisator.ch\/wp-content\/uploads\/2018\/02\/Neue-Einordnung-der-HTL-und-HWV-Abschluesse-in-der-Lohnstrukturerhebung_Organisator.jpg\" \/>\n\t<meta property=\"og:image:width\" content=\"640\" \/>\n\t<meta property=\"og:image:height\" content=\"427\" \/>\n\t<meta property=\"og:image:type\" content=\"image\/jpeg\" \/>\n<meta name=\"author\" content=\"thomas.berner\" \/>\n<meta name=\"twitter:card\" content=\"summary_large_image\" \/>\n<meta name=\"twitter:title\" content=\"Neue Einordnung der #HTL- und #HWV-Abschl\u00fcsse in der #Lohnstrukturerhebung\" \/>\n<meta name=\"twitter:description\" content=\"FH Schweiz erwirkte, dass #HTL- und #HWV-Abschl\u00fcsse bei der #Lohnstrukturerhebung des Bundes neu der Kategorie der #Fachhochschul-Abschl\u00fcsse zugeordnet werden.\" \/>\n<meta name=\"twitter:image\" content=\"https:\/\/www.organisator.ch\/wp-content\/uploads\/2018\/02\/Neue-Einordnung-der-HTL-und-HWV-Abschl\u00fcsse-in-der-Lohnstrukturerhebung_Organisator.jpg\" \/>\n<script type=\"application\/ld+json\" class=\"yoast-schema-graph\">{\"@context\":\"https:\\\/\\\/schema.org\",\"@graph\":[{\"@type\":\"Article\",\"@id\":\"https:\\\/\\\/www.organisator.ch\\\/human-resources\\\/hrm\\\/2018-02-23\\\/neue-einordnung-der-htl-und-hwv-abschluesse-in-der-lohnstrukturerhebung\\\/#article\",\"isPartOf\":{\"@id\":\"https:\\\/\\\/www.organisator.ch\\\/human-resources\\\/hrm\\\/2018-02-23\\\/neue-einordnung-der-htl-und-hwv-abschluesse-in-der-lohnstrukturerhebung\\\/\"},\"author\":{\"name\":\"thomas.berner\",\"@id\":\"https:\\\/\\\/www.organisator.ch\\\/#\\\/schema\\\/person\\\/6f650f90b2842cd4c0cc334b4e36f67e\"},\"headline\":\"Neue Einordnung der HTL- und HWV-Abschl\u00fcsse in der Lohnstrukturerhebung\",\"datePublished\":\"2018-02-23T07:01:33+00:00\",\"mainEntityOfPage\":{\"@id\":\"https:\\\/\\\/www.organisator.ch\\\/human-resources\\\/hrm\\\/2018-02-23\\\/neue-einordnung-der-htl-und-hwv-abschluesse-in-der-lohnstrukturerhebung\\\/\"},\"wordCount\":374,\"commentCount\":0,\"publisher\":{\"@id\":\"https:\\\/\\\/www.organisator.ch\\\/#organization\"},\"image\":{\"@id\":\"https:\\\/\\\/www.organisator.ch\\\/human-resources\\\/hrm\\\/2018-02-23\\\/neue-einordnung-der-htl-und-hwv-abschluesse-in-der-lohnstrukturerhebung\\\/#primaryimage\"},\"thumbnailUrl\":\"https:\\\/\\\/www.organisator.ch\\\/wp-content\\\/uploads\\\/2018\\\/02\\\/Neue-Einordnung-der-HTL-und-HWV-Abschluesse-in-der-Lohnstrukturerhebung_Organisator.jpg\",\"keywords\":[\"Aus-\\\/Weiterbildung\",\"Karriere\",\"L\u00f6hne\",\"Verb\u00e4nde\"],\"articleSection\":[\"HRM\"],\"inLanguage\":\"fr-FR\"},{\"@type\":\"WebPage\",\"@id\":\"https:\\\/\\\/www.organisator.ch\\\/human-resources\\\/hrm\\\/2018-02-23\\\/neue-einordnung-der-htl-und-hwv-abschluesse-in-der-lohnstrukturerhebung\\\/\",\"url\":\"https:\\\/\\\/www.organisator.ch\\\/human-resources\\\/hrm\\\/2018-02-23\\\/neue-einordnung-der-htl-und-hwv-abschluesse-in-der-lohnstrukturerhebung\\\/\",\"name\":\"Neue Einordnung der HTL- und HWV-Abschl\u00fcsse in der Lohnstrukturerhebung - Organisator\",\"isPartOf\":{\"@id\":\"https:\\\/\\\/www.organisator.ch\\\/#website\"},\"primaryImageOfPage\":{\"@id\":\"https:\\\/\\\/www.organisator.ch\\\/human-resources\\\/hrm\\\/2018-02-23\\\/neue-einordnung-der-htl-und-hwv-abschluesse-in-der-lohnstrukturerhebung\\\/#primaryimage\"},\"image\":{\"@id\":\"https:\\\/\\\/www.organisator.ch\\\/human-resources\\\/hrm\\\/2018-02-23\\\/neue-einordnung-der-htl-und-hwv-abschluesse-in-der-lohnstrukturerhebung\\\/#primaryimage\"},\"thumbnailUrl\":\"https:\\\/\\\/www.organisator.ch\\\/wp-content\\\/uploads\\\/2018\\\/02\\\/Neue-Einordnung-der-HTL-und-HWV-Abschluesse-in-der-Lohnstrukturerhebung_Organisator.jpg\",\"datePublished\":\"2018-02-23T07:01:33+00:00\",\"description\":\"FH Schweiz erwirkte, dass HTL- und HWV-Abschl\u00fcsse bei der Lohnstrukturerhebung des Bundes neu der Kategorie der Fachhochschul-Abschl\u00fcsse zugeordnet werden.\",\"breadcrumb\":{\"@id\":\"https:\\\/\\\/www.organisator.ch\\\/human-resources\\\/hrm\\\/2018-02-23\\\/neue-einordnung-der-htl-und-hwv-abschluesse-in-der-lohnstrukturerhebung\\\/#breadcrumb\"},\"inLanguage\":\"fr-FR\",\"potentialAction\":[{\"@type\":\"ReadAction\",\"target\":[\"https:\\\/\\\/www.organisator.ch\\\/human-resources\\\/hrm\\\/2018-02-23\\\/neue-einordnung-der-htl-und-hwv-abschluesse-in-der-lohnstrukturerhebung\\\/\"]}]},{\"@type\":\"ImageObject\",\"inLanguage\":\"fr-FR\",\"@id\":\"https:\\\/\\\/www.organisator.ch\\\/human-resources\\\/hrm\\\/2018-02-23\\\/neue-einordnung-der-htl-und-hwv-abschluesse-in-der-lohnstrukturerhebung\\\/#primaryimage\",\"url\":\"https:\\\/\\\/www.organisator.ch\\\/wp-content\\\/uploads\\\/2018\\\/02\\\/Neue-Einordnung-der-HTL-und-HWV-Abschluesse-in-der-Lohnstrukturerhebung_Organisator.jpg\",\"contentUrl\":\"https:\\\/\\\/www.organisator.ch\\\/wp-content\\\/uploads\\\/2018\\\/02\\\/Neue-Einordnung-der-HTL-und-HWV-Abschluesse-in-der-Lohnstrukturerhebung_Organisator.jpg\",\"width\":640,\"height\":427,\"caption\":\"Wer im Besitz eines \\\"alten\\\" HTL- oder HWV-Abschlusses ist, sollte nun nachtr\u00e4glich den nachtr\u00e4glichen Erwerb eines FH-Titels beantragen. (Bild: Tim Reckmann \\\/ pixelio.de)\"},{\"@type\":\"BreadcrumbList\",\"@id\":\"https:\\\/\\\/www.organisator.ch\\\/human-resources\\\/hrm\\\/2018-02-23\\\/neue-einordnung-der-htl-und-hwv-abschluesse-in-der-lohnstrukturerhebung\\\/#breadcrumb\",\"itemListElement\":[{\"@type\":\"ListItem\",\"position\":1,\"name\":\"Home\",\"item\":\"https:\\\/\\\/www.organisator.ch\\\/\"},{\"@type\":\"ListItem\",\"position\":2,\"name\":\"Neue Einordnung der HTL- und HWV-Abschl\u00fcsse in der Lohnstrukturerhebung\"}]},{\"@type\":\"WebSite\",\"@id\":\"https:\\\/\\\/www.organisator.ch\\\/#website\",\"url\":\"https:\\\/\\\/www.organisator.ch\\\/\",\"name\":\"Organisator\",\"description\":\"Kompetent. Praxisnah. Der ORGANISATOR bereitet in 10 Ausgaben pro Jahr die wesentlichen Themen f\u00fcr F\u00fchrungskr\u00e4fte von KMU auf.\",\"publisher\":{\"@id\":\"https:\\\/\\\/www.organisator.ch\\\/#organization\"},\"potentialAction\":[{\"@type\":\"SearchAction\",\"target\":{\"@type\":\"EntryPoint\",\"urlTemplate\":\"https:\\\/\\\/www.organisator.ch\\\/?s={search_term_string}\"},\"query-input\":{\"@type\":\"PropertyValueSpecification\",\"valueRequired\":true,\"valueName\":\"search_term_string\"}}],\"inLanguage\":\"fr-FR\"},{\"@type\":\"Organization\",\"@id\":\"https:\\\/\\\/www.organisator.ch\\\/#organization\",\"name\":\"Organisator\",\"url\":\"https:\\\/\\\/www.organisator.ch\\\/\",\"logo\":{\"@type\":\"ImageObject\",\"inLanguage\":\"fr-FR\",\"@id\":\"https:\\\/\\\/www.organisator.ch\\\/#\\\/schema\\\/logo\\\/image\\\/\",\"url\":\"https:\\\/\\\/www.organisator.ch\\\/wp-content\\\/uploads\\\/2022\\\/01\\\/Logo_Organisator_Website.png\",\"contentUrl\":\"https:\\\/\\\/www.organisator.ch\\\/wp-content\\\/uploads\\\/2022\\\/01\\\/Logo_Organisator_Website.png\",\"width\":800,\"height\":77,\"caption\":\"Organisator\"},\"image\":{\"@id\":\"https:\\\/\\\/www.organisator.ch\\\/#\\\/schema\\\/logo\\\/image\\\/\"},\"sameAs\":[\"https:\\\/\\\/www.facebook.com\\\/OrganisatorFachmagazin\",\"https:\\\/\\\/www.linkedin.com\\\/showcase\\\/organisator-das-magazin-fr-kmu\",\"https:\\\/\\\/www.xing.com\\\/news\\\/pages\\\/organisator-ch-695\",\"https:\\\/\\\/www.youtube.com\\\/channel\\\/UCGP2Sq0iWaZwT3BdIAQFYpw\"]},{\"@type\":\"Person\",\"@id\":\"https:\\\/\\\/www.organisator.ch\\\/#\\\/schema\\\/person\\\/6f650f90b2842cd4c0cc334b4e36f67e\",\"name\":\"thomas.berner\",\"image\":{\"@type\":\"ImageObject\",\"inLanguage\":\"fr-FR\",\"@id\":\"https:\\\/\\\/secure.gravatar.com\\\/avatar\\\/ac5001d2a36cb6c6cd3e50789007ffca834b477b74a2144564522e944eabff61?s=96&d=mm&r=g\",\"url\":\"https:\\\/\\\/secure.gravatar.com\\\/avatar\\\/ac5001d2a36cb6c6cd3e50789007ffca834b477b74a2144564522e944eabff61?s=96&d=mm&r=g\",\"contentUrl\":\"https:\\\/\\\/secure.gravatar.com\\\/avatar\\\/ac5001d2a36cb6c6cd3e50789007ffca834b477b74a2144564522e944eabff61?s=96&d=mm&r=g\",\"caption\":\"thomas.berner\"},\"url\":\"https:\\\/\\\/www.organisator.ch\\\/fr\\\/author\\\/thomas-berner\\\/\"}]}<\/script>\n<!-- \/ Yoast SEO plugin. -->","yoast_head_json":{"title":"Nouvelle classification des dipl\u00f4mes ETS et ESCEA dans l'enqu\u00eate sur la structure des salaires - Organisateur","description":"HES Suisse a obtenu que les dipl\u00f4mes ETS et ESCEA soient d\u00e9sormais class\u00e9s dans la cat\u00e9gorie des dipl\u00f4mes HES lors de l'enqu\u00eate f\u00e9d\u00e9rale sur la structure des salaires.","robots":{"index":"index","follow":"follow","max-snippet":"max-snippet:-1","max-image-preview":"max-image-preview:large","max-video-preview":"max-video-preview:-1"},"canonical":"https:\/\/www.organisator.ch\/fr\/ressources-humaines\/hrm\/2018-02-23\/neue-einordnung-der-htl-und-hwv-abschluesse-in-der-lohnstrukturerhebung\/","og_locale":"fr_FR","og_type":"article","og_title":"Neue Einordnung der HTL- und HWV-Abschl\u00fcsse in der Lohnstrukturerhebung","og_description":"FH Schweiz erwirkte, dass #HTL- und #HWV-Abschl\u00fcsse bei der #Lohnstrukturerhebung des Bundes neu der Kategorie der #Fachhochschul-Abschl\u00fcsse zugeordnet werden.","og_url":"https:\/\/www.organisator.ch\/fr\/ressources-humaines\/hrm\/2018-02-23\/neue-einordnung-der-htl-und-hwv-abschluesse-in-der-lohnstrukturerhebung\/","og_site_name":"Organisator","article_publisher":"https:\/\/www.facebook.com\/OrganisatorFachmagazin","article_published_time":"2018-02-23T07:01:33+00:00","og_image":[{"width":640,"height":427,"url":"https:\/\/www.organisator.ch\/wp-content\/uploads\/2018\/02\/Neue-Einordnung-der-HTL-und-HWV-Abschluesse-in-der-Lohnstrukturerhebung_Organisator.jpg","type":"image\/jpeg"}],"author":"thomas.berner","twitter_card":"summary_large_image","twitter_title":"Neue Einordnung der #HTL- und #HWV-Abschl\u00fcsse in der #Lohnstrukturerhebung","twitter_description":"FH Schweiz erwirkte, dass #HTL- und #HWV-Abschl\u00fcsse bei der #Lohnstrukturerhebung des Bundes neu der Kategorie der #Fachhochschul-Abschl\u00fcsse zugeordnet werden.","twitter_image":"https:\/\/www.organisator.ch\/wp-content\/uploads\/2018\/02\/Neue-Einordnung-der-HTL-und-HWV-Abschl\u00fcsse-in-der-Lohnstrukturerhebung_Organisator.jpg","schema":{"@context":"https:\/\/schema.org","@graph":[{"@type":"Article","@id":"https:\/\/www.organisator.ch\/human-resources\/hrm\/2018-02-23\/neue-einordnung-der-htl-und-hwv-abschluesse-in-der-lohnstrukturerhebung\/#article","isPartOf":{"@id":"https:\/\/www.organisator.ch\/human-resources\/hrm\/2018-02-23\/neue-einordnung-der-htl-und-hwv-abschluesse-in-der-lohnstrukturerhebung\/"},"author":{"name":"thomas.berner","@id":"https:\/\/www.organisator.ch\/#\/schema\/person\/6f650f90b2842cd4c0cc334b4e36f67e"},"headline":"Neue Einordnung der HTL- und HWV-Abschl\u00fcsse in der Lohnstrukturerhebung","datePublished":"2018-02-23T07:01:33+00:00","mainEntityOfPage":{"@id":"https:\/\/www.organisator.ch\/human-resources\/hrm\/2018-02-23\/neue-einordnung-der-htl-und-hwv-abschluesse-in-der-lohnstrukturerhebung\/"},"wordCount":374,"commentCount":0,"publisher":{"@id":"https:\/\/www.organisator.ch\/#organization"},"image":{"@id":"https:\/\/www.organisator.ch\/human-resources\/hrm\/2018-02-23\/neue-einordnung-der-htl-und-hwv-abschluesse-in-der-lohnstrukturerhebung\/#primaryimage"},"thumbnailUrl":"https:\/\/www.organisator.ch\/wp-content\/uploads\/2018\/02\/Neue-Einordnung-der-HTL-und-HWV-Abschluesse-in-der-Lohnstrukturerhebung_Organisator.jpg","keywords":["Aus-\/Weiterbildung","Karriere","L\u00f6hne","Verb\u00e4nde"],"articleSection":["HRM"],"inLanguage":"fr-FR"},{"@type":"WebPage","@id":"https:\/\/www.organisator.ch\/human-resources\/hrm\/2018-02-23\/neue-einordnung-der-htl-und-hwv-abschluesse-in-der-lohnstrukturerhebung\/","url":"https:\/\/www.organisator.ch\/human-resources\/hrm\/2018-02-23\/neue-einordnung-der-htl-und-hwv-abschluesse-in-der-lohnstrukturerhebung\/","name":"Nouvelle classification des dipl\u00f4mes ETS et ESCEA dans l'enqu\u00eate sur la structure des salaires - Organisateur","isPartOf":{"@id":"https:\/\/www.organisator.ch\/#website"},"primaryImageOfPage":{"@id":"https:\/\/www.organisator.ch\/human-resources\/hrm\/2018-02-23\/neue-einordnung-der-htl-und-hwv-abschluesse-in-der-lohnstrukturerhebung\/#primaryimage"},"image":{"@id":"https:\/\/www.organisator.ch\/human-resources\/hrm\/2018-02-23\/neue-einordnung-der-htl-und-hwv-abschluesse-in-der-lohnstrukturerhebung\/#primaryimage"},"thumbnailUrl":"https:\/\/www.organisator.ch\/wp-content\/uploads\/2018\/02\/Neue-Einordnung-der-HTL-und-HWV-Abschluesse-in-der-Lohnstrukturerhebung_Organisator.jpg","datePublished":"2018-02-23T07:01:33+00:00","description":"HES Suisse a obtenu que les dipl\u00f4mes ETS et ESCEA soient d\u00e9sormais class\u00e9s dans la cat\u00e9gorie des dipl\u00f4mes HES lors de l'enqu\u00eate f\u00e9d\u00e9rale sur la structure des salaires.","breadcrumb":{"@id":"https:\/\/www.organisator.ch\/human-resources\/hrm\/2018-02-23\/neue-einordnung-der-htl-und-hwv-abschluesse-in-der-lohnstrukturerhebung\/#breadcrumb"},"inLanguage":"fr-FR","potentialAction":[{"@type":"ReadAction","target":["https:\/\/www.organisator.ch\/human-resources\/hrm\/2018-02-23\/neue-einordnung-der-htl-und-hwv-abschluesse-in-der-lohnstrukturerhebung\/"]}]},{"@type":"ImageObject","inLanguage":"fr-FR","@id":"https:\/\/www.organisator.ch\/human-resources\/hrm\/2018-02-23\/neue-einordnung-der-htl-und-hwv-abschluesse-in-der-lohnstrukturerhebung\/#primaryimage","url":"https:\/\/www.organisator.ch\/wp-content\/uploads\/2018\/02\/Neue-Einordnung-der-HTL-und-HWV-Abschluesse-in-der-Lohnstrukturerhebung_Organisator.jpg","contentUrl":"https:\/\/www.organisator.ch\/wp-content\/uploads\/2018\/02\/Neue-Einordnung-der-HTL-und-HWV-Abschluesse-in-der-Lohnstrukturerhebung_Organisator.jpg","width":640,"height":427,"caption":"Wer im Besitz eines \"alten\" HTL- oder HWV-Abschlusses ist, sollte nun nachtr\u00e4glich den nachtr\u00e4glichen Erwerb eines FH-Titels beantragen. (Bild: Tim Reckmann \/ pixelio.de)"},{"@type":"BreadcrumbList","@id":"https:\/\/www.organisator.ch\/human-resources\/hrm\/2018-02-23\/neue-einordnung-der-htl-und-hwv-abschluesse-in-der-lohnstrukturerhebung\/#breadcrumb","itemListElement":[{"@type":"ListItem","position":1,"name":"Home","item":"https:\/\/www.organisator.ch\/"},{"@type":"ListItem","position":2,"name":"Neue Einordnung der HTL- und HWV-Abschl\u00fcsse in der Lohnstrukturerhebung"}]},{"@type":"WebSite","@id":"https:\/\/www.organisator.ch\/#website","url":"https:\/\/www.organisator.ch\/","name":"Organisateur","description":"Comp\u00e9tence et comp\u00e9tence. Proches de la pratique. L'ORGANISATEUR pr\u00e9pare 10 num\u00e9ros par an sur les th\u00e8mes essentiels pour les dirigeants de PME.","publisher":{"@id":"https:\/\/www.organisator.ch\/#organization"},"potentialAction":[{"@type":"SearchAction","target":{"@type":"EntryPoint","urlTemplate":"https:\/\/www.organisator.ch\/?s={search_term_string}"},"query-input":{"@type":"PropertyValueSpecification","valueRequired":true,"valueName":"search_term_string"}}],"inLanguage":"fr-FR"},{"@type":"Organization","@id":"https:\/\/www.organisator.ch\/#organization","name":"Organisateur","url":"https:\/\/www.organisator.ch\/","logo":{"@type":"ImageObject","inLanguage":"fr-FR","@id":"https:\/\/www.organisator.ch\/#\/schema\/logo\/image\/","url":"https:\/\/www.organisator.ch\/wp-content\/uploads\/2022\/01\/Logo_Organisator_Website.png","contentUrl":"https:\/\/www.organisator.ch\/wp-content\/uploads\/2022\/01\/Logo_Organisator_Website.png","width":800,"height":77,"caption":"Organisator"},"image":{"@id":"https:\/\/www.organisator.ch\/#\/schema\/logo\/image\/"},"sameAs":["https:\/\/www.facebook.com\/OrganisatorFachmagazin","https:\/\/www.linkedin.com\/showcase\/organisator-das-magazin-fr-kmu","https:\/\/www.xing.com\/news\/pages\/organisator-ch-695","https:\/\/www.youtube.com\/channel\/UCGP2Sq0iWaZwT3BdIAQFYpw"]},{"@type":"Person","@id":"https:\/\/www.organisator.ch\/#\/schema\/person\/6f650f90b2842cd4c0cc334b4e36f67e","name":"thomas.berner","image":{"@type":"ImageObject","inLanguage":"fr-FR","@id":"https:\/\/secure.gravatar.com\/avatar\/ac5001d2a36cb6c6cd3e50789007ffca834b477b74a2144564522e944eabff61?s=96&d=mm&r=g","url":"https:\/\/secure.gravatar.com\/avatar\/ac5001d2a36cb6c6cd3e50789007ffca834b477b74a2144564522e944eabff61?s=96&d=mm&r=g","contentUrl":"https:\/\/secure.gravatar.com\/avatar\/ac5001d2a36cb6c6cd3e50789007ffca834b477b74a2144564522e944eabff61?s=96&d=mm&r=g","caption":"thomas.berner"},"url":"https:\/\/www.organisator.ch\/fr\/author\/thomas-berner\/"}]}},"_links":{"self":[{"href":"https:\/\/www.organisator.ch\/fr\/wp-json\/wp\/v2\/posts\/3197","targetHints":{"allow":["GET"]}}],"collection":[{"href":"https:\/\/www.organisator.ch\/fr\/wp-json\/wp\/v2\/posts"}],"about":[{"href":"https:\/\/www.organisator.ch\/fr\/wp-json\/wp\/v2\/types\/post"}],"author":[{"embeddable":true,"href":"https:\/\/www.organisator.ch\/fr\/wp-json\/wp\/v2\/users\/4"}],"replies":[{"embeddable":true,"href":"https:\/\/www.organisator.ch\/fr\/wp-json\/wp\/v2\/comments?post=3197"}],"version-history":[{"count":0,"href":"https:\/\/www.organisator.ch\/fr\/wp-json\/wp\/v2\/posts\/3197\/revisions"}],"wp:featuredmedia":[{"embeddable":true,"href":"https:\/\/www.organisator.ch\/fr\/wp-json\/wp\/v2\/media\/3199"}],"wp:attachment":[{"href":"https:\/\/www.organisator.ch\/fr\/wp-json\/wp\/v2\/media?parent=3197"}],"wp:term":[{"taxonomy":"category","embeddable":true,"href":"https:\/\/www.organisator.ch\/fr\/wp-json\/wp\/v2\/categories?post=3197"},{"taxonomy":"post_tag","embeddable":true,"href":"https:\/\/www.organisator.ch\/fr\/wp-json\/wp\/v2\/tags?post=3197"}],"curies":[{"name":"wp","href":"https:\/\/api.w.org\/{rel}","templated":true}]}}