{"id":32055,"date":"2024-11-11T07:15:38","date_gmt":"2024-11-11T06:15:38","guid":{"rendered":"https:\/\/www.organisator.ch\/?p=32055"},"modified":"2024-11-08T15:26:10","modified_gmt":"2024-11-08T14:26:10","slug":"thurgauer-wirtschaftsforum-kreislaufwirtschaft-im-fokus","status":"publish","type":"post","link":"https:\/\/www.organisator.ch\/fr\/management\/2024-11-11\/thurgauer-wirtschaftsforum-kreislaufwirtschaft-im-fokus\/","title":{"rendered":"Forum \u00e9conomique de Thurgovie : L'\u00e9conomie circulaire en point de mire"},"content":{"rendered":"<figure id=\"attachment_32056\" aria-describedby=\"caption-attachment-32056\" style=\"width: 680px\" class=\"wp-caption alignnone\"><img loading=\"lazy\" decoding=\"async\" class=\"size-full wp-image-32056\" src=\"https:\/\/www.organisator.ch\/wp-content\/uploads\/2024\/11\/Christian-Voegtlin_Bild1_ps.jpg\" alt=\"\" width=\"680\" height=\"453\" srcset=\"https:\/\/www.organisator.ch\/wp-content\/uploads\/2024\/11\/Christian-Voegtlin_Bild1_ps.jpg 680w, https:\/\/www.organisator.ch\/wp-content\/uploads\/2024\/11\/Christian-Voegtlin_Bild1_ps-18x12.jpg 18w, https:\/\/www.organisator.ch\/wp-content\/uploads\/2024\/11\/Christian-Voegtlin_Bild1_ps-375x250.jpg 375w, https:\/\/www.organisator.ch\/wp-content\/uploads\/2024\/11\/Christian-Voegtlin_Bild1_ps-525x350.jpg 525w\" sizes=\"auto, (max-width: 680px) 100vw, 680px\" \/><figcaption id=\"caption-attachment-32056\" class=\"wp-caption-text\">Christian V\u00f6gtlin, co-directeur du Center for Corporate Responsibility \u00e0 la ZHAW, a pr\u00e9sent\u00e9 l'importance de la durabilit\u00e9 pour les entreprises en Suisse et au niveau international. (Image : www.galledia-event.ch)<\/figcaption><\/figure>\n<p>Daniel Wessner, directeur de l'AWA du canton de Thurgovie, a ouvert la conf\u00e9rence par un aper\u00e7u de la situation \u00e9conomique actuelle du canton de Thurgovie. Selon ses explications, environ 75 pour cent des exportations du canton \u00e9taient destin\u00e9es \u00e0 l'Allemagne - un d\u00e9fi compte tenu de la situation politique incertaine dans le pays voisin. Wessner a en outre soulign\u00e9 les d\u00e9ficits d'innovation du canton, dus \u00e0 l'absence d'une universit\u00e9, \u00e0 une faible activit\u00e9 de cr\u00e9ation d'entreprise et \u00e0 moins de d\u00e9p\u00f4ts de brevets. Des initiatives telles que le Fonds d'innovation ou le Campus num\u00e9rique devraient renforcer la force d'innovation \u00e0 l'avenir.<\/p>\n<h3><strong>Le d\u00e9veloppement durable, une opportunit\u00e9 pour les entreprises<\/strong><\/h3>\n<p>Christian V\u00f6gtlin, co-directeur du Center for Corporate Responsibility \u00e0 la ZHAW, a pr\u00e9sent\u00e9 l'importance de la durabilit\u00e9 pour les entreprises en Suisse et au niveau international. Dans le contexte des prescriptions r\u00e9glementaires en Suisse et dans l'UE, Christian V\u00f6gtlin a montr\u00e9 que les entreprises qui utilisent la durabilit\u00e9 de mani\u00e8re strat\u00e9gique peuvent en tirer profit. Que ce soit par des \u00e9conomies, la pr\u00e9servation des ressources, une plus grande attractivit\u00e9 en tant qu'employeur ou un attrait accru pour les investisseurs.<\/p>\n<p>Albin K\u00e4lin a ensuite expliqu\u00e9 les principes de base de l'\u00e9conomie circulaire ainsi que le concept \"Cradle to Cradle\". Ce concept vise \u00e0 concevoir des produits de mani\u00e8re \u00e0 ce qu'ils puissent \u00eatre r\u00e9int\u00e9gr\u00e9s dans des cycles naturels ou techniques apr\u00e8s utilisation. Aur\u00e8le Meyer de la brasserie Locher a fourni un exemple pratique : la brasserie utilise des d\u00e9chets issus de la production de bi\u00e8re pour fabriquer des aliments tels que des chips, du vinaigre ou des substituts de viande. Melanie Diem a montr\u00e9 comment les entreprises mettent en \u0153uvre une strat\u00e9gie d'entreprise durable et a donn\u00e9 aux participants de pr\u00e9cieux conseils pour la mise en \u0153uvre pratique.<\/p>\n<h3><strong>\"Omni-crise\" et nouvelles pistes de r\u00e9flexion<\/strong><\/h3>\n<p>Le futurologue Tristan Horx a parl\u00e9 dans sa keynote de l'\"omnicrise\" qui pr\u00e9vaut actuellement, dans laquelle de nombreuses crises \u00e9conomiques et sociales apparaissent en parall\u00e8le et n\u00e9cessitent un changement profond. En r\u00e9ponse \u00e0 ces d\u00e9fis, Horx a pr\u00e9sent\u00e9 la vision de la \"Blue Economy\", qui remplace les mod\u00e8les de production lin\u00e9aires par des syst\u00e8mes en circuit ferm\u00e9, ce qui permet d'\u00e9viter les d\u00e9chets. Horx a ainsi soulign\u00e9 l'importance des ressources locales et r\u00e9g\u00e9n\u00e9rables, qui doivent \u00eatre utilis\u00e9es plus efficacement gr\u00e2ce \u00e0 l'innovation et \u00e0 l'esprit d'entreprise. Un exemple frappant est le verre des fen\u00eatres, qui peut faire office de panneau solaire et rendre ainsi l'\u00e9nergie solaire directement utilisable.<\/p>\n<p>La Thurgovienne de l'ann\u00e9e Annette Fetscherin, r\u00e9compens\u00e9e la veille par le Thurgauer Zeitung, n'a pas pu \u00eatre pr\u00e9sente en personne en raison d'obligations professionnelles et a envoy\u00e9 ses salutations au public via un message vid\u00e9o.<\/p>\n<p><em>Source : <a href=\"http:\/\/www.galledia-event.ch\">www.galledia-event.ch<\/a><\/em><\/p>","protected":false},"excerpt":{"rendered":"<p>Le 28e Forum \u00e9conomique de Thurgovie a eu lieu le 7 novembre 2024 sur le th\u00e8me \"Repenser l'\u00e9conomie : durabilit\u00e9 et \u00e9conomie circulaire comme cl\u00e9s du succ\u00e8s\". Pr\u00e8s de 300 participants issus de l'\u00e9conomie, de la politique et de la soci\u00e9t\u00e9 se sont rencontr\u00e9s et ont eu un aper\u00e7u passionnant des strat\u00e9gies d'entreprise durables et des approches innovantes dans le domaine de l'\u00e9conomie circulaire.<\/p>","protected":false},"author":80,"featured_media":32056,"comment_status":"closed","ping_status":"closed","sticky":false,"template":"","format":"standard","meta":{"_acf_changed":false,"_yoast_wpseo_focuskw":"Thurgauer Wirtschaftsforum","_yoast_wpseo_metadesc":"Das 28. Thurgauer Wirtschaftsforum hat am 7. November zum Thema \u00abWirtschaft neu denken: Nachhaltigkeit und Kreislaufwirtschaft als Schl\u00fcssel zum Erfolg\u00bb stattgefunden.","articlekey":"","footnotes":""},"categories":[28],"tags":[594,1787,424,492,2708],"class_list":["post-32055","post","type-post","status-publish","format-standard","has-post-thumbnail","hentry","category-management","tag-kreislaufwirtschaft","tag-nachhaltigkeit","tag-schweiz","tag-unternehmen","tag-wirtschaftsforum"],"acf":[],"yoast_head":"<!-- This site is optimized with the Yoast SEO plugin v27.5 - https:\/\/yoast.com\/product\/yoast-seo-wordpress\/ -->\n<title>Thurgauer Wirtschaftsforum: Kreislaufwirtschaft im Fokus - Organisator<\/title>\n<meta name=\"description\" content=\"Das 28. Thurgauer Wirtschaftsforum hat am 7. November zum Thema \u00abWirtschaft neu denken: Nachhaltigkeit und Kreislaufwirtschaft als Schl\u00fcssel zum Erfolg\u00bb stattgefunden.\" \/>\n<meta name=\"robots\" content=\"index, follow, max-snippet:-1, max-image-preview:large, max-video-preview:-1\" \/>\n<link rel=\"canonical\" href=\"https:\/\/www.organisator.ch\/fr\/gestion-2\/2024-11-11\/thurgauer-wirtschaftsforum-kreislaufwirtschaft-im-fokus\/\" \/>\n<meta property=\"og:locale\" content=\"fr_FR\" \/>\n<meta property=\"og:type\" content=\"article\" \/>\n<meta property=\"og:title\" content=\"Thurgauer Wirtschaftsforum: Kreislaufwirtschaft im Fokus\" \/>\n<meta property=\"og:description\" content=\"Das 28. Thurgauer Wirtschaftsforum hat am 7. November zum Thema \u00abWirtschaft neu denken: Nachhaltigkeit und Kreislaufwirtschaft als Schl\u00fcssel zum Erfolg\u00bb stattgefunden.\" \/>\n<meta property=\"og:url\" content=\"https:\/\/www.organisator.ch\/fr\/gestion-2\/2024-11-11\/thurgauer-wirtschaftsforum-kreislaufwirtschaft-im-fokus\/\" \/>\n<meta property=\"og:site_name\" content=\"Organisator\" \/>\n<meta property=\"article:publisher\" content=\"https:\/\/www.facebook.com\/OrganisatorFachmagazin\" \/>\n<meta property=\"article:published_time\" content=\"2024-11-11T06:15:38+00:00\" \/>\n<meta property=\"og:image\" content=\"https:\/\/www.organisator.ch\/wp-content\/uploads\/2024\/11\/Christian-Voegtlin_Bild1_ps.jpg\" \/>\n\t<meta property=\"og:image:width\" content=\"680\" \/>\n\t<meta property=\"og:image:height\" content=\"453\" \/>\n\t<meta property=\"og:image:type\" content=\"image\/jpeg\" \/>\n<meta name=\"author\" content=\"Dzana Muminovic\" \/>\n<meta name=\"twitter:card\" content=\"summary_large_image\" \/>\n<meta name=\"twitter:title\" content=\"Thurgauer Wirtschaftsforum: Kreislaufwirtschaft im Fokus\" \/>\n<meta name=\"twitter:description\" content=\"Das 28. #Thurgauer #Wirtschaftsforum hat am 7. November zum Thema \u00ab#Wirtschaft neu denken: #Nachhaltigkeit und #Kreislaufwirtschaft als Schl\u00fcssel zum #Erfolg\u00bb stattgefunden.\" \/>\n<meta name=\"twitter:image\" content=\"https:\/\/www.organisator.ch\/wp-content\/uploads\/2024\/11\/Christian-Voegtlin_Bild1_ps.jpg\" \/>\n<script type=\"application\/ld+json\" class=\"yoast-schema-graph\">{\"@context\":\"https:\\\/\\\/schema.org\",\"@graph\":[{\"@type\":\"Article\",\"@id\":\"https:\\\/\\\/www.organisator.ch\\\/management\\\/2024-11-11\\\/thurgauer-wirtschaftsforum-kreislaufwirtschaft-im-fokus\\\/#article\",\"isPartOf\":{\"@id\":\"https:\\\/\\\/www.organisator.ch\\\/management\\\/2024-11-11\\\/thurgauer-wirtschaftsforum-kreislaufwirtschaft-im-fokus\\\/\"},\"author\":{\"name\":\"Dzana Muminovic\",\"@id\":\"https:\\\/\\\/www.organisator.ch\\\/#\\\/schema\\\/person\\\/afccda3a71c06d4be2ed9100dd163db7\"},\"headline\":\"Thurgauer Wirtschaftsforum: Kreislaufwirtschaft im Fokus\",\"datePublished\":\"2024-11-11T06:15:38+00:00\",\"mainEntityOfPage\":{\"@id\":\"https:\\\/\\\/www.organisator.ch\\\/management\\\/2024-11-11\\\/thurgauer-wirtschaftsforum-kreislaufwirtschaft-im-fokus\\\/\"},\"wordCount\":408,\"publisher\":{\"@id\":\"https:\\\/\\\/www.organisator.ch\\\/#organization\"},\"image\":{\"@id\":\"https:\\\/\\\/www.organisator.ch\\\/management\\\/2024-11-11\\\/thurgauer-wirtschaftsforum-kreislaufwirtschaft-im-fokus\\\/#primaryimage\"},\"thumbnailUrl\":\"https:\\\/\\\/www.organisator.ch\\\/wp-content\\\/uploads\\\/2024\\\/11\\\/Christian-Voegtlin_Bild1_ps.jpg\",\"keywords\":[\"Kreislaufwirtschaft\",\"Nachhaltigkeit\",\"Schweiz\",\"Unternehmen\",\"Wirtschaftsforum\"],\"articleSection\":[\"MANAGEMENT\"],\"inLanguage\":\"fr-FR\"},{\"@type\":\"WebPage\",\"@id\":\"https:\\\/\\\/www.organisator.ch\\\/management\\\/2024-11-11\\\/thurgauer-wirtschaftsforum-kreislaufwirtschaft-im-fokus\\\/\",\"url\":\"https:\\\/\\\/www.organisator.ch\\\/management\\\/2024-11-11\\\/thurgauer-wirtschaftsforum-kreislaufwirtschaft-im-fokus\\\/\",\"name\":\"Thurgauer Wirtschaftsforum: Kreislaufwirtschaft im Fokus - Organisator\",\"isPartOf\":{\"@id\":\"https:\\\/\\\/www.organisator.ch\\\/#website\"},\"primaryImageOfPage\":{\"@id\":\"https:\\\/\\\/www.organisator.ch\\\/management\\\/2024-11-11\\\/thurgauer-wirtschaftsforum-kreislaufwirtschaft-im-fokus\\\/#primaryimage\"},\"image\":{\"@id\":\"https:\\\/\\\/www.organisator.ch\\\/management\\\/2024-11-11\\\/thurgauer-wirtschaftsforum-kreislaufwirtschaft-im-fokus\\\/#primaryimage\"},\"thumbnailUrl\":\"https:\\\/\\\/www.organisator.ch\\\/wp-content\\\/uploads\\\/2024\\\/11\\\/Christian-Voegtlin_Bild1_ps.jpg\",\"datePublished\":\"2024-11-11T06:15:38+00:00\",\"description\":\"Das 28. Thurgauer Wirtschaftsforum hat am 7. November zum Thema \u00abWirtschaft neu denken: Nachhaltigkeit und Kreislaufwirtschaft als Schl\u00fcssel zum Erfolg\u00bb stattgefunden.\",\"breadcrumb\":{\"@id\":\"https:\\\/\\\/www.organisator.ch\\\/management\\\/2024-11-11\\\/thurgauer-wirtschaftsforum-kreislaufwirtschaft-im-fokus\\\/#breadcrumb\"},\"inLanguage\":\"fr-FR\",\"potentialAction\":[{\"@type\":\"ReadAction\",\"target\":[\"https:\\\/\\\/www.organisator.ch\\\/management\\\/2024-11-11\\\/thurgauer-wirtschaftsforum-kreislaufwirtschaft-im-fokus\\\/\"]}]},{\"@type\":\"ImageObject\",\"inLanguage\":\"fr-FR\",\"@id\":\"https:\\\/\\\/www.organisator.ch\\\/management\\\/2024-11-11\\\/thurgauer-wirtschaftsforum-kreislaufwirtschaft-im-fokus\\\/#primaryimage\",\"url\":\"https:\\\/\\\/www.organisator.ch\\\/wp-content\\\/uploads\\\/2024\\\/11\\\/Christian-Voegtlin_Bild1_ps.jpg\",\"contentUrl\":\"https:\\\/\\\/www.organisator.ch\\\/wp-content\\\/uploads\\\/2024\\\/11\\\/Christian-Voegtlin_Bild1_ps.jpg\",\"width\":680,\"height\":453,\"caption\":\"Christian V\u00f6gtlin, Co-Leiter Center for Corporate Responsibility an der ZHAW, stellte die Bedeutung der Nachhaltigkeit f\u00fcr Unternehmen in der Schweiz und international dar. (Bild: www.galledia-event.ch)\"},{\"@type\":\"BreadcrumbList\",\"@id\":\"https:\\\/\\\/www.organisator.ch\\\/management\\\/2024-11-11\\\/thurgauer-wirtschaftsforum-kreislaufwirtschaft-im-fokus\\\/#breadcrumb\",\"itemListElement\":[{\"@type\":\"ListItem\",\"position\":1,\"name\":\"Home\",\"item\":\"https:\\\/\\\/www.organisator.ch\\\/\"},{\"@type\":\"ListItem\",\"position\":2,\"name\":\"Thurgauer Wirtschaftsforum: Kreislaufwirtschaft im Fokus\"}]},{\"@type\":\"WebSite\",\"@id\":\"https:\\\/\\\/www.organisator.ch\\\/#website\",\"url\":\"https:\\\/\\\/www.organisator.ch\\\/\",\"name\":\"Organisator\",\"description\":\"Kompetent. Praxisnah. Der ORGANISATOR bereitet in 10 Ausgaben pro Jahr die wesentlichen Themen f\u00fcr F\u00fchrungskr\u00e4fte von KMU auf.\",\"publisher\":{\"@id\":\"https:\\\/\\\/www.organisator.ch\\\/#organization\"},\"potentialAction\":[{\"@type\":\"SearchAction\",\"target\":{\"@type\":\"EntryPoint\",\"urlTemplate\":\"https:\\\/\\\/www.organisator.ch\\\/?s={search_term_string}\"},\"query-input\":{\"@type\":\"PropertyValueSpecification\",\"valueRequired\":true,\"valueName\":\"search_term_string\"}}],\"inLanguage\":\"fr-FR\"},{\"@type\":\"Organization\",\"@id\":\"https:\\\/\\\/www.organisator.ch\\\/#organization\",\"name\":\"Organisator\",\"url\":\"https:\\\/\\\/www.organisator.ch\\\/\",\"logo\":{\"@type\":\"ImageObject\",\"inLanguage\":\"fr-FR\",\"@id\":\"https:\\\/\\\/www.organisator.ch\\\/#\\\/schema\\\/logo\\\/image\\\/\",\"url\":\"https:\\\/\\\/www.organisator.ch\\\/wp-content\\\/uploads\\\/2022\\\/01\\\/Logo_Organisator_Website.png\",\"contentUrl\":\"https:\\\/\\\/www.organisator.ch\\\/wp-content\\\/uploads\\\/2022\\\/01\\\/Logo_Organisator_Website.png\",\"width\":800,\"height\":77,\"caption\":\"Organisator\"},\"image\":{\"@id\":\"https:\\\/\\\/www.organisator.ch\\\/#\\\/schema\\\/logo\\\/image\\\/\"},\"sameAs\":[\"https:\\\/\\\/www.facebook.com\\\/OrganisatorFachmagazin\",\"https:\\\/\\\/www.linkedin.com\\\/showcase\\\/organisator-das-magazin-fr-kmu\",\"https:\\\/\\\/www.xing.com\\\/news\\\/pages\\\/organisator-ch-695\",\"https:\\\/\\\/www.youtube.com\\\/channel\\\/UCGP2Sq0iWaZwT3BdIAQFYpw\"]},{\"@type\":\"Person\",\"@id\":\"https:\\\/\\\/www.organisator.ch\\\/#\\\/schema\\\/person\\\/afccda3a71c06d4be2ed9100dd163db7\",\"name\":\"Dzana Muminovic\",\"image\":{\"@type\":\"ImageObject\",\"inLanguage\":\"fr-FR\",\"@id\":\"https:\\\/\\\/secure.gravatar.com\\\/avatar\\\/909c5c71aff4b38e88686f2ab2f1ba152571f394f41ed8bae431ea56ced93050?s=96&d=mm&r=g\",\"url\":\"https:\\\/\\\/secure.gravatar.com\\\/avatar\\\/909c5c71aff4b38e88686f2ab2f1ba152571f394f41ed8bae431ea56ced93050?s=96&d=mm&r=g\",\"contentUrl\":\"https:\\\/\\\/secure.gravatar.com\\\/avatar\\\/909c5c71aff4b38e88686f2ab2f1ba152571f394f41ed8bae431ea56ced93050?s=96&d=mm&r=g\",\"caption\":\"Dzana Muminovic\"},\"url\":\"https:\\\/\\\/www.organisator.ch\\\/fr\\\/author\\\/dzana-muminovic\\\/\"}]}<\/script>\n<!-- \/ Yoast SEO plugin. -->","yoast_head_json":{"title":"Forum \u00e9conomique de Thurgovie : Focus sur l'\u00e9conomie circulaire - Organisateur","description":"Le 28e Forum \u00e9conomique de Thurgovie a eu lieu le 7 novembre sur le th\u00e8me \"Repenser l'\u00e9conomie : durabilit\u00e9 et \u00e9conomie circulaire comme cl\u00e9s du succ\u00e8s\".","robots":{"index":"index","follow":"follow","max-snippet":"max-snippet:-1","max-image-preview":"max-image-preview:large","max-video-preview":"max-video-preview:-1"},"canonical":"https:\/\/www.organisator.ch\/fr\/gestion-2\/2024-11-11\/thurgauer-wirtschaftsforum-kreislaufwirtschaft-im-fokus\/","og_locale":"fr_FR","og_type":"article","og_title":"Thurgauer Wirtschaftsforum: Kreislaufwirtschaft im Fokus","og_description":"Das 28. Thurgauer Wirtschaftsforum hat am 7. November zum Thema \u00abWirtschaft neu denken: Nachhaltigkeit und Kreislaufwirtschaft als Schl\u00fcssel zum Erfolg\u00bb stattgefunden.","og_url":"https:\/\/www.organisator.ch\/fr\/gestion-2\/2024-11-11\/thurgauer-wirtschaftsforum-kreislaufwirtschaft-im-fokus\/","og_site_name":"Organisator","article_publisher":"https:\/\/www.facebook.com\/OrganisatorFachmagazin","article_published_time":"2024-11-11T06:15:38+00:00","og_image":[{"width":680,"height":453,"url":"https:\/\/www.organisator.ch\/wp-content\/uploads\/2024\/11\/Christian-Voegtlin_Bild1_ps.jpg","type":"image\/jpeg"}],"author":"Dzana Muminovic","twitter_card":"summary_large_image","twitter_title":"Thurgauer Wirtschaftsforum: Kreislaufwirtschaft im Fokus","twitter_description":"Das 28. #Thurgauer #Wirtschaftsforum hat am 7. November zum Thema \u00ab#Wirtschaft neu denken: #Nachhaltigkeit und #Kreislaufwirtschaft als Schl\u00fcssel zum #Erfolg\u00bb stattgefunden.","twitter_image":"https:\/\/www.organisator.ch\/wp-content\/uploads\/2024\/11\/Christian-Voegtlin_Bild1_ps.jpg","schema":{"@context":"https:\/\/schema.org","@graph":[{"@type":"Article","@id":"https:\/\/www.organisator.ch\/management\/2024-11-11\/thurgauer-wirtschaftsforum-kreislaufwirtschaft-im-fokus\/#article","isPartOf":{"@id":"https:\/\/www.organisator.ch\/management\/2024-11-11\/thurgauer-wirtschaftsforum-kreislaufwirtschaft-im-fokus\/"},"author":{"name":"Dzana Muminovic","@id":"https:\/\/www.organisator.ch\/#\/schema\/person\/afccda3a71c06d4be2ed9100dd163db7"},"headline":"Thurgauer Wirtschaftsforum: Kreislaufwirtschaft im Fokus","datePublished":"2024-11-11T06:15:38+00:00","mainEntityOfPage":{"@id":"https:\/\/www.organisator.ch\/management\/2024-11-11\/thurgauer-wirtschaftsforum-kreislaufwirtschaft-im-fokus\/"},"wordCount":408,"publisher":{"@id":"https:\/\/www.organisator.ch\/#organization"},"image":{"@id":"https:\/\/www.organisator.ch\/management\/2024-11-11\/thurgauer-wirtschaftsforum-kreislaufwirtschaft-im-fokus\/#primaryimage"},"thumbnailUrl":"https:\/\/www.organisator.ch\/wp-content\/uploads\/2024\/11\/Christian-Voegtlin_Bild1_ps.jpg","keywords":["Kreislaufwirtschaft","Nachhaltigkeit","Schweiz","Unternehmen","Wirtschaftsforum"],"articleSection":["MANAGEMENT"],"inLanguage":"fr-FR"},{"@type":"WebPage","@id":"https:\/\/www.organisator.ch\/management\/2024-11-11\/thurgauer-wirtschaftsforum-kreislaufwirtschaft-im-fokus\/","url":"https:\/\/www.organisator.ch\/management\/2024-11-11\/thurgauer-wirtschaftsforum-kreislaufwirtschaft-im-fokus\/","name":"Forum \u00e9conomique de Thurgovie : Focus sur l'\u00e9conomie circulaire - Organisateur","isPartOf":{"@id":"https:\/\/www.organisator.ch\/#website"},"primaryImageOfPage":{"@id":"https:\/\/www.organisator.ch\/management\/2024-11-11\/thurgauer-wirtschaftsforum-kreislaufwirtschaft-im-fokus\/#primaryimage"},"image":{"@id":"https:\/\/www.organisator.ch\/management\/2024-11-11\/thurgauer-wirtschaftsforum-kreislaufwirtschaft-im-fokus\/#primaryimage"},"thumbnailUrl":"https:\/\/www.organisator.ch\/wp-content\/uploads\/2024\/11\/Christian-Voegtlin_Bild1_ps.jpg","datePublished":"2024-11-11T06:15:38+00:00","description":"Le 28e Forum \u00e9conomique de Thurgovie a eu lieu le 7 novembre sur le th\u00e8me \"Repenser l'\u00e9conomie : durabilit\u00e9 et \u00e9conomie circulaire comme cl\u00e9s du succ\u00e8s\".","breadcrumb":{"@id":"https:\/\/www.organisator.ch\/management\/2024-11-11\/thurgauer-wirtschaftsforum-kreislaufwirtschaft-im-fokus\/#breadcrumb"},"inLanguage":"fr-FR","potentialAction":[{"@type":"ReadAction","target":["https:\/\/www.organisator.ch\/management\/2024-11-11\/thurgauer-wirtschaftsforum-kreislaufwirtschaft-im-fokus\/"]}]},{"@type":"ImageObject","inLanguage":"fr-FR","@id":"https:\/\/www.organisator.ch\/management\/2024-11-11\/thurgauer-wirtschaftsforum-kreislaufwirtschaft-im-fokus\/#primaryimage","url":"https:\/\/www.organisator.ch\/wp-content\/uploads\/2024\/11\/Christian-Voegtlin_Bild1_ps.jpg","contentUrl":"https:\/\/www.organisator.ch\/wp-content\/uploads\/2024\/11\/Christian-Voegtlin_Bild1_ps.jpg","width":680,"height":453,"caption":"Christian V\u00f6gtlin, Co-Leiter Center for Corporate Responsibility an der ZHAW, stellte die Bedeutung der Nachhaltigkeit f\u00fcr Unternehmen in der Schweiz und international dar. (Bild: www.galledia-event.ch)"},{"@type":"BreadcrumbList","@id":"https:\/\/www.organisator.ch\/management\/2024-11-11\/thurgauer-wirtschaftsforum-kreislaufwirtschaft-im-fokus\/#breadcrumb","itemListElement":[{"@type":"ListItem","position":1,"name":"Home","item":"https:\/\/www.organisator.ch\/"},{"@type":"ListItem","position":2,"name":"Thurgauer Wirtschaftsforum: Kreislaufwirtschaft im Fokus"}]},{"@type":"WebSite","@id":"https:\/\/www.organisator.ch\/#website","url":"https:\/\/www.organisator.ch\/","name":"Organisateur","description":"Comp\u00e9tence et comp\u00e9tence. Proches de la pratique. L'ORGANISATEUR pr\u00e9pare 10 num\u00e9ros par an sur les th\u00e8mes essentiels pour les dirigeants de PME.","publisher":{"@id":"https:\/\/www.organisator.ch\/#organization"},"potentialAction":[{"@type":"SearchAction","target":{"@type":"EntryPoint","urlTemplate":"https:\/\/www.organisator.ch\/?s={search_term_string}"},"query-input":{"@type":"PropertyValueSpecification","valueRequired":true,"valueName":"search_term_string"}}],"inLanguage":"fr-FR"},{"@type":"Organization","@id":"https:\/\/www.organisator.ch\/#organization","name":"Organisateur","url":"https:\/\/www.organisator.ch\/","logo":{"@type":"ImageObject","inLanguage":"fr-FR","@id":"https:\/\/www.organisator.ch\/#\/schema\/logo\/image\/","url":"https:\/\/www.organisator.ch\/wp-content\/uploads\/2022\/01\/Logo_Organisator_Website.png","contentUrl":"https:\/\/www.organisator.ch\/wp-content\/uploads\/2022\/01\/Logo_Organisator_Website.png","width":800,"height":77,"caption":"Organisator"},"image":{"@id":"https:\/\/www.organisator.ch\/#\/schema\/logo\/image\/"},"sameAs":["https:\/\/www.facebook.com\/OrganisatorFachmagazin","https:\/\/www.linkedin.com\/showcase\/organisator-das-magazin-fr-kmu","https:\/\/www.xing.com\/news\/pages\/organisator-ch-695","https:\/\/www.youtube.com\/channel\/UCGP2Sq0iWaZwT3BdIAQFYpw"]},{"@type":"Person","@id":"https:\/\/www.organisator.ch\/#\/schema\/person\/afccda3a71c06d4be2ed9100dd163db7","name":"Dzana Muminovic","image":{"@type":"ImageObject","inLanguage":"fr-FR","@id":"https:\/\/secure.gravatar.com\/avatar\/909c5c71aff4b38e88686f2ab2f1ba152571f394f41ed8bae431ea56ced93050?s=96&d=mm&r=g","url":"https:\/\/secure.gravatar.com\/avatar\/909c5c71aff4b38e88686f2ab2f1ba152571f394f41ed8bae431ea56ced93050?s=96&d=mm&r=g","contentUrl":"https:\/\/secure.gravatar.com\/avatar\/909c5c71aff4b38e88686f2ab2f1ba152571f394f41ed8bae431ea56ced93050?s=96&d=mm&r=g","caption":"Dzana Muminovic"},"url":"https:\/\/www.organisator.ch\/fr\/author\/dzana-muminovic\/"}]}},"_links":{"self":[{"href":"https:\/\/www.organisator.ch\/fr\/wp-json\/wp\/v2\/posts\/32055","targetHints":{"allow":["GET"]}}],"collection":[{"href":"https:\/\/www.organisator.ch\/fr\/wp-json\/wp\/v2\/posts"}],"about":[{"href":"https:\/\/www.organisator.ch\/fr\/wp-json\/wp\/v2\/types\/post"}],"author":[{"embeddable":true,"href":"https:\/\/www.organisator.ch\/fr\/wp-json\/wp\/v2\/users\/80"}],"replies":[{"embeddable":true,"href":"https:\/\/www.organisator.ch\/fr\/wp-json\/wp\/v2\/comments?post=32055"}],"version-history":[{"count":3,"href":"https:\/\/www.organisator.ch\/fr\/wp-json\/wp\/v2\/posts\/32055\/revisions"}],"predecessor-version":[{"id":32503,"href":"https:\/\/www.organisator.ch\/fr\/wp-json\/wp\/v2\/posts\/32055\/revisions\/32503"}],"wp:featuredmedia":[{"embeddable":true,"href":"https:\/\/www.organisator.ch\/fr\/wp-json\/wp\/v2\/media\/32056"}],"wp:attachment":[{"href":"https:\/\/www.organisator.ch\/fr\/wp-json\/wp\/v2\/media?parent=32055"}],"wp:term":[{"taxonomy":"category","embeddable":true,"href":"https:\/\/www.organisator.ch\/fr\/wp-json\/wp\/v2\/categories?post=32055"},{"taxonomy":"post_tag","embeddable":true,"href":"https:\/\/www.organisator.ch\/fr\/wp-json\/wp\/v2\/tags?post=32055"}],"curies":[{"name":"wp","href":"https:\/\/api.w.org\/{rel}","templated":true}]}}