{"id":32180,"date":"2024-11-10T11:49:24","date_gmt":"2024-11-10T10:49:24","guid":{"rendered":"https:\/\/www.markt-kom.com\/?p=226327"},"modified":"2024-11-10T12:36:45","modified_gmt":"2024-11-10T11:36:45","slug":"farvel-zuercher-unternehmen-will-bestattungsmarkt-revolutionieren","status":"publish","type":"post","link":"https:\/\/www.organisator.ch\/fr\/marketing\/2024-11-10\/farvel-zuercher-unternehmen-will-bestattungsmarkt-revolutionieren\/","title":{"rendered":"Farvel : une entreprise zurichoise veut r\u00e9volutionner le march\u00e9 des pompes fun\u00e8bres"},"content":{"rendered":"<p><img class=\"alignnone wp-image-226329 size-full\" src=\"https:\/\/www.markt-kom.com\/wp-content\/uploads\/2024\/11\/Bildschirmfoto-2024-11-10-um-11.43.01.png\" alt=\"Urnes durables Farvel \" width=\"2230\" height=\"1250\" \/><\/p>\r\n<p class=\"x_MsoNormal\">Depuis novembre, l'entreprise Farvel propose des urnes \u00e9l\u00e9gantes et durables qui allient design moderne et mat\u00e9riaux respectueux de l'environnement. Les urnes sont fabriqu\u00e9es \u00e0 Zurich \u00e0 l'aide d'une technologie d'impression 3D \u00e0 partir de fibres de bois biod\u00e9gradables et conviennent aussi bien pour les enterrements que comme souvenirs pour la maison. En collaboration avec des institutions sociales, ils proposent \u00e9galement des options de personnalisation telles que des gravures et un choix de couvercles en bois et en marbre. Leur objectif est de moderniser et d'individualiser la culture fun\u00e9raire.<\/p>\r\n<h3 class=\"x_MsoNormal\"><b>Le march\u00e9 suisse des pompes fun\u00e8bres a du retard \u00e0 rattraper<\/b><\/h3>\r\n<p class=\"x_MsoNormal\">Les fondateurs Katharina Hogg et Sebastian Kuhn-Prohic s'engagent pour un changement dans la culture fun\u00e9raire et souhaitent cr\u00e9er des offres qui permettent de faire ses adieux de mani\u00e8re plus personnelle et plus consciente. Le premier projet - contribuer \u00e0 remodeler le march\u00e9 fun\u00e9raire traditionnel en proposant des urnes modernes, esth\u00e9tiques et \u00e9cologiques - a \u00e9t\u00e9 lanc\u00e9 cette semaine. L'id\u00e9e de Farvel est n\u00e9e de l'exp\u00e9rience qu'il n'existait gu\u00e8re d'urnes r\u00e9pondant aux exigences d'une esth\u00e9tique contemporaine. C'est ainsi qu'est n\u00e9e l'envie de cr\u00e9er des alternatives modernes et \u00e9l\u00e9gantes qui refl\u00e8tent \u00e0 la fois la durabilit\u00e9 et les go\u00fbts individuels. Les fondateurs de Farvel ont rapidement compris que \"le march\u00e9 fun\u00e9raire suisse a du retard \u00e0 rattraper, surtout en termes d'individualit\u00e9 et de durabilit\u00e9. Nous souhaitons \u00e9largir l'offre afin que les survivants ou les personnes pr\u00e9voyantes n'aient pas \u00e0 faire de compromis. Les urnes sont le coup d'envoi, nous avons beaucoup d'id\u00e9es\".<\/p>\r\n<h3 class=\"x_MsoNormal\"><b>Une nouvelle g\u00e9n\u00e9ration<\/b><\/h3>\r\n<p class=\"x_MsoNormal\">En Suisse, environ 70 000 personnes d\u00e9c\u00e8dent chaque ann\u00e9e, et la tendance est \u00e0 la hausse. Jusqu'\u00e0 90% sont incin\u00e9r\u00e9s. La g\u00e9n\u00e9ration du mill\u00e9naire s'int\u00e9resse de pr\u00e8s aux questions de durabilit\u00e9 et r\u00e9fl\u00e9chit davantage \u00e0 sa propre mort et \u00e0 l'h\u00e9ritage qu'elle laisse derri\u00e8re elle. \"Notre g\u00e9n\u00e9ration vieillit, les th\u00e8mes de la mort, des adieux et du souvenir sont plus pr\u00e9sents. Nos vies sont marqu\u00e9es par les espaces num\u00e9riques, les m\u00e9dias sociaux, l'esth\u00e9tique globale et la rupture des tabous. De notre point de vue, il y a encore beaucoup de place sur le march\u00e9 des pompes fun\u00e8bres en termes d'offre de produits et de services\", explique Sebastian Kuhn-Prohic. \"Et c'est l\u00e0 que nous intervenons : Nous voulons aborder le sujet de mani\u00e8re proactive et penser sans pr\u00e9jug\u00e9s\", ajoute Hogg.<\/p>\r\n<figure id=\"attachment_226330\" class=\"wp-caption alignnone\" style=\"width: 1702px\" aria-describedby=\"caption-attachment-226330\"><img class=\"wp-image-226330 size-full\" src=\"https:\/\/www.markt-kom.com\/wp-content\/uploads\/2024\/11\/Bildschirmfoto-2024-11-10-um-11.43.22.png\" alt=\"\" width=\"1702\" height=\"1254\" \/>\r\n<figcaption id=\"caption-attachment-226330\" class=\"wp-caption-text\">Veulent r\u00e9volutionner le march\u00e9 des pompes fun\u00e8bres : les fondateurs de Farvel, Sebastian Kuhn-Prohic et Katharina Hogg-Erdrich.<\/figcaption>\r\n<\/figure>\r\n<h3>Cr\u00e9ativit\u00e9 vari\u00e9e de Zurich<\/h3>\r\n<p class=\"x_MsoNormal\">Dans le processus de conception, ils ont \u00e9t\u00e9 soutenus par le designer industriel zurichois Ren\u00e9 Odermatt. Trois mod\u00e8les d'urnes ont \u00e9t\u00e9 d\u00e9velopp\u00e9s avec lui. La marque a \u00e9t\u00e9 \u00e9labor\u00e9e avec Artur Deyneuve et Yves Bachmann a pu \u00eatre engag\u00e9 pour les photos. \"Tous sont des gens talentueux de notre g\u00e9n\u00e9ration\", explique Hogg. Les deux fondateurs, qui se sont rencontr\u00e9s il y a 16 ans \u00e0 l'universit\u00e9 de Zurich, sont \u00e9trangers \u00e0 la branche, ce qu'ils consid\u00e8rent comme un avantage. \"Bien s\u00fbr, nous ne savons pas tout et on nous sourit peut-\u00eatre un peu. En revanche, nous posons les bonnes questions. Ainsi, nous d\u00e9velopperons certainement des r\u00e9ponses passionnantes pour le dernier chapitre de la vie\", explique Kuhn-Prohic.<\/p>\r\n<h3><b>Fermer le cycle avec des enterrements durables<\/b><\/h3>\r\n<p class=\"x_MsoNormal\">Les urnes de Farvel r\u00e9pondent aux exigences \u00e9lev\u00e9es en mati\u00e8re de durabilit\u00e9, car elles sont compos\u00e9es de fibres de bois enti\u00e8rement biod\u00e9gradables et peuvent donc \u00eatre r\u00e9introduites dans le cycle naturel. Les couvercles, fabriqu\u00e9s en bois europ\u00e9en, sont produits par la fondation zurichoise St. Jakob, qui r\u00e9int\u00e8gre des personnes handicap\u00e9es dans la vie active. Le sac \u00e0 cendres en coton biologique dans lequel l'urne est livr\u00e9e est cousu dans l'atelier de couture de la fondation Heimst\u00e4tten Wil.<\/p>\r\n<p class=\"x_MsoNormal\">Farvel s'adresse aux personnes qui, face \u00e0 la mort, cherchent des solutions modernes, \u00e9cologiques et esth\u00e9tiques \u00e0 la fois.  Chaque personne porte en elle sa propre histoire. Les urnes Farvel et les solutions pr\u00e9vues \u00e0 l'avenir doivent rendre hommage \u00e0 ces histoires et garder vivants les souvenirs des personnes.<\/p>","protected":false},"excerpt":{"rendered":"<p>Une jeune entreprise zurichoise fait souffler un vent de fra\u00eecheur sur le march\u00e9 fun\u00e9raire - avec des urnes durables imprim\u00e9es en 3D et fabriqu\u00e9es en collaboration avec des institutions sociales en Suisse.<\/p>","protected":false},"author":8,"featured_media":0,"comment_status":"closed","ping_status":"closed","sticky":false,"template":"","format":"standard","meta":{"_acf_changed":false,"_yoast_wpseo_focuskw":"Farvel nachhaltige Urnen","_yoast_wpseo_metadesc":"Farvel bietet stilvolle, nachhaltige Urnen aus Holzfasern. Modernes Design f\u00fcr umweltbewusste Bestattungen.","articlekey":"","footnotes":""},"categories":[29],"tags":[4345,1787,2195,450,2246,4732],"class_list":["post-32180","post","type-post","status-publish","format-standard","hentry","category-marketing","tag-business","tag-nachhaltigkeit","tag-start-up","tag-start-ups","tag-sustainability","tag-urnen"],"acf":[],"yoast_head":"<!-- This site is optimized with the Yoast SEO plugin v27.4 - https:\/\/yoast.com\/product\/yoast-seo-wordpress\/ -->\n<title>Farvel: Z\u00fcrcher Unternehmen will Bestattungsmarkt revolutionieren - Organisator<\/title>\n<meta name=\"description\" content=\"Farvel bietet stilvolle, nachhaltige Urnen aus Holzfasern. Modernes Design f\u00fcr umweltbewusste Bestattungen.\" \/>\n<meta name=\"robots\" content=\"index, follow, max-snippet:-1, max-image-preview:large, max-video-preview:-1\" \/>\n<link rel=\"canonical\" href=\"https:\/\/www.organisator.ch\/fr\/marketing\/2024-11-10\/farvel-zuercher-unternehmen-will-bestattungsmarkt-revolutionieren\/\" \/>\n<meta property=\"og:locale\" content=\"fr_FR\" \/>\n<meta property=\"og:type\" content=\"article\" \/>\n<meta property=\"og:title\" content=\"Farvel: Z\u00fcrcher Unternehmen will Bestattungsmarkt revolutionieren - Organisator\" \/>\n<meta property=\"og:description\" content=\"Farvel bietet stilvolle, nachhaltige Urnen aus Holzfasern. Modernes Design f\u00fcr umweltbewusste Bestattungen.\" \/>\n<meta property=\"og:url\" content=\"https:\/\/www.organisator.ch\/fr\/marketing\/2024-11-10\/farvel-zuercher-unternehmen-will-bestattungsmarkt-revolutionieren\/\" \/>\n<meta property=\"og:site_name\" content=\"Organisator\" \/>\n<meta property=\"article:publisher\" content=\"https:\/\/www.facebook.com\/OrganisatorFachmagazin\" \/>\n<meta property=\"article:published_time\" content=\"2024-11-10T10:49:24+00:00\" \/>\n<meta property=\"article:modified_time\" content=\"2024-11-10T11:36:45+00:00\" \/>\n<meta property=\"og:image\" content=\"https:\/\/www.markt-kom.com\/wp-content\/uploads\/2024\/11\/Bildschirmfoto-2024-11-10-um-11.43.01.png\" \/>\n<meta name=\"author\" content=\"galledia\" \/>\n<meta name=\"twitter:card\" content=\"summary_large_image\" \/>\n<meta name=\"twitter:creator\" content=\"@admin\" \/>\n<script type=\"application\/ld+json\" class=\"yoast-schema-graph\">{\"@context\":\"https:\\\/\\\/schema.org\",\"@graph\":[{\"@type\":\"Article\",\"@id\":\"https:\\\/\\\/www.organisator.ch\\\/marketing\\\/2024-11-10\\\/farvel-zuercher-unternehmen-will-bestattungsmarkt-revolutionieren\\\/#article\",\"isPartOf\":{\"@id\":\"https:\\\/\\\/www.organisator.ch\\\/marketing\\\/2024-11-10\\\/farvel-zuercher-unternehmen-will-bestattungsmarkt-revolutionieren\\\/\"},\"author\":{\"name\":\"galledia\",\"@id\":\"https:\\\/\\\/www.organisator.ch\\\/#\\\/schema\\\/person\\\/4e51799071cd2dd1232ac003643ef5f0\"},\"headline\":\"Farvel: Z\u00fcrcher Unternehmen will Bestattungsmarkt revolutionieren\",\"datePublished\":\"2024-11-10T10:49:24+00:00\",\"dateModified\":\"2024-11-10T11:36:45+00:00\",\"mainEntityOfPage\":{\"@id\":\"https:\\\/\\\/www.organisator.ch\\\/marketing\\\/2024-11-10\\\/farvel-zuercher-unternehmen-will-bestattungsmarkt-revolutionieren\\\/\"},\"wordCount\":602,\"publisher\":{\"@id\":\"https:\\\/\\\/www.organisator.ch\\\/#organization\"},\"image\":{\"@id\":\"https:\\\/\\\/www.organisator.ch\\\/marketing\\\/2024-11-10\\\/farvel-zuercher-unternehmen-will-bestattungsmarkt-revolutionieren\\\/#primaryimage\"},\"thumbnailUrl\":\"https:\\\/\\\/www.markt-kom.com\\\/wp-content\\\/uploads\\\/2024\\\/11\\\/Bildschirmfoto-2024-11-10-um-11.43.01.png\",\"keywords\":[\"Business\",\"Nachhaltigkeit\",\"Start-up\",\"Start-ups\",\"Sustainability\",\"Urnen\"],\"articleSection\":[\"MARKETING\"],\"inLanguage\":\"fr-FR\"},{\"@type\":\"WebPage\",\"@id\":\"https:\\\/\\\/www.organisator.ch\\\/marketing\\\/2024-11-10\\\/farvel-zuercher-unternehmen-will-bestattungsmarkt-revolutionieren\\\/\",\"url\":\"https:\\\/\\\/www.organisator.ch\\\/marketing\\\/2024-11-10\\\/farvel-zuercher-unternehmen-will-bestattungsmarkt-revolutionieren\\\/\",\"name\":\"Farvel: Z\u00fcrcher Unternehmen will Bestattungsmarkt revolutionieren - Organisator\",\"isPartOf\":{\"@id\":\"https:\\\/\\\/www.organisator.ch\\\/#website\"},\"primaryImageOfPage\":{\"@id\":\"https:\\\/\\\/www.organisator.ch\\\/marketing\\\/2024-11-10\\\/farvel-zuercher-unternehmen-will-bestattungsmarkt-revolutionieren\\\/#primaryimage\"},\"image\":{\"@id\":\"https:\\\/\\\/www.organisator.ch\\\/marketing\\\/2024-11-10\\\/farvel-zuercher-unternehmen-will-bestattungsmarkt-revolutionieren\\\/#primaryimage\"},\"thumbnailUrl\":\"https:\\\/\\\/www.markt-kom.com\\\/wp-content\\\/uploads\\\/2024\\\/11\\\/Bildschirmfoto-2024-11-10-um-11.43.01.png\",\"datePublished\":\"2024-11-10T10:49:24+00:00\",\"dateModified\":\"2024-11-10T11:36:45+00:00\",\"description\":\"Farvel bietet stilvolle, nachhaltige Urnen aus Holzfasern. Modernes Design f\u00fcr umweltbewusste Bestattungen.\",\"breadcrumb\":{\"@id\":\"https:\\\/\\\/www.organisator.ch\\\/marketing\\\/2024-11-10\\\/farvel-zuercher-unternehmen-will-bestattungsmarkt-revolutionieren\\\/#breadcrumb\"},\"inLanguage\":\"fr-FR\",\"potentialAction\":[{\"@type\":\"ReadAction\",\"target\":[\"https:\\\/\\\/www.organisator.ch\\\/marketing\\\/2024-11-10\\\/farvel-zuercher-unternehmen-will-bestattungsmarkt-revolutionieren\\\/\"]}]},{\"@type\":\"ImageObject\",\"inLanguage\":\"fr-FR\",\"@id\":\"https:\\\/\\\/www.organisator.ch\\\/marketing\\\/2024-11-10\\\/farvel-zuercher-unternehmen-will-bestattungsmarkt-revolutionieren\\\/#primaryimage\",\"url\":\"https:\\\/\\\/www.markt-kom.com\\\/wp-content\\\/uploads\\\/2024\\\/11\\\/Bildschirmfoto-2024-11-10-um-11.43.01.png\",\"contentUrl\":\"https:\\\/\\\/www.markt-kom.com\\\/wp-content\\\/uploads\\\/2024\\\/11\\\/Bildschirmfoto-2024-11-10-um-11.43.01.png\"},{\"@type\":\"BreadcrumbList\",\"@id\":\"https:\\\/\\\/www.organisator.ch\\\/marketing\\\/2024-11-10\\\/farvel-zuercher-unternehmen-will-bestattungsmarkt-revolutionieren\\\/#breadcrumb\",\"itemListElement\":[{\"@type\":\"ListItem\",\"position\":1,\"name\":\"Home\",\"item\":\"https:\\\/\\\/www.organisator.ch\\\/\"},{\"@type\":\"ListItem\",\"position\":2,\"name\":\"Farvel: Z\u00fcrcher Unternehmen will Bestattungsmarkt revolutionieren\"}]},{\"@type\":\"WebSite\",\"@id\":\"https:\\\/\\\/www.organisator.ch\\\/#website\",\"url\":\"https:\\\/\\\/www.organisator.ch\\\/\",\"name\":\"Organisator\",\"description\":\"Kompetent. Praxisnah. Der ORGANISATOR bereitet in 10 Ausgaben pro Jahr die wesentlichen Themen f\u00fcr F\u00fchrungskr\u00e4fte von KMU auf.\",\"publisher\":{\"@id\":\"https:\\\/\\\/www.organisator.ch\\\/#organization\"},\"potentialAction\":[{\"@type\":\"SearchAction\",\"target\":{\"@type\":\"EntryPoint\",\"urlTemplate\":\"https:\\\/\\\/www.organisator.ch\\\/?s={search_term_string}\"},\"query-input\":{\"@type\":\"PropertyValueSpecification\",\"valueRequired\":true,\"valueName\":\"search_term_string\"}}],\"inLanguage\":\"fr-FR\"},{\"@type\":\"Organization\",\"@id\":\"https:\\\/\\\/www.organisator.ch\\\/#organization\",\"name\":\"Organisator\",\"url\":\"https:\\\/\\\/www.organisator.ch\\\/\",\"logo\":{\"@type\":\"ImageObject\",\"inLanguage\":\"fr-FR\",\"@id\":\"https:\\\/\\\/www.organisator.ch\\\/#\\\/schema\\\/logo\\\/image\\\/\",\"url\":\"https:\\\/\\\/www.organisator.ch\\\/wp-content\\\/uploads\\\/2022\\\/01\\\/Logo_Organisator_Website.png\",\"contentUrl\":\"https:\\\/\\\/www.organisator.ch\\\/wp-content\\\/uploads\\\/2022\\\/01\\\/Logo_Organisator_Website.png\",\"width\":800,\"height\":77,\"caption\":\"Organisator\"},\"image\":{\"@id\":\"https:\\\/\\\/www.organisator.ch\\\/#\\\/schema\\\/logo\\\/image\\\/\"},\"sameAs\":[\"https:\\\/\\\/www.facebook.com\\\/OrganisatorFachmagazin\",\"https:\\\/\\\/www.linkedin.com\\\/showcase\\\/organisator-das-magazin-fr-kmu\",\"https:\\\/\\\/www.xing.com\\\/news\\\/pages\\\/organisator-ch-695\",\"https:\\\/\\\/www.youtube.com\\\/channel\\\/UCGP2Sq0iWaZwT3BdIAQFYpw\"]},{\"@type\":\"Person\",\"@id\":\"https:\\\/\\\/www.organisator.ch\\\/#\\\/schema\\\/person\\\/4e51799071cd2dd1232ac003643ef5f0\",\"name\":\"galledia\",\"image\":{\"@type\":\"ImageObject\",\"inLanguage\":\"fr-FR\",\"@id\":\"https:\\\/\\\/secure.gravatar.com\\\/avatar\\\/78a7f90c01fc2bfc875782a0d4922b37cde2cf184ce347b91316d23cd7f69a36?s=96&d=mm&r=g\",\"url\":\"https:\\\/\\\/secure.gravatar.com\\\/avatar\\\/78a7f90c01fc2bfc875782a0d4922b37cde2cf184ce347b91316d23cd7f69a36?s=96&d=mm&r=g\",\"contentUrl\":\"https:\\\/\\\/secure.gravatar.com\\\/avatar\\\/78a7f90c01fc2bfc875782a0d4922b37cde2cf184ce347b91316d23cd7f69a36?s=96&d=mm&r=g\",\"caption\":\"galledia\"},\"sameAs\":[\"https:\\\/\\\/x.com\\\/admin\"],\"url\":\"https:\\\/\\\/www.organisator.ch\\\/fr\\\/author\\\/galledia\\\/\"}]}<\/script>\n<!-- \/ Yoast SEO plugin. -->","yoast_head_json":{"title":"Farvel : une entreprise zurichoise veut r\u00e9volutionner le march\u00e9 des pompes fun\u00e8bres - Organisateur","description":"Farvel propose des urnes \u00e9l\u00e9gantes et durables en fibres de bois. Un design moderne pour des obs\u00e8ques respectueuses de l'environnement.","robots":{"index":"index","follow":"follow","max-snippet":"max-snippet:-1","max-image-preview":"max-image-preview:large","max-video-preview":"max-video-preview:-1"},"canonical":"https:\/\/www.organisator.ch\/fr\/marketing\/2024-11-10\/farvel-zuercher-unternehmen-will-bestattungsmarkt-revolutionieren\/","og_locale":"fr_FR","og_type":"article","og_title":"Farvel: Z\u00fcrcher Unternehmen will Bestattungsmarkt revolutionieren - Organisator","og_description":"Farvel bietet stilvolle, nachhaltige Urnen aus Holzfasern. Modernes Design f\u00fcr umweltbewusste Bestattungen.","og_url":"https:\/\/www.organisator.ch\/fr\/marketing\/2024-11-10\/farvel-zuercher-unternehmen-will-bestattungsmarkt-revolutionieren\/","og_site_name":"Organisator","article_publisher":"https:\/\/www.facebook.com\/OrganisatorFachmagazin","article_published_time":"2024-11-10T10:49:24+00:00","article_modified_time":"2024-11-10T11:36:45+00:00","og_image":[{"url":"https:\/\/www.markt-kom.com\/wp-content\/uploads\/2024\/11\/Bildschirmfoto-2024-11-10-um-11.43.01.png","type":"","width":"","height":""}],"author":"galledia","twitter_card":"summary_large_image","twitter_creator":"@admin","schema":{"@context":"https:\/\/schema.org","@graph":[{"@type":"Article","@id":"https:\/\/www.organisator.ch\/marketing\/2024-11-10\/farvel-zuercher-unternehmen-will-bestattungsmarkt-revolutionieren\/#article","isPartOf":{"@id":"https:\/\/www.organisator.ch\/marketing\/2024-11-10\/farvel-zuercher-unternehmen-will-bestattungsmarkt-revolutionieren\/"},"author":{"name":"galledia","@id":"https:\/\/www.organisator.ch\/#\/schema\/person\/4e51799071cd2dd1232ac003643ef5f0"},"headline":"Farvel: Z\u00fcrcher Unternehmen will Bestattungsmarkt revolutionieren","datePublished":"2024-11-10T10:49:24+00:00","dateModified":"2024-11-10T11:36:45+00:00","mainEntityOfPage":{"@id":"https:\/\/www.organisator.ch\/marketing\/2024-11-10\/farvel-zuercher-unternehmen-will-bestattungsmarkt-revolutionieren\/"},"wordCount":602,"publisher":{"@id":"https:\/\/www.organisator.ch\/#organization"},"image":{"@id":"https:\/\/www.organisator.ch\/marketing\/2024-11-10\/farvel-zuercher-unternehmen-will-bestattungsmarkt-revolutionieren\/#primaryimage"},"thumbnailUrl":"https:\/\/www.markt-kom.com\/wp-content\/uploads\/2024\/11\/Bildschirmfoto-2024-11-10-um-11.43.01.png","keywords":["Business","Nachhaltigkeit","Start-up","Start-ups","Sustainability","Urnen"],"articleSection":["MARKETING"],"inLanguage":"fr-FR"},{"@type":"WebPage","@id":"https:\/\/www.organisator.ch\/marketing\/2024-11-10\/farvel-zuercher-unternehmen-will-bestattungsmarkt-revolutionieren\/","url":"https:\/\/www.organisator.ch\/marketing\/2024-11-10\/farvel-zuercher-unternehmen-will-bestattungsmarkt-revolutionieren\/","name":"Farvel : une entreprise zurichoise veut r\u00e9volutionner le march\u00e9 des pompes fun\u00e8bres - Organisateur","isPartOf":{"@id":"https:\/\/www.organisator.ch\/#website"},"primaryImageOfPage":{"@id":"https:\/\/www.organisator.ch\/marketing\/2024-11-10\/farvel-zuercher-unternehmen-will-bestattungsmarkt-revolutionieren\/#primaryimage"},"image":{"@id":"https:\/\/www.organisator.ch\/marketing\/2024-11-10\/farvel-zuercher-unternehmen-will-bestattungsmarkt-revolutionieren\/#primaryimage"},"thumbnailUrl":"https:\/\/www.markt-kom.com\/wp-content\/uploads\/2024\/11\/Bildschirmfoto-2024-11-10-um-11.43.01.png","datePublished":"2024-11-10T10:49:24+00:00","dateModified":"2024-11-10T11:36:45+00:00","description":"Farvel propose des urnes \u00e9l\u00e9gantes et durables en fibres de bois. Un design moderne pour des obs\u00e8ques respectueuses de l'environnement.","breadcrumb":{"@id":"https:\/\/www.organisator.ch\/marketing\/2024-11-10\/farvel-zuercher-unternehmen-will-bestattungsmarkt-revolutionieren\/#breadcrumb"},"inLanguage":"fr-FR","potentialAction":[{"@type":"ReadAction","target":["https:\/\/www.organisator.ch\/marketing\/2024-11-10\/farvel-zuercher-unternehmen-will-bestattungsmarkt-revolutionieren\/"]}]},{"@type":"ImageObject","inLanguage":"fr-FR","@id":"https:\/\/www.organisator.ch\/marketing\/2024-11-10\/farvel-zuercher-unternehmen-will-bestattungsmarkt-revolutionieren\/#primaryimage","url":"https:\/\/www.markt-kom.com\/wp-content\/uploads\/2024\/11\/Bildschirmfoto-2024-11-10-um-11.43.01.png","contentUrl":"https:\/\/www.markt-kom.com\/wp-content\/uploads\/2024\/11\/Bildschirmfoto-2024-11-10-um-11.43.01.png"},{"@type":"BreadcrumbList","@id":"https:\/\/www.organisator.ch\/marketing\/2024-11-10\/farvel-zuercher-unternehmen-will-bestattungsmarkt-revolutionieren\/#breadcrumb","itemListElement":[{"@type":"ListItem","position":1,"name":"Home","item":"https:\/\/www.organisator.ch\/"},{"@type":"ListItem","position":2,"name":"Farvel: Z\u00fcrcher Unternehmen will Bestattungsmarkt revolutionieren"}]},{"@type":"WebSite","@id":"https:\/\/www.organisator.ch\/#website","url":"https:\/\/www.organisator.ch\/","name":"Organisateur","description":"Comp\u00e9tence et comp\u00e9tence. Proches de la pratique. L'ORGANISATEUR pr\u00e9pare 10 num\u00e9ros par an sur les th\u00e8mes essentiels pour les dirigeants de PME.","publisher":{"@id":"https:\/\/www.organisator.ch\/#organization"},"potentialAction":[{"@type":"SearchAction","target":{"@type":"EntryPoint","urlTemplate":"https:\/\/www.organisator.ch\/?s={search_term_string}"},"query-input":{"@type":"PropertyValueSpecification","valueRequired":true,"valueName":"search_term_string"}}],"inLanguage":"fr-FR"},{"@type":"Organization","@id":"https:\/\/www.organisator.ch\/#organization","name":"Organisateur","url":"https:\/\/www.organisator.ch\/","logo":{"@type":"ImageObject","inLanguage":"fr-FR","@id":"https:\/\/www.organisator.ch\/#\/schema\/logo\/image\/","url":"https:\/\/www.organisator.ch\/wp-content\/uploads\/2022\/01\/Logo_Organisator_Website.png","contentUrl":"https:\/\/www.organisator.ch\/wp-content\/uploads\/2022\/01\/Logo_Organisator_Website.png","width":800,"height":77,"caption":"Organisator"},"image":{"@id":"https:\/\/www.organisator.ch\/#\/schema\/logo\/image\/"},"sameAs":["https:\/\/www.facebook.com\/OrganisatorFachmagazin","https:\/\/www.linkedin.com\/showcase\/organisator-das-magazin-fr-kmu","https:\/\/www.xing.com\/news\/pages\/organisator-ch-695","https:\/\/www.youtube.com\/channel\/UCGP2Sq0iWaZwT3BdIAQFYpw"]},{"@type":"Person","@id":"https:\/\/www.organisator.ch\/#\/schema\/person\/4e51799071cd2dd1232ac003643ef5f0","name":"galledia","image":{"@type":"ImageObject","inLanguage":"fr-FR","@id":"https:\/\/secure.gravatar.com\/avatar\/78a7f90c01fc2bfc875782a0d4922b37cde2cf184ce347b91316d23cd7f69a36?s=96&d=mm&r=g","url":"https:\/\/secure.gravatar.com\/avatar\/78a7f90c01fc2bfc875782a0d4922b37cde2cf184ce347b91316d23cd7f69a36?s=96&d=mm&r=g","contentUrl":"https:\/\/secure.gravatar.com\/avatar\/78a7f90c01fc2bfc875782a0d4922b37cde2cf184ce347b91316d23cd7f69a36?s=96&d=mm&r=g","caption":"galledia"},"sameAs":["https:\/\/x.com\/admin"],"url":"https:\/\/www.organisator.ch\/fr\/author\/galledia\/"}]}},"_links":{"self":[{"href":"https:\/\/www.organisator.ch\/fr\/wp-json\/wp\/v2\/posts\/32180","targetHints":{"allow":["GET"]}}],"collection":[{"href":"https:\/\/www.organisator.ch\/fr\/wp-json\/wp\/v2\/posts"}],"about":[{"href":"https:\/\/www.organisator.ch\/fr\/wp-json\/wp\/v2\/types\/post"}],"author":[{"embeddable":true,"href":"https:\/\/www.organisator.ch\/fr\/wp-json\/wp\/v2\/users\/8"}],"replies":[{"embeddable":true,"href":"https:\/\/www.organisator.ch\/fr\/wp-json\/wp\/v2\/comments?post=32180"}],"version-history":[{"count":5,"href":"https:\/\/www.organisator.ch\/fr\/wp-json\/wp\/v2\/posts\/32180\/revisions"}],"predecessor-version":[{"id":32186,"href":"https:\/\/www.organisator.ch\/fr\/wp-json\/wp\/v2\/posts\/32180\/revisions\/32186"}],"wp:attachment":[{"href":"https:\/\/www.organisator.ch\/fr\/wp-json\/wp\/v2\/media?parent=32180"}],"wp:term":[{"taxonomy":"category","embeddable":true,"href":"https:\/\/www.organisator.ch\/fr\/wp-json\/wp\/v2\/categories?post=32180"},{"taxonomy":"post_tag","embeddable":true,"href":"https:\/\/www.organisator.ch\/fr\/wp-json\/wp\/v2\/tags?post=32180"}],"curies":[{"name":"wp","href":"https:\/\/api.w.org\/{rel}","templated":true}]}}