{"id":32199,"date":"2024-11-10T12:09:02","date_gmt":"2024-11-10T11:09:02","guid":{"rendered":"https:\/\/www.markt-kom.com\/?p=226338"},"modified":"2024-11-11T04:20:09","modified_gmt":"2024-11-11T03:20:09","slug":"contexta-fuer-sbb-starkes-zeichen-fuer-mehr-respekt","status":"publish","type":"post","link":"https:\/\/www.organisator.ch\/fr\/marketing\/2024-11-10\/contexta-fuer-sbb-starkes-zeichen-fuer-mehr-respekt\/","title":{"rendered":"Contexta pour les CFF : un signe fort pour plus de respect"},"content":{"rendered":"<p><img class=\"alignnone wp-image-226339 size-full\" src=\"https:\/\/www.markt-kom.com\/wp-content\/uploads\/2024\/11\/02_plakat_F12-scaled.jpg\" alt=\"CFF \" width=\"1400\" height=\"788\" \/><\/p>\r\n<p class=\"p1\">Les gares et les trains doivent \u00eatre des lieux o\u00f9 chacun se sent en s\u00e9curit\u00e9 et \u00e0 l'aise. Selon les CFF, des enqu\u00eates r\u00e9guli\u00e8res montrent que les voyageurs se sentent plus en s\u00e9curit\u00e9 dans les trains et les gares que dans le reste de l'espace public. Malgr\u00e9 cela, des agressions verbales ou physiques se produisent quotidiennement dans les transports publics et sont devenues plus graves ces derni\u00e8res ann\u00e9es. C'est pourquoi les CFF et leurs partenaires sociaux SEV, VSLF et transfair lancent une campagne de sensibilisation sous le slogan \"Ensemble, voyageons avec respect\". Cette campagne est une \u00e9tape importante pour aiguiser la conscience des voyageurs et des collaborateurs et pour promouvoir la compr\u00e9hension mutuelle.<\/p>\r\n<p class=\"p1\">En \u00e9troite collaboration avec Contexta, une campagne cr\u00e9ative a vu le jour, ciblant le c\u0153ur \u00e9motionnel de la th\u00e9matique et envoyant un message fort pour plus d'estime et de consid\u00e9ration. La campagne mise sur un discours subtil mais concis : elle montre que les CFF prennent ce sujet au s\u00e9rieux, sans bl\u00e2mer ni attiser les peurs. Il s'agit plut\u00f4t d'inciter les voyageurs et les collaborateurs \u00e0 r\u00e9fl\u00e9chir \u00e0 leur propre comportement.<\/p>\r\n<p class=\"p1\">La campagne sera pr\u00e9sente \u00e0 partir du 11 novembre sur des affiches et des surfaces publicitaires num\u00e9riques (DOOH) dans les gares et les trains. Un code QR permet aux personnes int\u00e9ress\u00e9es d'acc\u00e9der \u00e0 la landing page sbb.ch\/respekt, qui propose des informations compl\u00e9mentaires et des points de contact sur le th\u00e8me du respect et de la s\u00e9curit\u00e9 dans les transports publics.<\/p>\r\n<hr \/>\r\n<p class=\"p1\"><b>Responsable aux CFF : <\/b>Matthias B\u00fctler (responsable du marketing et du d\u00e9veloppement du march\u00e9 et membre de la direction March\u00e9 Voyageurs CFF.), Sandro Borrelli (responsable de la commercialisation), Carole Gerber (responsable de la commercialisation Navettes &amp; Clients r\u00e9guliers), Daniel Haldi (responsable des campagnes) ; <b>Agence responsable :<\/b> Contexta ; <b>Production en images de synth\u00e8se :<\/b> Flaeck.<\/p>","protected":false},"excerpt":{"rendered":"<p>Les CFF et leurs partenaires sociaux SEV, VSLF et transfair, en collaboration avec l'agence Contexta, empruntent de nouvelles voies pour promouvoir le respect et la s\u00e9curit\u00e9 dans les transports publics. Avec une campagne de sensibilisation puissante, ils donnent un signal fort pour des relations respectueuses entre les voyageurs et les collaborateurs des CFF.<\/p>","protected":false},"author":8,"featured_media":0,"comment_status":"closed","ping_status":"closed","sticky":false,"template":"","format":"standard","meta":{"_acf_changed":false,"_yoast_wpseo_focuskw":"SBB","_yoast_wpseo_metadesc":"SBB startet Kampagne f\u00fcr respektvolles Verhalten in Bahnh\u00f6fen und Z\u00fcgen. Ziel: Sicherheit und Wohlbefinden steigern.","articlekey":"","footnotes":""},"categories":[29],"tags":[4733,4343,3438,2055,3747],"class_list":["post-32199","post","type-post","status-publish","format-standard","hentry","category-marketing","tag-contexta","tag-markom","tag-oev","tag-sbb","tag-sensibilisierungskampagne"],"acf":[],"yoast_head":"<!-- This site is optimized with the Yoast SEO plugin v27.5 - https:\/\/yoast.com\/product\/yoast-seo-wordpress\/ -->\n<title>Contexta f\u00fcr SBB: Starkes Zeichen f\u00fcr mehr Respekt - Organisator<\/title>\n<meta name=\"description\" content=\"SBB startet Kampagne f\u00fcr respektvolles Verhalten in Bahnh\u00f6fen und Z\u00fcgen. Ziel: Sicherheit und Wohlbefinden steigern.\" \/>\n<meta name=\"robots\" content=\"index, follow, max-snippet:-1, max-image-preview:large, max-video-preview:-1\" \/>\n<link rel=\"canonical\" href=\"https:\/\/www.organisator.ch\/fr\/marketing\/2024-11-10\/contexta-fuer-sbb-starkes-zeichen-fuer-mehr-respekt\/\" \/>\n<meta property=\"og:locale\" content=\"fr_FR\" \/>\n<meta property=\"og:type\" content=\"article\" \/>\n<meta property=\"og:title\" content=\"Contexta f\u00fcr SBB: Starkes Zeichen f\u00fcr mehr Respekt - Organisator\" \/>\n<meta property=\"og:description\" content=\"SBB startet Kampagne f\u00fcr respektvolles Verhalten in Bahnh\u00f6fen und Z\u00fcgen. Ziel: Sicherheit und Wohlbefinden steigern.\" \/>\n<meta property=\"og:url\" content=\"https:\/\/www.organisator.ch\/fr\/marketing\/2024-11-10\/contexta-fuer-sbb-starkes-zeichen-fuer-mehr-respekt\/\" \/>\n<meta property=\"og:site_name\" content=\"Organisator\" \/>\n<meta property=\"article:publisher\" content=\"https:\/\/www.facebook.com\/OrganisatorFachmagazin\" \/>\n<meta property=\"article:published_time\" content=\"2024-11-10T11:09:02+00:00\" \/>\n<meta property=\"article:modified_time\" content=\"2024-11-11T03:20:09+00:00\" \/>\n<meta property=\"og:image\" content=\"https:\/\/www.markt-kom.com\/wp-content\/uploads\/2024\/11\/02_plakat_F12-scaled.jpg\" \/>\n<meta name=\"author\" content=\"galledia\" \/>\n<meta name=\"twitter:card\" content=\"summary_large_image\" \/>\n<meta name=\"twitter:creator\" content=\"@admin\" \/>\n<script type=\"application\/ld+json\" class=\"yoast-schema-graph\">{\"@context\":\"https:\\\/\\\/schema.org\",\"@graph\":[{\"@type\":\"Article\",\"@id\":\"https:\\\/\\\/www.organisator.ch\\\/marketing\\\/2024-11-10\\\/contexta-fuer-sbb-starkes-zeichen-fuer-mehr-respekt\\\/#article\",\"isPartOf\":{\"@id\":\"https:\\\/\\\/www.organisator.ch\\\/marketing\\\/2024-11-10\\\/contexta-fuer-sbb-starkes-zeichen-fuer-mehr-respekt\\\/\"},\"author\":{\"name\":\"galledia\",\"@id\":\"https:\\\/\\\/www.organisator.ch\\\/#\\\/schema\\\/person\\\/4e51799071cd2dd1232ac003643ef5f0\"},\"headline\":\"Contexta f\u00fcr SBB: Starkes Zeichen f\u00fcr mehr Respekt\",\"datePublished\":\"2024-11-10T11:09:02+00:00\",\"dateModified\":\"2024-11-11T03:20:09+00:00\",\"mainEntityOfPage\":{\"@id\":\"https:\\\/\\\/www.organisator.ch\\\/marketing\\\/2024-11-10\\\/contexta-fuer-sbb-starkes-zeichen-fuer-mehr-respekt\\\/\"},\"wordCount\":276,\"publisher\":{\"@id\":\"https:\\\/\\\/www.organisator.ch\\\/#organization\"},\"image\":{\"@id\":\"https:\\\/\\\/www.organisator.ch\\\/marketing\\\/2024-11-10\\\/contexta-fuer-sbb-starkes-zeichen-fuer-mehr-respekt\\\/#primaryimage\"},\"thumbnailUrl\":\"https:\\\/\\\/www.markt-kom.com\\\/wp-content\\\/uploads\\\/2024\\\/11\\\/02_plakat_F12-scaled.jpg\",\"keywords\":[\"Contexta\",\"MarKom\",\"\u00d6V\",\"SBB\",\"Sensibilisierungskampagne\"],\"articleSection\":[\"MARKETING\"],\"inLanguage\":\"fr-FR\"},{\"@type\":\"WebPage\",\"@id\":\"https:\\\/\\\/www.organisator.ch\\\/marketing\\\/2024-11-10\\\/contexta-fuer-sbb-starkes-zeichen-fuer-mehr-respekt\\\/\",\"url\":\"https:\\\/\\\/www.organisator.ch\\\/marketing\\\/2024-11-10\\\/contexta-fuer-sbb-starkes-zeichen-fuer-mehr-respekt\\\/\",\"name\":\"Contexta f\u00fcr SBB: Starkes Zeichen f\u00fcr mehr Respekt - Organisator\",\"isPartOf\":{\"@id\":\"https:\\\/\\\/www.organisator.ch\\\/#website\"},\"primaryImageOfPage\":{\"@id\":\"https:\\\/\\\/www.organisator.ch\\\/marketing\\\/2024-11-10\\\/contexta-fuer-sbb-starkes-zeichen-fuer-mehr-respekt\\\/#primaryimage\"},\"image\":{\"@id\":\"https:\\\/\\\/www.organisator.ch\\\/marketing\\\/2024-11-10\\\/contexta-fuer-sbb-starkes-zeichen-fuer-mehr-respekt\\\/#primaryimage\"},\"thumbnailUrl\":\"https:\\\/\\\/www.markt-kom.com\\\/wp-content\\\/uploads\\\/2024\\\/11\\\/02_plakat_F12-scaled.jpg\",\"datePublished\":\"2024-11-10T11:09:02+00:00\",\"dateModified\":\"2024-11-11T03:20:09+00:00\",\"description\":\"SBB startet Kampagne f\u00fcr respektvolles Verhalten in Bahnh\u00f6fen und Z\u00fcgen. Ziel: Sicherheit und Wohlbefinden steigern.\",\"breadcrumb\":{\"@id\":\"https:\\\/\\\/www.organisator.ch\\\/marketing\\\/2024-11-10\\\/contexta-fuer-sbb-starkes-zeichen-fuer-mehr-respekt\\\/#breadcrumb\"},\"inLanguage\":\"fr-FR\",\"potentialAction\":[{\"@type\":\"ReadAction\",\"target\":[\"https:\\\/\\\/www.organisator.ch\\\/marketing\\\/2024-11-10\\\/contexta-fuer-sbb-starkes-zeichen-fuer-mehr-respekt\\\/\"]}]},{\"@type\":\"ImageObject\",\"inLanguage\":\"fr-FR\",\"@id\":\"https:\\\/\\\/www.organisator.ch\\\/marketing\\\/2024-11-10\\\/contexta-fuer-sbb-starkes-zeichen-fuer-mehr-respekt\\\/#primaryimage\",\"url\":\"https:\\\/\\\/www.markt-kom.com\\\/wp-content\\\/uploads\\\/2024\\\/11\\\/02_plakat_F12-scaled.jpg\",\"contentUrl\":\"https:\\\/\\\/www.markt-kom.com\\\/wp-content\\\/uploads\\\/2024\\\/11\\\/02_plakat_F12-scaled.jpg\"},{\"@type\":\"BreadcrumbList\",\"@id\":\"https:\\\/\\\/www.organisator.ch\\\/marketing\\\/2024-11-10\\\/contexta-fuer-sbb-starkes-zeichen-fuer-mehr-respekt\\\/#breadcrumb\",\"itemListElement\":[{\"@type\":\"ListItem\",\"position\":1,\"name\":\"Home\",\"item\":\"https:\\\/\\\/www.organisator.ch\\\/\"},{\"@type\":\"ListItem\",\"position\":2,\"name\":\"Contexta f\u00fcr SBB: Starkes Zeichen f\u00fcr mehr Respekt\"}]},{\"@type\":\"WebSite\",\"@id\":\"https:\\\/\\\/www.organisator.ch\\\/#website\",\"url\":\"https:\\\/\\\/www.organisator.ch\\\/\",\"name\":\"Organisator\",\"description\":\"Kompetent. Praxisnah. Der ORGANISATOR bereitet in 10 Ausgaben pro Jahr die wesentlichen Themen f\u00fcr F\u00fchrungskr\u00e4fte von KMU auf.\",\"publisher\":{\"@id\":\"https:\\\/\\\/www.organisator.ch\\\/#organization\"},\"potentialAction\":[{\"@type\":\"SearchAction\",\"target\":{\"@type\":\"EntryPoint\",\"urlTemplate\":\"https:\\\/\\\/www.organisator.ch\\\/?s={search_term_string}\"},\"query-input\":{\"@type\":\"PropertyValueSpecification\",\"valueRequired\":true,\"valueName\":\"search_term_string\"}}],\"inLanguage\":\"fr-FR\"},{\"@type\":\"Organization\",\"@id\":\"https:\\\/\\\/www.organisator.ch\\\/#organization\",\"name\":\"Organisator\",\"url\":\"https:\\\/\\\/www.organisator.ch\\\/\",\"logo\":{\"@type\":\"ImageObject\",\"inLanguage\":\"fr-FR\",\"@id\":\"https:\\\/\\\/www.organisator.ch\\\/#\\\/schema\\\/logo\\\/image\\\/\",\"url\":\"https:\\\/\\\/www.organisator.ch\\\/wp-content\\\/uploads\\\/2022\\\/01\\\/Logo_Organisator_Website.png\",\"contentUrl\":\"https:\\\/\\\/www.organisator.ch\\\/wp-content\\\/uploads\\\/2022\\\/01\\\/Logo_Organisator_Website.png\",\"width\":800,\"height\":77,\"caption\":\"Organisator\"},\"image\":{\"@id\":\"https:\\\/\\\/www.organisator.ch\\\/#\\\/schema\\\/logo\\\/image\\\/\"},\"sameAs\":[\"https:\\\/\\\/www.facebook.com\\\/OrganisatorFachmagazin\",\"https:\\\/\\\/www.linkedin.com\\\/showcase\\\/organisator-das-magazin-fr-kmu\",\"https:\\\/\\\/www.xing.com\\\/news\\\/pages\\\/organisator-ch-695\",\"https:\\\/\\\/www.youtube.com\\\/channel\\\/UCGP2Sq0iWaZwT3BdIAQFYpw\"]},{\"@type\":\"Person\",\"@id\":\"https:\\\/\\\/www.organisator.ch\\\/#\\\/schema\\\/person\\\/4e51799071cd2dd1232ac003643ef5f0\",\"name\":\"galledia\",\"image\":{\"@type\":\"ImageObject\",\"inLanguage\":\"fr-FR\",\"@id\":\"https:\\\/\\\/secure.gravatar.com\\\/avatar\\\/78a7f90c01fc2bfc875782a0d4922b37cde2cf184ce347b91316d23cd7f69a36?s=96&d=mm&r=g\",\"url\":\"https:\\\/\\\/secure.gravatar.com\\\/avatar\\\/78a7f90c01fc2bfc875782a0d4922b37cde2cf184ce347b91316d23cd7f69a36?s=96&d=mm&r=g\",\"contentUrl\":\"https:\\\/\\\/secure.gravatar.com\\\/avatar\\\/78a7f90c01fc2bfc875782a0d4922b37cde2cf184ce347b91316d23cd7f69a36?s=96&d=mm&r=g\",\"caption\":\"galledia\"},\"sameAs\":[\"https:\\\/\\\/x.com\\\/admin\"],\"url\":\"https:\\\/\\\/www.organisator.ch\\\/fr\\\/author\\\/galledia\\\/\"}]}<\/script>\n<!-- \/ Yoast SEO plugin. -->","yoast_head_json":{"title":"Contexta pour les CFF : un signe fort pour plus de respect - Organisateur","description":"Les CFF lancent une campagne pour un comportement respectueux dans les gares et les trains. Objectif : am\u00e9liorer la s\u00e9curit\u00e9 et le bien-\u00eatre.","robots":{"index":"index","follow":"follow","max-snippet":"max-snippet:-1","max-image-preview":"max-image-preview:large","max-video-preview":"max-video-preview:-1"},"canonical":"https:\/\/www.organisator.ch\/fr\/marketing\/2024-11-10\/contexta-fuer-sbb-starkes-zeichen-fuer-mehr-respekt\/","og_locale":"fr_FR","og_type":"article","og_title":"Contexta f\u00fcr SBB: Starkes Zeichen f\u00fcr mehr Respekt - Organisator","og_description":"SBB startet Kampagne f\u00fcr respektvolles Verhalten in Bahnh\u00f6fen und Z\u00fcgen. Ziel: Sicherheit und Wohlbefinden steigern.","og_url":"https:\/\/www.organisator.ch\/fr\/marketing\/2024-11-10\/contexta-fuer-sbb-starkes-zeichen-fuer-mehr-respekt\/","og_site_name":"Organisator","article_publisher":"https:\/\/www.facebook.com\/OrganisatorFachmagazin","article_published_time":"2024-11-10T11:09:02+00:00","article_modified_time":"2024-11-11T03:20:09+00:00","og_image":[{"url":"https:\/\/www.markt-kom.com\/wp-content\/uploads\/2024\/11\/02_plakat_F12-scaled.jpg","type":"","width":"","height":""}],"author":"galledia","twitter_card":"summary_large_image","twitter_creator":"@admin","schema":{"@context":"https:\/\/schema.org","@graph":[{"@type":"Article","@id":"https:\/\/www.organisator.ch\/marketing\/2024-11-10\/contexta-fuer-sbb-starkes-zeichen-fuer-mehr-respekt\/#article","isPartOf":{"@id":"https:\/\/www.organisator.ch\/marketing\/2024-11-10\/contexta-fuer-sbb-starkes-zeichen-fuer-mehr-respekt\/"},"author":{"name":"galledia","@id":"https:\/\/www.organisator.ch\/#\/schema\/person\/4e51799071cd2dd1232ac003643ef5f0"},"headline":"Contexta f\u00fcr SBB: Starkes Zeichen f\u00fcr mehr Respekt","datePublished":"2024-11-10T11:09:02+00:00","dateModified":"2024-11-11T03:20:09+00:00","mainEntityOfPage":{"@id":"https:\/\/www.organisator.ch\/marketing\/2024-11-10\/contexta-fuer-sbb-starkes-zeichen-fuer-mehr-respekt\/"},"wordCount":276,"publisher":{"@id":"https:\/\/www.organisator.ch\/#organization"},"image":{"@id":"https:\/\/www.organisator.ch\/marketing\/2024-11-10\/contexta-fuer-sbb-starkes-zeichen-fuer-mehr-respekt\/#primaryimage"},"thumbnailUrl":"https:\/\/www.markt-kom.com\/wp-content\/uploads\/2024\/11\/02_plakat_F12-scaled.jpg","keywords":["Contexta","MarKom","\u00d6V","SBB","Sensibilisierungskampagne"],"articleSection":["MARKETING"],"inLanguage":"fr-FR"},{"@type":"WebPage","@id":"https:\/\/www.organisator.ch\/marketing\/2024-11-10\/contexta-fuer-sbb-starkes-zeichen-fuer-mehr-respekt\/","url":"https:\/\/www.organisator.ch\/marketing\/2024-11-10\/contexta-fuer-sbb-starkes-zeichen-fuer-mehr-respekt\/","name":"Contexta pour les CFF : un signe fort pour plus de respect - Organisateur","isPartOf":{"@id":"https:\/\/www.organisator.ch\/#website"},"primaryImageOfPage":{"@id":"https:\/\/www.organisator.ch\/marketing\/2024-11-10\/contexta-fuer-sbb-starkes-zeichen-fuer-mehr-respekt\/#primaryimage"},"image":{"@id":"https:\/\/www.organisator.ch\/marketing\/2024-11-10\/contexta-fuer-sbb-starkes-zeichen-fuer-mehr-respekt\/#primaryimage"},"thumbnailUrl":"https:\/\/www.markt-kom.com\/wp-content\/uploads\/2024\/11\/02_plakat_F12-scaled.jpg","datePublished":"2024-11-10T11:09:02+00:00","dateModified":"2024-11-11T03:20:09+00:00","description":"Les CFF lancent une campagne pour un comportement respectueux dans les gares et les trains. Objectif : am\u00e9liorer la s\u00e9curit\u00e9 et le bien-\u00eatre.","breadcrumb":{"@id":"https:\/\/www.organisator.ch\/marketing\/2024-11-10\/contexta-fuer-sbb-starkes-zeichen-fuer-mehr-respekt\/#breadcrumb"},"inLanguage":"fr-FR","potentialAction":[{"@type":"ReadAction","target":["https:\/\/www.organisator.ch\/marketing\/2024-11-10\/contexta-fuer-sbb-starkes-zeichen-fuer-mehr-respekt\/"]}]},{"@type":"ImageObject","inLanguage":"fr-FR","@id":"https:\/\/www.organisator.ch\/marketing\/2024-11-10\/contexta-fuer-sbb-starkes-zeichen-fuer-mehr-respekt\/#primaryimage","url":"https:\/\/www.markt-kom.com\/wp-content\/uploads\/2024\/11\/02_plakat_F12-scaled.jpg","contentUrl":"https:\/\/www.markt-kom.com\/wp-content\/uploads\/2024\/11\/02_plakat_F12-scaled.jpg"},{"@type":"BreadcrumbList","@id":"https:\/\/www.organisator.ch\/marketing\/2024-11-10\/contexta-fuer-sbb-starkes-zeichen-fuer-mehr-respekt\/#breadcrumb","itemListElement":[{"@type":"ListItem","position":1,"name":"Home","item":"https:\/\/www.organisator.ch\/"},{"@type":"ListItem","position":2,"name":"Contexta f\u00fcr SBB: Starkes Zeichen f\u00fcr mehr Respekt"}]},{"@type":"WebSite","@id":"https:\/\/www.organisator.ch\/#website","url":"https:\/\/www.organisator.ch\/","name":"Organisateur","description":"Comp\u00e9tence et comp\u00e9tence. Proches de la pratique. L'ORGANISATEUR pr\u00e9pare 10 num\u00e9ros par an sur les th\u00e8mes essentiels pour les dirigeants de PME.","publisher":{"@id":"https:\/\/www.organisator.ch\/#organization"},"potentialAction":[{"@type":"SearchAction","target":{"@type":"EntryPoint","urlTemplate":"https:\/\/www.organisator.ch\/?s={search_term_string}"},"query-input":{"@type":"PropertyValueSpecification","valueRequired":true,"valueName":"search_term_string"}}],"inLanguage":"fr-FR"},{"@type":"Organization","@id":"https:\/\/www.organisator.ch\/#organization","name":"Organisateur","url":"https:\/\/www.organisator.ch\/","logo":{"@type":"ImageObject","inLanguage":"fr-FR","@id":"https:\/\/www.organisator.ch\/#\/schema\/logo\/image\/","url":"https:\/\/www.organisator.ch\/wp-content\/uploads\/2022\/01\/Logo_Organisator_Website.png","contentUrl":"https:\/\/www.organisator.ch\/wp-content\/uploads\/2022\/01\/Logo_Organisator_Website.png","width":800,"height":77,"caption":"Organisator"},"image":{"@id":"https:\/\/www.organisator.ch\/#\/schema\/logo\/image\/"},"sameAs":["https:\/\/www.facebook.com\/OrganisatorFachmagazin","https:\/\/www.linkedin.com\/showcase\/organisator-das-magazin-fr-kmu","https:\/\/www.xing.com\/news\/pages\/organisator-ch-695","https:\/\/www.youtube.com\/channel\/UCGP2Sq0iWaZwT3BdIAQFYpw"]},{"@type":"Person","@id":"https:\/\/www.organisator.ch\/#\/schema\/person\/4e51799071cd2dd1232ac003643ef5f0","name":"galledia","image":{"@type":"ImageObject","inLanguage":"fr-FR","@id":"https:\/\/secure.gravatar.com\/avatar\/78a7f90c01fc2bfc875782a0d4922b37cde2cf184ce347b91316d23cd7f69a36?s=96&d=mm&r=g","url":"https:\/\/secure.gravatar.com\/avatar\/78a7f90c01fc2bfc875782a0d4922b37cde2cf184ce347b91316d23cd7f69a36?s=96&d=mm&r=g","contentUrl":"https:\/\/secure.gravatar.com\/avatar\/78a7f90c01fc2bfc875782a0d4922b37cde2cf184ce347b91316d23cd7f69a36?s=96&d=mm&r=g","caption":"galledia"},"sameAs":["https:\/\/x.com\/admin"],"url":"https:\/\/www.organisator.ch\/fr\/author\/galledia\/"}]}},"_links":{"self":[{"href":"https:\/\/www.organisator.ch\/fr\/wp-json\/wp\/v2\/posts\/32199","targetHints":{"allow":["GET"]}}],"collection":[{"href":"https:\/\/www.organisator.ch\/fr\/wp-json\/wp\/v2\/posts"}],"about":[{"href":"https:\/\/www.organisator.ch\/fr\/wp-json\/wp\/v2\/types\/post"}],"author":[{"embeddable":true,"href":"https:\/\/www.organisator.ch\/fr\/wp-json\/wp\/v2\/users\/8"}],"replies":[{"embeddable":true,"href":"https:\/\/www.organisator.ch\/fr\/wp-json\/wp\/v2\/comments?post=32199"}],"version-history":[{"count":5,"href":"https:\/\/www.organisator.ch\/fr\/wp-json\/wp\/v2\/posts\/32199\/revisions"}],"predecessor-version":[{"id":32205,"href":"https:\/\/www.organisator.ch\/fr\/wp-json\/wp\/v2\/posts\/32199\/revisions\/32205"}],"wp:attachment":[{"href":"https:\/\/www.organisator.ch\/fr\/wp-json\/wp\/v2\/media?parent=32199"}],"wp:term":[{"taxonomy":"category","embeddable":true,"href":"https:\/\/www.organisator.ch\/fr\/wp-json\/wp\/v2\/categories?post=32199"},{"taxonomy":"post_tag","embeddable":true,"href":"https:\/\/www.organisator.ch\/fr\/wp-json\/wp\/v2\/tags?post=32199"}],"curies":[{"name":"wp","href":"https:\/\/api.w.org\/{rel}","templated":true}]}}