{"id":32546,"date":"2024-11-12T08:32:31","date_gmt":"2024-11-12T07:32:31","guid":{"rendered":"https:\/\/www.organisator.ch\/?p=32546"},"modified":"2024-11-12T08:32:31","modified_gmt":"2024-11-12T07:32:31","slug":"fuer-gruenderinnen-und-gruender-wie-du-dich-und-deine-firma-richtig-verkaufst","status":"publish","type":"post","link":"https:\/\/www.organisator.ch\/fr\/management\/2024-11-12\/fuer-gruenderinnen-und-gruender-wie-du-dich-und-deine-firma-richtig-verkaufst\/","title":{"rendered":"Pour les cr\u00e9ateurs d'entreprise : comment bien te vendre et vendre ton entreprise"},"content":{"rendered":"<figure id=\"attachment_32557\" aria-describedby=\"caption-attachment-32557\" style=\"width: 680px\" class=\"wp-caption alignnone\"><img loading=\"lazy\" decoding=\"async\" class=\"size-full wp-image-32557\" src=\"https:\/\/www.organisator.ch\/wp-content\/uploads\/2024\/11\/Fuer-Gruenderinnen-und-Gruender-Wie-du-dich-und-deine-Firma-richtig-verkaufst_Organisator.jpg\" alt=\"\" width=\"680\" height=\"453\" srcset=\"https:\/\/www.organisator.ch\/wp-content\/uploads\/2024\/11\/Fuer-Gruenderinnen-und-Gruender-Wie-du-dich-und-deine-Firma-richtig-verkaufst_Organisator.jpg 680w, https:\/\/www.organisator.ch\/wp-content\/uploads\/2024\/11\/Fuer-Gruenderinnen-und-Gruender-Wie-du-dich-und-deine-Firma-richtig-verkaufst_Organisator-18x12.jpg 18w, https:\/\/www.organisator.ch\/wp-content\/uploads\/2024\/11\/Fuer-Gruenderinnen-und-Gruender-Wie-du-dich-und-deine-Firma-richtig-verkaufst_Organisator-375x250.jpg 375w, https:\/\/www.organisator.ch\/wp-content\/uploads\/2024\/11\/Fuer-Gruenderinnen-und-Gruender-Wie-du-dich-und-deine-Firma-richtig-verkaufst_Organisator-525x350.jpg 525w\" sizes=\"auto, (max-width: 680px) 100vw, 680px\" \/><figcaption id=\"caption-attachment-32557\" class=\"wp-caption-text\">Pour cr\u00e9er une nouvelle entreprise, les fondateurs ont besoin non seulement de bonnes id\u00e9es commerciales, mais aussi des comp\u00e9tences n\u00e9cessaires en mati\u00e8re de vente. (Image : Gerd Altmann \/ Pixabay.com)<\/figcaption><\/figure>\n<p>Ceux qui comptent sur le fait que la qualit\u00e9 se r\u00e9pande, de sorte que les clients viennent et ach\u00e8tent d'eux-m\u00eames, doivent souvent attendre longtemps. Trop longtemps ! Le client pr\u00e9sume de la qualit\u00e9 et l'exp\u00e9rience montre qu'il pr\u00e9f\u00e8re parler d'exp\u00e9riences n\u00e9gatives que positives. Il est donc d'autant plus important pour les cr\u00e9ateurs d'entreprise d'\u00eatre fort en vente d\u00e8s le d\u00e9but.<\/p>\n<h3><strong>Un \u00e9l\u00e9ment essentiel pour toute cr\u00e9ation d'entreprise : les clients payants<\/strong><\/h3>\n<p>Sans chiffre d'affaires, toute entreprise n'est rien. Mais dans l'euphorie des d\u00e9buts, on pense beaucoup trop \u00e0 d'autres choses - et on perd le focus. Presque tous les cr\u00e9ateurs d'entreprise vivent dans un tunnel : \"H\u00e9, j'ai une id\u00e9e super g\u00e9niale. Maintenant, je m'occupe d'abord des locaux, des fournisseurs, etc.\". Un jour, tout est pr\u00eat, les premi\u00e8res commandes affluent. Mais d'une mani\u00e8re ou d'une autre, le magasin ne \"d\u00e9colle\" pas vraiment.<\/p>\n<p>Au lieu de s'occuper enfin de prospection et d'autres choses de ce genre, certains cr\u00e9ateurs d'entreprise continuent \u00e0 se \"tromper de film\". Ils se rendent \u00e0 des \u00e9v\u00e9nements de r\u00e9seautage pour \u00e9changer avec d'autres fondateurs, au lieu d'aller enfin l\u00e0 o\u00f9 se trouvent les clients potentiels. Pourquoi ? Eh bien, il est \u00e9videmment plus agr\u00e9able de philosopher sur les exp\u00e9riences et les succ\u00e8s que d'engager un dialogue direct avec des clients potentiels. Car parmi ces derniers, les refus et les \u00e9checs font nettement plus mal.<\/p>\n<h3><strong>Un cr\u00e9ateur d'entreprise qui ne supporte pas le rejet \u00e9chouera<\/strong><\/h3>\n<p>De nombreux cr\u00e9ateurs d'entreprise attendent depuis des ann\u00e9es que des amis ou des connaissances leur promettent de passer des commandes ou au moins de donner une bonne \u00e9valuation. Ce n'est pas parce que quelqu'un dit \"je trouve ton id\u00e9e bonne\" qu'il va t'acheter ou te recommander. En tant que cr\u00e9ateur d'entreprise, on est souvent confront\u00e9 \u00e0 des refus et \u00e0 des d\u00e9ceptions.<\/p>\n<p>La question passionnante est la suivante : Est-ce qu'on le prend personnellement, on devient \u00e9motionnel et accusateur dans le sens de \"pourquoi pas ?\", ou est-ce qu'on le voit de mani\u00e8re sportive et on se demande : \"Bon, si \u00e7a ne va pas comme \u00e7a, comment \u00e7a pourrait aller autrement ?\". Mais c'est justement quand on a de l'eau jusqu'au cou, par exemple parce que les liquidit\u00e9s manquent, que les sentiments (n\u00e9gatifs) surgissent rapidement. Et que se passe-t-il apr\u00e8s le vingti\u00e8me refus ? Est-ce que l'on prospecte \u00e0 nouveau facilement le lendemain ou se dit-on \"Non, la prospection ne me convient pas. Alors j'esp\u00e8re (encore) que les clients viendront d'eux-m\u00eames\".<\/p>\n<h3><strong>R\u00e9flexions utiles pour les cr\u00e9ateurs d'entreprise sur la mani\u00e8re de g\u00e9rer les refus lors de la prospection<\/strong><\/h3>\n<ul>\n<li>Le client ne te rejette jamais personnellement en tant qu'\u00eatre humain, il ne rejette que ton offre d'entretien.<\/li>\n<li>Un non fait partie des statistiques - et en fait partie. Car o\u00f9 iraient les clients s'ils disaient toujours oui ?<\/li>\n<li>Avant de prendre contact, r\u00e9fl\u00e9chis concr\u00e8tement aux raisons pour lesquelles ton client cible devrait accepter ton offre.<\/li>\n<li>Ne mets pas fin \u00e0 l'entretien de mani\u00e8re pr\u00e9cipit\u00e9e. Reste dans la course de mani\u00e8re valorisante tant que tu as le sentiment que ton client est sceptique, mais que tu as encore des chances.<\/li>\n<li>Ce n'est pas parce qu'un client cible refuse une fois que c'est pour toujours. \u00c9labore un plan pour rechercher et maintenir un contact r\u00e9gulier.<\/li>\n<\/ul>\n<h3><strong>5 conseils pour am\u00e9liorer la force de vente aupr\u00e8s des clients, des collaborateurs et des fournisseurs<\/strong><\/h3>\n<ul>\n<li>Celui qui n'a pas d'objectifs clairs travaille toujours pour les objectifs d'un autre. Demande-toi donc au pr\u00e9alable quel est ton objectif de n\u00e9gociation.<\/li>\n<li>La planification est l'anticipation mentale de l'avenir : certains comportements et situations (critiques) qui peuvent survenir lors d'une n\u00e9gociation sont pr\u00e9visibles. Comment vas-tu les g\u00e9rer ou que vas-tu faire concr\u00e8tement dans ce cas ?<\/li>\n<li>Ne dis pas oui si tu veux dire non. Si tu as du mal \u00e0 dire non, dis plut\u00f4t \"J'aimerais dire oui, mais je ne peux pas encore. Je veux y r\u00e9fl\u00e9chir et je reviendrai vers toi demain avec une r\u00e9ponse\".<\/li>\n<li>Ne te mets jamais trop de pression : si la n\u00e9gociation pi\u00e9tine ou si tu n'es pas satisfait du r\u00e9sultat obtenu jusqu'\u00e0 pr\u00e9sent, fixe simplement un nouveau rendez-vous. Mais ne donne jamais ton accord de mani\u00e8re pr\u00e9cipit\u00e9e !<\/li>\n<li>Aborde r\u00e9guli\u00e8rement des sujets tels que la gestion, la vente et le marketing. Si tu es \u00e0 l'aise dans ces domaines, il te sera beaucoup plus facile de te vendre et de vendre ton offre.<\/li>\n<\/ul>\n<p>&nbsp;<\/p>\n<p><em><strong>Auteur :<\/strong><\/em><\/p>\n<p><img loading=\"lazy\" decoding=\"async\" class=\"alignnone size-full wp-image-32559\" src=\"https:\/\/www.organisator.ch\/wp-content\/uploads\/2024\/11\/Schumacher_Oliver_Verkaufstrainer_Strategie-2024_online.jpeg\" alt=\"\" width=\"400\" height=\"300\" srcset=\"https:\/\/www.organisator.ch\/wp-content\/uploads\/2024\/11\/Schumacher_Oliver_Verkaufstrainer_Strategie-2024_online.jpeg 400w, https:\/\/www.organisator.ch\/wp-content\/uploads\/2024\/11\/Schumacher_Oliver_Verkaufstrainer_Strategie-2024_online-16x12.jpeg 16w, https:\/\/www.organisator.ch\/wp-content\/uploads\/2024\/11\/Schumacher_Oliver_Verkaufstrainer_Strategie-2024_online-375x281.jpeg 375w\" sizes=\"auto, (max-width: 400px) 100vw, 400px\" \/><br \/>\n<em>Le formateur de vente <strong>Oliver Schumacher<\/strong> est un sp\u00e9cialiste de l'expression orale (M.A.) qui pose de nouveaux jalons dans la formation des vendeurs, de mani\u00e8re sympathique et fond\u00e9e. Nombreux sont ceux qui connaissent cet auteur de plusieurs livres gr\u00e2ce \u00e0 ses nombreuses vid\u00e9os sur YouTube. Avant de se mettre \u00e0 son compte en 2009, il a travaill\u00e9 pendant plus de 10 ans avec beaucoup de succ\u00e8s dans le service ext\u00e9rieur des ventes pour un fabricant d'articles de marque cot\u00e9 en bourse. <a href=\"https:\/\/www.oliver-schumacher.de\">https:\/\/www.oliver-schumacher.de<\/a><\/em><\/p>\n<p><em>Si vous avez envie de poser en ligne et en direct vos questions sur la cr\u00e9ation d'entreprise \u00e0 Oliver Schumacher, vous aurez l'occasion de le faire le 22.11.2024 lors d'une conf\u00e9rence exclusive et gratuite en direct dans le cadre de la semaine de la cr\u00e9ation d'entreprise : <a href=\"https:\/\/oliver-schumacher.de\/gruendungswoche\/\">Gr\u00fcnderwoche - Comment se vendre avec succ\u00e8s en tant que cr\u00e9ateur d'entreprise (oliver-schumacher.de)<\/a><\/em><\/p>","protected":false},"excerpt":{"rendered":"<p>Lors d'une cr\u00e9ation d'entreprise r\u00e9ussie, ce n'est pas seulement l'id\u00e9e en soi qui compte, mais beaucoup de choses autour : quels sont les pi\u00e8ges juridiques ? Comment trouver les bons fournisseurs et les bons collaborateurs ? Comment \u00e9tablir un business plan pour obtenir un cr\u00e9dit ? Souvent, dans toutes ces questions, le th\u00e8me de la distribution et de la vente est n\u00e9glig\u00e9.<\/p>","protected":false},"author":4,"featured_media":32557,"comment_status":"closed","ping_status":"closed","sticky":false,"template":"","format":"standard","meta":{"_acf_changed":false,"_yoast_wpseo_focuskw":"Gr\u00fcnderinnen und Gr\u00fcnder","_yoast_wpseo_metadesc":"Bei einer erfolgreichen Unternehmensgr\u00fcndung z\u00e4hlen nicht nur Ideen, sondern vieles drumherum. Ein paar Tipps f\u00fcr Gr\u00fcnderinnen und Gr\u00fcnder.","articlekey":"","footnotes":""},"categories":[28],"tags":[115,205,335,4736],"class_list":["post-32546","post","type-post","status-publish","format-standard","has-post-thumbnail","hentry","category-management","tag-checklisten","tag-firmengruendungen","tag-management-und-unternehmensfuehrung","tag-marketing-und-sales"],"acf":[],"yoast_head":"<!-- This site is optimized with the Yoast SEO plugin v27.4 - https:\/\/yoast.com\/product\/yoast-seo-wordpress\/ -->\n<title>F\u00fcr Gr\u00fcnderinnen und Gr\u00fcnder: Wie du dich und deine Firma richtig verkaufst - Organisator<\/title>\n<meta name=\"description\" content=\"Bei einer erfolgreichen Unternehmensgr\u00fcndung z\u00e4hlen nicht nur Ideen, sondern vieles drumherum. Ein paar Tipps f\u00fcr Gr\u00fcnderinnen und Gr\u00fcnder.\" \/>\n<meta name=\"robots\" content=\"index, follow, max-snippet:-1, max-image-preview:large, max-video-preview:-1\" \/>\n<link rel=\"canonical\" href=\"https:\/\/www.organisator.ch\/fr\/gestion-2\/2024-11-12\/fuer-gruenderinnen-und-gruender-wie-du-dich-und-deine-firma-richtig-verkaufst\/\" \/>\n<meta property=\"og:locale\" content=\"fr_FR\" \/>\n<meta property=\"og:type\" content=\"article\" \/>\n<meta property=\"og:title\" content=\"F\u00fcr Gr\u00fcnderinnen und Gr\u00fcnder: Wie du dich und deine Firma richtig verkaufst\" \/>\n<meta property=\"og:description\" content=\"Bei einer erfolgreichen Unternehmensgr\u00fcndung z\u00e4hlen nicht nur Ideen, sondern vieles drumherum. Ein paar Tipps f\u00fcr Gr\u00fcnderinnen und Gr\u00fcnder.\" \/>\n<meta property=\"og:url\" content=\"https:\/\/www.organisator.ch\/fr\/gestion-2\/2024-11-12\/fuer-gruenderinnen-und-gruender-wie-du-dich-und-deine-firma-richtig-verkaufst\/\" \/>\n<meta property=\"og:site_name\" content=\"Organisator\" \/>\n<meta property=\"article:publisher\" content=\"https:\/\/www.facebook.com\/OrganisatorFachmagazin\" \/>\n<meta property=\"article:published_time\" content=\"2024-11-12T07:32:31+00:00\" \/>\n<meta property=\"og:image\" content=\"https:\/\/www.organisator.ch\/wp-content\/uploads\/2024\/11\/Fuer-Gruenderinnen-und-Gruender-Wie-du-dich-und-deine-Firma-richtig-verkaufst_Organisator.jpg\" \/>\n\t<meta property=\"og:image:width\" content=\"680\" \/>\n\t<meta property=\"og:image:height\" content=\"453\" \/>\n\t<meta property=\"og:image:type\" content=\"image\/jpeg\" \/>\n<meta name=\"author\" content=\"thomas.berner\" \/>\n<meta name=\"twitter:card\" content=\"summary_large_image\" \/>\n<meta name=\"twitter:title\" content=\"F\u00fcr #Gr\u00fcnderinnen und #Gr\u00fcnder: Wie du dich und deine #Firma richtig verkaufst\" \/>\n<meta name=\"twitter:description\" content=\"Bei einer erfolgreichen #Unternehmensgr\u00fcndung z\u00e4hlen nicht nur Ideen, sondern vieles drumherum. Ein paar Tipps f\u00fcr #Gr\u00fcnderinnen und #Gr\u00fcnder.\" \/>\n<meta name=\"twitter:image\" content=\"https:\/\/www.organisator.ch\/wp-content\/uploads\/2024\/11\/Fuer-Gruenderinnen-und-Gruender-Wie-du-dich-und-deine-Firma-richtig-verkaufst_Organisator.jpg\" \/>\n<script type=\"application\/ld+json\" class=\"yoast-schema-graph\">{\"@context\":\"https:\\\/\\\/schema.org\",\"@graph\":[{\"@type\":\"Article\",\"@id\":\"https:\\\/\\\/www.organisator.ch\\\/management\\\/2024-11-12\\\/fuer-gruenderinnen-und-gruender-wie-du-dich-und-deine-firma-richtig-verkaufst\\\/#article\",\"isPartOf\":{\"@id\":\"https:\\\/\\\/www.organisator.ch\\\/management\\\/2024-11-12\\\/fuer-gruenderinnen-und-gruender-wie-du-dich-und-deine-firma-richtig-verkaufst\\\/\"},\"author\":{\"name\":\"thomas.berner\",\"@id\":\"https:\\\/\\\/www.organisator.ch\\\/#\\\/schema\\\/person\\\/6f650f90b2842cd4c0cc334b4e36f67e\"},\"headline\":\"F\u00fcr Gr\u00fcnderinnen und Gr\u00fcnder: Wie du dich und deine Firma richtig verkaufst\",\"datePublished\":\"2024-11-12T07:32:31+00:00\",\"mainEntityOfPage\":{\"@id\":\"https:\\\/\\\/www.organisator.ch\\\/management\\\/2024-11-12\\\/fuer-gruenderinnen-und-gruender-wie-du-dich-und-deine-firma-richtig-verkaufst\\\/\"},\"wordCount\":821,\"publisher\":{\"@id\":\"https:\\\/\\\/www.organisator.ch\\\/#organization\"},\"image\":{\"@id\":\"https:\\\/\\\/www.organisator.ch\\\/management\\\/2024-11-12\\\/fuer-gruenderinnen-und-gruender-wie-du-dich-und-deine-firma-richtig-verkaufst\\\/#primaryimage\"},\"thumbnailUrl\":\"https:\\\/\\\/www.organisator.ch\\\/wp-content\\\/uploads\\\/2024\\\/11\\\/Fuer-Gruenderinnen-und-Gruender-Wie-du-dich-und-deine-Firma-richtig-verkaufst_Organisator.jpg\",\"keywords\":[\"Checklisten\",\"Firmengr\u00fcndungen\",\"Management und Unternehmensf\u00fchrung\",\"Marketing und Sales\"],\"articleSection\":[\"MANAGEMENT\"],\"inLanguage\":\"fr-FR\"},{\"@type\":\"WebPage\",\"@id\":\"https:\\\/\\\/www.organisator.ch\\\/management\\\/2024-11-12\\\/fuer-gruenderinnen-und-gruender-wie-du-dich-und-deine-firma-richtig-verkaufst\\\/\",\"url\":\"https:\\\/\\\/www.organisator.ch\\\/management\\\/2024-11-12\\\/fuer-gruenderinnen-und-gruender-wie-du-dich-und-deine-firma-richtig-verkaufst\\\/\",\"name\":\"F\u00fcr Gr\u00fcnderinnen und Gr\u00fcnder: Wie du dich und deine Firma richtig verkaufst - Organisator\",\"isPartOf\":{\"@id\":\"https:\\\/\\\/www.organisator.ch\\\/#website\"},\"primaryImageOfPage\":{\"@id\":\"https:\\\/\\\/www.organisator.ch\\\/management\\\/2024-11-12\\\/fuer-gruenderinnen-und-gruender-wie-du-dich-und-deine-firma-richtig-verkaufst\\\/#primaryimage\"},\"image\":{\"@id\":\"https:\\\/\\\/www.organisator.ch\\\/management\\\/2024-11-12\\\/fuer-gruenderinnen-und-gruender-wie-du-dich-und-deine-firma-richtig-verkaufst\\\/#primaryimage\"},\"thumbnailUrl\":\"https:\\\/\\\/www.organisator.ch\\\/wp-content\\\/uploads\\\/2024\\\/11\\\/Fuer-Gruenderinnen-und-Gruender-Wie-du-dich-und-deine-Firma-richtig-verkaufst_Organisator.jpg\",\"datePublished\":\"2024-11-12T07:32:31+00:00\",\"description\":\"Bei einer erfolgreichen Unternehmensgr\u00fcndung z\u00e4hlen nicht nur Ideen, sondern vieles drumherum. Ein paar Tipps f\u00fcr Gr\u00fcnderinnen und Gr\u00fcnder.\",\"breadcrumb\":{\"@id\":\"https:\\\/\\\/www.organisator.ch\\\/management\\\/2024-11-12\\\/fuer-gruenderinnen-und-gruender-wie-du-dich-und-deine-firma-richtig-verkaufst\\\/#breadcrumb\"},\"inLanguage\":\"fr-FR\",\"potentialAction\":[{\"@type\":\"ReadAction\",\"target\":[\"https:\\\/\\\/www.organisator.ch\\\/management\\\/2024-11-12\\\/fuer-gruenderinnen-und-gruender-wie-du-dich-und-deine-firma-richtig-verkaufst\\\/\"]}]},{\"@type\":\"ImageObject\",\"inLanguage\":\"fr-FR\",\"@id\":\"https:\\\/\\\/www.organisator.ch\\\/management\\\/2024-11-12\\\/fuer-gruenderinnen-und-gruender-wie-du-dich-und-deine-firma-richtig-verkaufst\\\/#primaryimage\",\"url\":\"https:\\\/\\\/www.organisator.ch\\\/wp-content\\\/uploads\\\/2024\\\/11\\\/Fuer-Gruenderinnen-und-Gruender-Wie-du-dich-und-deine-Firma-richtig-verkaufst_Organisator.jpg\",\"contentUrl\":\"https:\\\/\\\/www.organisator.ch\\\/wp-content\\\/uploads\\\/2024\\\/11\\\/Fuer-Gruenderinnen-und-Gruender-Wie-du-dich-und-deine-Firma-richtig-verkaufst_Organisator.jpg\",\"width\":680,\"height\":453,\"caption\":\"Gr\u00fcnderinnen und Gr\u00fcnder brauchen f\u00fcr eine neue Firma nicht nur gute Gesch\u00e4ftsideen, sondern auch die n\u00f6tigen Verkaufs-Skills. (Bild: Gerd Altmann \\\/ Pixabay.com)\"},{\"@type\":\"BreadcrumbList\",\"@id\":\"https:\\\/\\\/www.organisator.ch\\\/management\\\/2024-11-12\\\/fuer-gruenderinnen-und-gruender-wie-du-dich-und-deine-firma-richtig-verkaufst\\\/#breadcrumb\",\"itemListElement\":[{\"@type\":\"ListItem\",\"position\":1,\"name\":\"Home\",\"item\":\"https:\\\/\\\/www.organisator.ch\\\/\"},{\"@type\":\"ListItem\",\"position\":2,\"name\":\"F\u00fcr Gr\u00fcnderinnen und Gr\u00fcnder: Wie du dich und deine Firma richtig verkaufst\"}]},{\"@type\":\"WebSite\",\"@id\":\"https:\\\/\\\/www.organisator.ch\\\/#website\",\"url\":\"https:\\\/\\\/www.organisator.ch\\\/\",\"name\":\"Organisator\",\"description\":\"Kompetent. Praxisnah. Der ORGANISATOR bereitet in 10 Ausgaben pro Jahr die wesentlichen Themen f\u00fcr F\u00fchrungskr\u00e4fte von KMU auf.\",\"publisher\":{\"@id\":\"https:\\\/\\\/www.organisator.ch\\\/#organization\"},\"potentialAction\":[{\"@type\":\"SearchAction\",\"target\":{\"@type\":\"EntryPoint\",\"urlTemplate\":\"https:\\\/\\\/www.organisator.ch\\\/?s={search_term_string}\"},\"query-input\":{\"@type\":\"PropertyValueSpecification\",\"valueRequired\":true,\"valueName\":\"search_term_string\"}}],\"inLanguage\":\"fr-FR\"},{\"@type\":\"Organization\",\"@id\":\"https:\\\/\\\/www.organisator.ch\\\/#organization\",\"name\":\"Organisator\",\"url\":\"https:\\\/\\\/www.organisator.ch\\\/\",\"logo\":{\"@type\":\"ImageObject\",\"inLanguage\":\"fr-FR\",\"@id\":\"https:\\\/\\\/www.organisator.ch\\\/#\\\/schema\\\/logo\\\/image\\\/\",\"url\":\"https:\\\/\\\/www.organisator.ch\\\/wp-content\\\/uploads\\\/2022\\\/01\\\/Logo_Organisator_Website.png\",\"contentUrl\":\"https:\\\/\\\/www.organisator.ch\\\/wp-content\\\/uploads\\\/2022\\\/01\\\/Logo_Organisator_Website.png\",\"width\":800,\"height\":77,\"caption\":\"Organisator\"},\"image\":{\"@id\":\"https:\\\/\\\/www.organisator.ch\\\/#\\\/schema\\\/logo\\\/image\\\/\"},\"sameAs\":[\"https:\\\/\\\/www.facebook.com\\\/OrganisatorFachmagazin\",\"https:\\\/\\\/www.linkedin.com\\\/showcase\\\/organisator-das-magazin-fr-kmu\",\"https:\\\/\\\/www.xing.com\\\/news\\\/pages\\\/organisator-ch-695\",\"https:\\\/\\\/www.youtube.com\\\/channel\\\/UCGP2Sq0iWaZwT3BdIAQFYpw\"]},{\"@type\":\"Person\",\"@id\":\"https:\\\/\\\/www.organisator.ch\\\/#\\\/schema\\\/person\\\/6f650f90b2842cd4c0cc334b4e36f67e\",\"name\":\"thomas.berner\",\"image\":{\"@type\":\"ImageObject\",\"inLanguage\":\"fr-FR\",\"@id\":\"https:\\\/\\\/secure.gravatar.com\\\/avatar\\\/ac5001d2a36cb6c6cd3e50789007ffca834b477b74a2144564522e944eabff61?s=96&d=mm&r=g\",\"url\":\"https:\\\/\\\/secure.gravatar.com\\\/avatar\\\/ac5001d2a36cb6c6cd3e50789007ffca834b477b74a2144564522e944eabff61?s=96&d=mm&r=g\",\"contentUrl\":\"https:\\\/\\\/secure.gravatar.com\\\/avatar\\\/ac5001d2a36cb6c6cd3e50789007ffca834b477b74a2144564522e944eabff61?s=96&d=mm&r=g\",\"caption\":\"thomas.berner\"},\"url\":\"https:\\\/\\\/www.organisator.ch\\\/fr\\\/author\\\/thomas-berner\\\/\"}]}<\/script>\n<!-- \/ Yoast SEO plugin. -->","yoast_head_json":{"title":"Pour les cr\u00e9ateurs d'entreprise : comment bien te vendre et vendre ton entreprise - Organisateur","description":"Lors d'une cr\u00e9ation d'entreprise r\u00e9ussie, ce ne sont pas seulement les id\u00e9es qui comptent, mais aussi beaucoup de choses qui les entourent. Quelques conseils pour les cr\u00e9ateurs d'entreprise.","robots":{"index":"index","follow":"follow","max-snippet":"max-snippet:-1","max-image-preview":"max-image-preview:large","max-video-preview":"max-video-preview:-1"},"canonical":"https:\/\/www.organisator.ch\/fr\/gestion-2\/2024-11-12\/fuer-gruenderinnen-und-gruender-wie-du-dich-und-deine-firma-richtig-verkaufst\/","og_locale":"fr_FR","og_type":"article","og_title":"F\u00fcr Gr\u00fcnderinnen und Gr\u00fcnder: Wie du dich und deine Firma richtig verkaufst","og_description":"Bei einer erfolgreichen Unternehmensgr\u00fcndung z\u00e4hlen nicht nur Ideen, sondern vieles drumherum. Ein paar Tipps f\u00fcr Gr\u00fcnderinnen und Gr\u00fcnder.","og_url":"https:\/\/www.organisator.ch\/fr\/gestion-2\/2024-11-12\/fuer-gruenderinnen-und-gruender-wie-du-dich-und-deine-firma-richtig-verkaufst\/","og_site_name":"Organisator","article_publisher":"https:\/\/www.facebook.com\/OrganisatorFachmagazin","article_published_time":"2024-11-12T07:32:31+00:00","og_image":[{"width":680,"height":453,"url":"https:\/\/www.organisator.ch\/wp-content\/uploads\/2024\/11\/Fuer-Gruenderinnen-und-Gruender-Wie-du-dich-und-deine-Firma-richtig-verkaufst_Organisator.jpg","type":"image\/jpeg"}],"author":"thomas.berner","twitter_card":"summary_large_image","twitter_title":"F\u00fcr #Gr\u00fcnderinnen und #Gr\u00fcnder: Wie du dich und deine #Firma richtig verkaufst","twitter_description":"Bei einer erfolgreichen #Unternehmensgr\u00fcndung z\u00e4hlen nicht nur Ideen, sondern vieles drumherum. Ein paar Tipps f\u00fcr #Gr\u00fcnderinnen und #Gr\u00fcnder.","twitter_image":"https:\/\/www.organisator.ch\/wp-content\/uploads\/2024\/11\/Fuer-Gruenderinnen-und-Gruender-Wie-du-dich-und-deine-Firma-richtig-verkaufst_Organisator.jpg","schema":{"@context":"https:\/\/schema.org","@graph":[{"@type":"Article","@id":"https:\/\/www.organisator.ch\/management\/2024-11-12\/fuer-gruenderinnen-und-gruender-wie-du-dich-und-deine-firma-richtig-verkaufst\/#article","isPartOf":{"@id":"https:\/\/www.organisator.ch\/management\/2024-11-12\/fuer-gruenderinnen-und-gruender-wie-du-dich-und-deine-firma-richtig-verkaufst\/"},"author":{"name":"thomas.berner","@id":"https:\/\/www.organisator.ch\/#\/schema\/person\/6f650f90b2842cd4c0cc334b4e36f67e"},"headline":"F\u00fcr Gr\u00fcnderinnen und Gr\u00fcnder: Wie du dich und deine Firma richtig verkaufst","datePublished":"2024-11-12T07:32:31+00:00","mainEntityOfPage":{"@id":"https:\/\/www.organisator.ch\/management\/2024-11-12\/fuer-gruenderinnen-und-gruender-wie-du-dich-und-deine-firma-richtig-verkaufst\/"},"wordCount":821,"publisher":{"@id":"https:\/\/www.organisator.ch\/#organization"},"image":{"@id":"https:\/\/www.organisator.ch\/management\/2024-11-12\/fuer-gruenderinnen-und-gruender-wie-du-dich-und-deine-firma-richtig-verkaufst\/#primaryimage"},"thumbnailUrl":"https:\/\/www.organisator.ch\/wp-content\/uploads\/2024\/11\/Fuer-Gruenderinnen-und-Gruender-Wie-du-dich-und-deine-Firma-richtig-verkaufst_Organisator.jpg","keywords":["Checklisten","Firmengr\u00fcndungen","Management und Unternehmensf\u00fchrung","Marketing und Sales"],"articleSection":["MANAGEMENT"],"inLanguage":"fr-FR"},{"@type":"WebPage","@id":"https:\/\/www.organisator.ch\/management\/2024-11-12\/fuer-gruenderinnen-und-gruender-wie-du-dich-und-deine-firma-richtig-verkaufst\/","url":"https:\/\/www.organisator.ch\/management\/2024-11-12\/fuer-gruenderinnen-und-gruender-wie-du-dich-und-deine-firma-richtig-verkaufst\/","name":"Pour les cr\u00e9ateurs d'entreprise : comment bien te vendre et vendre ton entreprise - Organisateur","isPartOf":{"@id":"https:\/\/www.organisator.ch\/#website"},"primaryImageOfPage":{"@id":"https:\/\/www.organisator.ch\/management\/2024-11-12\/fuer-gruenderinnen-und-gruender-wie-du-dich-und-deine-firma-richtig-verkaufst\/#primaryimage"},"image":{"@id":"https:\/\/www.organisator.ch\/management\/2024-11-12\/fuer-gruenderinnen-und-gruender-wie-du-dich-und-deine-firma-richtig-verkaufst\/#primaryimage"},"thumbnailUrl":"https:\/\/www.organisator.ch\/wp-content\/uploads\/2024\/11\/Fuer-Gruenderinnen-und-Gruender-Wie-du-dich-und-deine-Firma-richtig-verkaufst_Organisator.jpg","datePublished":"2024-11-12T07:32:31+00:00","description":"Lors d'une cr\u00e9ation d'entreprise r\u00e9ussie, ce ne sont pas seulement les id\u00e9es qui comptent, mais aussi beaucoup de choses qui les entourent. Quelques conseils pour les cr\u00e9ateurs d'entreprise.","breadcrumb":{"@id":"https:\/\/www.organisator.ch\/management\/2024-11-12\/fuer-gruenderinnen-und-gruender-wie-du-dich-und-deine-firma-richtig-verkaufst\/#breadcrumb"},"inLanguage":"fr-FR","potentialAction":[{"@type":"ReadAction","target":["https:\/\/www.organisator.ch\/management\/2024-11-12\/fuer-gruenderinnen-und-gruender-wie-du-dich-und-deine-firma-richtig-verkaufst\/"]}]},{"@type":"ImageObject","inLanguage":"fr-FR","@id":"https:\/\/www.organisator.ch\/management\/2024-11-12\/fuer-gruenderinnen-und-gruender-wie-du-dich-und-deine-firma-richtig-verkaufst\/#primaryimage","url":"https:\/\/www.organisator.ch\/wp-content\/uploads\/2024\/11\/Fuer-Gruenderinnen-und-Gruender-Wie-du-dich-und-deine-Firma-richtig-verkaufst_Organisator.jpg","contentUrl":"https:\/\/www.organisator.ch\/wp-content\/uploads\/2024\/11\/Fuer-Gruenderinnen-und-Gruender-Wie-du-dich-und-deine-Firma-richtig-verkaufst_Organisator.jpg","width":680,"height":453,"caption":"Gr\u00fcnderinnen und Gr\u00fcnder brauchen f\u00fcr eine neue Firma nicht nur gute Gesch\u00e4ftsideen, sondern auch die n\u00f6tigen Verkaufs-Skills. (Bild: Gerd Altmann \/ Pixabay.com)"},{"@type":"BreadcrumbList","@id":"https:\/\/www.organisator.ch\/management\/2024-11-12\/fuer-gruenderinnen-und-gruender-wie-du-dich-und-deine-firma-richtig-verkaufst\/#breadcrumb","itemListElement":[{"@type":"ListItem","position":1,"name":"Home","item":"https:\/\/www.organisator.ch\/"},{"@type":"ListItem","position":2,"name":"F\u00fcr Gr\u00fcnderinnen und Gr\u00fcnder: Wie du dich und deine Firma richtig verkaufst"}]},{"@type":"WebSite","@id":"https:\/\/www.organisator.ch\/#website","url":"https:\/\/www.organisator.ch\/","name":"Organisateur","description":"Comp\u00e9tence et comp\u00e9tence. Proches de la pratique. L'ORGANISATEUR pr\u00e9pare 10 num\u00e9ros par an sur les th\u00e8mes essentiels pour les dirigeants de PME.","publisher":{"@id":"https:\/\/www.organisator.ch\/#organization"},"potentialAction":[{"@type":"SearchAction","target":{"@type":"EntryPoint","urlTemplate":"https:\/\/www.organisator.ch\/?s={search_term_string}"},"query-input":{"@type":"PropertyValueSpecification","valueRequired":true,"valueName":"search_term_string"}}],"inLanguage":"fr-FR"},{"@type":"Organization","@id":"https:\/\/www.organisator.ch\/#organization","name":"Organisateur","url":"https:\/\/www.organisator.ch\/","logo":{"@type":"ImageObject","inLanguage":"fr-FR","@id":"https:\/\/www.organisator.ch\/#\/schema\/logo\/image\/","url":"https:\/\/www.organisator.ch\/wp-content\/uploads\/2022\/01\/Logo_Organisator_Website.png","contentUrl":"https:\/\/www.organisator.ch\/wp-content\/uploads\/2022\/01\/Logo_Organisator_Website.png","width":800,"height":77,"caption":"Organisator"},"image":{"@id":"https:\/\/www.organisator.ch\/#\/schema\/logo\/image\/"},"sameAs":["https:\/\/www.facebook.com\/OrganisatorFachmagazin","https:\/\/www.linkedin.com\/showcase\/organisator-das-magazin-fr-kmu","https:\/\/www.xing.com\/news\/pages\/organisator-ch-695","https:\/\/www.youtube.com\/channel\/UCGP2Sq0iWaZwT3BdIAQFYpw"]},{"@type":"Person","@id":"https:\/\/www.organisator.ch\/#\/schema\/person\/6f650f90b2842cd4c0cc334b4e36f67e","name":"thomas.berner","image":{"@type":"ImageObject","inLanguage":"fr-FR","@id":"https:\/\/secure.gravatar.com\/avatar\/ac5001d2a36cb6c6cd3e50789007ffca834b477b74a2144564522e944eabff61?s=96&d=mm&r=g","url":"https:\/\/secure.gravatar.com\/avatar\/ac5001d2a36cb6c6cd3e50789007ffca834b477b74a2144564522e944eabff61?s=96&d=mm&r=g","contentUrl":"https:\/\/secure.gravatar.com\/avatar\/ac5001d2a36cb6c6cd3e50789007ffca834b477b74a2144564522e944eabff61?s=96&d=mm&r=g","caption":"thomas.berner"},"url":"https:\/\/www.organisator.ch\/fr\/author\/thomas-berner\/"}]}},"_links":{"self":[{"href":"https:\/\/www.organisator.ch\/fr\/wp-json\/wp\/v2\/posts\/32546","targetHints":{"allow":["GET"]}}],"collection":[{"href":"https:\/\/www.organisator.ch\/fr\/wp-json\/wp\/v2\/posts"}],"about":[{"href":"https:\/\/www.organisator.ch\/fr\/wp-json\/wp\/v2\/types\/post"}],"author":[{"embeddable":true,"href":"https:\/\/www.organisator.ch\/fr\/wp-json\/wp\/v2\/users\/4"}],"replies":[{"embeddable":true,"href":"https:\/\/www.organisator.ch\/fr\/wp-json\/wp\/v2\/comments?post=32546"}],"version-history":[{"count":3,"href":"https:\/\/www.organisator.ch\/fr\/wp-json\/wp\/v2\/posts\/32546\/revisions"}],"predecessor-version":[{"id":32692,"href":"https:\/\/www.organisator.ch\/fr\/wp-json\/wp\/v2\/posts\/32546\/revisions\/32692"}],"wp:featuredmedia":[{"embeddable":true,"href":"https:\/\/www.organisator.ch\/fr\/wp-json\/wp\/v2\/media\/32557"}],"wp:attachment":[{"href":"https:\/\/www.organisator.ch\/fr\/wp-json\/wp\/v2\/media?parent=32546"}],"wp:term":[{"taxonomy":"category","embeddable":true,"href":"https:\/\/www.organisator.ch\/fr\/wp-json\/wp\/v2\/categories?post=32546"},{"taxonomy":"post_tag","embeddable":true,"href":"https:\/\/www.organisator.ch\/fr\/wp-json\/wp\/v2\/tags?post=32546"}],"curies":[{"name":"wp","href":"https:\/\/api.w.org\/{rel}","templated":true}]}}