{"id":32588,"date":"2024-11-12T09:51:37","date_gmt":"2024-11-12T08:51:37","guid":{"rendered":"https:\/\/www.organisator.ch\/?p=32588"},"modified":"2024-11-12T09:51:37","modified_gmt":"2024-11-12T08:51:37","slug":"neue-marketingschule-bietet-mischung-aus-ferien-und-lernen","status":"publish","type":"post","link":"https:\/\/www.organisator.ch\/fr\/weiterbildung\/2024-11-12\/neue-marketingschule-bietet-mischung-aus-ferien-und-lernen\/","title":{"rendered":"La nouvelle \u00e9cole de marketing propose un m\u00e9lange de vacances et d'apprentissage"},"content":{"rendered":"<figure id=\"attachment_32590\" aria-describedby=\"caption-attachment-32590\" style=\"width: 680px\" class=\"wp-caption alignnone\"><img loading=\"lazy\" decoding=\"async\" class=\"size-full wp-image-32590\" src=\"https:\/\/www.organisator.ch\/wp-content\/uploads\/2024\/11\/Marketingschule_Bild1_ps.jpg\" alt=\"\" width=\"680\" height=\"383\" srcset=\"https:\/\/www.organisator.ch\/wp-content\/uploads\/2024\/11\/Marketingschule_Bild1_ps.jpg 680w, https:\/\/www.organisator.ch\/wp-content\/uploads\/2024\/11\/Marketingschule_Bild1_ps-18x10.jpg 18w, https:\/\/www.organisator.ch\/wp-content\/uploads\/2024\/11\/Marketingschule_Bild1_ps-375x211.jpg 375w, https:\/\/www.organisator.ch\/wp-content\/uploads\/2024\/11\/Marketingschule_Bild1_ps-621x350.jpg 621w\" sizes=\"auto, (max-width: 680px) 100vw, 680px\" \/><figcaption id=\"caption-attachment-32590\" class=\"wp-caption-text\">Les Savoir Marketing Seminars proposent des exp\u00e9riences de formation continue qui allient des connaissances professionnelles de qualit\u00e9 \u00e0 des exp\u00e9riences uniques dans toute la Suisse. (Image : www.savoir-marketing-seminars.ch)<\/figcaption><\/figure>\n<p>Les Savoir Marketing Seminars pr\u00e9sentent une s\u00e9rie unique de formations continues qui allient apprentissage et sentiment de vacances. Les s\u00e9minaires Savoir Marketing se d\u00e9roulent au sommet des montagnes, dans des lodges de montagne pittoresques ou sous les palmiers du Tessin et combinent l'enseignement avec des activit\u00e9s de r\u00e9seautage comme des d\u00e9gustations de vin, des safaris en bouquetins ou des aventures en luge.<\/p>\n<h3><strong>Formation continue pratique dans diff\u00e9rents domaines<\/strong><\/h3>\n<p>Les s\u00e9minaires, con\u00e7us en collaboration avec des experts nationaux et internationaux renomm\u00e9s, offrent une formation continue pratique dans les domaines de la strat\u00e9gie marketing, du storytelling, des annonces sur les m\u00e9dias sociaux et de l'IA g\u00e9n\u00e9rative.<\/p>\n<p>\"Avec les s\u00e9minaires Savoir Marketing, nous cr\u00e9ons une atmosph\u00e8re dans laquelle les gens peuvent se concentrer enti\u00e8rement sur l'apprentissage et le r\u00e9seautage, sans pour autant renoncer \u00e0 la d\u00e9tente et aux exp\u00e9riences. Nous transposons la th\u00e9orie directement dans la pratique - dans des lieux qui inspirent autant que ce que l'on apprend\", explique Tanja Herrmann. Elle est responsable de la fili\u00e8re \u00e0 la HWZ et fondatrice des Savoir Marketing Seminars.<\/p>\n<h3><strong>Le nombre de participants est limit\u00e9<\/strong><\/h3>\n<p>Outre des modules d'apprentissage intensifs, chaque s\u00e9minaire propose un programme cadre adapt\u00e9 \u00e0 l'ambiance, permettant d'\u00e9changer avec d'autres professionnels.<\/p>\n<p>Le nombre de participants est limit\u00e9 \u00e0 14 personnes par s\u00e9minaire afin de garantir un suivi individuel et un feedback personnel. Les participants terminent chaque s\u00e9minaire avec un certificat HWZ, ce qui leur assure une formation continue reconnue.<\/p>\n<p>Les Savoir Marketing Seminars offrent une alternative bienvenue \u00e0 l'enseignement en ligne - et r\u00e9pondent \u00e0 la demande croissante de concepts de formation continue qui allient qualit\u00e9 et exp\u00e9rience. D\u00e8s aujourd'hui, les personnes int\u00e9ress\u00e9es peuvent s'inscrire sur le <a href=\"https:\/\/www.savoir-marketing-seminars.ch\/\">Site web<\/a> s'inscrire aux s\u00e9minaires.<\/p>\n<p><em>Source : <a href=\"http:\/\/www.savoir-marketing-seminars.ch\">www.savoir-marketing-seminars.ch<\/a><\/em><\/p>","protected":false},"excerpt":{"rendered":"<p>Les Savoir Marketing Seminars proposent des s\u00e9minaires de 4 jours qui combinent le savoir-faire en marketing sur la strat\u00e9gie, les annonces, le storytelling et l'IA g\u00e9n\u00e9rative avec des exp\u00e9riences inoubliables dans des lieux exclusifs dans toute la Suisse. Tous les s\u00e9minaires sont certifi\u00e9s par la Haute \u00e9cole de gestion (HWZ).<\/p>","protected":false},"author":80,"featured_media":32590,"comment_status":"closed","ping_status":"closed","sticky":false,"template":"","format":"standard","meta":{"_acf_changed":false,"_yoast_wpseo_focuskw":"Marketing","_yoast_wpseo_metadesc":"Die Savoir Marketing Seminars bieten 4-t\u00e4gige Seminare, die Fachwissen mit einzigartigen Erlebnissen in der ganzen Schweiz verbinden.","articlekey":"","footnotes":""},"categories":[30],"tags":[4737,1382,339,424,2107,518],"class_list":["post-32588","post","type-post","status-publish","format-standard","has-post-thumbnail","hentry","category-weiterbildung","tag-generative-ai","tag-hwz","tag-marketing","tag-schweiz","tag-seminare","tag-weiterbildung"],"acf":[],"yoast_head":"<!-- This site is optimized with the Yoast SEO plugin v27.5 - https:\/\/yoast.com\/product\/yoast-seo-wordpress\/ -->\n<title>Neue Marketingschule bietet Mischung aus Ferien und Lernen - Organisator<\/title>\n<meta name=\"description\" content=\"Die Savoir Marketing Seminars bieten 4-t\u00e4gige Seminare, die Fachwissen mit einzigartigen Erlebnissen in der ganzen Schweiz verbinden.\" \/>\n<meta name=\"robots\" content=\"index, follow, max-snippet:-1, max-image-preview:large, max-video-preview:-1\" \/>\n<link rel=\"canonical\" href=\"https:\/\/www.organisator.ch\/fr\/formation-continue-2\/2024-11-12\/neue-marketingschule-bietet-mischung-aus-ferien-und-lernen\/\" \/>\n<meta property=\"og:locale\" content=\"fr_FR\" \/>\n<meta property=\"og:type\" content=\"article\" \/>\n<meta property=\"og:title\" content=\"Neue Marketingschule bietet Mischung aus Ferien und Lernen\" \/>\n<meta property=\"og:description\" content=\"Die Savoir Marketing Seminars bieten 4-t\u00e4gige Seminare, die Fachwissen mit einzigartigen Erlebnissen in der ganzen Schweiz verbinden.\" \/>\n<meta property=\"og:url\" content=\"https:\/\/www.organisator.ch\/fr\/formation-continue-2\/2024-11-12\/neue-marketingschule-bietet-mischung-aus-ferien-und-lernen\/\" \/>\n<meta property=\"og:site_name\" content=\"Organisator\" \/>\n<meta property=\"article:publisher\" content=\"https:\/\/www.facebook.com\/OrganisatorFachmagazin\" \/>\n<meta property=\"article:published_time\" content=\"2024-11-12T08:51:37+00:00\" \/>\n<meta property=\"og:image\" content=\"https:\/\/www.organisator.ch\/wp-content\/uploads\/2024\/11\/Marketingschule_Bild1_ps.jpg\" \/>\n\t<meta property=\"og:image:width\" content=\"680\" \/>\n\t<meta property=\"og:image:height\" content=\"383\" \/>\n\t<meta property=\"og:image:type\" content=\"image\/jpeg\" \/>\n<meta name=\"author\" content=\"Dzana Muminovic\" \/>\n<meta name=\"twitter:card\" content=\"summary_large_image\" \/>\n<meta name=\"twitter:title\" content=\"Neue Marketingschule bietet Mischung aus Ferien und Lernen\" \/>\n<meta name=\"twitter:description\" content=\"Die #Savoir #Marketing #Seminars bieten 4-t\u00e4gige #Seminare, die #Fachwissen mit einzigartigen #Erlebnissen in der ganzen #Schweiz verbinden.\" \/>\n<meta name=\"twitter:image\" content=\"https:\/\/www.organisator.ch\/wp-content\/uploads\/2024\/11\/Marketingschule_Bild1_ps.jpg\" \/>\n<script type=\"application\/ld+json\" class=\"yoast-schema-graph\">{\"@context\":\"https:\\\/\\\/schema.org\",\"@graph\":[{\"@type\":\"Article\",\"@id\":\"https:\\\/\\\/www.organisator.ch\\\/weiterbildung\\\/2024-11-12\\\/neue-marketingschule-bietet-mischung-aus-ferien-und-lernen\\\/#article\",\"isPartOf\":{\"@id\":\"https:\\\/\\\/www.organisator.ch\\\/weiterbildung\\\/2024-11-12\\\/neue-marketingschule-bietet-mischung-aus-ferien-und-lernen\\\/\"},\"author\":{\"name\":\"Dzana Muminovic\",\"@id\":\"https:\\\/\\\/www.organisator.ch\\\/#\\\/schema\\\/person\\\/afccda3a71c06d4be2ed9100dd163db7\"},\"headline\":\"Neue Marketingschule bietet Mischung aus Ferien und Lernen\",\"datePublished\":\"2024-11-12T08:51:37+00:00\",\"mainEntityOfPage\":{\"@id\":\"https:\\\/\\\/www.organisator.ch\\\/weiterbildung\\\/2024-11-12\\\/neue-marketingschule-bietet-mischung-aus-ferien-und-lernen\\\/\"},\"wordCount\":278,\"publisher\":{\"@id\":\"https:\\\/\\\/www.organisator.ch\\\/#organization\"},\"image\":{\"@id\":\"https:\\\/\\\/www.organisator.ch\\\/weiterbildung\\\/2024-11-12\\\/neue-marketingschule-bietet-mischung-aus-ferien-und-lernen\\\/#primaryimage\"},\"thumbnailUrl\":\"https:\\\/\\\/www.organisator.ch\\\/wp-content\\\/uploads\\\/2024\\\/11\\\/Marketingschule_Bild1_ps.jpg\",\"keywords\":[\"Generative AI\",\"HWZ\",\"Marketing\",\"Schweiz\",\"Seminare\",\"Weiterbildung\"],\"articleSection\":[\"WEITERBILDUNG\"],\"inLanguage\":\"fr-FR\"},{\"@type\":\"WebPage\",\"@id\":\"https:\\\/\\\/www.organisator.ch\\\/weiterbildung\\\/2024-11-12\\\/neue-marketingschule-bietet-mischung-aus-ferien-und-lernen\\\/\",\"url\":\"https:\\\/\\\/www.organisator.ch\\\/weiterbildung\\\/2024-11-12\\\/neue-marketingschule-bietet-mischung-aus-ferien-und-lernen\\\/\",\"name\":\"Neue Marketingschule bietet Mischung aus Ferien und Lernen - Organisator\",\"isPartOf\":{\"@id\":\"https:\\\/\\\/www.organisator.ch\\\/#website\"},\"primaryImageOfPage\":{\"@id\":\"https:\\\/\\\/www.organisator.ch\\\/weiterbildung\\\/2024-11-12\\\/neue-marketingschule-bietet-mischung-aus-ferien-und-lernen\\\/#primaryimage\"},\"image\":{\"@id\":\"https:\\\/\\\/www.organisator.ch\\\/weiterbildung\\\/2024-11-12\\\/neue-marketingschule-bietet-mischung-aus-ferien-und-lernen\\\/#primaryimage\"},\"thumbnailUrl\":\"https:\\\/\\\/www.organisator.ch\\\/wp-content\\\/uploads\\\/2024\\\/11\\\/Marketingschule_Bild1_ps.jpg\",\"datePublished\":\"2024-11-12T08:51:37+00:00\",\"description\":\"Die Savoir Marketing Seminars bieten 4-t\u00e4gige Seminare, die Fachwissen mit einzigartigen Erlebnissen in der ganzen Schweiz verbinden.\",\"breadcrumb\":{\"@id\":\"https:\\\/\\\/www.organisator.ch\\\/weiterbildung\\\/2024-11-12\\\/neue-marketingschule-bietet-mischung-aus-ferien-und-lernen\\\/#breadcrumb\"},\"inLanguage\":\"fr-FR\",\"potentialAction\":[{\"@type\":\"ReadAction\",\"target\":[\"https:\\\/\\\/www.organisator.ch\\\/weiterbildung\\\/2024-11-12\\\/neue-marketingschule-bietet-mischung-aus-ferien-und-lernen\\\/\"]}]},{\"@type\":\"ImageObject\",\"inLanguage\":\"fr-FR\",\"@id\":\"https:\\\/\\\/www.organisator.ch\\\/weiterbildung\\\/2024-11-12\\\/neue-marketingschule-bietet-mischung-aus-ferien-und-lernen\\\/#primaryimage\",\"url\":\"https:\\\/\\\/www.organisator.ch\\\/wp-content\\\/uploads\\\/2024\\\/11\\\/Marketingschule_Bild1_ps.jpg\",\"contentUrl\":\"https:\\\/\\\/www.organisator.ch\\\/wp-content\\\/uploads\\\/2024\\\/11\\\/Marketingschule_Bild1_ps.jpg\",\"width\":680,\"height\":383,\"caption\":\"Die Savoir Marketing Seminars bieten Weiterbildungserfahrungen, die hochwertiges Fachwissen mit einzigartigen Erlebnissen in der ganzen Schweiz verbinden. (Bild: www.savoir-marketing-seminars.ch)\"},{\"@type\":\"BreadcrumbList\",\"@id\":\"https:\\\/\\\/www.organisator.ch\\\/weiterbildung\\\/2024-11-12\\\/neue-marketingschule-bietet-mischung-aus-ferien-und-lernen\\\/#breadcrumb\",\"itemListElement\":[{\"@type\":\"ListItem\",\"position\":1,\"name\":\"Home\",\"item\":\"https:\\\/\\\/www.organisator.ch\\\/\"},{\"@type\":\"ListItem\",\"position\":2,\"name\":\"Neue Marketingschule bietet Mischung aus Ferien und Lernen\"}]},{\"@type\":\"WebSite\",\"@id\":\"https:\\\/\\\/www.organisator.ch\\\/#website\",\"url\":\"https:\\\/\\\/www.organisator.ch\\\/\",\"name\":\"Organisator\",\"description\":\"Kompetent. Praxisnah. Der ORGANISATOR bereitet in 10 Ausgaben pro Jahr die wesentlichen Themen f\u00fcr F\u00fchrungskr\u00e4fte von KMU auf.\",\"publisher\":{\"@id\":\"https:\\\/\\\/www.organisator.ch\\\/#organization\"},\"potentialAction\":[{\"@type\":\"SearchAction\",\"target\":{\"@type\":\"EntryPoint\",\"urlTemplate\":\"https:\\\/\\\/www.organisator.ch\\\/?s={search_term_string}\"},\"query-input\":{\"@type\":\"PropertyValueSpecification\",\"valueRequired\":true,\"valueName\":\"search_term_string\"}}],\"inLanguage\":\"fr-FR\"},{\"@type\":\"Organization\",\"@id\":\"https:\\\/\\\/www.organisator.ch\\\/#organization\",\"name\":\"Organisator\",\"url\":\"https:\\\/\\\/www.organisator.ch\\\/\",\"logo\":{\"@type\":\"ImageObject\",\"inLanguage\":\"fr-FR\",\"@id\":\"https:\\\/\\\/www.organisator.ch\\\/#\\\/schema\\\/logo\\\/image\\\/\",\"url\":\"https:\\\/\\\/www.organisator.ch\\\/wp-content\\\/uploads\\\/2022\\\/01\\\/Logo_Organisator_Website.png\",\"contentUrl\":\"https:\\\/\\\/www.organisator.ch\\\/wp-content\\\/uploads\\\/2022\\\/01\\\/Logo_Organisator_Website.png\",\"width\":800,\"height\":77,\"caption\":\"Organisator\"},\"image\":{\"@id\":\"https:\\\/\\\/www.organisator.ch\\\/#\\\/schema\\\/logo\\\/image\\\/\"},\"sameAs\":[\"https:\\\/\\\/www.facebook.com\\\/OrganisatorFachmagazin\",\"https:\\\/\\\/www.linkedin.com\\\/showcase\\\/organisator-das-magazin-fr-kmu\",\"https:\\\/\\\/www.xing.com\\\/news\\\/pages\\\/organisator-ch-695\",\"https:\\\/\\\/www.youtube.com\\\/channel\\\/UCGP2Sq0iWaZwT3BdIAQFYpw\"]},{\"@type\":\"Person\",\"@id\":\"https:\\\/\\\/www.organisator.ch\\\/#\\\/schema\\\/person\\\/afccda3a71c06d4be2ed9100dd163db7\",\"name\":\"Dzana Muminovic\",\"image\":{\"@type\":\"ImageObject\",\"inLanguage\":\"fr-FR\",\"@id\":\"https:\\\/\\\/secure.gravatar.com\\\/avatar\\\/909c5c71aff4b38e88686f2ab2f1ba152571f394f41ed8bae431ea56ced93050?s=96&d=mm&r=g\",\"url\":\"https:\\\/\\\/secure.gravatar.com\\\/avatar\\\/909c5c71aff4b38e88686f2ab2f1ba152571f394f41ed8bae431ea56ced93050?s=96&d=mm&r=g\",\"contentUrl\":\"https:\\\/\\\/secure.gravatar.com\\\/avatar\\\/909c5c71aff4b38e88686f2ab2f1ba152571f394f41ed8bae431ea56ced93050?s=96&d=mm&r=g\",\"caption\":\"Dzana Muminovic\"},\"url\":\"https:\\\/\\\/www.organisator.ch\\\/fr\\\/author\\\/dzana-muminovic\\\/\"}]}<\/script>\n<!-- \/ Yoast SEO plugin. -->","yoast_head_json":{"title":"La nouvelle \u00e9cole de marketing propose un m\u00e9lange de vacances et d'apprentissage - Organisateur","description":"Les Savoir Marketing Seminars proposent des s\u00e9minaires de 4 jours qui allient connaissances sp\u00e9cialis\u00e9es et exp\u00e9riences uniques dans toute la Suisse.","robots":{"index":"index","follow":"follow","max-snippet":"max-snippet:-1","max-image-preview":"max-image-preview:large","max-video-preview":"max-video-preview:-1"},"canonical":"https:\/\/www.organisator.ch\/fr\/formation-continue-2\/2024-11-12\/neue-marketingschule-bietet-mischung-aus-ferien-und-lernen\/","og_locale":"fr_FR","og_type":"article","og_title":"Neue Marketingschule bietet Mischung aus Ferien und Lernen","og_description":"Die Savoir Marketing Seminars bieten 4-t\u00e4gige Seminare, die Fachwissen mit einzigartigen Erlebnissen in der ganzen Schweiz verbinden.","og_url":"https:\/\/www.organisator.ch\/fr\/formation-continue-2\/2024-11-12\/neue-marketingschule-bietet-mischung-aus-ferien-und-lernen\/","og_site_name":"Organisator","article_publisher":"https:\/\/www.facebook.com\/OrganisatorFachmagazin","article_published_time":"2024-11-12T08:51:37+00:00","og_image":[{"width":680,"height":383,"url":"https:\/\/www.organisator.ch\/wp-content\/uploads\/2024\/11\/Marketingschule_Bild1_ps.jpg","type":"image\/jpeg"}],"author":"Dzana Muminovic","twitter_card":"summary_large_image","twitter_title":"Neue Marketingschule bietet Mischung aus Ferien und Lernen","twitter_description":"Die #Savoir #Marketing #Seminars bieten 4-t\u00e4gige #Seminare, die #Fachwissen mit einzigartigen #Erlebnissen in der ganzen #Schweiz verbinden.","twitter_image":"https:\/\/www.organisator.ch\/wp-content\/uploads\/2024\/11\/Marketingschule_Bild1_ps.jpg","schema":{"@context":"https:\/\/schema.org","@graph":[{"@type":"Article","@id":"https:\/\/www.organisator.ch\/weiterbildung\/2024-11-12\/neue-marketingschule-bietet-mischung-aus-ferien-und-lernen\/#article","isPartOf":{"@id":"https:\/\/www.organisator.ch\/weiterbildung\/2024-11-12\/neue-marketingschule-bietet-mischung-aus-ferien-und-lernen\/"},"author":{"name":"Dzana Muminovic","@id":"https:\/\/www.organisator.ch\/#\/schema\/person\/afccda3a71c06d4be2ed9100dd163db7"},"headline":"Neue Marketingschule bietet Mischung aus Ferien und Lernen","datePublished":"2024-11-12T08:51:37+00:00","mainEntityOfPage":{"@id":"https:\/\/www.organisator.ch\/weiterbildung\/2024-11-12\/neue-marketingschule-bietet-mischung-aus-ferien-und-lernen\/"},"wordCount":278,"publisher":{"@id":"https:\/\/www.organisator.ch\/#organization"},"image":{"@id":"https:\/\/www.organisator.ch\/weiterbildung\/2024-11-12\/neue-marketingschule-bietet-mischung-aus-ferien-und-lernen\/#primaryimage"},"thumbnailUrl":"https:\/\/www.organisator.ch\/wp-content\/uploads\/2024\/11\/Marketingschule_Bild1_ps.jpg","keywords":["Generative AI","HWZ","Marketing","Schweiz","Seminare","Weiterbildung"],"articleSection":["WEITERBILDUNG"],"inLanguage":"fr-FR"},{"@type":"WebPage","@id":"https:\/\/www.organisator.ch\/weiterbildung\/2024-11-12\/neue-marketingschule-bietet-mischung-aus-ferien-und-lernen\/","url":"https:\/\/www.organisator.ch\/weiterbildung\/2024-11-12\/neue-marketingschule-bietet-mischung-aus-ferien-und-lernen\/","name":"La nouvelle \u00e9cole de marketing propose un m\u00e9lange de vacances et d'apprentissage - Organisateur","isPartOf":{"@id":"https:\/\/www.organisator.ch\/#website"},"primaryImageOfPage":{"@id":"https:\/\/www.organisator.ch\/weiterbildung\/2024-11-12\/neue-marketingschule-bietet-mischung-aus-ferien-und-lernen\/#primaryimage"},"image":{"@id":"https:\/\/www.organisator.ch\/weiterbildung\/2024-11-12\/neue-marketingschule-bietet-mischung-aus-ferien-und-lernen\/#primaryimage"},"thumbnailUrl":"https:\/\/www.organisator.ch\/wp-content\/uploads\/2024\/11\/Marketingschule_Bild1_ps.jpg","datePublished":"2024-11-12T08:51:37+00:00","description":"Les Savoir Marketing Seminars proposent des s\u00e9minaires de 4 jours qui allient connaissances sp\u00e9cialis\u00e9es et exp\u00e9riences uniques dans toute la Suisse.","breadcrumb":{"@id":"https:\/\/www.organisator.ch\/weiterbildung\/2024-11-12\/neue-marketingschule-bietet-mischung-aus-ferien-und-lernen\/#breadcrumb"},"inLanguage":"fr-FR","potentialAction":[{"@type":"ReadAction","target":["https:\/\/www.organisator.ch\/weiterbildung\/2024-11-12\/neue-marketingschule-bietet-mischung-aus-ferien-und-lernen\/"]}]},{"@type":"ImageObject","inLanguage":"fr-FR","@id":"https:\/\/www.organisator.ch\/weiterbildung\/2024-11-12\/neue-marketingschule-bietet-mischung-aus-ferien-und-lernen\/#primaryimage","url":"https:\/\/www.organisator.ch\/wp-content\/uploads\/2024\/11\/Marketingschule_Bild1_ps.jpg","contentUrl":"https:\/\/www.organisator.ch\/wp-content\/uploads\/2024\/11\/Marketingschule_Bild1_ps.jpg","width":680,"height":383,"caption":"Die Savoir Marketing Seminars bieten Weiterbildungserfahrungen, die hochwertiges Fachwissen mit einzigartigen Erlebnissen in der ganzen Schweiz verbinden. (Bild: www.savoir-marketing-seminars.ch)"},{"@type":"BreadcrumbList","@id":"https:\/\/www.organisator.ch\/weiterbildung\/2024-11-12\/neue-marketingschule-bietet-mischung-aus-ferien-und-lernen\/#breadcrumb","itemListElement":[{"@type":"ListItem","position":1,"name":"Home","item":"https:\/\/www.organisator.ch\/"},{"@type":"ListItem","position":2,"name":"Neue Marketingschule bietet Mischung aus Ferien und Lernen"}]},{"@type":"WebSite","@id":"https:\/\/www.organisator.ch\/#website","url":"https:\/\/www.organisator.ch\/","name":"Organisateur","description":"Comp\u00e9tence et comp\u00e9tence. Proches de la pratique. L'ORGANISATEUR pr\u00e9pare 10 num\u00e9ros par an sur les th\u00e8mes essentiels pour les dirigeants de PME.","publisher":{"@id":"https:\/\/www.organisator.ch\/#organization"},"potentialAction":[{"@type":"SearchAction","target":{"@type":"EntryPoint","urlTemplate":"https:\/\/www.organisator.ch\/?s={search_term_string}"},"query-input":{"@type":"PropertyValueSpecification","valueRequired":true,"valueName":"search_term_string"}}],"inLanguage":"fr-FR"},{"@type":"Organization","@id":"https:\/\/www.organisator.ch\/#organization","name":"Organisateur","url":"https:\/\/www.organisator.ch\/","logo":{"@type":"ImageObject","inLanguage":"fr-FR","@id":"https:\/\/www.organisator.ch\/#\/schema\/logo\/image\/","url":"https:\/\/www.organisator.ch\/wp-content\/uploads\/2022\/01\/Logo_Organisator_Website.png","contentUrl":"https:\/\/www.organisator.ch\/wp-content\/uploads\/2022\/01\/Logo_Organisator_Website.png","width":800,"height":77,"caption":"Organisator"},"image":{"@id":"https:\/\/www.organisator.ch\/#\/schema\/logo\/image\/"},"sameAs":["https:\/\/www.facebook.com\/OrganisatorFachmagazin","https:\/\/www.linkedin.com\/showcase\/organisator-das-magazin-fr-kmu","https:\/\/www.xing.com\/news\/pages\/organisator-ch-695","https:\/\/www.youtube.com\/channel\/UCGP2Sq0iWaZwT3BdIAQFYpw"]},{"@type":"Person","@id":"https:\/\/www.organisator.ch\/#\/schema\/person\/afccda3a71c06d4be2ed9100dd163db7","name":"Dzana Muminovic","image":{"@type":"ImageObject","inLanguage":"fr-FR","@id":"https:\/\/secure.gravatar.com\/avatar\/909c5c71aff4b38e88686f2ab2f1ba152571f394f41ed8bae431ea56ced93050?s=96&d=mm&r=g","url":"https:\/\/secure.gravatar.com\/avatar\/909c5c71aff4b38e88686f2ab2f1ba152571f394f41ed8bae431ea56ced93050?s=96&d=mm&r=g","contentUrl":"https:\/\/secure.gravatar.com\/avatar\/909c5c71aff4b38e88686f2ab2f1ba152571f394f41ed8bae431ea56ced93050?s=96&d=mm&r=g","caption":"Dzana Muminovic"},"url":"https:\/\/www.organisator.ch\/fr\/author\/dzana-muminovic\/"}]}},"_links":{"self":[{"href":"https:\/\/www.organisator.ch\/fr\/wp-json\/wp\/v2\/posts\/32588","targetHints":{"allow":["GET"]}}],"collection":[{"href":"https:\/\/www.organisator.ch\/fr\/wp-json\/wp\/v2\/posts"}],"about":[{"href":"https:\/\/www.organisator.ch\/fr\/wp-json\/wp\/v2\/types\/post"}],"author":[{"embeddable":true,"href":"https:\/\/www.organisator.ch\/fr\/wp-json\/wp\/v2\/users\/80"}],"replies":[{"embeddable":true,"href":"https:\/\/www.organisator.ch\/fr\/wp-json\/wp\/v2\/comments?post=32588"}],"version-history":[{"count":3,"href":"https:\/\/www.organisator.ch\/fr\/wp-json\/wp\/v2\/posts\/32588\/revisions"}],"predecessor-version":[{"id":32690,"href":"https:\/\/www.organisator.ch\/fr\/wp-json\/wp\/v2\/posts\/32588\/revisions\/32690"}],"wp:featuredmedia":[{"embeddable":true,"href":"https:\/\/www.organisator.ch\/fr\/wp-json\/wp\/v2\/media\/32590"}],"wp:attachment":[{"href":"https:\/\/www.organisator.ch\/fr\/wp-json\/wp\/v2\/media?parent=32588"}],"wp:term":[{"taxonomy":"category","embeddable":true,"href":"https:\/\/www.organisator.ch\/fr\/wp-json\/wp\/v2\/categories?post=32588"},{"taxonomy":"post_tag","embeddable":true,"href":"https:\/\/www.organisator.ch\/fr\/wp-json\/wp\/v2\/tags?post=32588"}],"curies":[{"name":"wp","href":"https:\/\/api.w.org\/{rel}","templated":true}]}}