{"id":3277,"date":"2018-03-15T08:00:00","date_gmt":"2018-03-15T07:00:00","guid":{"rendered":"https:\/\/www.organisator.ch\/?p=3277"},"modified":"2018-03-15T08:00:00","modified_gmt":"2018-03-15T07:00:00","slug":"personal-swiss-mit-schwerpunkt-bgm","status":"publish","type":"post","link":"https:\/\/www.organisator.ch\/fr\/human-resources\/fit_im_job\/2018-03-15\/personal-swiss-mit-schwerpunkt-bgm\/","title":{"rendered":"Personal Swiss avec accent sur la GSE"},"content":{"rendered":"<figure id=\"attachment_3278\" aria-describedby=\"caption-attachment-3278\" style=\"width: 680px\" class=\"wp-caption alignnone\"><img loading=\"lazy\" decoding=\"async\" class=\"size-medium wp-image-3278\" src=\"https:\/\/www.organisator.ch\/wp-content\/uploads\/2018\/03\/2018_03_FiJ_PersonalSwiss_Bild-Hi_1558807.jpg\" alt=\"&lt;li class=&quot;artikel_legende&quot;&gt;Cette ann\u00e9e encore, les professionnels des ressources humaines trouveront une foule d&#039;informations sur les th\u00e8mes de la GRH et de la GSE.&lt;\/li&gt;\" width=\"680\" height=\"454\" srcset=\"https:\/\/www.organisator.ch\/wp-content\/uploads\/2018\/03\/2018_03_FiJ_PersonalSwiss_Bild-Hi_1558807.jpg 2000w, https:\/\/www.organisator.ch\/wp-content\/uploads\/2018\/03\/2018_03_FiJ_PersonalSwiss_Bild-Hi_1558807-680x454.jpg 680w, https:\/\/www.organisator.ch\/wp-content\/uploads\/2018\/03\/2018_03_FiJ_PersonalSwiss_Bild-Hi_1558807-1024x684.jpg 1024w, https:\/\/www.organisator.ch\/wp-content\/uploads\/2018\/03\/2018_03_FiJ_PersonalSwiss_Bild-Hi_1558807-768x513.jpg 768w, https:\/\/www.organisator.ch\/wp-content\/uploads\/2018\/03\/2018_03_FiJ_PersonalSwiss_Bild-Hi_1558807-1536x1025.jpg 1536w, https:\/\/www.organisator.ch\/wp-content\/uploads\/2018\/03\/2018_03_FiJ_PersonalSwiss_Bild-Hi_1558807-16x12.jpg 16w, https:\/\/www.organisator.ch\/wp-content\/uploads\/2018\/03\/2018_03_FiJ_PersonalSwiss_Bild-Hi_1558807-262x175.jpg 262w, https:\/\/www.organisator.ch\/wp-content\/uploads\/2018\/03\/2018_03_FiJ_PersonalSwiss_Bild-Hi_1558807-524x350.jpg 524w, https:\/\/www.organisator.ch\/wp-content\/uploads\/2018\/03\/2018_03_FiJ_PersonalSwiss_Bild-Hi_1558807-1199x800.jpg 1199w, https:\/\/www.organisator.ch\/wp-content\/uploads\/2018\/03\/2018_03_FiJ_PersonalSwiss_Bild-Hi_1558807-920x614.jpg 920w, https:\/\/www.organisator.ch\/wp-content\/uploads\/2018\/03\/2018_03_FiJ_PersonalSwiss_Bild-Hi_1558807-1400x935.jpg 1400w, https:\/\/www.organisator.ch\/wp-content\/uploads\/2018\/03\/2018_03_FiJ_PersonalSwiss_Bild-Hi_1558807-300x200.jpg 300w\" sizes=\"auto, (max-width: 680px) 100vw, 680px\" \/><figcaption id=\"caption-attachment-3278\" class=\"wp-caption-text\">Cette ann\u00e9e encore, les sp\u00e9cialistes des ressources humaines trouveront au Personal Swiss une foule d'informations sur les th\u00e8mes de la GRH et de la GSE. (Photo : Julius Hatt \/ Personal Swiss)<\/figcaption><\/figure>\n<p>Outre les th\u00e8mes RH \"classiques\", le Personal Swiss se concentrera cette ann\u00e9e, le premier jour du salon, sur la gestion de la sant\u00e9 en entreprise (GSE). Le th\u00e8me de la \"sant\u00e9 au travail\" sera ainsi davantage mis en avant.<\/p>\n<h2><strong>Une journ\u00e9e sous le signe du BGM<\/strong><\/h2>\n<p>Sous l'\u00e9gide de la fondation Promotion Sant\u00e9 Suisse, la journ\u00e9e th\u00e9matique du 17 avril 2018 est l'occasion de trouver des id\u00e9es pour l'application et la mise en \u0153uvre d'une gestion de la sant\u00e9 en entreprise dans sa propre entreprise. Divers exposants pr\u00e9senteront leurs prestations dans ce domaine et des experts, notamment de la Ligue suisse contre le cancer, de la Soci\u00e9t\u00e9 Suisse de Nutrition SSN, de la Ligue pulmonaire des deux B\u00e2le ou du r\u00e9seau GSE.ch, partageront leur savoir-faire et leurs exp\u00e9riences avec les visiteurs du salon sur une sc\u00e8ne de conf\u00e9rences d\u00e9di\u00e9e. Ainsi, Urs Hof, membre du groupe d'accompagnement de l'action \"Pr\u00e9vention au bureau\" de la Commission f\u00e9d\u00e9rale de coordination pour la s\u00e9curit\u00e9 au travail CFST, parlera de la position de travail correcte au poste de travail de bureau et pr\u00e9sentera en outre diff\u00e9rents outils num\u00e9riques. Le th\u00e8me \"Pr\u00e9vention du burnout et nouvelles formes de travail\" est \u00e9galement au programme : le Dr Hildburg Porschke de la clinique priv\u00e9e Oberwaid s'exprimera \u00e0 ce sujet. Les apprentis doivent \u00e9galement faire l'objet d'une attention particuli\u00e8re pour les programmes de promotion de la sant\u00e9 : Le projet \"Friendly Work Space Apprentice\" a pour objectif de renforcer la sant\u00e9 psychique des jeunes dans l'environnement de l'entreprise. Ce projet sera pr\u00e9sent\u00e9 par Anita Blum de la fondation Promotion Sant\u00e9 Suisse.<\/p>\n<h2><strong>Pr\u00e9vention des accidents et du stress<\/strong><\/h2>\n<p>Le comportement pendant les loisirs influence \u00e9galement la vie professionnelle : un million d'accidents se produisent chaque ann\u00e9e en Suisse en dehors du temps de travail, dont la moiti\u00e9 concerne des personnes au milieu de leur vie professionnelle. Selon le Bureau de pr\u00e9vention des accidents (bpa), il est donc n\u00e9cessaire d'agir. Lors de la \"Journ\u00e9e de la gestion de la sant\u00e9 en entreprise\", Jeannette Jufer, responsable adjointe des entreprises au bpa, montrera comment et avec quels moyens une pr\u00e9vention durable peut \u00eatre introduite et mise en \u0153uvre dans les entreprises.<\/p>\n<p>Konrad Wiesendanger, propri\u00e9taire d'ergosens, sait lui aussi que l'activit\u00e9 physique - que ce soit au travail ou pendant les loisirs - est fondamentalement positive. Il ne s'agit toutefois pas pour lui de faire de l'exercice physique, mais de pratiquer des mouvements de pleine conscience pour lutter contre le stress. La pleine conscience par le mouvement a l'avantage de pouvoir \u00eatre utilis\u00e9e directement pendant l'exp\u00e9rience du stress et de conduire \u00e0 un recentrage imm\u00e9diat, expliquera Wiesendanger au public.<\/p>\n<h2><strong>Parcours de sant\u00e9<\/strong><\/h2>\n<p>Un autre \u00e9l\u00e9ment du programme de la Journ\u00e9e de la gestion de la sant\u00e9 en entreprise est le parcours de sant\u00e9 : les exposants y font vivre la GSE aux visiteurs. Les visiteurs du salon passent par diff\u00e9rents postes et re\u00e7oivent une fiche d'information sur chaque th\u00e8me trait\u00e9, afin qu'ils puissent ensuite mettre en pratique ce qu'ils ont appris dans leur propre entreprise ou appliquer les connaissances acquises. La participation au parcours de sant\u00e9 est reconnue comme formation continue par la Soci\u00e9t\u00e9 Suisse de S\u00e9curit\u00e9 au Travail (SSST). Pour pouvoir faire valoir des unit\u00e9s de formation continue, il faut avoir suivi au moins deux heures du parcours \/ des conf\u00e9rences.<\/p>\n<p><em><strong>17e salon professionnel pour HRM, Recruiting Solutions, trainings to business &amp; Corporate Health<br \/>\n<\/strong><\/em><em>Mardi 17 avril 2018, de 9h \u00e0 17h30<br \/>\n<\/em><em>Mercredi 18 avril 2018, de 9h \u00e0 17h30<br \/>\n<\/em><em>Foire de Zurich, halls 5 &amp; 6<\/em><\/p>\n<p><em><a href=\"http:\/\/www.personal-swiss.ch\">www.personal-swiss.ch<\/a><\/em><\/p>","protected":false},"excerpt":{"rendered":"<p>Neben den \u00abklassischen\u00bb HR-Themen steht an der Personal Swiss dieses Jahr am ersten Messetag das Betriebliche Gesundheitsmanagement BGM im Zentrum. Das Thema \u00abGesundheit am Arbeitsplatz\u00bb r\u00fcckt so verst\u00e4rkt in den Fokus. Ein Tag im Zeichen des BGM Unter der Schirmherrschaft der Stiftung Gesundheitsf\u00f6rderung Schweiz bietet der \u00adThementag am 17. April 2018 eine Ge\u00adlegenheit, sich Anregungen [&hellip;]<\/p>\n","protected":false},"author":7,"featured_media":3278,"comment_status":"open","ping_status":"open","sticky":false,"template":"","format":"standard","meta":{"_acf_changed":false,"_yoast_wpseo_focuskw":"Personal Swiss","_yoast_wpseo_metadesc":"Am 17. und 18. April 2018 findet in den Hallen 5 und 6 der Messe Z\u00fcrich erneut die Personal Swiss statt. Die Fachmesse f\u00fcr HRM, Recruiting-L\u00f6sungen, Trainings to Business und Corporate Health findet zum 17. Mal statt.","articlekey":"","footnotes":""},"categories":[25],"tags":[77,193,208],"class_list":["post-3277","post","type-post","status-publish","format-standard","has-post-thumbnail","hentry","category-fit_im_job","tag-betriebliches-gesundheitsmanagement","tag-fachkongressfachmesse","tag-fit-im-job"],"acf":[],"yoast_head":"<!-- This site is optimized with the Yoast SEO plugin v27.5 - https:\/\/yoast.com\/product\/yoast-seo-wordpress\/ -->\n<title>Personal Swiss mit Schwerpunkt BGM - Organisator<\/title>\n<meta name=\"description\" content=\"Am 17. und 18. April 2018 findet in den Hallen 5 und 6 der Messe Z\u00fcrich erneut die Personal Swiss statt. Die Fachmesse f\u00fcr HRM, Recruiting-L\u00f6sungen, Trainings to Business und Corporate Health findet zum 17. Mal statt.\" \/>\n<meta name=\"robots\" content=\"index, follow, max-snippet:-1, max-image-preview:large, max-video-preview:-1\" \/>\n<link rel=\"canonical\" href=\"https:\/\/www.organisator.ch\/fr\/ressources-humaines\/fit_im_job\/2018-03-15\/personal-swiss-mit-schwerpunkt-bgm\/\" \/>\n<meta property=\"og:locale\" content=\"fr_FR\" \/>\n<meta property=\"og:type\" content=\"article\" \/>\n<meta property=\"og:title\" content=\"Personal Swiss mit Schwerpunkt BGM\" \/>\n<meta property=\"og:description\" content=\"Am 17. und 18. April 2018 findet in den Hallen 5 und 6 der Messe Z\u00fcrich erneut die #PersonalSwiss statt. Die #Fachmesse f\u00fcr #HRM, #Recruiting-L\u00f6sungen, Trainings to Business und Corporate #Health findet zum 17. Mal statt.\" \/>\n<meta property=\"og:url\" content=\"https:\/\/www.organisator.ch\/fr\/ressources-humaines\/fit_im_job\/2018-03-15\/personal-swiss-mit-schwerpunkt-bgm\/\" \/>\n<meta property=\"og:site_name\" content=\"Organisator\" \/>\n<meta property=\"article:publisher\" content=\"https:\/\/www.facebook.com\/OrganisatorFachmagazin\" \/>\n<meta property=\"article:published_time\" content=\"2018-03-15T07:00:00+00:00\" \/>\n<meta property=\"og:image\" content=\"https:\/\/www.organisator.ch\/wp-content\/uploads\/2018\/03\/2018_03_FiJ_PersonalSwiss_Bild-Hi_1558807.jpg\" \/>\n\t<meta property=\"og:image:width\" content=\"2000\" \/>\n\t<meta property=\"og:image:height\" content=\"1335\" \/>\n\t<meta property=\"og:image:type\" content=\"image\/jpeg\" \/>\n<meta name=\"author\" content=\"K4-Import\" \/>\n<meta name=\"twitter:card\" content=\"summary_large_image\" \/>\n<meta name=\"twitter:title\" content=\"#PersonalSwiss mit Schwerpunkt #BGM\" \/>\n<meta name=\"twitter:description\" content=\"Am 17. und 18. April 2018 findet in den Hallen 5 und 6 der Messe Z\u00fcrich erneut die Personal Swiss statt. Die #Fachmesse f\u00fcr #HRM, #Recruiting-L\u00f6sungen, Trainings to Business und Corporate #Health findet zum 17. Mal statt.\" \/>\n<meta name=\"twitter:image\" content=\"https:\/\/www.organisator.ch\/wp-content\/uploads\/2018\/03\/2018_03_FiJ_PersonalSwiss_Bild-Hi_1558807.jpg\" \/>\n<script type=\"application\/ld+json\" class=\"yoast-schema-graph\">{\"@context\":\"https:\\\/\\\/schema.org\",\"@graph\":[{\"@type\":\"Article\",\"@id\":\"https:\\\/\\\/www.organisator.ch\\\/human-resources\\\/fit_im_job\\\/2018-03-15\\\/personal-swiss-mit-schwerpunkt-bgm\\\/#article\",\"isPartOf\":{\"@id\":\"https:\\\/\\\/www.organisator.ch\\\/human-resources\\\/fit_im_job\\\/2018-03-15\\\/personal-swiss-mit-schwerpunkt-bgm\\\/\"},\"author\":{\"name\":\"K4-Import\",\"@id\":\"https:\\\/\\\/www.organisator.ch\\\/#\\\/schema\\\/person\\\/dd8ffea01043c9c41d7718296a158fac\"},\"headline\":\"Personal Swiss mit Schwerpunkt BGM\",\"datePublished\":\"2018-03-15T07:00:00+00:00\",\"mainEntityOfPage\":{\"@id\":\"https:\\\/\\\/www.organisator.ch\\\/human-resources\\\/fit_im_job\\\/2018-03-15\\\/personal-swiss-mit-schwerpunkt-bgm\\\/\"},\"wordCount\":539,\"commentCount\":0,\"publisher\":{\"@id\":\"https:\\\/\\\/www.organisator.ch\\\/#organization\"},\"image\":{\"@id\":\"https:\\\/\\\/www.organisator.ch\\\/human-resources\\\/fit_im_job\\\/2018-03-15\\\/personal-swiss-mit-schwerpunkt-bgm\\\/#primaryimage\"},\"thumbnailUrl\":\"https:\\\/\\\/www.organisator.ch\\\/wp-content\\\/uploads\\\/2018\\\/03\\\/2018_03_FiJ_PersonalSwiss_Bild-Hi_1558807.jpg\",\"keywords\":[\"Betriebliches Gesundheitsmanagement\",\"Fachkongress\\\/Fachmesse\",\"Fit im Job\"],\"articleSection\":[\"FIT IM JOB\"],\"inLanguage\":\"fr-FR\"},{\"@type\":\"WebPage\",\"@id\":\"https:\\\/\\\/www.organisator.ch\\\/human-resources\\\/fit_im_job\\\/2018-03-15\\\/personal-swiss-mit-schwerpunkt-bgm\\\/\",\"url\":\"https:\\\/\\\/www.organisator.ch\\\/human-resources\\\/fit_im_job\\\/2018-03-15\\\/personal-swiss-mit-schwerpunkt-bgm\\\/\",\"name\":\"Personal Swiss mit Schwerpunkt BGM - Organisator\",\"isPartOf\":{\"@id\":\"https:\\\/\\\/www.organisator.ch\\\/#website\"},\"primaryImageOfPage\":{\"@id\":\"https:\\\/\\\/www.organisator.ch\\\/human-resources\\\/fit_im_job\\\/2018-03-15\\\/personal-swiss-mit-schwerpunkt-bgm\\\/#primaryimage\"},\"image\":{\"@id\":\"https:\\\/\\\/www.organisator.ch\\\/human-resources\\\/fit_im_job\\\/2018-03-15\\\/personal-swiss-mit-schwerpunkt-bgm\\\/#primaryimage\"},\"thumbnailUrl\":\"https:\\\/\\\/www.organisator.ch\\\/wp-content\\\/uploads\\\/2018\\\/03\\\/2018_03_FiJ_PersonalSwiss_Bild-Hi_1558807.jpg\",\"datePublished\":\"2018-03-15T07:00:00+00:00\",\"description\":\"Am 17. und 18. April 2018 findet in den Hallen 5 und 6 der Messe Z\u00fcrich erneut die Personal Swiss statt. Die Fachmesse f\u00fcr HRM, Recruiting-L\u00f6sungen, Trainings to Business und Corporate Health findet zum 17. Mal statt.\",\"breadcrumb\":{\"@id\":\"https:\\\/\\\/www.organisator.ch\\\/human-resources\\\/fit_im_job\\\/2018-03-15\\\/personal-swiss-mit-schwerpunkt-bgm\\\/#breadcrumb\"},\"inLanguage\":\"fr-FR\",\"potentialAction\":[{\"@type\":\"ReadAction\",\"target\":[\"https:\\\/\\\/www.organisator.ch\\\/human-resources\\\/fit_im_job\\\/2018-03-15\\\/personal-swiss-mit-schwerpunkt-bgm\\\/\"]}]},{\"@type\":\"ImageObject\",\"inLanguage\":\"fr-FR\",\"@id\":\"https:\\\/\\\/www.organisator.ch\\\/human-resources\\\/fit_im_job\\\/2018-03-15\\\/personal-swiss-mit-schwerpunkt-bgm\\\/#primaryimage\",\"url\":\"https:\\\/\\\/www.organisator.ch\\\/wp-content\\\/uploads\\\/2018\\\/03\\\/2018_03_FiJ_PersonalSwiss_Bild-Hi_1558807.jpg\",\"contentUrl\":\"https:\\\/\\\/www.organisator.ch\\\/wp-content\\\/uploads\\\/2018\\\/03\\\/2018_03_FiJ_PersonalSwiss_Bild-Hi_1558807.jpg\",\"width\":2000,\"height\":1335,\"caption\":\"Auch in diesem Jahr finden Personalfachleute eine F\u00fclle an Informationen zu HRM- und BGM-Themen. (Bild: Julius Hatt \\\/ Personal Swiss)\"},{\"@type\":\"BreadcrumbList\",\"@id\":\"https:\\\/\\\/www.organisator.ch\\\/human-resources\\\/fit_im_job\\\/2018-03-15\\\/personal-swiss-mit-schwerpunkt-bgm\\\/#breadcrumb\",\"itemListElement\":[{\"@type\":\"ListItem\",\"position\":1,\"name\":\"Home\",\"item\":\"https:\\\/\\\/www.organisator.ch\\\/\"},{\"@type\":\"ListItem\",\"position\":2,\"name\":\"Personal Swiss mit Schwerpunkt BGM\"}]},{\"@type\":\"WebSite\",\"@id\":\"https:\\\/\\\/www.organisator.ch\\\/#website\",\"url\":\"https:\\\/\\\/www.organisator.ch\\\/\",\"name\":\"Organisator\",\"description\":\"Kompetent. Praxisnah. Der ORGANISATOR bereitet in 10 Ausgaben pro Jahr die wesentlichen Themen f\u00fcr F\u00fchrungskr\u00e4fte von KMU auf.\",\"publisher\":{\"@id\":\"https:\\\/\\\/www.organisator.ch\\\/#organization\"},\"potentialAction\":[{\"@type\":\"SearchAction\",\"target\":{\"@type\":\"EntryPoint\",\"urlTemplate\":\"https:\\\/\\\/www.organisator.ch\\\/?s={search_term_string}\"},\"query-input\":{\"@type\":\"PropertyValueSpecification\",\"valueRequired\":true,\"valueName\":\"search_term_string\"}}],\"inLanguage\":\"fr-FR\"},{\"@type\":\"Organization\",\"@id\":\"https:\\\/\\\/www.organisator.ch\\\/#organization\",\"name\":\"Organisator\",\"url\":\"https:\\\/\\\/www.organisator.ch\\\/\",\"logo\":{\"@type\":\"ImageObject\",\"inLanguage\":\"fr-FR\",\"@id\":\"https:\\\/\\\/www.organisator.ch\\\/#\\\/schema\\\/logo\\\/image\\\/\",\"url\":\"https:\\\/\\\/www.organisator.ch\\\/wp-content\\\/uploads\\\/2022\\\/01\\\/Logo_Organisator_Website.png\",\"contentUrl\":\"https:\\\/\\\/www.organisator.ch\\\/wp-content\\\/uploads\\\/2022\\\/01\\\/Logo_Organisator_Website.png\",\"width\":800,\"height\":77,\"caption\":\"Organisator\"},\"image\":{\"@id\":\"https:\\\/\\\/www.organisator.ch\\\/#\\\/schema\\\/logo\\\/image\\\/\"},\"sameAs\":[\"https:\\\/\\\/www.facebook.com\\\/OrganisatorFachmagazin\",\"https:\\\/\\\/www.linkedin.com\\\/showcase\\\/organisator-das-magazin-fr-kmu\",\"https:\\\/\\\/www.xing.com\\\/news\\\/pages\\\/organisator-ch-695\",\"https:\\\/\\\/www.youtube.com\\\/channel\\\/UCGP2Sq0iWaZwT3BdIAQFYpw\"]},{\"@type\":\"Person\",\"@id\":\"https:\\\/\\\/www.organisator.ch\\\/#\\\/schema\\\/person\\\/dd8ffea01043c9c41d7718296a158fac\",\"name\":\"K4-Import\",\"image\":{\"@type\":\"ImageObject\",\"inLanguage\":\"fr-FR\",\"@id\":\"https:\\\/\\\/secure.gravatar.com\\\/avatar\\\/73620ab7215a54b074cc226514e02ed65cb79211bbaee1eb49b63b57e58aaad6?s=96&d=mm&r=g\",\"url\":\"https:\\\/\\\/secure.gravatar.com\\\/avatar\\\/73620ab7215a54b074cc226514e02ed65cb79211bbaee1eb49b63b57e58aaad6?s=96&d=mm&r=g\",\"contentUrl\":\"https:\\\/\\\/secure.gravatar.com\\\/avatar\\\/73620ab7215a54b074cc226514e02ed65cb79211bbaee1eb49b63b57e58aaad6?s=96&d=mm&r=g\",\"caption\":\"K4-Import\"},\"url\":\"https:\\\/\\\/www.organisator.ch\\\/fr\\\/author\\\/k4-import\\\/\"}]}<\/script>\n<!-- \/ Yoast SEO plugin. -->","yoast_head_json":{"title":"Personal Swiss avec sp\u00e9cialisation BGM - Organisateur","description":"Les 17 et 18 avril 2018, le Personal Swiss se tiendra \u00e0 nouveau dans les halles 5 et 6 de la Foire de Zurich. Le salon sp\u00e9cialis\u00e9 en HRM, solutions de recrutement, Trainings to Business et Corporate Health se tiendra pour la 17e fois.","robots":{"index":"index","follow":"follow","max-snippet":"max-snippet:-1","max-image-preview":"max-image-preview:large","max-video-preview":"max-video-preview:-1"},"canonical":"https:\/\/www.organisator.ch\/fr\/ressources-humaines\/fit_im_job\/2018-03-15\/personal-swiss-mit-schwerpunkt-bgm\/","og_locale":"fr_FR","og_type":"article","og_title":"Personal Swiss mit Schwerpunkt BGM","og_description":"Am 17. und 18. April 2018 findet in den Hallen 5 und 6 der Messe Z\u00fcrich erneut die #PersonalSwiss statt. Die #Fachmesse f\u00fcr #HRM, #Recruiting-L\u00f6sungen, Trainings to Business und Corporate #Health findet zum 17. Mal statt.","og_url":"https:\/\/www.organisator.ch\/fr\/ressources-humaines\/fit_im_job\/2018-03-15\/personal-swiss-mit-schwerpunkt-bgm\/","og_site_name":"Organisator","article_publisher":"https:\/\/www.facebook.com\/OrganisatorFachmagazin","article_published_time":"2018-03-15T07:00:00+00:00","og_image":[{"width":2000,"height":1335,"url":"https:\/\/www.organisator.ch\/wp-content\/uploads\/2018\/03\/2018_03_FiJ_PersonalSwiss_Bild-Hi_1558807.jpg","type":"image\/jpeg"}],"author":"K4-Import","twitter_card":"summary_large_image","twitter_title":"#PersonalSwiss mit Schwerpunkt #BGM","twitter_description":"Am 17. und 18. April 2018 findet in den Hallen 5 und 6 der Messe Z\u00fcrich erneut die Personal Swiss statt. Die #Fachmesse f\u00fcr #HRM, #Recruiting-L\u00f6sungen, Trainings to Business und Corporate #Health findet zum 17. Mal statt.","twitter_image":"https:\/\/www.organisator.ch\/wp-content\/uploads\/2018\/03\/2018_03_FiJ_PersonalSwiss_Bild-Hi_1558807.jpg","schema":{"@context":"https:\/\/schema.org","@graph":[{"@type":"Article","@id":"https:\/\/www.organisator.ch\/human-resources\/fit_im_job\/2018-03-15\/personal-swiss-mit-schwerpunkt-bgm\/#article","isPartOf":{"@id":"https:\/\/www.organisator.ch\/human-resources\/fit_im_job\/2018-03-15\/personal-swiss-mit-schwerpunkt-bgm\/"},"author":{"name":"K4-Import","@id":"https:\/\/www.organisator.ch\/#\/schema\/person\/dd8ffea01043c9c41d7718296a158fac"},"headline":"Personal Swiss mit Schwerpunkt BGM","datePublished":"2018-03-15T07:00:00+00:00","mainEntityOfPage":{"@id":"https:\/\/www.organisator.ch\/human-resources\/fit_im_job\/2018-03-15\/personal-swiss-mit-schwerpunkt-bgm\/"},"wordCount":539,"commentCount":0,"publisher":{"@id":"https:\/\/www.organisator.ch\/#organization"},"image":{"@id":"https:\/\/www.organisator.ch\/human-resources\/fit_im_job\/2018-03-15\/personal-swiss-mit-schwerpunkt-bgm\/#primaryimage"},"thumbnailUrl":"https:\/\/www.organisator.ch\/wp-content\/uploads\/2018\/03\/2018_03_FiJ_PersonalSwiss_Bild-Hi_1558807.jpg","keywords":["Betriebliches Gesundheitsmanagement","Fachkongress\/Fachmesse","Fit im Job"],"articleSection":["FIT IM JOB"],"inLanguage":"fr-FR"},{"@type":"WebPage","@id":"https:\/\/www.organisator.ch\/human-resources\/fit_im_job\/2018-03-15\/personal-swiss-mit-schwerpunkt-bgm\/","url":"https:\/\/www.organisator.ch\/human-resources\/fit_im_job\/2018-03-15\/personal-swiss-mit-schwerpunkt-bgm\/","name":"Personal Swiss avec sp\u00e9cialisation BGM - Organisateur","isPartOf":{"@id":"https:\/\/www.organisator.ch\/#website"},"primaryImageOfPage":{"@id":"https:\/\/www.organisator.ch\/human-resources\/fit_im_job\/2018-03-15\/personal-swiss-mit-schwerpunkt-bgm\/#primaryimage"},"image":{"@id":"https:\/\/www.organisator.ch\/human-resources\/fit_im_job\/2018-03-15\/personal-swiss-mit-schwerpunkt-bgm\/#primaryimage"},"thumbnailUrl":"https:\/\/www.organisator.ch\/wp-content\/uploads\/2018\/03\/2018_03_FiJ_PersonalSwiss_Bild-Hi_1558807.jpg","datePublished":"2018-03-15T07:00:00+00:00","description":"Les 17 et 18 avril 2018, le Personal Swiss se tiendra \u00e0 nouveau dans les halles 5 et 6 de la Foire de Zurich. Le salon sp\u00e9cialis\u00e9 en HRM, solutions de recrutement, Trainings to Business et Corporate Health se tiendra pour la 17e fois.","breadcrumb":{"@id":"https:\/\/www.organisator.ch\/human-resources\/fit_im_job\/2018-03-15\/personal-swiss-mit-schwerpunkt-bgm\/#breadcrumb"},"inLanguage":"fr-FR","potentialAction":[{"@type":"ReadAction","target":["https:\/\/www.organisator.ch\/human-resources\/fit_im_job\/2018-03-15\/personal-swiss-mit-schwerpunkt-bgm\/"]}]},{"@type":"ImageObject","inLanguage":"fr-FR","@id":"https:\/\/www.organisator.ch\/human-resources\/fit_im_job\/2018-03-15\/personal-swiss-mit-schwerpunkt-bgm\/#primaryimage","url":"https:\/\/www.organisator.ch\/wp-content\/uploads\/2018\/03\/2018_03_FiJ_PersonalSwiss_Bild-Hi_1558807.jpg","contentUrl":"https:\/\/www.organisator.ch\/wp-content\/uploads\/2018\/03\/2018_03_FiJ_PersonalSwiss_Bild-Hi_1558807.jpg","width":2000,"height":1335,"caption":"Auch in diesem Jahr finden Personalfachleute eine F\u00fclle an Informationen zu HRM- und BGM-Themen. (Bild: Julius Hatt \/ Personal Swiss)"},{"@type":"BreadcrumbList","@id":"https:\/\/www.organisator.ch\/human-resources\/fit_im_job\/2018-03-15\/personal-swiss-mit-schwerpunkt-bgm\/#breadcrumb","itemListElement":[{"@type":"ListItem","position":1,"name":"Home","item":"https:\/\/www.organisator.ch\/"},{"@type":"ListItem","position":2,"name":"Personal Swiss mit Schwerpunkt BGM"}]},{"@type":"WebSite","@id":"https:\/\/www.organisator.ch\/#website","url":"https:\/\/www.organisator.ch\/","name":"Organisateur","description":"Comp\u00e9tence et comp\u00e9tence. Proches de la pratique. L'ORGANISATEUR pr\u00e9pare 10 num\u00e9ros par an sur les th\u00e8mes essentiels pour les dirigeants de PME.","publisher":{"@id":"https:\/\/www.organisator.ch\/#organization"},"potentialAction":[{"@type":"SearchAction","target":{"@type":"EntryPoint","urlTemplate":"https:\/\/www.organisator.ch\/?s={search_term_string}"},"query-input":{"@type":"PropertyValueSpecification","valueRequired":true,"valueName":"search_term_string"}}],"inLanguage":"fr-FR"},{"@type":"Organization","@id":"https:\/\/www.organisator.ch\/#organization","name":"Organisateur","url":"https:\/\/www.organisator.ch\/","logo":{"@type":"ImageObject","inLanguage":"fr-FR","@id":"https:\/\/www.organisator.ch\/#\/schema\/logo\/image\/","url":"https:\/\/www.organisator.ch\/wp-content\/uploads\/2022\/01\/Logo_Organisator_Website.png","contentUrl":"https:\/\/www.organisator.ch\/wp-content\/uploads\/2022\/01\/Logo_Organisator_Website.png","width":800,"height":77,"caption":"Organisator"},"image":{"@id":"https:\/\/www.organisator.ch\/#\/schema\/logo\/image\/"},"sameAs":["https:\/\/www.facebook.com\/OrganisatorFachmagazin","https:\/\/www.linkedin.com\/showcase\/organisator-das-magazin-fr-kmu","https:\/\/www.xing.com\/news\/pages\/organisator-ch-695","https:\/\/www.youtube.com\/channel\/UCGP2Sq0iWaZwT3BdIAQFYpw"]},{"@type":"Person","@id":"https:\/\/www.organisator.ch\/#\/schema\/person\/dd8ffea01043c9c41d7718296a158fac","name":"Importation K4","image":{"@type":"ImageObject","inLanguage":"fr-FR","@id":"https:\/\/secure.gravatar.com\/avatar\/73620ab7215a54b074cc226514e02ed65cb79211bbaee1eb49b63b57e58aaad6?s=96&d=mm&r=g","url":"https:\/\/secure.gravatar.com\/avatar\/73620ab7215a54b074cc226514e02ed65cb79211bbaee1eb49b63b57e58aaad6?s=96&d=mm&r=g","contentUrl":"https:\/\/secure.gravatar.com\/avatar\/73620ab7215a54b074cc226514e02ed65cb79211bbaee1eb49b63b57e58aaad6?s=96&d=mm&r=g","caption":"K4-Import"},"url":"https:\/\/www.organisator.ch\/fr\/author\/k4-import\/"}]}},"_links":{"self":[{"href":"https:\/\/www.organisator.ch\/fr\/wp-json\/wp\/v2\/posts\/3277","targetHints":{"allow":["GET"]}}],"collection":[{"href":"https:\/\/www.organisator.ch\/fr\/wp-json\/wp\/v2\/posts"}],"about":[{"href":"https:\/\/www.organisator.ch\/fr\/wp-json\/wp\/v2\/types\/post"}],"author":[{"embeddable":true,"href":"https:\/\/www.organisator.ch\/fr\/wp-json\/wp\/v2\/users\/7"}],"replies":[{"embeddable":true,"href":"https:\/\/www.organisator.ch\/fr\/wp-json\/wp\/v2\/comments?post=3277"}],"version-history":[{"count":0,"href":"https:\/\/www.organisator.ch\/fr\/wp-json\/wp\/v2\/posts\/3277\/revisions"}],"wp:featuredmedia":[{"embeddable":true,"href":"https:\/\/www.organisator.ch\/fr\/wp-json\/wp\/v2\/media\/3278"}],"wp:attachment":[{"href":"https:\/\/www.organisator.ch\/fr\/wp-json\/wp\/v2\/media?parent=3277"}],"wp:term":[{"taxonomy":"category","embeddable":true,"href":"https:\/\/www.organisator.ch\/fr\/wp-json\/wp\/v2\/categories?post=3277"},{"taxonomy":"post_tag","embeddable":true,"href":"https:\/\/www.organisator.ch\/fr\/wp-json\/wp\/v2\/tags?post=3277"}],"curies":[{"name":"wp","href":"https:\/\/api.w.org\/{rel}","templated":true}]}}