{"id":3296,"date":"2018-03-14T08:04:45","date_gmt":"2018-03-14T07:04:45","guid":{"rendered":"https:\/\/www.organisator.ch\/?p=3296"},"modified":"2018-03-14T08:04:45","modified_gmt":"2018-03-14T07:04:45","slug":"young-carers-wenn-jugendliche-ihre-angehoerigen-pflegen-muessen","status":"publish","type":"post","link":"https:\/\/www.organisator.ch\/fr\/human-resources\/fit_im_job\/2018-03-14\/young-carers-wenn-jugendliche-ihre-angehoerigen-pflegen-muessen\/","title":{"rendered":"Young Carers : quand les jeunes doivent s'occuper de leurs proches"},"content":{"rendered":"<figure id=\"attachment_3297\" aria-describedby=\"caption-attachment-3297\" style=\"width: 480px\" class=\"wp-caption alignnone\"><img loading=\"lazy\" decoding=\"async\" class=\"size-full wp-image-3297\" src=\"https:\/\/www.organisator.ch\/wp-content\/uploads\/2018\/03\/Young-Carers-Wenn-Jugendliche-ihre-Angehoerige-pflegen-muessen_Organisator.jpg\" alt=\"\" width=\"480\" height=\"391\" srcset=\"https:\/\/www.organisator.ch\/wp-content\/uploads\/2018\/03\/Young-Carers-Wenn-Jugendliche-ihre-Angehoerige-pflegen-muessen_Organisator.jpg 480w, https:\/\/www.organisator.ch\/wp-content\/uploads\/2018\/03\/Young-Carers-Wenn-Jugendliche-ihre-Angehoerige-pflegen-muessen_Organisator-16x12.jpg 16w, https:\/\/www.organisator.ch\/wp-content\/uploads\/2018\/03\/Young-Carers-Wenn-Jugendliche-ihre-Angehoerige-pflegen-muessen_Organisator-215x175.jpg 215w, https:\/\/www.organisator.ch\/wp-content\/uploads\/2018\/03\/Young-Carers-Wenn-Jugendliche-ihre-Angehoerige-pflegen-muessen_Organisator-430x350.jpg 430w, https:\/\/www.organisator.ch\/wp-content\/uploads\/2018\/03\/Young-Carers-Wenn-Jugendliche-ihre-Angehoerige-pflegen-muessen_Organisator-300x244.jpg 300w\" sizes=\"auto, (max-width: 480px) 100vw, 480px\" \/><figcaption id=\"caption-attachment-3297\" class=\"wp-caption-text\">Les Young Carers sont les \"aidants oubli\u00e9s\" : des jeunes qui, en plus de leur formation, soignent des proches \u00e0 la maison. Le nombre de cas non recens\u00e9s en Suisse est \u00e9lev\u00e9, comme l'a r\u00e9v\u00e9l\u00e9 un travail de recherche r\u00e9cemment publi\u00e9. (Image : Stephanie Hofschl\u00e4ger \/ pixelio.de)<\/figcaption><\/figure>\n<p>Lorsque les parents, les fr\u00e8res et s\u0153urs ou les grands-parents tombent malades physiquement ou psychiquement, voire d\u00e9c\u00e8dent, l'enfance cesse d'\u00eatre insouciante. Souvent, les enfants et les adolescents assument alors des t\u00e2ches qui incombent normalement aux adultes : ils s'inqui\u00e8tent et s'occupent de leurs proches - et parfois m\u00eame, ils assument des t\u00e2ches de soins comme l'administration de m\u00e9dicaments ou la pose de perfusions. La plupart du temps, m\u00eame leurs enseignants ou ma\u00eetres d'apprentissage ne savent pas ce qu'ils font en plus de l'\u00e9cole et de la formation.<\/p>\n<h2>Young Carers : un domaine de recherche encore peu connu<\/h2>\n<p>Les enfants, adolescents et jeunes adultes soignants - appel\u00e9s \"Young Carers\" et \"Young Adult Carers\" dans le jargon professionnel - sont depuis 2014 le th\u00e8me de recherche central de la professeure Dr Agnes Leu et de son \u00e9quipe. Agnes Leu dirige le programme de recherche \"Young Carers\" chez Careum Forschung, l'institut de recherche de la Haute \u00e9cole sp\u00e9cialis\u00e9e Kalaidos Sant\u00e9.<\/p>\n<p>Jusqu'\u00e0 pr\u00e9sent, il manquait des chiffres pr\u00e9cis sur le nombre d'enfants et d'adolescents concern\u00e9s en Suisse. D'autres pays ont une longueur d'avance en mati\u00e8re de recherche. En Grande-Bretagne, par exemple, des recherches sont men\u00e9es depuis plus de 25 ans sur les enfants et les jeunes qui s'occupent d'eux. Deux grandes enqu\u00eates nationales en ligne fournissent d\u00e9sormais pour la premi\u00e8re fois des donn\u00e9es fiables pour la Suisse. Ainsi, 3518 professionnels de l'\u00e9ducation, de la sant\u00e9 et du social ont donn\u00e9 des informations sur ce qu'ils savent des \"Young Carers\" et sur la fr\u00e9quence \u00e0 laquelle ils rencontrent des enfants et des jeunes ayant des t\u00e2ches de soins dans leur contexte professionnel. L'enqu\u00eate a montr\u00e9 que les professionnels sont encore (trop) peu familiaris\u00e9s avec le ph\u00e9nom\u00e8ne des \"Young Carers\". Mais apr\u00e8s avoir re\u00e7u des explications plus pr\u00e9cises sur les termes utilis\u00e9s, 40% des personnes interrog\u00e9es ont indiqu\u00e9 avoir rencontr\u00e9 dans leur quotidien professionnel des jeunes qui correspondent \u00e0 cette description.<\/p>\n<h2>A peine perceptible : Quand les apprentis s'occupent de leurs proches \u00e0 la maison<\/h2>\n<p>Cela n'a rien d'\u00e9tonnant : les \"Young Carers\" passent inaper\u00e7us dans la vie quotidienne. Ils consid\u00e8rent leur situation comme normale et ne demandent gu\u00e8re d'aide, souvent par honte. Ainsi, ils ne se font souvent remarquer dans le quotidien scolaire que lorsqu'ils souffrent par exemple d'un manque de concentration ou de sommeil ou que leurs r\u00e9sultats scolaires s'affaiblissent. D'une mani\u00e8re g\u00e9n\u00e9rale, les professionnels souhaiteraient davantage d'informations et d'offres de formation continue sp\u00e9cialis\u00e9es afin d'attirer plus t\u00f4t l'attention sur les enfants et les adolescents concern\u00e9s et de pouvoir les prendre en charge de mani\u00e8re cibl\u00e9e.<\/p>\n<p>Dans le cadre d'une autre enqu\u00eate en ligne repr\u00e9sentative \u00e0 l'\u00e9chelle nationale, des enfants \u00e2g\u00e9s de 10 \u00e0 15 ans ont \u00e9t\u00e9 interrog\u00e9s en ligne dans 230 \u00e9coles. Jusqu'\u00e0 pr\u00e9sent, on supposait que la proportion d'enfants soignants et aidants en Suisse \u00e9tait d'environ quatre \u00e0 cinq pour cent. Ce chiffre doit d\u00e9sormais \u00eatre revu \u00e0 la hausse. En effet, pr\u00e8s de huit pour cent des enfants et des adolescents s'occupent de proches ou les soignent, et les filles sont un peu plus nombreuses que les gar\u00e7ons.<\/p>\n<h2>Des mesures urgentes s'imposent<\/h2>\n<p>Ces r\u00e9sultats sont un premier pas important pour attirer l'attention sur la situation des \"Young Carers\" en Suisse. Il est urgent de prendre des mesures politiques et sociales pour que les \"Young Carers\" soient mieux soutenus \u00e0 l'avenir dans leur scolarit\u00e9, leur formation et leur profession. Careum veut donc continuer \u00e0 s'engager pour cette cause. Dans le cadre de diff\u00e9rents projets de suivi nationaux et internationaux, les recherches se poursuivent sur ce th\u00e8me important et des solutions et aides possibles sont d\u00e9velopp\u00e9es.<\/p>\n<p><em>En savoir plus sous : <a href=\"http:\/\/www.careum.ch\/youngcarers\">www.careum.ch\/youngcarers<\/a><\/em><\/p>","protected":false},"excerpt":{"rendered":"<p>Wenn Eltern, Geschwister oder Grosseltern k\u00f6rperlich oder psychisch erkranken oder gar sterben, h\u00f6rt die Kindheit auf, unbeschwert zu sein. Oft schultern Kinder und Jugendliche dann Aufgaben, die normalerweise Erwachsene \u00fcbernehmen m\u00fcssen: Sie sorgen und k\u00fcmmern sich um ihre Angeh\u00f6rigen &#8211; und manchmal \u00fcbernehmen sie sogar Pflegeaufgaben wie Medikamente verabreichen oder Infusionen setzen. Meist wissen nicht [&hellip;]<\/p>\n","protected":false},"author":4,"featured_media":3297,"comment_status":"open","ping_status":"open","sticky":false,"template":"","format":"standard","meta":{"_acf_changed":false,"_yoast_wpseo_focuskw":"Young Carers","_yoast_wpseo_metadesc":"Erkranken Angeh\u00f6rige, \u00fcbernehmen oft auch Kinder und Jugendliche Pflege- und Betreuungsaufgaben. Ihre Rolle wird jedoch \u00f6ffentlich meist wenig wahrgenommen. Nun liegen f\u00fcr die Schweiz erstmals konkrete Zahlen vor.","articlekey":"","footnotes":""},"categories":[25],"tags":[62,77,254,508],"class_list":["post-3296","post","type-post","status-publish","format-standard","has-post-thumbnail","hentry","category-fit_im_job","tag-aus-weiterbildung","tag-betriebliches-gesundheitsmanagement","tag-hrm","tag-vermischtes"],"acf":[],"yoast_head":"<!-- This site is optimized with the Yoast SEO plugin v27.5 - https:\/\/yoast.com\/product\/yoast-seo-wordpress\/ -->\n<title>Young Carers: Wenn Jugendliche ihre Angeh\u00f6rigen pflegen m\u00fcssen - Organisator<\/title>\n<meta name=\"description\" content=\"Erkranken Angeh\u00f6rige, \u00fcbernehmen oft auch Kinder und Jugendliche Pflege- und Betreuungsaufgaben. Ihre Rolle wird jedoch \u00f6ffentlich meist wenig wahrgenommen. Nun liegen f\u00fcr die Schweiz erstmals konkrete Zahlen vor.\" \/>\n<meta name=\"robots\" content=\"index, follow, max-snippet:-1, max-image-preview:large, max-video-preview:-1\" \/>\n<link rel=\"canonical\" href=\"https:\/\/www.organisator.ch\/fr\/ressources-humaines\/fit_im_job\/2018-03-14\/young-carers-wenn-jugendliche-ihre-angehoerigen-pflegen-muessen\/\" \/>\n<meta property=\"og:locale\" content=\"fr_FR\" \/>\n<meta property=\"og:type\" content=\"article\" \/>\n<meta property=\"og:title\" content=\"Young Carers: Wenn Jugendliche ihre Angeh\u00f6rigen pflegen m\u00fcssen\" \/>\n<meta property=\"og:description\" content=\"Erkranken Angeh\u00f6rige, \u00fcbernehmen oft auch Kinder und Jugendliche Pflege- und Betreuungsaufgaben. Ihre Rolle wird jedoch \u00f6ffentlich meist wenig wahrgenommen. Nun liegen f\u00fcr die Schweiz erstmals konkrete Zahlen vor.\" \/>\n<meta property=\"og:url\" content=\"https:\/\/www.organisator.ch\/fr\/ressources-humaines\/fit_im_job\/2018-03-14\/young-carers-wenn-jugendliche-ihre-angehoerigen-pflegen-muessen\/\" \/>\n<meta property=\"og:site_name\" content=\"Organisator\" \/>\n<meta property=\"article:publisher\" content=\"https:\/\/www.facebook.com\/OrganisatorFachmagazin\" \/>\n<meta property=\"article:published_time\" content=\"2018-03-14T07:04:45+00:00\" \/>\n<meta property=\"og:image\" content=\"https:\/\/www.organisator.ch\/wp-content\/uploads\/2018\/03\/Young-Carers-Wenn-Jugendliche-ihre-Angehoerige-pflegen-muessen_Organisator.jpg\" \/>\n\t<meta property=\"og:image:width\" content=\"480\" \/>\n\t<meta property=\"og:image:height\" content=\"391\" \/>\n\t<meta property=\"og:image:type\" content=\"image\/jpeg\" \/>\n<meta name=\"author\" content=\"thomas.berner\" \/>\n<meta name=\"twitter:card\" content=\"summary_large_image\" \/>\n<meta name=\"twitter:title\" content=\"#YoungCarers: Wenn Jugendliche ihre #Angeh\u00f6rigen pflegen m\u00fcssen\" \/>\n<meta name=\"twitter:description\" content=\"Erkranken #Angeh\u00f6rige, \u00fcbernehmen oft auch Kinder und #Jugendliche Pflege- und #Betreuungsaufgaben. Ihre Rolle wird jedoch \u00f6ffentlich meist wenig wahrgenommen. Nun liegen f\u00fcr die Schweiz erstmals konkrete Zahlen vor.\" \/>\n<meta name=\"twitter:image\" content=\"https:\/\/www.organisator.ch\/wp-content\/uploads\/2018\/03\/Young-Carers-Wenn-Jugendliche-ihre-Angeh\u00f6rige-pflegen-m\u00fcssen_Organisator.jpg\" \/>\n<script type=\"application\/ld+json\" class=\"yoast-schema-graph\">{\"@context\":\"https:\\\/\\\/schema.org\",\"@graph\":[{\"@type\":\"Article\",\"@id\":\"https:\\\/\\\/www.organisator.ch\\\/human-resources\\\/fit_im_job\\\/2018-03-14\\\/young-carers-wenn-jugendliche-ihre-angehoerigen-pflegen-muessen\\\/#article\",\"isPartOf\":{\"@id\":\"https:\\\/\\\/www.organisator.ch\\\/human-resources\\\/fit_im_job\\\/2018-03-14\\\/young-carers-wenn-jugendliche-ihre-angehoerigen-pflegen-muessen\\\/\"},\"author\":{\"name\":\"thomas.berner\",\"@id\":\"https:\\\/\\\/www.organisator.ch\\\/#\\\/schema\\\/person\\\/6f650f90b2842cd4c0cc334b4e36f67e\"},\"headline\":\"Young Carers: Wenn Jugendliche ihre Angeh\u00f6rigen pflegen m\u00fcssen\",\"datePublished\":\"2018-03-14T07:04:45+00:00\",\"mainEntityOfPage\":{\"@id\":\"https:\\\/\\\/www.organisator.ch\\\/human-resources\\\/fit_im_job\\\/2018-03-14\\\/young-carers-wenn-jugendliche-ihre-angehoerigen-pflegen-muessen\\\/\"},\"wordCount\":551,\"commentCount\":0,\"publisher\":{\"@id\":\"https:\\\/\\\/www.organisator.ch\\\/#organization\"},\"image\":{\"@id\":\"https:\\\/\\\/www.organisator.ch\\\/human-resources\\\/fit_im_job\\\/2018-03-14\\\/young-carers-wenn-jugendliche-ihre-angehoerigen-pflegen-muessen\\\/#primaryimage\"},\"thumbnailUrl\":\"https:\\\/\\\/www.organisator.ch\\\/wp-content\\\/uploads\\\/2018\\\/03\\\/Young-Carers-Wenn-Jugendliche-ihre-Angehoerige-pflegen-muessen_Organisator.jpg\",\"keywords\":[\"Aus-\\\/Weiterbildung\",\"Betriebliches Gesundheitsmanagement\",\"HRM\",\"Vermischtes\"],\"articleSection\":[\"FIT IM JOB\"],\"inLanguage\":\"fr-FR\"},{\"@type\":\"WebPage\",\"@id\":\"https:\\\/\\\/www.organisator.ch\\\/human-resources\\\/fit_im_job\\\/2018-03-14\\\/young-carers-wenn-jugendliche-ihre-angehoerigen-pflegen-muessen\\\/\",\"url\":\"https:\\\/\\\/www.organisator.ch\\\/human-resources\\\/fit_im_job\\\/2018-03-14\\\/young-carers-wenn-jugendliche-ihre-angehoerigen-pflegen-muessen\\\/\",\"name\":\"Young Carers: Wenn Jugendliche ihre Angeh\u00f6rigen pflegen m\u00fcssen - Organisator\",\"isPartOf\":{\"@id\":\"https:\\\/\\\/www.organisator.ch\\\/#website\"},\"primaryImageOfPage\":{\"@id\":\"https:\\\/\\\/www.organisator.ch\\\/human-resources\\\/fit_im_job\\\/2018-03-14\\\/young-carers-wenn-jugendliche-ihre-angehoerigen-pflegen-muessen\\\/#primaryimage\"},\"image\":{\"@id\":\"https:\\\/\\\/www.organisator.ch\\\/human-resources\\\/fit_im_job\\\/2018-03-14\\\/young-carers-wenn-jugendliche-ihre-angehoerigen-pflegen-muessen\\\/#primaryimage\"},\"thumbnailUrl\":\"https:\\\/\\\/www.organisator.ch\\\/wp-content\\\/uploads\\\/2018\\\/03\\\/Young-Carers-Wenn-Jugendliche-ihre-Angehoerige-pflegen-muessen_Organisator.jpg\",\"datePublished\":\"2018-03-14T07:04:45+00:00\",\"description\":\"Erkranken Angeh\u00f6rige, \u00fcbernehmen oft auch Kinder und Jugendliche Pflege- und Betreuungsaufgaben. Ihre Rolle wird jedoch \u00f6ffentlich meist wenig wahrgenommen. Nun liegen f\u00fcr die Schweiz erstmals konkrete Zahlen vor.\",\"breadcrumb\":{\"@id\":\"https:\\\/\\\/www.organisator.ch\\\/human-resources\\\/fit_im_job\\\/2018-03-14\\\/young-carers-wenn-jugendliche-ihre-angehoerigen-pflegen-muessen\\\/#breadcrumb\"},\"inLanguage\":\"fr-FR\",\"potentialAction\":[{\"@type\":\"ReadAction\",\"target\":[\"https:\\\/\\\/www.organisator.ch\\\/human-resources\\\/fit_im_job\\\/2018-03-14\\\/young-carers-wenn-jugendliche-ihre-angehoerigen-pflegen-muessen\\\/\"]}]},{\"@type\":\"ImageObject\",\"inLanguage\":\"fr-FR\",\"@id\":\"https:\\\/\\\/www.organisator.ch\\\/human-resources\\\/fit_im_job\\\/2018-03-14\\\/young-carers-wenn-jugendliche-ihre-angehoerigen-pflegen-muessen\\\/#primaryimage\",\"url\":\"https:\\\/\\\/www.organisator.ch\\\/wp-content\\\/uploads\\\/2018\\\/03\\\/Young-Carers-Wenn-Jugendliche-ihre-Angehoerige-pflegen-muessen_Organisator.jpg\",\"contentUrl\":\"https:\\\/\\\/www.organisator.ch\\\/wp-content\\\/uploads\\\/2018\\\/03\\\/Young-Carers-Wenn-Jugendliche-ihre-Angehoerige-pflegen-muessen_Organisator.jpg\",\"width\":480,\"height\":391,\"caption\":\"Young Carers sind die \\\"vergessenen Helfer\\\": Jugendliche, die neben ihrer Ausbildung zu Hause Angeh\u00f6rige pflegen. Die Dunkelziffer in der Schweiz ist hoch, wie eine k\u00fcrzlich ver\u00f6ffentlichte Forschungsarbeit herausfand. (Bild: Stephanie Hofschl\u00e4ger \\\/ pixelio.de)\"},{\"@type\":\"BreadcrumbList\",\"@id\":\"https:\\\/\\\/www.organisator.ch\\\/human-resources\\\/fit_im_job\\\/2018-03-14\\\/young-carers-wenn-jugendliche-ihre-angehoerigen-pflegen-muessen\\\/#breadcrumb\",\"itemListElement\":[{\"@type\":\"ListItem\",\"position\":1,\"name\":\"Home\",\"item\":\"https:\\\/\\\/www.organisator.ch\\\/\"},{\"@type\":\"ListItem\",\"position\":2,\"name\":\"Young Carers: Wenn Jugendliche ihre Angeh\u00f6rigen pflegen m\u00fcssen\"}]},{\"@type\":\"WebSite\",\"@id\":\"https:\\\/\\\/www.organisator.ch\\\/#website\",\"url\":\"https:\\\/\\\/www.organisator.ch\\\/\",\"name\":\"Organisator\",\"description\":\"Kompetent. Praxisnah. Der ORGANISATOR bereitet in 10 Ausgaben pro Jahr die wesentlichen Themen f\u00fcr F\u00fchrungskr\u00e4fte von KMU auf.\",\"publisher\":{\"@id\":\"https:\\\/\\\/www.organisator.ch\\\/#organization\"},\"potentialAction\":[{\"@type\":\"SearchAction\",\"target\":{\"@type\":\"EntryPoint\",\"urlTemplate\":\"https:\\\/\\\/www.organisator.ch\\\/?s={search_term_string}\"},\"query-input\":{\"@type\":\"PropertyValueSpecification\",\"valueRequired\":true,\"valueName\":\"search_term_string\"}}],\"inLanguage\":\"fr-FR\"},{\"@type\":\"Organization\",\"@id\":\"https:\\\/\\\/www.organisator.ch\\\/#organization\",\"name\":\"Organisator\",\"url\":\"https:\\\/\\\/www.organisator.ch\\\/\",\"logo\":{\"@type\":\"ImageObject\",\"inLanguage\":\"fr-FR\",\"@id\":\"https:\\\/\\\/www.organisator.ch\\\/#\\\/schema\\\/logo\\\/image\\\/\",\"url\":\"https:\\\/\\\/www.organisator.ch\\\/wp-content\\\/uploads\\\/2022\\\/01\\\/Logo_Organisator_Website.png\",\"contentUrl\":\"https:\\\/\\\/www.organisator.ch\\\/wp-content\\\/uploads\\\/2022\\\/01\\\/Logo_Organisator_Website.png\",\"width\":800,\"height\":77,\"caption\":\"Organisator\"},\"image\":{\"@id\":\"https:\\\/\\\/www.organisator.ch\\\/#\\\/schema\\\/logo\\\/image\\\/\"},\"sameAs\":[\"https:\\\/\\\/www.facebook.com\\\/OrganisatorFachmagazin\",\"https:\\\/\\\/www.linkedin.com\\\/showcase\\\/organisator-das-magazin-fr-kmu\",\"https:\\\/\\\/www.xing.com\\\/news\\\/pages\\\/organisator-ch-695\",\"https:\\\/\\\/www.youtube.com\\\/channel\\\/UCGP2Sq0iWaZwT3BdIAQFYpw\"]},{\"@type\":\"Person\",\"@id\":\"https:\\\/\\\/www.organisator.ch\\\/#\\\/schema\\\/person\\\/6f650f90b2842cd4c0cc334b4e36f67e\",\"name\":\"thomas.berner\",\"image\":{\"@type\":\"ImageObject\",\"inLanguage\":\"fr-FR\",\"@id\":\"https:\\\/\\\/secure.gravatar.com\\\/avatar\\\/ac5001d2a36cb6c6cd3e50789007ffca834b477b74a2144564522e944eabff61?s=96&d=mm&r=g\",\"url\":\"https:\\\/\\\/secure.gravatar.com\\\/avatar\\\/ac5001d2a36cb6c6cd3e50789007ffca834b477b74a2144564522e944eabff61?s=96&d=mm&r=g\",\"contentUrl\":\"https:\\\/\\\/secure.gravatar.com\\\/avatar\\\/ac5001d2a36cb6c6cd3e50789007ffca834b477b74a2144564522e944eabff61?s=96&d=mm&r=g\",\"caption\":\"thomas.berner\"},\"url\":\"https:\\\/\\\/www.organisator.ch\\\/fr\\\/author\\\/thomas-berner\\\/\"}]}<\/script>\n<!-- \/ Yoast SEO plugin. -->","yoast_head_json":{"title":"Young Carers : quand les jeunes doivent s'occuper de leurs proches - Organisateur","description":"Lorsque des proches tombent malades, ce sont souvent des enfants et des jeunes qui assument des t\u00e2ches de soins et d'assistance. Mais leur r\u00f4le est g\u00e9n\u00e9ralement peu per\u00e7u par le public. Pour la premi\u00e8re fois, des chiffres concrets sont disponibles pour la Suisse.","robots":{"index":"index","follow":"follow","max-snippet":"max-snippet:-1","max-image-preview":"max-image-preview:large","max-video-preview":"max-video-preview:-1"},"canonical":"https:\/\/www.organisator.ch\/fr\/ressources-humaines\/fit_im_job\/2018-03-14\/young-carers-wenn-jugendliche-ihre-angehoerigen-pflegen-muessen\/","og_locale":"fr_FR","og_type":"article","og_title":"Young Carers: Wenn Jugendliche ihre Angeh\u00f6rigen pflegen m\u00fcssen","og_description":"Erkranken Angeh\u00f6rige, \u00fcbernehmen oft auch Kinder und Jugendliche Pflege- und Betreuungsaufgaben. Ihre Rolle wird jedoch \u00f6ffentlich meist wenig wahrgenommen. Nun liegen f\u00fcr die Schweiz erstmals konkrete Zahlen vor.","og_url":"https:\/\/www.organisator.ch\/fr\/ressources-humaines\/fit_im_job\/2018-03-14\/young-carers-wenn-jugendliche-ihre-angehoerigen-pflegen-muessen\/","og_site_name":"Organisator","article_publisher":"https:\/\/www.facebook.com\/OrganisatorFachmagazin","article_published_time":"2018-03-14T07:04:45+00:00","og_image":[{"width":480,"height":391,"url":"https:\/\/www.organisator.ch\/wp-content\/uploads\/2018\/03\/Young-Carers-Wenn-Jugendliche-ihre-Angehoerige-pflegen-muessen_Organisator.jpg","type":"image\/jpeg"}],"author":"thomas.berner","twitter_card":"summary_large_image","twitter_title":"#YoungCarers: Wenn Jugendliche ihre #Angeh\u00f6rigen pflegen m\u00fcssen","twitter_description":"Erkranken #Angeh\u00f6rige, \u00fcbernehmen oft auch Kinder und #Jugendliche Pflege- und #Betreuungsaufgaben. Ihre Rolle wird jedoch \u00f6ffentlich meist wenig wahrgenommen. Nun liegen f\u00fcr die Schweiz erstmals konkrete Zahlen vor.","twitter_image":"https:\/\/www.organisator.ch\/wp-content\/uploads\/2018\/03\/Young-Carers-Wenn-Jugendliche-ihre-Angeh\u00f6rige-pflegen-m\u00fcssen_Organisator.jpg","schema":{"@context":"https:\/\/schema.org","@graph":[{"@type":"Article","@id":"https:\/\/www.organisator.ch\/human-resources\/fit_im_job\/2018-03-14\/young-carers-wenn-jugendliche-ihre-angehoerigen-pflegen-muessen\/#article","isPartOf":{"@id":"https:\/\/www.organisator.ch\/human-resources\/fit_im_job\/2018-03-14\/young-carers-wenn-jugendliche-ihre-angehoerigen-pflegen-muessen\/"},"author":{"name":"thomas.berner","@id":"https:\/\/www.organisator.ch\/#\/schema\/person\/6f650f90b2842cd4c0cc334b4e36f67e"},"headline":"Young Carers: Wenn Jugendliche ihre Angeh\u00f6rigen pflegen m\u00fcssen","datePublished":"2018-03-14T07:04:45+00:00","mainEntityOfPage":{"@id":"https:\/\/www.organisator.ch\/human-resources\/fit_im_job\/2018-03-14\/young-carers-wenn-jugendliche-ihre-angehoerigen-pflegen-muessen\/"},"wordCount":551,"commentCount":0,"publisher":{"@id":"https:\/\/www.organisator.ch\/#organization"},"image":{"@id":"https:\/\/www.organisator.ch\/human-resources\/fit_im_job\/2018-03-14\/young-carers-wenn-jugendliche-ihre-angehoerigen-pflegen-muessen\/#primaryimage"},"thumbnailUrl":"https:\/\/www.organisator.ch\/wp-content\/uploads\/2018\/03\/Young-Carers-Wenn-Jugendliche-ihre-Angehoerige-pflegen-muessen_Organisator.jpg","keywords":["Aus-\/Weiterbildung","Betriebliches Gesundheitsmanagement","HRM","Vermischtes"],"articleSection":["FIT IM JOB"],"inLanguage":"fr-FR"},{"@type":"WebPage","@id":"https:\/\/www.organisator.ch\/human-resources\/fit_im_job\/2018-03-14\/young-carers-wenn-jugendliche-ihre-angehoerigen-pflegen-muessen\/","url":"https:\/\/www.organisator.ch\/human-resources\/fit_im_job\/2018-03-14\/young-carers-wenn-jugendliche-ihre-angehoerigen-pflegen-muessen\/","name":"Young Carers : quand les jeunes doivent s'occuper de leurs proches - Organisateur","isPartOf":{"@id":"https:\/\/www.organisator.ch\/#website"},"primaryImageOfPage":{"@id":"https:\/\/www.organisator.ch\/human-resources\/fit_im_job\/2018-03-14\/young-carers-wenn-jugendliche-ihre-angehoerigen-pflegen-muessen\/#primaryimage"},"image":{"@id":"https:\/\/www.organisator.ch\/human-resources\/fit_im_job\/2018-03-14\/young-carers-wenn-jugendliche-ihre-angehoerigen-pflegen-muessen\/#primaryimage"},"thumbnailUrl":"https:\/\/www.organisator.ch\/wp-content\/uploads\/2018\/03\/Young-Carers-Wenn-Jugendliche-ihre-Angehoerige-pflegen-muessen_Organisator.jpg","datePublished":"2018-03-14T07:04:45+00:00","description":"Lorsque des proches tombent malades, ce sont souvent des enfants et des jeunes qui assument des t\u00e2ches de soins et d'assistance. Mais leur r\u00f4le est g\u00e9n\u00e9ralement peu per\u00e7u par le public. Pour la premi\u00e8re fois, des chiffres concrets sont disponibles pour la Suisse.","breadcrumb":{"@id":"https:\/\/www.organisator.ch\/human-resources\/fit_im_job\/2018-03-14\/young-carers-wenn-jugendliche-ihre-angehoerigen-pflegen-muessen\/#breadcrumb"},"inLanguage":"fr-FR","potentialAction":[{"@type":"ReadAction","target":["https:\/\/www.organisator.ch\/human-resources\/fit_im_job\/2018-03-14\/young-carers-wenn-jugendliche-ihre-angehoerigen-pflegen-muessen\/"]}]},{"@type":"ImageObject","inLanguage":"fr-FR","@id":"https:\/\/www.organisator.ch\/human-resources\/fit_im_job\/2018-03-14\/young-carers-wenn-jugendliche-ihre-angehoerigen-pflegen-muessen\/#primaryimage","url":"https:\/\/www.organisator.ch\/wp-content\/uploads\/2018\/03\/Young-Carers-Wenn-Jugendliche-ihre-Angehoerige-pflegen-muessen_Organisator.jpg","contentUrl":"https:\/\/www.organisator.ch\/wp-content\/uploads\/2018\/03\/Young-Carers-Wenn-Jugendliche-ihre-Angehoerige-pflegen-muessen_Organisator.jpg","width":480,"height":391,"caption":"Young Carers sind die \"vergessenen Helfer\": Jugendliche, die neben ihrer Ausbildung zu Hause Angeh\u00f6rige pflegen. Die Dunkelziffer in der Schweiz ist hoch, wie eine k\u00fcrzlich ver\u00f6ffentlichte Forschungsarbeit herausfand. (Bild: Stephanie Hofschl\u00e4ger \/ pixelio.de)"},{"@type":"BreadcrumbList","@id":"https:\/\/www.organisator.ch\/human-resources\/fit_im_job\/2018-03-14\/young-carers-wenn-jugendliche-ihre-angehoerigen-pflegen-muessen\/#breadcrumb","itemListElement":[{"@type":"ListItem","position":1,"name":"Home","item":"https:\/\/www.organisator.ch\/"},{"@type":"ListItem","position":2,"name":"Young Carers: Wenn Jugendliche ihre Angeh\u00f6rigen pflegen m\u00fcssen"}]},{"@type":"WebSite","@id":"https:\/\/www.organisator.ch\/#website","url":"https:\/\/www.organisator.ch\/","name":"Organisateur","description":"Comp\u00e9tence et comp\u00e9tence. Proches de la pratique. L'ORGANISATEUR pr\u00e9pare 10 num\u00e9ros par an sur les th\u00e8mes essentiels pour les dirigeants de PME.","publisher":{"@id":"https:\/\/www.organisator.ch\/#organization"},"potentialAction":[{"@type":"SearchAction","target":{"@type":"EntryPoint","urlTemplate":"https:\/\/www.organisator.ch\/?s={search_term_string}"},"query-input":{"@type":"PropertyValueSpecification","valueRequired":true,"valueName":"search_term_string"}}],"inLanguage":"fr-FR"},{"@type":"Organization","@id":"https:\/\/www.organisator.ch\/#organization","name":"Organisateur","url":"https:\/\/www.organisator.ch\/","logo":{"@type":"ImageObject","inLanguage":"fr-FR","@id":"https:\/\/www.organisator.ch\/#\/schema\/logo\/image\/","url":"https:\/\/www.organisator.ch\/wp-content\/uploads\/2022\/01\/Logo_Organisator_Website.png","contentUrl":"https:\/\/www.organisator.ch\/wp-content\/uploads\/2022\/01\/Logo_Organisator_Website.png","width":800,"height":77,"caption":"Organisator"},"image":{"@id":"https:\/\/www.organisator.ch\/#\/schema\/logo\/image\/"},"sameAs":["https:\/\/www.facebook.com\/OrganisatorFachmagazin","https:\/\/www.linkedin.com\/showcase\/organisator-das-magazin-fr-kmu","https:\/\/www.xing.com\/news\/pages\/organisator-ch-695","https:\/\/www.youtube.com\/channel\/UCGP2Sq0iWaZwT3BdIAQFYpw"]},{"@type":"Person","@id":"https:\/\/www.organisator.ch\/#\/schema\/person\/6f650f90b2842cd4c0cc334b4e36f67e","name":"thomas.berner","image":{"@type":"ImageObject","inLanguage":"fr-FR","@id":"https:\/\/secure.gravatar.com\/avatar\/ac5001d2a36cb6c6cd3e50789007ffca834b477b74a2144564522e944eabff61?s=96&d=mm&r=g","url":"https:\/\/secure.gravatar.com\/avatar\/ac5001d2a36cb6c6cd3e50789007ffca834b477b74a2144564522e944eabff61?s=96&d=mm&r=g","contentUrl":"https:\/\/secure.gravatar.com\/avatar\/ac5001d2a36cb6c6cd3e50789007ffca834b477b74a2144564522e944eabff61?s=96&d=mm&r=g","caption":"thomas.berner"},"url":"https:\/\/www.organisator.ch\/fr\/author\/thomas-berner\/"}]}},"_links":{"self":[{"href":"https:\/\/www.organisator.ch\/fr\/wp-json\/wp\/v2\/posts\/3296","targetHints":{"allow":["GET"]}}],"collection":[{"href":"https:\/\/www.organisator.ch\/fr\/wp-json\/wp\/v2\/posts"}],"about":[{"href":"https:\/\/www.organisator.ch\/fr\/wp-json\/wp\/v2\/types\/post"}],"author":[{"embeddable":true,"href":"https:\/\/www.organisator.ch\/fr\/wp-json\/wp\/v2\/users\/4"}],"replies":[{"embeddable":true,"href":"https:\/\/www.organisator.ch\/fr\/wp-json\/wp\/v2\/comments?post=3296"}],"version-history":[{"count":0,"href":"https:\/\/www.organisator.ch\/fr\/wp-json\/wp\/v2\/posts\/3296\/revisions"}],"wp:featuredmedia":[{"embeddable":true,"href":"https:\/\/www.organisator.ch\/fr\/wp-json\/wp\/v2\/media\/3297"}],"wp:attachment":[{"href":"https:\/\/www.organisator.ch\/fr\/wp-json\/wp\/v2\/media?parent=3296"}],"wp:term":[{"taxonomy":"category","embeddable":true,"href":"https:\/\/www.organisator.ch\/fr\/wp-json\/wp\/v2\/categories?post=3296"},{"taxonomy":"post_tag","embeddable":true,"href":"https:\/\/www.organisator.ch\/fr\/wp-json\/wp\/v2\/tags?post=3296"}],"curies":[{"name":"wp","href":"https:\/\/api.w.org\/{rel}","templated":true}]}}