{"id":3304,"date":"2020-08-31T10:46:20","date_gmt":"2020-08-31T08:46:20","guid":{"rendered":"https:\/\/www.umweltperspektiven.ch\/?p=3304"},"modified":"2024-11-07T05:27:10","modified_gmt":"2024-11-07T04:27:10","slug":"verleihung-30-schweizer-solarpreis-2020-mit-weltrekorden","status":"publish","type":"post","link":"https:\/\/www.organisator.ch\/fr\/sustainability\/2020-08-31\/verleihung-30-schweizer-solarpreis-2020-mit-weltrekorden\/","title":{"rendered":"Remise du \"30e Prix Solaire Suisse 2020\" avec des records mondiaux"},"content":{"rendered":"<figure id=\"attachment_3305\" aria-describedby=\"caption-attachment-3305\" style=\"width: 680px\" class=\"wp-caption alignnone\"><img loading=\"lazy\" decoding=\"async\" class=\"wp-image-3305 size-medium\" src=\"\/\/www.umweltperspektiven.ch\/wp-content\/uploads\/2020\/08\/Verleihung-30.-Schweizer-Solarpreis-2020-mit-Weltrekorden.jpg\" alt=\"Prix solaire suisse Constructions \u00e0 \u00e9nergie positive\" width=\"680\" height=\"452\" srcset=\"https:\/\/www.organisator.ch\/wp-content\/uploads\/2020\/08\/Verleihung-30.-Schweizer-Solarpreis-2020-mit-Weltrekorden.jpg 1734w, https:\/\/www.organisator.ch\/wp-content\/uploads\/2020\/08\/Verleihung-30.-Schweizer-Solarpreis-2020-mit-Weltrekorden-680x452.jpg 680w, https:\/\/www.organisator.ch\/wp-content\/uploads\/2020\/08\/Verleihung-30.-Schweizer-Solarpreis-2020-mit-Weltrekorden-1024x681.jpg 1024w, https:\/\/www.organisator.ch\/wp-content\/uploads\/2020\/08\/Verleihung-30.-Schweizer-Solarpreis-2020-mit-Weltrekorden-768x511.jpg 768w, https:\/\/www.organisator.ch\/wp-content\/uploads\/2020\/08\/Verleihung-30.-Schweizer-Solarpreis-2020-mit-Weltrekorden-1536x1021.jpg 1536w, https:\/\/www.organisator.ch\/wp-content\/uploads\/2020\/08\/Verleihung-30.-Schweizer-Solarpreis-2020-mit-Weltrekorden-18x12.jpg 18w, https:\/\/www.organisator.ch\/wp-content\/uploads\/2020\/08\/Verleihung-30.-Schweizer-Solarpreis-2020-mit-Weltrekorden-263x175.jpg 263w, https:\/\/www.organisator.ch\/wp-content\/uploads\/2020\/08\/Verleihung-30.-Schweizer-Solarpreis-2020-mit-Weltrekorden-526x350.jpg 526w, https:\/\/www.organisator.ch\/wp-content\/uploads\/2020\/08\/Verleihung-30.-Schweizer-Solarpreis-2020-mit-Weltrekorden-1203x800.jpg 1203w, https:\/\/www.organisator.ch\/wp-content\/uploads\/2020\/08\/Verleihung-30.-Schweizer-Solarpreis-2020-mit-Weltrekorden-920x612.jpg 920w, https:\/\/www.organisator.ch\/wp-content\/uploads\/2020\/08\/Verleihung-30.-Schweizer-Solarpreis-2020-mit-Weltrekorden-1400x931.jpg 1400w, https:\/\/www.organisator.ch\/wp-content\/uploads\/2020\/08\/Verleihung-30.-Schweizer-Solarpreis-2020-mit-Weltrekorden-300x199.jpg 300w\" sizes=\"auto, (max-width: 680px) 100vw, 680px\" \/><figcaption id=\"caption-attachment-3305\" class=\"wp-caption-text\">Un PEB produit huit fois plus d'\u00e9lectricit\u00e9 que celle consomm\u00e9e par ses habitants. Les laur\u00e9ats du Prix solaire* montrent comment les PEB g\u00e9n\u00e8rent de tr\u00e8s importants surplus d'\u00e9lectricit\u00e9 solaire. (Image symbolique : Unsplash)<\/figcaption><\/figure>\n<p>Pour la 30e fois d\u00e9j\u00e0, le Prix Solaire Suisse r\u00e9compense les b\u00e2timents et les installations les plus efficaces sur le plan \u00e9nerg\u00e9tique ainsi que les personnalit\u00e9s et les institutions les plus engag\u00e9es dans le domaine solaire. Deux b\u00e2timents \u00e0 \u00e9nergie positive particuli\u00e8rement attrayants remportent le Norman Foster Solar Award.<\/p>\n<p>Les laur\u00e9ats ne seront annonc\u00e9s que le jour de la remise des prix. Les m\u00e9dias seront inform\u00e9s au pr\u00e9alable sous embargo. Mais on peut d\u00e9j\u00e0 en dire autant : Parmi les projets r\u00e9compens\u00e9s figurent des b\u00e2timents \u00e0 \u00e9nergie positive qui mettent d\u00e9j\u00e0 en \u0153uvre l'accord de Paris sur le climat ! Vous verrez des b\u00e2timents \u00e0 \u00e9nergie positive exemplaires avec des exc\u00e9dents d'\u00e9nergie solaire tr\u00e8s \u00e9lev\u00e9s. Ces projets pionniers et d'autres le prouvent : Les laur\u00e9ats du Prix Solaire montrent que le tournant \u00e9nerg\u00e9tique peut \u00eatre r\u00e9alis\u00e9 \u00e0 moindre co\u00fbt ! Unique au monde : c'est d\u00e9j\u00e0 la onzi\u00e8me fois que le Prix Solaire PlusEnergieBau\u00ae et le Norman Foster Solar Award sont d\u00e9cern\u00e9s \u00e0 des BEP particuli\u00e8rement beaux : en 2020, avec un nouveau record solaire mondial ! Un PEB produit huit fois plus d'\u00e9lectricit\u00e9 que ce que ses habitants consomment r\u00e9ellement.<\/p>\n<p><strong>B\u00e2timents \u00e0 \u00e9nergie positive\u00ae : produisent plus d'\u00e9lectricit\u00e9 qu'ils n'en ont besoin<\/strong><br \/>\nEn 2020, 73 projets solaires ont \u00e9t\u00e9 d\u00e9pos\u00e9s pour le Prix Solaire Suisse. Plus de la moiti\u00e9 des b\u00e2timents candidats sont des b\u00e2timents \u00e0 \u00e9nergie positive (BEP). Les BPE permettent d'\u00e9liminer 80 % des pertes d'\u00e9nergie et la plupart des \u00e9missions de CO2. De plus, selon le Conseil f\u00e9d\u00e9ral, ils peuvent produire 67 TWh\/a d'\u00e9lectricit\u00e9 solaire suisse, soit 80% de plus d'\u00e9lectricit\u00e9 sans CO2 que l'ensemble de l'\u00e9nergie hydraulique suisse avec 37 TWh\/a. Au lieu de verser chaque ann\u00e9e pr\u00e8s de 7 milliards de francs \u00e0 l'\u00e9tranger pour des importations d'\u00e9nergie fossile et nucl\u00e9aire, vous aussi, vous vous engagez en faveur des PEB. C'est ainsi que l'on r\u00e9duit le plus d'\u00e9missions et que l'on produit de l'\u00e9lectricit\u00e9 locale sans CO2.<\/p>\n<p><strong>Le Prix Solaire Sp\u00e9cial de HEV Suisse...<\/strong><br \/>\nLe prix solaire sp\u00e9cial est d\u00e9cern\u00e9 \u00e0 une r\u00e9novation particuli\u00e8rement r\u00e9ussie et exemplaire de maisons individuelles.<\/p>\n<p><strong>Prix solaire sp\u00e9cial de la Banque Migros pour les maisons multifamiliales PEB \u00e0 prix avantageux<\/strong><br \/>\nCette ann\u00e9e, le prix solaire sp\u00e9cial de la Banque Migros est d\u00e9cern\u00e9 pour la troisi\u00e8me fois \u00e0 des immeubles collectifs PEB \u00e0 prix avantageux !<\/p>\n<p><em>Le \"30e Prix Solaire Suisse\" aura lieu le 20 octobre 2020 (09h30-15h45). Kultur &amp; Kongresshaus Aarau, Schlossplatz 9, 5000 Aarau<\/em><br \/>\n<em>Inscription : au plus tard le 5 octobre 2020 via<\/em><\/p>\n<p><a href=\"\/\/www.solaragentur.ch\">www.solaragentur.ch<\/a><\/p>\n<p>&nbsp;<\/p>","protected":false},"excerpt":{"rendered":"<p>Bereits zum 30. Mal geht der Schweizer Solarpreis an die energieeffizientesten Bauten und Anlagen sowie die engagiertesten Pers\u00f6nlichkeiten und Institutionen im Solarbereich. Zwei besonders attraktive PlusEnergieBauten gewinnen den Norman Foster Solar Award. Die Gewinner\/innen werden erst am Tag der Verleihung bekannt gegeben. Die Medien werden mit Sperrfrist vorinformiert. Soviel sei aber jetzt schon verraten: Zu [&hellip;]<\/p>\n","protected":false},"author":5,"featured_media":3305,"comment_status":"closed","ping_status":"closed","sticky":false,"template":"","format":"standard","meta":{"_acf_changed":false,"_yoast_wpseo_focuskw":"Schweizer Solarpreis PlusEnergieBauten","_yoast_wpseo_metadesc":"Der Schweizer Solarpreis zeichnet energieeffiziente Bauten aus. Zwei PlusEnergieBauten gewinnen den Norman Foster Solar Award.","articlekey":"","footnotes":""},"categories":[580],"tags":[648,1709,1843,1931,2458,2551],"class_list":["post-3304","post","type-post","status-publish","format-standard","has-post-thumbnail","hentry","category-sustainability","tag-30-schweizer-solarpreis","tag-migros-bank-sondersolarpreis","tag-norman-foster-solar-award","tag-plusenergiebauten","tag-verleihung","tag-weltrekorde"],"acf":[],"yoast_head":"<!-- This site is optimized with the Yoast SEO plugin v27.5 - https:\/\/yoast.com\/product\/yoast-seo-wordpress\/ -->\n<title>Verleihung &quot;30. Schweizer Solarpreis 2020&quot; mit Weltrekorden - Organisator<\/title>\n<meta name=\"description\" content=\"Der Schweizer Solarpreis zeichnet energieeffiziente Bauten aus. Zwei PlusEnergieBauten gewinnen den Norman Foster Solar Award.\" \/>\n<meta name=\"robots\" content=\"index, follow, max-snippet:-1, max-image-preview:large, max-video-preview:-1\" \/>\n<link rel=\"canonical\" href=\"https:\/\/www.organisator.ch\/fr\/sustainability\/2020-08-31\/verleihung-30-schweizer-solarpreis-2020-mit-weltrekorden\/\" \/>\n<meta property=\"og:locale\" content=\"fr_FR\" \/>\n<meta property=\"og:type\" content=\"article\" \/>\n<meta property=\"og:title\" content=\"Verleihung &quot;30. Schweizer Solarpreis 2020&quot; mit Weltrekorden - Organisator\" \/>\n<meta property=\"og:description\" content=\"Der Schweizer Solarpreis zeichnet energieeffiziente Bauten aus. Zwei PlusEnergieBauten gewinnen den Norman Foster Solar Award.\" \/>\n<meta property=\"og:url\" content=\"https:\/\/www.organisator.ch\/fr\/sustainability\/2020-08-31\/verleihung-30-schweizer-solarpreis-2020-mit-weltrekorden\/\" \/>\n<meta property=\"og:site_name\" content=\"Organisator\" \/>\n<meta property=\"article:publisher\" content=\"https:\/\/www.facebook.com\/OrganisatorFachmagazin\" \/>\n<meta property=\"article:published_time\" content=\"2020-08-31T08:46:20+00:00\" \/>\n<meta property=\"article:modified_time\" content=\"2024-11-07T04:27:10+00:00\" \/>\n<meta property=\"og:image\" content=\"https:\/\/www.organisator.ch\/wp-content\/uploads\/2020\/08\/Verleihung-30.-Schweizer-Solarpreis-2020-mit-Weltrekorden.jpg\" \/>\n\t<meta property=\"og:image:width\" content=\"1734\" \/>\n\t<meta property=\"og:image:height\" content=\"1153\" \/>\n\t<meta property=\"og:image:type\" content=\"image\/jpeg\" \/>\n<meta name=\"author\" content=\"michael.merz\" \/>\n<meta name=\"twitter:card\" content=\"summary_large_image\" \/>\n<script type=\"application\/ld+json\" class=\"yoast-schema-graph\">{\"@context\":\"https:\\\/\\\/schema.org\",\"@graph\":[{\"@type\":\"Article\",\"@id\":\"https:\\\/\\\/www.organisator.ch\\\/sustainability\\\/2020-08-31\\\/verleihung-30-schweizer-solarpreis-2020-mit-weltrekorden\\\/#article\",\"isPartOf\":{\"@id\":\"https:\\\/\\\/www.organisator.ch\\\/sustainability\\\/2020-08-31\\\/verleihung-30-schweizer-solarpreis-2020-mit-weltrekorden\\\/\"},\"author\":{\"name\":\"michael.merz\",\"@id\":\"https:\\\/\\\/www.organisator.ch\\\/#\\\/schema\\\/person\\\/134708ca9321c57b0362cceb7948ffbd\"},\"headline\":\"Verleihung &#8222;30. Schweizer Solarpreis 2020&#8220; mit Weltrekorden\",\"datePublished\":\"2020-08-31T08:46:20+00:00\",\"dateModified\":\"2024-11-07T04:27:10+00:00\",\"mainEntityOfPage\":{\"@id\":\"https:\\\/\\\/www.organisator.ch\\\/sustainability\\\/2020-08-31\\\/verleihung-30-schweizer-solarpreis-2020-mit-weltrekorden\\\/\"},\"wordCount\":338,\"publisher\":{\"@id\":\"https:\\\/\\\/www.organisator.ch\\\/#organization\"},\"image\":{\"@id\":\"https:\\\/\\\/www.organisator.ch\\\/sustainability\\\/2020-08-31\\\/verleihung-30-schweizer-solarpreis-2020-mit-weltrekorden\\\/#primaryimage\"},\"thumbnailUrl\":\"https:\\\/\\\/www.organisator.ch\\\/wp-content\\\/uploads\\\/2020\\\/08\\\/Verleihung-30.-Schweizer-Solarpreis-2020-mit-Weltrekorden.jpg\",\"keywords\":[\"30. Schweizer Solarpreis\",\"Migros Bank Sondersolarpreis\",\"Norman Foster Solar Award\",\"PlusEnergieBauten\",\"Verleihung\",\"Weltrekorde\"],\"articleSection\":[\"SUSTAINABILITY\"],\"inLanguage\":\"fr-FR\"},{\"@type\":\"WebPage\",\"@id\":\"https:\\\/\\\/www.organisator.ch\\\/sustainability\\\/2020-08-31\\\/verleihung-30-schweizer-solarpreis-2020-mit-weltrekorden\\\/\",\"url\":\"https:\\\/\\\/www.organisator.ch\\\/sustainability\\\/2020-08-31\\\/verleihung-30-schweizer-solarpreis-2020-mit-weltrekorden\\\/\",\"name\":\"Verleihung \\\"30. Schweizer Solarpreis 2020\\\" mit Weltrekorden - Organisator\",\"isPartOf\":{\"@id\":\"https:\\\/\\\/www.organisator.ch\\\/#website\"},\"primaryImageOfPage\":{\"@id\":\"https:\\\/\\\/www.organisator.ch\\\/sustainability\\\/2020-08-31\\\/verleihung-30-schweizer-solarpreis-2020-mit-weltrekorden\\\/#primaryimage\"},\"image\":{\"@id\":\"https:\\\/\\\/www.organisator.ch\\\/sustainability\\\/2020-08-31\\\/verleihung-30-schweizer-solarpreis-2020-mit-weltrekorden\\\/#primaryimage\"},\"thumbnailUrl\":\"https:\\\/\\\/www.organisator.ch\\\/wp-content\\\/uploads\\\/2020\\\/08\\\/Verleihung-30.-Schweizer-Solarpreis-2020-mit-Weltrekorden.jpg\",\"datePublished\":\"2020-08-31T08:46:20+00:00\",\"dateModified\":\"2024-11-07T04:27:10+00:00\",\"description\":\"Der Schweizer Solarpreis zeichnet energieeffiziente Bauten aus. Zwei PlusEnergieBauten gewinnen den Norman Foster Solar Award.\",\"breadcrumb\":{\"@id\":\"https:\\\/\\\/www.organisator.ch\\\/sustainability\\\/2020-08-31\\\/verleihung-30-schweizer-solarpreis-2020-mit-weltrekorden\\\/#breadcrumb\"},\"inLanguage\":\"fr-FR\",\"potentialAction\":[{\"@type\":\"ReadAction\",\"target\":[\"https:\\\/\\\/www.organisator.ch\\\/sustainability\\\/2020-08-31\\\/verleihung-30-schweizer-solarpreis-2020-mit-weltrekorden\\\/\"]}]},{\"@type\":\"ImageObject\",\"inLanguage\":\"fr-FR\",\"@id\":\"https:\\\/\\\/www.organisator.ch\\\/sustainability\\\/2020-08-31\\\/verleihung-30-schweizer-solarpreis-2020-mit-weltrekorden\\\/#primaryimage\",\"url\":\"https:\\\/\\\/www.organisator.ch\\\/wp-content\\\/uploads\\\/2020\\\/08\\\/Verleihung-30.-Schweizer-Solarpreis-2020-mit-Weltrekorden.jpg\",\"contentUrl\":\"https:\\\/\\\/www.organisator.ch\\\/wp-content\\\/uploads\\\/2020\\\/08\\\/Verleihung-30.-Schweizer-Solarpreis-2020-mit-Weltrekorden.jpg\",\"width\":1734,\"height\":1153,\"caption\":\"Ein PEB erzeugt acht Mal mehr Strom als es die Bewohner verbrauchen. Die Solarpreisgewinner*innen zeigen, wie PEB sehr hohe Solarstrom\u00fcbersch\u00fcsse generieren. (Symbolbild: Unsplash)\"},{\"@type\":\"BreadcrumbList\",\"@id\":\"https:\\\/\\\/www.organisator.ch\\\/sustainability\\\/2020-08-31\\\/verleihung-30-schweizer-solarpreis-2020-mit-weltrekorden\\\/#breadcrumb\",\"itemListElement\":[{\"@type\":\"ListItem\",\"position\":1,\"name\":\"Home\",\"item\":\"https:\\\/\\\/www.organisator.ch\\\/\"},{\"@type\":\"ListItem\",\"position\":2,\"name\":\"Verleihung &#8220;30. Schweizer Solarpreis 2020&#8221; mit Weltrekorden\"}]},{\"@type\":\"WebSite\",\"@id\":\"https:\\\/\\\/www.organisator.ch\\\/#website\",\"url\":\"https:\\\/\\\/www.organisator.ch\\\/\",\"name\":\"Organisator\",\"description\":\"Kompetent. Praxisnah. Der ORGANISATOR bereitet in 10 Ausgaben pro Jahr die wesentlichen Themen f\u00fcr F\u00fchrungskr\u00e4fte von KMU auf.\",\"publisher\":{\"@id\":\"https:\\\/\\\/www.organisator.ch\\\/#organization\"},\"potentialAction\":[{\"@type\":\"SearchAction\",\"target\":{\"@type\":\"EntryPoint\",\"urlTemplate\":\"https:\\\/\\\/www.organisator.ch\\\/?s={search_term_string}\"},\"query-input\":{\"@type\":\"PropertyValueSpecification\",\"valueRequired\":true,\"valueName\":\"search_term_string\"}}],\"inLanguage\":\"fr-FR\"},{\"@type\":\"Organization\",\"@id\":\"https:\\\/\\\/www.organisator.ch\\\/#organization\",\"name\":\"Organisator\",\"url\":\"https:\\\/\\\/www.organisator.ch\\\/\",\"logo\":{\"@type\":\"ImageObject\",\"inLanguage\":\"fr-FR\",\"@id\":\"https:\\\/\\\/www.organisator.ch\\\/#\\\/schema\\\/logo\\\/image\\\/\",\"url\":\"https:\\\/\\\/www.organisator.ch\\\/wp-content\\\/uploads\\\/2022\\\/01\\\/Logo_Organisator_Website.png\",\"contentUrl\":\"https:\\\/\\\/www.organisator.ch\\\/wp-content\\\/uploads\\\/2022\\\/01\\\/Logo_Organisator_Website.png\",\"width\":800,\"height\":77,\"caption\":\"Organisator\"},\"image\":{\"@id\":\"https:\\\/\\\/www.organisator.ch\\\/#\\\/schema\\\/logo\\\/image\\\/\"},\"sameAs\":[\"https:\\\/\\\/www.facebook.com\\\/OrganisatorFachmagazin\",\"https:\\\/\\\/www.linkedin.com\\\/showcase\\\/organisator-das-magazin-fr-kmu\",\"https:\\\/\\\/www.xing.com\\\/news\\\/pages\\\/organisator-ch-695\",\"https:\\\/\\\/www.youtube.com\\\/channel\\\/UCGP2Sq0iWaZwT3BdIAQFYpw\"]},{\"@type\":\"Person\",\"@id\":\"https:\\\/\\\/www.organisator.ch\\\/#\\\/schema\\\/person\\\/134708ca9321c57b0362cceb7948ffbd\",\"name\":\"michael.merz\",\"image\":{\"@type\":\"ImageObject\",\"inLanguage\":\"fr-FR\",\"@id\":\"https:\\\/\\\/secure.gravatar.com\\\/avatar\\\/?s=96&d=mm&r=g\",\"url\":\"https:\\\/\\\/secure.gravatar.com\\\/avatar\\\/?s=96&d=mm&r=g\",\"contentUrl\":\"https:\\\/\\\/secure.gravatar.com\\\/avatar\\\/?s=96&d=mm&r=g\",\"caption\":\"michael.merz\"},\"url\":\"https:\\\/\\\/www.organisator.ch\\\/fr\\\/author\\\/michael-merz\\\/\"}]}<\/script>\n<!-- \/ Yoast SEO plugin. -->","yoast_head_json":{"title":"Remise du \"30e Prix Solaire Suisse 2020\" avec des records mondiaux - Organisateur","description":"Le Prix Solaire Suisse r\u00e9compense les constructions efficaces sur le plan \u00e9nerg\u00e9tique. Deux b\u00e2timents \u00e0 \u00e9nergie positive remportent le Norman Foster Solar Award.","robots":{"index":"index","follow":"follow","max-snippet":"max-snippet:-1","max-image-preview":"max-image-preview:large","max-video-preview":"max-video-preview:-1"},"canonical":"https:\/\/www.organisator.ch\/fr\/sustainability\/2020-08-31\/verleihung-30-schweizer-solarpreis-2020-mit-weltrekorden\/","og_locale":"fr_FR","og_type":"article","og_title":"Verleihung \"30. Schweizer Solarpreis 2020\" mit Weltrekorden - Organisator","og_description":"Der Schweizer Solarpreis zeichnet energieeffiziente Bauten aus. Zwei PlusEnergieBauten gewinnen den Norman Foster Solar Award.","og_url":"https:\/\/www.organisator.ch\/fr\/sustainability\/2020-08-31\/verleihung-30-schweizer-solarpreis-2020-mit-weltrekorden\/","og_site_name":"Organisator","article_publisher":"https:\/\/www.facebook.com\/OrganisatorFachmagazin","article_published_time":"2020-08-31T08:46:20+00:00","article_modified_time":"2024-11-07T04:27:10+00:00","og_image":[{"width":1734,"height":1153,"url":"https:\/\/www.organisator.ch\/wp-content\/uploads\/2020\/08\/Verleihung-30.-Schweizer-Solarpreis-2020-mit-Weltrekorden.jpg","type":"image\/jpeg"}],"author":"michael.merz","twitter_card":"summary_large_image","schema":{"@context":"https:\/\/schema.org","@graph":[{"@type":"Article","@id":"https:\/\/www.organisator.ch\/sustainability\/2020-08-31\/verleihung-30-schweizer-solarpreis-2020-mit-weltrekorden\/#article","isPartOf":{"@id":"https:\/\/www.organisator.ch\/sustainability\/2020-08-31\/verleihung-30-schweizer-solarpreis-2020-mit-weltrekorden\/"},"author":{"name":"michael.merz","@id":"https:\/\/www.organisator.ch\/#\/schema\/person\/134708ca9321c57b0362cceb7948ffbd"},"headline":"Verleihung &#8222;30. Schweizer Solarpreis 2020&#8220; mit Weltrekorden","datePublished":"2020-08-31T08:46:20+00:00","dateModified":"2024-11-07T04:27:10+00:00","mainEntityOfPage":{"@id":"https:\/\/www.organisator.ch\/sustainability\/2020-08-31\/verleihung-30-schweizer-solarpreis-2020-mit-weltrekorden\/"},"wordCount":338,"publisher":{"@id":"https:\/\/www.organisator.ch\/#organization"},"image":{"@id":"https:\/\/www.organisator.ch\/sustainability\/2020-08-31\/verleihung-30-schweizer-solarpreis-2020-mit-weltrekorden\/#primaryimage"},"thumbnailUrl":"https:\/\/www.organisator.ch\/wp-content\/uploads\/2020\/08\/Verleihung-30.-Schweizer-Solarpreis-2020-mit-Weltrekorden.jpg","keywords":["30. Schweizer Solarpreis","Migros Bank Sondersolarpreis","Norman Foster Solar Award","PlusEnergieBauten","Verleihung","Weltrekorde"],"articleSection":["SUSTAINABILITY"],"inLanguage":"fr-FR"},{"@type":"WebPage","@id":"https:\/\/www.organisator.ch\/sustainability\/2020-08-31\/verleihung-30-schweizer-solarpreis-2020-mit-weltrekorden\/","url":"https:\/\/www.organisator.ch\/sustainability\/2020-08-31\/verleihung-30-schweizer-solarpreis-2020-mit-weltrekorden\/","name":"Remise du \"30e Prix Solaire Suisse 2020\" avec des records mondiaux - Organisateur","isPartOf":{"@id":"https:\/\/www.organisator.ch\/#website"},"primaryImageOfPage":{"@id":"https:\/\/www.organisator.ch\/sustainability\/2020-08-31\/verleihung-30-schweizer-solarpreis-2020-mit-weltrekorden\/#primaryimage"},"image":{"@id":"https:\/\/www.organisator.ch\/sustainability\/2020-08-31\/verleihung-30-schweizer-solarpreis-2020-mit-weltrekorden\/#primaryimage"},"thumbnailUrl":"https:\/\/www.organisator.ch\/wp-content\/uploads\/2020\/08\/Verleihung-30.-Schweizer-Solarpreis-2020-mit-Weltrekorden.jpg","datePublished":"2020-08-31T08:46:20+00:00","dateModified":"2024-11-07T04:27:10+00:00","description":"Le Prix Solaire Suisse r\u00e9compense les constructions efficaces sur le plan \u00e9nerg\u00e9tique. Deux b\u00e2timents \u00e0 \u00e9nergie positive remportent le Norman Foster Solar Award.","breadcrumb":{"@id":"https:\/\/www.organisator.ch\/sustainability\/2020-08-31\/verleihung-30-schweizer-solarpreis-2020-mit-weltrekorden\/#breadcrumb"},"inLanguage":"fr-FR","potentialAction":[{"@type":"ReadAction","target":["https:\/\/www.organisator.ch\/sustainability\/2020-08-31\/verleihung-30-schweizer-solarpreis-2020-mit-weltrekorden\/"]}]},{"@type":"ImageObject","inLanguage":"fr-FR","@id":"https:\/\/www.organisator.ch\/sustainability\/2020-08-31\/verleihung-30-schweizer-solarpreis-2020-mit-weltrekorden\/#primaryimage","url":"https:\/\/www.organisator.ch\/wp-content\/uploads\/2020\/08\/Verleihung-30.-Schweizer-Solarpreis-2020-mit-Weltrekorden.jpg","contentUrl":"https:\/\/www.organisator.ch\/wp-content\/uploads\/2020\/08\/Verleihung-30.-Schweizer-Solarpreis-2020-mit-Weltrekorden.jpg","width":1734,"height":1153,"caption":"Ein PEB erzeugt acht Mal mehr Strom als es die Bewohner verbrauchen. Die Solarpreisgewinner*innen zeigen, wie PEB sehr hohe Solarstrom\u00fcbersch\u00fcsse generieren. (Symbolbild: Unsplash)"},{"@type":"BreadcrumbList","@id":"https:\/\/www.organisator.ch\/sustainability\/2020-08-31\/verleihung-30-schweizer-solarpreis-2020-mit-weltrekorden\/#breadcrumb","itemListElement":[{"@type":"ListItem","position":1,"name":"Home","item":"https:\/\/www.organisator.ch\/"},{"@type":"ListItem","position":2,"name":"Verleihung &#8220;30. Schweizer Solarpreis 2020&#8221; mit Weltrekorden"}]},{"@type":"WebSite","@id":"https:\/\/www.organisator.ch\/#website","url":"https:\/\/www.organisator.ch\/","name":"Organisateur","description":"Comp\u00e9tence et comp\u00e9tence. Proches de la pratique. L'ORGANISATEUR pr\u00e9pare 10 num\u00e9ros par an sur les th\u00e8mes essentiels pour les dirigeants de PME.","publisher":{"@id":"https:\/\/www.organisator.ch\/#organization"},"potentialAction":[{"@type":"SearchAction","target":{"@type":"EntryPoint","urlTemplate":"https:\/\/www.organisator.ch\/?s={search_term_string}"},"query-input":{"@type":"PropertyValueSpecification","valueRequired":true,"valueName":"search_term_string"}}],"inLanguage":"fr-FR"},{"@type":"Organization","@id":"https:\/\/www.organisator.ch\/#organization","name":"Organisateur","url":"https:\/\/www.organisator.ch\/","logo":{"@type":"ImageObject","inLanguage":"fr-FR","@id":"https:\/\/www.organisator.ch\/#\/schema\/logo\/image\/","url":"https:\/\/www.organisator.ch\/wp-content\/uploads\/2022\/01\/Logo_Organisator_Website.png","contentUrl":"https:\/\/www.organisator.ch\/wp-content\/uploads\/2022\/01\/Logo_Organisator_Website.png","width":800,"height":77,"caption":"Organisator"},"image":{"@id":"https:\/\/www.organisator.ch\/#\/schema\/logo\/image\/"},"sameAs":["https:\/\/www.facebook.com\/OrganisatorFachmagazin","https:\/\/www.linkedin.com\/showcase\/organisator-das-magazin-fr-kmu","https:\/\/www.xing.com\/news\/pages\/organisator-ch-695","https:\/\/www.youtube.com\/channel\/UCGP2Sq0iWaZwT3BdIAQFYpw"]},{"@type":"Person","@id":"https:\/\/www.organisator.ch\/#\/schema\/person\/134708ca9321c57b0362cceb7948ffbd","name":"michael.merz","image":{"@type":"ImageObject","inLanguage":"fr-FR","@id":"https:\/\/secure.gravatar.com\/avatar\/?s=96&d=mm&r=g","url":"https:\/\/secure.gravatar.com\/avatar\/?s=96&d=mm&r=g","contentUrl":"https:\/\/secure.gravatar.com\/avatar\/?s=96&d=mm&r=g","caption":"michael.merz"},"url":"https:\/\/www.organisator.ch\/fr\/author\/michael-merz\/"}]}},"_links":{"self":[{"href":"https:\/\/www.organisator.ch\/fr\/wp-json\/wp\/v2\/posts\/3304","targetHints":{"allow":["GET"]}}],"collection":[{"href":"https:\/\/www.organisator.ch\/fr\/wp-json\/wp\/v2\/posts"}],"about":[{"href":"https:\/\/www.organisator.ch\/fr\/wp-json\/wp\/v2\/types\/post"}],"author":[{"embeddable":true,"href":"https:\/\/www.organisator.ch\/fr\/wp-json\/wp\/v2\/users\/5"}],"replies":[{"embeddable":true,"href":"https:\/\/www.organisator.ch\/fr\/wp-json\/wp\/v2\/comments?post=3304"}],"version-history":[{"count":3,"href":"https:\/\/www.organisator.ch\/fr\/wp-json\/wp\/v2\/posts\/3304\/revisions"}],"predecessor-version":[{"id":31606,"href":"https:\/\/www.organisator.ch\/fr\/wp-json\/wp\/v2\/posts\/3304\/revisions\/31606"}],"wp:featuredmedia":[{"embeddable":true,"href":"https:\/\/www.organisator.ch\/fr\/wp-json\/wp\/v2\/media\/3305"}],"wp:attachment":[{"href":"https:\/\/www.organisator.ch\/fr\/wp-json\/wp\/v2\/media?parent=3304"}],"wp:term":[{"taxonomy":"category","embeddable":true,"href":"https:\/\/www.organisator.ch\/fr\/wp-json\/wp\/v2\/categories?post=3304"},{"taxonomy":"post_tag","embeddable":true,"href":"https:\/\/www.organisator.ch\/fr\/wp-json\/wp\/v2\/tags?post=3304"}],"curies":[{"name":"wp","href":"https:\/\/api.w.org\/{rel}","templated":true}]}}