{"id":3306,"date":"2018-03-15T13:32:05","date_gmt":"2018-03-15T12:32:05","guid":{"rendered":"https:\/\/www.organisator.ch\/?p=3306"},"modified":"2018-03-15T13:32:05","modified_gmt":"2018-03-15T12:32:05","slug":"wirtschaftskriminalitaet-schadensumme-blieb-2017-unter-dem-langjaehrigen-durchschnitt","status":"publish","type":"post","link":"https:\/\/www.organisator.ch\/fr\/allgemein\/2018-03-15\/wirtschaftskriminalitaet-schadensumme-blieb-2017-unter-dem-langjaehrigen-durchschnitt\/","title":{"rendered":"Criminalit\u00e9 \u00e9conomique : le montant des dommages est rest\u00e9 inf\u00e9rieur \u00e0 la moyenne \u00e0 long terme en 2017"},"content":{"rendered":"<figure id=\"attachment_3308\" aria-describedby=\"caption-attachment-3308\" style=\"width: 640px\" class=\"wp-caption alignnone\"><img loading=\"lazy\" decoding=\"async\" class=\"size-full wp-image-3308\" src=\"https:\/\/www.organisator.ch\/wp-content\/uploads\/2018\/03\/Wirtschaftskriminalitaet-Schadensumme-blieb-2017-unter-dem-langjaehrigen-Durchschnitt_Organisator.jpg\" alt=\"\" width=\"640\" height=\"216\" srcset=\"https:\/\/www.organisator.ch\/wp-content\/uploads\/2018\/03\/Wirtschaftskriminalitaet-Schadensumme-blieb-2017-unter-dem-langjaehrigen-Durchschnitt_Organisator.jpg 640w, https:\/\/www.organisator.ch\/wp-content\/uploads\/2018\/03\/Wirtschaftskriminalitaet-Schadensumme-blieb-2017-unter-dem-langjaehrigen-Durchschnitt_Organisator-16x5.jpg 16w, https:\/\/www.organisator.ch\/wp-content\/uploads\/2018\/03\/Wirtschaftskriminalitaet-Schadensumme-blieb-2017-unter-dem-langjaehrigen-Durchschnitt_Organisator-375x127.jpg 375w, https:\/\/www.organisator.ch\/wp-content\/uploads\/2018\/03\/Wirtschaftskriminalitaet-Schadensumme-blieb-2017-unter-dem-langjaehrigen-Durchschnitt_Organisator-300x101.jpg 300w\" sizes=\"auto, (max-width: 640px) 100vw, 640px\" \/><figcaption id=\"caption-attachment-3308\" class=\"wp-caption-text\">C'est le montant des dommages caus\u00e9s par la criminalit\u00e9 \u00e9conomique en Suisse au cours des derni\u00e8res ann\u00e9es (*dont un seul cas avec une somme de dommages estim\u00e9e \u00e0 800 millions de francs). Graphique : les chiffres : KPMG<\/figcaption><\/figure>\n<p>L'ann\u00e9e derni\u00e8re, 59 cas de criminalit\u00e9 \u00e9conomique ont caus\u00e9 en Suisse des dommages d'un montant de 426 millions de CHF. En comparaison avec l'ann\u00e9e pr\u00e9c\u00e9dente, le volume des dommages a toutefois nettement diminu\u00e9, passant de 1,4 milliard de CHF \u00e0 426 millions de CHF, le record absolu de 2016 \u00e9tant principalement d\u00fb \u00e0 un cas avec un volume de dommages de 800 millions de CHF et \u00e0 trois cas avec un volume de plus de 125 millions de CHF chacun. Compar\u00e9 \u00e0 la moyenne \u00e0 long terme de 512 millions de CHF, le volume des dommages en 2017 est l\u00e9g\u00e8rement inf\u00e9rieur \u00e0 la moyenne.<\/p>\n<h2>Dommages importants en cas d'actes commis en commun<\/h2>\n<p>En 2017, les d\u00e9lits les plus fr\u00e9quents dans le domaine de la criminalit\u00e9 \u00e9conomique \u00e9taient l'escroquerie par m\u00e9tier ou simple ainsi que l'abus de confiance. Les auteurs \u00e9taient souvent motiv\u00e9s par le financement d'un train de vie dispendieux ou par le remboursement de dettes. Comme les ann\u00e9es pr\u00e9c\u00e9dentes, les investisseurs priv\u00e9s ont \u00e9t\u00e9 le groupe de victimes le plus touch\u00e9. Le pr\u00e9judice s'est \u00e9lev\u00e9 ici \u00e0 environ 162 millions de CHF, ce qui correspond \u00e0 un pr\u00e9judice moyen de 20,2 millions de CHF par cas.<\/p>\n<figure id=\"attachment_3309\" aria-describedby=\"caption-attachment-3309\" style=\"width: 680px\" class=\"wp-caption alignnone\"><img loading=\"lazy\" decoding=\"async\" class=\"size-medium wp-image-3309\" src=\"https:\/\/www.organisator.ch\/wp-content\/uploads\/2018\/03\/Wirtschaftskriminalitaet-Schadensumme-blieb-2017-unter-dem-langjaehrigen-Durchschnitt-2_Organisator.jpg\" alt=\"\" width=\"680\" height=\"290\" srcset=\"https:\/\/www.organisator.ch\/wp-content\/uploads\/2018\/03\/Wirtschaftskriminalitaet-Schadensumme-blieb-2017-unter-dem-langjaehrigen-Durchschnitt-2_Organisator.jpg 1972w, https:\/\/www.organisator.ch\/wp-content\/uploads\/2018\/03\/Wirtschaftskriminalitaet-Schadensumme-blieb-2017-unter-dem-langjaehrigen-Durchschnitt-2_Organisator-680x290.jpg 680w, https:\/\/www.organisator.ch\/wp-content\/uploads\/2018\/03\/Wirtschaftskriminalitaet-Schadensumme-blieb-2017-unter-dem-langjaehrigen-Durchschnitt-2_Organisator-1024x436.jpg 1024w, https:\/\/www.organisator.ch\/wp-content\/uploads\/2018\/03\/Wirtschaftskriminalitaet-Schadensumme-blieb-2017-unter-dem-langjaehrigen-Durchschnitt-2_Organisator-768x327.jpg 768w, https:\/\/www.organisator.ch\/wp-content\/uploads\/2018\/03\/Wirtschaftskriminalitaet-Schadensumme-blieb-2017-unter-dem-langjaehrigen-Durchschnitt-2_Organisator-1536x654.jpg 1536w, https:\/\/www.organisator.ch\/wp-content\/uploads\/2018\/03\/Wirtschaftskriminalitaet-Schadensumme-blieb-2017-unter-dem-langjaehrigen-Durchschnitt-2_Organisator-16x7.jpg 16w, https:\/\/www.organisator.ch\/wp-content\/uploads\/2018\/03\/Wirtschaftskriminalitaet-Schadensumme-blieb-2017-unter-dem-langjaehrigen-Durchschnitt-2_Organisator-375x160.jpg 375w, https:\/\/www.organisator.ch\/wp-content\/uploads\/2018\/03\/Wirtschaftskriminalitaet-Schadensumme-blieb-2017-unter-dem-langjaehrigen-Durchschnitt-2_Organisator-760x324.jpg 760w, https:\/\/www.organisator.ch\/wp-content\/uploads\/2018\/03\/Wirtschaftskriminalitaet-Schadensumme-blieb-2017-unter-dem-langjaehrigen-Durchschnitt-2_Organisator-1600x682.jpg 1600w, https:\/\/www.organisator.ch\/wp-content\/uploads\/2018\/03\/Wirtschaftskriminalitaet-Schadensumme-blieb-2017-unter-dem-langjaehrigen-Durchschnitt-2_Organisator-920x392.jpg 920w, https:\/\/www.organisator.ch\/wp-content\/uploads\/2018\/03\/Wirtschaftskriminalitaet-Schadensumme-blieb-2017-unter-dem-langjaehrigen-Durchschnitt-2_Organisator-1400x596.jpg 1400w, https:\/\/www.organisator.ch\/wp-content\/uploads\/2018\/03\/Wirtschaftskriminalitaet-Schadensumme-blieb-2017-unter-dem-langjaehrigen-Durchschnitt-2_Organisator-300x128.jpg 300w\" sizes=\"auto, (max-width: 680px) 100vw, 680px\" \/><figcaption id=\"caption-attachment-3309\" class=\"wp-caption-text\">Criminalit\u00e9 \u00e9conomique par groupes d'auteurs (source : KPMG)<\/figcaption><\/figure>\n<p>En raison de leur position particuli\u00e8re dans l'entreprise, les cadres repr\u00e9sentent toujours potentiellement le plus grand danger. L'analyse montre qu'en 2017, les managers (par rapport \u00e0 d'autres groupes d'auteurs) ont \u00e9t\u00e9 responsables des dommages totaux les plus \u00e9lev\u00e9s, soit 120,9 millions de CHF. Les employ\u00e9s ont subi des dommages d'un montant total de 117,4 millions de CHF, mais apr\u00e8s d\u00e9duction d'un cas individuel de 100 millions de CHF, la somme tombe \u00e0 17,4 millions de CHF, ce qui correspond \u00e0 un dommage moyen de 1,7 million de CHF. En comparaison, le montant moyen des d\u00e9lits commis par le management s'est \u00e9lev\u00e9 \u00e0 CHF 11 millions. En 2017, il est \u00e0 nouveau apparu que les actes commis conjointement par le management et les employ\u00e9s ont des cons\u00e9quences particuli\u00e8rement graves : Dans les trois cas, le pr\u00e9judice moyen s'est \u00e9lev\u00e9 \u00e0 plus de 25 millions de CHF.<\/p>\n<h2>Nombre \u00e9lev\u00e9 de cas non d\u00e9clar\u00e9s<\/h2>\n<p>Le \"KPMG Forensic Fraud Barometer\" recense chaque ann\u00e9e les affaires judiciaires trait\u00e9es publiquement et publi\u00e9es dans les m\u00e9dias. Il ne comprend pas les d\u00e9lits qui sont certes d\u00e9nonc\u00e9s par la police, mais qui n'ont jamais donn\u00e9 lieu \u00e0 des condamnations. Par ailleurs, l'exp\u00e9rience montre que la majorit\u00e9 des d\u00e9lits ne sont m\u00eame pas d\u00e9nonc\u00e9s. \"Cela s'explique par la crainte des entreprises de voir leur r\u00e9putation ternie si les d\u00e9lits \u00e9taient rendus publics\", r\u00e9sume Matthias Kiener, responsable de la criminalistique chez KPMG Suisse. \"En outre, le fait que, dans le cas de la cybercriminalit\u00e9 par exemple, les auteurs ne peuvent pas \u00eatre identifi\u00e9s \u00e0 un co\u00fbt raisonnable joue un r\u00f4le d\u00e9cisif\", ajoute Nico van der Beken, responsable Forensic Technology chez KPMG Suisse.<\/p>\n<p><em>Source : <a href=\"http:\/\/kpmg.ch\">KPMG<\/a><\/em><\/p>","protected":false},"excerpt":{"rendered":"<p>Im vergangenen Jahr verursachten 59 F\u00e4lle von Wirtschaftskriminalit\u00e4t in der Schweiz einen Schaden von CHF 426 Mio. Im Vorjahresvergleich ging das Schadensvolumen indes deutlich zur\u00fcck: von CHF 1.4 Mia. auf CHF 426 Mio., wobei das Allzeithoch 2016 vor allem einem Fall mit einem Schadensvolumen von CHF 800 Mio. sowie drei F\u00e4llen mit einem Volumen von [&hellip;]<\/p>\n","protected":false},"author":4,"featured_media":3308,"comment_status":"open","ping_status":"open","sticky":false,"template":"","format":"standard","meta":{"_acf_changed":false,"_yoast_wpseo_focuskw":"Wirtschaftskriminalit\u00e4t","_yoast_wpseo_metadesc":"Letztes Jahr wurden 59 F\u00e4lle von Wirtschaftskriminalit\u00e4t an Schweizer Gerichten behandelt. Das Schadensvolumen betrug CHF 426 Mio. Dies und mehr zeigt der aktuelle \u00abKPMG Forensic Fraud Barometer\u00bb.","articlekey":"","footnotes":""},"categories":[1],"tags":[142,459,508,529],"class_list":["post-3306","post","type-post","status-publish","format-standard","has-post-thumbnail","hentry","category-allgemein","tag-cyber-crime","tag-studie","tag-vermischtes","tag-wirtschaftskriminalitaet"],"acf":[],"yoast_head":"<!-- This site is optimized with the Yoast SEO plugin v27.5 - https:\/\/yoast.com\/product\/yoast-seo-wordpress\/ -->\n<title>Wirtschaftskriminalit\u00e4t: Schadensumme blieb 2017 unter dem langj\u00e4hrigen Durchschnitt - Organisator<\/title>\n<meta name=\"description\" content=\"Letztes Jahr wurden 59 F\u00e4lle von Wirtschaftskriminalit\u00e4t an Schweizer Gerichten behandelt. Das Schadensvolumen betrug CHF 426 Mio. Dies und mehr zeigt der aktuelle \u00abKPMG Forensic Fraud Barometer\u00bb.\" \/>\n<meta name=\"robots\" content=\"index, follow, max-snippet:-1, max-image-preview:large, max-video-preview:-1\" \/>\n<link rel=\"canonical\" href=\"https:\/\/www.organisator.ch\/fr\/general\/2018-03-15\/wirtschaftskriminalitaet-schadensumme-blieb-2017-unter-dem-langjaehrigen-durchschnitt\/\" \/>\n<meta property=\"og:locale\" content=\"fr_FR\" \/>\n<meta property=\"og:type\" content=\"article\" \/>\n<meta property=\"og:title\" content=\"Wirtschaftskriminalit\u00e4t: Schadensumme blieb 2017 unter dem langj\u00e4hrigen Durchschnitt\" \/>\n<meta property=\"og:description\" content=\"Letztes Jahr wurden 59 F\u00e4lle von #Wirtschaftskriminalit\u00e4t an Schweizer Gerichten behandelt. Das Schadensvolumen betrug CHF 426 Mio. Dies und mehr zeigt der aktuelle \u00ab#KPMG Forensic Fraud Barometer\u00bb.\" \/>\n<meta property=\"og:url\" content=\"https:\/\/www.organisator.ch\/fr\/general\/2018-03-15\/wirtschaftskriminalitaet-schadensumme-blieb-2017-unter-dem-langjaehrigen-durchschnitt\/\" \/>\n<meta property=\"og:site_name\" content=\"Organisator\" \/>\n<meta property=\"article:publisher\" content=\"https:\/\/www.facebook.com\/OrganisatorFachmagazin\" \/>\n<meta property=\"article:published_time\" content=\"2018-03-15T12:32:05+00:00\" \/>\n<meta property=\"og:image\" content=\"https:\/\/www.organisator.ch\/wp-content\/uploads\/2018\/03\/Wirtschaftskriminalitaet-Schadensumme-blieb-2017-unter-dem-langjaehrigen-Durchschnitt_Organisator.jpg\" \/>\n\t<meta property=\"og:image:width\" content=\"640\" \/>\n\t<meta property=\"og:image:height\" content=\"216\" \/>\n\t<meta property=\"og:image:type\" content=\"image\/jpeg\" \/>\n<meta name=\"author\" content=\"thomas.berner\" \/>\n<meta name=\"twitter:card\" content=\"summary_large_image\" \/>\n<meta name=\"twitter:title\" content=\"#Wirtschaftskriminalit\u00e4t: Schadensumme blieb 2017 unter dem langj\u00e4hrigen Durchschnitt\" \/>\n<meta name=\"twitter:description\" content=\"Letztes Jahr wurden 59 F\u00e4lle von #Wirtschaftskriminalit\u00e4t an Schweizer Gerichten behandelt. Das Schadensvolumen betrug CHF 426 Mio. Dies und mehr zeigt der aktuelle \u00ab#KPMG Forensic Fraud Barometer\u00bb.\" \/>\n<meta name=\"twitter:image\" content=\"https:\/\/www.organisator.ch\/wp-content\/uploads\/2018\/03\/Wirtschaftskriminalit\u00e4t-Schadensumme-blieb-2017-unter-dem-langj\u00e4hrigen-Durchschnitt_Organisator.jpg\" \/>\n<script type=\"application\/ld+json\" class=\"yoast-schema-graph\">{\"@context\":\"https:\\\/\\\/schema.org\",\"@graph\":[{\"@type\":\"Article\",\"@id\":\"https:\\\/\\\/www.organisator.ch\\\/en\\\/general\\\/2018-03-15\\\/wirtschaftskriminalitaet-schadensumme-blieb-2017-unter-dem-langjaehrigen-durchschnitt\\\/#article\",\"isPartOf\":{\"@id\":\"https:\\\/\\\/www.organisator.ch\\\/en\\\/general\\\/2018-03-15\\\/wirtschaftskriminalitaet-schadensumme-blieb-2017-unter-dem-langjaehrigen-durchschnitt\\\/\"},\"author\":{\"name\":\"thomas.berner\",\"@id\":\"https:\\\/\\\/www.organisator.ch\\\/#\\\/schema\\\/person\\\/6f650f90b2842cd4c0cc334b4e36f67e\"},\"headline\":\"Wirtschaftskriminalit\u00e4t: Schadensumme blieb 2017 unter dem langj\u00e4hrigen Durchschnitt\",\"datePublished\":\"2018-03-15T12:32:05+00:00\",\"mainEntityOfPage\":{\"@id\":\"https:\\\/\\\/www.organisator.ch\\\/en\\\/general\\\/2018-03-15\\\/wirtschaftskriminalitaet-schadensumme-blieb-2017-unter-dem-langjaehrigen-durchschnitt\\\/\"},\"wordCount\":444,\"commentCount\":0,\"publisher\":{\"@id\":\"https:\\\/\\\/www.organisator.ch\\\/#organization\"},\"image\":{\"@id\":\"https:\\\/\\\/www.organisator.ch\\\/en\\\/general\\\/2018-03-15\\\/wirtschaftskriminalitaet-schadensumme-blieb-2017-unter-dem-langjaehrigen-durchschnitt\\\/#primaryimage\"},\"thumbnailUrl\":\"https:\\\/\\\/www.organisator.ch\\\/wp-content\\\/uploads\\\/2018\\\/03\\\/Wirtschaftskriminalitaet-Schadensumme-blieb-2017-unter-dem-langjaehrigen-Durchschnitt_Organisator.jpg\",\"keywords\":[\"Cyber-Crime\",\"Studie\",\"Vermischtes\",\"Wirtschaftskriminalit\u00e4t\"],\"articleSection\":[\"Allgemein\"],\"inLanguage\":\"fr-FR\"},{\"@type\":\"WebPage\",\"@id\":\"https:\\\/\\\/www.organisator.ch\\\/en\\\/general\\\/2018-03-15\\\/wirtschaftskriminalitaet-schadensumme-blieb-2017-unter-dem-langjaehrigen-durchschnitt\\\/\",\"url\":\"https:\\\/\\\/www.organisator.ch\\\/en\\\/general\\\/2018-03-15\\\/wirtschaftskriminalitaet-schadensumme-blieb-2017-unter-dem-langjaehrigen-durchschnitt\\\/\",\"name\":\"Wirtschaftskriminalit\u00e4t: Schadensumme blieb 2017 unter dem langj\u00e4hrigen Durchschnitt - Organisator\",\"isPartOf\":{\"@id\":\"https:\\\/\\\/www.organisator.ch\\\/#website\"},\"primaryImageOfPage\":{\"@id\":\"https:\\\/\\\/www.organisator.ch\\\/en\\\/general\\\/2018-03-15\\\/wirtschaftskriminalitaet-schadensumme-blieb-2017-unter-dem-langjaehrigen-durchschnitt\\\/#primaryimage\"},\"image\":{\"@id\":\"https:\\\/\\\/www.organisator.ch\\\/en\\\/general\\\/2018-03-15\\\/wirtschaftskriminalitaet-schadensumme-blieb-2017-unter-dem-langjaehrigen-durchschnitt\\\/#primaryimage\"},\"thumbnailUrl\":\"https:\\\/\\\/www.organisator.ch\\\/wp-content\\\/uploads\\\/2018\\\/03\\\/Wirtschaftskriminalitaet-Schadensumme-blieb-2017-unter-dem-langjaehrigen-Durchschnitt_Organisator.jpg\",\"datePublished\":\"2018-03-15T12:32:05+00:00\",\"description\":\"Letztes Jahr wurden 59 F\u00e4lle von Wirtschaftskriminalit\u00e4t an Schweizer Gerichten behandelt. Das Schadensvolumen betrug CHF 426 Mio. Dies und mehr zeigt der aktuelle \u00abKPMG Forensic Fraud Barometer\u00bb.\",\"breadcrumb\":{\"@id\":\"https:\\\/\\\/www.organisator.ch\\\/en\\\/general\\\/2018-03-15\\\/wirtschaftskriminalitaet-schadensumme-blieb-2017-unter-dem-langjaehrigen-durchschnitt\\\/#breadcrumb\"},\"inLanguage\":\"fr-FR\",\"potentialAction\":[{\"@type\":\"ReadAction\",\"target\":[\"https:\\\/\\\/www.organisator.ch\\\/en\\\/general\\\/2018-03-15\\\/wirtschaftskriminalitaet-schadensumme-blieb-2017-unter-dem-langjaehrigen-durchschnitt\\\/\"]}]},{\"@type\":\"ImageObject\",\"inLanguage\":\"fr-FR\",\"@id\":\"https:\\\/\\\/www.organisator.ch\\\/en\\\/general\\\/2018-03-15\\\/wirtschaftskriminalitaet-schadensumme-blieb-2017-unter-dem-langjaehrigen-durchschnitt\\\/#primaryimage\",\"url\":\"https:\\\/\\\/www.organisator.ch\\\/wp-content\\\/uploads\\\/2018\\\/03\\\/Wirtschaftskriminalitaet-Schadensumme-blieb-2017-unter-dem-langjaehrigen-Durchschnitt_Organisator.jpg\",\"contentUrl\":\"https:\\\/\\\/www.organisator.ch\\\/wp-content\\\/uploads\\\/2018\\\/03\\\/Wirtschaftskriminalitaet-Schadensumme-blieb-2017-unter-dem-langjaehrigen-Durchschnitt_Organisator.jpg\",\"width\":640,\"height\":216,\"caption\":\"So viel Schaden richtete Wirtschaftskriminalit\u00e4t in der Schweiz in den vergangenen Jahren an (*darunter ein einzelner Fall mit einer gesch\u00e4tzten Schadensumme von 800 Millionen Franken). Grafik: KPMG\"},{\"@type\":\"BreadcrumbList\",\"@id\":\"https:\\\/\\\/www.organisator.ch\\\/en\\\/general\\\/2018-03-15\\\/wirtschaftskriminalitaet-schadensumme-blieb-2017-unter-dem-langjaehrigen-durchschnitt\\\/#breadcrumb\",\"itemListElement\":[{\"@type\":\"ListItem\",\"position\":1,\"name\":\"Home\",\"item\":\"https:\\\/\\\/www.organisator.ch\\\/\"},{\"@type\":\"ListItem\",\"position\":2,\"name\":\"Wirtschaftskriminalit\u00e4t: Schadensumme blieb 2017 unter dem langj\u00e4hrigen Durchschnitt\"}]},{\"@type\":\"WebSite\",\"@id\":\"https:\\\/\\\/www.organisator.ch\\\/#website\",\"url\":\"https:\\\/\\\/www.organisator.ch\\\/\",\"name\":\"Organisator\",\"description\":\"Kompetent. Praxisnah. Der ORGANISATOR bereitet in 10 Ausgaben pro Jahr die wesentlichen Themen f\u00fcr F\u00fchrungskr\u00e4fte von KMU auf.\",\"publisher\":{\"@id\":\"https:\\\/\\\/www.organisator.ch\\\/#organization\"},\"potentialAction\":[{\"@type\":\"SearchAction\",\"target\":{\"@type\":\"EntryPoint\",\"urlTemplate\":\"https:\\\/\\\/www.organisator.ch\\\/?s={search_term_string}\"},\"query-input\":{\"@type\":\"PropertyValueSpecification\",\"valueRequired\":true,\"valueName\":\"search_term_string\"}}],\"inLanguage\":\"fr-FR\"},{\"@type\":\"Organization\",\"@id\":\"https:\\\/\\\/www.organisator.ch\\\/#organization\",\"name\":\"Organisator\",\"url\":\"https:\\\/\\\/www.organisator.ch\\\/\",\"logo\":{\"@type\":\"ImageObject\",\"inLanguage\":\"fr-FR\",\"@id\":\"https:\\\/\\\/www.organisator.ch\\\/#\\\/schema\\\/logo\\\/image\\\/\",\"url\":\"https:\\\/\\\/www.organisator.ch\\\/wp-content\\\/uploads\\\/2022\\\/01\\\/Logo_Organisator_Website.png\",\"contentUrl\":\"https:\\\/\\\/www.organisator.ch\\\/wp-content\\\/uploads\\\/2022\\\/01\\\/Logo_Organisator_Website.png\",\"width\":800,\"height\":77,\"caption\":\"Organisator\"},\"image\":{\"@id\":\"https:\\\/\\\/www.organisator.ch\\\/#\\\/schema\\\/logo\\\/image\\\/\"},\"sameAs\":[\"https:\\\/\\\/www.facebook.com\\\/OrganisatorFachmagazin\",\"https:\\\/\\\/www.linkedin.com\\\/showcase\\\/organisator-das-magazin-fr-kmu\",\"https:\\\/\\\/www.xing.com\\\/news\\\/pages\\\/organisator-ch-695\",\"https:\\\/\\\/www.youtube.com\\\/channel\\\/UCGP2Sq0iWaZwT3BdIAQFYpw\"]},{\"@type\":\"Person\",\"@id\":\"https:\\\/\\\/www.organisator.ch\\\/#\\\/schema\\\/person\\\/6f650f90b2842cd4c0cc334b4e36f67e\",\"name\":\"thomas.berner\",\"image\":{\"@type\":\"ImageObject\",\"inLanguage\":\"fr-FR\",\"@id\":\"https:\\\/\\\/secure.gravatar.com\\\/avatar\\\/ac5001d2a36cb6c6cd3e50789007ffca834b477b74a2144564522e944eabff61?s=96&d=mm&r=g\",\"url\":\"https:\\\/\\\/secure.gravatar.com\\\/avatar\\\/ac5001d2a36cb6c6cd3e50789007ffca834b477b74a2144564522e944eabff61?s=96&d=mm&r=g\",\"contentUrl\":\"https:\\\/\\\/secure.gravatar.com\\\/avatar\\\/ac5001d2a36cb6c6cd3e50789007ffca834b477b74a2144564522e944eabff61?s=96&d=mm&r=g\",\"caption\":\"thomas.berner\"},\"url\":\"https:\\\/\\\/www.organisator.ch\\\/fr\\\/author\\\/thomas-berner\\\/\"}]}<\/script>\n<!-- \/ Yoast SEO plugin. -->","yoast_head_json":{"title":"Criminalit\u00e9 \u00e9conomique : le montant des dommages est rest\u00e9 inf\u00e9rieur \u00e0 la moyenne \u00e0 long terme en 2017 - Organisateur","description":"L'ann\u00e9e derni\u00e8re, 59 affaires de criminalit\u00e9 \u00e9conomique ont \u00e9t\u00e9 trait\u00e9es par les tribunaux suisses. Le volume des dommages s'est \u00e9lev\u00e9 \u00e0 426 millions de CHF. C'est ce que montre, entre autres, le dernier \"KPMG Forensic Fraud Barometer\".","robots":{"index":"index","follow":"follow","max-snippet":"max-snippet:-1","max-image-preview":"max-image-preview:large","max-video-preview":"max-video-preview:-1"},"canonical":"https:\/\/www.organisator.ch\/fr\/general\/2018-03-15\/wirtschaftskriminalitaet-schadensumme-blieb-2017-unter-dem-langjaehrigen-durchschnitt\/","og_locale":"fr_FR","og_type":"article","og_title":"Wirtschaftskriminalit\u00e4t: Schadensumme blieb 2017 unter dem langj\u00e4hrigen Durchschnitt","og_description":"Letztes Jahr wurden 59 F\u00e4lle von #Wirtschaftskriminalit\u00e4t an Schweizer Gerichten behandelt. Das Schadensvolumen betrug CHF 426 Mio. Dies und mehr zeigt der aktuelle \u00ab#KPMG Forensic Fraud Barometer\u00bb.","og_url":"https:\/\/www.organisator.ch\/fr\/general\/2018-03-15\/wirtschaftskriminalitaet-schadensumme-blieb-2017-unter-dem-langjaehrigen-durchschnitt\/","og_site_name":"Organisator","article_publisher":"https:\/\/www.facebook.com\/OrganisatorFachmagazin","article_published_time":"2018-03-15T12:32:05+00:00","og_image":[{"width":640,"height":216,"url":"https:\/\/www.organisator.ch\/wp-content\/uploads\/2018\/03\/Wirtschaftskriminalitaet-Schadensumme-blieb-2017-unter-dem-langjaehrigen-Durchschnitt_Organisator.jpg","type":"image\/jpeg"}],"author":"thomas.berner","twitter_card":"summary_large_image","twitter_title":"#Wirtschaftskriminalit\u00e4t: Schadensumme blieb 2017 unter dem langj\u00e4hrigen Durchschnitt","twitter_description":"Letztes Jahr wurden 59 F\u00e4lle von #Wirtschaftskriminalit\u00e4t an Schweizer Gerichten behandelt. Das Schadensvolumen betrug CHF 426 Mio. Dies und mehr zeigt der aktuelle \u00ab#KPMG Forensic Fraud Barometer\u00bb.","twitter_image":"https:\/\/www.organisator.ch\/wp-content\/uploads\/2018\/03\/Wirtschaftskriminalit\u00e4t-Schadensumme-blieb-2017-unter-dem-langj\u00e4hrigen-Durchschnitt_Organisator.jpg","schema":{"@context":"https:\/\/schema.org","@graph":[{"@type":"Article","@id":"https:\/\/www.organisator.ch\/en\/general\/2018-03-15\/wirtschaftskriminalitaet-schadensumme-blieb-2017-unter-dem-langjaehrigen-durchschnitt\/#article","isPartOf":{"@id":"https:\/\/www.organisator.ch\/en\/general\/2018-03-15\/wirtschaftskriminalitaet-schadensumme-blieb-2017-unter-dem-langjaehrigen-durchschnitt\/"},"author":{"name":"thomas.berner","@id":"https:\/\/www.organisator.ch\/#\/schema\/person\/6f650f90b2842cd4c0cc334b4e36f67e"},"headline":"Wirtschaftskriminalit\u00e4t: Schadensumme blieb 2017 unter dem langj\u00e4hrigen Durchschnitt","datePublished":"2018-03-15T12:32:05+00:00","mainEntityOfPage":{"@id":"https:\/\/www.organisator.ch\/en\/general\/2018-03-15\/wirtschaftskriminalitaet-schadensumme-blieb-2017-unter-dem-langjaehrigen-durchschnitt\/"},"wordCount":444,"commentCount":0,"publisher":{"@id":"https:\/\/www.organisator.ch\/#organization"},"image":{"@id":"https:\/\/www.organisator.ch\/en\/general\/2018-03-15\/wirtschaftskriminalitaet-schadensumme-blieb-2017-unter-dem-langjaehrigen-durchschnitt\/#primaryimage"},"thumbnailUrl":"https:\/\/www.organisator.ch\/wp-content\/uploads\/2018\/03\/Wirtschaftskriminalitaet-Schadensumme-blieb-2017-unter-dem-langjaehrigen-Durchschnitt_Organisator.jpg","keywords":["Cyber-Crime","Studie","Vermischtes","Wirtschaftskriminalit\u00e4t"],"articleSection":["Allgemein"],"inLanguage":"fr-FR"},{"@type":"WebPage","@id":"https:\/\/www.organisator.ch\/en\/general\/2018-03-15\/wirtschaftskriminalitaet-schadensumme-blieb-2017-unter-dem-langjaehrigen-durchschnitt\/","url":"https:\/\/www.organisator.ch\/en\/general\/2018-03-15\/wirtschaftskriminalitaet-schadensumme-blieb-2017-unter-dem-langjaehrigen-durchschnitt\/","name":"Criminalit\u00e9 \u00e9conomique : le montant des dommages est rest\u00e9 inf\u00e9rieur \u00e0 la moyenne \u00e0 long terme en 2017 - Organisateur","isPartOf":{"@id":"https:\/\/www.organisator.ch\/#website"},"primaryImageOfPage":{"@id":"https:\/\/www.organisator.ch\/en\/general\/2018-03-15\/wirtschaftskriminalitaet-schadensumme-blieb-2017-unter-dem-langjaehrigen-durchschnitt\/#primaryimage"},"image":{"@id":"https:\/\/www.organisator.ch\/en\/general\/2018-03-15\/wirtschaftskriminalitaet-schadensumme-blieb-2017-unter-dem-langjaehrigen-durchschnitt\/#primaryimage"},"thumbnailUrl":"https:\/\/www.organisator.ch\/wp-content\/uploads\/2018\/03\/Wirtschaftskriminalitaet-Schadensumme-blieb-2017-unter-dem-langjaehrigen-Durchschnitt_Organisator.jpg","datePublished":"2018-03-15T12:32:05+00:00","description":"L'ann\u00e9e derni\u00e8re, 59 affaires de criminalit\u00e9 \u00e9conomique ont \u00e9t\u00e9 trait\u00e9es par les tribunaux suisses. Le volume des dommages s'est \u00e9lev\u00e9 \u00e0 426 millions de CHF. C'est ce que montre, entre autres, le dernier \"KPMG Forensic Fraud Barometer\".","breadcrumb":{"@id":"https:\/\/www.organisator.ch\/en\/general\/2018-03-15\/wirtschaftskriminalitaet-schadensumme-blieb-2017-unter-dem-langjaehrigen-durchschnitt\/#breadcrumb"},"inLanguage":"fr-FR","potentialAction":[{"@type":"ReadAction","target":["https:\/\/www.organisator.ch\/en\/general\/2018-03-15\/wirtschaftskriminalitaet-schadensumme-blieb-2017-unter-dem-langjaehrigen-durchschnitt\/"]}]},{"@type":"ImageObject","inLanguage":"fr-FR","@id":"https:\/\/www.organisator.ch\/en\/general\/2018-03-15\/wirtschaftskriminalitaet-schadensumme-blieb-2017-unter-dem-langjaehrigen-durchschnitt\/#primaryimage","url":"https:\/\/www.organisator.ch\/wp-content\/uploads\/2018\/03\/Wirtschaftskriminalitaet-Schadensumme-blieb-2017-unter-dem-langjaehrigen-Durchschnitt_Organisator.jpg","contentUrl":"https:\/\/www.organisator.ch\/wp-content\/uploads\/2018\/03\/Wirtschaftskriminalitaet-Schadensumme-blieb-2017-unter-dem-langjaehrigen-Durchschnitt_Organisator.jpg","width":640,"height":216,"caption":"So viel Schaden richtete Wirtschaftskriminalit\u00e4t in der Schweiz in den vergangenen Jahren an (*darunter ein einzelner Fall mit einer gesch\u00e4tzten Schadensumme von 800 Millionen Franken). Grafik: KPMG"},{"@type":"BreadcrumbList","@id":"https:\/\/www.organisator.ch\/en\/general\/2018-03-15\/wirtschaftskriminalitaet-schadensumme-blieb-2017-unter-dem-langjaehrigen-durchschnitt\/#breadcrumb","itemListElement":[{"@type":"ListItem","position":1,"name":"Home","item":"https:\/\/www.organisator.ch\/"},{"@type":"ListItem","position":2,"name":"Wirtschaftskriminalit\u00e4t: Schadensumme blieb 2017 unter dem langj\u00e4hrigen Durchschnitt"}]},{"@type":"WebSite","@id":"https:\/\/www.organisator.ch\/#website","url":"https:\/\/www.organisator.ch\/","name":"Organisateur","description":"Comp\u00e9tence et comp\u00e9tence. Proches de la pratique. L'ORGANISATEUR pr\u00e9pare 10 num\u00e9ros par an sur les th\u00e8mes essentiels pour les dirigeants de PME.","publisher":{"@id":"https:\/\/www.organisator.ch\/#organization"},"potentialAction":[{"@type":"SearchAction","target":{"@type":"EntryPoint","urlTemplate":"https:\/\/www.organisator.ch\/?s={search_term_string}"},"query-input":{"@type":"PropertyValueSpecification","valueRequired":true,"valueName":"search_term_string"}}],"inLanguage":"fr-FR"},{"@type":"Organization","@id":"https:\/\/www.organisator.ch\/#organization","name":"Organisateur","url":"https:\/\/www.organisator.ch\/","logo":{"@type":"ImageObject","inLanguage":"fr-FR","@id":"https:\/\/www.organisator.ch\/#\/schema\/logo\/image\/","url":"https:\/\/www.organisator.ch\/wp-content\/uploads\/2022\/01\/Logo_Organisator_Website.png","contentUrl":"https:\/\/www.organisator.ch\/wp-content\/uploads\/2022\/01\/Logo_Organisator_Website.png","width":800,"height":77,"caption":"Organisator"},"image":{"@id":"https:\/\/www.organisator.ch\/#\/schema\/logo\/image\/"},"sameAs":["https:\/\/www.facebook.com\/OrganisatorFachmagazin","https:\/\/www.linkedin.com\/showcase\/organisator-das-magazin-fr-kmu","https:\/\/www.xing.com\/news\/pages\/organisator-ch-695","https:\/\/www.youtube.com\/channel\/UCGP2Sq0iWaZwT3BdIAQFYpw"]},{"@type":"Person","@id":"https:\/\/www.organisator.ch\/#\/schema\/person\/6f650f90b2842cd4c0cc334b4e36f67e","name":"thomas.berner","image":{"@type":"ImageObject","inLanguage":"fr-FR","@id":"https:\/\/secure.gravatar.com\/avatar\/ac5001d2a36cb6c6cd3e50789007ffca834b477b74a2144564522e944eabff61?s=96&d=mm&r=g","url":"https:\/\/secure.gravatar.com\/avatar\/ac5001d2a36cb6c6cd3e50789007ffca834b477b74a2144564522e944eabff61?s=96&d=mm&r=g","contentUrl":"https:\/\/secure.gravatar.com\/avatar\/ac5001d2a36cb6c6cd3e50789007ffca834b477b74a2144564522e944eabff61?s=96&d=mm&r=g","caption":"thomas.berner"},"url":"https:\/\/www.organisator.ch\/fr\/author\/thomas-berner\/"}]}},"_links":{"self":[{"href":"https:\/\/www.organisator.ch\/fr\/wp-json\/wp\/v2\/posts\/3306","targetHints":{"allow":["GET"]}}],"collection":[{"href":"https:\/\/www.organisator.ch\/fr\/wp-json\/wp\/v2\/posts"}],"about":[{"href":"https:\/\/www.organisator.ch\/fr\/wp-json\/wp\/v2\/types\/post"}],"author":[{"embeddable":true,"href":"https:\/\/www.organisator.ch\/fr\/wp-json\/wp\/v2\/users\/4"}],"replies":[{"embeddable":true,"href":"https:\/\/www.organisator.ch\/fr\/wp-json\/wp\/v2\/comments?post=3306"}],"version-history":[{"count":0,"href":"https:\/\/www.organisator.ch\/fr\/wp-json\/wp\/v2\/posts\/3306\/revisions"}],"wp:featuredmedia":[{"embeddable":true,"href":"https:\/\/www.organisator.ch\/fr\/wp-json\/wp\/v2\/media\/3308"}],"wp:attachment":[{"href":"https:\/\/www.organisator.ch\/fr\/wp-json\/wp\/v2\/media?parent=3306"}],"wp:term":[{"taxonomy":"category","embeddable":true,"href":"https:\/\/www.organisator.ch\/fr\/wp-json\/wp\/v2\/categories?post=3306"},{"taxonomy":"post_tag","embeddable":true,"href":"https:\/\/www.organisator.ch\/fr\/wp-json\/wp\/v2\/tags?post=3306"}],"curies":[{"name":"wp","href":"https:\/\/api.w.org\/{rel}","templated":true}]}}