{"id":332,"date":"2016-11-29T14:18:16","date_gmt":"2016-11-29T13:18:16","guid":{"rendered":"http:\/\/dev.organisator.ch\/?p=332"},"modified":"2016-11-29T14:18:16","modified_gmt":"2016-11-29T13:18:16","slug":"studie-schweizer-arbeitnehmer-ticken-anders","status":"publish","type":"post","link":"https:\/\/www.organisator.ch\/fr\/allgemein\/2016-11-29\/studie-schweizer-arbeitnehmer-ticken-anders\/","title":{"rendered":"\u00c9tude : les salari\u00e9s suisses ont un autre tic-tac"},"content":{"rendered":"<figure id=\"attachment_333\" aria-describedby=\"caption-attachment-333\" style=\"width: 680px\" class=\"wp-caption alignnone\"><img loading=\"lazy\" decoding=\"async\" class=\"size-medium wp-image-333\" src=\"https:\/\/organisator.ch\/wp-content\/uploads\/2016\/12\/Studie-Schweizer-Arbeitnehmer-ticken-anders-organisator.jpg\" alt=\"\" width=\"680\" height=\"530\" srcset=\"https:\/\/www.organisator.ch\/wp-content\/uploads\/2016\/12\/Studie-Schweizer-Arbeitnehmer-ticken-anders-organisator.jpg 2000w, https:\/\/www.organisator.ch\/wp-content\/uploads\/2016\/12\/Studie-Schweizer-Arbeitnehmer-ticken-anders-organisator-680x530.jpg 680w, https:\/\/www.organisator.ch\/wp-content\/uploads\/2016\/12\/Studie-Schweizer-Arbeitnehmer-ticken-anders-organisator-1024x799.jpg 1024w, https:\/\/www.organisator.ch\/wp-content\/uploads\/2016\/12\/Studie-Schweizer-Arbeitnehmer-ticken-anders-organisator-768x599.jpg 768w, https:\/\/www.organisator.ch\/wp-content\/uploads\/2016\/12\/Studie-Schweizer-Arbeitnehmer-ticken-anders-organisator-1536x1198.jpg 1536w, https:\/\/www.organisator.ch\/wp-content\/uploads\/2016\/12\/Studie-Schweizer-Arbeitnehmer-ticken-anders-organisator-16x12.jpg 16w, https:\/\/www.organisator.ch\/wp-content\/uploads\/2016\/12\/Studie-Schweizer-Arbeitnehmer-ticken-anders-organisator-224x175.jpg 224w, https:\/\/www.organisator.ch\/wp-content\/uploads\/2016\/12\/Studie-Schweizer-Arbeitnehmer-ticken-anders-organisator-449x350.jpg 449w, https:\/\/www.organisator.ch\/wp-content\/uploads\/2016\/12\/Studie-Schweizer-Arbeitnehmer-ticken-anders-organisator-1026x800.jpg 1026w, https:\/\/www.organisator.ch\/wp-content\/uploads\/2016\/12\/Studie-Schweizer-Arbeitnehmer-ticken-anders-organisator-920x718.jpg 920w, https:\/\/www.organisator.ch\/wp-content\/uploads\/2016\/12\/Studie-Schweizer-Arbeitnehmer-ticken-anders-organisator-1400x1092.jpg 1400w, https:\/\/www.organisator.ch\/wp-content\/uploads\/2016\/12\/Studie-Schweizer-Arbeitnehmer-ticken-anders-organisator-1795x1400.jpg 1795w, https:\/\/www.organisator.ch\/wp-content\/uploads\/2016\/12\/Studie-Schweizer-Arbeitnehmer-ticken-anders-organisator-300x234.jpg 300w\" sizes=\"auto, (max-width: 680px) 100vw, 680px\" \/><figcaption id=\"caption-attachment-333\" class=\"wp-caption-text\">En raison des possibilit\u00e9s de soutien num\u00e9rique, la r\u00e9partition entre activit\u00e9s hautement qualifi\u00e9es et activit\u00e9s de soutien va changer radicalement.<\/figcaption><\/figure>\n<blockquote><p>\"En Europe, le salaire de base est cit\u00e9 en premier depuis des ann\u00e9es. Nous attribuons le fait que ce facteur ait d\u00e9sormais gagn\u00e9 en importance en Suisse \u00e0 l'incertitude \u00e9conomique subjectivement ressentie dans ce pays \u00e9galement\", explique Olaf Lang, directeur du d\u00e9partement de conseil Talent &amp; Rewards chez Willis Towers Watson.<\/p><\/blockquote>\n<p>Deux \u00e9tudes r\u00e9centes de Willis Towers Watson montrent qu'il existe en Suisse un besoin de rattrapage en ce qui concerne l'agenda de modernisation de la gestion des ressources humaines. Elles r\u00e9v\u00e8lent que les points de vue des employ\u00e9s et des employeurs divergent encore largement en ce qui concerne les facteurs importants pour l'acquisition, la fid\u00e9lisation et la motivation des collaborateurs. Cette situation, ainsi que les lacunes dans les comp\u00e9tences de direction, mettent en p\u00e9ril l'engagement durable des collaborateurs et donc le succ\u00e8s de l'entreprise.<\/p>\n<p>Au niveau europ\u00e9en, le salaire de base (1), la s\u00e9curit\u00e9 de l'emploi (2) ainsi qu'un travail stimulant (3) font partie des raisons les plus souvent cit\u00e9es pour expliquer l'attrait d'un employeur du point de vue des employ\u00e9s. Ces facteurs sont \u00e9galement cit\u00e9s en premier lieu en Suisse, mais dans un ordre diff\u00e9rent. Dans ce pays, l'activit\u00e9 stimulante arrive en t\u00eate, suivie du salaire de base et de la s\u00e9curit\u00e9 de l'emploi. Le salaire se place donc d\u00e9sormais dans le top 3 par rapport \u00e0 2014 (6e rang) et 2012 (4e rang).<\/p>\n<p><strong>Importance du salaire de base<\/strong><\/p>\n<p>\"En Europe, le salaire de base est cit\u00e9 en premier depuis des ann\u00e9es. Nous attribuons le fait que ce facteur ait d\u00e9sormais gagn\u00e9 en importance en Suisse \u00e0 l'ins\u00e9curit\u00e9 \u00e9conomique ressentie subjectivement dans ce pays \u00e9galement. Il appara\u00eet clairement que les besoins fondamentaux de l'activit\u00e9, comme par exemple la r\u00e9mun\u00e9ration, la s\u00e9curit\u00e9 de l'emploi et autres, gagnent en importance\", explique Olaf Lang, responsable du d\u00e9partement de conseil Talent &amp; Rewards chez Willis Towers Watson.<\/p>\n<p>Par s\u00e9curit\u00e9 de l'emploi, on n'entend pas seulement le souci de perdre son poste, mais aussi la continuit\u00e9, la stabilit\u00e9 d'une activit\u00e9 ou la s\u00e9curit\u00e9 g\u00e9n\u00e9rale de la carri\u00e8re.<\/p>\n<p><strong>Mot-cl\u00e9 : Fid\u00e9lisation des employ\u00e9s<\/strong><\/p>\n<p>D'autres diff\u00e9rences par rapport \u00e0 l'\u00e9chantillon global apparaissent dans la plus grande importance accord\u00e9e par les employ\u00e9s suisses aux coll\u00e8gues comp\u00e9tents, \u00e0 l'organisation flexible du travail et aux temps de trajet entre le domicile et le lieu de travail. Si ce dernier facteur joue un r\u00f4le moins important pour le recrutement, la proximit\u00e9 du lieu de travail arrive m\u00eame en troisi\u00e8me position parmi les facteurs les plus importants pour la fid\u00e9lisation des collaborateurs.<\/p>\n<p>En ce qui concerne la fid\u00e9lisation, les employ\u00e9s citent respectivement en premi\u00e8re et deuxi\u00e8me position un package salarial attractif et les possibilit\u00e9s de d\u00e9veloppement de carri\u00e8re. \"Il est important de savoir que d'autres facteurs sont \u00e0 prendre en compte pour la fid\u00e9lisation des collaborateurs et d'en tenir compte dans la strat\u00e9gie RH. Car si ces facteurs ne sont r\u00e9alisables que par un changement, les employ\u00e9s suisses profitent d'un march\u00e9 du travail toujours sain\", souligne Olaf Lang.<\/p>\n<p><strong>Besoin de rattrapage de la part des employeurs<\/strong><\/p>\n<p>Les employeurs ont du retard \u00e0 rattraper en ce qui concerne l'\u00e9valuation des principaux int\u00e9r\u00eats des collaborateurs. Pour ces derniers, le package salarial est le premier besoin de base \u00e0 assurer. Viennent ensuite les opportunit\u00e9s de carri\u00e8re, la s\u00e9curit\u00e9 de l'emploi ou la proximit\u00e9 du lieu de travail. Pour d'autres facteurs de fid\u00e9lisation, les employeurs \u00e9valuent \u00e9galement l'importance de mani\u00e8re diff\u00e9rente, voire erron\u00e9e. Ainsi, selon l'\u00e9tude Willis Towers Watson Global Workforce Study 2016, la relation avec le sup\u00e9rieur hi\u00e9rarchique ou l'organisation flexible du travail ne jouent aucun r\u00f4le dans la d\u00e9cision des collaborateurs de rester fid\u00e8les \u00e0 une entreprise.<\/p>\n<p>En raison des nouvelles possibilit\u00e9s de soutien technique et num\u00e9rique, la r\u00e9partition entre activit\u00e9s hautement qualifi\u00e9es et activit\u00e9s de soutien va changer de mani\u00e8re drastique. \"Les entreprises devront donc \u00e0 l'avenir regarder encore plus attentivement que par le pass\u00e9 de quel savoir-faire elles ont besoin pour quelles t\u00e2ches et avec quelles offres - qu'il s'agisse du salaire, du contenu du travail, de l'ambiance de travail ou des possibilit\u00e9s de d\u00e9veloppement - elles peuvent attirer les collaborateurs ou les freelances ad\u00e9quats. Les exigences en mati\u00e8re de comp\u00e9tences de direction des managers augmentent ainsi notamment\", souligne Lang.<\/p>\n<p><em>Vous pouvez commander la pr\u00e9sentation en anglais des principaux r\u00e9sultats sur willistowerswatson@open-up.ch.<\/em><\/p>","protected":false},"excerpt":{"rendered":"<p>\u201eIn Europa wird das Grundgehalt seit Jahren an erster Stelle genannt. Dass dieser Faktor nun in der Schweiz an Bedeutung gewonnen hat, f\u00fchren wir auf die subjektiv empfundene wirtschaftliche Unsicherheit auch hierzulande zur\u00fcck&#8220;, sagt Olaf Lang, Leiter des Beratungsbereiches Talent &amp; Rewards bei Willis Towers Watson. Dass es in der Schweiz Nachholbedarf bez\u00fcglich der Modernisierungsagenda [&hellip;]<\/p>\n","protected":false},"author":1,"featured_media":333,"comment_status":"open","ping_status":"open","sticky":false,"template":"","format":"standard","meta":{"_acf_changed":false,"_yoast_wpseo_focuskw":"Arbeitnehmer","_yoast_wpseo_metadesc":"Attraktivit\u00e4t Arbeitgeber & Gr\u00fcnde, warum Mitarbeitende Unternehmen treu bleiben: Schweizer Arbeitnehmer setzen andere Priorit\u00e4ten als Kollegen im Ausland.","articlekey":"","footnotes":""},"categories":[1],"tags":[294],"class_list":["post-332","post","type-post","status-publish","format-standard","has-post-thumbnail","hentry","category-allgemein","tag-karriere"],"acf":[],"yoast_head":"<!-- This site is optimized with the Yoast SEO plugin v27.5 - https:\/\/yoast.com\/product\/yoast-seo-wordpress\/ -->\n<title>Studie: Schweizer Arbeitnehmer ticken anders - Organisator<\/title>\n<meta name=\"description\" content=\"Attraktivit\u00e4t Arbeitgeber &amp; Gr\u00fcnde, warum Mitarbeitende Unternehmen treu bleiben: Schweizer Arbeitnehmer setzen andere Priorit\u00e4ten als Kollegen im Ausland.\" \/>\n<meta name=\"robots\" content=\"index, follow, max-snippet:-1, max-image-preview:large, max-video-preview:-1\" \/>\n<link rel=\"canonical\" href=\"https:\/\/www.organisator.ch\/fr\/general\/2016-11-29\/studie-schweizer-arbeitnehmer-ticken-anders\/\" \/>\n<meta property=\"og:locale\" content=\"fr_FR\" \/>\n<meta property=\"og:type\" content=\"article\" \/>\n<meta property=\"og:title\" content=\"Studie: Schweizer Arbeitnehmer ticken anders\" \/>\n<meta property=\"og:description\" content=\"Geht es um die Attraktivit\u00e4t eines Arbeitgebers oder die Gr\u00fcnde, warum Mitarbeitende einem Unternehmen treu bleiben, so setzen Schweizer Arbeitnehmer andere Priorit\u00e4ten als ihre Kollegen im Ausland. Da dies hierzulande bisher zu wenige Unternehmen erkannt haben, besteht im Personalmanagement Handlungsbedarf, um im Wettbewerb um Talente bestehen zu k\u00f6nnen.\" \/>\n<meta property=\"og:url\" content=\"https:\/\/www.organisator.ch\/fr\/general\/2016-11-29\/studie-schweizer-arbeitnehmer-ticken-anders\/\" \/>\n<meta property=\"og:site_name\" content=\"Organisator\" \/>\n<meta property=\"article:publisher\" content=\"https:\/\/www.facebook.com\/OrganisatorFachmagazin\" \/>\n<meta property=\"article:published_time\" content=\"2016-11-29T13:18:16+00:00\" \/>\n<meta name=\"author\" content=\"admin\" \/>\n<meta name=\"twitter:card\" content=\"summary_large_image\" \/>\n<meta name=\"twitter:image\" content=\"https:\/\/www.organisator.ch\/wp-content\/uploads\/2016\/12\/Studie-Schweizer-Arbeitnehmer-ticken-anders-organisator.jpg\" \/>\n<script type=\"application\/ld+json\" class=\"yoast-schema-graph\">{\"@context\":\"https:\\\/\\\/schema.org\",\"@graph\":[{\"@type\":\"Article\",\"@id\":\"https:\\\/\\\/www.organisator.ch\\\/fr\\\/general\\\/2016-11-29\\\/studie-schweizer-arbeitnehmer-ticken-anders\\\/#article\",\"isPartOf\":{\"@id\":\"https:\\\/\\\/www.organisator.ch\\\/fr\\\/general\\\/2016-11-29\\\/studie-schweizer-arbeitnehmer-ticken-anders\\\/\"},\"author\":{\"name\":\"admin\",\"@id\":\"https:\\\/\\\/www.organisator.ch\\\/#\\\/schema\\\/person\\\/aa2bace6c5c5aad60102004a50c4eb1c\"},\"headline\":\"Studie: Schweizer Arbeitnehmer ticken anders\",\"datePublished\":\"2016-11-29T13:18:16+00:00\",\"mainEntityOfPage\":{\"@id\":\"https:\\\/\\\/www.organisator.ch\\\/fr\\\/general\\\/2016-11-29\\\/studie-schweizer-arbeitnehmer-ticken-anders\\\/\"},\"wordCount\":620,\"commentCount\":0,\"publisher\":{\"@id\":\"https:\\\/\\\/www.organisator.ch\\\/#organization\"},\"image\":{\"@id\":\"https:\\\/\\\/www.organisator.ch\\\/fr\\\/general\\\/2016-11-29\\\/studie-schweizer-arbeitnehmer-ticken-anders\\\/#primaryimage\"},\"thumbnailUrl\":\"https:\\\/\\\/www.organisator.ch\\\/wp-content\\\/uploads\\\/2016\\\/12\\\/Studie-Schweizer-Arbeitnehmer-ticken-anders-organisator.jpg\",\"keywords\":[\"Karriere\"],\"articleSection\":[\"Allgemein\"],\"inLanguage\":\"fr-FR\"},{\"@type\":\"WebPage\",\"@id\":\"https:\\\/\\\/www.organisator.ch\\\/fr\\\/general\\\/2016-11-29\\\/studie-schweizer-arbeitnehmer-ticken-anders\\\/\",\"url\":\"https:\\\/\\\/www.organisator.ch\\\/fr\\\/general\\\/2016-11-29\\\/studie-schweizer-arbeitnehmer-ticken-anders\\\/\",\"name\":\"Studie: Schweizer Arbeitnehmer ticken anders - Organisator\",\"isPartOf\":{\"@id\":\"https:\\\/\\\/www.organisator.ch\\\/#website\"},\"primaryImageOfPage\":{\"@id\":\"https:\\\/\\\/www.organisator.ch\\\/fr\\\/general\\\/2016-11-29\\\/studie-schweizer-arbeitnehmer-ticken-anders\\\/#primaryimage\"},\"image\":{\"@id\":\"https:\\\/\\\/www.organisator.ch\\\/fr\\\/general\\\/2016-11-29\\\/studie-schweizer-arbeitnehmer-ticken-anders\\\/#primaryimage\"},\"thumbnailUrl\":\"https:\\\/\\\/www.organisator.ch\\\/wp-content\\\/uploads\\\/2016\\\/12\\\/Studie-Schweizer-Arbeitnehmer-ticken-anders-organisator.jpg\",\"datePublished\":\"2016-11-29T13:18:16+00:00\",\"description\":\"Attraktivit\u00e4t Arbeitgeber & Gr\u00fcnde, warum Mitarbeitende Unternehmen treu bleiben: Schweizer Arbeitnehmer setzen andere Priorit\u00e4ten als Kollegen im Ausland.\",\"breadcrumb\":{\"@id\":\"https:\\\/\\\/www.organisator.ch\\\/fr\\\/general\\\/2016-11-29\\\/studie-schweizer-arbeitnehmer-ticken-anders\\\/#breadcrumb\"},\"inLanguage\":\"fr-FR\",\"potentialAction\":[{\"@type\":\"ReadAction\",\"target\":[\"https:\\\/\\\/www.organisator.ch\\\/fr\\\/general\\\/2016-11-29\\\/studie-schweizer-arbeitnehmer-ticken-anders\\\/\"]}]},{\"@type\":\"ImageObject\",\"inLanguage\":\"fr-FR\",\"@id\":\"https:\\\/\\\/www.organisator.ch\\\/fr\\\/general\\\/2016-11-29\\\/studie-schweizer-arbeitnehmer-ticken-anders\\\/#primaryimage\",\"url\":\"https:\\\/\\\/www.organisator.ch\\\/wp-content\\\/uploads\\\/2016\\\/12\\\/Studie-Schweizer-Arbeitnehmer-ticken-anders-organisator.jpg\",\"contentUrl\":\"https:\\\/\\\/www.organisator.ch\\\/wp-content\\\/uploads\\\/2016\\\/12\\\/Studie-Schweizer-Arbeitnehmer-ticken-anders-organisator.jpg\",\"width\":2000,\"height\":1560,\"caption\":\"Aufgrund der digitalen Unterst\u00fctzungsm\u00f6glichkeiten wird sich die Aufteilung in hochqualifizierte und unterst\u00fctzende T\u00e4tigkeit drastisch ver\u00e4ndern.\"},{\"@type\":\"BreadcrumbList\",\"@id\":\"https:\\\/\\\/www.organisator.ch\\\/fr\\\/general\\\/2016-11-29\\\/studie-schweizer-arbeitnehmer-ticken-anders\\\/#breadcrumb\",\"itemListElement\":[{\"@type\":\"ListItem\",\"position\":1,\"name\":\"Home\",\"item\":\"https:\\\/\\\/www.organisator.ch\\\/\"},{\"@type\":\"ListItem\",\"position\":2,\"name\":\"Studie: Schweizer Arbeitnehmer ticken anders\"}]},{\"@type\":\"WebSite\",\"@id\":\"https:\\\/\\\/www.organisator.ch\\\/#website\",\"url\":\"https:\\\/\\\/www.organisator.ch\\\/\",\"name\":\"Organisator\",\"description\":\"Kompetent. Praxisnah. Der ORGANISATOR bereitet in 10 Ausgaben pro Jahr die wesentlichen Themen f\u00fcr F\u00fchrungskr\u00e4fte von KMU auf.\",\"publisher\":{\"@id\":\"https:\\\/\\\/www.organisator.ch\\\/#organization\"},\"potentialAction\":[{\"@type\":\"SearchAction\",\"target\":{\"@type\":\"EntryPoint\",\"urlTemplate\":\"https:\\\/\\\/www.organisator.ch\\\/?s={search_term_string}\"},\"query-input\":{\"@type\":\"PropertyValueSpecification\",\"valueRequired\":true,\"valueName\":\"search_term_string\"}}],\"inLanguage\":\"fr-FR\"},{\"@type\":\"Organization\",\"@id\":\"https:\\\/\\\/www.organisator.ch\\\/#organization\",\"name\":\"Organisator\",\"url\":\"https:\\\/\\\/www.organisator.ch\\\/\",\"logo\":{\"@type\":\"ImageObject\",\"inLanguage\":\"fr-FR\",\"@id\":\"https:\\\/\\\/www.organisator.ch\\\/#\\\/schema\\\/logo\\\/image\\\/\",\"url\":\"https:\\\/\\\/www.organisator.ch\\\/wp-content\\\/uploads\\\/2022\\\/01\\\/Logo_Organisator_Website.png\",\"contentUrl\":\"https:\\\/\\\/www.organisator.ch\\\/wp-content\\\/uploads\\\/2022\\\/01\\\/Logo_Organisator_Website.png\",\"width\":800,\"height\":77,\"caption\":\"Organisator\"},\"image\":{\"@id\":\"https:\\\/\\\/www.organisator.ch\\\/#\\\/schema\\\/logo\\\/image\\\/\"},\"sameAs\":[\"https:\\\/\\\/www.facebook.com\\\/OrganisatorFachmagazin\",\"https:\\\/\\\/www.linkedin.com\\\/showcase\\\/organisator-das-magazin-fr-kmu\",\"https:\\\/\\\/www.xing.com\\\/news\\\/pages\\\/organisator-ch-695\",\"https:\\\/\\\/www.youtube.com\\\/channel\\\/UCGP2Sq0iWaZwT3BdIAQFYpw\"]},{\"@type\":\"Person\",\"@id\":\"https:\\\/\\\/www.organisator.ch\\\/#\\\/schema\\\/person\\\/aa2bace6c5c5aad60102004a50c4eb1c\",\"name\":\"admin\",\"image\":{\"@type\":\"ImageObject\",\"inLanguage\":\"fr-FR\",\"@id\":\"https:\\\/\\\/secure.gravatar.com\\\/avatar\\\/ae2f4d718e6c49043e314ce431e7e645d646302a24a5ef5a8bc8e3f5a032e319?s=96&d=mm&r=g\",\"url\":\"https:\\\/\\\/secure.gravatar.com\\\/avatar\\\/ae2f4d718e6c49043e314ce431e7e645d646302a24a5ef5a8bc8e3f5a032e319?s=96&d=mm&r=g\",\"contentUrl\":\"https:\\\/\\\/secure.gravatar.com\\\/avatar\\\/ae2f4d718e6c49043e314ce431e7e645d646302a24a5ef5a8bc8e3f5a032e319?s=96&d=mm&r=g\",\"caption\":\"admin\"},\"sameAs\":[\"https:\\\/\\\/www.organisator.ch\"],\"url\":\"https:\\\/\\\/www.organisator.ch\\\/fr\\\/author\\\/admin\\\/\"}]}<\/script>\n<!-- \/ Yoast SEO plugin. -->","yoast_head_json":{"title":"Etude : les salari\u00e9s suisses ont un autre tic-tac - Organisateur","description":"Attrait de l'employeur &amp; raisons pour lesquelles les collaborateurs restent fid\u00e8les \u00e0 l'entreprise : les employ\u00e9s suisses ont d'autres priorit\u00e9s que leurs coll\u00e8gues \u00e0 l'\u00e9tranger.","robots":{"index":"index","follow":"follow","max-snippet":"max-snippet:-1","max-image-preview":"max-image-preview:large","max-video-preview":"max-video-preview:-1"},"canonical":"https:\/\/www.organisator.ch\/fr\/general\/2016-11-29\/studie-schweizer-arbeitnehmer-ticken-anders\/","og_locale":"fr_FR","og_type":"article","og_title":"Studie: Schweizer Arbeitnehmer ticken anders","og_description":"Geht es um die Attraktivit\u00e4t eines Arbeitgebers oder die Gr\u00fcnde, warum Mitarbeitende einem Unternehmen treu bleiben, so setzen Schweizer Arbeitnehmer andere Priorit\u00e4ten als ihre Kollegen im Ausland. Da dies hierzulande bisher zu wenige Unternehmen erkannt haben, besteht im Personalmanagement Handlungsbedarf, um im Wettbewerb um Talente bestehen zu k\u00f6nnen.","og_url":"https:\/\/www.organisator.ch\/fr\/general\/2016-11-29\/studie-schweizer-arbeitnehmer-ticken-anders\/","og_site_name":"Organisator","article_publisher":"https:\/\/www.facebook.com\/OrganisatorFachmagazin","article_published_time":"2016-11-29T13:18:16+00:00","author":"admin","twitter_card":"summary_large_image","twitter_image":"https:\/\/www.organisator.ch\/wp-content\/uploads\/2016\/12\/Studie-Schweizer-Arbeitnehmer-ticken-anders-organisator.jpg","schema":{"@context":"https:\/\/schema.org","@graph":[{"@type":"Article","@id":"https:\/\/www.organisator.ch\/fr\/general\/2016-11-29\/studie-schweizer-arbeitnehmer-ticken-anders\/#article","isPartOf":{"@id":"https:\/\/www.organisator.ch\/fr\/general\/2016-11-29\/studie-schweizer-arbeitnehmer-ticken-anders\/"},"author":{"name":"admin","@id":"https:\/\/www.organisator.ch\/#\/schema\/person\/aa2bace6c5c5aad60102004a50c4eb1c"},"headline":"Studie: Schweizer Arbeitnehmer ticken anders","datePublished":"2016-11-29T13:18:16+00:00","mainEntityOfPage":{"@id":"https:\/\/www.organisator.ch\/fr\/general\/2016-11-29\/studie-schweizer-arbeitnehmer-ticken-anders\/"},"wordCount":620,"commentCount":0,"publisher":{"@id":"https:\/\/www.organisator.ch\/#organization"},"image":{"@id":"https:\/\/www.organisator.ch\/fr\/general\/2016-11-29\/studie-schweizer-arbeitnehmer-ticken-anders\/#primaryimage"},"thumbnailUrl":"https:\/\/www.organisator.ch\/wp-content\/uploads\/2016\/12\/Studie-Schweizer-Arbeitnehmer-ticken-anders-organisator.jpg","keywords":["Karriere"],"articleSection":["Allgemein"],"inLanguage":"fr-FR"},{"@type":"WebPage","@id":"https:\/\/www.organisator.ch\/fr\/general\/2016-11-29\/studie-schweizer-arbeitnehmer-ticken-anders\/","url":"https:\/\/www.organisator.ch\/fr\/general\/2016-11-29\/studie-schweizer-arbeitnehmer-ticken-anders\/","name":"Etude : les salari\u00e9s suisses ont un autre tic-tac - Organisateur","isPartOf":{"@id":"https:\/\/www.organisator.ch\/#website"},"primaryImageOfPage":{"@id":"https:\/\/www.organisator.ch\/fr\/general\/2016-11-29\/studie-schweizer-arbeitnehmer-ticken-anders\/#primaryimage"},"image":{"@id":"https:\/\/www.organisator.ch\/fr\/general\/2016-11-29\/studie-schweizer-arbeitnehmer-ticken-anders\/#primaryimage"},"thumbnailUrl":"https:\/\/www.organisator.ch\/wp-content\/uploads\/2016\/12\/Studie-Schweizer-Arbeitnehmer-ticken-anders-organisator.jpg","datePublished":"2016-11-29T13:18:16+00:00","description":"Attrait de l'employeur &amp; raisons pour lesquelles les collaborateurs restent fid\u00e8les \u00e0 l'entreprise : les employ\u00e9s suisses ont d'autres priorit\u00e9s que leurs coll\u00e8gues \u00e0 l'\u00e9tranger.","breadcrumb":{"@id":"https:\/\/www.organisator.ch\/fr\/general\/2016-11-29\/studie-schweizer-arbeitnehmer-ticken-anders\/#breadcrumb"},"inLanguage":"fr-FR","potentialAction":[{"@type":"ReadAction","target":["https:\/\/www.organisator.ch\/fr\/general\/2016-11-29\/studie-schweizer-arbeitnehmer-ticken-anders\/"]}]},{"@type":"ImageObject","inLanguage":"fr-FR","@id":"https:\/\/www.organisator.ch\/fr\/general\/2016-11-29\/studie-schweizer-arbeitnehmer-ticken-anders\/#primaryimage","url":"https:\/\/www.organisator.ch\/wp-content\/uploads\/2016\/12\/Studie-Schweizer-Arbeitnehmer-ticken-anders-organisator.jpg","contentUrl":"https:\/\/www.organisator.ch\/wp-content\/uploads\/2016\/12\/Studie-Schweizer-Arbeitnehmer-ticken-anders-organisator.jpg","width":2000,"height":1560,"caption":"Aufgrund der digitalen Unterst\u00fctzungsm\u00f6glichkeiten wird sich die Aufteilung in hochqualifizierte und unterst\u00fctzende T\u00e4tigkeit drastisch ver\u00e4ndern."},{"@type":"BreadcrumbList","@id":"https:\/\/www.organisator.ch\/fr\/general\/2016-11-29\/studie-schweizer-arbeitnehmer-ticken-anders\/#breadcrumb","itemListElement":[{"@type":"ListItem","position":1,"name":"Home","item":"https:\/\/www.organisator.ch\/"},{"@type":"ListItem","position":2,"name":"Studie: Schweizer Arbeitnehmer ticken anders"}]},{"@type":"WebSite","@id":"https:\/\/www.organisator.ch\/#website","url":"https:\/\/www.organisator.ch\/","name":"Organisateur","description":"Comp\u00e9tence et comp\u00e9tence. Proches de la pratique. L'ORGANISATEUR pr\u00e9pare 10 num\u00e9ros par an sur les th\u00e8mes essentiels pour les dirigeants de PME.","publisher":{"@id":"https:\/\/www.organisator.ch\/#organization"},"potentialAction":[{"@type":"SearchAction","target":{"@type":"EntryPoint","urlTemplate":"https:\/\/www.organisator.ch\/?s={search_term_string}"},"query-input":{"@type":"PropertyValueSpecification","valueRequired":true,"valueName":"search_term_string"}}],"inLanguage":"fr-FR"},{"@type":"Organization","@id":"https:\/\/www.organisator.ch\/#organization","name":"Organisateur","url":"https:\/\/www.organisator.ch\/","logo":{"@type":"ImageObject","inLanguage":"fr-FR","@id":"https:\/\/www.organisator.ch\/#\/schema\/logo\/image\/","url":"https:\/\/www.organisator.ch\/wp-content\/uploads\/2022\/01\/Logo_Organisator_Website.png","contentUrl":"https:\/\/www.organisator.ch\/wp-content\/uploads\/2022\/01\/Logo_Organisator_Website.png","width":800,"height":77,"caption":"Organisator"},"image":{"@id":"https:\/\/www.organisator.ch\/#\/schema\/logo\/image\/"},"sameAs":["https:\/\/www.facebook.com\/OrganisatorFachmagazin","https:\/\/www.linkedin.com\/showcase\/organisator-das-magazin-fr-kmu","https:\/\/www.xing.com\/news\/pages\/organisator-ch-695","https:\/\/www.youtube.com\/channel\/UCGP2Sq0iWaZwT3BdIAQFYpw"]},{"@type":"Person","@id":"https:\/\/www.organisator.ch\/#\/schema\/person\/aa2bace6c5c5aad60102004a50c4eb1c","name":"admin","image":{"@type":"ImageObject","inLanguage":"fr-FR","@id":"https:\/\/secure.gravatar.com\/avatar\/ae2f4d718e6c49043e314ce431e7e645d646302a24a5ef5a8bc8e3f5a032e319?s=96&d=mm&r=g","url":"https:\/\/secure.gravatar.com\/avatar\/ae2f4d718e6c49043e314ce431e7e645d646302a24a5ef5a8bc8e3f5a032e319?s=96&d=mm&r=g","contentUrl":"https:\/\/secure.gravatar.com\/avatar\/ae2f4d718e6c49043e314ce431e7e645d646302a24a5ef5a8bc8e3f5a032e319?s=96&d=mm&r=g","caption":"admin"},"sameAs":["https:\/\/www.organisator.ch"],"url":"https:\/\/www.organisator.ch\/fr\/author\/admin\/"}]}},"_links":{"self":[{"href":"https:\/\/www.organisator.ch\/fr\/wp-json\/wp\/v2\/posts\/332","targetHints":{"allow":["GET"]}}],"collection":[{"href":"https:\/\/www.organisator.ch\/fr\/wp-json\/wp\/v2\/posts"}],"about":[{"href":"https:\/\/www.organisator.ch\/fr\/wp-json\/wp\/v2\/types\/post"}],"author":[{"embeddable":true,"href":"https:\/\/www.organisator.ch\/fr\/wp-json\/wp\/v2\/users\/1"}],"replies":[{"embeddable":true,"href":"https:\/\/www.organisator.ch\/fr\/wp-json\/wp\/v2\/comments?post=332"}],"version-history":[{"count":0,"href":"https:\/\/www.organisator.ch\/fr\/wp-json\/wp\/v2\/posts\/332\/revisions"}],"wp:featuredmedia":[{"embeddable":true,"href":"https:\/\/www.organisator.ch\/fr\/wp-json\/wp\/v2\/media\/333"}],"wp:attachment":[{"href":"https:\/\/www.organisator.ch\/fr\/wp-json\/wp\/v2\/media?parent=332"}],"wp:term":[{"taxonomy":"category","embeddable":true,"href":"https:\/\/www.organisator.ch\/fr\/wp-json\/wp\/v2\/categories?post=332"},{"taxonomy":"post_tag","embeddable":true,"href":"https:\/\/www.organisator.ch\/fr\/wp-json\/wp\/v2\/tags?post=332"}],"curies":[{"name":"wp","href":"https:\/\/api.w.org\/{rel}","templated":true}]}}