{"id":3326,"date":"2020-09-06T15:49:19","date_gmt":"2020-09-06T13:49:19","guid":{"rendered":"https:\/\/www.umweltperspektiven.ch\/?p=3326"},"modified":"2022-02-09T11:05:33","modified_gmt":"2022-02-09T10:05:33","slug":"optimiertes-verfahren-zur-50-prozentigen-reduktion-der-deponiemasse","status":"publish","type":"post","link":"https:\/\/www.organisator.ch\/fr\/sustainability\/2020-09-06\/optimiertes-verfahren-zur-50-prozentigen-reduktion-der-deponiemasse\/","title":{"rendered":"Proc\u00e9d\u00e9 optimis\u00e9 pour r\u00e9duire de 50 % la masse des d\u00e9chets mis en d\u00e9charge"},"content":{"rendered":"<figure id=\"attachment_3327\" aria-describedby=\"caption-attachment-3327\" style=\"width: 680px\" class=\"wp-caption alignnone\"><img loading=\"lazy\" decoding=\"async\" class=\"size-medium wp-image-3327\" src=\"\/\/www.umweltperspektiven.ch\/wp-content\/uploads\/2020\/09\/Kehrichtschlacke.jpg\" alt=\"\" width=\"680\" height=\"448\" srcset=\"https:\/\/www.organisator.ch\/wp-content\/uploads\/2020\/09\/Kehrichtschlacke.jpg 818w, https:\/\/www.organisator.ch\/wp-content\/uploads\/2020\/09\/Kehrichtschlacke-680x448.jpg 680w, https:\/\/www.organisator.ch\/wp-content\/uploads\/2020\/09\/Kehrichtschlacke-768x506.jpg 768w, https:\/\/www.organisator.ch\/wp-content\/uploads\/2020\/09\/Kehrichtschlacke-18x12.jpg 18w, https:\/\/www.organisator.ch\/wp-content\/uploads\/2020\/09\/Kehrichtschlacke-266x175.jpg 266w, https:\/\/www.organisator.ch\/wp-content\/uploads\/2020\/09\/Kehrichtschlacke-531x350.jpg 531w, https:\/\/www.organisator.ch\/wp-content\/uploads\/2020\/09\/Kehrichtschlacke-300x198.jpg 300w\" sizes=\"auto, (max-width: 680px) 100vw, 680px\" \/><figcaption id=\"caption-attachment-3327\" class=\"wp-caption-text\">Le traitement des scories d'ordures m\u00e9nag\u00e8res est une m\u00e9thode \u00e9prouv\u00e9e, \u00e0 la fois efficace et respectueuse de l'environnement, qui permet d'am\u00e9liorer l'\u00e9conomie circulaire. (Image : Wikipedia)<\/figcaption><\/figure>\n<p>Le proc\u00e9d\u00e9 SELFRAG est bas\u00e9 sur une m\u00e9thode de broyage \u00e0 la fois efficace sur le plan \u00e9nerg\u00e9tique et \u00e9conomique. Les composants emprisonn\u00e9s dans les scories sont lib\u00e9r\u00e9s avec pr\u00e9cision le long des limites du mat\u00e9riau au moyen d'impulsions \u00e0 haute tension. En combinaison avec des m\u00e9thodes de tri connues, on obtient une installation globale durable et efficace pour la r\u00e9cup\u00e9ration de m\u00e9taux et de fractions min\u00e9rales.<\/p>\n<p><strong>R\u00e9duction d'au moins 50 pour cent de la masse des d\u00e9chets mis en d\u00e9charge<\/strong><br \/>\nOutre la r\u00e9cup\u00e9ration tr\u00e8s \u00e9lev\u00e9e des m\u00e9taux, la technologie de SELFRAG convainc \u00e9galement par une r\u00e9duction substantielle du volume de la d\u00e9charge. Au moins la moiti\u00e9 des scories peut \u00eatre r\u00e9introduite dans le cycle des mat\u00e9riaux - une contribution consid\u00e9rable \u00e0 l'\u00e9conomie circulaire. Les composants min\u00e9raux r\u00e9cup\u00e9r\u00e9s sont r\u00e9utilis\u00e9s comme additifs dans l'industrie du ciment et de la construction. Cela permet de m\u00e9nager les d\u00e9charges, de r\u00e9duire les co\u00fbts de mise en d\u00e9charge et de r\u00e9aliser des \u00e9conomies consid\u00e9rables de CO2.<\/p>\n<p><strong>R\u00e9duction significative de l'empreinte carbone<\/strong><br \/>\nLes installations SELFRAG sont construites sur place ou \u00e0 proximit\u00e9 imm\u00e9diate des usines d'incin\u00e9ration des ordures m\u00e9nag\u00e8res. Le r\u00e9seau routier est ainsi d\u00e9lest\u00e9. Des emplois locaux sont cr\u00e9\u00e9s et les longs trajets de transport des m\u00e2chefers sont \u00e9vit\u00e9s - une contribution suppl\u00e9mentaire \u00e0 la r\u00e9duction de l'empreinte carbone.<\/p>\n<p><strong>Flexible et b\u00e9n\u00e9fique pour l'\u00e9conomie<\/strong><br \/>\nSELFRAG finance, construit et exploite des installations en Suisse. Frederic von der Weid, CEO de SELFRAG, d\u00e9clare \u00e0 ce sujet : \"Notre solution permet d'\u00e9viter des mesures de construction co\u00fbteuses et inutiles, comme par exemple la transformation d'une ligne de four en une ligne de d\u00e9chargement \u00e0 sec ou des investissements dans une propre installation de traitement des scories. En tant qu'exploitant des installations, nous assumons la responsabilit\u00e9 du processus de traitement et garantissons le respect de toutes les prescriptions l\u00e9gales\".<\/p>\n<p><a href=\"\/\/www.selfrag.com\">www.selfrag.com<\/a><\/p>\n<p>&nbsp;<\/p>","protected":false},"excerpt":{"rendered":"<p>Das SELFRAG-Verfahren basiert auf einer energieeffizienten und gleichzeitig \u00f6konomischen Zerkleinerungsmethode. Die in der Schlacke eingeschlossenen Komponenten werden mittels Hochspannungsimpulsen pr\u00e4zise entlang den Materialgrenzen freigesetzt. In Kombination mit bekannten Sortierungsmethoden entsteht eine nachhaltige und effiziente Gesamtanlage zur R\u00fcckgewinnung von Metallen und mineralischen Fraktionen. Mindestens 50 Prozent Reduktion der Deponiemasse Neben der sehr hohen Metallr\u00fcckgewinnung \u00fcberzeugt die [&hellip;]<\/p>\n","protected":false},"author":5,"featured_media":3327,"comment_status":"closed","ping_status":"closed","sticky":false,"template":"","format":"standard","meta":{"_acf_changed":false,"_yoast_wpseo_focuskw":"Verfahren","_yoast_wpseo_metadesc":"50-prozentige Reduktion der Deponiemasse und eine markante Reduktion des CO2 Fussabdrucks: SELFRAG pr\u00e4sentierte ein optimiertes Verfahren","articlekey":"","footnotes":""},"categories":[580],"tags":[785,972,1479,594,2446],"class_list":["post-3326","post","type-post","status-publish","format-standard","has-post-thumbnail","hentry","category-sustainability","tag-baumassnahmen","tag-deponiemasse","tag-kehrichtschlacken","tag-kreislaufwirtschaft","tag-verfahren"],"acf":[],"yoast_head":"<!-- This site is optimized with the Yoast SEO plugin v27.5 - https:\/\/yoast.com\/product\/yoast-seo-wordpress\/ -->\n<title>Optimiertes Verfahren zur 50-prozentigen Reduktion der Deponiemasse - Organisator<\/title>\n<meta name=\"description\" content=\"50-prozentige Reduktion der Deponiemasse und eine markante Reduktion des CO2 Fussabdrucks: SELFRAG pr\u00e4sentierte ein optimiertes Verfahren\" \/>\n<meta name=\"robots\" content=\"index, follow, max-snippet:-1, max-image-preview:large, max-video-preview:-1\" \/>\n<link rel=\"canonical\" href=\"https:\/\/www.organisator.ch\/fr\/sustainability\/2020-09-06\/optimiertes-verfahren-zur-50-prozentigen-reduktion-der-deponiemasse\/\" \/>\n<meta property=\"og:locale\" content=\"fr_FR\" \/>\n<meta property=\"og:type\" content=\"article\" \/>\n<meta property=\"og:title\" content=\"Optimiertes Verfahren zur 50-prozentigen Reduktion der Deponiemasse - Organisator\" \/>\n<meta property=\"og:description\" content=\"50-prozentige Reduktion der Deponiemasse und eine markante Reduktion des CO2 Fussabdrucks: SELFRAG pr\u00e4sentierte ein optimiertes Verfahren\" \/>\n<meta property=\"og:url\" content=\"https:\/\/www.organisator.ch\/fr\/sustainability\/2020-09-06\/optimiertes-verfahren-zur-50-prozentigen-reduktion-der-deponiemasse\/\" \/>\n<meta property=\"og:site_name\" content=\"Organisator\" \/>\n<meta property=\"article:publisher\" content=\"https:\/\/www.facebook.com\/OrganisatorFachmagazin\" \/>\n<meta property=\"article:published_time\" content=\"2020-09-06T13:49:19+00:00\" \/>\n<meta property=\"article:modified_time\" content=\"2022-02-09T10:05:33+00:00\" \/>\n<meta property=\"og:image\" content=\"https:\/\/www.organisator.ch\/wp-content\/uploads\/2020\/09\/Kehrichtschlacke.jpg\" \/>\n\t<meta property=\"og:image:width\" content=\"818\" \/>\n\t<meta property=\"og:image:height\" content=\"539\" \/>\n\t<meta property=\"og:image:type\" content=\"image\/jpeg\" \/>\n<meta name=\"author\" content=\"michael.merz\" \/>\n<meta name=\"twitter:card\" content=\"summary_large_image\" \/>\n<script type=\"application\/ld+json\" class=\"yoast-schema-graph\">{\"@context\":\"https:\\\/\\\/schema.org\",\"@graph\":[{\"@type\":\"Article\",\"@id\":\"https:\\\/\\\/www.organisator.ch\\\/sustainability\\\/2020-09-06\\\/optimiertes-verfahren-zur-50-prozentigen-reduktion-der-deponiemasse\\\/#article\",\"isPartOf\":{\"@id\":\"https:\\\/\\\/www.organisator.ch\\\/sustainability\\\/2020-09-06\\\/optimiertes-verfahren-zur-50-prozentigen-reduktion-der-deponiemasse\\\/\"},\"author\":{\"name\":\"michael.merz\",\"@id\":\"https:\\\/\\\/www.organisator.ch\\\/#\\\/schema\\\/person\\\/134708ca9321c57b0362cceb7948ffbd\"},\"headline\":\"Optimiertes Verfahren zur 50-prozentigen Reduktion der Deponiemasse\",\"datePublished\":\"2020-09-06T13:49:19+00:00\",\"dateModified\":\"2022-02-09T10:05:33+00:00\",\"mainEntityOfPage\":{\"@id\":\"https:\\\/\\\/www.organisator.ch\\\/sustainability\\\/2020-09-06\\\/optimiertes-verfahren-zur-50-prozentigen-reduktion-der-deponiemasse\\\/\"},\"wordCount\":264,\"publisher\":{\"@id\":\"https:\\\/\\\/www.organisator.ch\\\/#organization\"},\"image\":{\"@id\":\"https:\\\/\\\/www.organisator.ch\\\/sustainability\\\/2020-09-06\\\/optimiertes-verfahren-zur-50-prozentigen-reduktion-der-deponiemasse\\\/#primaryimage\"},\"thumbnailUrl\":\"https:\\\/\\\/www.organisator.ch\\\/wp-content\\\/uploads\\\/2020\\\/09\\\/Kehrichtschlacke.jpg\",\"keywords\":[\"Baumassnahmen\",\"Deponiemasse\",\"Kehrichtschlacken\",\"Kreislaufwirtschaft\",\"Verfahren\"],\"articleSection\":[\"SUSTAINABILITY\"],\"inLanguage\":\"fr-FR\"},{\"@type\":\"WebPage\",\"@id\":\"https:\\\/\\\/www.organisator.ch\\\/sustainability\\\/2020-09-06\\\/optimiertes-verfahren-zur-50-prozentigen-reduktion-der-deponiemasse\\\/\",\"url\":\"https:\\\/\\\/www.organisator.ch\\\/sustainability\\\/2020-09-06\\\/optimiertes-verfahren-zur-50-prozentigen-reduktion-der-deponiemasse\\\/\",\"name\":\"Optimiertes Verfahren zur 50-prozentigen Reduktion der Deponiemasse - Organisator\",\"isPartOf\":{\"@id\":\"https:\\\/\\\/www.organisator.ch\\\/#website\"},\"primaryImageOfPage\":{\"@id\":\"https:\\\/\\\/www.organisator.ch\\\/sustainability\\\/2020-09-06\\\/optimiertes-verfahren-zur-50-prozentigen-reduktion-der-deponiemasse\\\/#primaryimage\"},\"image\":{\"@id\":\"https:\\\/\\\/www.organisator.ch\\\/sustainability\\\/2020-09-06\\\/optimiertes-verfahren-zur-50-prozentigen-reduktion-der-deponiemasse\\\/#primaryimage\"},\"thumbnailUrl\":\"https:\\\/\\\/www.organisator.ch\\\/wp-content\\\/uploads\\\/2020\\\/09\\\/Kehrichtschlacke.jpg\",\"datePublished\":\"2020-09-06T13:49:19+00:00\",\"dateModified\":\"2022-02-09T10:05:33+00:00\",\"description\":\"50-prozentige Reduktion der Deponiemasse und eine markante Reduktion des CO2 Fussabdrucks: SELFRAG pr\u00e4sentierte ein optimiertes Verfahren\",\"breadcrumb\":{\"@id\":\"https:\\\/\\\/www.organisator.ch\\\/sustainability\\\/2020-09-06\\\/optimiertes-verfahren-zur-50-prozentigen-reduktion-der-deponiemasse\\\/#breadcrumb\"},\"inLanguage\":\"fr-FR\",\"potentialAction\":[{\"@type\":\"ReadAction\",\"target\":[\"https:\\\/\\\/www.organisator.ch\\\/sustainability\\\/2020-09-06\\\/optimiertes-verfahren-zur-50-prozentigen-reduktion-der-deponiemasse\\\/\"]}]},{\"@type\":\"ImageObject\",\"inLanguage\":\"fr-FR\",\"@id\":\"https:\\\/\\\/www.organisator.ch\\\/sustainability\\\/2020-09-06\\\/optimiertes-verfahren-zur-50-prozentigen-reduktion-der-deponiemasse\\\/#primaryimage\",\"url\":\"https:\\\/\\\/www.organisator.ch\\\/wp-content\\\/uploads\\\/2020\\\/09\\\/Kehrichtschlacke.jpg\",\"contentUrl\":\"https:\\\/\\\/www.organisator.ch\\\/wp-content\\\/uploads\\\/2020\\\/09\\\/Kehrichtschlacke.jpg\",\"width\":818,\"height\":539,\"caption\":\"Die Aufbereitung von Kehrichtschlacken ist eine bew\u00e4hrte, effiziente und gleichzeitig umweltschonende Methode zur Verbesserung der Kreislaufwirtschaft. (Bild: Wikipedia)\"},{\"@type\":\"BreadcrumbList\",\"@id\":\"https:\\\/\\\/www.organisator.ch\\\/sustainability\\\/2020-09-06\\\/optimiertes-verfahren-zur-50-prozentigen-reduktion-der-deponiemasse\\\/#breadcrumb\",\"itemListElement\":[{\"@type\":\"ListItem\",\"position\":1,\"name\":\"Home\",\"item\":\"https:\\\/\\\/www.organisator.ch\\\/\"},{\"@type\":\"ListItem\",\"position\":2,\"name\":\"Optimiertes Verfahren zur 50-prozentigen Reduktion der Deponiemasse\"}]},{\"@type\":\"WebSite\",\"@id\":\"https:\\\/\\\/www.organisator.ch\\\/#website\",\"url\":\"https:\\\/\\\/www.organisator.ch\\\/\",\"name\":\"Organisator\",\"description\":\"Kompetent. Praxisnah. Der ORGANISATOR bereitet in 10 Ausgaben pro Jahr die wesentlichen Themen f\u00fcr F\u00fchrungskr\u00e4fte von KMU auf.\",\"publisher\":{\"@id\":\"https:\\\/\\\/www.organisator.ch\\\/#organization\"},\"potentialAction\":[{\"@type\":\"SearchAction\",\"target\":{\"@type\":\"EntryPoint\",\"urlTemplate\":\"https:\\\/\\\/www.organisator.ch\\\/?s={search_term_string}\"},\"query-input\":{\"@type\":\"PropertyValueSpecification\",\"valueRequired\":true,\"valueName\":\"search_term_string\"}}],\"inLanguage\":\"fr-FR\"},{\"@type\":\"Organization\",\"@id\":\"https:\\\/\\\/www.organisator.ch\\\/#organization\",\"name\":\"Organisator\",\"url\":\"https:\\\/\\\/www.organisator.ch\\\/\",\"logo\":{\"@type\":\"ImageObject\",\"inLanguage\":\"fr-FR\",\"@id\":\"https:\\\/\\\/www.organisator.ch\\\/#\\\/schema\\\/logo\\\/image\\\/\",\"url\":\"https:\\\/\\\/www.organisator.ch\\\/wp-content\\\/uploads\\\/2022\\\/01\\\/Logo_Organisator_Website.png\",\"contentUrl\":\"https:\\\/\\\/www.organisator.ch\\\/wp-content\\\/uploads\\\/2022\\\/01\\\/Logo_Organisator_Website.png\",\"width\":800,\"height\":77,\"caption\":\"Organisator\"},\"image\":{\"@id\":\"https:\\\/\\\/www.organisator.ch\\\/#\\\/schema\\\/logo\\\/image\\\/\"},\"sameAs\":[\"https:\\\/\\\/www.facebook.com\\\/OrganisatorFachmagazin\",\"https:\\\/\\\/www.linkedin.com\\\/showcase\\\/organisator-das-magazin-fr-kmu\",\"https:\\\/\\\/www.xing.com\\\/news\\\/pages\\\/organisator-ch-695\",\"https:\\\/\\\/www.youtube.com\\\/channel\\\/UCGP2Sq0iWaZwT3BdIAQFYpw\"]},{\"@type\":\"Person\",\"@id\":\"https:\\\/\\\/www.organisator.ch\\\/#\\\/schema\\\/person\\\/134708ca9321c57b0362cceb7948ffbd\",\"name\":\"michael.merz\",\"image\":{\"@type\":\"ImageObject\",\"inLanguage\":\"fr-FR\",\"@id\":\"https:\\\/\\\/secure.gravatar.com\\\/avatar\\\/?s=96&d=mm&r=g\",\"url\":\"https:\\\/\\\/secure.gravatar.com\\\/avatar\\\/?s=96&d=mm&r=g\",\"contentUrl\":\"https:\\\/\\\/secure.gravatar.com\\\/avatar\\\/?s=96&d=mm&r=g\",\"caption\":\"michael.merz\"},\"url\":\"https:\\\/\\\/www.organisator.ch\\\/fr\\\/author\\\/michael-merz\\\/\"}]}<\/script>\n<!-- \/ Yoast SEO plugin. -->","yoast_head_json":{"title":"Proc\u00e9d\u00e9 optimis\u00e9 pour r\u00e9duire de 50 % la masse des d\u00e9chets mis en d\u00e9charge - Organisateur","description":"R\u00e9duction de 50 % de la masse de d\u00e9chets mis en d\u00e9charge et r\u00e9duction significative de l'empreinte carbone : SELFRAG a pr\u00e9sent\u00e9 un proc\u00e9d\u00e9 optimis\u00e9","robots":{"index":"index","follow":"follow","max-snippet":"max-snippet:-1","max-image-preview":"max-image-preview:large","max-video-preview":"max-video-preview:-1"},"canonical":"https:\/\/www.organisator.ch\/fr\/sustainability\/2020-09-06\/optimiertes-verfahren-zur-50-prozentigen-reduktion-der-deponiemasse\/","og_locale":"fr_FR","og_type":"article","og_title":"Optimiertes Verfahren zur 50-prozentigen Reduktion der Deponiemasse - Organisator","og_description":"50-prozentige Reduktion der Deponiemasse und eine markante Reduktion des CO2 Fussabdrucks: SELFRAG pr\u00e4sentierte ein optimiertes Verfahren","og_url":"https:\/\/www.organisator.ch\/fr\/sustainability\/2020-09-06\/optimiertes-verfahren-zur-50-prozentigen-reduktion-der-deponiemasse\/","og_site_name":"Organisator","article_publisher":"https:\/\/www.facebook.com\/OrganisatorFachmagazin","article_published_time":"2020-09-06T13:49:19+00:00","article_modified_time":"2022-02-09T10:05:33+00:00","og_image":[{"width":818,"height":539,"url":"https:\/\/www.organisator.ch\/wp-content\/uploads\/2020\/09\/Kehrichtschlacke.jpg","type":"image\/jpeg"}],"author":"michael.merz","twitter_card":"summary_large_image","schema":{"@context":"https:\/\/schema.org","@graph":[{"@type":"Article","@id":"https:\/\/www.organisator.ch\/sustainability\/2020-09-06\/optimiertes-verfahren-zur-50-prozentigen-reduktion-der-deponiemasse\/#article","isPartOf":{"@id":"https:\/\/www.organisator.ch\/sustainability\/2020-09-06\/optimiertes-verfahren-zur-50-prozentigen-reduktion-der-deponiemasse\/"},"author":{"name":"michael.merz","@id":"https:\/\/www.organisator.ch\/#\/schema\/person\/134708ca9321c57b0362cceb7948ffbd"},"headline":"Optimiertes Verfahren zur 50-prozentigen Reduktion der Deponiemasse","datePublished":"2020-09-06T13:49:19+00:00","dateModified":"2022-02-09T10:05:33+00:00","mainEntityOfPage":{"@id":"https:\/\/www.organisator.ch\/sustainability\/2020-09-06\/optimiertes-verfahren-zur-50-prozentigen-reduktion-der-deponiemasse\/"},"wordCount":264,"publisher":{"@id":"https:\/\/www.organisator.ch\/#organization"},"image":{"@id":"https:\/\/www.organisator.ch\/sustainability\/2020-09-06\/optimiertes-verfahren-zur-50-prozentigen-reduktion-der-deponiemasse\/#primaryimage"},"thumbnailUrl":"https:\/\/www.organisator.ch\/wp-content\/uploads\/2020\/09\/Kehrichtschlacke.jpg","keywords":["Baumassnahmen","Deponiemasse","Kehrichtschlacken","Kreislaufwirtschaft","Verfahren"],"articleSection":["SUSTAINABILITY"],"inLanguage":"fr-FR"},{"@type":"WebPage","@id":"https:\/\/www.organisator.ch\/sustainability\/2020-09-06\/optimiertes-verfahren-zur-50-prozentigen-reduktion-der-deponiemasse\/","url":"https:\/\/www.organisator.ch\/sustainability\/2020-09-06\/optimiertes-verfahren-zur-50-prozentigen-reduktion-der-deponiemasse\/","name":"Proc\u00e9d\u00e9 optimis\u00e9 pour r\u00e9duire de 50 % la masse des d\u00e9chets mis en d\u00e9charge - Organisateur","isPartOf":{"@id":"https:\/\/www.organisator.ch\/#website"},"primaryImageOfPage":{"@id":"https:\/\/www.organisator.ch\/sustainability\/2020-09-06\/optimiertes-verfahren-zur-50-prozentigen-reduktion-der-deponiemasse\/#primaryimage"},"image":{"@id":"https:\/\/www.organisator.ch\/sustainability\/2020-09-06\/optimiertes-verfahren-zur-50-prozentigen-reduktion-der-deponiemasse\/#primaryimage"},"thumbnailUrl":"https:\/\/www.organisator.ch\/wp-content\/uploads\/2020\/09\/Kehrichtschlacke.jpg","datePublished":"2020-09-06T13:49:19+00:00","dateModified":"2022-02-09T10:05:33+00:00","description":"R\u00e9duction de 50 % de la masse de d\u00e9chets mis en d\u00e9charge et r\u00e9duction significative de l'empreinte carbone : SELFRAG a pr\u00e9sent\u00e9 un proc\u00e9d\u00e9 optimis\u00e9","breadcrumb":{"@id":"https:\/\/www.organisator.ch\/sustainability\/2020-09-06\/optimiertes-verfahren-zur-50-prozentigen-reduktion-der-deponiemasse\/#breadcrumb"},"inLanguage":"fr-FR","potentialAction":[{"@type":"ReadAction","target":["https:\/\/www.organisator.ch\/sustainability\/2020-09-06\/optimiertes-verfahren-zur-50-prozentigen-reduktion-der-deponiemasse\/"]}]},{"@type":"ImageObject","inLanguage":"fr-FR","@id":"https:\/\/www.organisator.ch\/sustainability\/2020-09-06\/optimiertes-verfahren-zur-50-prozentigen-reduktion-der-deponiemasse\/#primaryimage","url":"https:\/\/www.organisator.ch\/wp-content\/uploads\/2020\/09\/Kehrichtschlacke.jpg","contentUrl":"https:\/\/www.organisator.ch\/wp-content\/uploads\/2020\/09\/Kehrichtschlacke.jpg","width":818,"height":539,"caption":"Die Aufbereitung von Kehrichtschlacken ist eine bew\u00e4hrte, effiziente und gleichzeitig umweltschonende Methode zur Verbesserung der Kreislaufwirtschaft. (Bild: Wikipedia)"},{"@type":"BreadcrumbList","@id":"https:\/\/www.organisator.ch\/sustainability\/2020-09-06\/optimiertes-verfahren-zur-50-prozentigen-reduktion-der-deponiemasse\/#breadcrumb","itemListElement":[{"@type":"ListItem","position":1,"name":"Home","item":"https:\/\/www.organisator.ch\/"},{"@type":"ListItem","position":2,"name":"Optimiertes Verfahren zur 50-prozentigen Reduktion der Deponiemasse"}]},{"@type":"WebSite","@id":"https:\/\/www.organisator.ch\/#website","url":"https:\/\/www.organisator.ch\/","name":"Organisateur","description":"Comp\u00e9tence et comp\u00e9tence. Proches de la pratique. L'ORGANISATEUR pr\u00e9pare 10 num\u00e9ros par an sur les th\u00e8mes essentiels pour les dirigeants de PME.","publisher":{"@id":"https:\/\/www.organisator.ch\/#organization"},"potentialAction":[{"@type":"SearchAction","target":{"@type":"EntryPoint","urlTemplate":"https:\/\/www.organisator.ch\/?s={search_term_string}"},"query-input":{"@type":"PropertyValueSpecification","valueRequired":true,"valueName":"search_term_string"}}],"inLanguage":"fr-FR"},{"@type":"Organization","@id":"https:\/\/www.organisator.ch\/#organization","name":"Organisateur","url":"https:\/\/www.organisator.ch\/","logo":{"@type":"ImageObject","inLanguage":"fr-FR","@id":"https:\/\/www.organisator.ch\/#\/schema\/logo\/image\/","url":"https:\/\/www.organisator.ch\/wp-content\/uploads\/2022\/01\/Logo_Organisator_Website.png","contentUrl":"https:\/\/www.organisator.ch\/wp-content\/uploads\/2022\/01\/Logo_Organisator_Website.png","width":800,"height":77,"caption":"Organisator"},"image":{"@id":"https:\/\/www.organisator.ch\/#\/schema\/logo\/image\/"},"sameAs":["https:\/\/www.facebook.com\/OrganisatorFachmagazin","https:\/\/www.linkedin.com\/showcase\/organisator-das-magazin-fr-kmu","https:\/\/www.xing.com\/news\/pages\/organisator-ch-695","https:\/\/www.youtube.com\/channel\/UCGP2Sq0iWaZwT3BdIAQFYpw"]},{"@type":"Person","@id":"https:\/\/www.organisator.ch\/#\/schema\/person\/134708ca9321c57b0362cceb7948ffbd","name":"michael.merz","image":{"@type":"ImageObject","inLanguage":"fr-FR","@id":"https:\/\/secure.gravatar.com\/avatar\/?s=96&d=mm&r=g","url":"https:\/\/secure.gravatar.com\/avatar\/?s=96&d=mm&r=g","contentUrl":"https:\/\/secure.gravatar.com\/avatar\/?s=96&d=mm&r=g","caption":"michael.merz"},"url":"https:\/\/www.organisator.ch\/fr\/author\/michael-merz\/"}]}},"_links":{"self":[{"href":"https:\/\/www.organisator.ch\/fr\/wp-json\/wp\/v2\/posts\/3326","targetHints":{"allow":["GET"]}}],"collection":[{"href":"https:\/\/www.organisator.ch\/fr\/wp-json\/wp\/v2\/posts"}],"about":[{"href":"https:\/\/www.organisator.ch\/fr\/wp-json\/wp\/v2\/types\/post"}],"author":[{"embeddable":true,"href":"https:\/\/www.organisator.ch\/fr\/wp-json\/wp\/v2\/users\/5"}],"replies":[{"embeddable":true,"href":"https:\/\/www.organisator.ch\/fr\/wp-json\/wp\/v2\/comments?post=3326"}],"version-history":[{"count":1,"href":"https:\/\/www.organisator.ch\/fr\/wp-json\/wp\/v2\/posts\/3326\/revisions"}],"predecessor-version":[{"id":10387,"href":"https:\/\/www.organisator.ch\/fr\/wp-json\/wp\/v2\/posts\/3326\/revisions\/10387"}],"wp:featuredmedia":[{"embeddable":true,"href":"https:\/\/www.organisator.ch\/fr\/wp-json\/wp\/v2\/media\/3327"}],"wp:attachment":[{"href":"https:\/\/www.organisator.ch\/fr\/wp-json\/wp\/v2\/media?parent=3326"}],"wp:term":[{"taxonomy":"category","embeddable":true,"href":"https:\/\/www.organisator.ch\/fr\/wp-json\/wp\/v2\/categories?post=3326"},{"taxonomy":"post_tag","embeddable":true,"href":"https:\/\/www.organisator.ch\/fr\/wp-json\/wp\/v2\/tags?post=3326"}],"curies":[{"name":"wp","href":"https:\/\/api.w.org\/{rel}","templated":true}]}}