{"id":33651,"date":"2024-11-21T06:34:47","date_gmt":"2024-11-21T05:34:47","guid":{"rendered":"https:\/\/www.organisator.ch\/?p=33651"},"modified":"2024-11-20T13:35:12","modified_gmt":"2024-11-20T12:35:12","slug":"4-immo-dialog-ost-mit-fokus-auf-einsprachen-und-nachhaltigkeitsforderungen","status":"publish","type":"post","link":"https:\/\/www.organisator.ch\/fr\/management\/2024-11-21\/4-immo-dialog-ost-mit-fokus-auf-einsprachen-und-nachhaltigkeitsforderungen\/","title":{"rendered":"4\u00e8me Immo Dialogue Est avec focalisation sur les oppositions et les exigences de durabilit\u00e9"},"content":{"rendered":"<figure id=\"attachment_33652\" aria-describedby=\"caption-attachment-33652\" style=\"width: 680px\" class=\"wp-caption alignnone\"><img loading=\"lazy\" decoding=\"async\" class=\"size-full wp-image-33652\" src=\"https:\/\/www.organisator.ch\/wp-content\/uploads\/2024\/11\/Immo-Dialog-Ost_Bild1_ps.jpg\" alt=\"\" width=\"680\" height=\"453\" srcset=\"https:\/\/www.organisator.ch\/wp-content\/uploads\/2024\/11\/Immo-Dialog-Ost_Bild1_ps.jpg 680w, https:\/\/www.organisator.ch\/wp-content\/uploads\/2024\/11\/Immo-Dialog-Ost_Bild1_ps-18x12.jpg 18w, https:\/\/www.organisator.ch\/wp-content\/uploads\/2024\/11\/Immo-Dialog-Ost_Bild1_ps-375x250.jpg 375w, https:\/\/www.organisator.ch\/wp-content\/uploads\/2024\/11\/Immo-Dialog-Ost_Bild1_ps-525x350.jpg 525w\" sizes=\"auto, (max-width: 680px) 100vw, 680px\" \/><figcaption id=\"caption-attachment-33652\" class=\"wp-caption-text\">L'Immo Dialog Ost est devenu un lieu de rencontre important pour le secteur immobilier de Suisse orientale. (Image : www.immo-dialog.ch)<\/figcaption><\/figure>\n<p>Le secteur immobilier est aujourd'hui plus que jamais sous pression. La multiplication des oppositions lors des proc\u00e9dures d'autorisation et les exigences croissantes en mati\u00e8re de durabilit\u00e9 compliquent de plus en plus les projets de construction. Le 4e Immo Dialog Ost abordera pr\u00e9cis\u00e9ment ces probl\u00e9matiques et ces d\u00e9fis le 27 mars 2025 \u00e0 l'Olma Halle 9.2 \u00e0 Saint-Gall. Les conf\u00e9rences et les discussions qui auront lieu cet apr\u00e8s-midi-l\u00e0 doivent permettre aux professionnels de l'immobilier de Suisse orientale de trouver des solutions pratiques aux obstacles actuels dans les processus de planification et d'autorisation de construire.<\/p>\n<h3><strong>Un programme de haut niveau <\/strong><\/h3>\n<p>Des intervenants de renom parleront des d\u00e9fis actuels du secteur immobilier lors de la quatri\u00e8me \u00e9dition de la manifestation : Karin B\u00fchrer (directrice de D\u00e9veloppement Suisse), Remo Daguati (pr\u00e9sident du R\u00e9seau Site Suisse, propri\u00e9taire de LOC AG), Stefan Cadosch (CEO keeValue), Klauspeter N\u00fcesch (VRP et GL N\u00fcesch Developement AG), Patrizia Wachter Tanner (directrice et VRP Prefera Immobilien AG), Andrea Cristuzzi (propri\u00e9taire et directrice du groupe Cristuzzi), J\u00f6rg Schl\u00e4pfer (directeur macro\u00e9conomie W\u00fcst Partner), Ivan Furlan (directeur de l'Office des permis de construire) et Donato Scognamiglio (conseiller cantonal, PDG et cofondateur de IAZI AG). La manifestation sera \u00e0 nouveau anim\u00e9e par Roman Bolliger.<\/p>\n<h3><strong>Nouveau partenariat <\/strong><\/h3>\n<p>L'importance croissante de l'Immo Dialog Ost pour le secteur immobilier de Suisse orientale se fait \u00e9galement ressentir au niveau des sponsors. L'organisateur a pu gagner un autre partenaire important de la r\u00e9gion pour la s\u00e9rie de manifestations, \u00e0 savoir les services municipaux de Saint-Gall, partenaire de bronze.<\/p>\n<h3><strong>Plus d'espace pour le r\u00e9seautage <\/strong><\/h3>\n<p>Outre le programme passionnant sur sc\u00e8ne, Immo Dialogue Est offrira \u00e0 partir de l'ann\u00e9e prochaine encore plus d'espace pour les \u00e9changes et les rencontres. Le d\u00e9jeuner tr\u00e8s appr\u00e9ci\u00e9, qui pouvait jusqu'\u00e0 pr\u00e9sent \u00eatre r\u00e9serv\u00e9 en option, sera d\u00e9sormais inclus dans le prix de la participation. Ainsi, tous les participants auront la possibilit\u00e9 de se mettre en r\u00e9seau avec des coll\u00e8gues de la branche d\u00e8s le d\u00e9jeuner debout.<\/p>\n<h3><strong>Inscription disponible <\/strong><\/h3>\n<p>Les inscriptions pour le 4e Immo Dialogue Est du 27 mars 2025 \u00e0 l'Olma Halle 9.2 sont d\u00e9j\u00e0 ouvertes. <a href=\"http:\/\/www.immo-dialog.ch\">en ligne <\/a>est possible. Le prix d'entr\u00e9e normal est de 295 francs. Les membres du Swiss Circle b\u00e9n\u00e9ficient d'un prix de participation r\u00e9duit de 245 francs. En outre, un prix sp\u00e9cial de 120 francs est d\u00e9sormais propos\u00e9 aux \u00e9tudiants. Le prix d'entr\u00e9e comprend le d\u00e9jeuner, les pauses et l'ap\u00e9ritif.<\/p>\n<p><em>Source : <a href=\"http:\/\/www.immo-dialog.ch\">www.immo-dialog.ch<\/a><\/em><\/p>","protected":false},"excerpt":{"rendered":"<p>Apr\u00e8s trois \u00e9ditions d\u00e9j\u00e0, l'Immo Dialog Ost \u00e0 Saint-Gall est devenu un lieu de rencontre important pour le secteur immobilier de Suisse orientale. La quatri\u00e8me \u00e9dition du forum immobilier aura lieu le 27 mars 2025 sur le th\u00e8me \"L'immobilier sous pression - des projets entre oppositions et exigences de durabilit\u00e9\".<\/p>","protected":false},"author":80,"featured_media":33652,"comment_status":"closed","ping_status":"closed","sticky":false,"template":"","format":"standard","meta":{"_acf_changed":false,"_yoast_wpseo_focuskw":"Immo Dialog Ost","_yoast_wpseo_metadesc":"Der Immo Dialog Ost hat sich zu einem wichtigen Treffpunkt f\u00fcr die Ostschweizer Immobilienbranche entwickelt.","articlekey":"","footnotes":""},"categories":[28],"tags":[4777,1787,2996,2434],"class_list":["post-33651","post","type-post","status-publish","format-standard","has-post-thumbnail","hentry","category-management","tag-immobilienbranche","tag-nachhaltigkeit","tag-ostschweiz","tag-veranstaltung"],"acf":[],"yoast_head":"<!-- This site is optimized with the Yoast SEO plugin v27.4 - https:\/\/yoast.com\/product\/yoast-seo-wordpress\/ -->\n<title>4. Immo Dialog Ost mit Fokus auf Einsprachen und Nachhaltigkeitsforderungen - Organisator<\/title>\n<meta name=\"description\" content=\"Der Immo Dialog Ost hat sich zu einem wichtigen Treffpunkt f\u00fcr die Ostschweizer Immobilienbranche entwickelt.\" \/>\n<meta name=\"robots\" content=\"index, follow, max-snippet:-1, max-image-preview:large, max-video-preview:-1\" \/>\n<link rel=\"canonical\" href=\"https:\/\/www.organisator.ch\/fr\/gestion-2\/2024-11-21\/4-immo-dialog-ost-mit-fokus-auf-einsprachen-und-nachhaltigkeitsforderungen\/\" \/>\n<meta property=\"og:locale\" content=\"fr_FR\" \/>\n<meta property=\"og:type\" content=\"article\" \/>\n<meta property=\"og:title\" content=\"4. Immo Dialog Ost mit Fokus auf Einsprachen und Nachhaltigkeitsforderungen\" \/>\n<meta property=\"og:description\" content=\"Der Immo Dialog Ost hat sich zu einem wichtigen Treffpunkt f\u00fcr die Ostschweizer Immobilienbranche entwickelt.\" \/>\n<meta property=\"og:url\" content=\"https:\/\/www.organisator.ch\/fr\/gestion-2\/2024-11-21\/4-immo-dialog-ost-mit-fokus-auf-einsprachen-und-nachhaltigkeitsforderungen\/\" \/>\n<meta property=\"og:site_name\" content=\"Organisator\" \/>\n<meta property=\"article:publisher\" content=\"https:\/\/www.facebook.com\/OrganisatorFachmagazin\" \/>\n<meta property=\"article:published_time\" content=\"2024-11-21T05:34:47+00:00\" \/>\n<meta property=\"og:image\" content=\"https:\/\/www.organisator.ch\/wp-content\/uploads\/2024\/11\/Immo-Dialog-Ost_Bild1_ps.jpg\" \/>\n\t<meta property=\"og:image:width\" content=\"680\" \/>\n\t<meta property=\"og:image:height\" content=\"453\" \/>\n\t<meta property=\"og:image:type\" content=\"image\/jpeg\" \/>\n<meta name=\"author\" content=\"Dzana Muminovic\" \/>\n<meta name=\"twitter:card\" content=\"summary_large_image\" \/>\n<meta name=\"twitter:title\" content=\"4. Immo Dialog Ost mit Fokus auf Einsprachen und Nachhaltigkeitsforderungen\" \/>\n<meta name=\"twitter:description\" content=\"Der #Immo #Dialog #Ost hat sich zu einem wichtigen #Treffpunkt f\u00fcr die #Ostschweizer #Immobilienbranche entwickelt.\" \/>\n<meta name=\"twitter:image\" content=\"https:\/\/www.organisator.ch\/wp-content\/uploads\/2024\/11\/Immo-Dialog-Ost_Bild1_ps.jpg\" \/>\n<script type=\"application\/ld+json\" class=\"yoast-schema-graph\">{\"@context\":\"https:\\\/\\\/schema.org\",\"@graph\":[{\"@type\":\"Article\",\"@id\":\"https:\\\/\\\/www.organisator.ch\\\/management\\\/2024-11-21\\\/4-immo-dialog-ost-mit-fokus-auf-einsprachen-und-nachhaltigkeitsforderungen\\\/#article\",\"isPartOf\":{\"@id\":\"https:\\\/\\\/www.organisator.ch\\\/management\\\/2024-11-21\\\/4-immo-dialog-ost-mit-fokus-auf-einsprachen-und-nachhaltigkeitsforderungen\\\/\"},\"author\":{\"name\":\"Dzana Muminovic\",\"@id\":\"https:\\\/\\\/www.organisator.ch\\\/#\\\/schema\\\/person\\\/afccda3a71c06d4be2ed9100dd163db7\"},\"headline\":\"4. Immo Dialog Ost mit Fokus auf Einsprachen und Nachhaltigkeitsforderungen\",\"datePublished\":\"2024-11-21T05:34:47+00:00\",\"mainEntityOfPage\":{\"@id\":\"https:\\\/\\\/www.organisator.ch\\\/management\\\/2024-11-21\\\/4-immo-dialog-ost-mit-fokus-auf-einsprachen-und-nachhaltigkeitsforderungen\\\/\"},\"wordCount\":381,\"publisher\":{\"@id\":\"https:\\\/\\\/www.organisator.ch\\\/#organization\"},\"image\":{\"@id\":\"https:\\\/\\\/www.organisator.ch\\\/management\\\/2024-11-21\\\/4-immo-dialog-ost-mit-fokus-auf-einsprachen-und-nachhaltigkeitsforderungen\\\/#primaryimage\"},\"thumbnailUrl\":\"https:\\\/\\\/www.organisator.ch\\\/wp-content\\\/uploads\\\/2024\\\/11\\\/Immo-Dialog-Ost_Bild1_ps.jpg\",\"keywords\":[\"Immobilienbranche\",\"Nachhaltigkeit\",\"Ostschweiz\",\"Veranstaltung\"],\"articleSection\":[\"MANAGEMENT\"],\"inLanguage\":\"fr-FR\"},{\"@type\":\"WebPage\",\"@id\":\"https:\\\/\\\/www.organisator.ch\\\/management\\\/2024-11-21\\\/4-immo-dialog-ost-mit-fokus-auf-einsprachen-und-nachhaltigkeitsforderungen\\\/\",\"url\":\"https:\\\/\\\/www.organisator.ch\\\/management\\\/2024-11-21\\\/4-immo-dialog-ost-mit-fokus-auf-einsprachen-und-nachhaltigkeitsforderungen\\\/\",\"name\":\"4. Immo Dialog Ost mit Fokus auf Einsprachen und Nachhaltigkeitsforderungen - Organisator\",\"isPartOf\":{\"@id\":\"https:\\\/\\\/www.organisator.ch\\\/#website\"},\"primaryImageOfPage\":{\"@id\":\"https:\\\/\\\/www.organisator.ch\\\/management\\\/2024-11-21\\\/4-immo-dialog-ost-mit-fokus-auf-einsprachen-und-nachhaltigkeitsforderungen\\\/#primaryimage\"},\"image\":{\"@id\":\"https:\\\/\\\/www.organisator.ch\\\/management\\\/2024-11-21\\\/4-immo-dialog-ost-mit-fokus-auf-einsprachen-und-nachhaltigkeitsforderungen\\\/#primaryimage\"},\"thumbnailUrl\":\"https:\\\/\\\/www.organisator.ch\\\/wp-content\\\/uploads\\\/2024\\\/11\\\/Immo-Dialog-Ost_Bild1_ps.jpg\",\"datePublished\":\"2024-11-21T05:34:47+00:00\",\"description\":\"Der Immo Dialog Ost hat sich zu einem wichtigen Treffpunkt f\u00fcr die Ostschweizer Immobilienbranche entwickelt.\",\"breadcrumb\":{\"@id\":\"https:\\\/\\\/www.organisator.ch\\\/management\\\/2024-11-21\\\/4-immo-dialog-ost-mit-fokus-auf-einsprachen-und-nachhaltigkeitsforderungen\\\/#breadcrumb\"},\"inLanguage\":\"fr-FR\",\"potentialAction\":[{\"@type\":\"ReadAction\",\"target\":[\"https:\\\/\\\/www.organisator.ch\\\/management\\\/2024-11-21\\\/4-immo-dialog-ost-mit-fokus-auf-einsprachen-und-nachhaltigkeitsforderungen\\\/\"]}]},{\"@type\":\"ImageObject\",\"inLanguage\":\"fr-FR\",\"@id\":\"https:\\\/\\\/www.organisator.ch\\\/management\\\/2024-11-21\\\/4-immo-dialog-ost-mit-fokus-auf-einsprachen-und-nachhaltigkeitsforderungen\\\/#primaryimage\",\"url\":\"https:\\\/\\\/www.organisator.ch\\\/wp-content\\\/uploads\\\/2024\\\/11\\\/Immo-Dialog-Ost_Bild1_ps.jpg\",\"contentUrl\":\"https:\\\/\\\/www.organisator.ch\\\/wp-content\\\/uploads\\\/2024\\\/11\\\/Immo-Dialog-Ost_Bild1_ps.jpg\",\"width\":680,\"height\":453,\"caption\":\"Der Immo Dialog Ost hat sich zu einem wichtigen Treffpunkt f\u00fcr die Ostschweizer Immobilienbranche entwickelt. (Bild: www.immo-dialog.ch)\"},{\"@type\":\"BreadcrumbList\",\"@id\":\"https:\\\/\\\/www.organisator.ch\\\/management\\\/2024-11-21\\\/4-immo-dialog-ost-mit-fokus-auf-einsprachen-und-nachhaltigkeitsforderungen\\\/#breadcrumb\",\"itemListElement\":[{\"@type\":\"ListItem\",\"position\":1,\"name\":\"Home\",\"item\":\"https:\\\/\\\/www.organisator.ch\\\/\"},{\"@type\":\"ListItem\",\"position\":2,\"name\":\"4. Immo Dialog Ost mit Fokus auf Einsprachen und Nachhaltigkeitsforderungen\"}]},{\"@type\":\"WebSite\",\"@id\":\"https:\\\/\\\/www.organisator.ch\\\/#website\",\"url\":\"https:\\\/\\\/www.organisator.ch\\\/\",\"name\":\"Organisator\",\"description\":\"Kompetent. Praxisnah. Der ORGANISATOR bereitet in 10 Ausgaben pro Jahr die wesentlichen Themen f\u00fcr F\u00fchrungskr\u00e4fte von KMU auf.\",\"publisher\":{\"@id\":\"https:\\\/\\\/www.organisator.ch\\\/#organization\"},\"potentialAction\":[{\"@type\":\"SearchAction\",\"target\":{\"@type\":\"EntryPoint\",\"urlTemplate\":\"https:\\\/\\\/www.organisator.ch\\\/?s={search_term_string}\"},\"query-input\":{\"@type\":\"PropertyValueSpecification\",\"valueRequired\":true,\"valueName\":\"search_term_string\"}}],\"inLanguage\":\"fr-FR\"},{\"@type\":\"Organization\",\"@id\":\"https:\\\/\\\/www.organisator.ch\\\/#organization\",\"name\":\"Organisator\",\"url\":\"https:\\\/\\\/www.organisator.ch\\\/\",\"logo\":{\"@type\":\"ImageObject\",\"inLanguage\":\"fr-FR\",\"@id\":\"https:\\\/\\\/www.organisator.ch\\\/#\\\/schema\\\/logo\\\/image\\\/\",\"url\":\"https:\\\/\\\/www.organisator.ch\\\/wp-content\\\/uploads\\\/2022\\\/01\\\/Logo_Organisator_Website.png\",\"contentUrl\":\"https:\\\/\\\/www.organisator.ch\\\/wp-content\\\/uploads\\\/2022\\\/01\\\/Logo_Organisator_Website.png\",\"width\":800,\"height\":77,\"caption\":\"Organisator\"},\"image\":{\"@id\":\"https:\\\/\\\/www.organisator.ch\\\/#\\\/schema\\\/logo\\\/image\\\/\"},\"sameAs\":[\"https:\\\/\\\/www.facebook.com\\\/OrganisatorFachmagazin\",\"https:\\\/\\\/www.linkedin.com\\\/showcase\\\/organisator-das-magazin-fr-kmu\",\"https:\\\/\\\/www.xing.com\\\/news\\\/pages\\\/organisator-ch-695\",\"https:\\\/\\\/www.youtube.com\\\/channel\\\/UCGP2Sq0iWaZwT3BdIAQFYpw\"]},{\"@type\":\"Person\",\"@id\":\"https:\\\/\\\/www.organisator.ch\\\/#\\\/schema\\\/person\\\/afccda3a71c06d4be2ed9100dd163db7\",\"name\":\"Dzana Muminovic\",\"image\":{\"@type\":\"ImageObject\",\"inLanguage\":\"fr-FR\",\"@id\":\"https:\\\/\\\/secure.gravatar.com\\\/avatar\\\/909c5c71aff4b38e88686f2ab2f1ba152571f394f41ed8bae431ea56ced93050?s=96&d=mm&r=g\",\"url\":\"https:\\\/\\\/secure.gravatar.com\\\/avatar\\\/909c5c71aff4b38e88686f2ab2f1ba152571f394f41ed8bae431ea56ced93050?s=96&d=mm&r=g\",\"contentUrl\":\"https:\\\/\\\/secure.gravatar.com\\\/avatar\\\/909c5c71aff4b38e88686f2ab2f1ba152571f394f41ed8bae431ea56ced93050?s=96&d=mm&r=g\",\"caption\":\"Dzana Muminovic\"},\"url\":\"https:\\\/\\\/www.organisator.ch\\\/fr\\\/author\\\/dzana-muminovic\\\/\"}]}<\/script>\n<!-- \/ Yoast SEO plugin. -->","yoast_head_json":{"title":"4\u00e8me Immo Dialogue Est avec focus sur les oppositions et les exigences de durabilit\u00e9 - Organisateur","description":"L'Immo Dialog Ost est devenu un lieu de rencontre important pour le secteur immobilier de Suisse orientale.","robots":{"index":"index","follow":"follow","max-snippet":"max-snippet:-1","max-image-preview":"max-image-preview:large","max-video-preview":"max-video-preview:-1"},"canonical":"https:\/\/www.organisator.ch\/fr\/gestion-2\/2024-11-21\/4-immo-dialog-ost-mit-fokus-auf-einsprachen-und-nachhaltigkeitsforderungen\/","og_locale":"fr_FR","og_type":"article","og_title":"4. Immo Dialog Ost mit Fokus auf Einsprachen und Nachhaltigkeitsforderungen","og_description":"Der Immo Dialog Ost hat sich zu einem wichtigen Treffpunkt f\u00fcr die Ostschweizer Immobilienbranche entwickelt.","og_url":"https:\/\/www.organisator.ch\/fr\/gestion-2\/2024-11-21\/4-immo-dialog-ost-mit-fokus-auf-einsprachen-und-nachhaltigkeitsforderungen\/","og_site_name":"Organisator","article_publisher":"https:\/\/www.facebook.com\/OrganisatorFachmagazin","article_published_time":"2024-11-21T05:34:47+00:00","og_image":[{"width":680,"height":453,"url":"https:\/\/www.organisator.ch\/wp-content\/uploads\/2024\/11\/Immo-Dialog-Ost_Bild1_ps.jpg","type":"image\/jpeg"}],"author":"Dzana Muminovic","twitter_card":"summary_large_image","twitter_title":"4. Immo Dialog Ost mit Fokus auf Einsprachen und Nachhaltigkeitsforderungen","twitter_description":"Der #Immo #Dialog #Ost hat sich zu einem wichtigen #Treffpunkt f\u00fcr die #Ostschweizer #Immobilienbranche entwickelt.","twitter_image":"https:\/\/www.organisator.ch\/wp-content\/uploads\/2024\/11\/Immo-Dialog-Ost_Bild1_ps.jpg","schema":{"@context":"https:\/\/schema.org","@graph":[{"@type":"Article","@id":"https:\/\/www.organisator.ch\/management\/2024-11-21\/4-immo-dialog-ost-mit-fokus-auf-einsprachen-und-nachhaltigkeitsforderungen\/#article","isPartOf":{"@id":"https:\/\/www.organisator.ch\/management\/2024-11-21\/4-immo-dialog-ost-mit-fokus-auf-einsprachen-und-nachhaltigkeitsforderungen\/"},"author":{"name":"Dzana Muminovic","@id":"https:\/\/www.organisator.ch\/#\/schema\/person\/afccda3a71c06d4be2ed9100dd163db7"},"headline":"4. Immo Dialog Ost mit Fokus auf Einsprachen und Nachhaltigkeitsforderungen","datePublished":"2024-11-21T05:34:47+00:00","mainEntityOfPage":{"@id":"https:\/\/www.organisator.ch\/management\/2024-11-21\/4-immo-dialog-ost-mit-fokus-auf-einsprachen-und-nachhaltigkeitsforderungen\/"},"wordCount":381,"publisher":{"@id":"https:\/\/www.organisator.ch\/#organization"},"image":{"@id":"https:\/\/www.organisator.ch\/management\/2024-11-21\/4-immo-dialog-ost-mit-fokus-auf-einsprachen-und-nachhaltigkeitsforderungen\/#primaryimage"},"thumbnailUrl":"https:\/\/www.organisator.ch\/wp-content\/uploads\/2024\/11\/Immo-Dialog-Ost_Bild1_ps.jpg","keywords":["Immobilienbranche","Nachhaltigkeit","Ostschweiz","Veranstaltung"],"articleSection":["MANAGEMENT"],"inLanguage":"fr-FR"},{"@type":"WebPage","@id":"https:\/\/www.organisator.ch\/management\/2024-11-21\/4-immo-dialog-ost-mit-fokus-auf-einsprachen-und-nachhaltigkeitsforderungen\/","url":"https:\/\/www.organisator.ch\/management\/2024-11-21\/4-immo-dialog-ost-mit-fokus-auf-einsprachen-und-nachhaltigkeitsforderungen\/","name":"4\u00e8me Immo Dialogue Est avec focus sur les oppositions et les exigences de durabilit\u00e9 - Organisateur","isPartOf":{"@id":"https:\/\/www.organisator.ch\/#website"},"primaryImageOfPage":{"@id":"https:\/\/www.organisator.ch\/management\/2024-11-21\/4-immo-dialog-ost-mit-fokus-auf-einsprachen-und-nachhaltigkeitsforderungen\/#primaryimage"},"image":{"@id":"https:\/\/www.organisator.ch\/management\/2024-11-21\/4-immo-dialog-ost-mit-fokus-auf-einsprachen-und-nachhaltigkeitsforderungen\/#primaryimage"},"thumbnailUrl":"https:\/\/www.organisator.ch\/wp-content\/uploads\/2024\/11\/Immo-Dialog-Ost_Bild1_ps.jpg","datePublished":"2024-11-21T05:34:47+00:00","description":"L'Immo Dialog Ost est devenu un lieu de rencontre important pour le secteur immobilier de Suisse orientale.","breadcrumb":{"@id":"https:\/\/www.organisator.ch\/management\/2024-11-21\/4-immo-dialog-ost-mit-fokus-auf-einsprachen-und-nachhaltigkeitsforderungen\/#breadcrumb"},"inLanguage":"fr-FR","potentialAction":[{"@type":"ReadAction","target":["https:\/\/www.organisator.ch\/management\/2024-11-21\/4-immo-dialog-ost-mit-fokus-auf-einsprachen-und-nachhaltigkeitsforderungen\/"]}]},{"@type":"ImageObject","inLanguage":"fr-FR","@id":"https:\/\/www.organisator.ch\/management\/2024-11-21\/4-immo-dialog-ost-mit-fokus-auf-einsprachen-und-nachhaltigkeitsforderungen\/#primaryimage","url":"https:\/\/www.organisator.ch\/wp-content\/uploads\/2024\/11\/Immo-Dialog-Ost_Bild1_ps.jpg","contentUrl":"https:\/\/www.organisator.ch\/wp-content\/uploads\/2024\/11\/Immo-Dialog-Ost_Bild1_ps.jpg","width":680,"height":453,"caption":"Der Immo Dialog Ost hat sich zu einem wichtigen Treffpunkt f\u00fcr die Ostschweizer Immobilienbranche entwickelt. (Bild: www.immo-dialog.ch)"},{"@type":"BreadcrumbList","@id":"https:\/\/www.organisator.ch\/management\/2024-11-21\/4-immo-dialog-ost-mit-fokus-auf-einsprachen-und-nachhaltigkeitsforderungen\/#breadcrumb","itemListElement":[{"@type":"ListItem","position":1,"name":"Home","item":"https:\/\/www.organisator.ch\/"},{"@type":"ListItem","position":2,"name":"4. Immo Dialog Ost mit Fokus auf Einsprachen und Nachhaltigkeitsforderungen"}]},{"@type":"WebSite","@id":"https:\/\/www.organisator.ch\/#website","url":"https:\/\/www.organisator.ch\/","name":"Organisateur","description":"Comp\u00e9tence et comp\u00e9tence. Proches de la pratique. L'ORGANISATEUR pr\u00e9pare 10 num\u00e9ros par an sur les th\u00e8mes essentiels pour les dirigeants de PME.","publisher":{"@id":"https:\/\/www.organisator.ch\/#organization"},"potentialAction":[{"@type":"SearchAction","target":{"@type":"EntryPoint","urlTemplate":"https:\/\/www.organisator.ch\/?s={search_term_string}"},"query-input":{"@type":"PropertyValueSpecification","valueRequired":true,"valueName":"search_term_string"}}],"inLanguage":"fr-FR"},{"@type":"Organization","@id":"https:\/\/www.organisator.ch\/#organization","name":"Organisateur","url":"https:\/\/www.organisator.ch\/","logo":{"@type":"ImageObject","inLanguage":"fr-FR","@id":"https:\/\/www.organisator.ch\/#\/schema\/logo\/image\/","url":"https:\/\/www.organisator.ch\/wp-content\/uploads\/2022\/01\/Logo_Organisator_Website.png","contentUrl":"https:\/\/www.organisator.ch\/wp-content\/uploads\/2022\/01\/Logo_Organisator_Website.png","width":800,"height":77,"caption":"Organisator"},"image":{"@id":"https:\/\/www.organisator.ch\/#\/schema\/logo\/image\/"},"sameAs":["https:\/\/www.facebook.com\/OrganisatorFachmagazin","https:\/\/www.linkedin.com\/showcase\/organisator-das-magazin-fr-kmu","https:\/\/www.xing.com\/news\/pages\/organisator-ch-695","https:\/\/www.youtube.com\/channel\/UCGP2Sq0iWaZwT3BdIAQFYpw"]},{"@type":"Person","@id":"https:\/\/www.organisator.ch\/#\/schema\/person\/afccda3a71c06d4be2ed9100dd163db7","name":"Dzana Muminovic","image":{"@type":"ImageObject","inLanguage":"fr-FR","@id":"https:\/\/secure.gravatar.com\/avatar\/909c5c71aff4b38e88686f2ab2f1ba152571f394f41ed8bae431ea56ced93050?s=96&d=mm&r=g","url":"https:\/\/secure.gravatar.com\/avatar\/909c5c71aff4b38e88686f2ab2f1ba152571f394f41ed8bae431ea56ced93050?s=96&d=mm&r=g","contentUrl":"https:\/\/secure.gravatar.com\/avatar\/909c5c71aff4b38e88686f2ab2f1ba152571f394f41ed8bae431ea56ced93050?s=96&d=mm&r=g","caption":"Dzana Muminovic"},"url":"https:\/\/www.organisator.ch\/fr\/author\/dzana-muminovic\/"}]}},"_links":{"self":[{"href":"https:\/\/www.organisator.ch\/fr\/wp-json\/wp\/v2\/posts\/33651","targetHints":{"allow":["GET"]}}],"collection":[{"href":"https:\/\/www.organisator.ch\/fr\/wp-json\/wp\/v2\/posts"}],"about":[{"href":"https:\/\/www.organisator.ch\/fr\/wp-json\/wp\/v2\/types\/post"}],"author":[{"embeddable":true,"href":"https:\/\/www.organisator.ch\/fr\/wp-json\/wp\/v2\/users\/80"}],"replies":[{"embeddable":true,"href":"https:\/\/www.organisator.ch\/fr\/wp-json\/wp\/v2\/comments?post=33651"}],"version-history":[{"count":2,"href":"https:\/\/www.organisator.ch\/fr\/wp-json\/wp\/v2\/posts\/33651\/revisions"}],"predecessor-version":[{"id":33987,"href":"https:\/\/www.organisator.ch\/fr\/wp-json\/wp\/v2\/posts\/33651\/revisions\/33987"}],"wp:featuredmedia":[{"embeddable":true,"href":"https:\/\/www.organisator.ch\/fr\/wp-json\/wp\/v2\/media\/33652"}],"wp:attachment":[{"href":"https:\/\/www.organisator.ch\/fr\/wp-json\/wp\/v2\/media?parent=33651"}],"wp:term":[{"taxonomy":"category","embeddable":true,"href":"https:\/\/www.organisator.ch\/fr\/wp-json\/wp\/v2\/categories?post=33651"},{"taxonomy":"post_tag","embeddable":true,"href":"https:\/\/www.organisator.ch\/fr\/wp-json\/wp\/v2\/tags?post=33651"}],"curies":[{"name":"wp","href":"https:\/\/api.w.org\/{rel}","templated":true}]}}