{"id":3369,"date":"2018-03-28T17:28:19","date_gmt":"2018-03-28T15:28:19","guid":{"rendered":"https:\/\/www.organisator.ch\/?p=3369"},"modified":"2018-03-28T17:28:19","modified_gmt":"2018-03-28T15:28:19","slug":"wechsel-im-verwaltungsrat-von-switzerland-global-enterprise","status":"publish","type":"post","link":"https:\/\/www.organisator.ch\/fr\/allgemein\/2018-03-28\/wechsel-im-verwaltungsrat-von-switzerland-global-enterprise\/","title":{"rendered":"Changement au sein du conseil d'administration de Switzerland Global Enterprise"},"content":{"rendered":"<p>\"Karin Taheny et Fran\u00e7ois A. Gabella connaissent parfaitement l'environnement commercial international\", explique Ruth Metzler-Arnold, pr\u00e9sidente de S-GE. \"Gr\u00e2ce \u00e0 leur exp\u00e9rience et \u00e0 leur parcours sp\u00e9cifique, ils peuvent compl\u00e9ter le conseil d'administration de mani\u00e8re optimale et faire avancer de mani\u00e8re cibl\u00e9e les PME suisses exportatrices ainsi que la promotion de la place \u00e9conomique suisse\".<\/p>\n<p><strong>Karin Taheny <\/strong>est Head of Consulting chez Yourposition AG \u00e0 Zurich. Apr\u00e8s avoir obtenu un master en administration des affaires \u00e0 l'universit\u00e9 de Zurich et de Limerick (Irlande), Karin Taheny a travaill\u00e9 dans diff\u00e9rentes entreprises du monde entier pour aider les clients \u00e0 mettre en \u0153uvre des strat\u00e9gies num\u00e9riques. Elle a notamment travaill\u00e9 pour Google \u00e0 San Francisco. Depuis 2015, cette passionn\u00e9e de course \u00e0 pied dirige le conseil strat\u00e9gique et op\u00e9rationnel \u00e0 la client\u00e8le chez Yourposition AG \u00e0 Zurich et est membre de la direction \u00e9largie. Gr\u00e2ce \u00e0 son savoir-faire dans le commerce num\u00e9rique international et \u00e0 son exp\u00e9rience professionnelle mondiale, Karin Taheny est parfaitement adapt\u00e9e au conseil d'administration de S-GE, \u00e9crit l'organisation de promotion des exportations.<\/p>\n<p><strong>Fran\u00e7ois A. Gabella <\/strong>dirige depuis 2010, en tant que CEO, le destin de LEM Holding \u00e0 Fribourg. L'entreprise produit des composants pour la mesure du courant et de la tension et compte 1'400 employ\u00e9s dans le monde entier. Fran\u00e7ois A. Gabella dispose d'une longue exp\u00e9rience dans de grandes et moyennes entreprises, conna\u00eet le secteur MEM international et est titulaire d'un master en ing\u00e9nierie m\u00e9canique de l'EPF de Lausanne. Un esprit analytique prononc\u00e9 et la capacit\u00e9 d'agir en fonction des solutions compl\u00e8tent son profil. Ainsi, Fran\u00e7ois A. Gabella est \u00e9galement une personne id\u00e9ale pour le conseil d'administration de S-GE, ajoute le communiqu\u00e9.<\/p>\n<p>Si l'assembl\u00e9e g\u00e9n\u00e9rale de S-GE le confirme, Karin Taheny et Fran\u00e7ois A. Gabella, deux membres actuels du conseil d'administration. Doris Albisser se retire apr\u00e8s 12 ans de pr\u00e9sence au conseil d'administration. Pierre-Olivier Chave souhaite se retirer en raison de son \u00e2ge.<\/p>\n<p><em><a href=\"http:\/\/www.s-ge.com\/\">www.s-ge.com<\/a><\/em><\/p>","protected":false},"excerpt":{"rendered":"<p>\u00abKarin Taheny und Fran\u00e7ois A. Gabella kennen das internationale Gesch\u00e4ftsumfeld bestens\u00bb, erkl\u00e4rt Ruth Metzler-Arnold, Pr\u00e4sidentin von S-GE. \u00abMit ihrer Erfahrung und ihrem spezifischen Hintergrund k\u00f6nnen sie den Verwaltungsrat optimal erg\u00e4nzen und die exportierenden Schweizer KMU sowie die Promotion des Unternehmensstandortes Schweiz gezielt voranbringen.\u00bb Karin Taheny ist Head of Consulting bei der Yourposition AG in Z\u00fcrich. [&hellip;]<\/p>\n","protected":false},"author":4,"featured_media":3371,"comment_status":"open","ping_status":"open","sticky":false,"template":"","format":"standard","meta":{"_acf_changed":false,"_yoast_wpseo_focuskw":"Verwaltungsrat","_yoast_wpseo_metadesc":"Der Verwaltungsrat von Switzerland Global Enterprise (S-GE) wird der Generalversammlung des Vereins am 26. April zwei neue Kandidaten f\u00fcr den Verwaltungsrat vorschlagen: Karin Taheny, Head of Consulting bei der Yourposition AG in Z\u00fcrich, und Fran\u00e7ois A. Gabella, CEO LEM Holding.","articlekey":"","footnotes":""},"categories":[1],"tags":[381,503,508],"class_list":["post-3369","post","type-post","status-publish","format-standard","has-post-thumbnail","hentry","category-allgemein","tag-personalia","tag-verbaende","tag-vermischtes"],"acf":[],"yoast_head":"<!-- This site is optimized with the Yoast SEO plugin v27.4 - https:\/\/yoast.com\/product\/yoast-seo-wordpress\/ -->\n<title>Wechsel im Verwaltungsrat von Switzerland Global Enterprise - Organisator<\/title>\n<meta name=\"description\" content=\"Der Verwaltungsrat von Switzerland Global Enterprise (S-GE) wird der Generalversammlung des Vereins am 26. April zwei neue Kandidaten f\u00fcr den Verwaltungsrat vorschlagen: Karin Taheny, Head of Consulting bei der Yourposition AG in Z\u00fcrich, und Fran\u00e7ois A. Gabella, CEO LEM Holding.\" \/>\n<meta name=\"robots\" content=\"index, follow, max-snippet:-1, max-image-preview:large, max-video-preview:-1\" \/>\n<link rel=\"canonical\" href=\"https:\/\/www.organisator.ch\/fr\/general\/2018-03-28\/wechsel-im-verwaltungsrat-von-switzerland-global-enterprise\/\" \/>\n<meta property=\"og:locale\" content=\"fr_FR\" \/>\n<meta property=\"og:type\" content=\"article\" \/>\n<meta property=\"og:title\" content=\"Wechsel im Verwaltungsrat von Switzerland Global Enterprise\" \/>\n<meta property=\"og:description\" content=\"Der Verwaltungsrat von Switzerland Global Enterprise (#S-GE) wird der Generalversammlung des Vereins am 26. April zwei neue Kandidaten f\u00fcr den Verwaltungsrat vorschlagen: Karin #Taheny, Head of Consulting bei der Yourposition AG in Z\u00fcrich, und Fran\u00e7ois A. #Gabella, CEO LEM Holding.\" \/>\n<meta property=\"og:url\" content=\"https:\/\/www.organisator.ch\/fr\/general\/2018-03-28\/wechsel-im-verwaltungsrat-von-switzerland-global-enterprise\/\" \/>\n<meta property=\"og:site_name\" content=\"Organisator\" \/>\n<meta property=\"article:publisher\" content=\"https:\/\/www.facebook.com\/OrganisatorFachmagazin\" \/>\n<meta property=\"article:published_time\" content=\"2018-03-28T15:28:19+00:00\" \/>\n<meta property=\"og:image\" content=\"https:\/\/www.organisator.ch\/wp-content\/uploads\/2018\/03\/Wechsel-im-Verwaltungsrat-von-S-GE_Organisator.jpg\" \/>\n\t<meta property=\"og:image:width\" content=\"448\" \/>\n\t<meta property=\"og:image:height\" content=\"179\" \/>\n\t<meta property=\"og:image:type\" content=\"image\/jpeg\" \/>\n<meta name=\"author\" content=\"thomas.berner\" \/>\n<meta name=\"twitter:card\" content=\"summary_large_image\" \/>\n<meta name=\"twitter:title\" content=\"Wechsel im #Verwaltungsrat von Switzerland Global Enterprise\" \/>\n<meta name=\"twitter:description\" content=\"Der Verwaltungsrat von Switzerland Global Enterprise (#S-GE) wird der Generalversammlung des Vereins am 26. April zwei neue Kandidaten f\u00fcr den Verwaltungsrat vorschlagen: Karin #Taheny, Head of Consulting bei der Yourposition AG in Z\u00fcrich, und Fran\u00e7ois A. #Gabella, CEO LEM Holding.\" \/>\n<meta name=\"twitter:image\" content=\"https:\/\/www.organisator.ch\/wp-content\/uploads\/2018\/03\/Wechsel-im-Verwaltungsrat-von-S-GE_Organisator.jpg\" \/>\n<script type=\"application\/ld+json\" class=\"yoast-schema-graph\">{\"@context\":\"https:\\\/\\\/schema.org\",\"@graph\":[{\"@type\":\"Article\",\"@id\":\"https:\\\/\\\/www.organisator.ch\\\/de\\\/allgemein\\\/2018-03-28\\\/wechsel-im-verwaltungsrat-von-switzerland-global-enterprise\\\/#article\",\"isPartOf\":{\"@id\":\"https:\\\/\\\/www.organisator.ch\\\/de\\\/allgemein\\\/2018-03-28\\\/wechsel-im-verwaltungsrat-von-switzerland-global-enterprise\\\/\"},\"author\":{\"name\":\"thomas.berner\",\"@id\":\"https:\\\/\\\/www.organisator.ch\\\/#\\\/schema\\\/person\\\/6f650f90b2842cd4c0cc334b4e36f67e\"},\"headline\":\"Wechsel im Verwaltungsrat von Switzerland Global Enterprise\",\"datePublished\":\"2018-03-28T15:28:19+00:00\",\"mainEntityOfPage\":{\"@id\":\"https:\\\/\\\/www.organisator.ch\\\/de\\\/allgemein\\\/2018-03-28\\\/wechsel-im-verwaltungsrat-von-switzerland-global-enterprise\\\/\"},\"wordCount\":306,\"commentCount\":0,\"publisher\":{\"@id\":\"https:\\\/\\\/www.organisator.ch\\\/#organization\"},\"image\":{\"@id\":\"https:\\\/\\\/www.organisator.ch\\\/de\\\/allgemein\\\/2018-03-28\\\/wechsel-im-verwaltungsrat-von-switzerland-global-enterprise\\\/#primaryimage\"},\"thumbnailUrl\":\"https:\\\/\\\/www.organisator.ch\\\/wp-content\\\/uploads\\\/2018\\\/03\\\/Wechsel-im-Verwaltungsrat-von-S-GE_Organisator.jpg\",\"keywords\":[\"Personalia\",\"Verb\u00e4nde\",\"Vermischtes\"],\"articleSection\":[\"Allgemein\"],\"inLanguage\":\"fr-FR\"},{\"@type\":\"WebPage\",\"@id\":\"https:\\\/\\\/www.organisator.ch\\\/de\\\/allgemein\\\/2018-03-28\\\/wechsel-im-verwaltungsrat-von-switzerland-global-enterprise\\\/\",\"url\":\"https:\\\/\\\/www.organisator.ch\\\/de\\\/allgemein\\\/2018-03-28\\\/wechsel-im-verwaltungsrat-von-switzerland-global-enterprise\\\/\",\"name\":\"Wechsel im Verwaltungsrat von Switzerland Global Enterprise - Organisator\",\"isPartOf\":{\"@id\":\"https:\\\/\\\/www.organisator.ch\\\/#website\"},\"primaryImageOfPage\":{\"@id\":\"https:\\\/\\\/www.organisator.ch\\\/de\\\/allgemein\\\/2018-03-28\\\/wechsel-im-verwaltungsrat-von-switzerland-global-enterprise\\\/#primaryimage\"},\"image\":{\"@id\":\"https:\\\/\\\/www.organisator.ch\\\/de\\\/allgemein\\\/2018-03-28\\\/wechsel-im-verwaltungsrat-von-switzerland-global-enterprise\\\/#primaryimage\"},\"thumbnailUrl\":\"https:\\\/\\\/www.organisator.ch\\\/wp-content\\\/uploads\\\/2018\\\/03\\\/Wechsel-im-Verwaltungsrat-von-S-GE_Organisator.jpg\",\"datePublished\":\"2018-03-28T15:28:19+00:00\",\"description\":\"Der Verwaltungsrat von Switzerland Global Enterprise (S-GE) wird der Generalversammlung des Vereins am 26. April zwei neue Kandidaten f\u00fcr den Verwaltungsrat vorschlagen: Karin Taheny, Head of Consulting bei der Yourposition AG in Z\u00fcrich, und Fran\u00e7ois A. Gabella, CEO LEM Holding.\",\"breadcrumb\":{\"@id\":\"https:\\\/\\\/www.organisator.ch\\\/de\\\/allgemein\\\/2018-03-28\\\/wechsel-im-verwaltungsrat-von-switzerland-global-enterprise\\\/#breadcrumb\"},\"inLanguage\":\"fr-FR\",\"potentialAction\":[{\"@type\":\"ReadAction\",\"target\":[\"https:\\\/\\\/www.organisator.ch\\\/de\\\/allgemein\\\/2018-03-28\\\/wechsel-im-verwaltungsrat-von-switzerland-global-enterprise\\\/\"]}]},{\"@type\":\"ImageObject\",\"inLanguage\":\"fr-FR\",\"@id\":\"https:\\\/\\\/www.organisator.ch\\\/de\\\/allgemein\\\/2018-03-28\\\/wechsel-im-verwaltungsrat-von-switzerland-global-enterprise\\\/#primaryimage\",\"url\":\"https:\\\/\\\/www.organisator.ch\\\/wp-content\\\/uploads\\\/2018\\\/03\\\/Wechsel-im-Verwaltungsrat-von-S-GE_Organisator.jpg\",\"contentUrl\":\"https:\\\/\\\/www.organisator.ch\\\/wp-content\\\/uploads\\\/2018\\\/03\\\/Wechsel-im-Verwaltungsrat-von-S-GE_Organisator.jpg\",\"width\":448,\"height\":179},{\"@type\":\"BreadcrumbList\",\"@id\":\"https:\\\/\\\/www.organisator.ch\\\/de\\\/allgemein\\\/2018-03-28\\\/wechsel-im-verwaltungsrat-von-switzerland-global-enterprise\\\/#breadcrumb\",\"itemListElement\":[{\"@type\":\"ListItem\",\"position\":1,\"name\":\"Home\",\"item\":\"https:\\\/\\\/www.organisator.ch\\\/\"},{\"@type\":\"ListItem\",\"position\":2,\"name\":\"Wechsel im Verwaltungsrat von Switzerland Global Enterprise\"}]},{\"@type\":\"WebSite\",\"@id\":\"https:\\\/\\\/www.organisator.ch\\\/#website\",\"url\":\"https:\\\/\\\/www.organisator.ch\\\/\",\"name\":\"Organisator\",\"description\":\"Kompetent. Praxisnah. Der ORGANISATOR bereitet in 10 Ausgaben pro Jahr die wesentlichen Themen f\u00fcr F\u00fchrungskr\u00e4fte von KMU auf.\",\"publisher\":{\"@id\":\"https:\\\/\\\/www.organisator.ch\\\/#organization\"},\"potentialAction\":[{\"@type\":\"SearchAction\",\"target\":{\"@type\":\"EntryPoint\",\"urlTemplate\":\"https:\\\/\\\/www.organisator.ch\\\/?s={search_term_string}\"},\"query-input\":{\"@type\":\"PropertyValueSpecification\",\"valueRequired\":true,\"valueName\":\"search_term_string\"}}],\"inLanguage\":\"fr-FR\"},{\"@type\":\"Organization\",\"@id\":\"https:\\\/\\\/www.organisator.ch\\\/#organization\",\"name\":\"Organisator\",\"url\":\"https:\\\/\\\/www.organisator.ch\\\/\",\"logo\":{\"@type\":\"ImageObject\",\"inLanguage\":\"fr-FR\",\"@id\":\"https:\\\/\\\/www.organisator.ch\\\/#\\\/schema\\\/logo\\\/image\\\/\",\"url\":\"https:\\\/\\\/www.organisator.ch\\\/wp-content\\\/uploads\\\/2022\\\/01\\\/Logo_Organisator_Website.png\",\"contentUrl\":\"https:\\\/\\\/www.organisator.ch\\\/wp-content\\\/uploads\\\/2022\\\/01\\\/Logo_Organisator_Website.png\",\"width\":800,\"height\":77,\"caption\":\"Organisator\"},\"image\":{\"@id\":\"https:\\\/\\\/www.organisator.ch\\\/#\\\/schema\\\/logo\\\/image\\\/\"},\"sameAs\":[\"https:\\\/\\\/www.facebook.com\\\/OrganisatorFachmagazin\",\"https:\\\/\\\/www.linkedin.com\\\/showcase\\\/organisator-das-magazin-fr-kmu\",\"https:\\\/\\\/www.xing.com\\\/news\\\/pages\\\/organisator-ch-695\",\"https:\\\/\\\/www.youtube.com\\\/channel\\\/UCGP2Sq0iWaZwT3BdIAQFYpw\"]},{\"@type\":\"Person\",\"@id\":\"https:\\\/\\\/www.organisator.ch\\\/#\\\/schema\\\/person\\\/6f650f90b2842cd4c0cc334b4e36f67e\",\"name\":\"thomas.berner\",\"image\":{\"@type\":\"ImageObject\",\"inLanguage\":\"fr-FR\",\"@id\":\"https:\\\/\\\/secure.gravatar.com\\\/avatar\\\/ac5001d2a36cb6c6cd3e50789007ffca834b477b74a2144564522e944eabff61?s=96&d=mm&r=g\",\"url\":\"https:\\\/\\\/secure.gravatar.com\\\/avatar\\\/ac5001d2a36cb6c6cd3e50789007ffca834b477b74a2144564522e944eabff61?s=96&d=mm&r=g\",\"contentUrl\":\"https:\\\/\\\/secure.gravatar.com\\\/avatar\\\/ac5001d2a36cb6c6cd3e50789007ffca834b477b74a2144564522e944eabff61?s=96&d=mm&r=g\",\"caption\":\"thomas.berner\"},\"url\":\"https:\\\/\\\/www.organisator.ch\\\/fr\\\/author\\\/thomas-berner\\\/\"}]}<\/script>\n<!-- \/ Yoast SEO plugin. -->","yoast_head_json":{"title":"Changement au sein du conseil d'administration de Switzerland Global Enterprise - Organisateur","description":"Le conseil d'administration de Switzerland Global Enterprise (S-GE) proposera \u00e0 l'assembl\u00e9e g\u00e9n\u00e9rale de l'association du 26 avril deux nouveaux candidats au conseil d'administration : Karin Taheny, Head of Consulting chez Yourposition AG \u00e0 Zurich, et Fran\u00e7ois A. Gabella, CEO de LEM Holding.","robots":{"index":"index","follow":"follow","max-snippet":"max-snippet:-1","max-image-preview":"max-image-preview:large","max-video-preview":"max-video-preview:-1"},"canonical":"https:\/\/www.organisator.ch\/fr\/general\/2018-03-28\/wechsel-im-verwaltungsrat-von-switzerland-global-enterprise\/","og_locale":"fr_FR","og_type":"article","og_title":"Wechsel im Verwaltungsrat von Switzerland Global Enterprise","og_description":"Der Verwaltungsrat von Switzerland Global Enterprise (#S-GE) wird der Generalversammlung des Vereins am 26. April zwei neue Kandidaten f\u00fcr den Verwaltungsrat vorschlagen: Karin #Taheny, Head of Consulting bei der Yourposition AG in Z\u00fcrich, und Fran\u00e7ois A. #Gabella, CEO LEM Holding.","og_url":"https:\/\/www.organisator.ch\/fr\/general\/2018-03-28\/wechsel-im-verwaltungsrat-von-switzerland-global-enterprise\/","og_site_name":"Organisator","article_publisher":"https:\/\/www.facebook.com\/OrganisatorFachmagazin","article_published_time":"2018-03-28T15:28:19+00:00","og_image":[{"width":448,"height":179,"url":"https:\/\/www.organisator.ch\/wp-content\/uploads\/2018\/03\/Wechsel-im-Verwaltungsrat-von-S-GE_Organisator.jpg","type":"image\/jpeg"}],"author":"thomas.berner","twitter_card":"summary_large_image","twitter_title":"Wechsel im #Verwaltungsrat von Switzerland Global Enterprise","twitter_description":"Der Verwaltungsrat von Switzerland Global Enterprise (#S-GE) wird der Generalversammlung des Vereins am 26. April zwei neue Kandidaten f\u00fcr den Verwaltungsrat vorschlagen: Karin #Taheny, Head of Consulting bei der Yourposition AG in Z\u00fcrich, und Fran\u00e7ois A. #Gabella, CEO LEM Holding.","twitter_image":"https:\/\/www.organisator.ch\/wp-content\/uploads\/2018\/03\/Wechsel-im-Verwaltungsrat-von-S-GE_Organisator.jpg","schema":{"@context":"https:\/\/schema.org","@graph":[{"@type":"Article","@id":"https:\/\/www.organisator.ch\/de\/allgemein\/2018-03-28\/wechsel-im-verwaltungsrat-von-switzerland-global-enterprise\/#article","isPartOf":{"@id":"https:\/\/www.organisator.ch\/de\/allgemein\/2018-03-28\/wechsel-im-verwaltungsrat-von-switzerland-global-enterprise\/"},"author":{"name":"thomas.berner","@id":"https:\/\/www.organisator.ch\/#\/schema\/person\/6f650f90b2842cd4c0cc334b4e36f67e"},"headline":"Wechsel im Verwaltungsrat von Switzerland Global Enterprise","datePublished":"2018-03-28T15:28:19+00:00","mainEntityOfPage":{"@id":"https:\/\/www.organisator.ch\/de\/allgemein\/2018-03-28\/wechsel-im-verwaltungsrat-von-switzerland-global-enterprise\/"},"wordCount":306,"commentCount":0,"publisher":{"@id":"https:\/\/www.organisator.ch\/#organization"},"image":{"@id":"https:\/\/www.organisator.ch\/de\/allgemein\/2018-03-28\/wechsel-im-verwaltungsrat-von-switzerland-global-enterprise\/#primaryimage"},"thumbnailUrl":"https:\/\/www.organisator.ch\/wp-content\/uploads\/2018\/03\/Wechsel-im-Verwaltungsrat-von-S-GE_Organisator.jpg","keywords":["Personalia","Verb\u00e4nde","Vermischtes"],"articleSection":["Allgemein"],"inLanguage":"fr-FR"},{"@type":"WebPage","@id":"https:\/\/www.organisator.ch\/de\/allgemein\/2018-03-28\/wechsel-im-verwaltungsrat-von-switzerland-global-enterprise\/","url":"https:\/\/www.organisator.ch\/de\/allgemein\/2018-03-28\/wechsel-im-verwaltungsrat-von-switzerland-global-enterprise\/","name":"Changement au sein du conseil d'administration de Switzerland Global Enterprise - Organisateur","isPartOf":{"@id":"https:\/\/www.organisator.ch\/#website"},"primaryImageOfPage":{"@id":"https:\/\/www.organisator.ch\/de\/allgemein\/2018-03-28\/wechsel-im-verwaltungsrat-von-switzerland-global-enterprise\/#primaryimage"},"image":{"@id":"https:\/\/www.organisator.ch\/de\/allgemein\/2018-03-28\/wechsel-im-verwaltungsrat-von-switzerland-global-enterprise\/#primaryimage"},"thumbnailUrl":"https:\/\/www.organisator.ch\/wp-content\/uploads\/2018\/03\/Wechsel-im-Verwaltungsrat-von-S-GE_Organisator.jpg","datePublished":"2018-03-28T15:28:19+00:00","description":"Le conseil d'administration de Switzerland Global Enterprise (S-GE) proposera \u00e0 l'assembl\u00e9e g\u00e9n\u00e9rale de l'association du 26 avril deux nouveaux candidats au conseil d'administration : Karin Taheny, Head of Consulting chez Yourposition AG \u00e0 Zurich, et Fran\u00e7ois A. Gabella, CEO de LEM Holding.","breadcrumb":{"@id":"https:\/\/www.organisator.ch\/de\/allgemein\/2018-03-28\/wechsel-im-verwaltungsrat-von-switzerland-global-enterprise\/#breadcrumb"},"inLanguage":"fr-FR","potentialAction":[{"@type":"ReadAction","target":["https:\/\/www.organisator.ch\/de\/allgemein\/2018-03-28\/wechsel-im-verwaltungsrat-von-switzerland-global-enterprise\/"]}]},{"@type":"ImageObject","inLanguage":"fr-FR","@id":"https:\/\/www.organisator.ch\/de\/allgemein\/2018-03-28\/wechsel-im-verwaltungsrat-von-switzerland-global-enterprise\/#primaryimage","url":"https:\/\/www.organisator.ch\/wp-content\/uploads\/2018\/03\/Wechsel-im-Verwaltungsrat-von-S-GE_Organisator.jpg","contentUrl":"https:\/\/www.organisator.ch\/wp-content\/uploads\/2018\/03\/Wechsel-im-Verwaltungsrat-von-S-GE_Organisator.jpg","width":448,"height":179},{"@type":"BreadcrumbList","@id":"https:\/\/www.organisator.ch\/de\/allgemein\/2018-03-28\/wechsel-im-verwaltungsrat-von-switzerland-global-enterprise\/#breadcrumb","itemListElement":[{"@type":"ListItem","position":1,"name":"Home","item":"https:\/\/www.organisator.ch\/"},{"@type":"ListItem","position":2,"name":"Wechsel im Verwaltungsrat von Switzerland Global Enterprise"}]},{"@type":"WebSite","@id":"https:\/\/www.organisator.ch\/#website","url":"https:\/\/www.organisator.ch\/","name":"Organisateur","description":"Comp\u00e9tence et comp\u00e9tence. Proches de la pratique. L'ORGANISATEUR pr\u00e9pare 10 num\u00e9ros par an sur les th\u00e8mes essentiels pour les dirigeants de PME.","publisher":{"@id":"https:\/\/www.organisator.ch\/#organization"},"potentialAction":[{"@type":"SearchAction","target":{"@type":"EntryPoint","urlTemplate":"https:\/\/www.organisator.ch\/?s={search_term_string}"},"query-input":{"@type":"PropertyValueSpecification","valueRequired":true,"valueName":"search_term_string"}}],"inLanguage":"fr-FR"},{"@type":"Organization","@id":"https:\/\/www.organisator.ch\/#organization","name":"Organisateur","url":"https:\/\/www.organisator.ch\/","logo":{"@type":"ImageObject","inLanguage":"fr-FR","@id":"https:\/\/www.organisator.ch\/#\/schema\/logo\/image\/","url":"https:\/\/www.organisator.ch\/wp-content\/uploads\/2022\/01\/Logo_Organisator_Website.png","contentUrl":"https:\/\/www.organisator.ch\/wp-content\/uploads\/2022\/01\/Logo_Organisator_Website.png","width":800,"height":77,"caption":"Organisator"},"image":{"@id":"https:\/\/www.organisator.ch\/#\/schema\/logo\/image\/"},"sameAs":["https:\/\/www.facebook.com\/OrganisatorFachmagazin","https:\/\/www.linkedin.com\/showcase\/organisator-das-magazin-fr-kmu","https:\/\/www.xing.com\/news\/pages\/organisator-ch-695","https:\/\/www.youtube.com\/channel\/UCGP2Sq0iWaZwT3BdIAQFYpw"]},{"@type":"Person","@id":"https:\/\/www.organisator.ch\/#\/schema\/person\/6f650f90b2842cd4c0cc334b4e36f67e","name":"thomas.berner","image":{"@type":"ImageObject","inLanguage":"fr-FR","@id":"https:\/\/secure.gravatar.com\/avatar\/ac5001d2a36cb6c6cd3e50789007ffca834b477b74a2144564522e944eabff61?s=96&d=mm&r=g","url":"https:\/\/secure.gravatar.com\/avatar\/ac5001d2a36cb6c6cd3e50789007ffca834b477b74a2144564522e944eabff61?s=96&d=mm&r=g","contentUrl":"https:\/\/secure.gravatar.com\/avatar\/ac5001d2a36cb6c6cd3e50789007ffca834b477b74a2144564522e944eabff61?s=96&d=mm&r=g","caption":"thomas.berner"},"url":"https:\/\/www.organisator.ch\/fr\/author\/thomas-berner\/"}]}},"_links":{"self":[{"href":"https:\/\/www.organisator.ch\/fr\/wp-json\/wp\/v2\/posts\/3369","targetHints":{"allow":["GET"]}}],"collection":[{"href":"https:\/\/www.organisator.ch\/fr\/wp-json\/wp\/v2\/posts"}],"about":[{"href":"https:\/\/www.organisator.ch\/fr\/wp-json\/wp\/v2\/types\/post"}],"author":[{"embeddable":true,"href":"https:\/\/www.organisator.ch\/fr\/wp-json\/wp\/v2\/users\/4"}],"replies":[{"embeddable":true,"href":"https:\/\/www.organisator.ch\/fr\/wp-json\/wp\/v2\/comments?post=3369"}],"version-history":[{"count":0,"href":"https:\/\/www.organisator.ch\/fr\/wp-json\/wp\/v2\/posts\/3369\/revisions"}],"wp:featuredmedia":[{"embeddable":true,"href":"https:\/\/www.organisator.ch\/fr\/wp-json\/wp\/v2\/media\/3371"}],"wp:attachment":[{"href":"https:\/\/www.organisator.ch\/fr\/wp-json\/wp\/v2\/media?parent=3369"}],"wp:term":[{"taxonomy":"category","embeddable":true,"href":"https:\/\/www.organisator.ch\/fr\/wp-json\/wp\/v2\/categories?post=3369"},{"taxonomy":"post_tag","embeddable":true,"href":"https:\/\/www.organisator.ch\/fr\/wp-json\/wp\/v2\/tags?post=3369"}],"curies":[{"name":"wp","href":"https:\/\/api.w.org\/{rel}","templated":true}]}}