{"id":3378,"date":"2020-09-28T15:26:57","date_gmt":"2020-09-28T13:26:57","guid":{"rendered":"https:\/\/www.umweltperspektiven.ch\/?p=3378"},"modified":"2022-02-09T11:06:13","modified_gmt":"2022-02-09T10:06:13","slug":"oeffentlicher-verkehr-traegt-dazu-bei-energie-zu-sparen-und-co2-ausstoss-zu-senken","status":"publish","type":"post","link":"https:\/\/www.organisator.ch\/fr\/sustainability\/2020-09-28\/oeffentlicher-verkehr-traegt-dazu-bei-energie-zu-sparen-und-co2-ausstoss-zu-senken\/","title":{"rendered":"Les transports publics contribuent \u00e0 \u00e9conomiser de l'\u00e9nergie et \u00e0 r\u00e9duire les \u00e9missions de CO2"},"content":{"rendered":"<figure id=\"attachment_3379\" aria-describedby=\"caption-attachment-3379\" style=\"width: 680px\" class=\"wp-caption alignnone\"><img loading=\"lazy\" decoding=\"async\" class=\"wp-image-3379 size-medium\" src=\"\/\/www.umweltperspektiven.ch\/wp-content\/uploads\/2020\/09\/\u00f6ffentlicher-verkehr-up-umwelt-perspektiven.jpg\" alt=\"\" width=\"680\" height=\"454\" \/><figcaption id=\"caption-attachment-3379\" class=\"wp-caption-text\">L'innovation et les questions \u00e9nerg\u00e9tiques ne sont pas forc\u00e9ment incompatibles. (Image : Unsplash)<\/figcaption><\/figure>\n<p>Depuis son lancement en 2013, 100 projets ont \u00e9t\u00e9 lanc\u00e9s dans le cadre d'ES\u00f6V ; 46 projets sont d\u00e9j\u00e0 termin\u00e9s et 54 sont encore en cours. La Conf\u00e9d\u00e9ration met \u00e0 disposition des fonds d'encouragement pour des projets de recherche qui cr\u00e9ent la base pour les mesures d'\u00e9conomie d'\u00e9nergie des entreprises de transport. La Conf\u00e9d\u00e9ration prend en charge jusqu'\u00e0 40% des co\u00fbts des projets de recherche. Jusqu'\u00e0 pr\u00e9sent, des projets de recherche d'un volume total de pr\u00e8s de 35 millions de francs ont pu \u00eatre d\u00e9clench\u00e9s. Sur ce montant, pr\u00e8s de 23 millions ont \u00e9t\u00e9 apport\u00e9s par les entreprises de transport. \"Cela t\u00e9moigne de l'engagement de la branche en faveur de transports publics \u00e9conomes en \u00e9nergie, innovants et durables\", a d\u00e9clar\u00e9 Rudolf Sperlich, vice-directeur de l'Office f\u00e9d\u00e9ral des transports (OFT), lors d'une rencontre avec les m\u00e9dias aujourd'hui \u00e0 Bienne. L'OFT encourage des projets dans tous les moyens de transport public : Chemins de fer, trams, bus, t\u00e9l\u00e9ph\u00e9riques et bateaux.<\/p>\n<p><strong>Des entreprises de transport exemplaires<\/strong><\/p>\n<p>La r\u00e9cup\u00e9ration de l'\u00e9nergie de freinage du funiculaire Bienne-Macolin est un projet exemplaire. Les Transports publics biennois (TPB) ont install\u00e9 un accumulateur \u00e0 batterie et adapt\u00e9 la commande de l'installation. Gr\u00e2ce \u00e0 la r\u00e9cup\u00e9ration, jusqu'\u00e0 80% de l'\u00e9nergie de freinage est stock\u00e9e et est ensuite disponible pour le prochain trajet. Le projet a \u00e9t\u00e9 r\u00e9alis\u00e9 avec les entreprises Frey AG Stans et Doppelmayr-Garaventa Group, sous la direction de la Haute \u00e9cole de Lucerne, technique et architecture. De plus, une installation photovolta\u00efque est en service depuis d\u00e9but septembre sur le toit de la station amont. Sa production d'\u00e9nergie peut \u00e9galement \u00eatre stock\u00e9e dans des batteries pour l'exploitation du t\u00e9l\u00e9ph\u00e9rique.<\/p>\n<p>L'OFT a contribu\u00e9 aux travaux de recherche correspondants \u00e0 hauteur de 80'000 francs. Au total, jusqu'\u00e0 3 millions de francs par an sont \u00e0 la disposition des projets ES\u00f6V pour d'autres travaux de recherche. Dans les ann\u00e9es \u00e0 venir, il s'agira en premier lieu de faire conna\u00eetre plus largement les connaissances acquises jusqu'ici et de faire progresser la mise en \u0153uvre. (Source : OFEV)<\/p>","protected":false},"excerpt":{"rendered":"<p>Seit dem Start 2013 sind im Rahmen von ES\u00f6V 100 Projekte lanciert worden; 46 Projekte sind bereits abgeschlossen, 54 noch in Bearbeitung. Der Bund stellt F\u00f6rdergelder f\u00fcr Forschungsprojekte bereit, welche die Basis schaffen f\u00fcr die Energiesparmassnahmen der Transportunternehmen. Der Bund \u00fcbernimmt bis zu 40 Prozent der Kosten der Forschungsprojekte. Bis jetzt konnten Forschungsprojekte mit einem [&hellip;]<\/p>\n","protected":false},"author":5,"featured_media":9730,"comment_status":"closed","ping_status":"closed","sticky":false,"template":"","format":"standard","meta":{"_acf_changed":false,"_yoast_wpseo_focuskw":"\u00d6ffentlicher Verkehr","_yoast_wpseo_metadesc":"Das Bundesamt f\u00fcr Verkehr BAV fordert vom \u00f6ffentliche Verkehr einen substanziellen Beitrag zum Energiesparen und zur CO2-Reduktion.","articlekey":"","footnotes":""},"categories":[580],"tags":[697,792,883,1212,1859,424],"class_list":["post-3378","post","type-post","status-publish","format-standard","has-post-thumbnail","hentry","category-sustainability","tag-alternative-antriebe","tag-bav","tag-bund","tag-foerderprogramm","tag-oeffentlicher-verkehr","tag-schweiz"],"acf":[],"yoast_head":"<!-- This site is optimized with the Yoast SEO plugin v27.4 - https:\/\/yoast.com\/product\/yoast-seo-wordpress\/ -->\n<title>\u00d6ffentlicher Verkehr tr\u00e4gt dazu bei, Energie zu sparen und CO2-Ausstoss zu senken - Organisator<\/title>\n<meta name=\"description\" content=\"Das Bundesamt f\u00fcr Verkehr BAV fordert vom \u00f6ffentliche Verkehr einen substanziellen Beitrag zum Energiesparen und zur CO2-Reduktion.\" \/>\n<meta name=\"robots\" content=\"index, follow, max-snippet:-1, max-image-preview:large, max-video-preview:-1\" \/>\n<link rel=\"canonical\" href=\"https:\/\/www.organisator.ch\/fr\/sustainability\/2020-09-28\/oeffentlicher-verkehr-traegt-dazu-bei-energie-zu-sparen-und-co2-ausstoss-zu-senken\/\" \/>\n<meta property=\"og:locale\" content=\"fr_FR\" \/>\n<meta property=\"og:type\" content=\"article\" \/>\n<meta property=\"og:title\" content=\"\u00d6ffentlicher Verkehr tr\u00e4gt dazu bei, Energie zu sparen und CO2-Ausstoss zu senken - Organisator\" \/>\n<meta property=\"og:description\" content=\"Das Bundesamt f\u00fcr Verkehr BAV fordert vom \u00f6ffentliche Verkehr einen substanziellen Beitrag zum Energiesparen und zur CO2-Reduktion.\" \/>\n<meta property=\"og:url\" content=\"https:\/\/www.organisator.ch\/fr\/sustainability\/2020-09-28\/oeffentlicher-verkehr-traegt-dazu-bei-energie-zu-sparen-und-co2-ausstoss-zu-senken\/\" \/>\n<meta property=\"og:site_name\" content=\"Organisator\" \/>\n<meta property=\"article:publisher\" content=\"https:\/\/www.facebook.com\/OrganisatorFachmagazin\" \/>\n<meta property=\"article:published_time\" content=\"2020-09-28T13:26:57+00:00\" \/>\n<meta property=\"article:modified_time\" content=\"2022-02-09T10:06:13+00:00\" \/>\n<meta property=\"og:image\" content=\"https:\/\/www.organisator.ch\/wp-content\/uploads\/2020\/09\/ffentlicher-verkehr-up-umwelt-perspektiven-scaled.jpg\" \/>\n\t<meta property=\"og:image:width\" content=\"2560\" \/>\n\t<meta property=\"og:image:height\" content=\"1708\" \/>\n\t<meta property=\"og:image:type\" content=\"image\/jpeg\" \/>\n<meta name=\"author\" content=\"michael.merz\" \/>\n<meta name=\"twitter:card\" content=\"summary_large_image\" \/>\n<script type=\"application\/ld+json\" class=\"yoast-schema-graph\">{\"@context\":\"https:\\\/\\\/schema.org\",\"@graph\":[{\"@type\":\"Article\",\"@id\":\"https:\\\/\\\/www.organisator.ch\\\/sustainability\\\/2020-09-28\\\/oeffentlicher-verkehr-traegt-dazu-bei-energie-zu-sparen-und-co2-ausstoss-zu-senken\\\/#article\",\"isPartOf\":{\"@id\":\"https:\\\/\\\/www.organisator.ch\\\/sustainability\\\/2020-09-28\\\/oeffentlicher-verkehr-traegt-dazu-bei-energie-zu-sparen-und-co2-ausstoss-zu-senken\\\/\"},\"author\":{\"name\":\"michael.merz\",\"@id\":\"https:\\\/\\\/www.organisator.ch\\\/#\\\/schema\\\/person\\\/134708ca9321c57b0362cceb7948ffbd\"},\"headline\":\"\u00d6ffentlicher Verkehr tr\u00e4gt dazu bei, Energie zu sparen und CO2-Ausstoss zu senken\",\"datePublished\":\"2020-09-28T13:26:57+00:00\",\"dateModified\":\"2022-02-09T10:06:13+00:00\",\"mainEntityOfPage\":{\"@id\":\"https:\\\/\\\/www.organisator.ch\\\/sustainability\\\/2020-09-28\\\/oeffentlicher-verkehr-traegt-dazu-bei-energie-zu-sparen-und-co2-ausstoss-zu-senken\\\/\"},\"wordCount\":299,\"publisher\":{\"@id\":\"https:\\\/\\\/www.organisator.ch\\\/#organization\"},\"image\":{\"@id\":\"https:\\\/\\\/www.organisator.ch\\\/sustainability\\\/2020-09-28\\\/oeffentlicher-verkehr-traegt-dazu-bei-energie-zu-sparen-und-co2-ausstoss-zu-senken\\\/#primaryimage\"},\"thumbnailUrl\":\"https:\\\/\\\/www.organisator.ch\\\/wp-content\\\/uploads\\\/2020\\\/09\\\/ffentlicher-verkehr-up-umwelt-perspektiven-scaled.jpg\",\"keywords\":[\"Alternative Antriebe\",\"BAV\",\"Bund\",\"F\u00f6rderprogramm\",\"\u00d6ffentlicher Verkehr\",\"Schweiz\"],\"articleSection\":[\"SUSTAINABILITY\"],\"inLanguage\":\"fr-FR\"},{\"@type\":\"WebPage\",\"@id\":\"https:\\\/\\\/www.organisator.ch\\\/sustainability\\\/2020-09-28\\\/oeffentlicher-verkehr-traegt-dazu-bei-energie-zu-sparen-und-co2-ausstoss-zu-senken\\\/\",\"url\":\"https:\\\/\\\/www.organisator.ch\\\/sustainability\\\/2020-09-28\\\/oeffentlicher-verkehr-traegt-dazu-bei-energie-zu-sparen-und-co2-ausstoss-zu-senken\\\/\",\"name\":\"\u00d6ffentlicher Verkehr tr\u00e4gt dazu bei, Energie zu sparen und CO2-Ausstoss zu senken - Organisator\",\"isPartOf\":{\"@id\":\"https:\\\/\\\/www.organisator.ch\\\/#website\"},\"primaryImageOfPage\":{\"@id\":\"https:\\\/\\\/www.organisator.ch\\\/sustainability\\\/2020-09-28\\\/oeffentlicher-verkehr-traegt-dazu-bei-energie-zu-sparen-und-co2-ausstoss-zu-senken\\\/#primaryimage\"},\"image\":{\"@id\":\"https:\\\/\\\/www.organisator.ch\\\/sustainability\\\/2020-09-28\\\/oeffentlicher-verkehr-traegt-dazu-bei-energie-zu-sparen-und-co2-ausstoss-zu-senken\\\/#primaryimage\"},\"thumbnailUrl\":\"https:\\\/\\\/www.organisator.ch\\\/wp-content\\\/uploads\\\/2020\\\/09\\\/ffentlicher-verkehr-up-umwelt-perspektiven-scaled.jpg\",\"datePublished\":\"2020-09-28T13:26:57+00:00\",\"dateModified\":\"2022-02-09T10:06:13+00:00\",\"description\":\"Das Bundesamt f\u00fcr Verkehr BAV fordert vom \u00f6ffentliche Verkehr einen substanziellen Beitrag zum Energiesparen und zur CO2-Reduktion.\",\"breadcrumb\":{\"@id\":\"https:\\\/\\\/www.organisator.ch\\\/sustainability\\\/2020-09-28\\\/oeffentlicher-verkehr-traegt-dazu-bei-energie-zu-sparen-und-co2-ausstoss-zu-senken\\\/#breadcrumb\"},\"inLanguage\":\"fr-FR\",\"potentialAction\":[{\"@type\":\"ReadAction\",\"target\":[\"https:\\\/\\\/www.organisator.ch\\\/sustainability\\\/2020-09-28\\\/oeffentlicher-verkehr-traegt-dazu-bei-energie-zu-sparen-und-co2-ausstoss-zu-senken\\\/\"]}]},{\"@type\":\"ImageObject\",\"inLanguage\":\"fr-FR\",\"@id\":\"https:\\\/\\\/www.organisator.ch\\\/sustainability\\\/2020-09-28\\\/oeffentlicher-verkehr-traegt-dazu-bei-energie-zu-sparen-und-co2-ausstoss-zu-senken\\\/#primaryimage\",\"url\":\"https:\\\/\\\/www.organisator.ch\\\/wp-content\\\/uploads\\\/2020\\\/09\\\/ffentlicher-verkehr-up-umwelt-perspektiven-scaled.jpg\",\"contentUrl\":\"https:\\\/\\\/www.organisator.ch\\\/wp-content\\\/uploads\\\/2020\\\/09\\\/ffentlicher-verkehr-up-umwelt-perspektiven-scaled.jpg\",\"width\":2560,\"height\":1708,\"caption\":\"sdg\"},{\"@type\":\"BreadcrumbList\",\"@id\":\"https:\\\/\\\/www.organisator.ch\\\/sustainability\\\/2020-09-28\\\/oeffentlicher-verkehr-traegt-dazu-bei-energie-zu-sparen-und-co2-ausstoss-zu-senken\\\/#breadcrumb\",\"itemListElement\":[{\"@type\":\"ListItem\",\"position\":1,\"name\":\"Home\",\"item\":\"https:\\\/\\\/www.organisator.ch\\\/\"},{\"@type\":\"ListItem\",\"position\":2,\"name\":\"\u00d6ffentlicher Verkehr tr\u00e4gt dazu bei, Energie zu sparen und CO2-Ausstoss zu senken\"}]},{\"@type\":\"WebSite\",\"@id\":\"https:\\\/\\\/www.organisator.ch\\\/#website\",\"url\":\"https:\\\/\\\/www.organisator.ch\\\/\",\"name\":\"Organisator\",\"description\":\"Kompetent. Praxisnah. Der ORGANISATOR bereitet in 10 Ausgaben pro Jahr die wesentlichen Themen f\u00fcr F\u00fchrungskr\u00e4fte von KMU auf.\",\"publisher\":{\"@id\":\"https:\\\/\\\/www.organisator.ch\\\/#organization\"},\"potentialAction\":[{\"@type\":\"SearchAction\",\"target\":{\"@type\":\"EntryPoint\",\"urlTemplate\":\"https:\\\/\\\/www.organisator.ch\\\/?s={search_term_string}\"},\"query-input\":{\"@type\":\"PropertyValueSpecification\",\"valueRequired\":true,\"valueName\":\"search_term_string\"}}],\"inLanguage\":\"fr-FR\"},{\"@type\":\"Organization\",\"@id\":\"https:\\\/\\\/www.organisator.ch\\\/#organization\",\"name\":\"Organisator\",\"url\":\"https:\\\/\\\/www.organisator.ch\\\/\",\"logo\":{\"@type\":\"ImageObject\",\"inLanguage\":\"fr-FR\",\"@id\":\"https:\\\/\\\/www.organisator.ch\\\/#\\\/schema\\\/logo\\\/image\\\/\",\"url\":\"https:\\\/\\\/www.organisator.ch\\\/wp-content\\\/uploads\\\/2022\\\/01\\\/Logo_Organisator_Website.png\",\"contentUrl\":\"https:\\\/\\\/www.organisator.ch\\\/wp-content\\\/uploads\\\/2022\\\/01\\\/Logo_Organisator_Website.png\",\"width\":800,\"height\":77,\"caption\":\"Organisator\"},\"image\":{\"@id\":\"https:\\\/\\\/www.organisator.ch\\\/#\\\/schema\\\/logo\\\/image\\\/\"},\"sameAs\":[\"https:\\\/\\\/www.facebook.com\\\/OrganisatorFachmagazin\",\"https:\\\/\\\/www.linkedin.com\\\/showcase\\\/organisator-das-magazin-fr-kmu\",\"https:\\\/\\\/www.xing.com\\\/news\\\/pages\\\/organisator-ch-695\",\"https:\\\/\\\/www.youtube.com\\\/channel\\\/UCGP2Sq0iWaZwT3BdIAQFYpw\"]},{\"@type\":\"Person\",\"@id\":\"https:\\\/\\\/www.organisator.ch\\\/#\\\/schema\\\/person\\\/134708ca9321c57b0362cceb7948ffbd\",\"name\":\"michael.merz\",\"image\":{\"@type\":\"ImageObject\",\"inLanguage\":\"fr-FR\",\"@id\":\"https:\\\/\\\/secure.gravatar.com\\\/avatar\\\/?s=96&d=mm&r=g\",\"url\":\"https:\\\/\\\/secure.gravatar.com\\\/avatar\\\/?s=96&d=mm&r=g\",\"contentUrl\":\"https:\\\/\\\/secure.gravatar.com\\\/avatar\\\/?s=96&d=mm&r=g\",\"caption\":\"michael.merz\"},\"url\":\"https:\\\/\\\/www.organisator.ch\\\/fr\\\/author\\\/michael-merz\\\/\"}]}<\/script>\n<!-- \/ Yoast SEO plugin. -->","yoast_head_json":{"title":"Les transports publics contribuent \u00e0 \u00e9conomiser l'\u00e9nergie et \u00e0 r\u00e9duire les \u00e9missions de CO2 - Organisateur","description":"L'Office f\u00e9d\u00e9ral des transports (OFT) demande aux transports publics de contribuer de mani\u00e8re substantielle aux \u00e9conomies d'\u00e9nergie et \u00e0 la r\u00e9duction des \u00e9missions de CO2.","robots":{"index":"index","follow":"follow","max-snippet":"max-snippet:-1","max-image-preview":"max-image-preview:large","max-video-preview":"max-video-preview:-1"},"canonical":"https:\/\/www.organisator.ch\/fr\/sustainability\/2020-09-28\/oeffentlicher-verkehr-traegt-dazu-bei-energie-zu-sparen-und-co2-ausstoss-zu-senken\/","og_locale":"fr_FR","og_type":"article","og_title":"\u00d6ffentlicher Verkehr tr\u00e4gt dazu bei, Energie zu sparen und CO2-Ausstoss zu senken - Organisator","og_description":"Das Bundesamt f\u00fcr Verkehr BAV fordert vom \u00f6ffentliche Verkehr einen substanziellen Beitrag zum Energiesparen und zur CO2-Reduktion.","og_url":"https:\/\/www.organisator.ch\/fr\/sustainability\/2020-09-28\/oeffentlicher-verkehr-traegt-dazu-bei-energie-zu-sparen-und-co2-ausstoss-zu-senken\/","og_site_name":"Organisator","article_publisher":"https:\/\/www.facebook.com\/OrganisatorFachmagazin","article_published_time":"2020-09-28T13:26:57+00:00","article_modified_time":"2022-02-09T10:06:13+00:00","og_image":[{"width":2560,"height":1708,"url":"https:\/\/www.organisator.ch\/wp-content\/uploads\/2020\/09\/ffentlicher-verkehr-up-umwelt-perspektiven-scaled.jpg","type":"image\/jpeg"}],"author":"michael.merz","twitter_card":"summary_large_image","schema":{"@context":"https:\/\/schema.org","@graph":[{"@type":"Article","@id":"https:\/\/www.organisator.ch\/sustainability\/2020-09-28\/oeffentlicher-verkehr-traegt-dazu-bei-energie-zu-sparen-und-co2-ausstoss-zu-senken\/#article","isPartOf":{"@id":"https:\/\/www.organisator.ch\/sustainability\/2020-09-28\/oeffentlicher-verkehr-traegt-dazu-bei-energie-zu-sparen-und-co2-ausstoss-zu-senken\/"},"author":{"name":"michael.merz","@id":"https:\/\/www.organisator.ch\/#\/schema\/person\/134708ca9321c57b0362cceb7948ffbd"},"headline":"\u00d6ffentlicher Verkehr tr\u00e4gt dazu bei, Energie zu sparen und CO2-Ausstoss zu senken","datePublished":"2020-09-28T13:26:57+00:00","dateModified":"2022-02-09T10:06:13+00:00","mainEntityOfPage":{"@id":"https:\/\/www.organisator.ch\/sustainability\/2020-09-28\/oeffentlicher-verkehr-traegt-dazu-bei-energie-zu-sparen-und-co2-ausstoss-zu-senken\/"},"wordCount":299,"publisher":{"@id":"https:\/\/www.organisator.ch\/#organization"},"image":{"@id":"https:\/\/www.organisator.ch\/sustainability\/2020-09-28\/oeffentlicher-verkehr-traegt-dazu-bei-energie-zu-sparen-und-co2-ausstoss-zu-senken\/#primaryimage"},"thumbnailUrl":"https:\/\/www.organisator.ch\/wp-content\/uploads\/2020\/09\/ffentlicher-verkehr-up-umwelt-perspektiven-scaled.jpg","keywords":["Alternative Antriebe","BAV","Bund","F\u00f6rderprogramm","\u00d6ffentlicher Verkehr","Schweiz"],"articleSection":["SUSTAINABILITY"],"inLanguage":"fr-FR"},{"@type":"WebPage","@id":"https:\/\/www.organisator.ch\/sustainability\/2020-09-28\/oeffentlicher-verkehr-traegt-dazu-bei-energie-zu-sparen-und-co2-ausstoss-zu-senken\/","url":"https:\/\/www.organisator.ch\/sustainability\/2020-09-28\/oeffentlicher-verkehr-traegt-dazu-bei-energie-zu-sparen-und-co2-ausstoss-zu-senken\/","name":"Les transports publics contribuent \u00e0 \u00e9conomiser l'\u00e9nergie et \u00e0 r\u00e9duire les \u00e9missions de CO2 - Organisateur","isPartOf":{"@id":"https:\/\/www.organisator.ch\/#website"},"primaryImageOfPage":{"@id":"https:\/\/www.organisator.ch\/sustainability\/2020-09-28\/oeffentlicher-verkehr-traegt-dazu-bei-energie-zu-sparen-und-co2-ausstoss-zu-senken\/#primaryimage"},"image":{"@id":"https:\/\/www.organisator.ch\/sustainability\/2020-09-28\/oeffentlicher-verkehr-traegt-dazu-bei-energie-zu-sparen-und-co2-ausstoss-zu-senken\/#primaryimage"},"thumbnailUrl":"https:\/\/www.organisator.ch\/wp-content\/uploads\/2020\/09\/ffentlicher-verkehr-up-umwelt-perspektiven-scaled.jpg","datePublished":"2020-09-28T13:26:57+00:00","dateModified":"2022-02-09T10:06:13+00:00","description":"L'Office f\u00e9d\u00e9ral des transports (OFT) demande aux transports publics de contribuer de mani\u00e8re substantielle aux \u00e9conomies d'\u00e9nergie et \u00e0 la r\u00e9duction des \u00e9missions de CO2.","breadcrumb":{"@id":"https:\/\/www.organisator.ch\/sustainability\/2020-09-28\/oeffentlicher-verkehr-traegt-dazu-bei-energie-zu-sparen-und-co2-ausstoss-zu-senken\/#breadcrumb"},"inLanguage":"fr-FR","potentialAction":[{"@type":"ReadAction","target":["https:\/\/www.organisator.ch\/sustainability\/2020-09-28\/oeffentlicher-verkehr-traegt-dazu-bei-energie-zu-sparen-und-co2-ausstoss-zu-senken\/"]}]},{"@type":"ImageObject","inLanguage":"fr-FR","@id":"https:\/\/www.organisator.ch\/sustainability\/2020-09-28\/oeffentlicher-verkehr-traegt-dazu-bei-energie-zu-sparen-und-co2-ausstoss-zu-senken\/#primaryimage","url":"https:\/\/www.organisator.ch\/wp-content\/uploads\/2020\/09\/ffentlicher-verkehr-up-umwelt-perspektiven-scaled.jpg","contentUrl":"https:\/\/www.organisator.ch\/wp-content\/uploads\/2020\/09\/ffentlicher-verkehr-up-umwelt-perspektiven-scaled.jpg","width":2560,"height":1708,"caption":"sdg"},{"@type":"BreadcrumbList","@id":"https:\/\/www.organisator.ch\/sustainability\/2020-09-28\/oeffentlicher-verkehr-traegt-dazu-bei-energie-zu-sparen-und-co2-ausstoss-zu-senken\/#breadcrumb","itemListElement":[{"@type":"ListItem","position":1,"name":"Home","item":"https:\/\/www.organisator.ch\/"},{"@type":"ListItem","position":2,"name":"\u00d6ffentlicher Verkehr tr\u00e4gt dazu bei, Energie zu sparen und CO2-Ausstoss zu senken"}]},{"@type":"WebSite","@id":"https:\/\/www.organisator.ch\/#website","url":"https:\/\/www.organisator.ch\/","name":"Organisateur","description":"Comp\u00e9tence et comp\u00e9tence. Proches de la pratique. L'ORGANISATEUR pr\u00e9pare 10 num\u00e9ros par an sur les th\u00e8mes essentiels pour les dirigeants de PME.","publisher":{"@id":"https:\/\/www.organisator.ch\/#organization"},"potentialAction":[{"@type":"SearchAction","target":{"@type":"EntryPoint","urlTemplate":"https:\/\/www.organisator.ch\/?s={search_term_string}"},"query-input":{"@type":"PropertyValueSpecification","valueRequired":true,"valueName":"search_term_string"}}],"inLanguage":"fr-FR"},{"@type":"Organization","@id":"https:\/\/www.organisator.ch\/#organization","name":"Organisateur","url":"https:\/\/www.organisator.ch\/","logo":{"@type":"ImageObject","inLanguage":"fr-FR","@id":"https:\/\/www.organisator.ch\/#\/schema\/logo\/image\/","url":"https:\/\/www.organisator.ch\/wp-content\/uploads\/2022\/01\/Logo_Organisator_Website.png","contentUrl":"https:\/\/www.organisator.ch\/wp-content\/uploads\/2022\/01\/Logo_Organisator_Website.png","width":800,"height":77,"caption":"Organisator"},"image":{"@id":"https:\/\/www.organisator.ch\/#\/schema\/logo\/image\/"},"sameAs":["https:\/\/www.facebook.com\/OrganisatorFachmagazin","https:\/\/www.linkedin.com\/showcase\/organisator-das-magazin-fr-kmu","https:\/\/www.xing.com\/news\/pages\/organisator-ch-695","https:\/\/www.youtube.com\/channel\/UCGP2Sq0iWaZwT3BdIAQFYpw"]},{"@type":"Person","@id":"https:\/\/www.organisator.ch\/#\/schema\/person\/134708ca9321c57b0362cceb7948ffbd","name":"michael.merz","image":{"@type":"ImageObject","inLanguage":"fr-FR","@id":"https:\/\/secure.gravatar.com\/avatar\/?s=96&d=mm&r=g","url":"https:\/\/secure.gravatar.com\/avatar\/?s=96&d=mm&r=g","contentUrl":"https:\/\/secure.gravatar.com\/avatar\/?s=96&d=mm&r=g","caption":"michael.merz"},"url":"https:\/\/www.organisator.ch\/fr\/author\/michael-merz\/"}]}},"_links":{"self":[{"href":"https:\/\/www.organisator.ch\/fr\/wp-json\/wp\/v2\/posts\/3378","targetHints":{"allow":["GET"]}}],"collection":[{"href":"https:\/\/www.organisator.ch\/fr\/wp-json\/wp\/v2\/posts"}],"about":[{"href":"https:\/\/www.organisator.ch\/fr\/wp-json\/wp\/v2\/types\/post"}],"author":[{"embeddable":true,"href":"https:\/\/www.organisator.ch\/fr\/wp-json\/wp\/v2\/users\/5"}],"replies":[{"embeddable":true,"href":"https:\/\/www.organisator.ch\/fr\/wp-json\/wp\/v2\/comments?post=3378"}],"version-history":[{"count":1,"href":"https:\/\/www.organisator.ch\/fr\/wp-json\/wp\/v2\/posts\/3378\/revisions"}],"predecessor-version":[{"id":10516,"href":"https:\/\/www.organisator.ch\/fr\/wp-json\/wp\/v2\/posts\/3378\/revisions\/10516"}],"wp:featuredmedia":[{"embeddable":true,"href":"https:\/\/www.organisator.ch\/fr\/wp-json\/wp\/v2\/media\/9730"}],"wp:attachment":[{"href":"https:\/\/www.organisator.ch\/fr\/wp-json\/wp\/v2\/media?parent=3378"}],"wp:term":[{"taxonomy":"category","embeddable":true,"href":"https:\/\/www.organisator.ch\/fr\/wp-json\/wp\/v2\/categories?post=3378"},{"taxonomy":"post_tag","embeddable":true,"href":"https:\/\/www.organisator.ch\/fr\/wp-json\/wp\/v2\/tags?post=3378"}],"curies":[{"name":"wp","href":"https:\/\/api.w.org\/{rel}","templated":true}]}}