{"id":3381,"date":"2020-09-28T15:37:56","date_gmt":"2020-09-28T13:37:56","guid":{"rendered":"https:\/\/www.umweltperspektiven.ch\/?p=3381"},"modified":"2022-02-09T11:06:48","modified_gmt":"2022-02-09T10:06:48","slug":"wirksamere-ueberwachung-der-luftqualitaet-neue-nabel-station-in-duebendorf","status":"publish","type":"post","link":"https:\/\/www.organisator.ch\/fr\/sustainability\/2020-09-28\/wirksamere-ueberwachung-der-luftqualitaet-neue-nabel-station-in-duebendorf\/","title":{"rendered":"Surveillance plus efficace de la qualit\u00e9 de l'air : nouvelle station NABEL \u00e0 D\u00fcbendorf"},"content":{"rendered":"<figure id=\"attachment_3382\" aria-describedby=\"caption-attachment-3382\" style=\"width: 680px\" class=\"wp-caption alignnone\"><img loading=\"lazy\" decoding=\"async\" class=\"wp-image-3382 size-medium\" src=\"\/\/www.umweltperspektiven.ch\/wp-content\/uploads\/2020\/09\/empa1.jpg\" alt=\"\" width=\"680\" height=\"510\" \/><figcaption id=\"caption-attachment-3382\" class=\"wp-caption-text\">La nouvelle station NABEL \u00e0 D\u00fcbendorf. Ces deux partenaires, l'Office f\u00e9d\u00e9ral de l'environnement (OFEV) et l'Empa, l'ont inaugur\u00e9e le 23 septembre 2020. (Image : OFEV)<\/figcaption><\/figure>\n<p>La nouvelle station NABEL repr\u00e9sente un nouveau type de station de mesure. La station de mesure historique de D\u00fcbendorf, qui \u00e9tait en service depuis 1980 sur le site de l'Institut de recherche en sciences des mat\u00e9riaux et en d\u00e9veloppement technologique (Empa), a d\u00fb c\u00e9der la place \u00e0 une station moderne sur le site de l'Institut de recherche de l'eau (Eawag). L'objectif est de continuer \u00e0 disposer de donn\u00e9es fiables et d'avoir un aper\u00e7u complet de la qualit\u00e9 de l'air en Suisse. Ces donn\u00e9es de mesure sont une condition sine qua non pour \u00e9valuer si les mesures prises r\u00e9duisent effectivement les \u00e9missions.<\/p>\n<p><b>Qualit\u00e9 de l'air : meilleure, mais pas encore suffisante<\/b><\/p>\n<p>Bien que la pollution de l'air par des substances nocives ait nettement diminu\u00e9 ces derni\u00e8res ann\u00e9es, les valeurs limites sont parfois encore d\u00e9pass\u00e9es, comme le montre le rapport annuel NABEL 2019 qui vient d'\u00eatre publi\u00e9 (voir encadr\u00e9). La r\u00e9duction des concentrations d'ozone en \u00e9t\u00e9 et de poussi\u00e8res fines en hiver, ainsi que des compos\u00e9s azot\u00e9s - notamment l'ammoniac - reste donc un d\u00e9fi.<\/p>\n<p>La nouvelle station NABEL de D\u00fcbendorf est situ\u00e9e dans la vall\u00e9e de la Glatt, entre D\u00fcbendorf et Wallisellen, et repr\u00e9sente le type de site \"banlieues ou petites villes\". Les environs de D\u00fcbendorf sont dens\u00e9ment peupl\u00e9s, ont beaucoup de commerces et sont travers\u00e9s par un r\u00e9seau de routes et de voies ferr\u00e9es tr\u00e8s fr\u00e9quent\u00e9es. La station de mesure sert aux activit\u00e9s de recherche de l'Empa sur les questions de qualit\u00e9 de l'air. Gr\u00e2ce \u00e0 un hublot, cette station de mesure est la seule en Suisse \u00e0 permettre au public de jeter un coup d'\u0153il \u00e0 l'int\u00e9rieur.<\/p>\n<p><b>Nouveaux domaines de recherche, collaboration consolid\u00e9e<\/b><\/p>\n<p>La d\u00e9tection pr\u00e9coce des nouveaux probl\u00e8mes et besoins en mati\u00e8re de protection de l'air est une t\u00e2che commune importante de l'OFEV et de l'Empa. Les habitudes de mobilit\u00e9, par exemple, \u00e9voluent constamment. La qualit\u00e9 de l'air s'en trouve influenc\u00e9e et de nouvelles questions et de nouveaux domaines de recherche apparaissent.<\/p>\n<p>Du c\u00f4t\u00e9 technique, il s'agit de tester des d\u00e9veloppements m\u00e9trologiques pour une d\u00e9termination aussi efficace et pertinente que possible des polluants atmosph\u00e9riques. Il s'agit par exemple d'utiliser des spectrom\u00e8tres laser ultramodernes ou de tester des instruments miniaturis\u00e9s et peu co\u00fbteux pour des mesures flexibles et condens\u00e9es dans l'espace. Les nouvelles questions de recherche qui se posent concernent le domaine des polluants pour lesquels il n'existe pas de valeurs limites d'immissions l\u00e9gales ou la propagation atmosph\u00e9rique des microplastiques.<\/p>\n<p>Avec la nouvelle station de mesure NABEL \u00e0 D\u00fcbendorf, la surveillance de la qualit\u00e9 de l'air suit l'\u00e9volution technologique pour prot\u00e9ger la population. (Source : OFEV)<\/p>\n<p>&nbsp;<\/p>\n<p class=\"nsbtextkasten\"><em><b>Le rapport annuel NABEL 2019<\/b><\/em><br \/>\n<em>Depuis la fin des ann\u00e9es 1980, les concentrations de poussi\u00e8res fines et de m\u00e9taux lourds qu'elles contiennent ont nettement diminu\u00e9. Le rapport annuel NABEL 2019, qui vient d'\u00eatre publi\u00e9, montre une diminution de la pollution de l'air pour tous les polluants. Aujourd'hui, les poussi\u00e8res fines contiennent par exemple cinquante fois moins de plomb qu'il y a trente ans, et la pollution par d'autres m\u00e9taux lourds est \u00e9galement en baisse. L'air est donc plus propre, mais pas encore pour tous les polluants.<\/em><br \/>\n<em>Ainsi, pour l'ozone, les valeurs limites ont \u00e9t\u00e9 d\u00e9pass\u00e9es dans toutes les stations NABEL en 2019. Pour les poussi\u00e8res fines respirables (PM10 et PM2,5) et le dioxyde d'azote, les valeurs limites d'immission ont \u00e9t\u00e9 partiellement d\u00e9pass\u00e9es directement le long des routes \u00e0 fort trafic. Les valeurs limites pour d'autres polluants atmosph\u00e9riques, tels que le dioxyde de soufre ou le monoxyde de carbone, ont \u00e9t\u00e9 respect\u00e9es dans toutes les stations NABEL.<\/em><br \/>\n<em>Ces mesures confirment que d'autres mesures sont n\u00e9cessaires pour r\u00e9duire les \u00e9missions de polluants. Les \u00e9missions d'ammoniac, d'oxydes d'azote, de compos\u00e9s organiques volatils, de poussi\u00e8res fines respirables ainsi que de substances canc\u00e9rig\u00e8nes (p. ex. suie de diesel ou benz\u00e8ne) doivent notamment \u00eatre encore r\u00e9duites. Pour ce faire, les possibilit\u00e9s techniques de r\u00e9duction des \u00e9missions doivent \u00eatre exploit\u00e9es pour toutes les sources.<\/em><\/p>\n<p class=\"nsbtextkasten\"><em><b>NABEL - R\u00e9seau national d'observation des polluants atmosph\u00e9riques<\/b><\/em><br \/>\n<em>Le NABEL (r\u00e9seau national d'observation des polluants atmosph\u00e9riques), avec ses 16 stations de mesure g\u00e9r\u00e9es par l'OFEV et l'Empa, sert \u00e0 relever l'\u00e9tat et l'\u00e9volution de la pollution atmosph\u00e9rique dans toute la Suisse. Les mesures du NABEL portent sur les principaux polluants atmosph\u00e9riques susceptibles de nuire \u00e0 la sant\u00e9 humaine ou \u00e0 l'environnement, qu'ils se pr\u00e9sentent sous forme de gaz ou de particules ou qu'ils soient contenus dans les pr\u00e9cipitations. Les polluants atmosph\u00e9riques mesur\u00e9s en premier lieu sont ceux qui sont r\u00e9glement\u00e9s par l'Ordonnance suisse sur la protection de l'air ou qui doivent \u00eatre relev\u00e9s dans le cadre d'accords internationaux sur la protection de l'air (p. ex. dioxyde d'azote, ozone, poussi\u00e8res fines, ammoniac, etc.)<\/em><\/p>","protected":false},"excerpt":{"rendered":"<p>Die neue NABEL-Station repr\u00e4sentiert einen neuen Typ einer Messstation. Die historische Messstation D\u00fcbendorf, die auf dem Areal des Forschungsinstituts f\u00fcr Materialwissenschaften und Technologieentwicklung (Empa) seit 1980 in Betrieb war, musste einer modernen Station auf dem Gel\u00e4nde des Wasserforschungsinstituts Eawag weichen. Das Ziel ist, auch in Zukunft verl\u00e4ssliche Daten zur Verf\u00fcgung zu haben und einen vollst\u00e4ndigen [&hellip;]<\/p>\n","protected":false},"author":5,"featured_media":3382,"comment_status":"closed","ping_status":"closed","sticky":false,"template":"","format":"standard","meta":{"_acf_changed":false,"_yoast_wpseo_focuskw":"NABEL","_yoast_wpseo_metadesc":"Der Bund hat sein Messnetz NABEL (Nationales Beobachtungsnetz f\u00fcr Luftfremdstoffe) um eine neue Station in D\u00fcbendorf (ZH) erg\u00e4nzt.","articlekey":"","footnotes":""},"categories":[580],"tags":[762,1052,1649,1826,424],"class_list":["post-3381","post","type-post","status-publish","format-standard","has-post-thumbnail","hentry","category-sustainability","tag-bafu","tag-empa","tag-luftqualitaet","tag-neue-messstation","tag-schweiz"],"acf":[],"yoast_head":"<!-- This site is optimized with the Yoast SEO plugin v27.4 - https:\/\/yoast.com\/product\/yoast-seo-wordpress\/ -->\n<title>Wirksamere \u00dcberwachung der Luftqualit\u00e4t: Neue NABEL-Station in D\u00fcbendorf - Organisator<\/title>\n<meta name=\"description\" content=\"Der Bund hat sein Messnetz NABEL (Nationales Beobachtungsnetz f\u00fcr Luftfremdstoffe) um eine neue Station in D\u00fcbendorf (ZH) erg\u00e4nzt.\" \/>\n<meta name=\"robots\" content=\"index, follow, max-snippet:-1, max-image-preview:large, max-video-preview:-1\" \/>\n<link rel=\"canonical\" href=\"https:\/\/www.organisator.ch\/fr\/sustainability\/2020-09-28\/wirksamere-ueberwachung-der-luftqualitaet-neue-nabel-station-in-duebendorf\/\" \/>\n<meta property=\"og:locale\" content=\"fr_FR\" \/>\n<meta property=\"og:type\" content=\"article\" \/>\n<meta property=\"og:title\" content=\"Wirksamere \u00dcberwachung der Luftqualit\u00e4t: Neue NABEL-Station in D\u00fcbendorf - Organisator\" \/>\n<meta property=\"og:description\" content=\"Der Bund hat sein Messnetz NABEL (Nationales Beobachtungsnetz f\u00fcr Luftfremdstoffe) um eine neue Station in D\u00fcbendorf (ZH) erg\u00e4nzt.\" \/>\n<meta property=\"og:url\" content=\"https:\/\/www.organisator.ch\/fr\/sustainability\/2020-09-28\/wirksamere-ueberwachung-der-luftqualitaet-neue-nabel-station-in-duebendorf\/\" \/>\n<meta property=\"og:site_name\" content=\"Organisator\" \/>\n<meta property=\"article:publisher\" content=\"https:\/\/www.facebook.com\/OrganisatorFachmagazin\" \/>\n<meta property=\"article:published_time\" content=\"2020-09-28T13:37:56+00:00\" \/>\n<meta property=\"article:modified_time\" content=\"2022-02-09T10:06:48+00:00\" \/>\n<meta property=\"og:image\" content=\"https:\/\/www.organisator.ch\/wp-content\/uploads\/2020\/09\/empa1-scaled.jpg\" \/>\n\t<meta property=\"og:image:width\" content=\"2560\" \/>\n\t<meta property=\"og:image:height\" content=\"1920\" \/>\n\t<meta property=\"og:image:type\" content=\"image\/jpeg\" \/>\n<meta name=\"author\" content=\"michael.merz\" \/>\n<meta name=\"twitter:card\" content=\"summary_large_image\" \/>\n<script type=\"application\/ld+json\" class=\"yoast-schema-graph\">{\"@context\":\"https:\\\/\\\/schema.org\",\"@graph\":[{\"@type\":\"Article\",\"@id\":\"https:\\\/\\\/www.organisator.ch\\\/sustainability\\\/2020-09-28\\\/wirksamere-ueberwachung-der-luftqualitaet-neue-nabel-station-in-duebendorf\\\/#article\",\"isPartOf\":{\"@id\":\"https:\\\/\\\/www.organisator.ch\\\/sustainability\\\/2020-09-28\\\/wirksamere-ueberwachung-der-luftqualitaet-neue-nabel-station-in-duebendorf\\\/\"},\"author\":{\"name\":\"michael.merz\",\"@id\":\"https:\\\/\\\/www.organisator.ch\\\/#\\\/schema\\\/person\\\/134708ca9321c57b0362cceb7948ffbd\"},\"headline\":\"Wirksamere \u00dcberwachung der Luftqualit\u00e4t: Neue NABEL-Station in D\u00fcbendorf\",\"datePublished\":\"2020-09-28T13:37:56+00:00\",\"dateModified\":\"2022-02-09T10:06:48+00:00\",\"mainEntityOfPage\":{\"@id\":\"https:\\\/\\\/www.organisator.ch\\\/sustainability\\\/2020-09-28\\\/wirksamere-ueberwachung-der-luftqualitaet-neue-nabel-station-in-duebendorf\\\/\"},\"wordCount\":673,\"publisher\":{\"@id\":\"https:\\\/\\\/www.organisator.ch\\\/#organization\"},\"image\":{\"@id\":\"https:\\\/\\\/www.organisator.ch\\\/sustainability\\\/2020-09-28\\\/wirksamere-ueberwachung-der-luftqualitaet-neue-nabel-station-in-duebendorf\\\/#primaryimage\"},\"thumbnailUrl\":\"https:\\\/\\\/www.organisator.ch\\\/wp-content\\\/uploads\\\/2020\\\/09\\\/empa1-scaled.jpg\",\"keywords\":[\"BAFU\",\"Empa\",\"Luftqualit\u00e4t\",\"neue Messstation\",\"Schweiz\"],\"articleSection\":[\"SUSTAINABILITY\"],\"inLanguage\":\"fr-FR\"},{\"@type\":\"WebPage\",\"@id\":\"https:\\\/\\\/www.organisator.ch\\\/sustainability\\\/2020-09-28\\\/wirksamere-ueberwachung-der-luftqualitaet-neue-nabel-station-in-duebendorf\\\/\",\"url\":\"https:\\\/\\\/www.organisator.ch\\\/sustainability\\\/2020-09-28\\\/wirksamere-ueberwachung-der-luftqualitaet-neue-nabel-station-in-duebendorf\\\/\",\"name\":\"Wirksamere \u00dcberwachung der Luftqualit\u00e4t: Neue NABEL-Station in D\u00fcbendorf - Organisator\",\"isPartOf\":{\"@id\":\"https:\\\/\\\/www.organisator.ch\\\/#website\"},\"primaryImageOfPage\":{\"@id\":\"https:\\\/\\\/www.organisator.ch\\\/sustainability\\\/2020-09-28\\\/wirksamere-ueberwachung-der-luftqualitaet-neue-nabel-station-in-duebendorf\\\/#primaryimage\"},\"image\":{\"@id\":\"https:\\\/\\\/www.organisator.ch\\\/sustainability\\\/2020-09-28\\\/wirksamere-ueberwachung-der-luftqualitaet-neue-nabel-station-in-duebendorf\\\/#primaryimage\"},\"thumbnailUrl\":\"https:\\\/\\\/www.organisator.ch\\\/wp-content\\\/uploads\\\/2020\\\/09\\\/empa1-scaled.jpg\",\"datePublished\":\"2020-09-28T13:37:56+00:00\",\"dateModified\":\"2022-02-09T10:06:48+00:00\",\"description\":\"Der Bund hat sein Messnetz NABEL (Nationales Beobachtungsnetz f\u00fcr Luftfremdstoffe) um eine neue Station in D\u00fcbendorf (ZH) erg\u00e4nzt.\",\"breadcrumb\":{\"@id\":\"https:\\\/\\\/www.organisator.ch\\\/sustainability\\\/2020-09-28\\\/wirksamere-ueberwachung-der-luftqualitaet-neue-nabel-station-in-duebendorf\\\/#breadcrumb\"},\"inLanguage\":\"fr-FR\",\"potentialAction\":[{\"@type\":\"ReadAction\",\"target\":[\"https:\\\/\\\/www.organisator.ch\\\/sustainability\\\/2020-09-28\\\/wirksamere-ueberwachung-der-luftqualitaet-neue-nabel-station-in-duebendorf\\\/\"]}]},{\"@type\":\"ImageObject\",\"inLanguage\":\"fr-FR\",\"@id\":\"https:\\\/\\\/www.organisator.ch\\\/sustainability\\\/2020-09-28\\\/wirksamere-ueberwachung-der-luftqualitaet-neue-nabel-station-in-duebendorf\\\/#primaryimage\",\"url\":\"https:\\\/\\\/www.organisator.ch\\\/wp-content\\\/uploads\\\/2020\\\/09\\\/empa1-scaled.jpg\",\"contentUrl\":\"https:\\\/\\\/www.organisator.ch\\\/wp-content\\\/uploads\\\/2020\\\/09\\\/empa1-scaled.jpg\",\"width\":2560,\"height\":1920},{\"@type\":\"BreadcrumbList\",\"@id\":\"https:\\\/\\\/www.organisator.ch\\\/sustainability\\\/2020-09-28\\\/wirksamere-ueberwachung-der-luftqualitaet-neue-nabel-station-in-duebendorf\\\/#breadcrumb\",\"itemListElement\":[{\"@type\":\"ListItem\",\"position\":1,\"name\":\"Home\",\"item\":\"https:\\\/\\\/www.organisator.ch\\\/\"},{\"@type\":\"ListItem\",\"position\":2,\"name\":\"Wirksamere \u00dcberwachung der Luftqualit\u00e4t: Neue NABEL-Station in D\u00fcbendorf\"}]},{\"@type\":\"WebSite\",\"@id\":\"https:\\\/\\\/www.organisator.ch\\\/#website\",\"url\":\"https:\\\/\\\/www.organisator.ch\\\/\",\"name\":\"Organisator\",\"description\":\"Kompetent. Praxisnah. Der ORGANISATOR bereitet in 10 Ausgaben pro Jahr die wesentlichen Themen f\u00fcr F\u00fchrungskr\u00e4fte von KMU auf.\",\"publisher\":{\"@id\":\"https:\\\/\\\/www.organisator.ch\\\/#organization\"},\"potentialAction\":[{\"@type\":\"SearchAction\",\"target\":{\"@type\":\"EntryPoint\",\"urlTemplate\":\"https:\\\/\\\/www.organisator.ch\\\/?s={search_term_string}\"},\"query-input\":{\"@type\":\"PropertyValueSpecification\",\"valueRequired\":true,\"valueName\":\"search_term_string\"}}],\"inLanguage\":\"fr-FR\"},{\"@type\":\"Organization\",\"@id\":\"https:\\\/\\\/www.organisator.ch\\\/#organization\",\"name\":\"Organisator\",\"url\":\"https:\\\/\\\/www.organisator.ch\\\/\",\"logo\":{\"@type\":\"ImageObject\",\"inLanguage\":\"fr-FR\",\"@id\":\"https:\\\/\\\/www.organisator.ch\\\/#\\\/schema\\\/logo\\\/image\\\/\",\"url\":\"https:\\\/\\\/www.organisator.ch\\\/wp-content\\\/uploads\\\/2022\\\/01\\\/Logo_Organisator_Website.png\",\"contentUrl\":\"https:\\\/\\\/www.organisator.ch\\\/wp-content\\\/uploads\\\/2022\\\/01\\\/Logo_Organisator_Website.png\",\"width\":800,\"height\":77,\"caption\":\"Organisator\"},\"image\":{\"@id\":\"https:\\\/\\\/www.organisator.ch\\\/#\\\/schema\\\/logo\\\/image\\\/\"},\"sameAs\":[\"https:\\\/\\\/www.facebook.com\\\/OrganisatorFachmagazin\",\"https:\\\/\\\/www.linkedin.com\\\/showcase\\\/organisator-das-magazin-fr-kmu\",\"https:\\\/\\\/www.xing.com\\\/news\\\/pages\\\/organisator-ch-695\",\"https:\\\/\\\/www.youtube.com\\\/channel\\\/UCGP2Sq0iWaZwT3BdIAQFYpw\"]},{\"@type\":\"Person\",\"@id\":\"https:\\\/\\\/www.organisator.ch\\\/#\\\/schema\\\/person\\\/134708ca9321c57b0362cceb7948ffbd\",\"name\":\"michael.merz\",\"image\":{\"@type\":\"ImageObject\",\"inLanguage\":\"fr-FR\",\"@id\":\"https:\\\/\\\/secure.gravatar.com\\\/avatar\\\/?s=96&d=mm&r=g\",\"url\":\"https:\\\/\\\/secure.gravatar.com\\\/avatar\\\/?s=96&d=mm&r=g\",\"contentUrl\":\"https:\\\/\\\/secure.gravatar.com\\\/avatar\\\/?s=96&d=mm&r=g\",\"caption\":\"michael.merz\"},\"url\":\"https:\\\/\\\/www.organisator.ch\\\/fr\\\/author\\\/michael-merz\\\/\"}]}<\/script>\n<!-- \/ Yoast SEO plugin. -->","yoast_head_json":{"title":"Surveillance plus efficace de la qualit\u00e9 de l'air : nouvelle station NABEL \u00e0 D\u00fcbendorf - Organisateur","description":"La Conf\u00e9d\u00e9ration a compl\u00e9t\u00e9 son r\u00e9seau de mesure NABEL (r\u00e9seau national d'observation des polluants atmosph\u00e9riques) par une nouvelle station \u00e0 D\u00fcbendorf (ZH).","robots":{"index":"index","follow":"follow","max-snippet":"max-snippet:-1","max-image-preview":"max-image-preview:large","max-video-preview":"max-video-preview:-1"},"canonical":"https:\/\/www.organisator.ch\/fr\/sustainability\/2020-09-28\/wirksamere-ueberwachung-der-luftqualitaet-neue-nabel-station-in-duebendorf\/","og_locale":"fr_FR","og_type":"article","og_title":"Wirksamere \u00dcberwachung der Luftqualit\u00e4t: Neue NABEL-Station in D\u00fcbendorf - Organisator","og_description":"Der Bund hat sein Messnetz NABEL (Nationales Beobachtungsnetz f\u00fcr Luftfremdstoffe) um eine neue Station in D\u00fcbendorf (ZH) erg\u00e4nzt.","og_url":"https:\/\/www.organisator.ch\/fr\/sustainability\/2020-09-28\/wirksamere-ueberwachung-der-luftqualitaet-neue-nabel-station-in-duebendorf\/","og_site_name":"Organisator","article_publisher":"https:\/\/www.facebook.com\/OrganisatorFachmagazin","article_published_time":"2020-09-28T13:37:56+00:00","article_modified_time":"2022-02-09T10:06:48+00:00","og_image":[{"width":2560,"height":1920,"url":"https:\/\/www.organisator.ch\/wp-content\/uploads\/2020\/09\/empa1-scaled.jpg","type":"image\/jpeg"}],"author":"michael.merz","twitter_card":"summary_large_image","schema":{"@context":"https:\/\/schema.org","@graph":[{"@type":"Article","@id":"https:\/\/www.organisator.ch\/sustainability\/2020-09-28\/wirksamere-ueberwachung-der-luftqualitaet-neue-nabel-station-in-duebendorf\/#article","isPartOf":{"@id":"https:\/\/www.organisator.ch\/sustainability\/2020-09-28\/wirksamere-ueberwachung-der-luftqualitaet-neue-nabel-station-in-duebendorf\/"},"author":{"name":"michael.merz","@id":"https:\/\/www.organisator.ch\/#\/schema\/person\/134708ca9321c57b0362cceb7948ffbd"},"headline":"Wirksamere \u00dcberwachung der Luftqualit\u00e4t: Neue NABEL-Station in D\u00fcbendorf","datePublished":"2020-09-28T13:37:56+00:00","dateModified":"2022-02-09T10:06:48+00:00","mainEntityOfPage":{"@id":"https:\/\/www.organisator.ch\/sustainability\/2020-09-28\/wirksamere-ueberwachung-der-luftqualitaet-neue-nabel-station-in-duebendorf\/"},"wordCount":673,"publisher":{"@id":"https:\/\/www.organisator.ch\/#organization"},"image":{"@id":"https:\/\/www.organisator.ch\/sustainability\/2020-09-28\/wirksamere-ueberwachung-der-luftqualitaet-neue-nabel-station-in-duebendorf\/#primaryimage"},"thumbnailUrl":"https:\/\/www.organisator.ch\/wp-content\/uploads\/2020\/09\/empa1-scaled.jpg","keywords":["BAFU","Empa","Luftqualit\u00e4t","neue Messstation","Schweiz"],"articleSection":["SUSTAINABILITY"],"inLanguage":"fr-FR"},{"@type":"WebPage","@id":"https:\/\/www.organisator.ch\/sustainability\/2020-09-28\/wirksamere-ueberwachung-der-luftqualitaet-neue-nabel-station-in-duebendorf\/","url":"https:\/\/www.organisator.ch\/sustainability\/2020-09-28\/wirksamere-ueberwachung-der-luftqualitaet-neue-nabel-station-in-duebendorf\/","name":"Surveillance plus efficace de la qualit\u00e9 de l'air : nouvelle station NABEL \u00e0 D\u00fcbendorf - Organisateur","isPartOf":{"@id":"https:\/\/www.organisator.ch\/#website"},"primaryImageOfPage":{"@id":"https:\/\/www.organisator.ch\/sustainability\/2020-09-28\/wirksamere-ueberwachung-der-luftqualitaet-neue-nabel-station-in-duebendorf\/#primaryimage"},"image":{"@id":"https:\/\/www.organisator.ch\/sustainability\/2020-09-28\/wirksamere-ueberwachung-der-luftqualitaet-neue-nabel-station-in-duebendorf\/#primaryimage"},"thumbnailUrl":"https:\/\/www.organisator.ch\/wp-content\/uploads\/2020\/09\/empa1-scaled.jpg","datePublished":"2020-09-28T13:37:56+00:00","dateModified":"2022-02-09T10:06:48+00:00","description":"La Conf\u00e9d\u00e9ration a compl\u00e9t\u00e9 son r\u00e9seau de mesure NABEL (r\u00e9seau national d'observation des polluants atmosph\u00e9riques) par une nouvelle station \u00e0 D\u00fcbendorf (ZH).","breadcrumb":{"@id":"https:\/\/www.organisator.ch\/sustainability\/2020-09-28\/wirksamere-ueberwachung-der-luftqualitaet-neue-nabel-station-in-duebendorf\/#breadcrumb"},"inLanguage":"fr-FR","potentialAction":[{"@type":"ReadAction","target":["https:\/\/www.organisator.ch\/sustainability\/2020-09-28\/wirksamere-ueberwachung-der-luftqualitaet-neue-nabel-station-in-duebendorf\/"]}]},{"@type":"ImageObject","inLanguage":"fr-FR","@id":"https:\/\/www.organisator.ch\/sustainability\/2020-09-28\/wirksamere-ueberwachung-der-luftqualitaet-neue-nabel-station-in-duebendorf\/#primaryimage","url":"https:\/\/www.organisator.ch\/wp-content\/uploads\/2020\/09\/empa1-scaled.jpg","contentUrl":"https:\/\/www.organisator.ch\/wp-content\/uploads\/2020\/09\/empa1-scaled.jpg","width":2560,"height":1920},{"@type":"BreadcrumbList","@id":"https:\/\/www.organisator.ch\/sustainability\/2020-09-28\/wirksamere-ueberwachung-der-luftqualitaet-neue-nabel-station-in-duebendorf\/#breadcrumb","itemListElement":[{"@type":"ListItem","position":1,"name":"Home","item":"https:\/\/www.organisator.ch\/"},{"@type":"ListItem","position":2,"name":"Wirksamere \u00dcberwachung der Luftqualit\u00e4t: Neue NABEL-Station in D\u00fcbendorf"}]},{"@type":"WebSite","@id":"https:\/\/www.organisator.ch\/#website","url":"https:\/\/www.organisator.ch\/","name":"Organisateur","description":"Comp\u00e9tence et comp\u00e9tence. Proches de la pratique. L'ORGANISATEUR pr\u00e9pare 10 num\u00e9ros par an sur les th\u00e8mes essentiels pour les dirigeants de PME.","publisher":{"@id":"https:\/\/www.organisator.ch\/#organization"},"potentialAction":[{"@type":"SearchAction","target":{"@type":"EntryPoint","urlTemplate":"https:\/\/www.organisator.ch\/?s={search_term_string}"},"query-input":{"@type":"PropertyValueSpecification","valueRequired":true,"valueName":"search_term_string"}}],"inLanguage":"fr-FR"},{"@type":"Organization","@id":"https:\/\/www.organisator.ch\/#organization","name":"Organisateur","url":"https:\/\/www.organisator.ch\/","logo":{"@type":"ImageObject","inLanguage":"fr-FR","@id":"https:\/\/www.organisator.ch\/#\/schema\/logo\/image\/","url":"https:\/\/www.organisator.ch\/wp-content\/uploads\/2022\/01\/Logo_Organisator_Website.png","contentUrl":"https:\/\/www.organisator.ch\/wp-content\/uploads\/2022\/01\/Logo_Organisator_Website.png","width":800,"height":77,"caption":"Organisator"},"image":{"@id":"https:\/\/www.organisator.ch\/#\/schema\/logo\/image\/"},"sameAs":["https:\/\/www.facebook.com\/OrganisatorFachmagazin","https:\/\/www.linkedin.com\/showcase\/organisator-das-magazin-fr-kmu","https:\/\/www.xing.com\/news\/pages\/organisator-ch-695","https:\/\/www.youtube.com\/channel\/UCGP2Sq0iWaZwT3BdIAQFYpw"]},{"@type":"Person","@id":"https:\/\/www.organisator.ch\/#\/schema\/person\/134708ca9321c57b0362cceb7948ffbd","name":"michael.merz","image":{"@type":"ImageObject","inLanguage":"fr-FR","@id":"https:\/\/secure.gravatar.com\/avatar\/?s=96&d=mm&r=g","url":"https:\/\/secure.gravatar.com\/avatar\/?s=96&d=mm&r=g","contentUrl":"https:\/\/secure.gravatar.com\/avatar\/?s=96&d=mm&r=g","caption":"michael.merz"},"url":"https:\/\/www.organisator.ch\/fr\/author\/michael-merz\/"}]}},"_links":{"self":[{"href":"https:\/\/www.organisator.ch\/fr\/wp-json\/wp\/v2\/posts\/3381","targetHints":{"allow":["GET"]}}],"collection":[{"href":"https:\/\/www.organisator.ch\/fr\/wp-json\/wp\/v2\/posts"}],"about":[{"href":"https:\/\/www.organisator.ch\/fr\/wp-json\/wp\/v2\/types\/post"}],"author":[{"embeddable":true,"href":"https:\/\/www.organisator.ch\/fr\/wp-json\/wp\/v2\/users\/5"}],"replies":[{"embeddable":true,"href":"https:\/\/www.organisator.ch\/fr\/wp-json\/wp\/v2\/comments?post=3381"}],"version-history":[{"count":1,"href":"https:\/\/www.organisator.ch\/fr\/wp-json\/wp\/v2\/posts\/3381\/revisions"}],"predecessor-version":[{"id":10670,"href":"https:\/\/www.organisator.ch\/fr\/wp-json\/wp\/v2\/posts\/3381\/revisions\/10670"}],"wp:featuredmedia":[{"embeddable":true,"href":"https:\/\/www.organisator.ch\/fr\/wp-json\/wp\/v2\/media\/3382"}],"wp:attachment":[{"href":"https:\/\/www.organisator.ch\/fr\/wp-json\/wp\/v2\/media?parent=3381"}],"wp:term":[{"taxonomy":"category","embeddable":true,"href":"https:\/\/www.organisator.ch\/fr\/wp-json\/wp\/v2\/categories?post=3381"},{"taxonomy":"post_tag","embeddable":true,"href":"https:\/\/www.organisator.ch\/fr\/wp-json\/wp\/v2\/tags?post=3381"}],"curies":[{"name":"wp","href":"https:\/\/api.w.org\/{rel}","templated":true}]}}