{"id":3384,"date":"2020-09-29T10:50:30","date_gmt":"2020-09-29T08:50:30","guid":{"rendered":"https:\/\/www.umweltperspektiven.ch\/?p=3384"},"modified":"2022-02-09T11:06:48","modified_gmt":"2022-02-09T10:06:48","slug":"airbus-will-2035-wasserstoff-flugzeug-bauen","status":"publish","type":"post","link":"https:\/\/www.organisator.ch\/fr\/sustainability\/2020-09-29\/airbus-will-2035-wasserstoff-flugzeug-bauen\/","title":{"rendered":"Airbus veut construire un avion \u00e0 hydrog\u00e8ne en 2035"},"content":{"rendered":"<figure id=\"attachment_3385\" aria-describedby=\"caption-attachment-3385\" style=\"width: 680px\" class=\"wp-caption alignnone\"><img loading=\"lazy\" decoding=\"async\" class=\"size-medium wp-image-3385\" src=\"\/\/www.umweltperspektiven.ch\/wp-content\/uploads\/2020\/09\/Airbus_Wasserstoff-Flugzeug-UP_Umwelt-Perspektiven.jpg\" alt=\"\" width=\"680\" height=\"453\" \/><figcaption id=\"caption-attachment-3385\" class=\"wp-caption-text\">L'aviation est soumise \u00e0 des pressions de toutes parts. C'est pourquoi Airbus cherche \u00e9galement \u00e0 s'orienter vers une aviation \u00e0 faibles \u00e9missions. (Image : Unsplash)<\/figcaption><\/figure>\n<p>Airbus veut lancer sur le march\u00e9 un avion \u00e0 hydrog\u00e8ne \u00e0 z\u00e9ro \u00e9mission d\u00e8s 2035. Comme le montre\u00a0<a href=\"\/\/www.handelsblatt.com\/themen\/airbus\" target=\"_self\" rel=\"noopener\">Airbus<\/a>-Grazia Vittadini, directrice technique d'Airbus, a d\u00e9clar\u00e9 lors d'une conf\u00e9rence de presse \u00e0 Toulouse qu'un premier d\u00e9monstrateur devrait \u00eatre con\u00e7u dans moins de trois ans et voler pour la premi\u00e8re fois en 2025. Dans un pass\u00e9 r\u00e9cent, Airbus avait surtout mis\u00e9 sur des avions \u00e9lectriques, propuls\u00e9s par des moteurs \u00e9lectriques ou par des syst\u00e8mes hybrides. Entre-temps, l'entreprise s'est tourn\u00e9e vers l'hydrog\u00e8ne, \"parce qu'il est incomparablement plus l\u00e9ger que les batteries\", a d\u00e9clar\u00e9 Glenn Llewellyn, vice-pr\u00e9sident du projet z\u00e9ro \u00e9mission chez Airbus. Selon lui, la densit\u00e9 \u00e9nerg\u00e9tique est aussi \u00e9lev\u00e9e que celle du k\u00e9ros\u00e8ne, pour un poids nettement inf\u00e9rieur. Toutefois, \u00e0 la m\u00eame temp\u00e9rature, le volume d'hydrog\u00e8ne stock\u00e9 est quatre fois plus important.<\/p>\n<div class=\"hcf-paywall\">\n<p><strong>Des carburants plus propres et moins de bureaucratie<\/strong><\/p>\n<p>La pression exerc\u00e9e sur l'industrie a\u00e9ronautique pour qu'elle r\u00e9duise ses \u00e9missions de CO2 s'accro\u00eet. Avec les cons\u00e9quences de la pand\u00e9mie Covid 19, c'est l'un des plus grands d\u00e9fis auxquels les fabricants sont confront\u00e9s. Bjoern Klaas, VP et directeur g\u00e9n\u00e9ral de Protolabs EMEA, dans un commentaire : \"Pour l'industrie a\u00e9rospatiale, la crise de Corona a signifi\u00e9 une chute significative. De nombreux autres secteurs ont \u00e9galement \u00e9t\u00e9 touch\u00e9s par ses effets et le sont encore aujourd'hui. Toutefois, l'industrie a\u00e9ronautique conna\u00eet un changement fondamental. Le secteur ne se pr\u00e9occupe pas seulement du faible taux de remplissage actuel des vols. L'industrie s'efforce de plus en plus de r\u00e9duire autant que possible les \u00e9missions. Pour r\u00e9pondre aux exigences de la soci\u00e9t\u00e9 et de la politique, les concepteurs et les ing\u00e9nieurs sont \u00e0 la recherche de mat\u00e9riaux plus l\u00e9gers, de carburants plus propres et d'autres alternatives innovantes\".<\/p>\n<p>La r\u00e9ponse actuelle, qui consiste \u00e0 r\u00e9duire la consommation des turbines \u00e0 gaz en augmentant la taille des rotors, ne semble plus permettre d'atteindre les objectifs climatiques de l'UE. Parall\u00e8lement, la technique se heurte \u00e0 des limites en raison de la vitesse extr\u00eamement \u00e9lev\u00e9e des extr\u00e9mit\u00e9s du rotor. \"Ce n'est qu'en travaillant en profondeur sur ces leviers que les objectifs ambitieux de la lutte contre le changement climatique pourront \u00eatre atteints. Mais nous pouvons \u00e9galement constater que les fabricants et les entreprises souhaiteraient que les gouvernements fassent preuve d'une grande bienveillance. Seules une r\u00e9duction suppl\u00e9mentaire de la bureaucratie et une plus grande flexibilit\u00e9 du processus de fabrication permettront de r\u00e9aliser les progr\u00e8s n\u00e9cessaires \u00e0 court terme\", explique Klaas de Protolabs EMEA.<\/p>\n<p>C'est pourquoi Airbus travaille \u00e9galement sur l'utilisation d'hydrog\u00e8ne liquide. Son volume est nettement plus faible, mais il doit \u00eatre refroidi \u00e0 moins 253 degr\u00e9s Celsius. Le constructeur de fus\u00e9es Ariane Group, cr\u00e9ateur de la fus\u00e9e Ariane,\u00a0<a href=\"\/\/www.handelsblatt.com\/unternehmen\/energie\/co2-freier-antrieb-ariane-group-und-engie-kooperieren-bei-fluessigem-gruenem-wasserstoff\/26176104.html\" target=\"_self\" rel=\"noopener\">coop\u00e8re d\u00e9j\u00e0 avec le fournisseur d'\u00e9nergie Engie et Airbus sur la liqu\u00e9faction de l'hydrog\u00e8ne<\/a>.<\/p>\n<\/div>","protected":false},"excerpt":{"rendered":"<p>Airbus will schon im Jahr 2035 ein wasserstoffgetriebenes Flugzeug mit Nullemissionen an den Markt bringen. Wie die\u00a0Airbus-Technikchefin Grazia Vittadini an einer Pressekonferenz in Toulouse sagte, soll schon in knapp drei Jahren ein erster Demonstrator entworfen werden, der 2025 zum ersten Mal fliegen soll. In der j\u00fcngsten Vergangenheit hatte Airbus vor allem auf elektrische Flugzeuge gesetzt, [&hellip;]<\/p>\n","protected":false},"author":5,"featured_media":9731,"comment_status":"closed","ping_status":"closed","sticky":false,"template":"","format":"standard","meta":{"_acf_changed":false,"_yoast_wpseo_focuskw":"Airbus","_yoast_wpseo_metadesc":"Bis zum Jahr 2035 will der Flugzeugbauer Airbus ein wasserstoffgetriebenes Flugzeug mit Nullemissionen auf den Markt bringen.","articlekey":"","footnotes":""},"categories":[580],"tags":[685,753,1031,1647,2524],"class_list":["post-3384","post","type-post","status-publish","format-standard","has-post-thumbnail","hentry","category-sustainability","tag-airbus","tag-aviatik","tag-elektrische-flugzeuge","tag-luftfahrt","tag-wasserstoff"],"acf":[],"yoast_head":"<!-- This site is optimized with the Yoast SEO plugin v27.5 - https:\/\/yoast.com\/product\/yoast-seo-wordpress\/ -->\n<title>Airbus will 2035 Wasserstoff-Flugzeug bauen - Organisator<\/title>\n<meta name=\"description\" content=\"Bis zum Jahr 2035 will der Flugzeugbauer Airbus ein wasserstoffgetriebenes Flugzeug mit Nullemissionen auf den Markt bringen.\" \/>\n<meta name=\"robots\" content=\"index, follow, max-snippet:-1, max-image-preview:large, max-video-preview:-1\" \/>\n<link rel=\"canonical\" href=\"https:\/\/www.organisator.ch\/fr\/sustainability\/2020-09-29\/airbus-will-2035-wasserstoff-flugzeug-bauen\/\" \/>\n<meta property=\"og:locale\" content=\"fr_FR\" \/>\n<meta property=\"og:type\" content=\"article\" \/>\n<meta property=\"og:title\" content=\"Airbus will 2035 Wasserstoff-Flugzeug bauen - Organisator\" \/>\n<meta property=\"og:description\" content=\"Bis zum Jahr 2035 will der Flugzeugbauer Airbus ein wasserstoffgetriebenes Flugzeug mit Nullemissionen auf den Markt bringen.\" \/>\n<meta property=\"og:url\" content=\"https:\/\/www.organisator.ch\/fr\/sustainability\/2020-09-29\/airbus-will-2035-wasserstoff-flugzeug-bauen\/\" \/>\n<meta property=\"og:site_name\" content=\"Organisator\" \/>\n<meta property=\"article:publisher\" content=\"https:\/\/www.facebook.com\/OrganisatorFachmagazin\" \/>\n<meta property=\"article:published_time\" content=\"2020-09-29T08:50:30+00:00\" \/>\n<meta property=\"article:modified_time\" content=\"2022-02-09T10:06:48+00:00\" \/>\n<meta property=\"og:image\" content=\"https:\/\/www.organisator.ch\/wp-content\/uploads\/2020\/09\/Airbus_Wasserstoff-Flugzeug-UP_Umwelt-Perspektiven-scaled.jpg\" \/>\n\t<meta property=\"og:image:width\" content=\"2560\" \/>\n\t<meta property=\"og:image:height\" content=\"1705\" \/>\n\t<meta property=\"og:image:type\" content=\"image\/jpeg\" \/>\n<meta name=\"author\" content=\"michael.merz\" \/>\n<meta name=\"twitter:card\" content=\"summary_large_image\" \/>\n<script type=\"application\/ld+json\" class=\"yoast-schema-graph\">{\"@context\":\"https:\\\/\\\/schema.org\",\"@graph\":[{\"@type\":\"Article\",\"@id\":\"https:\\\/\\\/www.organisator.ch\\\/sustainability\\\/2020-09-29\\\/airbus-will-2035-wasserstoff-flugzeug-bauen\\\/#article\",\"isPartOf\":{\"@id\":\"https:\\\/\\\/www.organisator.ch\\\/sustainability\\\/2020-09-29\\\/airbus-will-2035-wasserstoff-flugzeug-bauen\\\/\"},\"author\":{\"name\":\"michael.merz\",\"@id\":\"https:\\\/\\\/www.organisator.ch\\\/#\\\/schema\\\/person\\\/134708ca9321c57b0362cceb7948ffbd\"},\"headline\":\"Airbus will 2035 Wasserstoff-Flugzeug bauen\",\"datePublished\":\"2020-09-29T08:50:30+00:00\",\"dateModified\":\"2022-02-09T10:06:48+00:00\",\"mainEntityOfPage\":{\"@id\":\"https:\\\/\\\/www.organisator.ch\\\/sustainability\\\/2020-09-29\\\/airbus-will-2035-wasserstoff-flugzeug-bauen\\\/\"},\"wordCount\":439,\"publisher\":{\"@id\":\"https:\\\/\\\/www.organisator.ch\\\/#organization\"},\"image\":{\"@id\":\"https:\\\/\\\/www.organisator.ch\\\/sustainability\\\/2020-09-29\\\/airbus-will-2035-wasserstoff-flugzeug-bauen\\\/#primaryimage\"},\"thumbnailUrl\":\"https:\\\/\\\/www.organisator.ch\\\/wp-content\\\/uploads\\\/2020\\\/09\\\/Airbus_Wasserstoff-Flugzeug-UP_Umwelt-Perspektiven-scaled.jpg\",\"keywords\":[\"Airbus\",\"Aviatik\",\"elektrische Flugzeuge\",\"Luftfahrt\",\"Wasserstoff\"],\"articleSection\":[\"SUSTAINABILITY\"],\"inLanguage\":\"fr-FR\"},{\"@type\":\"WebPage\",\"@id\":\"https:\\\/\\\/www.organisator.ch\\\/sustainability\\\/2020-09-29\\\/airbus-will-2035-wasserstoff-flugzeug-bauen\\\/\",\"url\":\"https:\\\/\\\/www.organisator.ch\\\/sustainability\\\/2020-09-29\\\/airbus-will-2035-wasserstoff-flugzeug-bauen\\\/\",\"name\":\"Airbus will 2035 Wasserstoff-Flugzeug bauen - Organisator\",\"isPartOf\":{\"@id\":\"https:\\\/\\\/www.organisator.ch\\\/#website\"},\"primaryImageOfPage\":{\"@id\":\"https:\\\/\\\/www.organisator.ch\\\/sustainability\\\/2020-09-29\\\/airbus-will-2035-wasserstoff-flugzeug-bauen\\\/#primaryimage\"},\"image\":{\"@id\":\"https:\\\/\\\/www.organisator.ch\\\/sustainability\\\/2020-09-29\\\/airbus-will-2035-wasserstoff-flugzeug-bauen\\\/#primaryimage\"},\"thumbnailUrl\":\"https:\\\/\\\/www.organisator.ch\\\/wp-content\\\/uploads\\\/2020\\\/09\\\/Airbus_Wasserstoff-Flugzeug-UP_Umwelt-Perspektiven-scaled.jpg\",\"datePublished\":\"2020-09-29T08:50:30+00:00\",\"dateModified\":\"2022-02-09T10:06:48+00:00\",\"description\":\"Bis zum Jahr 2035 will der Flugzeugbauer Airbus ein wasserstoffgetriebenes Flugzeug mit Nullemissionen auf den Markt bringen.\",\"breadcrumb\":{\"@id\":\"https:\\\/\\\/www.organisator.ch\\\/sustainability\\\/2020-09-29\\\/airbus-will-2035-wasserstoff-flugzeug-bauen\\\/#breadcrumb\"},\"inLanguage\":\"fr-FR\",\"potentialAction\":[{\"@type\":\"ReadAction\",\"target\":[\"https:\\\/\\\/www.organisator.ch\\\/sustainability\\\/2020-09-29\\\/airbus-will-2035-wasserstoff-flugzeug-bauen\\\/\"]}]},{\"@type\":\"ImageObject\",\"inLanguage\":\"fr-FR\",\"@id\":\"https:\\\/\\\/www.organisator.ch\\\/sustainability\\\/2020-09-29\\\/airbus-will-2035-wasserstoff-flugzeug-bauen\\\/#primaryimage\",\"url\":\"https:\\\/\\\/www.organisator.ch\\\/wp-content\\\/uploads\\\/2020\\\/09\\\/Airbus_Wasserstoff-Flugzeug-UP_Umwelt-Perspektiven-scaled.jpg\",\"contentUrl\":\"https:\\\/\\\/www.organisator.ch\\\/wp-content\\\/uploads\\\/2020\\\/09\\\/Airbus_Wasserstoff-Flugzeug-UP_Umwelt-Perspektiven-scaled.jpg\",\"width\":2560,\"height\":1705,\"caption\":\"Die Luftfahrt steht auf diversen Seiten unter Druck. Deshalb sucht auch Airbus den Ausweg in eine emissionsarme Luftfahrt. (Bild: Unsplash)\"},{\"@type\":\"BreadcrumbList\",\"@id\":\"https:\\\/\\\/www.organisator.ch\\\/sustainability\\\/2020-09-29\\\/airbus-will-2035-wasserstoff-flugzeug-bauen\\\/#breadcrumb\",\"itemListElement\":[{\"@type\":\"ListItem\",\"position\":1,\"name\":\"Home\",\"item\":\"https:\\\/\\\/www.organisator.ch\\\/\"},{\"@type\":\"ListItem\",\"position\":2,\"name\":\"Airbus will 2035 Wasserstoff-Flugzeug bauen\"}]},{\"@type\":\"WebSite\",\"@id\":\"https:\\\/\\\/www.organisator.ch\\\/#website\",\"url\":\"https:\\\/\\\/www.organisator.ch\\\/\",\"name\":\"Organisator\",\"description\":\"Kompetent. Praxisnah. Der ORGANISATOR bereitet in 10 Ausgaben pro Jahr die wesentlichen Themen f\u00fcr F\u00fchrungskr\u00e4fte von KMU auf.\",\"publisher\":{\"@id\":\"https:\\\/\\\/www.organisator.ch\\\/#organization\"},\"potentialAction\":[{\"@type\":\"SearchAction\",\"target\":{\"@type\":\"EntryPoint\",\"urlTemplate\":\"https:\\\/\\\/www.organisator.ch\\\/?s={search_term_string}\"},\"query-input\":{\"@type\":\"PropertyValueSpecification\",\"valueRequired\":true,\"valueName\":\"search_term_string\"}}],\"inLanguage\":\"fr-FR\"},{\"@type\":\"Organization\",\"@id\":\"https:\\\/\\\/www.organisator.ch\\\/#organization\",\"name\":\"Organisator\",\"url\":\"https:\\\/\\\/www.organisator.ch\\\/\",\"logo\":{\"@type\":\"ImageObject\",\"inLanguage\":\"fr-FR\",\"@id\":\"https:\\\/\\\/www.organisator.ch\\\/#\\\/schema\\\/logo\\\/image\\\/\",\"url\":\"https:\\\/\\\/www.organisator.ch\\\/wp-content\\\/uploads\\\/2022\\\/01\\\/Logo_Organisator_Website.png\",\"contentUrl\":\"https:\\\/\\\/www.organisator.ch\\\/wp-content\\\/uploads\\\/2022\\\/01\\\/Logo_Organisator_Website.png\",\"width\":800,\"height\":77,\"caption\":\"Organisator\"},\"image\":{\"@id\":\"https:\\\/\\\/www.organisator.ch\\\/#\\\/schema\\\/logo\\\/image\\\/\"},\"sameAs\":[\"https:\\\/\\\/www.facebook.com\\\/OrganisatorFachmagazin\",\"https:\\\/\\\/www.linkedin.com\\\/showcase\\\/organisator-das-magazin-fr-kmu\",\"https:\\\/\\\/www.xing.com\\\/news\\\/pages\\\/organisator-ch-695\",\"https:\\\/\\\/www.youtube.com\\\/channel\\\/UCGP2Sq0iWaZwT3BdIAQFYpw\"]},{\"@type\":\"Person\",\"@id\":\"https:\\\/\\\/www.organisator.ch\\\/#\\\/schema\\\/person\\\/134708ca9321c57b0362cceb7948ffbd\",\"name\":\"michael.merz\",\"image\":{\"@type\":\"ImageObject\",\"inLanguage\":\"fr-FR\",\"@id\":\"https:\\\/\\\/secure.gravatar.com\\\/avatar\\\/?s=96&d=mm&r=g\",\"url\":\"https:\\\/\\\/secure.gravatar.com\\\/avatar\\\/?s=96&d=mm&r=g\",\"contentUrl\":\"https:\\\/\\\/secure.gravatar.com\\\/avatar\\\/?s=96&d=mm&r=g\",\"caption\":\"michael.merz\"},\"url\":\"https:\\\/\\\/www.organisator.ch\\\/fr\\\/author\\\/michael-merz\\\/\"}]}<\/script>\n<!-- \/ Yoast SEO plugin. -->","yoast_head_json":{"title":"Airbus veut construire un avion \u00e0 hydrog\u00e8ne en 2035 - Organisateur","description":"D'ici 2035, le constructeur a\u00e9ronautique Airbus veut mettre sur le march\u00e9 un avion \u00e0 hydrog\u00e8ne \u00e0 \u00e9missions nulles.","robots":{"index":"index","follow":"follow","max-snippet":"max-snippet:-1","max-image-preview":"max-image-preview:large","max-video-preview":"max-video-preview:-1"},"canonical":"https:\/\/www.organisator.ch\/fr\/sustainability\/2020-09-29\/airbus-will-2035-wasserstoff-flugzeug-bauen\/","og_locale":"fr_FR","og_type":"article","og_title":"Airbus will 2035 Wasserstoff-Flugzeug bauen - Organisator","og_description":"Bis zum Jahr 2035 will der Flugzeugbauer Airbus ein wasserstoffgetriebenes Flugzeug mit Nullemissionen auf den Markt bringen.","og_url":"https:\/\/www.organisator.ch\/fr\/sustainability\/2020-09-29\/airbus-will-2035-wasserstoff-flugzeug-bauen\/","og_site_name":"Organisator","article_publisher":"https:\/\/www.facebook.com\/OrganisatorFachmagazin","article_published_time":"2020-09-29T08:50:30+00:00","article_modified_time":"2022-02-09T10:06:48+00:00","og_image":[{"width":2560,"height":1705,"url":"https:\/\/www.organisator.ch\/wp-content\/uploads\/2020\/09\/Airbus_Wasserstoff-Flugzeug-UP_Umwelt-Perspektiven-scaled.jpg","type":"image\/jpeg"}],"author":"michael.merz","twitter_card":"summary_large_image","schema":{"@context":"https:\/\/schema.org","@graph":[{"@type":"Article","@id":"https:\/\/www.organisator.ch\/sustainability\/2020-09-29\/airbus-will-2035-wasserstoff-flugzeug-bauen\/#article","isPartOf":{"@id":"https:\/\/www.organisator.ch\/sustainability\/2020-09-29\/airbus-will-2035-wasserstoff-flugzeug-bauen\/"},"author":{"name":"michael.merz","@id":"https:\/\/www.organisator.ch\/#\/schema\/person\/134708ca9321c57b0362cceb7948ffbd"},"headline":"Airbus will 2035 Wasserstoff-Flugzeug bauen","datePublished":"2020-09-29T08:50:30+00:00","dateModified":"2022-02-09T10:06:48+00:00","mainEntityOfPage":{"@id":"https:\/\/www.organisator.ch\/sustainability\/2020-09-29\/airbus-will-2035-wasserstoff-flugzeug-bauen\/"},"wordCount":439,"publisher":{"@id":"https:\/\/www.organisator.ch\/#organization"},"image":{"@id":"https:\/\/www.organisator.ch\/sustainability\/2020-09-29\/airbus-will-2035-wasserstoff-flugzeug-bauen\/#primaryimage"},"thumbnailUrl":"https:\/\/www.organisator.ch\/wp-content\/uploads\/2020\/09\/Airbus_Wasserstoff-Flugzeug-UP_Umwelt-Perspektiven-scaled.jpg","keywords":["Airbus","Aviatik","elektrische Flugzeuge","Luftfahrt","Wasserstoff"],"articleSection":["SUSTAINABILITY"],"inLanguage":"fr-FR"},{"@type":"WebPage","@id":"https:\/\/www.organisator.ch\/sustainability\/2020-09-29\/airbus-will-2035-wasserstoff-flugzeug-bauen\/","url":"https:\/\/www.organisator.ch\/sustainability\/2020-09-29\/airbus-will-2035-wasserstoff-flugzeug-bauen\/","name":"Airbus veut construire un avion \u00e0 hydrog\u00e8ne en 2035 - Organisateur","isPartOf":{"@id":"https:\/\/www.organisator.ch\/#website"},"primaryImageOfPage":{"@id":"https:\/\/www.organisator.ch\/sustainability\/2020-09-29\/airbus-will-2035-wasserstoff-flugzeug-bauen\/#primaryimage"},"image":{"@id":"https:\/\/www.organisator.ch\/sustainability\/2020-09-29\/airbus-will-2035-wasserstoff-flugzeug-bauen\/#primaryimage"},"thumbnailUrl":"https:\/\/www.organisator.ch\/wp-content\/uploads\/2020\/09\/Airbus_Wasserstoff-Flugzeug-UP_Umwelt-Perspektiven-scaled.jpg","datePublished":"2020-09-29T08:50:30+00:00","dateModified":"2022-02-09T10:06:48+00:00","description":"D'ici 2035, le constructeur a\u00e9ronautique Airbus veut mettre sur le march\u00e9 un avion \u00e0 hydrog\u00e8ne \u00e0 \u00e9missions nulles.","breadcrumb":{"@id":"https:\/\/www.organisator.ch\/sustainability\/2020-09-29\/airbus-will-2035-wasserstoff-flugzeug-bauen\/#breadcrumb"},"inLanguage":"fr-FR","potentialAction":[{"@type":"ReadAction","target":["https:\/\/www.organisator.ch\/sustainability\/2020-09-29\/airbus-will-2035-wasserstoff-flugzeug-bauen\/"]}]},{"@type":"ImageObject","inLanguage":"fr-FR","@id":"https:\/\/www.organisator.ch\/sustainability\/2020-09-29\/airbus-will-2035-wasserstoff-flugzeug-bauen\/#primaryimage","url":"https:\/\/www.organisator.ch\/wp-content\/uploads\/2020\/09\/Airbus_Wasserstoff-Flugzeug-UP_Umwelt-Perspektiven-scaled.jpg","contentUrl":"https:\/\/www.organisator.ch\/wp-content\/uploads\/2020\/09\/Airbus_Wasserstoff-Flugzeug-UP_Umwelt-Perspektiven-scaled.jpg","width":2560,"height":1705,"caption":"Die Luftfahrt steht auf diversen Seiten unter Druck. Deshalb sucht auch Airbus den Ausweg in eine emissionsarme Luftfahrt. (Bild: Unsplash)"},{"@type":"BreadcrumbList","@id":"https:\/\/www.organisator.ch\/sustainability\/2020-09-29\/airbus-will-2035-wasserstoff-flugzeug-bauen\/#breadcrumb","itemListElement":[{"@type":"ListItem","position":1,"name":"Home","item":"https:\/\/www.organisator.ch\/"},{"@type":"ListItem","position":2,"name":"Airbus will 2035 Wasserstoff-Flugzeug bauen"}]},{"@type":"WebSite","@id":"https:\/\/www.organisator.ch\/#website","url":"https:\/\/www.organisator.ch\/","name":"Organisateur","description":"Comp\u00e9tence et comp\u00e9tence. Proches de la pratique. L'ORGANISATEUR pr\u00e9pare 10 num\u00e9ros par an sur les th\u00e8mes essentiels pour les dirigeants de PME.","publisher":{"@id":"https:\/\/www.organisator.ch\/#organization"},"potentialAction":[{"@type":"SearchAction","target":{"@type":"EntryPoint","urlTemplate":"https:\/\/www.organisator.ch\/?s={search_term_string}"},"query-input":{"@type":"PropertyValueSpecification","valueRequired":true,"valueName":"search_term_string"}}],"inLanguage":"fr-FR"},{"@type":"Organization","@id":"https:\/\/www.organisator.ch\/#organization","name":"Organisateur","url":"https:\/\/www.organisator.ch\/","logo":{"@type":"ImageObject","inLanguage":"fr-FR","@id":"https:\/\/www.organisator.ch\/#\/schema\/logo\/image\/","url":"https:\/\/www.organisator.ch\/wp-content\/uploads\/2022\/01\/Logo_Organisator_Website.png","contentUrl":"https:\/\/www.organisator.ch\/wp-content\/uploads\/2022\/01\/Logo_Organisator_Website.png","width":800,"height":77,"caption":"Organisator"},"image":{"@id":"https:\/\/www.organisator.ch\/#\/schema\/logo\/image\/"},"sameAs":["https:\/\/www.facebook.com\/OrganisatorFachmagazin","https:\/\/www.linkedin.com\/showcase\/organisator-das-magazin-fr-kmu","https:\/\/www.xing.com\/news\/pages\/organisator-ch-695","https:\/\/www.youtube.com\/channel\/UCGP2Sq0iWaZwT3BdIAQFYpw"]},{"@type":"Person","@id":"https:\/\/www.organisator.ch\/#\/schema\/person\/134708ca9321c57b0362cceb7948ffbd","name":"michael.merz","image":{"@type":"ImageObject","inLanguage":"fr-FR","@id":"https:\/\/secure.gravatar.com\/avatar\/?s=96&d=mm&r=g","url":"https:\/\/secure.gravatar.com\/avatar\/?s=96&d=mm&r=g","contentUrl":"https:\/\/secure.gravatar.com\/avatar\/?s=96&d=mm&r=g","caption":"michael.merz"},"url":"https:\/\/www.organisator.ch\/fr\/author\/michael-merz\/"}]}},"_links":{"self":[{"href":"https:\/\/www.organisator.ch\/fr\/wp-json\/wp\/v2\/posts\/3384","targetHints":{"allow":["GET"]}}],"collection":[{"href":"https:\/\/www.organisator.ch\/fr\/wp-json\/wp\/v2\/posts"}],"about":[{"href":"https:\/\/www.organisator.ch\/fr\/wp-json\/wp\/v2\/types\/post"}],"author":[{"embeddable":true,"href":"https:\/\/www.organisator.ch\/fr\/wp-json\/wp\/v2\/users\/5"}],"replies":[{"embeddable":true,"href":"https:\/\/www.organisator.ch\/fr\/wp-json\/wp\/v2\/comments?post=3384"}],"version-history":[{"count":1,"href":"https:\/\/www.organisator.ch\/fr\/wp-json\/wp\/v2\/posts\/3384\/revisions"}],"predecessor-version":[{"id":10669,"href":"https:\/\/www.organisator.ch\/fr\/wp-json\/wp\/v2\/posts\/3384\/revisions\/10669"}],"wp:featuredmedia":[{"embeddable":true,"href":"https:\/\/www.organisator.ch\/fr\/wp-json\/wp\/v2\/media\/9731"}],"wp:attachment":[{"href":"https:\/\/www.organisator.ch\/fr\/wp-json\/wp\/v2\/media?parent=3384"}],"wp:term":[{"taxonomy":"category","embeddable":true,"href":"https:\/\/www.organisator.ch\/fr\/wp-json\/wp\/v2\/categories?post=3384"},{"taxonomy":"post_tag","embeddable":true,"href":"https:\/\/www.organisator.ch\/fr\/wp-json\/wp\/v2\/tags?post=3384"}],"curies":[{"name":"wp","href":"https:\/\/api.w.org\/{rel}","templated":true}]}}